{"id":23139,"date":"2014-09-05T13:27:40","date_gmt":"2014-09-05T13:27:40","guid":{"rendered":"http:\/\/www.tvcnoticias.com.ar\/?p=23139"},"modified":"2014-09-05T13:27:40","modified_gmt":"2014-09-05T13:27:40","slug":"el-municipio-recibio-un-reconocimiento-como-gobierno-local-modelo","status":"publish","type":"post","link":"https:\/\/www.celttv.com.ar\/index.php\/2014\/09\/05\/el-municipio-recibio-un-reconocimiento-como-gobierno-local-modelo\/","title":{"rendered":"EL MUNICIPIO RECIBIO UN RECONOCIMIENTO COMO GOBIERNO LOCAL MODELO"},"content":{"rendered":"<p><a rel=\"attachment wp-att-23140\" href=\"http:\/\/www.tvcnoticias.com.ar\/?attachment_id=23140\"><img loading=\"lazy\" decoding=\"async\" class=\"aligncenter size-medium wp-image-23140\" title=\"Entrega distinci+\u00a6n (Medium)\" src=\"http:\/\/www.tvcnoticias.com.ar\/wp-content\/uploads\/2014\/09\/Entrega-distinci+\u00a6n-Medium-450x298.jpg\" alt=\"\" width=\"450\" height=\"298\" \/><\/a>El Municipio de Tornquist recibi\u00f3 en la ma\u00f1ana de hoy una muy grata noticia. Con la presencia del intendente municipal, licenciado Gustavo Trankels, la gesti\u00f3n comunal fue premiada por la labor desempe\u00f1ada en pos de la Modernizaci\u00f3n del Gobierno Local en materia de desarrollo tur\u00edstico.<br \/>\nEl acto de entrega de la distinci\u00f3n, perteneciente a la novena edici\u00f3n del Premio Provincial a la Innovaci\u00f3n de la Gesti\u00f3n P\u00fablica, se llev\u00f3 a cabo en el Centro Cultural Islas Malvinas de la Ciudad de La Plata, con la presencia de secretario General de la Gobernaci\u00f3n, licenciado Mart\u00edn Ferr\u00e9.<br \/>\nDurante la entrega participaron, adem\u00e1s, el titular de Arba, Ivan Budassi; el secretario de Legal y T\u00e9cnica, Mariano Cervellini; el subsecretario para la Modernizaci\u00f3n del Estado, Santiago Cafiero; su par de Relaciones Econ\u00f3micas Internacionales, Carlos Peralta; y el presidente del Cucaiba, Adri\u00e1n Tarditti.<br \/>\nLa placa recibida a modo de distinci\u00f3n reza lo siguiente:<br \/>\n\u201cDistinci\u00f3n al Gobierno Local Modelo. La Subsecretar\u00eda para la Modernizaci\u00f3n del Estado reconoce la labor desempe\u00f1ada por el Gobierno Municipal de Tornquist en pos de la Modernizaci\u00f3n de la Gesti\u00f3n Local\u201d.<br \/>\n\u201cLe agradezco a Santiago Cafiero, Mart\u00edn Ferr\u00e9 y nuestro gobernador Daniel Scioli por tener en cuenta, acompa\u00f1ar y reconocer la gesti\u00f3n que juntos estamos haciendo. Esta distinci\u00f3n nos llena de alegr\u00eda y nos incentiva a seguir trabajando en la construcci\u00f3n de un Estado cada vez m\u00e1s inteligente y din\u00e1mico, que est\u00e9 a la altura de las necesidades y expectativas de nuestra comunidad\u201d, explic\u00f3 Trankels.<br \/>\n\u201cTambi\u00e9n le quiero agradecer a todo el equipo del Gabinete de gobierno que me acompa\u00f1a y a los empleados municipales e instituciones que trabajan codo a codo con nosotros\u201d, dijo.<br \/>\nPor su parte, Ferr\u00e9 destac\u00f3 los alcances de la distinci\u00f3n.<br \/>\n\u201cSin lugar a dudas contribuye a la construcci\u00f3n de un Estado cada vez m\u00e1s moderno y din\u00e1mico, en el que la gesti\u00f3n la hacemos entre todos a partir del di\u00e1logo, la creatividad y la participaci\u00f3n\u201d.<br \/>\n\u201cEstas distinciones son un est\u00edmulo para el desarrollo de experiencias y proyectos que permitan continuar mejorando los procesos organizativos de la Provincia, los municipios o las distintas organizaciones y, de ese modo, brindar m\u00e1s y mejores servicios a los ciudadanos\u201d, agreg\u00f3 el Secretario General.<br \/>\nEl Premio Provincial a la Innovaci\u00f3n en la Gesti\u00f3n P\u00fablica es un reconocimiento, que se entrega anualmente a integrantes de organismos del gobierno provincial y municipal y a representantes de sociedad civil que dise\u00f1en iniciativas tendientes a incrementar el valor p\u00fablico y la calidad institucional de sus \u00e1reas.<br \/>\nEn esta oportunidad, se distinguieron proyectos vinculados con la modernizaci\u00f3n del Estado, la asistencia online, la promoci\u00f3n de exportaciones, el acceso a la informaci\u00f3n\u00a0 p\u00fablica, la educaci\u00f3n, planificaci\u00f3n y calidad, la discapacidad y la gesti\u00f3n hospitalaria, entre otras.<br \/>\n\u201cLa aplicaci\u00f3n de estrategias innovadoras permite optimizar la utilizaci\u00f3n de los recursos y mejorar los niveles de eficiencia, calidad y transparencia que demanda ciudadan\u00eda actualizada\u201d, resumi\u00f3, a su turno, Cafiero, quien conduce la subsecretar\u00eda encargada de llevar a cabo la iniciativa.<br \/>\n&nbsp;<br \/>\n&nbsp;<\/p>\n","protected":false},"excerpt":{"rendered":"<p>El Municipio de Tornquist recibi\u00f3 en la ma\u00f1ana de hoy una muy grata noticia. Con la presencia del intendente municipal, licenciado Gustavo Trankels, la gesti\u00f3n comunal fue premiada por la labor desempe\u00f1ada en pos de la Modernizaci\u00f3n del Gobierno Local en materia de desarrollo tur\u00edstico. El acto de entrega de la distinci\u00f3n, perteneciente a la [&hellip;]<\/p>\n","protected":false},"author":1,"featured_media":0,"comment_status":"closed","ping_status":"open","sticky":false,"template":"","format":"standard","meta":{"footnotes":""},"categories":[51,52,53],"tags":[],"class_list":["post-23139","post","type-post","status-publish","format-standard","hentry","category-comunidad","category-destacadas","category-politica"],"yoast_head":"<!-- This site is optimized with the Yoast SEO plugin v19.7.1 - https:\/\/yoast.com\/wordpress\/plugins\/seo\/ -->\n<title>EL MUNICIPIO RECIBIO UN RECONOCIMIENTO COMO GOBIERNO LOCAL MODELO - CELTTV<\/title>\n<meta name=\"description\" content=\"Sitio web de noticias de la localidad de Tornquist, provincia de Buenos Aires, Rep\u00fablica Argentina. Contenido propio originado por periodistas de CELTTV, el canal de TV local de la Cooperativa El\u00e9ctrica de Tornquist. Turismo, Pol\u00edtica, Sociedad, Deporte, Cultura y todo el contenido de inter\u00e9s general que la gente del pueblo y la regi\u00f3n debe conocer.\" \/>\n<meta name=\"robots\" content=\"index, follow, max-snippet:-1, max-image-preview:large, max-video-preview:-1\" \/>\n<link rel=\"canonical\" href=\"https:\/\/www.celttv.com.ar\/index.php\/2014\/09\/05\/el-municipio-recibio-un-reconocimiento-como-gobierno-local-modelo\/\" \/>\n<meta property=\"og:locale\" content=\"es_ES\" \/>\n<meta property=\"og:type\" content=\"article\" \/>\n<meta property=\"og:title\" content=\"EL MUNICIPIO RECIBIO UN RECONOCIMIENTO COMO GOBIERNO LOCAL MODELO - CELTTV\" \/>\n<meta property=\"og:description\" content=\"Sitio web de noticias de la localidad de Tornquist, provincia de Buenos Aires, Rep\u00fablica Argentina. Contenido propio originado por periodistas de CELTTV, el canal de TV local de la Cooperativa El\u00e9ctrica de Tornquist. Turismo, Pol\u00edtica, Sociedad, Deporte, Cultura y todo el contenido de inter\u00e9s general que la gente del pueblo y la regi\u00f3n debe conocer.\" \/>\n<meta property=\"og:url\" content=\"https:\/\/www.celttv.com.ar\/index.php\/2014\/09\/05\/el-municipio-recibio-un-reconocimiento-como-gobierno-local-modelo\/\" \/>\n<meta property=\"og:site_name\" content=\"CELTTV\" \/>\n<meta property=\"article:publisher\" content=\"https:\/\/www.facebook.com\/celtTV\/\" \/>\n<meta property=\"article:published_time\" content=\"2014-09-05T13:27:40+00:00\" \/>\n<meta name=\"author\" content=\"ulises\" \/>\n<meta name=\"twitter:card\" content=\"summary_large_image\" \/>\n<meta name=\"twitter:label1\" content=\"Escrito por\" \/>\n\t<meta name=\"twitter:data1\" content=\"ulises\" \/>\n\t<meta name=\"twitter:label2\" content=\"Tiempo de lectura\" \/>\n\t<meta name=\"twitter:data2\" content=\"3 minutos\" \/>\n<script type=\"application\/ld+json\" class=\"yoast-schema-graph\">{\"@context\":\"https:\/\/schema.org\",\"@graph\":[{\"@type\":\"NewsArticle\",\"@id\":\"https:\/\/www.celttv.com.ar\/index.php\/2014\/09\/05\/el-municipio-recibio-un-reconocimiento-como-gobierno-local-modelo\/#article\",\"isPartOf\":{\"@id\":\"https:\/\/www.celttv.com.ar\/index.php\/2014\/09\/05\/el-municipio-recibio-un-reconocimiento-como-gobierno-local-modelo\/\"},\"author\":{\"name\":\"ulises\",\"@id\":\"https:\/\/www.celttv.com.ar\/#\/schema\/person\/6d99c072dba59953809c81446e9d0ace\"},\"headline\":\"EL MUNICIPIO RECIBIO UN RECONOCIMIENTO COMO GOBIERNO LOCAL MODELO\",\"datePublished\":\"2014-09-05T13:27:40+00:00\",\"dateModified\":\"2014-09-05T13:27:40+00:00\",\"mainEntityOfPage\":{\"@id\":\"https:\/\/www.celttv.com.ar\/index.php\/2014\/09\/05\/el-municipio-recibio-un-reconocimiento-como-gobierno-local-modelo\/\"},\"wordCount\":559,\"publisher\":{\"@id\":\"https:\/\/www.celttv.com.ar\/#organization\"},\"articleSection\":[\"Comunidad\",\"Destacadas\",\"Pol\u00edtica\"],\"inLanguage\":\"es\"},{\"@type\":\"WebPage\",\"@id\":\"https:\/\/www.celttv.com.ar\/index.php\/2014\/09\/05\/el-municipio-recibio-un-reconocimiento-como-gobierno-local-modelo\/\",\"url\":\"https:\/\/www.celttv.com.ar\/index.php\/2014\/09\/05\/el-municipio-recibio-un-reconocimiento-como-gobierno-local-modelo\/\",\"name\":\"EL MUNICIPIO RECIBIO UN RECONOCIMIENTO COMO GOBIERNO LOCAL MODELO - CELTTV\",\"isPartOf\":{\"@id\":\"https:\/\/www.celttv.com.ar\/#website\"},\"datePublished\":\"2014-09-05T13:27:40+00:00\",\"dateModified\":\"2014-09-05T13:27:40+00:00\",\"description\":\"Sitio web de noticias de la localidad de Tornquist, provincia de Buenos Aires, Rep\u00fablica Argentina. Contenido propio originado por periodistas de CELTTV, el canal de TV local de la Cooperativa El\u00e9ctrica de Tornquist. Turismo, Pol\u00edtica, Sociedad, Deporte, Cultura y todo el contenido de inter\u00e9s general que la gente del pueblo y la regi\u00f3n debe conocer.\",\"breadcrumb\":{\"@id\":\"https:\/\/www.celttv.com.ar\/index.php\/2014\/09\/05\/el-municipio-recibio-un-reconocimiento-como-gobierno-local-modelo\/#breadcrumb\"},\"inLanguage\":\"es\",\"potentialAction\":[{\"@type\":\"ReadAction\",\"target\":[\"https:\/\/www.celttv.com.ar\/index.php\/2014\/09\/05\/el-municipio-recibio-un-reconocimiento-como-gobierno-local-modelo\/\"]}]},{\"@type\":\"BreadcrumbList\",\"@id\":\"https:\/\/www.celttv.com.ar\/index.php\/2014\/09\/05\/el-municipio-recibio-un-reconocimiento-como-gobierno-local-modelo\/#breadcrumb\",\"itemListElement\":[{\"@type\":\"ListItem\",\"position\":1,\"name\":\"Inicio\",\"item\":\"https:\/\/www.celttv.com.ar\/\"},{\"@type\":\"ListItem\",\"position\":2,\"name\":\"EL MUNICIPIO RECIBIO UN RECONOCIMIENTO COMO GOBIERNO LOCAL MODELO\"}]},{\"@type\":\"WebSite\",\"@id\":\"https:\/\/www.celttv.com.ar\/#website\",\"url\":\"https:\/\/www.celttv.com.ar\/\",\"name\":\"CELTTV\",\"description\":\"Cooperativa El\u00e9ctrica de Tornquist\",\"publisher\":{\"@id\":\"https:\/\/www.celttv.com.ar\/#organization\"},\"potentialAction\":[{\"@type\":\"SearchAction\",\"target\":{\"@type\":\"EntryPoint\",\"urlTemplate\":\"https:\/\/www.celttv.com.ar\/?s={search_term_string}\"},\"query-input\":\"required name=search_term_string\"}],\"inLanguage\":\"es\"},{\"@type\":\"Organization\",\"@id\":\"https:\/\/www.celttv.com.ar\/#organization\",\"name\":\"CELTTV\",\"url\":\"https:\/\/www.celttv.com.ar\/\",\"sameAs\":[\"https:\/\/www.youtube.com\/channel\/UCz_oIt8Hig64Ub-EmcNPIhg\",\"https:\/\/www.facebook.com\/celtTV\/\"],\"logo\":{\"@type\":\"ImageObject\",\"inLanguage\":\"es\",\"@id\":\"https:\/\/www.celttv.com.ar\/#\/schema\/logo\/image\/\",\"url\":\"http:\/\/www.celttv.com.ar\/wp-content\/uploads\/2022\/08\/logo-1.png\",\"contentUrl\":\"http:\/\/www.celttv.com.ar\/wp-content\/uploads\/2022\/08\/logo-1.png\",\"width\":461,\"height\":159,\"caption\":\"CELTTV\"},\"image\":{\"@id\":\"https:\/\/www.celttv.com.ar\/#\/schema\/logo\/image\/\"}},{\"@type\":\"Person\",\"@id\":\"https:\/\/www.celttv.com.ar\/#\/schema\/person\/6d99c072dba59953809c81446e9d0ace\",\"name\":\"ulises\",\"image\":{\"@type\":\"ImageObject\",\"inLanguage\":\"es\",\"@id\":\"https:\/\/www.celttv.com.ar\/#\/schema\/person\/image\/\",\"url\":\"https:\/\/secure.gravatar.com\/avatar\/7f2c48bdc33b30088f941fb6082e555f2874c98e20cb159d7b92b50eadfce793?s=96&d=mm&r=g\",\"contentUrl\":\"https:\/\/secure.gravatar.com\/avatar\/7f2c48bdc33b30088f941fb6082e555f2874c98e20cb159d7b92b50eadfce793?s=96&d=mm&r=g\",\"caption\":\"ulises\"},\"sameAs\":[\"http:\/\/www.celttv.com.ar\"]}]}<\/script>\n<!-- \/ Yoast SEO plugin. -->","yoast_head_json":{"title":"EL MUNICIPIO RECIBIO UN RECONOCIMIENTO COMO GOBIERNO LOCAL MODELO - CELTTV","description":"Sitio web de noticias de la localidad de Tornquist, provincia de Buenos Aires, Rep\u00fablica Argentina. Contenido propio originado por periodistas de CELTTV, el canal de TV local de la Cooperativa El\u00e9ctrica de Tornquist. Turismo, Pol\u00edtica, Sociedad, Deporte, Cultura y todo el contenido de inter\u00e9s general que la gente del pueblo y la regi\u00f3n debe conocer.","robots":{"index":"index","follow":"follow","max-snippet":"max-snippet:-1","max-image-preview":"max-image-preview:large","max-video-preview":"max-video-preview:-1"},"canonical":"https:\/\/www.celttv.com.ar\/index.php\/2014\/09\/05\/el-municipio-recibio-un-reconocimiento-como-gobierno-local-modelo\/","og_locale":"es_ES","og_type":"article","og_title":"EL MUNICIPIO RECIBIO UN RECONOCIMIENTO COMO GOBIERNO LOCAL MODELO - CELTTV","og_description":"Sitio web de noticias de la localidad de Tornquist, provincia de Buenos Aires, Rep\u00fablica Argentina. Contenido propio originado por periodistas de CELTTV, el canal de TV local de la Cooperativa El\u00e9ctrica de Tornquist. Turismo, Pol\u00edtica, Sociedad, Deporte, Cultura y todo el contenido de inter\u00e9s general que la gente del pueblo y la regi\u00f3n debe conocer.","og_url":"https:\/\/www.celttv.com.ar\/index.php\/2014\/09\/05\/el-municipio-recibio-un-reconocimiento-como-gobierno-local-modelo\/","og_site_name":"CELTTV","article_publisher":"https:\/\/www.facebook.com\/celtTV\/","article_published_time":"2014-09-05T13:27:40+00:00","author":"ulises","twitter_card":"summary_large_image","twitter_misc":{"Escrito por":"ulises","Tiempo de lectura":"3 minutos"},"schema":{"@context":"https:\/\/schema.org","@graph":[{"@type":"NewsArticle","@id":"https:\/\/www.celttv.com.ar\/index.php\/2014\/09\/05\/el-municipio-recibio-un-reconocimiento-como-gobierno-local-modelo\/#article","isPartOf":{"@id":"https:\/\/www.celttv.com.ar\/index.php\/2014\/09\/05\/el-municipio-recibio-un-reconocimiento-como-gobierno-local-modelo\/"},"author":{"name":"ulises","@id":"https:\/\/www.celttv.com.ar\/#\/schema\/person\/6d99c072dba59953809c81446e9d0ace"},"headline":"EL MUNICIPIO RECIBIO UN RECONOCIMIENTO COMO GOBIERNO LOCAL MODELO","datePublished":"2014-09-05T13:27:40+00:00","dateModified":"2014-09-05T13:27:40+00:00","mainEntityOfPage":{"@id":"https:\/\/www.celttv.com.ar\/index.php\/2014\/09\/05\/el-municipio-recibio-un-reconocimiento-como-gobierno-local-modelo\/"},"wordCount":559,"publisher":{"@id":"https:\/\/www.celttv.com.ar\/#organization"},"articleSection":["Comunidad","Destacadas","Pol\u00edtica"],"inLanguage":"es"},{"@type":"WebPage","@id":"https:\/\/www.celttv.com.ar\/index.php\/2014\/09\/05\/el-municipio-recibio-un-reconocimiento-como-gobierno-local-modelo\/","url":"https:\/\/www.celttv.com.ar\/index.php\/2014\/09\/05\/el-municipio-recibio-un-reconocimiento-como-gobierno-local-modelo\/","name":"EL MUNICIPIO RECIBIO UN RECONOCIMIENTO COMO GOBIERNO LOCAL MODELO - CELTTV","isPartOf":{"@id":"https:\/\/www.celttv.com.ar\/#website"},"datePublished":"2014-09-05T13:27:40+00:00","dateModified":"2014-09-05T13:27:40+00:00","description":"Sitio web de noticias de la localidad de Tornquist, provincia de Buenos Aires, Rep\u00fablica Argentina. Contenido propio originado por periodistas de CELTTV, el canal de TV local de la Cooperativa El\u00e9ctrica de Tornquist. Turismo, Pol\u00edtica, Sociedad, Deporte, Cultura y todo el contenido de inter\u00e9s general que la gente del pueblo y la regi\u00f3n debe conocer.","breadcrumb":{"@id":"https:\/\/www.celttv.com.ar\/index.php\/2014\/09\/05\/el-municipio-recibio-un-reconocimiento-como-gobierno-local-modelo\/#breadcrumb"},"inLanguage":"es","potentialAction":[{"@type":"ReadAction","target":["https:\/\/www.celttv.com.ar\/index.php\/2014\/09\/05\/el-municipio-recibio-un-reconocimiento-como-gobierno-local-modelo\/"]}]},{"@type":"BreadcrumbList","@id":"https:\/\/www.celttv.com.ar\/index.php\/2014\/09\/05\/el-municipio-recibio-un-reconocimiento-como-gobierno-local-modelo\/#breadcrumb","itemListElement":[{"@type":"ListItem","position":1,"name":"Inicio","item":"https:\/\/www.celttv.com.ar\/"},{"@type":"ListItem","position":2,"name":"EL MUNICIPIO RECIBIO UN RECONOCIMIENTO COMO GOBIERNO LOCAL MODELO"}]},{"@type":"WebSite","@id":"https:\/\/www.celttv.com.ar\/#website","url":"https:\/\/www.celttv.com.ar\/","name":"CELTTV","description":"Cooperativa El\u00e9ctrica de Tornquist","publisher":{"@id":"https:\/\/www.celttv.com.ar\/#organization"},"potentialAction":[{"@type":"SearchAction","target":{"@type":"EntryPoint","urlTemplate":"https:\/\/www.celttv.com.ar\/?s={search_term_string}"},"query-input":"required name=search_term_string"}],"inLanguage":"es"},{"@type":"Organization","@id":"https:\/\/www.celttv.com.ar\/#organization","name":"CELTTV","url":"https:\/\/www.celttv.com.ar\/","sameAs":["https:\/\/www.youtube.com\/channel\/UCz_oIt8Hig64Ub-EmcNPIhg","https:\/\/www.facebook.com\/celtTV\/"],"logo":{"@type":"ImageObject","inLanguage":"es","@id":"https:\/\/www.celttv.com.ar\/#\/schema\/logo\/image\/","url":"http:\/\/www.celttv.com.ar\/wp-content\/uploads\/2022\/08\/logo-1.png","contentUrl":"http:\/\/www.celttv.com.ar\/wp-content\/uploads\/2022\/08\/logo-1.png","width":461,"height":159,"caption":"CELTTV"},"image":{"@id":"https:\/\/www.celttv.com.ar\/#\/schema\/logo\/image\/"}},{"@type":"Person","@id":"https:\/\/www.celttv.com.ar\/#\/schema\/person\/6d99c072dba59953809c81446e9d0ace","name":"ulises","image":{"@type":"ImageObject","inLanguage":"es","@id":"https:\/\/www.celttv.com.ar\/#\/schema\/person\/image\/","url":"https:\/\/secure.gravatar.com\/avatar\/7f2c48bdc33b30088f941fb6082e555f2874c98e20cb159d7b92b50eadfce793?s=96&d=mm&r=g","contentUrl":"https:\/\/secure.gravatar.com\/avatar\/7f2c48bdc33b30088f941fb6082e555f2874c98e20cb159d7b92b50eadfce793?s=96&d=mm&r=g","caption":"ulises"},"sameAs":["http:\/\/www.celttv.com.ar"]}]}},"_links":{"self":[{"href":"https:\/\/www.celttv.com.ar\/index.php\/wp-json\/wp\/v2\/posts\/23139","targetHints":{"allow":["GET"]}}],"collection":[{"href":"https:\/\/www.celttv.com.ar\/index.php\/wp-json\/wp\/v2\/posts"}],"about":[{"href":"https:\/\/www.celttv.com.ar\/index.php\/wp-json\/wp\/v2\/types\/post"}],"author":[{"embeddable":true,"href":"https:\/\/www.celttv.com.ar\/index.php\/wp-json\/wp\/v2\/users\/1"}],"replies":[{"embeddable":true,"href":"https:\/\/www.celttv.com.ar\/index.php\/wp-json\/wp\/v2\/comments?post=23139"}],"version-history":[{"count":0,"href":"https:\/\/www.celttv.com.ar\/index.php\/wp-json\/wp\/v2\/posts\/23139\/revisions"}],"wp:attachment":[{"href":"https:\/\/www.celttv.com.ar\/index.php\/wp-json\/wp\/v2\/media?parent=23139"}],"wp:term":[{"taxonomy":"category","embeddable":true,"href":"https:\/\/www.celttv.com.ar\/index.php\/wp-json\/wp\/v2\/categories?post=23139"},{"taxonomy":"post_tag","embeddable":true,"href":"https:\/\/www.celttv.com.ar\/index.php\/wp-json\/wp\/v2\/tags?post=23139"}],"curies":[{"name":"wp","href":"https:\/\/api.w.org\/{rel}","templated":true}]}}