{"id":23397,"date":"2014-09-11T15:15:37","date_gmt":"2014-09-11T15:15:37","guid":{"rendered":"http:\/\/www.tvcnoticias.com.ar\/?p=23397"},"modified":"2014-09-11T15:15:37","modified_gmt":"2014-09-11T15:15:37","slug":"etapa-interregional-de-los-juegos-ba-en-tornquist-notas-a-varios-protagonistas","status":"publish","type":"post","link":"https:\/\/www.celttv.com.ar\/index.php\/2014\/09\/11\/etapa-interregional-de-los-juegos-ba-en-tornquist-notas-a-varios-protagonistas\/","title":{"rendered":"ETAPA INTERREGIONAL DE LOS JUEGOS BA EN TORNQUIST (notas a varios protagonistas)"},"content":{"rendered":"<p><a href=\"https:\/\/www.youtube.com\/watch?v=wCmc7X3xQ6g\">httpv:\/\/www.youtube.com\/watch?v=wCmc7X3xQ6g<\/a><br \/>\n<a href=\"https:\/\/www.youtube.com\/watch?v=YUyXRBEdS2c\">httpv:\/\/www.youtube.com\/watch?v=YUyXRBEdS2c<\/a><br \/>\n<a href=\"https:\/\/www.youtube.com\/watch?v=Q3KMjBBoDR4\">httpv:\/\/www.youtube.com\/watch?v=Q3KMjBBoDR4<\/a><br \/>\n<a href=\"https:\/\/www.youtube.com\/watch?v=Anfnj4NmCEI\">httpv:\/\/www.youtube.com\/watch?v=Anfnj4NmCEI<\/a><br \/>\n<a href=\"https:\/\/www.youtube.com\/watch?v=TIP1kUrKxuo\">httpv:\/\/www.youtube.com\/watch?v=TIP1kUrKxuo<\/a><br \/>\n<a href=\"https:\/\/www.youtube.com\/watch?v=wCmc7X3xQ6g\"><\/a>Con una intensa\u00a0 jornada de actividad desarrollada en nuestra ciudad, se conocieron los ganadores de la Etapa Interregional del \u00e1rea de Cultura de los Juegos BA 2014, que ser\u00e1n los representantes de este sector del \u00e1mbito bonaerense en la final que se disputar\u00e1 en Mar del Plata.<br \/>\nLa competencia se realiz\u00f3 en dos sedes: el Teatro Municipal \u201cRodolfo Funke\u201d y el sal\u00f3n del Centro de Jubilados y Pensionados de Tornquist.<br \/>\nLos ganadores de cada categor\u00eda accedieron a la final provincial. Los resultados registrados fueron los siguientes:<br \/>\n&#8211;\u00a0\u00a0\u00a0\u00a0\u00a0\u00a0\u00a0\u00a0\u00a0 Teatro Sub 14: Tornquist, integrado por Selena Azcona, Martina Schwab, Mar\u00eda Luz Flores y Joaqu\u00edn Nori. Direcci\u00f3n: Ludmila Becker y Andrea Camus.<br \/>\n&#8211;\u00a0\u00a0\u00a0\u00a0\u00a0\u00a0\u00a0\u00a0\u00a0 Teatro Sub 17: Tornquist, integrado por Jerem\u00edas M\u00fcller, Mar\u00eda Paz M\u00fcller, Tamara Lambrecht, Milagros Sachcovski. Direcci\u00f3n: Ludmila Becker y Andrea Camus.<br \/>\n&#8211;\u00a0\u00a0\u00a0\u00a0\u00a0\u00a0\u00a0\u00a0\u00a0 Pintura Sub 17: Robertino Bianchi (Salliquel\u00f3).<br \/>\n&#8211;\u00a0\u00a0\u00a0\u00a0\u00a0\u00a0\u00a0\u00a0\u00a0 Pintura Sub 17: Clara Lucero Sonzini (Saavedra).<br \/>\n&#8211;\u00a0\u00a0\u00a0\u00a0\u00a0\u00a0\u00a0\u00a0\u00a0 Pintura Adultos Mayores: 1) Elba Gallardo (Trenque Lauquen); 2) Elsa Atapelo (Guamin\u00ed); 3) Stella Maris Villafa\u00f1e (Tornquist).<br \/>\n&#8211;\u00a0\u00a0\u00a0\u00a0\u00a0\u00a0\u00a0\u00a0\u00a0 Folklore Adultos Mayores: 1) Trenque Lauquen; 2) Tres Lomas; 3)\u00a0Salliquel\u00f3.<br \/>\n&#8211;\u00a0\u00a0\u00a0\u00a0\u00a0\u00a0\u00a0\u00a0\u00a0 Folklore Juvenil Sub 14: 1) Tres Lomas; 2) Tornquist.<br \/>\n&#8211;\u00a0\u00a0\u00a0\u00a0\u00a0\u00a0\u00a0\u00a0\u00a0 Rock Sub 17: 1) Kermese (Saavedra); 2) Banda Espacial (General Villegas).<br \/>\n&#8211;\u00a0\u00a0\u00a0\u00a0\u00a0\u00a0\u00a0\u00a0\u00a0 Solista Vocal Sub 14: 1) Almaida Mart\u00edn (Guanin\u00ed); 2) Lourdes Garc\u00eda (Tornquist).<br \/>\n&#8211;\u00a0\u00a0\u00a0\u00a0\u00a0\u00a0\u00a0\u00a0\u00a0 Solista Vocal Sub 17: 1) Robertino Bianchi (Salliquel\u00f3); 2) Luc\u00eda Blasco (Coronel Su\u00e1rez).<br \/>\n&#8211;\u00a0\u00a0\u00a0\u00a0\u00a0\u00a0\u00a0\u00a0\u00a0 Literatura. Cuento Sub 14: 1) Mat\u00edas Ezequiel M\u00e1rquez (Rivadavia); 2) Matilda Ortiz Chaves (General La Madrid).<br \/>\n&#8211;\u00a0\u00a0\u00a0\u00a0\u00a0\u00a0\u00a0\u00a0\u00a0 Literatura. Cuento Sub 17: 1) 1) Karen Graff (Adolfo Alsina); 2) Milagro Sachcovski (Tornquist).<br \/>\nDesde la Secretar\u00eda de Turismo, Cultura y Deportes de la Municipalidad de Tornquist agradece a los jurados que participaron de la jornada: Javier Bories (Pellegrini), Ludmila Gerstner (Bah\u00eda Blanca), Manuela Figueroa (Tornquist) Natalia Molina (Sierra de la Ventana), Fabi\u00e1n Camilletti (Tornquist), Antonia D\u00edaz (Tornquist), Jonathan Rond\u00e1n (Tornquist), Corina Borelli (Tornquist), Daiana Gartner (Tornquist), Florencia Dilda (Tornquist), Susana Morenni (Rivadavia), Irene Ciumel (Adolfo Alsina), Horacio Herrera, Mar\u00eda Luj\u00e1n Esbebo, Jos\u00e9 Montiel, Mirkor Zaric (Tornquist), Mauro Berr\u00edos (Tornquist) y Fabricio Pendones (Tornquist).<br \/>\n&nbsp;<br \/>\n&nbsp;<br \/>\nPrensa Municipalidad de Tornquist (<a href=\"mailto:prensa@tornquist.gov.ar\">prensa@tornquist.gov.ar<\/a>)<br \/>\nTwitter: @prensatornquist<br \/>\n<span style=\"text-decoration: underline;\"><a href=\"http:\/\/www.tornquist.gob.ar\/\">www.tornquist.gob.ar<\/a><\/span><br \/>\n&nbsp;<br \/>\n&nbsp;<\/p>\n","protected":false},"excerpt":{"rendered":"<p>httpv:\/\/www.youtube.com\/watch?v=wCmc7X3xQ6g httpv:\/\/www.youtube.com\/watch?v=YUyXRBEdS2c httpv:\/\/www.youtube.com\/watch?v=Q3KMjBBoDR4 httpv:\/\/www.youtube.com\/watch?v=Anfnj4NmCEI httpv:\/\/www.youtube.com\/watch?v=TIP1kUrKxuo Con una intensa\u00a0 jornada de actividad desarrollada en nuestra ciudad, se conocieron los ganadores de la Etapa Interregional del \u00e1rea de Cultura de los Juegos BA 2014, que ser\u00e1n los representantes de este sector del \u00e1mbito bonaerense en la final que se disputar\u00e1 en Mar del Plata. La competencia se [&hellip;]<\/p>\n","protected":false},"author":1,"featured_media":0,"comment_status":"closed","ping_status":"open","sticky":false,"template":"","format":"standard","meta":{"footnotes":""},"categories":[60,52,56,53,64],"tags":[],"class_list":["post-23397","post","type-post","status-publish","format-standard","hentry","category-deporte","category-destacadas","category-espectaculos","category-politica","category-videos-destacados"],"yoast_head":"<!-- This site is optimized with the Yoast SEO plugin v19.7.1 - https:\/\/yoast.com\/wordpress\/plugins\/seo\/ -->\n<title>ETAPA INTERREGIONAL DE LOS JUEGOS BA EN TORNQUIST (notas a varios protagonistas) - CELTTV<\/title>\n<meta name=\"description\" content=\"Sitio web de noticias de la localidad de Tornquist, provincia de Buenos Aires, Rep\u00fablica Argentina. Contenido propio originado por periodistas de CELTTV, el canal de TV local de la Cooperativa El\u00e9ctrica de Tornquist. Turismo, Pol\u00edtica, Sociedad, Deporte, Cultura y todo el contenido de inter\u00e9s general que la gente del pueblo y la regi\u00f3n debe conocer.\" \/>\n<meta name=\"robots\" content=\"index, follow, max-snippet:-1, max-image-preview:large, max-video-preview:-1\" \/>\n<link rel=\"canonical\" href=\"https:\/\/www.celttv.com.ar\/index.php\/2014\/09\/11\/etapa-interregional-de-los-juegos-ba-en-tornquist-notas-a-varios-protagonistas\/\" \/>\n<meta property=\"og:locale\" content=\"es_ES\" \/>\n<meta property=\"og:type\" content=\"article\" \/>\n<meta property=\"og:title\" content=\"ETAPA INTERREGIONAL DE LOS JUEGOS BA EN TORNQUIST (notas a varios protagonistas) - CELTTV\" \/>\n<meta property=\"og:description\" content=\"Sitio web de noticias de la localidad de Tornquist, provincia de Buenos Aires, Rep\u00fablica Argentina. Contenido propio originado por periodistas de CELTTV, el canal de TV local de la Cooperativa El\u00e9ctrica de Tornquist. Turismo, Pol\u00edtica, Sociedad, Deporte, Cultura y todo el contenido de inter\u00e9s general que la gente del pueblo y la regi\u00f3n debe conocer.\" \/>\n<meta property=\"og:url\" content=\"https:\/\/www.celttv.com.ar\/index.php\/2014\/09\/11\/etapa-interregional-de-los-juegos-ba-en-tornquist-notas-a-varios-protagonistas\/\" \/>\n<meta property=\"og:site_name\" content=\"CELTTV\" \/>\n<meta property=\"article:publisher\" content=\"https:\/\/www.facebook.com\/celtTV\/\" \/>\n<meta property=\"article:published_time\" content=\"2014-09-11T15:15:37+00:00\" \/>\n<meta name=\"author\" content=\"ulises\" \/>\n<meta name=\"twitter:card\" content=\"summary_large_image\" \/>\n<meta name=\"twitter:label1\" content=\"Escrito por\" \/>\n\t<meta name=\"twitter:data1\" content=\"ulises\" \/>\n\t<meta name=\"twitter:label2\" content=\"Tiempo de lectura\" \/>\n\t<meta name=\"twitter:data2\" content=\"2 minutos\" \/>\n<script type=\"application\/ld+json\" class=\"yoast-schema-graph\">{\"@context\":\"https:\/\/schema.org\",\"@graph\":[{\"@type\":\"NewsArticle\",\"@id\":\"https:\/\/www.celttv.com.ar\/index.php\/2014\/09\/11\/etapa-interregional-de-los-juegos-ba-en-tornquist-notas-a-varios-protagonistas\/#article\",\"isPartOf\":{\"@id\":\"https:\/\/www.celttv.com.ar\/index.php\/2014\/09\/11\/etapa-interregional-de-los-juegos-ba-en-tornquist-notas-a-varios-protagonistas\/\"},\"author\":{\"name\":\"ulises\",\"@id\":\"https:\/\/www.celttv.com.ar\/#\/schema\/person\/6d99c072dba59953809c81446e9d0ace\"},\"headline\":\"ETAPA INTERREGIONAL DE LOS JUEGOS BA EN TORNQUIST (notas a varios protagonistas)\",\"datePublished\":\"2014-09-11T15:15:37+00:00\",\"dateModified\":\"2014-09-11T15:15:37+00:00\",\"mainEntityOfPage\":{\"@id\":\"https:\/\/www.celttv.com.ar\/index.php\/2014\/09\/11\/etapa-interregional-de-los-juegos-ba-en-tornquist-notas-a-varios-protagonistas\/\"},\"wordCount\":405,\"publisher\":{\"@id\":\"https:\/\/www.celttv.com.ar\/#organization\"},\"articleSection\":[\"Deporte\",\"Destacadas\",\"Espect\u00e1culos\",\"Pol\u00edtica\",\"Videos Destacados\"],\"inLanguage\":\"es\"},{\"@type\":\"WebPage\",\"@id\":\"https:\/\/www.celttv.com.ar\/index.php\/2014\/09\/11\/etapa-interregional-de-los-juegos-ba-en-tornquist-notas-a-varios-protagonistas\/\",\"url\":\"https:\/\/www.celttv.com.ar\/index.php\/2014\/09\/11\/etapa-interregional-de-los-juegos-ba-en-tornquist-notas-a-varios-protagonistas\/\",\"name\":\"ETAPA INTERREGIONAL DE LOS JUEGOS BA EN TORNQUIST (notas a varios protagonistas) - CELTTV\",\"isPartOf\":{\"@id\":\"https:\/\/www.celttv.com.ar\/#website\"},\"datePublished\":\"2014-09-11T15:15:37+00:00\",\"dateModified\":\"2014-09-11T15:15:37+00:00\",\"description\":\"Sitio web de noticias de la localidad de Tornquist, provincia de Buenos Aires, Rep\u00fablica Argentina. Contenido propio originado por periodistas de CELTTV, el canal de TV local de la Cooperativa El\u00e9ctrica de Tornquist. Turismo, Pol\u00edtica, Sociedad, Deporte, Cultura y todo el contenido de inter\u00e9s general que la gente del pueblo y la regi\u00f3n debe conocer.\",\"breadcrumb\":{\"@id\":\"https:\/\/www.celttv.com.ar\/index.php\/2014\/09\/11\/etapa-interregional-de-los-juegos-ba-en-tornquist-notas-a-varios-protagonistas\/#breadcrumb\"},\"inLanguage\":\"es\",\"potentialAction\":[{\"@type\":\"ReadAction\",\"target\":[\"https:\/\/www.celttv.com.ar\/index.php\/2014\/09\/11\/etapa-interregional-de-los-juegos-ba-en-tornquist-notas-a-varios-protagonistas\/\"]}]},{\"@type\":\"BreadcrumbList\",\"@id\":\"https:\/\/www.celttv.com.ar\/index.php\/2014\/09\/11\/etapa-interregional-de-los-juegos-ba-en-tornquist-notas-a-varios-protagonistas\/#breadcrumb\",\"itemListElement\":[{\"@type\":\"ListItem\",\"position\":1,\"name\":\"Inicio\",\"item\":\"https:\/\/www.celttv.com.ar\/\"},{\"@type\":\"ListItem\",\"position\":2,\"name\":\"ETAPA INTERREGIONAL DE LOS JUEGOS BA EN TORNQUIST (notas a varios protagonistas)\"}]},{\"@type\":\"WebSite\",\"@id\":\"https:\/\/www.celttv.com.ar\/#website\",\"url\":\"https:\/\/www.celttv.com.ar\/\",\"name\":\"CELTTV\",\"description\":\"Cooperativa El\u00e9ctrica de Tornquist\",\"publisher\":{\"@id\":\"https:\/\/www.celttv.com.ar\/#organization\"},\"potentialAction\":[{\"@type\":\"SearchAction\",\"target\":{\"@type\":\"EntryPoint\",\"urlTemplate\":\"https:\/\/www.celttv.com.ar\/?s={search_term_string}\"},\"query-input\":\"required name=search_term_string\"}],\"inLanguage\":\"es\"},{\"@type\":\"Organization\",\"@id\":\"https:\/\/www.celttv.com.ar\/#organization\",\"name\":\"CELTTV\",\"url\":\"https:\/\/www.celttv.com.ar\/\",\"sameAs\":[\"https:\/\/www.youtube.com\/channel\/UCz_oIt8Hig64Ub-EmcNPIhg\",\"https:\/\/www.facebook.com\/celtTV\/\"],\"logo\":{\"@type\":\"ImageObject\",\"inLanguage\":\"es\",\"@id\":\"https:\/\/www.celttv.com.ar\/#\/schema\/logo\/image\/\",\"url\":\"http:\/\/www.celttv.com.ar\/wp-content\/uploads\/2022\/08\/logo-1.png\",\"contentUrl\":\"http:\/\/www.celttv.com.ar\/wp-content\/uploads\/2022\/08\/logo-1.png\",\"width\":461,\"height\":159,\"caption\":\"CELTTV\"},\"image\":{\"@id\":\"https:\/\/www.celttv.com.ar\/#\/schema\/logo\/image\/\"}},{\"@type\":\"Person\",\"@id\":\"https:\/\/www.celttv.com.ar\/#\/schema\/person\/6d99c072dba59953809c81446e9d0ace\",\"name\":\"ulises\",\"image\":{\"@type\":\"ImageObject\",\"inLanguage\":\"es\",\"@id\":\"https:\/\/www.celttv.com.ar\/#\/schema\/person\/image\/\",\"url\":\"https:\/\/secure.gravatar.com\/avatar\/7f2c48bdc33b30088f941fb6082e555f2874c98e20cb159d7b92b50eadfce793?s=96&d=mm&r=g\",\"contentUrl\":\"https:\/\/secure.gravatar.com\/avatar\/7f2c48bdc33b30088f941fb6082e555f2874c98e20cb159d7b92b50eadfce793?s=96&d=mm&r=g\",\"caption\":\"ulises\"},\"sameAs\":[\"http:\/\/www.celttv.com.ar\"]}]}<\/script>\n<!-- \/ Yoast SEO plugin. -->","yoast_head_json":{"title":"ETAPA INTERREGIONAL DE LOS JUEGOS BA EN TORNQUIST (notas a varios protagonistas) - CELTTV","description":"Sitio web de noticias de la localidad de Tornquist, provincia de Buenos Aires, Rep\u00fablica Argentina. Contenido propio originado por periodistas de CELTTV, el canal de TV local de la Cooperativa El\u00e9ctrica de Tornquist. Turismo, Pol\u00edtica, Sociedad, Deporte, Cultura y todo el contenido de inter\u00e9s general que la gente del pueblo y la regi\u00f3n debe conocer.","robots":{"index":"index","follow":"follow","max-snippet":"max-snippet:-1","max-image-preview":"max-image-preview:large","max-video-preview":"max-video-preview:-1"},"canonical":"https:\/\/www.celttv.com.ar\/index.php\/2014\/09\/11\/etapa-interregional-de-los-juegos-ba-en-tornquist-notas-a-varios-protagonistas\/","og_locale":"es_ES","og_type":"article","og_title":"ETAPA INTERREGIONAL DE LOS JUEGOS BA EN TORNQUIST (notas a varios protagonistas) - CELTTV","og_description":"Sitio web de noticias de la localidad de Tornquist, provincia de Buenos Aires, Rep\u00fablica Argentina. Contenido propio originado por periodistas de CELTTV, el canal de TV local de la Cooperativa El\u00e9ctrica de Tornquist. Turismo, Pol\u00edtica, Sociedad, Deporte, Cultura y todo el contenido de inter\u00e9s general que la gente del pueblo y la regi\u00f3n debe conocer.","og_url":"https:\/\/www.celttv.com.ar\/index.php\/2014\/09\/11\/etapa-interregional-de-los-juegos-ba-en-tornquist-notas-a-varios-protagonistas\/","og_site_name":"CELTTV","article_publisher":"https:\/\/www.facebook.com\/celtTV\/","article_published_time":"2014-09-11T15:15:37+00:00","author":"ulises","twitter_card":"summary_large_image","twitter_misc":{"Escrito por":"ulises","Tiempo de lectura":"2 minutos"},"schema":{"@context":"https:\/\/schema.org","@graph":[{"@type":"NewsArticle","@id":"https:\/\/www.celttv.com.ar\/index.php\/2014\/09\/11\/etapa-interregional-de-los-juegos-ba-en-tornquist-notas-a-varios-protagonistas\/#article","isPartOf":{"@id":"https:\/\/www.celttv.com.ar\/index.php\/2014\/09\/11\/etapa-interregional-de-los-juegos-ba-en-tornquist-notas-a-varios-protagonistas\/"},"author":{"name":"ulises","@id":"https:\/\/www.celttv.com.ar\/#\/schema\/person\/6d99c072dba59953809c81446e9d0ace"},"headline":"ETAPA INTERREGIONAL DE LOS JUEGOS BA EN TORNQUIST (notas a varios protagonistas)","datePublished":"2014-09-11T15:15:37+00:00","dateModified":"2014-09-11T15:15:37+00:00","mainEntityOfPage":{"@id":"https:\/\/www.celttv.com.ar\/index.php\/2014\/09\/11\/etapa-interregional-de-los-juegos-ba-en-tornquist-notas-a-varios-protagonistas\/"},"wordCount":405,"publisher":{"@id":"https:\/\/www.celttv.com.ar\/#organization"},"articleSection":["Deporte","Destacadas","Espect\u00e1culos","Pol\u00edtica","Videos Destacados"],"inLanguage":"es"},{"@type":"WebPage","@id":"https:\/\/www.celttv.com.ar\/index.php\/2014\/09\/11\/etapa-interregional-de-los-juegos-ba-en-tornquist-notas-a-varios-protagonistas\/","url":"https:\/\/www.celttv.com.ar\/index.php\/2014\/09\/11\/etapa-interregional-de-los-juegos-ba-en-tornquist-notas-a-varios-protagonistas\/","name":"ETAPA INTERREGIONAL DE LOS JUEGOS BA EN TORNQUIST (notas a varios protagonistas) - CELTTV","isPartOf":{"@id":"https:\/\/www.celttv.com.ar\/#website"},"datePublished":"2014-09-11T15:15:37+00:00","dateModified":"2014-09-11T15:15:37+00:00","description":"Sitio web de noticias de la localidad de Tornquist, provincia de Buenos Aires, Rep\u00fablica Argentina. Contenido propio originado por periodistas de CELTTV, el canal de TV local de la Cooperativa El\u00e9ctrica de Tornquist. Turismo, Pol\u00edtica, Sociedad, Deporte, Cultura y todo el contenido de inter\u00e9s general que la gente del pueblo y la regi\u00f3n debe conocer.","breadcrumb":{"@id":"https:\/\/www.celttv.com.ar\/index.php\/2014\/09\/11\/etapa-interregional-de-los-juegos-ba-en-tornquist-notas-a-varios-protagonistas\/#breadcrumb"},"inLanguage":"es","potentialAction":[{"@type":"ReadAction","target":["https:\/\/www.celttv.com.ar\/index.php\/2014\/09\/11\/etapa-interregional-de-los-juegos-ba-en-tornquist-notas-a-varios-protagonistas\/"]}]},{"@type":"BreadcrumbList","@id":"https:\/\/www.celttv.com.ar\/index.php\/2014\/09\/11\/etapa-interregional-de-los-juegos-ba-en-tornquist-notas-a-varios-protagonistas\/#breadcrumb","itemListElement":[{"@type":"ListItem","position":1,"name":"Inicio","item":"https:\/\/www.celttv.com.ar\/"},{"@type":"ListItem","position":2,"name":"ETAPA INTERREGIONAL DE LOS JUEGOS BA EN TORNQUIST (notas a varios protagonistas)"}]},{"@type":"WebSite","@id":"https:\/\/www.celttv.com.ar\/#website","url":"https:\/\/www.celttv.com.ar\/","name":"CELTTV","description":"Cooperativa El\u00e9ctrica de Tornquist","publisher":{"@id":"https:\/\/www.celttv.com.ar\/#organization"},"potentialAction":[{"@type":"SearchAction","target":{"@type":"EntryPoint","urlTemplate":"https:\/\/www.celttv.com.ar\/?s={search_term_string}"},"query-input":"required name=search_term_string"}],"inLanguage":"es"},{"@type":"Organization","@id":"https:\/\/www.celttv.com.ar\/#organization","name":"CELTTV","url":"https:\/\/www.celttv.com.ar\/","sameAs":["https:\/\/www.youtube.com\/channel\/UCz_oIt8Hig64Ub-EmcNPIhg","https:\/\/www.facebook.com\/celtTV\/"],"logo":{"@type":"ImageObject","inLanguage":"es","@id":"https:\/\/www.celttv.com.ar\/#\/schema\/logo\/image\/","url":"http:\/\/www.celttv.com.ar\/wp-content\/uploads\/2022\/08\/logo-1.png","contentUrl":"http:\/\/www.celttv.com.ar\/wp-content\/uploads\/2022\/08\/logo-1.png","width":461,"height":159,"caption":"CELTTV"},"image":{"@id":"https:\/\/www.celttv.com.ar\/#\/schema\/logo\/image\/"}},{"@type":"Person","@id":"https:\/\/www.celttv.com.ar\/#\/schema\/person\/6d99c072dba59953809c81446e9d0ace","name":"ulises","image":{"@type":"ImageObject","inLanguage":"es","@id":"https:\/\/www.celttv.com.ar\/#\/schema\/person\/image\/","url":"https:\/\/secure.gravatar.com\/avatar\/7f2c48bdc33b30088f941fb6082e555f2874c98e20cb159d7b92b50eadfce793?s=96&d=mm&r=g","contentUrl":"https:\/\/secure.gravatar.com\/avatar\/7f2c48bdc33b30088f941fb6082e555f2874c98e20cb159d7b92b50eadfce793?s=96&d=mm&r=g","caption":"ulises"},"sameAs":["http:\/\/www.celttv.com.ar"]}]}},"_links":{"self":[{"href":"https:\/\/www.celttv.com.ar\/index.php\/wp-json\/wp\/v2\/posts\/23397","targetHints":{"allow":["GET"]}}],"collection":[{"href":"https:\/\/www.celttv.com.ar\/index.php\/wp-json\/wp\/v2\/posts"}],"about":[{"href":"https:\/\/www.celttv.com.ar\/index.php\/wp-json\/wp\/v2\/types\/post"}],"author":[{"embeddable":true,"href":"https:\/\/www.celttv.com.ar\/index.php\/wp-json\/wp\/v2\/users\/1"}],"replies":[{"embeddable":true,"href":"https:\/\/www.celttv.com.ar\/index.php\/wp-json\/wp\/v2\/comments?post=23397"}],"version-history":[{"count":0,"href":"https:\/\/www.celttv.com.ar\/index.php\/wp-json\/wp\/v2\/posts\/23397\/revisions"}],"wp:attachment":[{"href":"https:\/\/www.celttv.com.ar\/index.php\/wp-json\/wp\/v2\/media?parent=23397"}],"wp:term":[{"taxonomy":"category","embeddable":true,"href":"https:\/\/www.celttv.com.ar\/index.php\/wp-json\/wp\/v2\/categories?post=23397"},{"taxonomy":"post_tag","embeddable":true,"href":"https:\/\/www.celttv.com.ar\/index.php\/wp-json\/wp\/v2\/tags?post=23397"}],"curies":[{"name":"wp","href":"https:\/\/api.w.org\/{rel}","templated":true}]}}