{"id":23400,"date":"2014-09-11T23:05:40","date_gmt":"2014-09-11T23:05:40","guid":{"rendered":"http:\/\/www.tvcnoticias.com.ar\/?p=23400"},"modified":"2014-09-11T23:05:40","modified_gmt":"2014-09-11T23:05:40","slug":"fabio-gonzalez-en-una-cena-familiar-en-confiteria-automoto-musica-y-opiniones","status":"publish","type":"post","link":"https:\/\/www.celttv.com.ar\/index.php\/2014\/09\/11\/fabio-gonzalez-en-una-cena-familiar-en-confiteria-automoto-musica-y-opiniones\/","title":{"rendered":"FABIO GONZALEZ EN UNA CENA FAMILIAR EN CONFITERIA AUTOMOTO (M\u00fasica y opiniones)"},"content":{"rendered":"<p><a href=\"https:\/\/www.youtube.com\/watch?v=_Sel0CXwEJg\">httpv:\/\/www.youtube.com\/watch?v=_Sel0CXwEJg<\/a><br \/>\n<a href=\"https:\/\/www.youtube.com\/watch?v=q-K6lN1dvgw\">httpv:\/\/www.youtube.com\/watch?v=q-K6lN1dvgw<\/a><br \/>\n<a href=\"https:\/\/www.youtube.com\/watch?v=8sP-K4wZ6pI\">httpv:\/\/www.youtube.com\/watch?v=8sP-K4wZ6pI<\/a><br \/>\n<a href=\"https:\/\/www.youtube.com\/watch?v=kTBq5XwavtI\">httpv:\/\/www.youtube.com\/watch?v=kTBq5XwavtI<\/a><br \/>\n<a href=\"https:\/\/www.youtube.com\/watch?v=1jOpbKmlMGw\">httpv:\/\/www.youtube.com\/watch?v=1jOpbKmlMGw<\/a><br \/>\n<span style=\"font-family: Verdana, Arial, Helvetica, sans-serif; font-size: x-small;\">Una cena familiar con la amenizaci\u00f3n de Fabio Gonzalez, se disfrut\u00f3 este s\u00e1bado por la noche en el sal\u00f3n de Confiter\u00eda Automoto.<\/span><br \/>\n<span style=\"font-family: Verdana, Arial, Helvetica, sans-serif; font-size: x-small;\">Los asistentes disfrutaron de una cena completa con entrada Asado,Lech\u00f3n,Cordero y postre con buena bebida.<\/span><br \/>\n<span style=\"font-family: Verdana, Arial, Helvetica, sans-serif; font-size: x-small;\">Entre los asistentes podemos destacar a Sergio Bordoni, actual Presidente del HCD como as\u00ed tambi\u00e9n bahienses, marplatenses y gente de Tornquist que sigue a Fabio en cada una de las presentaciones.<\/span><br \/>\n<span style=\"font-family: Verdana, Arial, Helvetica, sans-serif; font-size: x-small;\">En el escenario Fabio arranc\u00f3 el show con un tema nuevo que ha grabado y pertenece a Chebere, Contra Viento y Marea para luego hacer los infaltables tangos a Pedido Pasional y Viejo M\u00edo bajo la supervisi\u00f3n de Walter Mendez.<\/span><br \/>\n<span style=\"font-family: Verdana, Arial, Helvetica, sans-serif; font-size: x-small;\">La gente aplaudi\u00f3 cada una de las presentaciones porque en cada escenario deja todo para el p\u00fablico.<\/span><br \/>\n<span style=\"font-family: Verdana, Arial, Helvetica, sans-serif; font-size: x-small;\">Quiz\u00e1s la convocatoria tendr\u00eda que haber tenido m\u00e1s respuesta de la gente pero m\u00e1s all\u00e1 de eso no cabe duda que el show fue de primer\u00edsima l\u00ednea.<\/span><br \/>\n&nbsp;<br \/>\n&nbsp;<\/p>\n","protected":false},"excerpt":{"rendered":"<p>httpv:\/\/www.youtube.com\/watch?v=_Sel0CXwEJg httpv:\/\/www.youtube.com\/watch?v=q-K6lN1dvgw httpv:\/\/www.youtube.com\/watch?v=8sP-K4wZ6pI httpv:\/\/www.youtube.com\/watch?v=kTBq5XwavtI httpv:\/\/www.youtube.com\/watch?v=1jOpbKmlMGw Una cena familiar con la amenizaci\u00f3n de Fabio Gonzalez, se disfrut\u00f3 este s\u00e1bado por la noche en el sal\u00f3n de Confiter\u00eda Automoto. Los asistentes disfrutaron de una cena completa con entrada Asado,Lech\u00f3n,Cordero y postre con buena bebida. Entre los asistentes podemos destacar a Sergio Bordoni, actual Presidente del HCD como [&hellip;]<\/p>\n","protected":false},"author":1,"featured_media":0,"comment_status":"closed","ping_status":"open","sticky":false,"template":"","format":"standard","meta":{"footnotes":""},"categories":[51,52,56,64],"tags":[],"class_list":["post-23400","post","type-post","status-publish","format-standard","hentry","category-comunidad","category-destacadas","category-espectaculos","category-videos-destacados"],"yoast_head":"<!-- This site is optimized with the Yoast SEO plugin v19.7.1 - https:\/\/yoast.com\/wordpress\/plugins\/seo\/ -->\n<title>FABIO GONZALEZ EN UNA CENA FAMILIAR EN CONFITERIA AUTOMOTO (M\u00fasica y opiniones) - CELTTV<\/title>\n<meta name=\"description\" content=\"Sitio web de noticias de la localidad de Tornquist, provincia de Buenos Aires, Rep\u00fablica Argentina. Contenido propio originado por periodistas de CELTTV, el canal de TV local de la Cooperativa El\u00e9ctrica de Tornquist. Turismo, Pol\u00edtica, Sociedad, Deporte, Cultura y todo el contenido de inter\u00e9s general que la gente del pueblo y la regi\u00f3n debe conocer.\" \/>\n<meta name=\"robots\" content=\"index, follow, max-snippet:-1, max-image-preview:large, max-video-preview:-1\" \/>\n<link rel=\"canonical\" href=\"https:\/\/www.celttv.com.ar\/index.php\/2014\/09\/11\/fabio-gonzalez-en-una-cena-familiar-en-confiteria-automoto-musica-y-opiniones\/\" \/>\n<meta property=\"og:locale\" content=\"es_ES\" \/>\n<meta property=\"og:type\" content=\"article\" \/>\n<meta property=\"og:title\" content=\"FABIO GONZALEZ EN UNA CENA FAMILIAR EN CONFITERIA AUTOMOTO (M\u00fasica y opiniones) - CELTTV\" \/>\n<meta property=\"og:description\" content=\"Sitio web de noticias de la localidad de Tornquist, provincia de Buenos Aires, Rep\u00fablica Argentina. Contenido propio originado por periodistas de CELTTV, el canal de TV local de la Cooperativa El\u00e9ctrica de Tornquist. Turismo, Pol\u00edtica, Sociedad, Deporte, Cultura y todo el contenido de inter\u00e9s general que la gente del pueblo y la regi\u00f3n debe conocer.\" \/>\n<meta property=\"og:url\" content=\"https:\/\/www.celttv.com.ar\/index.php\/2014\/09\/11\/fabio-gonzalez-en-una-cena-familiar-en-confiteria-automoto-musica-y-opiniones\/\" \/>\n<meta property=\"og:site_name\" content=\"CELTTV\" \/>\n<meta property=\"article:publisher\" content=\"https:\/\/www.facebook.com\/celtTV\/\" \/>\n<meta property=\"article:published_time\" content=\"2014-09-11T23:05:40+00:00\" \/>\n<meta name=\"author\" content=\"ulises\" \/>\n<meta name=\"twitter:card\" content=\"summary_large_image\" \/>\n<meta name=\"twitter:label1\" content=\"Escrito por\" \/>\n\t<meta name=\"twitter:data1\" content=\"ulises\" \/>\n\t<meta name=\"twitter:label2\" content=\"Tiempo de lectura\" \/>\n\t<meta name=\"twitter:data2\" content=\"1 minuto\" \/>\n<script type=\"application\/ld+json\" class=\"yoast-schema-graph\">{\"@context\":\"https:\/\/schema.org\",\"@graph\":[{\"@type\":\"NewsArticle\",\"@id\":\"https:\/\/www.celttv.com.ar\/index.php\/2014\/09\/11\/fabio-gonzalez-en-una-cena-familiar-en-confiteria-automoto-musica-y-opiniones\/#article\",\"isPartOf\":{\"@id\":\"https:\/\/www.celttv.com.ar\/index.php\/2014\/09\/11\/fabio-gonzalez-en-una-cena-familiar-en-confiteria-automoto-musica-y-opiniones\/\"},\"author\":{\"name\":\"ulises\",\"@id\":\"https:\/\/www.celttv.com.ar\/#\/schema\/person\/6d99c072dba59953809c81446e9d0ace\"},\"headline\":\"FABIO GONZALEZ EN UNA CENA FAMILIAR EN CONFITERIA AUTOMOTO (M\u00fasica y opiniones)\",\"datePublished\":\"2014-09-11T23:05:40+00:00\",\"dateModified\":\"2014-09-11T23:05:40+00:00\",\"mainEntityOfPage\":{\"@id\":\"https:\/\/www.celttv.com.ar\/index.php\/2014\/09\/11\/fabio-gonzalez-en-una-cena-familiar-en-confiteria-automoto-musica-y-opiniones\/\"},\"wordCount\":225,\"publisher\":{\"@id\":\"https:\/\/www.celttv.com.ar\/#organization\"},\"articleSection\":[\"Comunidad\",\"Destacadas\",\"Espect\u00e1culos\",\"Videos Destacados\"],\"inLanguage\":\"es\"},{\"@type\":\"WebPage\",\"@id\":\"https:\/\/www.celttv.com.ar\/index.php\/2014\/09\/11\/fabio-gonzalez-en-una-cena-familiar-en-confiteria-automoto-musica-y-opiniones\/\",\"url\":\"https:\/\/www.celttv.com.ar\/index.php\/2014\/09\/11\/fabio-gonzalez-en-una-cena-familiar-en-confiteria-automoto-musica-y-opiniones\/\",\"name\":\"FABIO GONZALEZ EN UNA CENA FAMILIAR EN CONFITERIA AUTOMOTO (M\u00fasica y opiniones) - CELTTV\",\"isPartOf\":{\"@id\":\"https:\/\/www.celttv.com.ar\/#website\"},\"datePublished\":\"2014-09-11T23:05:40+00:00\",\"dateModified\":\"2014-09-11T23:05:40+00:00\",\"description\":\"Sitio web de noticias de la localidad de Tornquist, provincia de Buenos Aires, Rep\u00fablica Argentina. Contenido propio originado por periodistas de CELTTV, el canal de TV local de la Cooperativa El\u00e9ctrica de Tornquist. Turismo, Pol\u00edtica, Sociedad, Deporte, Cultura y todo el contenido de inter\u00e9s general que la gente del pueblo y la regi\u00f3n debe conocer.\",\"breadcrumb\":{\"@id\":\"https:\/\/www.celttv.com.ar\/index.php\/2014\/09\/11\/fabio-gonzalez-en-una-cena-familiar-en-confiteria-automoto-musica-y-opiniones\/#breadcrumb\"},\"inLanguage\":\"es\",\"potentialAction\":[{\"@type\":\"ReadAction\",\"target\":[\"https:\/\/www.celttv.com.ar\/index.php\/2014\/09\/11\/fabio-gonzalez-en-una-cena-familiar-en-confiteria-automoto-musica-y-opiniones\/\"]}]},{\"@type\":\"BreadcrumbList\",\"@id\":\"https:\/\/www.celttv.com.ar\/index.php\/2014\/09\/11\/fabio-gonzalez-en-una-cena-familiar-en-confiteria-automoto-musica-y-opiniones\/#breadcrumb\",\"itemListElement\":[{\"@type\":\"ListItem\",\"position\":1,\"name\":\"Inicio\",\"item\":\"https:\/\/www.celttv.com.ar\/\"},{\"@type\":\"ListItem\",\"position\":2,\"name\":\"FABIO GONZALEZ EN UNA CENA FAMILIAR EN CONFITERIA AUTOMOTO (M\u00fasica y opiniones)\"}]},{\"@type\":\"WebSite\",\"@id\":\"https:\/\/www.celttv.com.ar\/#website\",\"url\":\"https:\/\/www.celttv.com.ar\/\",\"name\":\"CELTTV\",\"description\":\"Cooperativa El\u00e9ctrica de Tornquist\",\"publisher\":{\"@id\":\"https:\/\/www.celttv.com.ar\/#organization\"},\"potentialAction\":[{\"@type\":\"SearchAction\",\"target\":{\"@type\":\"EntryPoint\",\"urlTemplate\":\"https:\/\/www.celttv.com.ar\/?s={search_term_string}\"},\"query-input\":\"required name=search_term_string\"}],\"inLanguage\":\"es\"},{\"@type\":\"Organization\",\"@id\":\"https:\/\/www.celttv.com.ar\/#organization\",\"name\":\"CELTTV\",\"url\":\"https:\/\/www.celttv.com.ar\/\",\"sameAs\":[\"https:\/\/www.youtube.com\/channel\/UCz_oIt8Hig64Ub-EmcNPIhg\",\"https:\/\/www.facebook.com\/celtTV\/\"],\"logo\":{\"@type\":\"ImageObject\",\"inLanguage\":\"es\",\"@id\":\"https:\/\/www.celttv.com.ar\/#\/schema\/logo\/image\/\",\"url\":\"http:\/\/www.celttv.com.ar\/wp-content\/uploads\/2022\/08\/logo-1.png\",\"contentUrl\":\"http:\/\/www.celttv.com.ar\/wp-content\/uploads\/2022\/08\/logo-1.png\",\"width\":461,\"height\":159,\"caption\":\"CELTTV\"},\"image\":{\"@id\":\"https:\/\/www.celttv.com.ar\/#\/schema\/logo\/image\/\"}},{\"@type\":\"Person\",\"@id\":\"https:\/\/www.celttv.com.ar\/#\/schema\/person\/6d99c072dba59953809c81446e9d0ace\",\"name\":\"ulises\",\"image\":{\"@type\":\"ImageObject\",\"inLanguage\":\"es\",\"@id\":\"https:\/\/www.celttv.com.ar\/#\/schema\/person\/image\/\",\"url\":\"https:\/\/secure.gravatar.com\/avatar\/7f2c48bdc33b30088f941fb6082e555f2874c98e20cb159d7b92b50eadfce793?s=96&d=mm&r=g\",\"contentUrl\":\"https:\/\/secure.gravatar.com\/avatar\/7f2c48bdc33b30088f941fb6082e555f2874c98e20cb159d7b92b50eadfce793?s=96&d=mm&r=g\",\"caption\":\"ulises\"},\"sameAs\":[\"http:\/\/www.celttv.com.ar\"]}]}<\/script>\n<!-- \/ Yoast SEO plugin. -->","yoast_head_json":{"title":"FABIO GONZALEZ EN UNA CENA FAMILIAR EN CONFITERIA AUTOMOTO (M\u00fasica y opiniones) - CELTTV","description":"Sitio web de noticias de la localidad de Tornquist, provincia de Buenos Aires, Rep\u00fablica Argentina. Contenido propio originado por periodistas de CELTTV, el canal de TV local de la Cooperativa El\u00e9ctrica de Tornquist. Turismo, Pol\u00edtica, Sociedad, Deporte, Cultura y todo el contenido de inter\u00e9s general que la gente del pueblo y la regi\u00f3n debe conocer.","robots":{"index":"index","follow":"follow","max-snippet":"max-snippet:-1","max-image-preview":"max-image-preview:large","max-video-preview":"max-video-preview:-1"},"canonical":"https:\/\/www.celttv.com.ar\/index.php\/2014\/09\/11\/fabio-gonzalez-en-una-cena-familiar-en-confiteria-automoto-musica-y-opiniones\/","og_locale":"es_ES","og_type":"article","og_title":"FABIO GONZALEZ EN UNA CENA FAMILIAR EN CONFITERIA AUTOMOTO (M\u00fasica y opiniones) - CELTTV","og_description":"Sitio web de noticias de la localidad de Tornquist, provincia de Buenos Aires, Rep\u00fablica Argentina. Contenido propio originado por periodistas de CELTTV, el canal de TV local de la Cooperativa El\u00e9ctrica de Tornquist. Turismo, Pol\u00edtica, Sociedad, Deporte, Cultura y todo el contenido de inter\u00e9s general que la gente del pueblo y la regi\u00f3n debe conocer.","og_url":"https:\/\/www.celttv.com.ar\/index.php\/2014\/09\/11\/fabio-gonzalez-en-una-cena-familiar-en-confiteria-automoto-musica-y-opiniones\/","og_site_name":"CELTTV","article_publisher":"https:\/\/www.facebook.com\/celtTV\/","article_published_time":"2014-09-11T23:05:40+00:00","author":"ulises","twitter_card":"summary_large_image","twitter_misc":{"Escrito por":"ulises","Tiempo de lectura":"1 minuto"},"schema":{"@context":"https:\/\/schema.org","@graph":[{"@type":"NewsArticle","@id":"https:\/\/www.celttv.com.ar\/index.php\/2014\/09\/11\/fabio-gonzalez-en-una-cena-familiar-en-confiteria-automoto-musica-y-opiniones\/#article","isPartOf":{"@id":"https:\/\/www.celttv.com.ar\/index.php\/2014\/09\/11\/fabio-gonzalez-en-una-cena-familiar-en-confiteria-automoto-musica-y-opiniones\/"},"author":{"name":"ulises","@id":"https:\/\/www.celttv.com.ar\/#\/schema\/person\/6d99c072dba59953809c81446e9d0ace"},"headline":"FABIO GONZALEZ EN UNA CENA FAMILIAR EN CONFITERIA AUTOMOTO (M\u00fasica y opiniones)","datePublished":"2014-09-11T23:05:40+00:00","dateModified":"2014-09-11T23:05:40+00:00","mainEntityOfPage":{"@id":"https:\/\/www.celttv.com.ar\/index.php\/2014\/09\/11\/fabio-gonzalez-en-una-cena-familiar-en-confiteria-automoto-musica-y-opiniones\/"},"wordCount":225,"publisher":{"@id":"https:\/\/www.celttv.com.ar\/#organization"},"articleSection":["Comunidad","Destacadas","Espect\u00e1culos","Videos Destacados"],"inLanguage":"es"},{"@type":"WebPage","@id":"https:\/\/www.celttv.com.ar\/index.php\/2014\/09\/11\/fabio-gonzalez-en-una-cena-familiar-en-confiteria-automoto-musica-y-opiniones\/","url":"https:\/\/www.celttv.com.ar\/index.php\/2014\/09\/11\/fabio-gonzalez-en-una-cena-familiar-en-confiteria-automoto-musica-y-opiniones\/","name":"FABIO GONZALEZ EN UNA CENA FAMILIAR EN CONFITERIA AUTOMOTO (M\u00fasica y opiniones) - CELTTV","isPartOf":{"@id":"https:\/\/www.celttv.com.ar\/#website"},"datePublished":"2014-09-11T23:05:40+00:00","dateModified":"2014-09-11T23:05:40+00:00","description":"Sitio web de noticias de la localidad de Tornquist, provincia de Buenos Aires, Rep\u00fablica Argentina. Contenido propio originado por periodistas de CELTTV, el canal de TV local de la Cooperativa El\u00e9ctrica de Tornquist. Turismo, Pol\u00edtica, Sociedad, Deporte, Cultura y todo el contenido de inter\u00e9s general que la gente del pueblo y la regi\u00f3n debe conocer.","breadcrumb":{"@id":"https:\/\/www.celttv.com.ar\/index.php\/2014\/09\/11\/fabio-gonzalez-en-una-cena-familiar-en-confiteria-automoto-musica-y-opiniones\/#breadcrumb"},"inLanguage":"es","potentialAction":[{"@type":"ReadAction","target":["https:\/\/www.celttv.com.ar\/index.php\/2014\/09\/11\/fabio-gonzalez-en-una-cena-familiar-en-confiteria-automoto-musica-y-opiniones\/"]}]},{"@type":"BreadcrumbList","@id":"https:\/\/www.celttv.com.ar\/index.php\/2014\/09\/11\/fabio-gonzalez-en-una-cena-familiar-en-confiteria-automoto-musica-y-opiniones\/#breadcrumb","itemListElement":[{"@type":"ListItem","position":1,"name":"Inicio","item":"https:\/\/www.celttv.com.ar\/"},{"@type":"ListItem","position":2,"name":"FABIO GONZALEZ EN UNA CENA FAMILIAR EN CONFITERIA AUTOMOTO (M\u00fasica y opiniones)"}]},{"@type":"WebSite","@id":"https:\/\/www.celttv.com.ar\/#website","url":"https:\/\/www.celttv.com.ar\/","name":"CELTTV","description":"Cooperativa El\u00e9ctrica de Tornquist","publisher":{"@id":"https:\/\/www.celttv.com.ar\/#organization"},"potentialAction":[{"@type":"SearchAction","target":{"@type":"EntryPoint","urlTemplate":"https:\/\/www.celttv.com.ar\/?s={search_term_string}"},"query-input":"required name=search_term_string"}],"inLanguage":"es"},{"@type":"Organization","@id":"https:\/\/www.celttv.com.ar\/#organization","name":"CELTTV","url":"https:\/\/www.celttv.com.ar\/","sameAs":["https:\/\/www.youtube.com\/channel\/UCz_oIt8Hig64Ub-EmcNPIhg","https:\/\/www.facebook.com\/celtTV\/"],"logo":{"@type":"ImageObject","inLanguage":"es","@id":"https:\/\/www.celttv.com.ar\/#\/schema\/logo\/image\/","url":"http:\/\/www.celttv.com.ar\/wp-content\/uploads\/2022\/08\/logo-1.png","contentUrl":"http:\/\/www.celttv.com.ar\/wp-content\/uploads\/2022\/08\/logo-1.png","width":461,"height":159,"caption":"CELTTV"},"image":{"@id":"https:\/\/www.celttv.com.ar\/#\/schema\/logo\/image\/"}},{"@type":"Person","@id":"https:\/\/www.celttv.com.ar\/#\/schema\/person\/6d99c072dba59953809c81446e9d0ace","name":"ulises","image":{"@type":"ImageObject","inLanguage":"es","@id":"https:\/\/www.celttv.com.ar\/#\/schema\/person\/image\/","url":"https:\/\/secure.gravatar.com\/avatar\/7f2c48bdc33b30088f941fb6082e555f2874c98e20cb159d7b92b50eadfce793?s=96&d=mm&r=g","contentUrl":"https:\/\/secure.gravatar.com\/avatar\/7f2c48bdc33b30088f941fb6082e555f2874c98e20cb159d7b92b50eadfce793?s=96&d=mm&r=g","caption":"ulises"},"sameAs":["http:\/\/www.celttv.com.ar"]}]}},"_links":{"self":[{"href":"https:\/\/www.celttv.com.ar\/index.php\/wp-json\/wp\/v2\/posts\/23400","targetHints":{"allow":["GET"]}}],"collection":[{"href":"https:\/\/www.celttv.com.ar\/index.php\/wp-json\/wp\/v2\/posts"}],"about":[{"href":"https:\/\/www.celttv.com.ar\/index.php\/wp-json\/wp\/v2\/types\/post"}],"author":[{"embeddable":true,"href":"https:\/\/www.celttv.com.ar\/index.php\/wp-json\/wp\/v2\/users\/1"}],"replies":[{"embeddable":true,"href":"https:\/\/www.celttv.com.ar\/index.php\/wp-json\/wp\/v2\/comments?post=23400"}],"version-history":[{"count":0,"href":"https:\/\/www.celttv.com.ar\/index.php\/wp-json\/wp\/v2\/posts\/23400\/revisions"}],"wp:attachment":[{"href":"https:\/\/www.celttv.com.ar\/index.php\/wp-json\/wp\/v2\/media?parent=23400"}],"wp:term":[{"taxonomy":"category","embeddable":true,"href":"https:\/\/www.celttv.com.ar\/index.php\/wp-json\/wp\/v2\/categories?post=23400"},{"taxonomy":"post_tag","embeddable":true,"href":"https:\/\/www.celttv.com.ar\/index.php\/wp-json\/wp\/v2\/tags?post=23400"}],"curies":[{"name":"wp","href":"https:\/\/api.w.org\/{rel}","templated":true}]}}