{"id":23442,"date":"2014-09-12T22:47:43","date_gmt":"2014-09-12T22:47:43","guid":{"rendered":"http:\/\/www.tvcnoticias.com.ar\/?p=23442"},"modified":"2014-09-12T22:47:43","modified_gmt":"2014-09-12T22:47:43","slug":"la-justicia-federal-ordeno-a-vialidad-senalizar-la-ruta-33-video-de-archivo","status":"publish","type":"post","link":"https:\/\/www.celttv.com.ar\/index.php\/2014\/09\/12\/la-justicia-federal-ordeno-a-vialidad-senalizar-la-ruta-33-video-de-archivo\/","title":{"rendered":"LA JUSTICIA FEDERAL ORDENO A VIALIDAD SE\u00d1ALIZAR LA RUTA 33 (video de archivo 13\/6\/2013)"},"content":{"rendered":"<p><a href=\"https:\/\/www.youtube.com\/watch?v=1IHlNJO7YUA\">httpv:\/\/www.youtube.com\/watch?v=1IHlNJO7YUA<\/a><br \/>\n<a href=\"https:\/\/www.youtube.com\/watch?v=1IHlNJO7YUA\"><\/a>La Justicia Federal dio lugar a un amparo presentado por el legislador bonaerense Mauricio D\u00b4Alessandro y dispuso una medida cautelar orden\u00e1ndole a la Direcci\u00f3n Nacional de Vialidad que se\u00f1alice el trayecto comprendido entre Bah\u00eda Blanca y Pig\u00fc\u00e9 en el plazo de cinco d\u00edas.<br \/>\nLa medida, dictada por el juez federal Santiago Mart\u00ednez, responde al peligro que reviste el estado de la ruta, reflejado en la cantidad de muertes que en ella se producen, a ra\u00edz de lo cual la Justicia le ordena a Vialidad Nacional que en el perentorio plazo de cinco d\u00edas proceda a la inmediata se\u00f1alizaci\u00f3n de la ruta, trayecto comprendido entre los kil\u00f3metros 0 y 133.<br \/>\nAsimismo el organismo nacional cuenta similar plazo para contestar el escrito, tras lo cual el Juez determinar\u00e1 si se hace lugar al reclamo de fondo, es decir, a que se realicen las postergadas obras de reparaci\u00f3n.<br \/>\nCon relaci\u00f3n a las caracter\u00edsticas de la com\u00fanmente llamada \u201cRuta de la Muerte\u201d, D\u00b4Alessandro manifest\u00f3 \u201cEs una ruta muy larga que llega hasta Rosario, pero el problema m\u00e1s grande est\u00e1 planteado entre Bah\u00eda Blanca y Pig\u00fc\u00e9. En ese tramo circulan muchos camiones, las banquinas est\u00e1n en muy mal estado y b\u00e1sicamente es muy angosta. El ancho es m\u00e1s chico que el de un arco de f\u00fatbol, es decir, menor a 7 metros.\u201d<br \/>\n\u201cSe trata del noveno amparo a favor que sacamos en materia de rutas. Decidimos presentarlo porque es una ruta tr\u00e1gica, se pierden vidas constantemente, particularmente en el tramo que une en 133 kil\u00f3metros a estas dos ciudades. Esto pasa desde hace a\u00f1os y nunca hubo respuestas por parte de las autoridades.\u201d asever\u00f3 el legislador provincial.<br \/>\n<strong>El escrito redactado por el juez federal resuelve:<\/strong><br \/>\n<strong>1ro.)<\/strong> HACER lugar a la medida cautelar solicitada y, en consecuencia, ordenar a la demandada para que en el perentorio plazo de cinco d\u00edas proceda a la inmediata se\u00f1alizaci\u00f3n de la ruta nacional 33, trayecto comprendido entre los kil\u00f3metros 0 a 133; todo bajo cauci\u00f3n juratoria, que se tiene por prestada con el escrito de inicio.<br \/>\n<strong>2do.)<\/strong> Declarar formalmente admisible la presente acci\u00f3n de amparo requiri\u00e9ndose el informe circunstanciado determinado por el art. 8\u00b0 de la ley 16.986, al Poder Ejecutivo Nacional \u00ad Direcci\u00f3n Nacional de Vialidad en su domicilio de la Sede central sita en la Ciudad Aut\u00f3noma de Buenos Aires, para que en el t\u00e9rmino de CINCO DIAS HABILES con m\u00e1s tres en raz\u00f3n de la distancia y a partir dela fecha de su notificaci\u00f3n\u00ad evac\u00faen el informe previsto en el art. citado.\u00ad A tal fin, of\u00edciese, con copia de la presentaci\u00f3n y de la presente, que ser\u00e1n confeccionados y diligenciado por la parte actora, debiendo oportunamente acreditar en autos tal diligencia.<br \/>\nFuente: Infocielo y labrujula<br \/>\n&nbsp;<\/p>\n","protected":false},"excerpt":{"rendered":"<p>httpv:\/\/www.youtube.com\/watch?v=1IHlNJO7YUA La Justicia Federal dio lugar a un amparo presentado por el legislador bonaerense Mauricio D\u00b4Alessandro y dispuso una medida cautelar orden\u00e1ndole a la Direcci\u00f3n Nacional de Vialidad que se\u00f1alice el trayecto comprendido entre Bah\u00eda Blanca y Pig\u00fc\u00e9 en el plazo de cinco d\u00edas. La medida, dictada por el juez federal Santiago Mart\u00ednez, responde al [&hellip;]<\/p>\n","protected":false},"author":1,"featured_media":0,"comment_status":"closed","ping_status":"open","sticky":false,"template":"","format":"standard","meta":{"footnotes":""},"categories":[51,52,53,64],"tags":[],"class_list":["post-23442","post","type-post","status-publish","format-standard","hentry","category-comunidad","category-destacadas","category-politica","category-videos-destacados"],"yoast_head":"<!-- This site is optimized with the Yoast SEO plugin v19.7.1 - https:\/\/yoast.com\/wordpress\/plugins\/seo\/ -->\n<title>LA JUSTICIA FEDERAL ORDENO A VIALIDAD SE\u00d1ALIZAR LA RUTA 33 (video de archivo 13\/6\/2013) - CELTTV<\/title>\n<meta name=\"description\" content=\"Sitio web de noticias de la localidad de Tornquist, provincia de Buenos Aires, Rep\u00fablica Argentina. Contenido propio originado por periodistas de CELTTV, el canal de TV local de la Cooperativa El\u00e9ctrica de Tornquist. Turismo, Pol\u00edtica, Sociedad, Deporte, Cultura y todo el contenido de inter\u00e9s general que la gente del pueblo y la regi\u00f3n debe conocer.\" \/>\n<meta name=\"robots\" content=\"index, follow, max-snippet:-1, max-image-preview:large, max-video-preview:-1\" \/>\n<link rel=\"canonical\" href=\"https:\/\/www.celttv.com.ar\/index.php\/2014\/09\/12\/la-justicia-federal-ordeno-a-vialidad-senalizar-la-ruta-33-video-de-archivo\/\" \/>\n<meta property=\"og:locale\" content=\"es_ES\" \/>\n<meta property=\"og:type\" content=\"article\" \/>\n<meta property=\"og:title\" content=\"LA JUSTICIA FEDERAL ORDENO A VIALIDAD SE\u00d1ALIZAR LA RUTA 33 (video de archivo 13\/6\/2013) - CELTTV\" \/>\n<meta property=\"og:description\" content=\"Sitio web de noticias de la localidad de Tornquist, provincia de Buenos Aires, Rep\u00fablica Argentina. Contenido propio originado por periodistas de CELTTV, el canal de TV local de la Cooperativa El\u00e9ctrica de Tornquist. Turismo, Pol\u00edtica, Sociedad, Deporte, Cultura y todo el contenido de inter\u00e9s general que la gente del pueblo y la regi\u00f3n debe conocer.\" \/>\n<meta property=\"og:url\" content=\"https:\/\/www.celttv.com.ar\/index.php\/2014\/09\/12\/la-justicia-federal-ordeno-a-vialidad-senalizar-la-ruta-33-video-de-archivo\/\" \/>\n<meta property=\"og:site_name\" content=\"CELTTV\" \/>\n<meta property=\"article:publisher\" content=\"https:\/\/www.facebook.com\/celtTV\/\" \/>\n<meta property=\"article:published_time\" content=\"2014-09-12T22:47:43+00:00\" \/>\n<meta name=\"author\" content=\"ulises\" \/>\n<meta name=\"twitter:card\" content=\"summary_large_image\" \/>\n<meta name=\"twitter:label1\" content=\"Escrito por\" \/>\n\t<meta name=\"twitter:data1\" content=\"ulises\" \/>\n\t<meta name=\"twitter:label2\" content=\"Tiempo de lectura\" \/>\n\t<meta name=\"twitter:data2\" content=\"2 minutos\" \/>\n<script type=\"application\/ld+json\" class=\"yoast-schema-graph\">{\"@context\":\"https:\/\/schema.org\",\"@graph\":[{\"@type\":\"NewsArticle\",\"@id\":\"https:\/\/www.celttv.com.ar\/index.php\/2014\/09\/12\/la-justicia-federal-ordeno-a-vialidad-senalizar-la-ruta-33-video-de-archivo\/#article\",\"isPartOf\":{\"@id\":\"https:\/\/www.celttv.com.ar\/index.php\/2014\/09\/12\/la-justicia-federal-ordeno-a-vialidad-senalizar-la-ruta-33-video-de-archivo\/\"},\"author\":{\"name\":\"ulises\",\"@id\":\"https:\/\/www.celttv.com.ar\/#\/schema\/person\/6d99c072dba59953809c81446e9d0ace\"},\"headline\":\"LA JUSTICIA FEDERAL ORDENO A VIALIDAD SE\u00d1ALIZAR LA RUTA 33 (video de archivo 13\/6\/2013)\",\"datePublished\":\"2014-09-12T22:47:43+00:00\",\"dateModified\":\"2014-09-12T22:47:43+00:00\",\"mainEntityOfPage\":{\"@id\":\"https:\/\/www.celttv.com.ar\/index.php\/2014\/09\/12\/la-justicia-federal-ordeno-a-vialidad-senalizar-la-ruta-33-video-de-archivo\/\"},\"wordCount\":503,\"publisher\":{\"@id\":\"https:\/\/www.celttv.com.ar\/#organization\"},\"articleSection\":[\"Comunidad\",\"Destacadas\",\"Pol\u00edtica\",\"Videos Destacados\"],\"inLanguage\":\"es\"},{\"@type\":\"WebPage\",\"@id\":\"https:\/\/www.celttv.com.ar\/index.php\/2014\/09\/12\/la-justicia-federal-ordeno-a-vialidad-senalizar-la-ruta-33-video-de-archivo\/\",\"url\":\"https:\/\/www.celttv.com.ar\/index.php\/2014\/09\/12\/la-justicia-federal-ordeno-a-vialidad-senalizar-la-ruta-33-video-de-archivo\/\",\"name\":\"LA JUSTICIA FEDERAL ORDENO A VIALIDAD SE\u00d1ALIZAR LA RUTA 33 (video de archivo 13\/6\/2013) - CELTTV\",\"isPartOf\":{\"@id\":\"https:\/\/www.celttv.com.ar\/#website\"},\"datePublished\":\"2014-09-12T22:47:43+00:00\",\"dateModified\":\"2014-09-12T22:47:43+00:00\",\"description\":\"Sitio web de noticias de la localidad de Tornquist, provincia de Buenos Aires, Rep\u00fablica Argentina. Contenido propio originado por periodistas de CELTTV, el canal de TV local de la Cooperativa El\u00e9ctrica de Tornquist. Turismo, Pol\u00edtica, Sociedad, Deporte, Cultura y todo el contenido de inter\u00e9s general que la gente del pueblo y la regi\u00f3n debe conocer.\",\"breadcrumb\":{\"@id\":\"https:\/\/www.celttv.com.ar\/index.php\/2014\/09\/12\/la-justicia-federal-ordeno-a-vialidad-senalizar-la-ruta-33-video-de-archivo\/#breadcrumb\"},\"inLanguage\":\"es\",\"potentialAction\":[{\"@type\":\"ReadAction\",\"target\":[\"https:\/\/www.celttv.com.ar\/index.php\/2014\/09\/12\/la-justicia-federal-ordeno-a-vialidad-senalizar-la-ruta-33-video-de-archivo\/\"]}]},{\"@type\":\"BreadcrumbList\",\"@id\":\"https:\/\/www.celttv.com.ar\/index.php\/2014\/09\/12\/la-justicia-federal-ordeno-a-vialidad-senalizar-la-ruta-33-video-de-archivo\/#breadcrumb\",\"itemListElement\":[{\"@type\":\"ListItem\",\"position\":1,\"name\":\"Inicio\",\"item\":\"https:\/\/www.celttv.com.ar\/\"},{\"@type\":\"ListItem\",\"position\":2,\"name\":\"LA JUSTICIA FEDERAL ORDENO A VIALIDAD SE\u00d1ALIZAR LA RUTA 33 (video de archivo 13\/6\/2013)\"}]},{\"@type\":\"WebSite\",\"@id\":\"https:\/\/www.celttv.com.ar\/#website\",\"url\":\"https:\/\/www.celttv.com.ar\/\",\"name\":\"CELTTV\",\"description\":\"Cooperativa El\u00e9ctrica de Tornquist\",\"publisher\":{\"@id\":\"https:\/\/www.celttv.com.ar\/#organization\"},\"potentialAction\":[{\"@type\":\"SearchAction\",\"target\":{\"@type\":\"EntryPoint\",\"urlTemplate\":\"https:\/\/www.celttv.com.ar\/?s={search_term_string}\"},\"query-input\":\"required name=search_term_string\"}],\"inLanguage\":\"es\"},{\"@type\":\"Organization\",\"@id\":\"https:\/\/www.celttv.com.ar\/#organization\",\"name\":\"CELTTV\",\"url\":\"https:\/\/www.celttv.com.ar\/\",\"sameAs\":[\"https:\/\/www.youtube.com\/channel\/UCz_oIt8Hig64Ub-EmcNPIhg\",\"https:\/\/www.facebook.com\/celtTV\/\"],\"logo\":{\"@type\":\"ImageObject\",\"inLanguage\":\"es\",\"@id\":\"https:\/\/www.celttv.com.ar\/#\/schema\/logo\/image\/\",\"url\":\"http:\/\/www.celttv.com.ar\/wp-content\/uploads\/2022\/08\/logo-1.png\",\"contentUrl\":\"http:\/\/www.celttv.com.ar\/wp-content\/uploads\/2022\/08\/logo-1.png\",\"width\":461,\"height\":159,\"caption\":\"CELTTV\"},\"image\":{\"@id\":\"https:\/\/www.celttv.com.ar\/#\/schema\/logo\/image\/\"}},{\"@type\":\"Person\",\"@id\":\"https:\/\/www.celttv.com.ar\/#\/schema\/person\/6d99c072dba59953809c81446e9d0ace\",\"name\":\"ulises\",\"image\":{\"@type\":\"ImageObject\",\"inLanguage\":\"es\",\"@id\":\"https:\/\/www.celttv.com.ar\/#\/schema\/person\/image\/\",\"url\":\"https:\/\/secure.gravatar.com\/avatar\/7f2c48bdc33b30088f941fb6082e555f2874c98e20cb159d7b92b50eadfce793?s=96&d=mm&r=g\",\"contentUrl\":\"https:\/\/secure.gravatar.com\/avatar\/7f2c48bdc33b30088f941fb6082e555f2874c98e20cb159d7b92b50eadfce793?s=96&d=mm&r=g\",\"caption\":\"ulises\"},\"sameAs\":[\"http:\/\/www.celttv.com.ar\"]}]}<\/script>\n<!-- \/ Yoast SEO plugin. -->","yoast_head_json":{"title":"LA JUSTICIA FEDERAL ORDENO A VIALIDAD SE\u00d1ALIZAR LA RUTA 33 (video de archivo 13\/6\/2013) - CELTTV","description":"Sitio web de noticias de la localidad de Tornquist, provincia de Buenos Aires, Rep\u00fablica Argentina. Contenido propio originado por periodistas de CELTTV, el canal de TV local de la Cooperativa El\u00e9ctrica de Tornquist. Turismo, Pol\u00edtica, Sociedad, Deporte, Cultura y todo el contenido de inter\u00e9s general que la gente del pueblo y la regi\u00f3n debe conocer.","robots":{"index":"index","follow":"follow","max-snippet":"max-snippet:-1","max-image-preview":"max-image-preview:large","max-video-preview":"max-video-preview:-1"},"canonical":"https:\/\/www.celttv.com.ar\/index.php\/2014\/09\/12\/la-justicia-federal-ordeno-a-vialidad-senalizar-la-ruta-33-video-de-archivo\/","og_locale":"es_ES","og_type":"article","og_title":"LA JUSTICIA FEDERAL ORDENO A VIALIDAD SE\u00d1ALIZAR LA RUTA 33 (video de archivo 13\/6\/2013) - CELTTV","og_description":"Sitio web de noticias de la localidad de Tornquist, provincia de Buenos Aires, Rep\u00fablica Argentina. Contenido propio originado por periodistas de CELTTV, el canal de TV local de la Cooperativa El\u00e9ctrica de Tornquist. Turismo, Pol\u00edtica, Sociedad, Deporte, Cultura y todo el contenido de inter\u00e9s general que la gente del pueblo y la regi\u00f3n debe conocer.","og_url":"https:\/\/www.celttv.com.ar\/index.php\/2014\/09\/12\/la-justicia-federal-ordeno-a-vialidad-senalizar-la-ruta-33-video-de-archivo\/","og_site_name":"CELTTV","article_publisher":"https:\/\/www.facebook.com\/celtTV\/","article_published_time":"2014-09-12T22:47:43+00:00","author":"ulises","twitter_card":"summary_large_image","twitter_misc":{"Escrito por":"ulises","Tiempo de lectura":"2 minutos"},"schema":{"@context":"https:\/\/schema.org","@graph":[{"@type":"NewsArticle","@id":"https:\/\/www.celttv.com.ar\/index.php\/2014\/09\/12\/la-justicia-federal-ordeno-a-vialidad-senalizar-la-ruta-33-video-de-archivo\/#article","isPartOf":{"@id":"https:\/\/www.celttv.com.ar\/index.php\/2014\/09\/12\/la-justicia-federal-ordeno-a-vialidad-senalizar-la-ruta-33-video-de-archivo\/"},"author":{"name":"ulises","@id":"https:\/\/www.celttv.com.ar\/#\/schema\/person\/6d99c072dba59953809c81446e9d0ace"},"headline":"LA JUSTICIA FEDERAL ORDENO A VIALIDAD SE\u00d1ALIZAR LA RUTA 33 (video de archivo 13\/6\/2013)","datePublished":"2014-09-12T22:47:43+00:00","dateModified":"2014-09-12T22:47:43+00:00","mainEntityOfPage":{"@id":"https:\/\/www.celttv.com.ar\/index.php\/2014\/09\/12\/la-justicia-federal-ordeno-a-vialidad-senalizar-la-ruta-33-video-de-archivo\/"},"wordCount":503,"publisher":{"@id":"https:\/\/www.celttv.com.ar\/#organization"},"articleSection":["Comunidad","Destacadas","Pol\u00edtica","Videos Destacados"],"inLanguage":"es"},{"@type":"WebPage","@id":"https:\/\/www.celttv.com.ar\/index.php\/2014\/09\/12\/la-justicia-federal-ordeno-a-vialidad-senalizar-la-ruta-33-video-de-archivo\/","url":"https:\/\/www.celttv.com.ar\/index.php\/2014\/09\/12\/la-justicia-federal-ordeno-a-vialidad-senalizar-la-ruta-33-video-de-archivo\/","name":"LA JUSTICIA FEDERAL ORDENO A VIALIDAD SE\u00d1ALIZAR LA RUTA 33 (video de archivo 13\/6\/2013) - CELTTV","isPartOf":{"@id":"https:\/\/www.celttv.com.ar\/#website"},"datePublished":"2014-09-12T22:47:43+00:00","dateModified":"2014-09-12T22:47:43+00:00","description":"Sitio web de noticias de la localidad de Tornquist, provincia de Buenos Aires, Rep\u00fablica Argentina. Contenido propio originado por periodistas de CELTTV, el canal de TV local de la Cooperativa El\u00e9ctrica de Tornquist. Turismo, Pol\u00edtica, Sociedad, Deporte, Cultura y todo el contenido de inter\u00e9s general que la gente del pueblo y la regi\u00f3n debe conocer.","breadcrumb":{"@id":"https:\/\/www.celttv.com.ar\/index.php\/2014\/09\/12\/la-justicia-federal-ordeno-a-vialidad-senalizar-la-ruta-33-video-de-archivo\/#breadcrumb"},"inLanguage":"es","potentialAction":[{"@type":"ReadAction","target":["https:\/\/www.celttv.com.ar\/index.php\/2014\/09\/12\/la-justicia-federal-ordeno-a-vialidad-senalizar-la-ruta-33-video-de-archivo\/"]}]},{"@type":"BreadcrumbList","@id":"https:\/\/www.celttv.com.ar\/index.php\/2014\/09\/12\/la-justicia-federal-ordeno-a-vialidad-senalizar-la-ruta-33-video-de-archivo\/#breadcrumb","itemListElement":[{"@type":"ListItem","position":1,"name":"Inicio","item":"https:\/\/www.celttv.com.ar\/"},{"@type":"ListItem","position":2,"name":"LA JUSTICIA FEDERAL ORDENO A VIALIDAD SE\u00d1ALIZAR LA RUTA 33 (video de archivo 13\/6\/2013)"}]},{"@type":"WebSite","@id":"https:\/\/www.celttv.com.ar\/#website","url":"https:\/\/www.celttv.com.ar\/","name":"CELTTV","description":"Cooperativa El\u00e9ctrica de Tornquist","publisher":{"@id":"https:\/\/www.celttv.com.ar\/#organization"},"potentialAction":[{"@type":"SearchAction","target":{"@type":"EntryPoint","urlTemplate":"https:\/\/www.celttv.com.ar\/?s={search_term_string}"},"query-input":"required name=search_term_string"}],"inLanguage":"es"},{"@type":"Organization","@id":"https:\/\/www.celttv.com.ar\/#organization","name":"CELTTV","url":"https:\/\/www.celttv.com.ar\/","sameAs":["https:\/\/www.youtube.com\/channel\/UCz_oIt8Hig64Ub-EmcNPIhg","https:\/\/www.facebook.com\/celtTV\/"],"logo":{"@type":"ImageObject","inLanguage":"es","@id":"https:\/\/www.celttv.com.ar\/#\/schema\/logo\/image\/","url":"http:\/\/www.celttv.com.ar\/wp-content\/uploads\/2022\/08\/logo-1.png","contentUrl":"http:\/\/www.celttv.com.ar\/wp-content\/uploads\/2022\/08\/logo-1.png","width":461,"height":159,"caption":"CELTTV"},"image":{"@id":"https:\/\/www.celttv.com.ar\/#\/schema\/logo\/image\/"}},{"@type":"Person","@id":"https:\/\/www.celttv.com.ar\/#\/schema\/person\/6d99c072dba59953809c81446e9d0ace","name":"ulises","image":{"@type":"ImageObject","inLanguage":"es","@id":"https:\/\/www.celttv.com.ar\/#\/schema\/person\/image\/","url":"https:\/\/secure.gravatar.com\/avatar\/7f2c48bdc33b30088f941fb6082e555f2874c98e20cb159d7b92b50eadfce793?s=96&d=mm&r=g","contentUrl":"https:\/\/secure.gravatar.com\/avatar\/7f2c48bdc33b30088f941fb6082e555f2874c98e20cb159d7b92b50eadfce793?s=96&d=mm&r=g","caption":"ulises"},"sameAs":["http:\/\/www.celttv.com.ar"]}]}},"_links":{"self":[{"href":"https:\/\/www.celttv.com.ar\/index.php\/wp-json\/wp\/v2\/posts\/23442","targetHints":{"allow":["GET"]}}],"collection":[{"href":"https:\/\/www.celttv.com.ar\/index.php\/wp-json\/wp\/v2\/posts"}],"about":[{"href":"https:\/\/www.celttv.com.ar\/index.php\/wp-json\/wp\/v2\/types\/post"}],"author":[{"embeddable":true,"href":"https:\/\/www.celttv.com.ar\/index.php\/wp-json\/wp\/v2\/users\/1"}],"replies":[{"embeddable":true,"href":"https:\/\/www.celttv.com.ar\/index.php\/wp-json\/wp\/v2\/comments?post=23442"}],"version-history":[{"count":0,"href":"https:\/\/www.celttv.com.ar\/index.php\/wp-json\/wp\/v2\/posts\/23442\/revisions"}],"wp:attachment":[{"href":"https:\/\/www.celttv.com.ar\/index.php\/wp-json\/wp\/v2\/media?parent=23442"}],"wp:term":[{"taxonomy":"category","embeddable":true,"href":"https:\/\/www.celttv.com.ar\/index.php\/wp-json\/wp\/v2\/categories?post=23442"},{"taxonomy":"post_tag","embeddable":true,"href":"https:\/\/www.celttv.com.ar\/index.php\/wp-json\/wp\/v2\/tags?post=23442"}],"curies":[{"name":"wp","href":"https:\/\/api.w.org\/{rel}","templated":true}]}}