{"id":23446,"date":"2014-09-13T00:05:01","date_gmt":"2014-09-13T00:05:01","guid":{"rendered":"http:\/\/www.tvcnoticias.com.ar\/?p=23446"},"modified":"2014-09-13T00:05:01","modified_gmt":"2014-09-13T00:05:01","slug":"todos-los-videos-del-acto-del-dia-del-maestro","status":"publish","type":"post","link":"https:\/\/www.celttv.com.ar\/index.php\/2014\/09\/13\/todos-los-videos-del-acto-del-dia-del-maestro\/","title":{"rendered":"TODOS LOS VIDEOS DEL ACTO DEL DIA DEL MAESTRO"},"content":{"rendered":"<p><a href=\"https:\/\/www.youtube.com\/watch?v=wubdZbVq2DA\">httpv:\/\/www.youtube.com\/watch?v=wubdZbVq2DA<\/a><br \/>\n<a href=\"https:\/\/www.youtube.com\/watch?v=UD9Xt8g2b2E\">httpv:\/\/www.youtube.com\/watch?v=UD9Xt8g2b2E<\/a><br \/>\n<a href=\"https:\/\/www.youtube.com\/watch?v=mZionS_JRV8\">httpv:\/\/www.youtube.com\/watch?v=mZionS_JRV8<\/a><br \/>\n<a href=\"https:\/\/www.youtube.com\/watch?v=cZTyqUZI-qU\">httpv:\/\/www.youtube.com\/watch?v=cZTyqUZI-qU<\/a><br \/>\n<a href=\"https:\/\/www.youtube.com\/watch?v=4i3yRBvUhSo\">httpv:\/\/www.youtube.com\/watch?v=4i3yRBvUhSo<\/a><br \/>\n<a href=\"https:\/\/www.youtube.com\/watch?v=K6Ge-IJotCo\">httpv:\/\/www.youtube.com\/watch?v=K6Ge-IJotCo<\/a><br \/>\n<a href=\"https:\/\/www.youtube.com\/watch?v=7vrpPZNtpEo\">httpv:\/\/www.youtube.com\/watch?v=7vrpPZNtpEo<\/a><br \/>\nCon el caracter\u00edstico homenaje a los docentes que est\u00e1n cumpliendo sus 25 a\u00f1os de servicio como aspecto saliente, se desarroll\u00f3 en la ma\u00f1ana de hoy un emotivo acto oficial por el D\u00eda del Maestro, organizado por la comunidad educativa de nuestro distrito.<br \/>\nLa conmemoraci\u00f3n se llev\u00f3 a cabo en el busto que recuerda a Domingo Faustino Sarmiento, ubicado frente a la Escuela N\u00b0 1 de la ciudad cabecera del distrito, que lleva precisamente el nombre del mencionado pr\u00f3cer.<br \/>\nEn el transcurso del acto se entregaron presentes a los docentes Liliana V\u00e1zquez, Sandra Di Nunzio, Dina Balma, Adriana De Paz, Miriam P\u00e9rez, Rub\u00e9n Braun, Norberto Culotta, Ana Luc\u00eda Polac, Mar\u00eda Luj\u00e1n Rodr\u00edguez, Stella Uriarte, Jos\u00e9 Salika, Paola Bauer, Marisa Parodi y Rosa Franco. Todos recibieron un reconocimiento de parte de la actual gesti\u00f3n municipal y otro del Consejo Escolar.<br \/>\nAdem\u00e1s, el Centro de Educadores de Tornquist reconoci\u00f3, en el marco de sus Bodas de Plata, a Elisabet Fidani de Conte, por sus 21 a\u00f1os de gesti\u00f3n y desempe\u00f1o como Secretaria Gremial.<br \/>\n\u201cPara esta gesti\u00f3n municipal es muy importante valorarlos a todo ustedes por la actividad que desarrollan en cualquier \u00e1mbito geogr\u00e1fico del distrito de Tornquist. Domingo Faustino Sarmiento fue un gran educador, que dio vuelta una p\u00e1gina importante de nuestra historia, porque parte de su energ\u00eda se bas\u00f3 en educar al pueblo argentino\u201d, afirm\u00f3 Ricardo Valentini, secretario de Producci\u00f3n y Medio Ambiente de la comuna.<br \/>\nPor su parte, la Inspectora Jefe Regional, profesora Dina Balma, se refiri\u00f3 a los docentes.<br \/>\n&nbsp;<\/p>\n","protected":false},"excerpt":{"rendered":"<p>httpv:\/\/www.youtube.com\/watch?v=wubdZbVq2DA httpv:\/\/www.youtube.com\/watch?v=UD9Xt8g2b2E httpv:\/\/www.youtube.com\/watch?v=mZionS_JRV8 httpv:\/\/www.youtube.com\/watch?v=cZTyqUZI-qU httpv:\/\/www.youtube.com\/watch?v=4i3yRBvUhSo httpv:\/\/www.youtube.com\/watch?v=K6Ge-IJotCo httpv:\/\/www.youtube.com\/watch?v=7vrpPZNtpEo Con el caracter\u00edstico homenaje a los docentes que est\u00e1n cumpliendo sus 25 a\u00f1os de servicio como aspecto saliente, se desarroll\u00f3 en la ma\u00f1ana de hoy un emotivo acto oficial por el D\u00eda del Maestro, organizado por la comunidad educativa de nuestro distrito. La conmemoraci\u00f3n se llev\u00f3 a cabo [&hellip;]<\/p>\n","protected":false},"author":1,"featured_media":0,"comment_status":"closed","ping_status":"open","sticky":false,"template":"","format":"standard","meta":{"footnotes":""},"categories":[51,52,64],"tags":[],"class_list":["post-23446","post","type-post","status-publish","format-standard","hentry","category-comunidad","category-destacadas","category-videos-destacados"],"yoast_head":"<!-- This site is optimized with the Yoast SEO plugin v19.7.1 - https:\/\/yoast.com\/wordpress\/plugins\/seo\/ -->\n<title>TODOS LOS VIDEOS DEL ACTO DEL DIA DEL MAESTRO - CELTTV<\/title>\n<meta name=\"description\" content=\"Sitio web de noticias de la localidad de Tornquist, provincia de Buenos Aires, Rep\u00fablica Argentina. Contenido propio originado por periodistas de CELTTV, el canal de TV local de la Cooperativa El\u00e9ctrica de Tornquist. Turismo, Pol\u00edtica, Sociedad, Deporte, Cultura y todo el contenido de inter\u00e9s general que la gente del pueblo y la regi\u00f3n debe conocer.\" \/>\n<meta name=\"robots\" content=\"index, follow, max-snippet:-1, max-image-preview:large, max-video-preview:-1\" \/>\n<link rel=\"canonical\" href=\"https:\/\/www.celttv.com.ar\/index.php\/2014\/09\/13\/todos-los-videos-del-acto-del-dia-del-maestro\/\" \/>\n<meta property=\"og:locale\" content=\"es_ES\" \/>\n<meta property=\"og:type\" content=\"article\" \/>\n<meta property=\"og:title\" content=\"TODOS LOS VIDEOS DEL ACTO DEL DIA DEL MAESTRO - CELTTV\" \/>\n<meta property=\"og:description\" content=\"Sitio web de noticias de la localidad de Tornquist, provincia de Buenos Aires, Rep\u00fablica Argentina. Contenido propio originado por periodistas de CELTTV, el canal de TV local de la Cooperativa El\u00e9ctrica de Tornquist. Turismo, Pol\u00edtica, Sociedad, Deporte, Cultura y todo el contenido de inter\u00e9s general que la gente del pueblo y la regi\u00f3n debe conocer.\" \/>\n<meta property=\"og:url\" content=\"https:\/\/www.celttv.com.ar\/index.php\/2014\/09\/13\/todos-los-videos-del-acto-del-dia-del-maestro\/\" \/>\n<meta property=\"og:site_name\" content=\"CELTTV\" \/>\n<meta property=\"article:publisher\" content=\"https:\/\/www.facebook.com\/celtTV\/\" \/>\n<meta property=\"article:published_time\" content=\"2014-09-13T00:05:01+00:00\" \/>\n<meta name=\"author\" content=\"ulises\" \/>\n<meta name=\"twitter:card\" content=\"summary_large_image\" \/>\n<meta name=\"twitter:label1\" content=\"Escrito por\" \/>\n\t<meta name=\"twitter:data1\" content=\"ulises\" \/>\n\t<meta name=\"twitter:label2\" content=\"Tiempo de lectura\" \/>\n\t<meta name=\"twitter:data2\" content=\"2 minutos\" \/>\n<script type=\"application\/ld+json\" class=\"yoast-schema-graph\">{\"@context\":\"https:\/\/schema.org\",\"@graph\":[{\"@type\":\"NewsArticle\",\"@id\":\"https:\/\/www.celttv.com.ar\/index.php\/2014\/09\/13\/todos-los-videos-del-acto-del-dia-del-maestro\/#article\",\"isPartOf\":{\"@id\":\"https:\/\/www.celttv.com.ar\/index.php\/2014\/09\/13\/todos-los-videos-del-acto-del-dia-del-maestro\/\"},\"author\":{\"name\":\"ulises\",\"@id\":\"https:\/\/www.celttv.com.ar\/#\/schema\/person\/6d99c072dba59953809c81446e9d0ace\"},\"headline\":\"TODOS LOS VIDEOS DEL ACTO DEL DIA DEL MAESTRO\",\"datePublished\":\"2014-09-13T00:05:01+00:00\",\"dateModified\":\"2014-09-13T00:05:01+00:00\",\"mainEntityOfPage\":{\"@id\":\"https:\/\/www.celttv.com.ar\/index.php\/2014\/09\/13\/todos-los-videos-del-acto-del-dia-del-maestro\/\"},\"wordCount\":337,\"publisher\":{\"@id\":\"https:\/\/www.celttv.com.ar\/#organization\"},\"articleSection\":[\"Comunidad\",\"Destacadas\",\"Videos Destacados\"],\"inLanguage\":\"es\"},{\"@type\":\"WebPage\",\"@id\":\"https:\/\/www.celttv.com.ar\/index.php\/2014\/09\/13\/todos-los-videos-del-acto-del-dia-del-maestro\/\",\"url\":\"https:\/\/www.celttv.com.ar\/index.php\/2014\/09\/13\/todos-los-videos-del-acto-del-dia-del-maestro\/\",\"name\":\"TODOS LOS VIDEOS DEL ACTO DEL DIA DEL MAESTRO - CELTTV\",\"isPartOf\":{\"@id\":\"https:\/\/www.celttv.com.ar\/#website\"},\"datePublished\":\"2014-09-13T00:05:01+00:00\",\"dateModified\":\"2014-09-13T00:05:01+00:00\",\"description\":\"Sitio web de noticias de la localidad de Tornquist, provincia de Buenos Aires, Rep\u00fablica Argentina. Contenido propio originado por periodistas de CELTTV, el canal de TV local de la Cooperativa El\u00e9ctrica de Tornquist. Turismo, Pol\u00edtica, Sociedad, Deporte, Cultura y todo el contenido de inter\u00e9s general que la gente del pueblo y la regi\u00f3n debe conocer.\",\"breadcrumb\":{\"@id\":\"https:\/\/www.celttv.com.ar\/index.php\/2014\/09\/13\/todos-los-videos-del-acto-del-dia-del-maestro\/#breadcrumb\"},\"inLanguage\":\"es\",\"potentialAction\":[{\"@type\":\"ReadAction\",\"target\":[\"https:\/\/www.celttv.com.ar\/index.php\/2014\/09\/13\/todos-los-videos-del-acto-del-dia-del-maestro\/\"]}]},{\"@type\":\"BreadcrumbList\",\"@id\":\"https:\/\/www.celttv.com.ar\/index.php\/2014\/09\/13\/todos-los-videos-del-acto-del-dia-del-maestro\/#breadcrumb\",\"itemListElement\":[{\"@type\":\"ListItem\",\"position\":1,\"name\":\"Inicio\",\"item\":\"https:\/\/www.celttv.com.ar\/\"},{\"@type\":\"ListItem\",\"position\":2,\"name\":\"TODOS LOS VIDEOS DEL ACTO DEL DIA DEL MAESTRO\"}]},{\"@type\":\"WebSite\",\"@id\":\"https:\/\/www.celttv.com.ar\/#website\",\"url\":\"https:\/\/www.celttv.com.ar\/\",\"name\":\"CELTTV\",\"description\":\"Cooperativa El\u00e9ctrica de Tornquist\",\"publisher\":{\"@id\":\"https:\/\/www.celttv.com.ar\/#organization\"},\"potentialAction\":[{\"@type\":\"SearchAction\",\"target\":{\"@type\":\"EntryPoint\",\"urlTemplate\":\"https:\/\/www.celttv.com.ar\/?s={search_term_string}\"},\"query-input\":\"required name=search_term_string\"}],\"inLanguage\":\"es\"},{\"@type\":\"Organization\",\"@id\":\"https:\/\/www.celttv.com.ar\/#organization\",\"name\":\"CELTTV\",\"url\":\"https:\/\/www.celttv.com.ar\/\",\"sameAs\":[\"https:\/\/www.youtube.com\/channel\/UCz_oIt8Hig64Ub-EmcNPIhg\",\"https:\/\/www.facebook.com\/celtTV\/\"],\"logo\":{\"@type\":\"ImageObject\",\"inLanguage\":\"es\",\"@id\":\"https:\/\/www.celttv.com.ar\/#\/schema\/logo\/image\/\",\"url\":\"http:\/\/www.celttv.com.ar\/wp-content\/uploads\/2022\/08\/logo-1.png\",\"contentUrl\":\"http:\/\/www.celttv.com.ar\/wp-content\/uploads\/2022\/08\/logo-1.png\",\"width\":461,\"height\":159,\"caption\":\"CELTTV\"},\"image\":{\"@id\":\"https:\/\/www.celttv.com.ar\/#\/schema\/logo\/image\/\"}},{\"@type\":\"Person\",\"@id\":\"https:\/\/www.celttv.com.ar\/#\/schema\/person\/6d99c072dba59953809c81446e9d0ace\",\"name\":\"ulises\",\"image\":{\"@type\":\"ImageObject\",\"inLanguage\":\"es\",\"@id\":\"https:\/\/www.celttv.com.ar\/#\/schema\/person\/image\/\",\"url\":\"https:\/\/secure.gravatar.com\/avatar\/7f2c48bdc33b30088f941fb6082e555f2874c98e20cb159d7b92b50eadfce793?s=96&d=mm&r=g\",\"contentUrl\":\"https:\/\/secure.gravatar.com\/avatar\/7f2c48bdc33b30088f941fb6082e555f2874c98e20cb159d7b92b50eadfce793?s=96&d=mm&r=g\",\"caption\":\"ulises\"},\"sameAs\":[\"http:\/\/www.celttv.com.ar\"]}]}<\/script>\n<!-- \/ Yoast SEO plugin. -->","yoast_head_json":{"title":"TODOS LOS VIDEOS DEL ACTO DEL DIA DEL MAESTRO - CELTTV","description":"Sitio web de noticias de la localidad de Tornquist, provincia de Buenos Aires, Rep\u00fablica Argentina. Contenido propio originado por periodistas de CELTTV, el canal de TV local de la Cooperativa El\u00e9ctrica de Tornquist. Turismo, Pol\u00edtica, Sociedad, Deporte, Cultura y todo el contenido de inter\u00e9s general que la gente del pueblo y la regi\u00f3n debe conocer.","robots":{"index":"index","follow":"follow","max-snippet":"max-snippet:-1","max-image-preview":"max-image-preview:large","max-video-preview":"max-video-preview:-1"},"canonical":"https:\/\/www.celttv.com.ar\/index.php\/2014\/09\/13\/todos-los-videos-del-acto-del-dia-del-maestro\/","og_locale":"es_ES","og_type":"article","og_title":"TODOS LOS VIDEOS DEL ACTO DEL DIA DEL MAESTRO - CELTTV","og_description":"Sitio web de noticias de la localidad de Tornquist, provincia de Buenos Aires, Rep\u00fablica Argentina. Contenido propio originado por periodistas de CELTTV, el canal de TV local de la Cooperativa El\u00e9ctrica de Tornquist. Turismo, Pol\u00edtica, Sociedad, Deporte, Cultura y todo el contenido de inter\u00e9s general que la gente del pueblo y la regi\u00f3n debe conocer.","og_url":"https:\/\/www.celttv.com.ar\/index.php\/2014\/09\/13\/todos-los-videos-del-acto-del-dia-del-maestro\/","og_site_name":"CELTTV","article_publisher":"https:\/\/www.facebook.com\/celtTV\/","article_published_time":"2014-09-13T00:05:01+00:00","author":"ulises","twitter_card":"summary_large_image","twitter_misc":{"Escrito por":"ulises","Tiempo de lectura":"2 minutos"},"schema":{"@context":"https:\/\/schema.org","@graph":[{"@type":"NewsArticle","@id":"https:\/\/www.celttv.com.ar\/index.php\/2014\/09\/13\/todos-los-videos-del-acto-del-dia-del-maestro\/#article","isPartOf":{"@id":"https:\/\/www.celttv.com.ar\/index.php\/2014\/09\/13\/todos-los-videos-del-acto-del-dia-del-maestro\/"},"author":{"name":"ulises","@id":"https:\/\/www.celttv.com.ar\/#\/schema\/person\/6d99c072dba59953809c81446e9d0ace"},"headline":"TODOS LOS VIDEOS DEL ACTO DEL DIA DEL MAESTRO","datePublished":"2014-09-13T00:05:01+00:00","dateModified":"2014-09-13T00:05:01+00:00","mainEntityOfPage":{"@id":"https:\/\/www.celttv.com.ar\/index.php\/2014\/09\/13\/todos-los-videos-del-acto-del-dia-del-maestro\/"},"wordCount":337,"publisher":{"@id":"https:\/\/www.celttv.com.ar\/#organization"},"articleSection":["Comunidad","Destacadas","Videos Destacados"],"inLanguage":"es"},{"@type":"WebPage","@id":"https:\/\/www.celttv.com.ar\/index.php\/2014\/09\/13\/todos-los-videos-del-acto-del-dia-del-maestro\/","url":"https:\/\/www.celttv.com.ar\/index.php\/2014\/09\/13\/todos-los-videos-del-acto-del-dia-del-maestro\/","name":"TODOS LOS VIDEOS DEL ACTO DEL DIA DEL MAESTRO - CELTTV","isPartOf":{"@id":"https:\/\/www.celttv.com.ar\/#website"},"datePublished":"2014-09-13T00:05:01+00:00","dateModified":"2014-09-13T00:05:01+00:00","description":"Sitio web de noticias de la localidad de Tornquist, provincia de Buenos Aires, Rep\u00fablica Argentina. Contenido propio originado por periodistas de CELTTV, el canal de TV local de la Cooperativa El\u00e9ctrica de Tornquist. Turismo, Pol\u00edtica, Sociedad, Deporte, Cultura y todo el contenido de inter\u00e9s general que la gente del pueblo y la regi\u00f3n debe conocer.","breadcrumb":{"@id":"https:\/\/www.celttv.com.ar\/index.php\/2014\/09\/13\/todos-los-videos-del-acto-del-dia-del-maestro\/#breadcrumb"},"inLanguage":"es","potentialAction":[{"@type":"ReadAction","target":["https:\/\/www.celttv.com.ar\/index.php\/2014\/09\/13\/todos-los-videos-del-acto-del-dia-del-maestro\/"]}]},{"@type":"BreadcrumbList","@id":"https:\/\/www.celttv.com.ar\/index.php\/2014\/09\/13\/todos-los-videos-del-acto-del-dia-del-maestro\/#breadcrumb","itemListElement":[{"@type":"ListItem","position":1,"name":"Inicio","item":"https:\/\/www.celttv.com.ar\/"},{"@type":"ListItem","position":2,"name":"TODOS LOS VIDEOS DEL ACTO DEL DIA DEL MAESTRO"}]},{"@type":"WebSite","@id":"https:\/\/www.celttv.com.ar\/#website","url":"https:\/\/www.celttv.com.ar\/","name":"CELTTV","description":"Cooperativa El\u00e9ctrica de Tornquist","publisher":{"@id":"https:\/\/www.celttv.com.ar\/#organization"},"potentialAction":[{"@type":"SearchAction","target":{"@type":"EntryPoint","urlTemplate":"https:\/\/www.celttv.com.ar\/?s={search_term_string}"},"query-input":"required name=search_term_string"}],"inLanguage":"es"},{"@type":"Organization","@id":"https:\/\/www.celttv.com.ar\/#organization","name":"CELTTV","url":"https:\/\/www.celttv.com.ar\/","sameAs":["https:\/\/www.youtube.com\/channel\/UCz_oIt8Hig64Ub-EmcNPIhg","https:\/\/www.facebook.com\/celtTV\/"],"logo":{"@type":"ImageObject","inLanguage":"es","@id":"https:\/\/www.celttv.com.ar\/#\/schema\/logo\/image\/","url":"http:\/\/www.celttv.com.ar\/wp-content\/uploads\/2022\/08\/logo-1.png","contentUrl":"http:\/\/www.celttv.com.ar\/wp-content\/uploads\/2022\/08\/logo-1.png","width":461,"height":159,"caption":"CELTTV"},"image":{"@id":"https:\/\/www.celttv.com.ar\/#\/schema\/logo\/image\/"}},{"@type":"Person","@id":"https:\/\/www.celttv.com.ar\/#\/schema\/person\/6d99c072dba59953809c81446e9d0ace","name":"ulises","image":{"@type":"ImageObject","inLanguage":"es","@id":"https:\/\/www.celttv.com.ar\/#\/schema\/person\/image\/","url":"https:\/\/secure.gravatar.com\/avatar\/7f2c48bdc33b30088f941fb6082e555f2874c98e20cb159d7b92b50eadfce793?s=96&d=mm&r=g","contentUrl":"https:\/\/secure.gravatar.com\/avatar\/7f2c48bdc33b30088f941fb6082e555f2874c98e20cb159d7b92b50eadfce793?s=96&d=mm&r=g","caption":"ulises"},"sameAs":["http:\/\/www.celttv.com.ar"]}]}},"_links":{"self":[{"href":"https:\/\/www.celttv.com.ar\/index.php\/wp-json\/wp\/v2\/posts\/23446","targetHints":{"allow":["GET"]}}],"collection":[{"href":"https:\/\/www.celttv.com.ar\/index.php\/wp-json\/wp\/v2\/posts"}],"about":[{"href":"https:\/\/www.celttv.com.ar\/index.php\/wp-json\/wp\/v2\/types\/post"}],"author":[{"embeddable":true,"href":"https:\/\/www.celttv.com.ar\/index.php\/wp-json\/wp\/v2\/users\/1"}],"replies":[{"embeddable":true,"href":"https:\/\/www.celttv.com.ar\/index.php\/wp-json\/wp\/v2\/comments?post=23446"}],"version-history":[{"count":0,"href":"https:\/\/www.celttv.com.ar\/index.php\/wp-json\/wp\/v2\/posts\/23446\/revisions"}],"wp:attachment":[{"href":"https:\/\/www.celttv.com.ar\/index.php\/wp-json\/wp\/v2\/media?parent=23446"}],"wp:term":[{"taxonomy":"category","embeddable":true,"href":"https:\/\/www.celttv.com.ar\/index.php\/wp-json\/wp\/v2\/categories?post=23446"},{"taxonomy":"post_tag","embeddable":true,"href":"https:\/\/www.celttv.com.ar\/index.php\/wp-json\/wp\/v2\/tags?post=23446"}],"curies":[{"name":"wp","href":"https:\/\/api.w.org\/{rel}","templated":true}]}}