{"id":23449,"date":"2014-09-13T00:10:52","date_gmt":"2014-09-13T00:10:52","guid":{"rendered":"http:\/\/www.tvcnoticias.com.ar\/?p=23449"},"modified":"2014-09-13T00:10:52","modified_gmt":"2014-09-13T00:10:52","slug":"comenzaron-los-trabajos-preliminares-para-el-nuevo-puente-de-la-gruta","status":"publish","type":"post","link":"https:\/\/www.celttv.com.ar\/index.php\/2014\/09\/13\/comenzaron-los-trabajos-preliminares-para-el-nuevo-puente-de-la-gruta\/","title":{"rendered":"COMENZARON LOS TRABAJOS PRELIMINARES PARA EL NUEVO PUENTE DE LA GRUTA"},"content":{"rendered":"<p><a rel=\"attachment wp-att-23455\" href=\"http:\/\/www.tvcnoticias.com.ar\/?attachment_id=23455\"><img loading=\"lazy\" decoding=\"async\" class=\"aligncenter size-medium wp-image-23455\" title=\"P1070800 (1024x768) (Medium)\" src=\"http:\/\/www.tvcnoticias.com.ar\/wp-content\/uploads\/2014\/09\/P1070800-1024x768-Medium-450x337.jpg\" alt=\"\" width=\"450\" height=\"337\" \/><\/a><br \/>\nCon los trabajos de nivelaci\u00f3n y los primeros movimientos de suelo, comenzaron hoy las tareas preliminares en el lugar en donde se instalar\u00e1 el nuevo puente peatonal de Villa Serrana La Gruta, sobre el arroyo Ventana.<br \/>\nDurante la presente jornada se efectu\u00f3 el replanteo de obra, que permiti\u00f3 ubicar los sitios donde se implantar\u00e1n las dos bases de hormig\u00f3n armado que sostendr\u00e1n la estructura de hierro de 60 metros de longitud.<br \/>\nEn horas de la tarde, se realiz\u00f3 la excavaci\u00f3n para la base que queda actualmente fuera del cauce del arroyo. La perforaci\u00f3n para la base de la otra columna podr\u00e1 iniciarse una vez que disminuya el caudal del curso de agua.<br \/>\nParalelamente a los trabajos in situ, la estructura del puente se encuentra en ejecuci\u00f3n en un taller metal\u00fargico dependiente de la empresa adjudicataria de la obra.<br \/>\nUna vez efectuadas las excavaciones, y siempre que el nivel del cauce lo permita, se proceder\u00e1 al armado de hierros y hormigonado de las bases mencionadas y los anclajes ubicados en ambos extremos de la estructura.<br \/>\nEstas tareas responden a un proyecto ejecutivo elaborado por profesionales, de acuerdo con el pliego licitatorio de la construcci\u00f3n.<br \/>\nEl puente constar\u00e1 de una longitud total de 60 metros, con s\u00f3lo dos pares de columnas intermedias ubicadas a una distancia de 25 metros entre s\u00ed, que estar\u00e1n fundadas en hormig\u00f3n armado y permitir\u00e1n una menor resistencia al paso del agua que desciende del sector serrano acompa\u00f1ada de sedimentos y restos de \u00e1rboles.<br \/>\nEl ancho (2 metros) y la morfolog\u00eda del mismo, permitir\u00e1 un c\u00f3modo acceso peatonal, incluso para personas con movilidad reducida. Adem\u00e1s, contar\u00e1 con una baranda met\u00e1lica de 1,20 metros de altura e iluminaci\u00f3n que lo destacar\u00e1 en toda su extensi\u00f3n, mientras que el eje central, donde se desarrolla la mayor altura, contar\u00e1 con 2,70 metros respecto del nivel del vado para paso vehicular existente.<br \/>\n&nbsp;<\/p>\n","protected":false},"excerpt":{"rendered":"<p>Con los trabajos de nivelaci\u00f3n y los primeros movimientos de suelo, comenzaron hoy las tareas preliminares en el lugar en donde se instalar\u00e1 el nuevo puente peatonal de Villa Serrana La Gruta, sobre el arroyo Ventana. Durante la presente jornada se efectu\u00f3 el replanteo de obra, que permiti\u00f3 ubicar los sitios donde se implantar\u00e1n las [&hellip;]<\/p>\n","protected":false},"author":1,"featured_media":0,"comment_status":"closed","ping_status":"open","sticky":false,"template":"","format":"standard","meta":{"footnotes":""},"categories":[51,52,53],"tags":[],"class_list":["post-23449","post","type-post","status-publish","format-standard","hentry","category-comunidad","category-destacadas","category-politica"],"yoast_head":"<!-- This site is optimized with the Yoast SEO plugin v19.7.1 - https:\/\/yoast.com\/wordpress\/plugins\/seo\/ -->\n<title>COMENZARON LOS TRABAJOS PRELIMINARES PARA EL NUEVO PUENTE DE LA GRUTA - CELTTV<\/title>\n<meta name=\"description\" content=\"Sitio web de noticias de la localidad de Tornquist, provincia de Buenos Aires, Rep\u00fablica Argentina. Contenido propio originado por periodistas de CELTTV, el canal de TV local de la Cooperativa El\u00e9ctrica de Tornquist. Turismo, Pol\u00edtica, Sociedad, Deporte, Cultura y todo el contenido de inter\u00e9s general que la gente del pueblo y la regi\u00f3n debe conocer.\" \/>\n<meta name=\"robots\" content=\"index, follow, max-snippet:-1, max-image-preview:large, max-video-preview:-1\" \/>\n<link rel=\"canonical\" href=\"https:\/\/www.celttv.com.ar\/index.php\/2014\/09\/13\/comenzaron-los-trabajos-preliminares-para-el-nuevo-puente-de-la-gruta\/\" \/>\n<meta property=\"og:locale\" content=\"es_ES\" \/>\n<meta property=\"og:type\" content=\"article\" \/>\n<meta property=\"og:title\" content=\"COMENZARON LOS TRABAJOS PRELIMINARES PARA EL NUEVO PUENTE DE LA GRUTA - CELTTV\" \/>\n<meta property=\"og:description\" content=\"Sitio web de noticias de la localidad de Tornquist, provincia de Buenos Aires, Rep\u00fablica Argentina. Contenido propio originado por periodistas de CELTTV, el canal de TV local de la Cooperativa El\u00e9ctrica de Tornquist. Turismo, Pol\u00edtica, Sociedad, Deporte, Cultura y todo el contenido de inter\u00e9s general que la gente del pueblo y la regi\u00f3n debe conocer.\" \/>\n<meta property=\"og:url\" content=\"https:\/\/www.celttv.com.ar\/index.php\/2014\/09\/13\/comenzaron-los-trabajos-preliminares-para-el-nuevo-puente-de-la-gruta\/\" \/>\n<meta property=\"og:site_name\" content=\"CELTTV\" \/>\n<meta property=\"article:publisher\" content=\"https:\/\/www.facebook.com\/celtTV\/\" \/>\n<meta property=\"article:published_time\" content=\"2014-09-13T00:10:52+00:00\" \/>\n<meta property=\"og:image\" content=\"http:\/\/www.tvcnoticias.com.ar\/wp-content\/uploads\/2014\/09\/P1070800-1024x768-Medium-450x337.jpg\" \/>\n<meta name=\"author\" content=\"ulises\" \/>\n<meta name=\"twitter:card\" content=\"summary_large_image\" \/>\n<meta name=\"twitter:label1\" content=\"Escrito por\" \/>\n\t<meta name=\"twitter:data1\" content=\"ulises\" \/>\n\t<meta name=\"twitter:label2\" content=\"Tiempo de lectura\" \/>\n\t<meta name=\"twitter:data2\" content=\"2 minutos\" \/>\n<script type=\"application\/ld+json\" class=\"yoast-schema-graph\">{\"@context\":\"https:\/\/schema.org\",\"@graph\":[{\"@type\":\"NewsArticle\",\"@id\":\"https:\/\/www.celttv.com.ar\/index.php\/2014\/09\/13\/comenzaron-los-trabajos-preliminares-para-el-nuevo-puente-de-la-gruta\/#article\",\"isPartOf\":{\"@id\":\"https:\/\/www.celttv.com.ar\/index.php\/2014\/09\/13\/comenzaron-los-trabajos-preliminares-para-el-nuevo-puente-de-la-gruta\/\"},\"author\":{\"name\":\"ulises\",\"@id\":\"https:\/\/www.celttv.com.ar\/#\/schema\/person\/6d99c072dba59953809c81446e9d0ace\"},\"headline\":\"COMENZARON LOS TRABAJOS PRELIMINARES PARA EL NUEVO PUENTE DE LA GRUTA\",\"datePublished\":\"2014-09-13T00:10:52+00:00\",\"dateModified\":\"2014-09-13T00:10:52+00:00\",\"mainEntityOfPage\":{\"@id\":\"https:\/\/www.celttv.com.ar\/index.php\/2014\/09\/13\/comenzaron-los-trabajos-preliminares-para-el-nuevo-puente-de-la-gruta\/\"},\"wordCount\":340,\"publisher\":{\"@id\":\"https:\/\/www.celttv.com.ar\/#organization\"},\"articleSection\":[\"Comunidad\",\"Destacadas\",\"Pol\u00edtica\"],\"inLanguage\":\"es\"},{\"@type\":\"WebPage\",\"@id\":\"https:\/\/www.celttv.com.ar\/index.php\/2014\/09\/13\/comenzaron-los-trabajos-preliminares-para-el-nuevo-puente-de-la-gruta\/\",\"url\":\"https:\/\/www.celttv.com.ar\/index.php\/2014\/09\/13\/comenzaron-los-trabajos-preliminares-para-el-nuevo-puente-de-la-gruta\/\",\"name\":\"COMENZARON LOS TRABAJOS PRELIMINARES PARA EL NUEVO PUENTE DE LA GRUTA - CELTTV\",\"isPartOf\":{\"@id\":\"https:\/\/www.celttv.com.ar\/#website\"},\"datePublished\":\"2014-09-13T00:10:52+00:00\",\"dateModified\":\"2014-09-13T00:10:52+00:00\",\"description\":\"Sitio web de noticias de la localidad de Tornquist, provincia de Buenos Aires, Rep\u00fablica Argentina. Contenido propio originado por periodistas de CELTTV, el canal de TV local de la Cooperativa El\u00e9ctrica de Tornquist. Turismo, Pol\u00edtica, Sociedad, Deporte, Cultura y todo el contenido de inter\u00e9s general que la gente del pueblo y la regi\u00f3n debe conocer.\",\"breadcrumb\":{\"@id\":\"https:\/\/www.celttv.com.ar\/index.php\/2014\/09\/13\/comenzaron-los-trabajos-preliminares-para-el-nuevo-puente-de-la-gruta\/#breadcrumb\"},\"inLanguage\":\"es\",\"potentialAction\":[{\"@type\":\"ReadAction\",\"target\":[\"https:\/\/www.celttv.com.ar\/index.php\/2014\/09\/13\/comenzaron-los-trabajos-preliminares-para-el-nuevo-puente-de-la-gruta\/\"]}]},{\"@type\":\"BreadcrumbList\",\"@id\":\"https:\/\/www.celttv.com.ar\/index.php\/2014\/09\/13\/comenzaron-los-trabajos-preliminares-para-el-nuevo-puente-de-la-gruta\/#breadcrumb\",\"itemListElement\":[{\"@type\":\"ListItem\",\"position\":1,\"name\":\"Inicio\",\"item\":\"https:\/\/www.celttv.com.ar\/\"},{\"@type\":\"ListItem\",\"position\":2,\"name\":\"COMENZARON LOS TRABAJOS PRELIMINARES PARA EL NUEVO PUENTE DE LA GRUTA\"}]},{\"@type\":\"WebSite\",\"@id\":\"https:\/\/www.celttv.com.ar\/#website\",\"url\":\"https:\/\/www.celttv.com.ar\/\",\"name\":\"CELTTV\",\"description\":\"Cooperativa El\u00e9ctrica de Tornquist\",\"publisher\":{\"@id\":\"https:\/\/www.celttv.com.ar\/#organization\"},\"potentialAction\":[{\"@type\":\"SearchAction\",\"target\":{\"@type\":\"EntryPoint\",\"urlTemplate\":\"https:\/\/www.celttv.com.ar\/?s={search_term_string}\"},\"query-input\":\"required name=search_term_string\"}],\"inLanguage\":\"es\"},{\"@type\":\"Organization\",\"@id\":\"https:\/\/www.celttv.com.ar\/#organization\",\"name\":\"CELTTV\",\"url\":\"https:\/\/www.celttv.com.ar\/\",\"sameAs\":[\"https:\/\/www.youtube.com\/channel\/UCz_oIt8Hig64Ub-EmcNPIhg\",\"https:\/\/www.facebook.com\/celtTV\/\"],\"logo\":{\"@type\":\"ImageObject\",\"inLanguage\":\"es\",\"@id\":\"https:\/\/www.celttv.com.ar\/#\/schema\/logo\/image\/\",\"url\":\"http:\/\/www.celttv.com.ar\/wp-content\/uploads\/2022\/08\/logo-1.png\",\"contentUrl\":\"http:\/\/www.celttv.com.ar\/wp-content\/uploads\/2022\/08\/logo-1.png\",\"width\":461,\"height\":159,\"caption\":\"CELTTV\"},\"image\":{\"@id\":\"https:\/\/www.celttv.com.ar\/#\/schema\/logo\/image\/\"}},{\"@type\":\"Person\",\"@id\":\"https:\/\/www.celttv.com.ar\/#\/schema\/person\/6d99c072dba59953809c81446e9d0ace\",\"name\":\"ulises\",\"image\":{\"@type\":\"ImageObject\",\"inLanguage\":\"es\",\"@id\":\"https:\/\/www.celttv.com.ar\/#\/schema\/person\/image\/\",\"url\":\"https:\/\/secure.gravatar.com\/avatar\/7f2c48bdc33b30088f941fb6082e555f2874c98e20cb159d7b92b50eadfce793?s=96&d=mm&r=g\",\"contentUrl\":\"https:\/\/secure.gravatar.com\/avatar\/7f2c48bdc33b30088f941fb6082e555f2874c98e20cb159d7b92b50eadfce793?s=96&d=mm&r=g\",\"caption\":\"ulises\"},\"sameAs\":[\"http:\/\/www.celttv.com.ar\"]}]}<\/script>\n<!-- \/ Yoast SEO plugin. -->","yoast_head_json":{"title":"COMENZARON LOS TRABAJOS PRELIMINARES PARA EL NUEVO PUENTE DE LA GRUTA - CELTTV","description":"Sitio web de noticias de la localidad de Tornquist, provincia de Buenos Aires, Rep\u00fablica Argentina. Contenido propio originado por periodistas de CELTTV, el canal de TV local de la Cooperativa El\u00e9ctrica de Tornquist. Turismo, Pol\u00edtica, Sociedad, Deporte, Cultura y todo el contenido de inter\u00e9s general que la gente del pueblo y la regi\u00f3n debe conocer.","robots":{"index":"index","follow":"follow","max-snippet":"max-snippet:-1","max-image-preview":"max-image-preview:large","max-video-preview":"max-video-preview:-1"},"canonical":"https:\/\/www.celttv.com.ar\/index.php\/2014\/09\/13\/comenzaron-los-trabajos-preliminares-para-el-nuevo-puente-de-la-gruta\/","og_locale":"es_ES","og_type":"article","og_title":"COMENZARON LOS TRABAJOS PRELIMINARES PARA EL NUEVO PUENTE DE LA GRUTA - CELTTV","og_description":"Sitio web de noticias de la localidad de Tornquist, provincia de Buenos Aires, Rep\u00fablica Argentina. Contenido propio originado por periodistas de CELTTV, el canal de TV local de la Cooperativa El\u00e9ctrica de Tornquist. Turismo, Pol\u00edtica, Sociedad, Deporte, Cultura y todo el contenido de inter\u00e9s general que la gente del pueblo y la regi\u00f3n debe conocer.","og_url":"https:\/\/www.celttv.com.ar\/index.php\/2014\/09\/13\/comenzaron-los-trabajos-preliminares-para-el-nuevo-puente-de-la-gruta\/","og_site_name":"CELTTV","article_publisher":"https:\/\/www.facebook.com\/celtTV\/","article_published_time":"2014-09-13T00:10:52+00:00","og_image":[{"url":"http:\/\/www.tvcnoticias.com.ar\/wp-content\/uploads\/2014\/09\/P1070800-1024x768-Medium-450x337.jpg"}],"author":"ulises","twitter_card":"summary_large_image","twitter_misc":{"Escrito por":"ulises","Tiempo de lectura":"2 minutos"},"schema":{"@context":"https:\/\/schema.org","@graph":[{"@type":"NewsArticle","@id":"https:\/\/www.celttv.com.ar\/index.php\/2014\/09\/13\/comenzaron-los-trabajos-preliminares-para-el-nuevo-puente-de-la-gruta\/#article","isPartOf":{"@id":"https:\/\/www.celttv.com.ar\/index.php\/2014\/09\/13\/comenzaron-los-trabajos-preliminares-para-el-nuevo-puente-de-la-gruta\/"},"author":{"name":"ulises","@id":"https:\/\/www.celttv.com.ar\/#\/schema\/person\/6d99c072dba59953809c81446e9d0ace"},"headline":"COMENZARON LOS TRABAJOS PRELIMINARES PARA EL NUEVO PUENTE DE LA GRUTA","datePublished":"2014-09-13T00:10:52+00:00","dateModified":"2014-09-13T00:10:52+00:00","mainEntityOfPage":{"@id":"https:\/\/www.celttv.com.ar\/index.php\/2014\/09\/13\/comenzaron-los-trabajos-preliminares-para-el-nuevo-puente-de-la-gruta\/"},"wordCount":340,"publisher":{"@id":"https:\/\/www.celttv.com.ar\/#organization"},"articleSection":["Comunidad","Destacadas","Pol\u00edtica"],"inLanguage":"es"},{"@type":"WebPage","@id":"https:\/\/www.celttv.com.ar\/index.php\/2014\/09\/13\/comenzaron-los-trabajos-preliminares-para-el-nuevo-puente-de-la-gruta\/","url":"https:\/\/www.celttv.com.ar\/index.php\/2014\/09\/13\/comenzaron-los-trabajos-preliminares-para-el-nuevo-puente-de-la-gruta\/","name":"COMENZARON LOS TRABAJOS PRELIMINARES PARA EL NUEVO PUENTE DE LA GRUTA - CELTTV","isPartOf":{"@id":"https:\/\/www.celttv.com.ar\/#website"},"datePublished":"2014-09-13T00:10:52+00:00","dateModified":"2014-09-13T00:10:52+00:00","description":"Sitio web de noticias de la localidad de Tornquist, provincia de Buenos Aires, Rep\u00fablica Argentina. Contenido propio originado por periodistas de CELTTV, el canal de TV local de la Cooperativa El\u00e9ctrica de Tornquist. Turismo, Pol\u00edtica, Sociedad, Deporte, Cultura y todo el contenido de inter\u00e9s general que la gente del pueblo y la regi\u00f3n debe conocer.","breadcrumb":{"@id":"https:\/\/www.celttv.com.ar\/index.php\/2014\/09\/13\/comenzaron-los-trabajos-preliminares-para-el-nuevo-puente-de-la-gruta\/#breadcrumb"},"inLanguage":"es","potentialAction":[{"@type":"ReadAction","target":["https:\/\/www.celttv.com.ar\/index.php\/2014\/09\/13\/comenzaron-los-trabajos-preliminares-para-el-nuevo-puente-de-la-gruta\/"]}]},{"@type":"BreadcrumbList","@id":"https:\/\/www.celttv.com.ar\/index.php\/2014\/09\/13\/comenzaron-los-trabajos-preliminares-para-el-nuevo-puente-de-la-gruta\/#breadcrumb","itemListElement":[{"@type":"ListItem","position":1,"name":"Inicio","item":"https:\/\/www.celttv.com.ar\/"},{"@type":"ListItem","position":2,"name":"COMENZARON LOS TRABAJOS PRELIMINARES PARA EL NUEVO PUENTE DE LA GRUTA"}]},{"@type":"WebSite","@id":"https:\/\/www.celttv.com.ar\/#website","url":"https:\/\/www.celttv.com.ar\/","name":"CELTTV","description":"Cooperativa El\u00e9ctrica de Tornquist","publisher":{"@id":"https:\/\/www.celttv.com.ar\/#organization"},"potentialAction":[{"@type":"SearchAction","target":{"@type":"EntryPoint","urlTemplate":"https:\/\/www.celttv.com.ar\/?s={search_term_string}"},"query-input":"required name=search_term_string"}],"inLanguage":"es"},{"@type":"Organization","@id":"https:\/\/www.celttv.com.ar\/#organization","name":"CELTTV","url":"https:\/\/www.celttv.com.ar\/","sameAs":["https:\/\/www.youtube.com\/channel\/UCz_oIt8Hig64Ub-EmcNPIhg","https:\/\/www.facebook.com\/celtTV\/"],"logo":{"@type":"ImageObject","inLanguage":"es","@id":"https:\/\/www.celttv.com.ar\/#\/schema\/logo\/image\/","url":"http:\/\/www.celttv.com.ar\/wp-content\/uploads\/2022\/08\/logo-1.png","contentUrl":"http:\/\/www.celttv.com.ar\/wp-content\/uploads\/2022\/08\/logo-1.png","width":461,"height":159,"caption":"CELTTV"},"image":{"@id":"https:\/\/www.celttv.com.ar\/#\/schema\/logo\/image\/"}},{"@type":"Person","@id":"https:\/\/www.celttv.com.ar\/#\/schema\/person\/6d99c072dba59953809c81446e9d0ace","name":"ulises","image":{"@type":"ImageObject","inLanguage":"es","@id":"https:\/\/www.celttv.com.ar\/#\/schema\/person\/image\/","url":"https:\/\/secure.gravatar.com\/avatar\/7f2c48bdc33b30088f941fb6082e555f2874c98e20cb159d7b92b50eadfce793?s=96&d=mm&r=g","contentUrl":"https:\/\/secure.gravatar.com\/avatar\/7f2c48bdc33b30088f941fb6082e555f2874c98e20cb159d7b92b50eadfce793?s=96&d=mm&r=g","caption":"ulises"},"sameAs":["http:\/\/www.celttv.com.ar"]}]}},"_links":{"self":[{"href":"https:\/\/www.celttv.com.ar\/index.php\/wp-json\/wp\/v2\/posts\/23449","targetHints":{"allow":["GET"]}}],"collection":[{"href":"https:\/\/www.celttv.com.ar\/index.php\/wp-json\/wp\/v2\/posts"}],"about":[{"href":"https:\/\/www.celttv.com.ar\/index.php\/wp-json\/wp\/v2\/types\/post"}],"author":[{"embeddable":true,"href":"https:\/\/www.celttv.com.ar\/index.php\/wp-json\/wp\/v2\/users\/1"}],"replies":[{"embeddable":true,"href":"https:\/\/www.celttv.com.ar\/index.php\/wp-json\/wp\/v2\/comments?post=23449"}],"version-history":[{"count":0,"href":"https:\/\/www.celttv.com.ar\/index.php\/wp-json\/wp\/v2\/posts\/23449\/revisions"}],"wp:attachment":[{"href":"https:\/\/www.celttv.com.ar\/index.php\/wp-json\/wp\/v2\/media?parent=23449"}],"wp:term":[{"taxonomy":"category","embeddable":true,"href":"https:\/\/www.celttv.com.ar\/index.php\/wp-json\/wp\/v2\/categories?post=23449"},{"taxonomy":"post_tag","embeddable":true,"href":"https:\/\/www.celttv.com.ar\/index.php\/wp-json\/wp\/v2\/tags?post=23449"}],"curies":[{"name":"wp","href":"https:\/\/api.w.org\/{rel}","templated":true}]}}