{"id":23475,"date":"2014-09-14T23:00:59","date_gmt":"2014-09-14T23:00:59","guid":{"rendered":"http:\/\/www.tvcnoticias.com.ar\/?p=23475"},"modified":"2014-09-14T23:00:59","modified_gmt":"2014-09-14T23:00:59","slug":"tornquist-vibro-con-una-exitosa-fiesta-atletica","status":"publish","type":"post","link":"https:\/\/www.celttv.com.ar\/index.php\/2014\/09\/14\/tornquist-vibro-con-una-exitosa-fiesta-atletica\/","title":{"rendered":"TORNQUIST VIBRO CON UNA EXITOSA FIESTA ATLETICA"},"content":{"rendered":"<p><a rel=\"attachment wp-att-23477\" href=\"http:\/\/www.tvcnoticias.com.ar\/?attachment_id=23477\"><img loading=\"lazy\" decoding=\"async\" class=\"aligncenter size-medium wp-image-23477\" title=\"001 (1024x683) (Small)\" src=\"http:\/\/www.tvcnoticias.com.ar\/wp-content\/uploads\/2014\/09\/001-1024x683-Small-450x300.jpg\" alt=\"\" width=\"450\" height=\"300\" \/><\/a><br \/>\nEl pringlense Hern\u00e1n Molina, el uruguayo (radicado en Coronel Su\u00e1rez) Juan Chuminati, la bonaerense Eveli Koch y la local Sonia Gonz\u00e1lez se convirtieron en los ganadores de las diferentes distancias de la 1\u00aa Carrea Aventura \u201cTornquist Para Vos\u201d, que se desarroll\u00f3 en la soleada ma\u00f1ana de hoy en la ciudad cabecera del distrito, con la organizaci\u00f3n de la Secretar\u00eda de Turismo, Cultura y Deportes de la Municipalidad de Tornquist.<br \/>\nAlrededor de 700 participantes reuni\u00f3 la prueba llevada a cabo por calles del ejido urbano y el sector serrano circundante, entre las distancias competitivas de 8 y 14 kil\u00f3metros y la caminata saludable de 4 kil\u00f3metros, que cont\u00f3 con la participaci\u00f3n de much\u00edsimos vecinos de la comunidad, entre ellos, el hist\u00f3rico Omar \u201cTito\u201d Mold\u00fa, quien fue reconocido por su hist\u00f3rica trayectoria.<br \/>\nRespecto de las distancias competitivas, Molina sorte\u00f3 con mucha destreza la dificultad del terreno (los competidores destacaron el circuito) para cruzar primero la meta entre los atletas inscriptos en los 14k, con un tiempo de 55m15s, seguido por Eladio Helguera (Trenque Lauquen) con 56m34s y Fernando Anguiano (Pig\u00fc\u00e9) con 59m09s. El mejor ubicado del distrito result\u00f3 el ventanense Pablo Mayer, en el sexto lugar.<br \/>\nEntre las damas, Eveli Koch, de Villa Ballester, domin\u00f3 la prueba con un tiempo de 1h 07m 56s, seguida por las tornquistenses Patricia Pellizza (1h 12m 57s) y Andrea Lencia (1h 13m 15s).<br \/>\nEn cuanto a la restante distancia, de 8 kil\u00f3metros de recorrido, Juan Chuminati finaliz\u00f3 en 32m49s, para vencer por un holgado minuto de distancia al bahiense Mat\u00edas Mill\u00e1n. El tercer lugar le correspondi\u00f3 a otro hist\u00f3rico de la ciudad cabecera, Omar Mold\u00fa (h), de gran carrera, con 35m53s.<br \/>\nLa general de mujeres qued\u00f3 en poder de otra atleta local, Sonia Gonz\u00e1lez, quien gan\u00f3 despu\u00e9s de cubrir el exigente trazado en 44m20s. La siguieron la bahiense Paula Boschero (44m26s) y la pig\u00fcense (radicada en Tornquist) Mar\u00eda Laura Krieger (46m34s).<br \/>\n\u201cEstamos muy felices porque demand\u00f3 mucho tiempo de organizaci\u00f3n y mucho esfuerzo. Quiero agradecerle a toda la gente de la Secretar\u00eda de Turismo municipal, a los integrantes Obras P\u00fablicas, a Gobienro y Hacienda, a algunos comerciantes que se acercaron y contribuyeron tambi\u00e9n con la organizaci\u00f3n y el sponsoreo, a la gente del Correo Argentino, a Cultura de Naci\u00f3n, a los due\u00f1os de los campos por los cuales atravesamos y a Bah\u00eda Corre\u201d, destac\u00f3 el intendente municipal, licenciado Gustavo Trankels.<br \/>\n\u201cEn este tipo de actividades, la utilizaci\u00f3n de las sierras como parte del recorrido es algo que tiene mucha aceptaci\u00f3n, de la mano con nuestro entorno natural y el potencial tur\u00edstico que tiene. Esta es una forma de difundirlo, porque esto se transmite boca a boca. La intenci\u00f3n es instalar esta fecha en Tornquist y que sea un atractivo que se mantenga en el tiempo, para que lo disfruten los tornquistenses y sea una puerta de promoci\u00f3n\u201d, rescat\u00f3.<br \/>\nLa caminata cont\u00f3 con la aceptaci\u00f3n de la gente de la ciudad, que se sum\u00f3 en familia para participar de una jornada diferente, que pretende instalarse como parte del programa de actividades del distrito.<br \/>\n\u201cDado el \u00e9xito que tuvo esta iniciativa, para\u00a0 la pr\u00f3xima el desaf\u00edo ser\u00e1 mayor. Tendremos que redoblar el esfuerzo. Estamos contentos por la respuesta de la gente de Tornquist. Queremos que esta sea la fiesta de la localidad, de todo el pueblo. Hay cosas que ya estamos pensando para el pr\u00f3ximo a\u00f1o\u201d, esgrimi\u00f3, a su turno, Leandro Pascale, secretario de Turismo, Cultura y Deportes de la comuna.<br \/>\n&nbsp;<br \/>\n<strong>Todos los resultados<\/strong><br \/>\n<strong>14 kil\u00f3metros<\/strong><br \/>\n<strong>Femenino<\/strong><br \/>\n&#8211;\u00a0\u00a0\u00a0\u00a0\u00a0\u00a0\u00a0\u00a0\u00a0 General: 1) Eveli Koch (Villa Ballester); 2) Patricia Pelizza (Tornquist); 3) Andrea Lencina (Tornquist); 4) Romina Pettinari (Tornquist); 5) Paula Kugler (Bah\u00eda Blanca); 6) Mar\u00eda de los Angeles Vega (C. Su\u00e1rez); 7) Mar\u00eda A. Montes (Salliquel\u00f3); 8) Marisa Holzman (Carhu\u00e9); 9) Antonella Yaeger (B. Blanca); 10) Mirta Leiva (Salliquel\u00f3).<br \/>\n&#8211;\u00a0\u00a0\u00a0\u00a0\u00a0\u00a0\u00a0\u00a0\u00a0 De 17 a 29 a\u00f1os: 1) Paula Kugler (Bah\u00eda Blanca); 2) Antonella Yaeger (B. Blanca); 3) Pamela Zwenger (B. Blanca).<br \/>\n&#8211;\u00a0\u00a0\u00a0\u00a0\u00a0\u00a0\u00a0\u00a0\u00a0 De 30 a 34 a\u00f1os: 1) Eveli Koch (Villa Ballester); 2) Andrea Lencina (Tornquist); Mar\u00eda de los Angeles Vega (C. Su\u00e1rez).<br \/>\n&#8211;\u00a0\u00a0\u00a0\u00a0\u00a0\u00a0\u00a0\u00a0\u00a0 De 35 a 39 a\u00f1os: Patricia Pelizza (Tornquist).<br \/>\n&#8211;\u00a0\u00a0\u00a0\u00a0\u00a0\u00a0\u00a0\u00a0\u00a0 De 40 a 44 a\u00f1os: 1) Romina Pettinari (Tornquist);\u00a0 2) Mar\u00eda A. Montes (Salliquel\u00f3).<br \/>\n&#8211;\u00a0\u00a0\u00a0\u00a0\u00a0\u00a0\u00a0\u00a0\u00a0 De 45 a 49 a\u00f1os: 1) Marisa Holzman (Carhu\u00e9); 2) Mirta Leiva (Salliquel\u00f3).<br \/>\n<strong>Masculino<\/strong><br \/>\n&#8211;\u00a0\u00a0\u00a0\u00a0\u00a0\u00a0\u00a0\u00a0\u00a0 General: 1) Hern\u00e1n Molina (C. Pringles); 2) Eladio Helguera (Trenque Lauquen); 3) Fernando Anguiano (Pig\u00fc\u00e9); 4) Sergio Cuello (Punta Alta); 5) Jorge Carrera (B. Blanca); 6) Pablo Mayer (S. de la Ventana); 7) Lucas S\u00e1nchez (B. Blanca); 8) Sergio Funk (B. Blanca); 9) Guillermo Cuesta (B. Blanca); 10) Edgardo Ruppel (B. Blanca).<br \/>\n&#8211;\u00a0\u00a0\u00a0\u00a0\u00a0\u00a0\u00a0\u00a0\u00a0 De 17 a 29 a\u00f1os: 1) Lucas S\u00e1nchez (B. Blanca); 2) Maximiliano Sandoval (B. Blanca).<br \/>\n&#8211;\u00a0\u00a0\u00a0\u00a0\u00a0\u00a0\u00a0\u00a0\u00a0 De 30 a 34 a\u00f1os: 1) Sergio Funk (B. Blanca); 2) Edgardo Ruppel (B. Blanca); 3) Jorge Vega (B. Blanca).<br \/>\n&#8211;\u00a0\u00a0\u00a0\u00a0\u00a0\u00a0\u00a0\u00a0\u00a0 De 35 a 39 a\u00f1os: 1) Hern\u00e1n Molina (C. Pringles); 2) Jorge Carrera (B. Blanca); 3) Dar\u00edo N\u00fa\u00f1ez (BN. Blanca).<br \/>\n&#8211;\u00a0\u00a0\u00a0\u00a0\u00a0\u00a0\u00a0\u00a0\u00a0 De 40 a 44 a\u00f1os: 1) Sergio Cuello (P. Alta); 2) Juan Toledo (B. Blanca); 3) Fabio Fidalgo (Cabildo).<br \/>\n&#8211;\u00a0\u00a0\u00a0\u00a0\u00a0\u00a0\u00a0\u00a0\u00a0 De 45 a 49 a\u00f1os: 1) Heladio Elguera (Trenque Lauquen); 2) Fernando Anguiano (Pig\u00fc\u00e9); 3) Pablo Mayer (S. de la Ventana).<br \/>\n&#8211;\u00a0\u00a0\u00a0\u00a0\u00a0\u00a0\u00a0\u00a0\u00a0 De 50 a 54 a\u00f1os: 1) Walter Prieto (Tornquist); 2) Sergio Guarco (Villa Ballester); 3) Horacio Echevarr\u00eda (B. Blanca).<br \/>\n&#8211;\u00a0\u00a0\u00a0\u00a0\u00a0\u00a0\u00a0\u00a0\u00a0 De 55 a 59 a\u00f1os: 1) Oscar Bilotti (B. Blanca); 2) Horacio Maldonado (Tornquist); 3) Daniel Nash (B. Blanca).<br \/>\n&#8211;\u00a0\u00a0\u00a0\u00a0\u00a0\u00a0\u00a0\u00a0\u00a0 De 60 a 64 a\u00f1os: 1) Luis Munz (B. Blanca).<br \/>\n<strong>8 kil\u00f3metros<\/strong><br \/>\n<strong>Femenino<\/strong><br \/>\n&#8211;\u00a0\u00a0\u00a0\u00a0\u00a0\u00a0\u00a0\u00a0\u00a0 General: 1) Sonia Gonz\u00e1lez (Tornquist); 2) Paula Boschero (B. Blanca); 3) Mar\u00eda L. Krieger (Pig\u00fc\u00e9); 4) Claudia Marcos (Tornquist); 5) Claudia Piedrabuena (Tornquist); 6) Mar\u00eda S. G\u00f3mez (B. Blanca); 7) Marcela Rey (Tornquist), 8) Valeria Corna (Trenque Lauquen); 9) Stella Palavecino (B. Blanca); 10) Mabel Corvo (Villa Ventana).<strong> <\/strong><br \/>\n&#8211;\u00a0\u00a0\u00a0\u00a0\u00a0\u00a0\u00a0\u00a0\u00a0 De 17 a 29 a\u00f1os: 1) Mar\u00eda G\u00f3mez (B. Blanca); 2) Valeria Corna (Trenque Lauquen); 3) Juliana Santini (Saldungaray).<strong><\/strong><br \/>\n&#8211;\u00a0\u00a0\u00a0\u00a0\u00a0\u00a0\u00a0\u00a0\u00a0 De 30 a 39 a\u00f1os: 1) Paula Boschero (B. Blanca); 2) Mar\u00eda L. Krieger (Pig\u00fc\u00e9); 3) Eugenia Rueda (Tornquist).<strong><\/strong><br \/>\n&#8211;\u00a0\u00a0\u00a0\u00a0\u00a0\u00a0\u00a0\u00a0\u00a0 De 40 a 49 a\u00f1os: 1) Sonia Gonz\u00e1lez (Tornquist); 2) Claudia Marcos (Tornquist); 3) Claudia Piedrabuena (Tornquist).<strong><\/strong><br \/>\n&#8211;\u00a0\u00a0\u00a0\u00a0\u00a0\u00a0\u00a0\u00a0\u00a0 M\u00e1s de 60 a\u00f1os: 1) Stella Palavecino (B. Blanca).<strong><\/strong><br \/>\n<strong>Masculino<\/strong><br \/>\n&#8211;\u00a0\u00a0\u00a0\u00a0\u00a0\u00a0\u00a0\u00a0\u00a0 General: 1) Juan C. Chuminati (C. Su\u00e1rez); 2) Mat\u00edas Mill\u00e1n (B. Blanca); 3) Omar Mold\u00fa (Tornquist); 4) Pablo Palavecino (Tornquist); 5) Pablo Dalinger (Carhui\u00e9); 6) Fabi\u00e1n Andrade (B. Blanca); 7) Fernando Maier (Tornquist); 8) Eduardo Godoy (Tornquist); 9) Claudio Otero (C. Su\u00e1rez); 10) Diego Artiles (Tornquist).<strong><\/strong><br \/>\n&#8211;\u00a0\u00a0\u00a0\u00a0\u00a0\u00a0\u00a0\u00a0\u00a0 De 17 a 29 a\u00f1os: 1) Juan C. Chuminati (C. Su\u00e1rez); 2) Mat\u00edas Mill\u00e1n (B. Blanca); 3) Nicol\u00e1s V\u00f3gel (B. Blanca).<br \/>\n&#8211;\u00a0\u00a0\u00a0\u00a0\u00a0\u00a0\u00a0\u00a0\u00a0 De 30 a 39 a\u00f1os: 1) Pablo Palavecino (Tornquist); 2) Pablo Dalinger (Carhu\u00e9); 3) Eduardo Godoy (Tornquist).<br \/>\n&#8211;\u00a0\u00a0\u00a0\u00a0\u00a0\u00a0\u00a0\u00a0\u00a0 De 40 a 49 a\u00f1os: 1) Fabi\u00e1n Andrade (B. Blanca); 2) Fernando Maier (Tornquist); 3) Hugo Moraga (Tornquist).<br \/>\n&#8211;\u00a0\u00a0\u00a0\u00a0\u00a0\u00a0\u00a0\u00a0\u00a0 De 50 a 59 a\u00f1os: 1) Omar Mold\u00fa (Tornquist); 2) Walter Bacci (Tornquist).<br \/>\n&nbsp;<br \/>\nPrensa Municipalidad de Tornquist (<a href=\"mailto:prensa@tornquist.gov.ar\">prensa@tornquist.gov.ar<\/a>)<br \/>\nTwitter: @prensatornquist<br \/>\n<span style=\"text-decoration: underline;\"><a href=\"http:\/\/www.tornquist.gob.ar\/\">www.tornquist.gob.ar<\/a><\/span><br \/>\n&nbsp;<br \/>\n&nbsp;<\/p>\n","protected":false},"excerpt":{"rendered":"<p>El pringlense Hern\u00e1n Molina, el uruguayo (radicado en Coronel Su\u00e1rez) Juan Chuminati, la bonaerense Eveli Koch y la local Sonia Gonz\u00e1lez se convirtieron en los ganadores de las diferentes distancias de la 1\u00aa Carrea Aventura \u201cTornquist Para Vos\u201d, que se desarroll\u00f3 en la soleada ma\u00f1ana de hoy en la ciudad cabecera del distrito, con la [&hellip;]<\/p>\n","protected":false},"author":1,"featured_media":0,"comment_status":"closed","ping_status":"open","sticky":false,"template":"","format":"standard","meta":{"footnotes":""},"categories":[60,52,53],"tags":[],"class_list":["post-23475","post","type-post","status-publish","format-standard","hentry","category-deporte","category-destacadas","category-politica"],"yoast_head":"<!-- This site is optimized with the Yoast SEO plugin v19.7.1 - https:\/\/yoast.com\/wordpress\/plugins\/seo\/ -->\n<title>TORNQUIST VIBRO CON UNA EXITOSA FIESTA ATLETICA - CELTTV<\/title>\n<meta name=\"description\" content=\"Sitio web de noticias de la localidad de Tornquist, provincia de Buenos Aires, Rep\u00fablica Argentina. Contenido propio originado por periodistas de CELTTV, el canal de TV local de la Cooperativa El\u00e9ctrica de Tornquist. Turismo, Pol\u00edtica, Sociedad, Deporte, Cultura y todo el contenido de inter\u00e9s general que la gente del pueblo y la regi\u00f3n debe conocer.\" \/>\n<meta name=\"robots\" content=\"index, follow, max-snippet:-1, max-image-preview:large, max-video-preview:-1\" \/>\n<link rel=\"canonical\" href=\"https:\/\/www.celttv.com.ar\/index.php\/2014\/09\/14\/tornquist-vibro-con-una-exitosa-fiesta-atletica\/\" \/>\n<meta property=\"og:locale\" content=\"es_ES\" \/>\n<meta property=\"og:type\" content=\"article\" \/>\n<meta property=\"og:title\" content=\"TORNQUIST VIBRO CON UNA EXITOSA FIESTA ATLETICA - CELTTV\" \/>\n<meta property=\"og:description\" content=\"Sitio web de noticias de la localidad de Tornquist, provincia de Buenos Aires, Rep\u00fablica Argentina. Contenido propio originado por periodistas de CELTTV, el canal de TV local de la Cooperativa El\u00e9ctrica de Tornquist. Turismo, Pol\u00edtica, Sociedad, Deporte, Cultura y todo el contenido de inter\u00e9s general que la gente del pueblo y la regi\u00f3n debe conocer.\" \/>\n<meta property=\"og:url\" content=\"https:\/\/www.celttv.com.ar\/index.php\/2014\/09\/14\/tornquist-vibro-con-una-exitosa-fiesta-atletica\/\" \/>\n<meta property=\"og:site_name\" content=\"CELTTV\" \/>\n<meta property=\"article:publisher\" content=\"https:\/\/www.facebook.com\/celtTV\/\" \/>\n<meta property=\"article:published_time\" content=\"2014-09-14T23:00:59+00:00\" \/>\n<meta property=\"og:image\" content=\"http:\/\/www.tvcnoticias.com.ar\/wp-content\/uploads\/2014\/09\/001-1024x683-Small-450x300.jpg\" \/>\n<meta name=\"author\" content=\"ulises\" \/>\n<meta name=\"twitter:card\" content=\"summary_large_image\" \/>\n<meta name=\"twitter:label1\" content=\"Escrito por\" \/>\n\t<meta name=\"twitter:data1\" content=\"ulises\" \/>\n\t<meta name=\"twitter:label2\" content=\"Tiempo de lectura\" \/>\n\t<meta name=\"twitter:data2\" content=\"6 minutos\" \/>\n<script type=\"application\/ld+json\" class=\"yoast-schema-graph\">{\"@context\":\"https:\/\/schema.org\",\"@graph\":[{\"@type\":\"NewsArticle\",\"@id\":\"https:\/\/www.celttv.com.ar\/index.php\/2014\/09\/14\/tornquist-vibro-con-una-exitosa-fiesta-atletica\/#article\",\"isPartOf\":{\"@id\":\"https:\/\/www.celttv.com.ar\/index.php\/2014\/09\/14\/tornquist-vibro-con-una-exitosa-fiesta-atletica\/\"},\"author\":{\"name\":\"ulises\",\"@id\":\"https:\/\/www.celttv.com.ar\/#\/schema\/person\/6d99c072dba59953809c81446e9d0ace\"},\"headline\":\"TORNQUIST VIBRO CON UNA EXITOSA FIESTA ATLETICA\",\"datePublished\":\"2014-09-14T23:00:59+00:00\",\"dateModified\":\"2014-09-14T23:00:59+00:00\",\"mainEntityOfPage\":{\"@id\":\"https:\/\/www.celttv.com.ar\/index.php\/2014\/09\/14\/tornquist-vibro-con-una-exitosa-fiesta-atletica\/\"},\"wordCount\":1149,\"publisher\":{\"@id\":\"https:\/\/www.celttv.com.ar\/#organization\"},\"articleSection\":[\"Deporte\",\"Destacadas\",\"Pol\u00edtica\"],\"inLanguage\":\"es\"},{\"@type\":\"WebPage\",\"@id\":\"https:\/\/www.celttv.com.ar\/index.php\/2014\/09\/14\/tornquist-vibro-con-una-exitosa-fiesta-atletica\/\",\"url\":\"https:\/\/www.celttv.com.ar\/index.php\/2014\/09\/14\/tornquist-vibro-con-una-exitosa-fiesta-atletica\/\",\"name\":\"TORNQUIST VIBRO CON UNA EXITOSA FIESTA ATLETICA - CELTTV\",\"isPartOf\":{\"@id\":\"https:\/\/www.celttv.com.ar\/#website\"},\"datePublished\":\"2014-09-14T23:00:59+00:00\",\"dateModified\":\"2014-09-14T23:00:59+00:00\",\"description\":\"Sitio web de noticias de la localidad de Tornquist, provincia de Buenos Aires, Rep\u00fablica Argentina. Contenido propio originado por periodistas de CELTTV, el canal de TV local de la Cooperativa El\u00e9ctrica de Tornquist. Turismo, Pol\u00edtica, Sociedad, Deporte, Cultura y todo el contenido de inter\u00e9s general que la gente del pueblo y la regi\u00f3n debe conocer.\",\"breadcrumb\":{\"@id\":\"https:\/\/www.celttv.com.ar\/index.php\/2014\/09\/14\/tornquist-vibro-con-una-exitosa-fiesta-atletica\/#breadcrumb\"},\"inLanguage\":\"es\",\"potentialAction\":[{\"@type\":\"ReadAction\",\"target\":[\"https:\/\/www.celttv.com.ar\/index.php\/2014\/09\/14\/tornquist-vibro-con-una-exitosa-fiesta-atletica\/\"]}]},{\"@type\":\"BreadcrumbList\",\"@id\":\"https:\/\/www.celttv.com.ar\/index.php\/2014\/09\/14\/tornquist-vibro-con-una-exitosa-fiesta-atletica\/#breadcrumb\",\"itemListElement\":[{\"@type\":\"ListItem\",\"position\":1,\"name\":\"Inicio\",\"item\":\"https:\/\/www.celttv.com.ar\/\"},{\"@type\":\"ListItem\",\"position\":2,\"name\":\"TORNQUIST VIBRO CON UNA EXITOSA FIESTA ATLETICA\"}]},{\"@type\":\"WebSite\",\"@id\":\"https:\/\/www.celttv.com.ar\/#website\",\"url\":\"https:\/\/www.celttv.com.ar\/\",\"name\":\"CELTTV\",\"description\":\"Cooperativa El\u00e9ctrica de Tornquist\",\"publisher\":{\"@id\":\"https:\/\/www.celttv.com.ar\/#organization\"},\"potentialAction\":[{\"@type\":\"SearchAction\",\"target\":{\"@type\":\"EntryPoint\",\"urlTemplate\":\"https:\/\/www.celttv.com.ar\/?s={search_term_string}\"},\"query-input\":\"required name=search_term_string\"}],\"inLanguage\":\"es\"},{\"@type\":\"Organization\",\"@id\":\"https:\/\/www.celttv.com.ar\/#organization\",\"name\":\"CELTTV\",\"url\":\"https:\/\/www.celttv.com.ar\/\",\"sameAs\":[\"https:\/\/www.youtube.com\/channel\/UCz_oIt8Hig64Ub-EmcNPIhg\",\"https:\/\/www.facebook.com\/celtTV\/\"],\"logo\":{\"@type\":\"ImageObject\",\"inLanguage\":\"es\",\"@id\":\"https:\/\/www.celttv.com.ar\/#\/schema\/logo\/image\/\",\"url\":\"http:\/\/www.celttv.com.ar\/wp-content\/uploads\/2022\/08\/logo-1.png\",\"contentUrl\":\"http:\/\/www.celttv.com.ar\/wp-content\/uploads\/2022\/08\/logo-1.png\",\"width\":461,\"height\":159,\"caption\":\"CELTTV\"},\"image\":{\"@id\":\"https:\/\/www.celttv.com.ar\/#\/schema\/logo\/image\/\"}},{\"@type\":\"Person\",\"@id\":\"https:\/\/www.celttv.com.ar\/#\/schema\/person\/6d99c072dba59953809c81446e9d0ace\",\"name\":\"ulises\",\"image\":{\"@type\":\"ImageObject\",\"inLanguage\":\"es\",\"@id\":\"https:\/\/www.celttv.com.ar\/#\/schema\/person\/image\/\",\"url\":\"https:\/\/secure.gravatar.com\/avatar\/7f2c48bdc33b30088f941fb6082e555f2874c98e20cb159d7b92b50eadfce793?s=96&d=mm&r=g\",\"contentUrl\":\"https:\/\/secure.gravatar.com\/avatar\/7f2c48bdc33b30088f941fb6082e555f2874c98e20cb159d7b92b50eadfce793?s=96&d=mm&r=g\",\"caption\":\"ulises\"},\"sameAs\":[\"http:\/\/www.celttv.com.ar\"]}]}<\/script>\n<!-- \/ Yoast SEO plugin. -->","yoast_head_json":{"title":"TORNQUIST VIBRO CON UNA EXITOSA FIESTA ATLETICA - CELTTV","description":"Sitio web de noticias de la localidad de Tornquist, provincia de Buenos Aires, Rep\u00fablica Argentina. Contenido propio originado por periodistas de CELTTV, el canal de TV local de la Cooperativa El\u00e9ctrica de Tornquist. Turismo, Pol\u00edtica, Sociedad, Deporte, Cultura y todo el contenido de inter\u00e9s general que la gente del pueblo y la regi\u00f3n debe conocer.","robots":{"index":"index","follow":"follow","max-snippet":"max-snippet:-1","max-image-preview":"max-image-preview:large","max-video-preview":"max-video-preview:-1"},"canonical":"https:\/\/www.celttv.com.ar\/index.php\/2014\/09\/14\/tornquist-vibro-con-una-exitosa-fiesta-atletica\/","og_locale":"es_ES","og_type":"article","og_title":"TORNQUIST VIBRO CON UNA EXITOSA FIESTA ATLETICA - CELTTV","og_description":"Sitio web de noticias de la localidad de Tornquist, provincia de Buenos Aires, Rep\u00fablica Argentina. Contenido propio originado por periodistas de CELTTV, el canal de TV local de la Cooperativa El\u00e9ctrica de Tornquist. Turismo, Pol\u00edtica, Sociedad, Deporte, Cultura y todo el contenido de inter\u00e9s general que la gente del pueblo y la regi\u00f3n debe conocer.","og_url":"https:\/\/www.celttv.com.ar\/index.php\/2014\/09\/14\/tornquist-vibro-con-una-exitosa-fiesta-atletica\/","og_site_name":"CELTTV","article_publisher":"https:\/\/www.facebook.com\/celtTV\/","article_published_time":"2014-09-14T23:00:59+00:00","og_image":[{"url":"http:\/\/www.tvcnoticias.com.ar\/wp-content\/uploads\/2014\/09\/001-1024x683-Small-450x300.jpg"}],"author":"ulises","twitter_card":"summary_large_image","twitter_misc":{"Escrito por":"ulises","Tiempo de lectura":"6 minutos"},"schema":{"@context":"https:\/\/schema.org","@graph":[{"@type":"NewsArticle","@id":"https:\/\/www.celttv.com.ar\/index.php\/2014\/09\/14\/tornquist-vibro-con-una-exitosa-fiesta-atletica\/#article","isPartOf":{"@id":"https:\/\/www.celttv.com.ar\/index.php\/2014\/09\/14\/tornquist-vibro-con-una-exitosa-fiesta-atletica\/"},"author":{"name":"ulises","@id":"https:\/\/www.celttv.com.ar\/#\/schema\/person\/6d99c072dba59953809c81446e9d0ace"},"headline":"TORNQUIST VIBRO CON UNA EXITOSA FIESTA ATLETICA","datePublished":"2014-09-14T23:00:59+00:00","dateModified":"2014-09-14T23:00:59+00:00","mainEntityOfPage":{"@id":"https:\/\/www.celttv.com.ar\/index.php\/2014\/09\/14\/tornquist-vibro-con-una-exitosa-fiesta-atletica\/"},"wordCount":1149,"publisher":{"@id":"https:\/\/www.celttv.com.ar\/#organization"},"articleSection":["Deporte","Destacadas","Pol\u00edtica"],"inLanguage":"es"},{"@type":"WebPage","@id":"https:\/\/www.celttv.com.ar\/index.php\/2014\/09\/14\/tornquist-vibro-con-una-exitosa-fiesta-atletica\/","url":"https:\/\/www.celttv.com.ar\/index.php\/2014\/09\/14\/tornquist-vibro-con-una-exitosa-fiesta-atletica\/","name":"TORNQUIST VIBRO CON UNA EXITOSA FIESTA ATLETICA - CELTTV","isPartOf":{"@id":"https:\/\/www.celttv.com.ar\/#website"},"datePublished":"2014-09-14T23:00:59+00:00","dateModified":"2014-09-14T23:00:59+00:00","description":"Sitio web de noticias de la localidad de Tornquist, provincia de Buenos Aires, Rep\u00fablica Argentina. Contenido propio originado por periodistas de CELTTV, el canal de TV local de la Cooperativa El\u00e9ctrica de Tornquist. Turismo, Pol\u00edtica, Sociedad, Deporte, Cultura y todo el contenido de inter\u00e9s general que la gente del pueblo y la regi\u00f3n debe conocer.","breadcrumb":{"@id":"https:\/\/www.celttv.com.ar\/index.php\/2014\/09\/14\/tornquist-vibro-con-una-exitosa-fiesta-atletica\/#breadcrumb"},"inLanguage":"es","potentialAction":[{"@type":"ReadAction","target":["https:\/\/www.celttv.com.ar\/index.php\/2014\/09\/14\/tornquist-vibro-con-una-exitosa-fiesta-atletica\/"]}]},{"@type":"BreadcrumbList","@id":"https:\/\/www.celttv.com.ar\/index.php\/2014\/09\/14\/tornquist-vibro-con-una-exitosa-fiesta-atletica\/#breadcrumb","itemListElement":[{"@type":"ListItem","position":1,"name":"Inicio","item":"https:\/\/www.celttv.com.ar\/"},{"@type":"ListItem","position":2,"name":"TORNQUIST VIBRO CON UNA EXITOSA FIESTA ATLETICA"}]},{"@type":"WebSite","@id":"https:\/\/www.celttv.com.ar\/#website","url":"https:\/\/www.celttv.com.ar\/","name":"CELTTV","description":"Cooperativa El\u00e9ctrica de Tornquist","publisher":{"@id":"https:\/\/www.celttv.com.ar\/#organization"},"potentialAction":[{"@type":"SearchAction","target":{"@type":"EntryPoint","urlTemplate":"https:\/\/www.celttv.com.ar\/?s={search_term_string}"},"query-input":"required name=search_term_string"}],"inLanguage":"es"},{"@type":"Organization","@id":"https:\/\/www.celttv.com.ar\/#organization","name":"CELTTV","url":"https:\/\/www.celttv.com.ar\/","sameAs":["https:\/\/www.youtube.com\/channel\/UCz_oIt8Hig64Ub-EmcNPIhg","https:\/\/www.facebook.com\/celtTV\/"],"logo":{"@type":"ImageObject","inLanguage":"es","@id":"https:\/\/www.celttv.com.ar\/#\/schema\/logo\/image\/","url":"http:\/\/www.celttv.com.ar\/wp-content\/uploads\/2022\/08\/logo-1.png","contentUrl":"http:\/\/www.celttv.com.ar\/wp-content\/uploads\/2022\/08\/logo-1.png","width":461,"height":159,"caption":"CELTTV"},"image":{"@id":"https:\/\/www.celttv.com.ar\/#\/schema\/logo\/image\/"}},{"@type":"Person","@id":"https:\/\/www.celttv.com.ar\/#\/schema\/person\/6d99c072dba59953809c81446e9d0ace","name":"ulises","image":{"@type":"ImageObject","inLanguage":"es","@id":"https:\/\/www.celttv.com.ar\/#\/schema\/person\/image\/","url":"https:\/\/secure.gravatar.com\/avatar\/7f2c48bdc33b30088f941fb6082e555f2874c98e20cb159d7b92b50eadfce793?s=96&d=mm&r=g","contentUrl":"https:\/\/secure.gravatar.com\/avatar\/7f2c48bdc33b30088f941fb6082e555f2874c98e20cb159d7b92b50eadfce793?s=96&d=mm&r=g","caption":"ulises"},"sameAs":["http:\/\/www.celttv.com.ar"]}]}},"_links":{"self":[{"href":"https:\/\/www.celttv.com.ar\/index.php\/wp-json\/wp\/v2\/posts\/23475","targetHints":{"allow":["GET"]}}],"collection":[{"href":"https:\/\/www.celttv.com.ar\/index.php\/wp-json\/wp\/v2\/posts"}],"about":[{"href":"https:\/\/www.celttv.com.ar\/index.php\/wp-json\/wp\/v2\/types\/post"}],"author":[{"embeddable":true,"href":"https:\/\/www.celttv.com.ar\/index.php\/wp-json\/wp\/v2\/users\/1"}],"replies":[{"embeddable":true,"href":"https:\/\/www.celttv.com.ar\/index.php\/wp-json\/wp\/v2\/comments?post=23475"}],"version-history":[{"count":0,"href":"https:\/\/www.celttv.com.ar\/index.php\/wp-json\/wp\/v2\/posts\/23475\/revisions"}],"wp:attachment":[{"href":"https:\/\/www.celttv.com.ar\/index.php\/wp-json\/wp\/v2\/media?parent=23475"}],"wp:term":[{"taxonomy":"category","embeddable":true,"href":"https:\/\/www.celttv.com.ar\/index.php\/wp-json\/wp\/v2\/categories?post=23475"},{"taxonomy":"post_tag","embeddable":true,"href":"https:\/\/www.celttv.com.ar\/index.php\/wp-json\/wp\/v2\/tags?post=23475"}],"curies":[{"name":"wp","href":"https:\/\/api.w.org\/{rel}","templated":true}]}}