{"id":23639,"date":"2014-09-15T20:37:53","date_gmt":"2014-09-15T20:37:53","guid":{"rendered":"http:\/\/www.tvcnoticias.com.ar\/?p=23639"},"modified":"2014-09-15T20:37:53","modified_gmt":"2014-09-15T20:37:53","slug":"los-tipitos-fueron-el-broche-de-oro-para-la-fiesta-de-la-primavera","status":"publish","type":"post","link":"https:\/\/www.celttv.com.ar\/index.php\/2014\/09\/15\/los-tipitos-fueron-el-broche-de-oro-para-la-fiesta-de-la-primavera\/","title":{"rendered":"LOS TIPITOS FUERON EL BROCHE DE ORO PARA LA FIESTA DE LA PRIMAVERA"},"content":{"rendered":"<p><a rel=\"attachment wp-att-23656\" href=\"http:\/\/www.tvcnoticias.com.ar\/?attachment_id=23656\"><img loading=\"lazy\" decoding=\"async\" class=\"aligncenter size-medium wp-image-23656\" title=\"DSC_6177 (1024x683) (Medium)\" src=\"http:\/\/www.tvcnoticias.com.ar\/wp-content\/uploads\/2014\/09\/DSC_6177-1024x683-Medium-450x300.jpg\" alt=\"\" width=\"450\" height=\"300\" \/><\/a><br \/>\nCon un espectacular show del reconocido grupo rockero Los Tipitos como broche de oro, se celebr\u00f3 en la jornada de hoy la Fiesta de la Primavera, bajo la organizaci\u00f3n de la Secretar\u00eda de Turismo, Cultura y Deportes de la Municipalidad.<br \/>\nUn muy buen n\u00famero de espectadores se dio cita desde temprano en las instalaciones del recuperado Parque Lineal de Tornquist, donde se concentraron los espect\u00e1culos art\u00edsticos, juegos, exposici\u00f3n de artesanos y puestos gastron\u00f3micos, conformando una propuesta que se sum\u00f3 a la realizada por la ma\u00f1ana, con la primera edici\u00f3n de la Carrera Aventura \u201cTornquist para Vos\u201d.<br \/>\nEl grupo de cumbia local Lo que Salga rompi\u00f3 el hielo sobre el impecable escenario, que incluy\u00f3 una pantalla de led gigante en la cual se reprodujeron im\u00e1genes del propio recital, fotos de los artistas y un agradecimiento especial a los auspiciantes.<br \/>\nLos chicos de nuestra ciudad realizaron un repaso de su repertorio, con canciones ampliamente conocidas y que generaron una gran empat\u00eda entre los asistentes a la propuesta. Adem\u00e1s, presentaron a su nueva voz femenina y cantaron con Carlitos Porsel.<br \/>\nAntes de que se le diera paso a La Morocha Rock, una de las agrupaciones favoritas del p\u00fablico local, se realiz\u00f3 el sorteo de la motocicleta entre quienes hab\u00edan finalizado la caminata solidaria realizada en hora de la ma\u00f1ana. El favorecido result\u00f3 Jos\u00e9 Diestel, con el n\u00famero 327.<br \/>\nEl afortunado recibi\u00f3 las llaves del veh\u00edculo de manos del intendente municipal, licenciado Gustavo Trankels, y el secretario de Turismo, Cultura y Deportes, Leandro Pascale.<br \/>\nUna vez consumada la entrega, los chicos de La Morocha irrumpieron sobre el escenario, para hacer gala nuevamente de su fuerza, las canciones de su propia autor\u00eda y algunos covers. Como es habitual en sus presentaciones, recibieron el cari\u00f1o y la aprobaci\u00f3n de la gente.<br \/>\nEntonces s\u00ed estaba todo listo para el cierre de la fiesta. Los Tipitos comenzaron su espectacular show alrededor de las 20.15, con Laberinto, un tema que, a decir de los propios integrantes de la banda, fue escrito durante una visita a Sierra de la Ventana.<br \/>\nCon una m\u00fasica muy bien arreglada y sonidos muy arm\u00f3nicos, el grupo marplatense le fue dando vida a los temas de su \u00faltimo trabajo discogr\u00e1fico, Push, aunque sin dejar de lado las canciones m\u00e1s cl\u00e1sicas de su repertorio, como Silencio y Brujer\u00edas.<br \/>\nPara el cierre de esta actuaci\u00f3n, en el a\u00f1o en que est\u00e1n festejando 20 a\u00f1os de trayectoria, qued\u00f3 el esperado Campanas en la Noche, tema que fue acompa\u00f1ado a coro por el p\u00fablico.<br \/>\n\u201cEstamos contentos con toda la movida. Los artistas locales nos deleitaron y tuvimos un cierre de lujo con Los Tipitos, que con su buena onda y m\u00fasica le pusieron el broche de oro a esta fiesta. Les agradec\u00ed a los chicos de la banda que hayan aceptado venir a Tornquist. Tienen una trayectoria internacional y estuvieron en los mejores escenarios del pa\u00eds y para nosotros tenerlos ac\u00e1, en este recuperado Parque Lineal, es un orgullo. Esto iniciativa la da sentido a la recuperaci\u00f3n del espacio\u201d, confi\u00f3 el intendente Trankels.<br \/>\nLa Fiesta de la Primavera se hizo sentir en la ciudad cabecera. La exitosa competencia atl\u00e9tica, los espect\u00e1culos musicales de primer nivel y el acompa\u00f1amiento de los vecinos son un fiel reflejo. La apuesta ser\u00e1 redoblar el esfuerzo para el pr\u00f3ximo a\u00f1o.<br \/>\n&nbsp;<\/p>\n","protected":false},"excerpt":{"rendered":"<p>Con un espectacular show del reconocido grupo rockero Los Tipitos como broche de oro, se celebr\u00f3 en la jornada de hoy la Fiesta de la Primavera, bajo la organizaci\u00f3n de la Secretar\u00eda de Turismo, Cultura y Deportes de la Municipalidad. Un muy buen n\u00famero de espectadores se dio cita desde temprano en las instalaciones del [&hellip;]<\/p>\n","protected":false},"author":1,"featured_media":0,"comment_status":"closed","ping_status":"open","sticky":false,"template":"","format":"standard","meta":{"footnotes":""},"categories":[51,52,56,53],"tags":[],"class_list":["post-23639","post","type-post","status-publish","format-standard","hentry","category-comunidad","category-destacadas","category-espectaculos","category-politica"],"yoast_head":"<!-- This site is optimized with the Yoast SEO plugin v19.7.1 - https:\/\/yoast.com\/wordpress\/plugins\/seo\/ -->\n<title>LOS TIPITOS FUERON EL BROCHE DE ORO PARA LA FIESTA DE LA PRIMAVERA - CELTTV<\/title>\n<meta name=\"description\" content=\"Sitio web de noticias de la localidad de Tornquist, provincia de Buenos Aires, Rep\u00fablica Argentina. Contenido propio originado por periodistas de CELTTV, el canal de TV local de la Cooperativa El\u00e9ctrica de Tornquist. Turismo, Pol\u00edtica, Sociedad, Deporte, Cultura y todo el contenido de inter\u00e9s general que la gente del pueblo y la regi\u00f3n debe conocer.\" \/>\n<meta name=\"robots\" content=\"index, follow, max-snippet:-1, max-image-preview:large, max-video-preview:-1\" \/>\n<link rel=\"canonical\" href=\"https:\/\/www.celttv.com.ar\/index.php\/2014\/09\/15\/los-tipitos-fueron-el-broche-de-oro-para-la-fiesta-de-la-primavera\/\" \/>\n<meta property=\"og:locale\" content=\"es_ES\" \/>\n<meta property=\"og:type\" content=\"article\" \/>\n<meta property=\"og:title\" content=\"LOS TIPITOS FUERON EL BROCHE DE ORO PARA LA FIESTA DE LA PRIMAVERA - CELTTV\" \/>\n<meta property=\"og:description\" content=\"Sitio web de noticias de la localidad de Tornquist, provincia de Buenos Aires, Rep\u00fablica Argentina. Contenido propio originado por periodistas de CELTTV, el canal de TV local de la Cooperativa El\u00e9ctrica de Tornquist. Turismo, Pol\u00edtica, Sociedad, Deporte, Cultura y todo el contenido de inter\u00e9s general que la gente del pueblo y la regi\u00f3n debe conocer.\" \/>\n<meta property=\"og:url\" content=\"https:\/\/www.celttv.com.ar\/index.php\/2014\/09\/15\/los-tipitos-fueron-el-broche-de-oro-para-la-fiesta-de-la-primavera\/\" \/>\n<meta property=\"og:site_name\" content=\"CELTTV\" \/>\n<meta property=\"article:publisher\" content=\"https:\/\/www.facebook.com\/celtTV\/\" \/>\n<meta property=\"article:published_time\" content=\"2014-09-15T20:37:53+00:00\" \/>\n<meta property=\"og:image\" content=\"http:\/\/www.tvcnoticias.com.ar\/wp-content\/uploads\/2014\/09\/DSC_6177-1024x683-Medium-450x300.jpg\" \/>\n<meta name=\"author\" content=\"ulises\" \/>\n<meta name=\"twitter:card\" content=\"summary_large_image\" \/>\n<meta name=\"twitter:label1\" content=\"Escrito por\" \/>\n\t<meta name=\"twitter:data1\" content=\"ulises\" \/>\n\t<meta name=\"twitter:label2\" content=\"Tiempo de lectura\" \/>\n\t<meta name=\"twitter:data2\" content=\"3 minutos\" \/>\n<script type=\"application\/ld+json\" class=\"yoast-schema-graph\">{\"@context\":\"https:\/\/schema.org\",\"@graph\":[{\"@type\":\"NewsArticle\",\"@id\":\"https:\/\/www.celttv.com.ar\/index.php\/2014\/09\/15\/los-tipitos-fueron-el-broche-de-oro-para-la-fiesta-de-la-primavera\/#article\",\"isPartOf\":{\"@id\":\"https:\/\/www.celttv.com.ar\/index.php\/2014\/09\/15\/los-tipitos-fueron-el-broche-de-oro-para-la-fiesta-de-la-primavera\/\"},\"author\":{\"name\":\"ulises\",\"@id\":\"https:\/\/www.celttv.com.ar\/#\/schema\/person\/6d99c072dba59953809c81446e9d0ace\"},\"headline\":\"LOS TIPITOS FUERON EL BROCHE DE ORO PARA LA FIESTA DE LA PRIMAVERA\",\"datePublished\":\"2014-09-15T20:37:53+00:00\",\"dateModified\":\"2014-09-15T20:37:53+00:00\",\"mainEntityOfPage\":{\"@id\":\"https:\/\/www.celttv.com.ar\/index.php\/2014\/09\/15\/los-tipitos-fueron-el-broche-de-oro-para-la-fiesta-de-la-primavera\/\"},\"wordCount\":601,\"publisher\":{\"@id\":\"https:\/\/www.celttv.com.ar\/#organization\"},\"articleSection\":[\"Comunidad\",\"Destacadas\",\"Espect\u00e1culos\",\"Pol\u00edtica\"],\"inLanguage\":\"es\"},{\"@type\":\"WebPage\",\"@id\":\"https:\/\/www.celttv.com.ar\/index.php\/2014\/09\/15\/los-tipitos-fueron-el-broche-de-oro-para-la-fiesta-de-la-primavera\/\",\"url\":\"https:\/\/www.celttv.com.ar\/index.php\/2014\/09\/15\/los-tipitos-fueron-el-broche-de-oro-para-la-fiesta-de-la-primavera\/\",\"name\":\"LOS TIPITOS FUERON EL BROCHE DE ORO PARA LA FIESTA DE LA PRIMAVERA - CELTTV\",\"isPartOf\":{\"@id\":\"https:\/\/www.celttv.com.ar\/#website\"},\"datePublished\":\"2014-09-15T20:37:53+00:00\",\"dateModified\":\"2014-09-15T20:37:53+00:00\",\"description\":\"Sitio web de noticias de la localidad de Tornquist, provincia de Buenos Aires, Rep\u00fablica Argentina. Contenido propio originado por periodistas de CELTTV, el canal de TV local de la Cooperativa El\u00e9ctrica de Tornquist. Turismo, Pol\u00edtica, Sociedad, Deporte, Cultura y todo el contenido de inter\u00e9s general que la gente del pueblo y la regi\u00f3n debe conocer.\",\"breadcrumb\":{\"@id\":\"https:\/\/www.celttv.com.ar\/index.php\/2014\/09\/15\/los-tipitos-fueron-el-broche-de-oro-para-la-fiesta-de-la-primavera\/#breadcrumb\"},\"inLanguage\":\"es\",\"potentialAction\":[{\"@type\":\"ReadAction\",\"target\":[\"https:\/\/www.celttv.com.ar\/index.php\/2014\/09\/15\/los-tipitos-fueron-el-broche-de-oro-para-la-fiesta-de-la-primavera\/\"]}]},{\"@type\":\"BreadcrumbList\",\"@id\":\"https:\/\/www.celttv.com.ar\/index.php\/2014\/09\/15\/los-tipitos-fueron-el-broche-de-oro-para-la-fiesta-de-la-primavera\/#breadcrumb\",\"itemListElement\":[{\"@type\":\"ListItem\",\"position\":1,\"name\":\"Inicio\",\"item\":\"https:\/\/www.celttv.com.ar\/\"},{\"@type\":\"ListItem\",\"position\":2,\"name\":\"LOS TIPITOS FUERON EL BROCHE DE ORO PARA LA FIESTA DE LA PRIMAVERA\"}]},{\"@type\":\"WebSite\",\"@id\":\"https:\/\/www.celttv.com.ar\/#website\",\"url\":\"https:\/\/www.celttv.com.ar\/\",\"name\":\"CELTTV\",\"description\":\"Cooperativa El\u00e9ctrica de Tornquist\",\"publisher\":{\"@id\":\"https:\/\/www.celttv.com.ar\/#organization\"},\"potentialAction\":[{\"@type\":\"SearchAction\",\"target\":{\"@type\":\"EntryPoint\",\"urlTemplate\":\"https:\/\/www.celttv.com.ar\/?s={search_term_string}\"},\"query-input\":\"required name=search_term_string\"}],\"inLanguage\":\"es\"},{\"@type\":\"Organization\",\"@id\":\"https:\/\/www.celttv.com.ar\/#organization\",\"name\":\"CELTTV\",\"url\":\"https:\/\/www.celttv.com.ar\/\",\"sameAs\":[\"https:\/\/www.youtube.com\/channel\/UCz_oIt8Hig64Ub-EmcNPIhg\",\"https:\/\/www.facebook.com\/celtTV\/\"],\"logo\":{\"@type\":\"ImageObject\",\"inLanguage\":\"es\",\"@id\":\"https:\/\/www.celttv.com.ar\/#\/schema\/logo\/image\/\",\"url\":\"http:\/\/www.celttv.com.ar\/wp-content\/uploads\/2022\/08\/logo-1.png\",\"contentUrl\":\"http:\/\/www.celttv.com.ar\/wp-content\/uploads\/2022\/08\/logo-1.png\",\"width\":461,\"height\":159,\"caption\":\"CELTTV\"},\"image\":{\"@id\":\"https:\/\/www.celttv.com.ar\/#\/schema\/logo\/image\/\"}},{\"@type\":\"Person\",\"@id\":\"https:\/\/www.celttv.com.ar\/#\/schema\/person\/6d99c072dba59953809c81446e9d0ace\",\"name\":\"ulises\",\"image\":{\"@type\":\"ImageObject\",\"inLanguage\":\"es\",\"@id\":\"https:\/\/www.celttv.com.ar\/#\/schema\/person\/image\/\",\"url\":\"https:\/\/secure.gravatar.com\/avatar\/7f2c48bdc33b30088f941fb6082e555f2874c98e20cb159d7b92b50eadfce793?s=96&d=mm&r=g\",\"contentUrl\":\"https:\/\/secure.gravatar.com\/avatar\/7f2c48bdc33b30088f941fb6082e555f2874c98e20cb159d7b92b50eadfce793?s=96&d=mm&r=g\",\"caption\":\"ulises\"},\"sameAs\":[\"http:\/\/www.celttv.com.ar\"]}]}<\/script>\n<!-- \/ Yoast SEO plugin. -->","yoast_head_json":{"title":"LOS TIPITOS FUERON EL BROCHE DE ORO PARA LA FIESTA DE LA PRIMAVERA - CELTTV","description":"Sitio web de noticias de la localidad de Tornquist, provincia de Buenos Aires, Rep\u00fablica Argentina. Contenido propio originado por periodistas de CELTTV, el canal de TV local de la Cooperativa El\u00e9ctrica de Tornquist. Turismo, Pol\u00edtica, Sociedad, Deporte, Cultura y todo el contenido de inter\u00e9s general que la gente del pueblo y la regi\u00f3n debe conocer.","robots":{"index":"index","follow":"follow","max-snippet":"max-snippet:-1","max-image-preview":"max-image-preview:large","max-video-preview":"max-video-preview:-1"},"canonical":"https:\/\/www.celttv.com.ar\/index.php\/2014\/09\/15\/los-tipitos-fueron-el-broche-de-oro-para-la-fiesta-de-la-primavera\/","og_locale":"es_ES","og_type":"article","og_title":"LOS TIPITOS FUERON EL BROCHE DE ORO PARA LA FIESTA DE LA PRIMAVERA - CELTTV","og_description":"Sitio web de noticias de la localidad de Tornquist, provincia de Buenos Aires, Rep\u00fablica Argentina. Contenido propio originado por periodistas de CELTTV, el canal de TV local de la Cooperativa El\u00e9ctrica de Tornquist. Turismo, Pol\u00edtica, Sociedad, Deporte, Cultura y todo el contenido de inter\u00e9s general que la gente del pueblo y la regi\u00f3n debe conocer.","og_url":"https:\/\/www.celttv.com.ar\/index.php\/2014\/09\/15\/los-tipitos-fueron-el-broche-de-oro-para-la-fiesta-de-la-primavera\/","og_site_name":"CELTTV","article_publisher":"https:\/\/www.facebook.com\/celtTV\/","article_published_time":"2014-09-15T20:37:53+00:00","og_image":[{"url":"http:\/\/www.tvcnoticias.com.ar\/wp-content\/uploads\/2014\/09\/DSC_6177-1024x683-Medium-450x300.jpg"}],"author":"ulises","twitter_card":"summary_large_image","twitter_misc":{"Escrito por":"ulises","Tiempo de lectura":"3 minutos"},"schema":{"@context":"https:\/\/schema.org","@graph":[{"@type":"NewsArticle","@id":"https:\/\/www.celttv.com.ar\/index.php\/2014\/09\/15\/los-tipitos-fueron-el-broche-de-oro-para-la-fiesta-de-la-primavera\/#article","isPartOf":{"@id":"https:\/\/www.celttv.com.ar\/index.php\/2014\/09\/15\/los-tipitos-fueron-el-broche-de-oro-para-la-fiesta-de-la-primavera\/"},"author":{"name":"ulises","@id":"https:\/\/www.celttv.com.ar\/#\/schema\/person\/6d99c072dba59953809c81446e9d0ace"},"headline":"LOS TIPITOS FUERON EL BROCHE DE ORO PARA LA FIESTA DE LA PRIMAVERA","datePublished":"2014-09-15T20:37:53+00:00","dateModified":"2014-09-15T20:37:53+00:00","mainEntityOfPage":{"@id":"https:\/\/www.celttv.com.ar\/index.php\/2014\/09\/15\/los-tipitos-fueron-el-broche-de-oro-para-la-fiesta-de-la-primavera\/"},"wordCount":601,"publisher":{"@id":"https:\/\/www.celttv.com.ar\/#organization"},"articleSection":["Comunidad","Destacadas","Espect\u00e1culos","Pol\u00edtica"],"inLanguage":"es"},{"@type":"WebPage","@id":"https:\/\/www.celttv.com.ar\/index.php\/2014\/09\/15\/los-tipitos-fueron-el-broche-de-oro-para-la-fiesta-de-la-primavera\/","url":"https:\/\/www.celttv.com.ar\/index.php\/2014\/09\/15\/los-tipitos-fueron-el-broche-de-oro-para-la-fiesta-de-la-primavera\/","name":"LOS TIPITOS FUERON EL BROCHE DE ORO PARA LA FIESTA DE LA PRIMAVERA - CELTTV","isPartOf":{"@id":"https:\/\/www.celttv.com.ar\/#website"},"datePublished":"2014-09-15T20:37:53+00:00","dateModified":"2014-09-15T20:37:53+00:00","description":"Sitio web de noticias de la localidad de Tornquist, provincia de Buenos Aires, Rep\u00fablica Argentina. Contenido propio originado por periodistas de CELTTV, el canal de TV local de la Cooperativa El\u00e9ctrica de Tornquist. Turismo, Pol\u00edtica, Sociedad, Deporte, Cultura y todo el contenido de inter\u00e9s general que la gente del pueblo y la regi\u00f3n debe conocer.","breadcrumb":{"@id":"https:\/\/www.celttv.com.ar\/index.php\/2014\/09\/15\/los-tipitos-fueron-el-broche-de-oro-para-la-fiesta-de-la-primavera\/#breadcrumb"},"inLanguage":"es","potentialAction":[{"@type":"ReadAction","target":["https:\/\/www.celttv.com.ar\/index.php\/2014\/09\/15\/los-tipitos-fueron-el-broche-de-oro-para-la-fiesta-de-la-primavera\/"]}]},{"@type":"BreadcrumbList","@id":"https:\/\/www.celttv.com.ar\/index.php\/2014\/09\/15\/los-tipitos-fueron-el-broche-de-oro-para-la-fiesta-de-la-primavera\/#breadcrumb","itemListElement":[{"@type":"ListItem","position":1,"name":"Inicio","item":"https:\/\/www.celttv.com.ar\/"},{"@type":"ListItem","position":2,"name":"LOS TIPITOS FUERON EL BROCHE DE ORO PARA LA FIESTA DE LA PRIMAVERA"}]},{"@type":"WebSite","@id":"https:\/\/www.celttv.com.ar\/#website","url":"https:\/\/www.celttv.com.ar\/","name":"CELTTV","description":"Cooperativa El\u00e9ctrica de Tornquist","publisher":{"@id":"https:\/\/www.celttv.com.ar\/#organization"},"potentialAction":[{"@type":"SearchAction","target":{"@type":"EntryPoint","urlTemplate":"https:\/\/www.celttv.com.ar\/?s={search_term_string}"},"query-input":"required name=search_term_string"}],"inLanguage":"es"},{"@type":"Organization","@id":"https:\/\/www.celttv.com.ar\/#organization","name":"CELTTV","url":"https:\/\/www.celttv.com.ar\/","sameAs":["https:\/\/www.youtube.com\/channel\/UCz_oIt8Hig64Ub-EmcNPIhg","https:\/\/www.facebook.com\/celtTV\/"],"logo":{"@type":"ImageObject","inLanguage":"es","@id":"https:\/\/www.celttv.com.ar\/#\/schema\/logo\/image\/","url":"http:\/\/www.celttv.com.ar\/wp-content\/uploads\/2022\/08\/logo-1.png","contentUrl":"http:\/\/www.celttv.com.ar\/wp-content\/uploads\/2022\/08\/logo-1.png","width":461,"height":159,"caption":"CELTTV"},"image":{"@id":"https:\/\/www.celttv.com.ar\/#\/schema\/logo\/image\/"}},{"@type":"Person","@id":"https:\/\/www.celttv.com.ar\/#\/schema\/person\/6d99c072dba59953809c81446e9d0ace","name":"ulises","image":{"@type":"ImageObject","inLanguage":"es","@id":"https:\/\/www.celttv.com.ar\/#\/schema\/person\/image\/","url":"https:\/\/secure.gravatar.com\/avatar\/7f2c48bdc33b30088f941fb6082e555f2874c98e20cb159d7b92b50eadfce793?s=96&d=mm&r=g","contentUrl":"https:\/\/secure.gravatar.com\/avatar\/7f2c48bdc33b30088f941fb6082e555f2874c98e20cb159d7b92b50eadfce793?s=96&d=mm&r=g","caption":"ulises"},"sameAs":["http:\/\/www.celttv.com.ar"]}]}},"_links":{"self":[{"href":"https:\/\/www.celttv.com.ar\/index.php\/wp-json\/wp\/v2\/posts\/23639","targetHints":{"allow":["GET"]}}],"collection":[{"href":"https:\/\/www.celttv.com.ar\/index.php\/wp-json\/wp\/v2\/posts"}],"about":[{"href":"https:\/\/www.celttv.com.ar\/index.php\/wp-json\/wp\/v2\/types\/post"}],"author":[{"embeddable":true,"href":"https:\/\/www.celttv.com.ar\/index.php\/wp-json\/wp\/v2\/users\/1"}],"replies":[{"embeddable":true,"href":"https:\/\/www.celttv.com.ar\/index.php\/wp-json\/wp\/v2\/comments?post=23639"}],"version-history":[{"count":0,"href":"https:\/\/www.celttv.com.ar\/index.php\/wp-json\/wp\/v2\/posts\/23639\/revisions"}],"wp:attachment":[{"href":"https:\/\/www.celttv.com.ar\/index.php\/wp-json\/wp\/v2\/media?parent=23639"}],"wp:term":[{"taxonomy":"category","embeddable":true,"href":"https:\/\/www.celttv.com.ar\/index.php\/wp-json\/wp\/v2\/categories?post=23639"},{"taxonomy":"post_tag","embeddable":true,"href":"https:\/\/www.celttv.com.ar\/index.php\/wp-json\/wp\/v2\/tags?post=23639"}],"curies":[{"name":"wp","href":"https:\/\/api.w.org\/{rel}","templated":true}]}}