{"id":23675,"date":"2014-09-15T22:02:25","date_gmt":"2014-09-15T22:02:25","guid":{"rendered":"http:\/\/www.tvcnoticias.com.ar\/?p=23675"},"modified":"2014-09-15T22:02:25","modified_gmt":"2014-09-15T22:02:25","slug":"la-tormenta-solar-un-fenomeno-natural-que-genera-inconvenientes-colab-rolando-bruni","status":"publish","type":"post","link":"https:\/\/www.celttv.com.ar\/index.php\/2014\/09\/15\/la-tormenta-solar-un-fenomeno-natural-que-genera-inconvenientes-colab-rolando-bruni\/","title":{"rendered":"LA TORMENTA SOLAR, UN FENOMENO NATURAL QUE GENERA INCONVENIENTES (colab. Rolando Bruni)"},"content":{"rendered":"<h1><strong style=\"font-size: 13px;\"><a rel=\"attachment wp-att-23676\" href=\"http:\/\/www.tvcnoticias.com.ar\/?attachment_id=23676\"><img loading=\"lazy\" decoding=\"async\" class=\"aligncenter size-full wp-image-23676\" title=\"TORMENTA SOLAR\" src=\"http:\/\/www.tvcnoticias.com.ar\/wp-content\/uploads\/2014\/09\/TORMENTA-SOLAR.jpg\" alt=\"\" width=\"300\" height=\"300\" \/><\/a>Se trata de un fen\u00f3meno natural que podr\u00eda generar inconvenientes en las telecomunicaciones. Las explosiones que se \u00a0registran en el sol generan auroras boreales<\/strong><\/h1>\n<div>\nLa tormenta solar que comenz\u00f3 anoche y se extender\u00e1 hoy es un fen\u00f3meno natural que no tiene una frecuencia en el tiempo. Su presencia es aleatoria, explicaron los especialistas en la tem\u00e1tica. Esta tormenta est\u00e1 cargada magn\u00e9ticamente y llega a nuestro planeta produciendo algunos inconvenientes en el funcionamiento de las nuevas tecnolog\u00edas.<br \/>\nJulio Cesar Gianibelli, geof\u00edsico, investigador del Observatorio de La Plata y asesor cient\u00edfico del Servicio Meteorol\u00f3gico Nacional, dijo a Hoy que \u201c\u00e9ste fen\u00f3meno puede producir cortes de luz ya que la tormenta es muy intensa\u201d.<br \/>\n\u201cTambi\u00e9n podr\u00eda afectar las comunicaciones porque produce corrientes equivalentes dentro de la atm\u00f3sfera, la cual afecta el campo magn\u00e9tico, como por ejemplo los sistemas de transmisi\u00f3n. Es decir, estas ondas producen perturbaciones en el sistema de transmisi\u00f3n de la informaci\u00f3n\u201d, explic\u00f3 Gianibelli.<br \/>\nEl fen\u00f3meno tambi\u00e9n podr\u00eda impactar en la red de internet, en la telefon\u00eda celular y en los GPS, como as\u00ed tambi\u00e9n en los pagos con tarjetas de cr\u00e9dito ya que son transacciones satelitales.\n<\/div>\n<p>&nbsp;<\/p>\n","protected":false},"excerpt":{"rendered":"<p>Se trata de un fen\u00f3meno natural que podr\u00eda generar inconvenientes en las telecomunicaciones. Las explosiones que se \u00a0registran en el sol generan auroras boreales La tormenta solar que comenz\u00f3 anoche y se extender\u00e1 hoy es un fen\u00f3meno natural que no tiene una frecuencia en el tiempo. Su presencia es aleatoria, explicaron los especialistas en la [&hellip;]<\/p>\n","protected":false},"author":1,"featured_media":0,"comment_status":"closed","ping_status":"open","sticky":false,"template":"","format":"standard","meta":{"footnotes":""},"categories":[51,52],"tags":[],"class_list":["post-23675","post","type-post","status-publish","format-standard","hentry","category-comunidad","category-destacadas"],"yoast_head":"<!-- This site is optimized with the Yoast SEO plugin v19.7.1 - https:\/\/yoast.com\/wordpress\/plugins\/seo\/ -->\n<title>LA TORMENTA SOLAR, UN FENOMENO NATURAL QUE GENERA INCONVENIENTES (colab. Rolando Bruni) - CELTTV<\/title>\n<meta name=\"description\" content=\"Sitio web de noticias de la localidad de Tornquist, provincia de Buenos Aires, Rep\u00fablica Argentina. Contenido propio originado por periodistas de CELTTV, el canal de TV local de la Cooperativa El\u00e9ctrica de Tornquist. Turismo, Pol\u00edtica, Sociedad, Deporte, Cultura y todo el contenido de inter\u00e9s general que la gente del pueblo y la regi\u00f3n debe conocer.\" \/>\n<meta name=\"robots\" content=\"index, follow, max-snippet:-1, max-image-preview:large, max-video-preview:-1\" \/>\n<link rel=\"canonical\" href=\"https:\/\/www.celttv.com.ar\/index.php\/2014\/09\/15\/la-tormenta-solar-un-fenomeno-natural-que-genera-inconvenientes-colab-rolando-bruni\/\" \/>\n<meta property=\"og:locale\" content=\"es_ES\" \/>\n<meta property=\"og:type\" content=\"article\" \/>\n<meta property=\"og:title\" content=\"LA TORMENTA SOLAR, UN FENOMENO NATURAL QUE GENERA INCONVENIENTES (colab. Rolando Bruni) - CELTTV\" \/>\n<meta property=\"og:description\" content=\"Sitio web de noticias de la localidad de Tornquist, provincia de Buenos Aires, Rep\u00fablica Argentina. Contenido propio originado por periodistas de CELTTV, el canal de TV local de la Cooperativa El\u00e9ctrica de Tornquist. Turismo, Pol\u00edtica, Sociedad, Deporte, Cultura y todo el contenido de inter\u00e9s general que la gente del pueblo y la regi\u00f3n debe conocer.\" \/>\n<meta property=\"og:url\" content=\"https:\/\/www.celttv.com.ar\/index.php\/2014\/09\/15\/la-tormenta-solar-un-fenomeno-natural-que-genera-inconvenientes-colab-rolando-bruni\/\" \/>\n<meta property=\"og:site_name\" content=\"CELTTV\" \/>\n<meta property=\"article:publisher\" content=\"https:\/\/www.facebook.com\/celtTV\/\" \/>\n<meta property=\"article:published_time\" content=\"2014-09-15T22:02:25+00:00\" \/>\n<meta property=\"og:image\" content=\"http:\/\/www.tvcnoticias.com.ar\/wp-content\/uploads\/2014\/09\/TORMENTA-SOLAR.jpg\" \/>\n<meta name=\"author\" content=\"ulises\" \/>\n<meta name=\"twitter:card\" content=\"summary_large_image\" \/>\n<meta name=\"twitter:label1\" content=\"Escrito por\" \/>\n\t<meta name=\"twitter:data1\" content=\"ulises\" \/>\n\t<meta name=\"twitter:label2\" content=\"Tiempo de lectura\" \/>\n\t<meta name=\"twitter:data2\" content=\"1 minuto\" \/>\n<script type=\"application\/ld+json\" class=\"yoast-schema-graph\">{\"@context\":\"https:\/\/schema.org\",\"@graph\":[{\"@type\":\"NewsArticle\",\"@id\":\"https:\/\/www.celttv.com.ar\/index.php\/2014\/09\/15\/la-tormenta-solar-un-fenomeno-natural-que-genera-inconvenientes-colab-rolando-bruni\/#article\",\"isPartOf\":{\"@id\":\"https:\/\/www.celttv.com.ar\/index.php\/2014\/09\/15\/la-tormenta-solar-un-fenomeno-natural-que-genera-inconvenientes-colab-rolando-bruni\/\"},\"author\":{\"name\":\"ulises\",\"@id\":\"https:\/\/www.celttv.com.ar\/#\/schema\/person\/6d99c072dba59953809c81446e9d0ace\"},\"headline\":\"LA TORMENTA SOLAR, UN FENOMENO NATURAL QUE GENERA INCONVENIENTES (colab. Rolando Bruni)\",\"datePublished\":\"2014-09-15T22:02:25+00:00\",\"dateModified\":\"2014-09-15T22:02:25+00:00\",\"mainEntityOfPage\":{\"@id\":\"https:\/\/www.celttv.com.ar\/index.php\/2014\/09\/15\/la-tormenta-solar-un-fenomeno-natural-que-genera-inconvenientes-colab-rolando-bruni\/\"},\"wordCount\":222,\"publisher\":{\"@id\":\"https:\/\/www.celttv.com.ar\/#organization\"},\"articleSection\":[\"Comunidad\",\"Destacadas\"],\"inLanguage\":\"es\"},{\"@type\":\"WebPage\",\"@id\":\"https:\/\/www.celttv.com.ar\/index.php\/2014\/09\/15\/la-tormenta-solar-un-fenomeno-natural-que-genera-inconvenientes-colab-rolando-bruni\/\",\"url\":\"https:\/\/www.celttv.com.ar\/index.php\/2014\/09\/15\/la-tormenta-solar-un-fenomeno-natural-que-genera-inconvenientes-colab-rolando-bruni\/\",\"name\":\"LA TORMENTA SOLAR, UN FENOMENO NATURAL QUE GENERA INCONVENIENTES (colab. Rolando Bruni) - CELTTV\",\"isPartOf\":{\"@id\":\"https:\/\/www.celttv.com.ar\/#website\"},\"datePublished\":\"2014-09-15T22:02:25+00:00\",\"dateModified\":\"2014-09-15T22:02:25+00:00\",\"description\":\"Sitio web de noticias de la localidad de Tornquist, provincia de Buenos Aires, Rep\u00fablica Argentina. Contenido propio originado por periodistas de CELTTV, el canal de TV local de la Cooperativa El\u00e9ctrica de Tornquist. Turismo, Pol\u00edtica, Sociedad, Deporte, Cultura y todo el contenido de inter\u00e9s general que la gente del pueblo y la regi\u00f3n debe conocer.\",\"breadcrumb\":{\"@id\":\"https:\/\/www.celttv.com.ar\/index.php\/2014\/09\/15\/la-tormenta-solar-un-fenomeno-natural-que-genera-inconvenientes-colab-rolando-bruni\/#breadcrumb\"},\"inLanguage\":\"es\",\"potentialAction\":[{\"@type\":\"ReadAction\",\"target\":[\"https:\/\/www.celttv.com.ar\/index.php\/2014\/09\/15\/la-tormenta-solar-un-fenomeno-natural-que-genera-inconvenientes-colab-rolando-bruni\/\"]}]},{\"@type\":\"BreadcrumbList\",\"@id\":\"https:\/\/www.celttv.com.ar\/index.php\/2014\/09\/15\/la-tormenta-solar-un-fenomeno-natural-que-genera-inconvenientes-colab-rolando-bruni\/#breadcrumb\",\"itemListElement\":[{\"@type\":\"ListItem\",\"position\":1,\"name\":\"Inicio\",\"item\":\"https:\/\/www.celttv.com.ar\/\"},{\"@type\":\"ListItem\",\"position\":2,\"name\":\"LA TORMENTA SOLAR, UN FENOMENO NATURAL QUE GENERA INCONVENIENTES (colab. Rolando Bruni)\"}]},{\"@type\":\"WebSite\",\"@id\":\"https:\/\/www.celttv.com.ar\/#website\",\"url\":\"https:\/\/www.celttv.com.ar\/\",\"name\":\"CELTTV\",\"description\":\"Cooperativa El\u00e9ctrica de Tornquist\",\"publisher\":{\"@id\":\"https:\/\/www.celttv.com.ar\/#organization\"},\"potentialAction\":[{\"@type\":\"SearchAction\",\"target\":{\"@type\":\"EntryPoint\",\"urlTemplate\":\"https:\/\/www.celttv.com.ar\/?s={search_term_string}\"},\"query-input\":\"required name=search_term_string\"}],\"inLanguage\":\"es\"},{\"@type\":\"Organization\",\"@id\":\"https:\/\/www.celttv.com.ar\/#organization\",\"name\":\"CELTTV\",\"url\":\"https:\/\/www.celttv.com.ar\/\",\"sameAs\":[\"https:\/\/www.youtube.com\/channel\/UCz_oIt8Hig64Ub-EmcNPIhg\",\"https:\/\/www.facebook.com\/celtTV\/\"],\"logo\":{\"@type\":\"ImageObject\",\"inLanguage\":\"es\",\"@id\":\"https:\/\/www.celttv.com.ar\/#\/schema\/logo\/image\/\",\"url\":\"http:\/\/www.celttv.com.ar\/wp-content\/uploads\/2022\/08\/logo-1.png\",\"contentUrl\":\"http:\/\/www.celttv.com.ar\/wp-content\/uploads\/2022\/08\/logo-1.png\",\"width\":461,\"height\":159,\"caption\":\"CELTTV\"},\"image\":{\"@id\":\"https:\/\/www.celttv.com.ar\/#\/schema\/logo\/image\/\"}},{\"@type\":\"Person\",\"@id\":\"https:\/\/www.celttv.com.ar\/#\/schema\/person\/6d99c072dba59953809c81446e9d0ace\",\"name\":\"ulises\",\"image\":{\"@type\":\"ImageObject\",\"inLanguage\":\"es\",\"@id\":\"https:\/\/www.celttv.com.ar\/#\/schema\/person\/image\/\",\"url\":\"https:\/\/secure.gravatar.com\/avatar\/7f2c48bdc33b30088f941fb6082e555f2874c98e20cb159d7b92b50eadfce793?s=96&d=mm&r=g\",\"contentUrl\":\"https:\/\/secure.gravatar.com\/avatar\/7f2c48bdc33b30088f941fb6082e555f2874c98e20cb159d7b92b50eadfce793?s=96&d=mm&r=g\",\"caption\":\"ulises\"},\"sameAs\":[\"http:\/\/www.celttv.com.ar\"]}]}<\/script>\n<!-- \/ Yoast SEO plugin. -->","yoast_head_json":{"title":"LA TORMENTA SOLAR, UN FENOMENO NATURAL QUE GENERA INCONVENIENTES (colab. Rolando Bruni) - CELTTV","description":"Sitio web de noticias de la localidad de Tornquist, provincia de Buenos Aires, Rep\u00fablica Argentina. Contenido propio originado por periodistas de CELTTV, el canal de TV local de la Cooperativa El\u00e9ctrica de Tornquist. Turismo, Pol\u00edtica, Sociedad, Deporte, Cultura y todo el contenido de inter\u00e9s general que la gente del pueblo y la regi\u00f3n debe conocer.","robots":{"index":"index","follow":"follow","max-snippet":"max-snippet:-1","max-image-preview":"max-image-preview:large","max-video-preview":"max-video-preview:-1"},"canonical":"https:\/\/www.celttv.com.ar\/index.php\/2014\/09\/15\/la-tormenta-solar-un-fenomeno-natural-que-genera-inconvenientes-colab-rolando-bruni\/","og_locale":"es_ES","og_type":"article","og_title":"LA TORMENTA SOLAR, UN FENOMENO NATURAL QUE GENERA INCONVENIENTES (colab. Rolando Bruni) - CELTTV","og_description":"Sitio web de noticias de la localidad de Tornquist, provincia de Buenos Aires, Rep\u00fablica Argentina. Contenido propio originado por periodistas de CELTTV, el canal de TV local de la Cooperativa El\u00e9ctrica de Tornquist. Turismo, Pol\u00edtica, Sociedad, Deporte, Cultura y todo el contenido de inter\u00e9s general que la gente del pueblo y la regi\u00f3n debe conocer.","og_url":"https:\/\/www.celttv.com.ar\/index.php\/2014\/09\/15\/la-tormenta-solar-un-fenomeno-natural-que-genera-inconvenientes-colab-rolando-bruni\/","og_site_name":"CELTTV","article_publisher":"https:\/\/www.facebook.com\/celtTV\/","article_published_time":"2014-09-15T22:02:25+00:00","og_image":[{"url":"http:\/\/www.tvcnoticias.com.ar\/wp-content\/uploads\/2014\/09\/TORMENTA-SOLAR.jpg"}],"author":"ulises","twitter_card":"summary_large_image","twitter_misc":{"Escrito por":"ulises","Tiempo de lectura":"1 minuto"},"schema":{"@context":"https:\/\/schema.org","@graph":[{"@type":"NewsArticle","@id":"https:\/\/www.celttv.com.ar\/index.php\/2014\/09\/15\/la-tormenta-solar-un-fenomeno-natural-que-genera-inconvenientes-colab-rolando-bruni\/#article","isPartOf":{"@id":"https:\/\/www.celttv.com.ar\/index.php\/2014\/09\/15\/la-tormenta-solar-un-fenomeno-natural-que-genera-inconvenientes-colab-rolando-bruni\/"},"author":{"name":"ulises","@id":"https:\/\/www.celttv.com.ar\/#\/schema\/person\/6d99c072dba59953809c81446e9d0ace"},"headline":"LA TORMENTA SOLAR, UN FENOMENO NATURAL QUE GENERA INCONVENIENTES (colab. Rolando Bruni)","datePublished":"2014-09-15T22:02:25+00:00","dateModified":"2014-09-15T22:02:25+00:00","mainEntityOfPage":{"@id":"https:\/\/www.celttv.com.ar\/index.php\/2014\/09\/15\/la-tormenta-solar-un-fenomeno-natural-que-genera-inconvenientes-colab-rolando-bruni\/"},"wordCount":222,"publisher":{"@id":"https:\/\/www.celttv.com.ar\/#organization"},"articleSection":["Comunidad","Destacadas"],"inLanguage":"es"},{"@type":"WebPage","@id":"https:\/\/www.celttv.com.ar\/index.php\/2014\/09\/15\/la-tormenta-solar-un-fenomeno-natural-que-genera-inconvenientes-colab-rolando-bruni\/","url":"https:\/\/www.celttv.com.ar\/index.php\/2014\/09\/15\/la-tormenta-solar-un-fenomeno-natural-que-genera-inconvenientes-colab-rolando-bruni\/","name":"LA TORMENTA SOLAR, UN FENOMENO NATURAL QUE GENERA INCONVENIENTES (colab. Rolando Bruni) - CELTTV","isPartOf":{"@id":"https:\/\/www.celttv.com.ar\/#website"},"datePublished":"2014-09-15T22:02:25+00:00","dateModified":"2014-09-15T22:02:25+00:00","description":"Sitio web de noticias de la localidad de Tornquist, provincia de Buenos Aires, Rep\u00fablica Argentina. Contenido propio originado por periodistas de CELTTV, el canal de TV local de la Cooperativa El\u00e9ctrica de Tornquist. Turismo, Pol\u00edtica, Sociedad, Deporte, Cultura y todo el contenido de inter\u00e9s general que la gente del pueblo y la regi\u00f3n debe conocer.","breadcrumb":{"@id":"https:\/\/www.celttv.com.ar\/index.php\/2014\/09\/15\/la-tormenta-solar-un-fenomeno-natural-que-genera-inconvenientes-colab-rolando-bruni\/#breadcrumb"},"inLanguage":"es","potentialAction":[{"@type":"ReadAction","target":["https:\/\/www.celttv.com.ar\/index.php\/2014\/09\/15\/la-tormenta-solar-un-fenomeno-natural-que-genera-inconvenientes-colab-rolando-bruni\/"]}]},{"@type":"BreadcrumbList","@id":"https:\/\/www.celttv.com.ar\/index.php\/2014\/09\/15\/la-tormenta-solar-un-fenomeno-natural-que-genera-inconvenientes-colab-rolando-bruni\/#breadcrumb","itemListElement":[{"@type":"ListItem","position":1,"name":"Inicio","item":"https:\/\/www.celttv.com.ar\/"},{"@type":"ListItem","position":2,"name":"LA TORMENTA SOLAR, UN FENOMENO NATURAL QUE GENERA INCONVENIENTES (colab. Rolando Bruni)"}]},{"@type":"WebSite","@id":"https:\/\/www.celttv.com.ar\/#website","url":"https:\/\/www.celttv.com.ar\/","name":"CELTTV","description":"Cooperativa El\u00e9ctrica de Tornquist","publisher":{"@id":"https:\/\/www.celttv.com.ar\/#organization"},"potentialAction":[{"@type":"SearchAction","target":{"@type":"EntryPoint","urlTemplate":"https:\/\/www.celttv.com.ar\/?s={search_term_string}"},"query-input":"required name=search_term_string"}],"inLanguage":"es"},{"@type":"Organization","@id":"https:\/\/www.celttv.com.ar\/#organization","name":"CELTTV","url":"https:\/\/www.celttv.com.ar\/","sameAs":["https:\/\/www.youtube.com\/channel\/UCz_oIt8Hig64Ub-EmcNPIhg","https:\/\/www.facebook.com\/celtTV\/"],"logo":{"@type":"ImageObject","inLanguage":"es","@id":"https:\/\/www.celttv.com.ar\/#\/schema\/logo\/image\/","url":"http:\/\/www.celttv.com.ar\/wp-content\/uploads\/2022\/08\/logo-1.png","contentUrl":"http:\/\/www.celttv.com.ar\/wp-content\/uploads\/2022\/08\/logo-1.png","width":461,"height":159,"caption":"CELTTV"},"image":{"@id":"https:\/\/www.celttv.com.ar\/#\/schema\/logo\/image\/"}},{"@type":"Person","@id":"https:\/\/www.celttv.com.ar\/#\/schema\/person\/6d99c072dba59953809c81446e9d0ace","name":"ulises","image":{"@type":"ImageObject","inLanguage":"es","@id":"https:\/\/www.celttv.com.ar\/#\/schema\/person\/image\/","url":"https:\/\/secure.gravatar.com\/avatar\/7f2c48bdc33b30088f941fb6082e555f2874c98e20cb159d7b92b50eadfce793?s=96&d=mm&r=g","contentUrl":"https:\/\/secure.gravatar.com\/avatar\/7f2c48bdc33b30088f941fb6082e555f2874c98e20cb159d7b92b50eadfce793?s=96&d=mm&r=g","caption":"ulises"},"sameAs":["http:\/\/www.celttv.com.ar"]}]}},"_links":{"self":[{"href":"https:\/\/www.celttv.com.ar\/index.php\/wp-json\/wp\/v2\/posts\/23675","targetHints":{"allow":["GET"]}}],"collection":[{"href":"https:\/\/www.celttv.com.ar\/index.php\/wp-json\/wp\/v2\/posts"}],"about":[{"href":"https:\/\/www.celttv.com.ar\/index.php\/wp-json\/wp\/v2\/types\/post"}],"author":[{"embeddable":true,"href":"https:\/\/www.celttv.com.ar\/index.php\/wp-json\/wp\/v2\/users\/1"}],"replies":[{"embeddable":true,"href":"https:\/\/www.celttv.com.ar\/index.php\/wp-json\/wp\/v2\/comments?post=23675"}],"version-history":[{"count":0,"href":"https:\/\/www.celttv.com.ar\/index.php\/wp-json\/wp\/v2\/posts\/23675\/revisions"}],"wp:attachment":[{"href":"https:\/\/www.celttv.com.ar\/index.php\/wp-json\/wp\/v2\/media?parent=23675"}],"wp:term":[{"taxonomy":"category","embeddable":true,"href":"https:\/\/www.celttv.com.ar\/index.php\/wp-json\/wp\/v2\/categories?post=23675"},{"taxonomy":"post_tag","embeddable":true,"href":"https:\/\/www.celttv.com.ar\/index.php\/wp-json\/wp\/v2\/tags?post=23675"}],"curies":[{"name":"wp","href":"https:\/\/api.w.org\/{rel}","templated":true}]}}