{"id":2368,"date":"2011-10-12T19:43:16","date_gmt":"2011-10-12T19:43:16","guid":{"rendered":"http:\/\/www.tvcnoticias.com.ar\/?p=2368"},"modified":"2011-10-12T19:43:16","modified_gmt":"2011-10-12T19:43:16","slug":"hcd-preocupacion-por-la-aplicacion-de-agroquimicos-en-sierra-de-la-ventana","status":"publish","type":"post","link":"https:\/\/www.celttv.com.ar\/index.php\/2011\/10\/12\/hcd-preocupacion-por-la-aplicacion-de-agroquimicos-en-sierra-de-la-ventana\/","title":{"rendered":"HCD: PREOCUPACION POR LA APLICACION DE AGROQUIMICOS EN SIERRA DE LA VENTANA"},"content":{"rendered":"<p>Se aprob\u00f3 por unanimidad invitar a una reuni\u00f3n para el pr\u00f3ximo lunes al Secretario de Producci\u00f3n\u00a0 Sr. Ricardo Valentini y al Director de\u00a0 Bromatolog\u00eda Dr. Luciano Fontanes.<br \/>\nLos concejales propondrian la implementaci\u00f3n de una ordenanza que contemple este tipo de situaci\u00f3n, ya que en la actualidad no existe a nivel municipal una norma de este tipo.<br \/>\nINFORME SESI\u00d3N ORDINARIA DE FECHA 11 DE OCTUBRE DE 2011<br \/>\nTemas tratados:<br \/>\nComunicaciones Oficiales\u00a0 y Dict\u00e1menes de Comisiones:<br \/>\nExpte. N\u00ba 254\/11: \u201cTaller Protegido solicita eximici\u00f3n de Tasas Municipales\u201d.<br \/>\nPasa a la Comisi\u00f3n de Presupuesto y Hacienda.<br \/>\nExpte. N\u00ba 328\/11: \u201cD.E. \u2013 Llamado a Licitaci\u00f3n Privada Obra Alteo de camino rural con ensanche y con formaci\u00f3n de cunetas de desag\u00fces Camino Calvario \u2013 Camino Tornquist Funke \u2013 Ruta 76 a Funke \u2013 Camino Funke Don Benjam\u00edn \u2013 Pdo. Tornquist. Licitaci\u00f3n Privada N\u00ba 09\/11\u201d.<br \/>\nSe aprueba por mayor\u00eda su tratamiento sobre Tablas.<br \/>\nSeg\u00fan\u00a0\u00a0 el dictamen de los Bloques Frente Justicialista para la Victoria, Partido Justicialista, Peronismo Federal y Partido de la Victoria, se aprueba por mayor\u00eda la Ordenanza bajo el N\u00ba 2415\/11 por la que se autoriza al Departamento Ejecutivo Municipal a adjudicar a la empresa ANCAT S. A.\u00a0 con domicilio legal en Saavedra N\u00ba 2898 Olavarr\u00eda, la realizaci\u00f3n de la Obra \u201cAlteo de camino rural\u00a0 con ensanche y conformaci\u00f3n\u00a0 de cunetas de desag\u00fce Camino Calvario, Camino Tornquist-Funke, Ruta 76 a Funke, camino Funke Don Benjam\u00edn,\u00a0 Partido de Tornquist\u201d, seg\u00fan llamado a Licitaci\u00f3n Privada N\u00ba 09\/11 en la suma de $418.540,00.-<br \/>\nExpte. N\u00ba 330\/11: \u201cN.P.- Asociaci\u00f3n Cuerpo Bomberos Voluntarios de Tornquist, solicita Declaraci\u00f3n Patrimonio Hist\u00f3rico Municipal Motobomba Renault Modelo 1926\u201d.<br \/>\nSe aprueba por unanimidad su\u00a0 tratamiento sobre Tablas.<br \/>\nSe aprueba por unanimidad la Ordenanza bajo el N\u00ba 2416\/11 por la que se declara Patrimonio Hist\u00f3rico Municipal a la motobomba Renault- modelo 1926- motor N\u00ba 1162 propiedad del Cuerpo de Bomberos Voluntarios de Tornquist.-<br \/>\nExpte. N\u00ba 6388\/11: \u201cN.P. \u2013 Sindicato de Trabajadores Municipales de Tornquist: Solicita Reuni\u00f3n Tripartita\u201d.<br \/>\nPasa a la Comisi\u00f3n de Asuntos Municipales.-<br \/>\nExpte. N\u00ba 320\/11: \u201cD.E. \u2013 Convalida Acuerdo Marco firmado entre el ENOHSA y el Municipio de Tornquist. Obra: \u201cRed de Agua Potable y Pozo de Abastecimiento\u201d.<br \/>\nSeg\u00fan el dictamen de las Comisiones de Interpretaci\u00f3n y Reglamento, Presupuesto y Hacienda, y Obras P\u00fablicas, se aprueba por unanimidad la Ordenanza con el N\u00ba 2410\/11 por la que se Convalida el Acuerdo Marco firmado entre el Ente Nacional de Obras H\u00eddricas de Saneamiento representada por su Administrador\u00a0 Ing. Edgardo Atilio Bortolozzi y el Sr. Intendente Municipal Lic. Gustavo Trankels en representaci\u00f3n de la Municipalidad de Tornquist. A trav\u00e9s de este Acuerdo se llevar\u00e1 a cabo la ejecuci\u00f3n de la obra \u201cRed de Agua Potable y Pozo de Abastecimiento\u201d en la localidad de Tornquist.-<br \/>\nExpte. N\u00ba 322\/11: \u201cD.E. \u2013 Convalida la firma del Convenio Marco de Colaboraci\u00f3n Institucional entre la Procuraci\u00f3n General de la Suprema Corte de Justicia de la Provincia de Buenos Aires y el Municipio de Tornquist\u201d.<br \/>\nSeg\u00fan el dictamen de las Comisiones de Interpretaci\u00f3n y Reglamento, y Asuntos Municipales, se aprueba por unanimidad la Ordenanza bajo el N\u00ba 2411\/11 por la cual se Convalida\u00a0 el Convenio celebrado entre el Sr. Fiscal General Departamental del Departamento Judicial Bah\u00eda Blanca, Dr. Juan Pablo Fern\u00e1ndez representando a la Procuraci\u00f3n, y el Sr. Intendente Municipal Lic. Gustavo Trankels en representaci\u00f3n de la Municipalidad de Tornquist.\u00a0 Por medio de este acuerdo, se viabilizar\u00e1 el programa de descentralizaci\u00f3n de fiscal\u00edas permitiendo la instalaci\u00f3n de dependencias del Ministerio P\u00fablico en el Distrito.-<br \/>\nExpte. N\u00ba 325\/11: \u201cD.E. \u2013 Convalida firma del Protocolo Adicional entre el Ministerio de Justicia y Seguridad de la Pcia. de Bs. As. y el Mpio. de Tornquist\u201d.<br \/>\nSeg\u00fan el dictamen de las Comisiones de Interpretaci\u00f3n y Reglamento, y Presupuesto y Hacienda,\u00a0 se aprueba por unanimidad la Ordenanza N\u00ba 2412\/11 por la cual se Convalida el Protocolo Adicional firmado entre el Ministerio de Justicia y Seguridad de la provincia de Buenos Aires representado por su titular, Dr. Ricardo Casal y la Municipalidad de Tornquist representada pro el Sr. Intendente Municipal, Lic. Gustavo Trankels. A trav\u00e9s de este Convenio se otorga un subsidio de $304.000 a la Municipalidad de Tornquist cuyo objeto ser\u00e1 concluir las tareas de refacci\u00f3n de la Comisar\u00eda de Sierra de la Ventana y la Comisar\u00eda de Tornquist.-<br \/>\nExpte. N\u00ba 326\/11: \u201cD.E. \u2013 Convalida Firma del Convenio Adicional para la implementaci\u00f3n del Programa de Instalaci\u00f3n de Monitoreo Integral por c\u00e1maras en el Territorio entre el Mrio. de Justicia y Seguridad de la Pcia. de Bs. As. y el Mpio. de Tornquist\u201d.<br \/>\nSeg\u00fan el dictamen de las Comisiones de Interpretaci\u00f3n y Reglamento, y Presupuesto y Hacienda se aprueba por unanimidad la Ordenanza bajo el N\u00ba 2413\/11 por la que se Convalida el Convenio adicional para la Implementaci\u00f3n del Programa de Instalaci\u00f3n de Monitoreo Integral por C\u00e1maras en el Territorio Bonaerense firmado entre el Ministerio de Justicia y Seguridad de la Provincia de Buenos Aires representado por su titular, Dr. Ricardo Casal y la Municipalidad de Tornquist representada por el Sr. Intendente Municipal, Lic. Gustavo Trankels. Por medio de este Convenio, el Ministerio de Justicia y Seguridad asignar\u00e1 a la Municipalidad en car\u00e1cter de aporte no reintegrable, el importe que resulte de las cotizaciones que el Municipio realice para tal fin.-<br \/>\nExpte. N\u00ba 327\/11: \u201cD.E. \u2013 Convalida la firma del Convenio de Fortalecimiento Log\u00edstico entre el Mrio. de Justicia y Seguridad de la Pcia. de Bs. As. y el Mpio. de Tornquist\u201d.<br \/>\nSeg\u00fan el dictamen de las Comisiones de Interpretaci\u00f3n y Reglamento, y Presupuesto y Hacienda, se aprueba por unanimidad la Ordenanza bajo el N\u00ba 2414\/11 por la que se Convalida en Convenio de Fortalecimiento Log\u00edstico firmado entre el Ministerio de Justicia y Seguridad de la Provincia de Buenos Aires representado por su titular Dr. Ricardo Casal y la Municipalidad de Tornquist representada por el Sr. Intendente Municipal Lic. Gustavo Trankels. Por medio del mismo, se otorga un subsidio a la Municipalidad de Tornquist cuyo objeto espec\u00edfico ser\u00e1 la adquisici\u00f3n de cuatro motocicletas entre 100 y 110 cc de cilindrada, para ser asignadas como patrulleros de las unidades policiales.-<br \/>\nExpte. N\u00ba 6387\/11: \u201cN.P. \u2013 Sociedad de Fomento, Cultura y Turismo \u2013 Villa \u201cSan Bernardo\u201d: Solicita uso Banca Concejal N\u00ba 13\u201d.<br \/>\nSe aprueba por unanimidad el dictamen de las Comisiones de Interpretaci\u00f3n y Reglamento, y Asuntos Municipales, que aconseja se le env\u00ede por Presidencia una nota a la Instituci\u00f3n, solicitando los temas a tratar en la Banca Concejal N\u00ba 13.<br \/>\nExpte. N\u00ba 6390\/11: \u201cN.P. \u2013 Colegio Nuestra Sra. de Luj\u00e1n: Solicita se declare de Inter\u00e9s Municipal la \u201cXV Jornadas de Lectura Serrana\u201d y ayuda econ\u00f3mica para solventar los gastos ocasionados por dicho evento\u201d.<br \/>\nSe aprueba por unanimidad el dictamen de la Comisi\u00f3n de Asuntos Municipales que, teniendo conocimiento que el Departamento Ejecutivo seg\u00fan Decreto N\u00ba 720\/11 ya ha declarado dichas Jornadas de Inter\u00e9s Municipal, aconseja enviar el mismo al Archivo.<br \/>\nAsuntos Particulares<br \/>\nN.P. vecinos de Villa Ventana y Sierra de la Ventana: Solicitan, de acuerdo a la urgente necesidad de la poblaci\u00f3n, que en los Centros de Salud de Villa Ventana y Sierra de la Ventana se brinde atenci\u00f3n profesional de un m\u00e9dico especialista en cardiolog\u00eda, que\u00a0 podr\u00eda ser el Dr. Juan Carlos Battista, ya que en esta zona no existen m\u00e9dicos cardi\u00f3logos y son muchos los vecinos que se tienen que movilizar hasta Tornquist para ser atendidos. Firmada: Por 243 vecinos.<br \/>\nSe solicita la formaci\u00f3n de Expediente y el pase a Comisi\u00f3n.<br \/>\nN.P. ONG Ambiente Comarca: Vecinos del Barrio El Mirador de la localidad de Sierra de la Ventana y de otros Barrios, denuncian, notifican y solicitan informaci\u00f3n sobre un hecho de aplicaci\u00f3n terrestre de agroqu\u00edmico a 50 mts. de la calle Camino de las Carretas. Firmada: Por Hugo Kloster Presidente y 111 vecinos.<br \/>\nCon Copia al Sr. Intendente Municipal, A la Secretar\u00eda de Producci\u00f3n y Medio Ambiente y A la Secretar\u00eda de Salud y Bromatolog\u00eda.<br \/>\nSe solicita formaci\u00f3n de Expediente y el pase a Comisi\u00f3n.<br \/>\nN.P. Sierra de la Ventana. Natalia Molina, Carolina Mizrahi, Erika Vollers. Solicitan que se declare de Inter\u00e9s Municipal la II Feria del libro de Sierra de la Ventana que se realizar\u00e1 del 18 al 20 de noviembre en el predio de los galpones del Ferrocarril.<br \/>\nSe solicita la formaci\u00f3n de Expediente y el pase a Comisi\u00f3n.<br \/>\nN.P. Dr. Juan Carlos Battista, solicita se le otorgue una licencia sin percepci\u00f3n de Dietas a partir del 21 de octubre y hasta la finalizaci\u00f3n de su mandato 10\/12\/11.<br \/>\nSe aprueba por unanimidad tal solicitud.<br \/>\nHacen uso de la palabra los Se\u00f1ores Concejales:<br \/>\nConcejal Julio Oviedo:<br \/>\n\u201cSra. Presidente, me quer\u00eda referir, el d\u00eda s\u00e1bado un candidato a diputado nacional estuvo visitando la ciudad de Tornquist, y en lo particular, y\u00a0 que a mucha gente creo que le ha pasado lo mismo, nos dej\u00f3 una preocupaci\u00f3n en sus declaraciones, en cuanto a la, se refer\u00eda a la entrega de ayudas de parte del gobierno al sector agropecuario, donde menciona que se entrega a los amigos del gobierno solamente estos cr\u00e9ditos. Lamento mucho, me preocupa, porque no debe estar bien informado como se trabaja con estos temas, hemos tenido en estos cuatro a\u00f1os mucho trabajo referido con el campo, y en todo ha habido instituciones de por medio, en Tornquist la mesa agropecuaria, se ha debatido much\u00edsimo y creo que no es en nuestro Distrito que se le est\u00e9 entregando cr\u00e9ditos o subsidios de esa forma, como lo explicaba este se\u00f1or. No debe estar bien informado, me gustar\u00eda que se entere bien como funciona en Tornquist principalmente como trabaja la mesa agropecuaria para poder dar una opini\u00f3n. Se ha trabajado mucho en estos cuatro a\u00f1os con la entrega de ma\u00edz, con subsidios, fondos rotatorios y muchos planes m\u00e1s. Esa es una de las cosas que quer\u00eda expresar, y otra, tambi\u00e9n quer\u00eda manifestar que el d\u00eda de ma\u00f1ana, el doce de octubre se festeja el 115\u00ba aniversario de la localidad de Chasic\u00f3, as\u00ed que desde este Bloque, desde esta Banca, y desde este Concejo, seguramente estar\u00e1n todos de acuerdo, enviarles un saludo a toda la comunidad de Chasic\u00f3 por los 115\u00ba a\u00f1os de esta comunidad que sigue apostando, que sigue luchando y no baja los brazos, as\u00ed que les mandamos un saludo a todos los vecinos, a todas las instituciones de la localidad. Muchas gracias\u201d.<br \/>\nConcejal Sergio Bordoni:<br \/>\n\u201cBueno, en cuanto a lo que el Concejal Julio Oviedo se est\u00e1 refiriendo, yo estaba presente en la nota que le hacen Llamb\u00edas, y yo creo que han interpretado mal lo que Llamb\u00edas dijo, no se refer\u00eda a Tornquist, sino a los grandes pooles de siembra que hay en la Rep\u00fablica Argentina, y creo que si leen la nota o si la escuchan detenidamente, inclusive dijo que los subsidios que se le hab\u00edan dado al campo en esta zona hab\u00eda estado bien, porque realmente lo necesitaban, el problema no est\u00e1 ac\u00e1, el problema est\u00e1 arriba, en los grandes pooles de siembra, donde se arreglan entre cuatro o cinco amigos del gobierno, a eso se refer\u00eda el Sr. LLamb\u00edas. Es m\u00e1s, qued\u00f3 totalmente claro, es m\u00e1s, cuando el Sr. Valentini veo que sale a explicar en Noticias Tornquist, yo he estado en reuniones en la mesa agropecuaria, y realmente veo como trabaja Valentini, y no, ac\u00e1 no se le d.C. a ning\u00fan acomodado, es cierto lo que dice, pero sepan entender lo que dijo Llamb\u00edas, Llamb\u00edas no se refer\u00eda al Distrito de Tornquist,\u00a0 se refer\u00eda al contexto del pa\u00eds en general, y por eso es que no sal\u00ed a aclarar nada porque yo se como se trabaja y se que no se le da a\u00a0 los acomodados. Es m\u00e1s, hemos perdido, no perdido porque en definitiva despu\u00e9s la Provincia lo termin\u00f3 dejando para el arreglo de caminos, 1.300.000 pesos mas o menos que sobr\u00f3 del fondo de trigo, que no se hab\u00eda podido adjudicar porque nadie reun\u00eda\u00a0 los requisitos, o sea que no se lo dio,\u00a0 no se est\u00e1 diciendo que se le est\u00e1 dando o digitando algo, yo creo que cuando se lee algo, me parece a mi, y sobre todo cuando es tan delicado lo que est\u00e1 expresando un candidato a diputado nacional, a parte de ser candidato a diputado nacional es alguien que ha estado muy involucrado con el tema del campo, y debe saber algo m\u00e1s que nosotros en cuanto a funcionamiento, sobre todo de mi que sobre campo mucho\u00a0 no se, el funcionamiento a nivel pa\u00eds lo debe conocer bien, desautorizarlo de la forma que se lo desautoriz\u00f3 o criticarlo me parece que no queda bien. Vuelvo a repetir nadie hablaba de Tornquist, \u00e9l hablaba, se refer\u00eda a nivel pa\u00eds. Nada m\u00e1s Sra. Presidente\u201d.<br \/>\nConcejal Julio Oviedo:<br \/>\n\u201cLo m\u00edo no pasa por una cr\u00edtica, creo que vale la aclaraci\u00f3n. Escuch\u00e9 m\u00e1s de una vez la nota, no escuch\u00e9 hablar de los pooles de siembra, y debo manifestar que es una persona respetada el Sr. Llamb\u00edas, no estoy diciendo lo contrario, simplemente estoy mostrando la preocupaci\u00f3n porque por ah\u00ed no se, o no se expres\u00f3 bien, o hay algo, porque m\u00e1s de uno interpret\u00f3 que se estaba refiriendo al Distrito de Tornquist, por eso es que uno expresa la preocupaci\u00f3n, porque, para que luego nos llegue la aclaraci\u00f3n, que me parece es v\u00e1lida y es importante. Gracias\u201d.<br \/>\nConcejal Mabel Corvo:<br \/>\n\u201cYo quer\u00eda felicitar a la delegaci\u00f3n de j\u00f3venes y abuelos que nos han representado en la final de los Juegos BA en Mar del Plata, realmente me siento orgullosa de la calidad de j\u00f3venes y abuelos que nos han representado, y especialmente, a N\u00e9lida Bilbao que ha recibido Medalla de Oro, y a Mat\u00edas Romero Medalla de Bronce, y tambi\u00e9n a todos aquellos que han ido, y que han quedado en el camino, como las jornadas distritales y regionales que se han llevado a cabo durante el a\u00f1o. Tambi\u00e9n al grupo de Teatro que ha recibido dos menciones, menci\u00f3n a mejor actriz y a mejor escenograf\u00eda, a todos ellos muchas gracias y felicitaciones. Tambi\u00e9n quer\u00eda agradecer la presencia de nuestro Intendente Municipal\u00a0 en los juegos BA. Ha ido a participar con el grupo, con toda la delegaci\u00f3n las diferentes jornadas, y ha participado tambi\u00e9n en una cena en donde comparti\u00f3 con toda la delegaci\u00f3n. Much\u00edsimas gracias Sra. Presidente\u201d.<br \/>\nConcejal Guillermo Beck:<br \/>\n\u201cSobre la nota presentada por la ONG Ambiente Comarca, que es un tema bastante delicado que nos tiene bastante preocupados en Sierra de la Ventana, y para no demorar tanto en los tiempos, si el resto del Concejo est\u00e1 de acuerdo, yo dir\u00eda de citar para el pr\u00f3ximo lunes en reuni\u00f3n de trabajo a Luciano Fontanes, que es quien est\u00e1 a cargo del \u00e1rea de Bromatolog\u00eda, y que nos de una explicaci\u00f3n de que es lo que pas\u00f3 porque son varias versiones las que hay dando vuelta, y \u00e9l mismo dijo que no ten\u00eda un marco regulatorio en el Distrito de Tornquist, es verdad, no hay una Ordenanza, entonces me gustar\u00eda convocarlo, para que, ya que es un \u00e1rea que \u00e9l maneja, nos ayude y podamos ir conformando una Ordenanza adem\u00e1s de dar las explicaciones que tiene que dar por el caso que pas\u00f3, si est\u00e1n de acuerdo\u201d.<br \/>\nConcejal Sergio Bordoni:<br \/>\n\u201cYo estuve hablando con el Dr. Fontanes, en realidad, si es cierto, no hay ninguna Ordenanza municipal, pero porqu\u00e9 no hay una ordenanza municipal?, porque la ordenanza provincial que hay,\u00a0 la ley provincial que hay, solamente abarca lo que es a\u00e9reo, y no fumigaci\u00f3n terrestre. Me han mandado una Ordenanzas que es Partido de Ca\u00f1uelas me parece, puede ser?, si, en la cual\u00a0 hicieron la Ordenanza Municipal, pero hay que leerla y detenidamente, para ver si se puede aplicar, por que al no haber una legislaci\u00f3n provincial, vos no podes legislar sobre, una Ordenanza Municipal sobre una legislaci\u00f3n provincial, ellos igual la tienen en Ca\u00f1uelas, yo la tengo en mi poder en este momento, habr\u00eda que ver si la podemos adaptar al partido y si tiene validez, `porque siempre tiene que haber algo superior a lo municipal para poder legislar. Nada m\u00e1s Sra. Presidente\u201d.<br \/>\nConcejal Guillermo Beck:<br \/>\n\u201cQue hay Ordenanzas de otros distritos si, es verdad, hay un marco regulatorio que es la ley provincial, por m\u00e1s que la ley provincial no contemple algunas cuestiones puntuales, lo que se hace en una Ordenanza Municipal, sin incumplir lo que establece la ley provincial, se ampl\u00eda o se reglamenta, y de que manera se reglamenta y que estructura se arma, o que estructura estar\u00eda a cargo del tema. Yo en este caso no estoy diciendo que no, reconozco que no tenemos una Ordenanza, m\u00e1s vale, conozco tambi\u00e9n que hay en Ca\u00f1uelas, hay en la Provincia de C\u00f3rdoba, en la Provincia de Santa Fe, y en el Sur, donde se habla de fumigaciones terrestres y a\u00e9reas, donde se establecen medidas de quinientos metros si es terrestre, tres mil metros si es a\u00e9rea, es decir, tenemos los elementos como para armar una Ordenanza. Hay algo que me acota el Concejal Buitrago que me parece oportuno, que tambi\u00e9n participe de esta reuni\u00f3n el Secretario de Producci\u00f3n Valentini, ser\u00eda bueno\u201d.<br \/>\nSe aprueba por unanimidad invitar a una reuni\u00f3n para el pr\u00f3ximo lunes al Secretario de Producci\u00f3n\u00a0 Sr. Ricardo Valentini y al Director de\u00a0 Bromatolog\u00eda Dr. Luciano Fontanes.<br \/>\nPRENSA HCD<br \/>\n<\/p>\n","protected":false},"excerpt":{"rendered":"<p>Se aprob\u00f3 por unanimidad invitar a una reuni\u00f3n para el pr\u00f3ximo lunes al Secretario de Producci\u00f3n\u00a0 Sr. Ricardo Valentini y al Director de\u00a0 Bromatolog\u00eda Dr. Luciano Fontanes. Los concejales propondrian la implementaci\u00f3n de una ordenanza que contemple este tipo de situaci\u00f3n, ya que en la actualidad no existe a nivel municipal una norma de este [&hellip;]<\/p>\n","protected":false},"author":1,"featured_media":0,"comment_status":"open","ping_status":"open","sticky":false,"template":"","format":"standard","meta":{"footnotes":""},"categories":[52,53],"tags":[],"class_list":["post-2368","post","type-post","status-publish","format-standard","hentry","category-destacadas","category-politica"],"yoast_head":"<!-- This site is optimized with the Yoast SEO plugin v19.7.1 - https:\/\/yoast.com\/wordpress\/plugins\/seo\/ -->\n<title>HCD: PREOCUPACION POR LA APLICACION DE AGROQUIMICOS EN SIERRA DE LA VENTANA - CELTTV<\/title>\n<meta name=\"description\" content=\"Sitio web de noticias de la localidad de Tornquist, provincia de Buenos Aires, Rep\u00fablica Argentina. Contenido propio originado por periodistas de CELTTV, el canal de TV local de la Cooperativa El\u00e9ctrica de Tornquist. Turismo, Pol\u00edtica, Sociedad, Deporte, Cultura y todo el contenido de inter\u00e9s general que la gente del pueblo y la regi\u00f3n debe conocer.\" \/>\n<meta name=\"robots\" content=\"index, follow, max-snippet:-1, max-image-preview:large, max-video-preview:-1\" \/>\n<link rel=\"canonical\" href=\"https:\/\/www.celttv.com.ar\/index.php\/2011\/10\/12\/hcd-preocupacion-por-la-aplicacion-de-agroquimicos-en-sierra-de-la-ventana\/\" \/>\n<meta property=\"og:locale\" content=\"es_ES\" \/>\n<meta property=\"og:type\" content=\"article\" \/>\n<meta property=\"og:title\" content=\"HCD: PREOCUPACION POR LA APLICACION DE AGROQUIMICOS EN SIERRA DE LA VENTANA - CELTTV\" \/>\n<meta property=\"og:description\" content=\"Sitio web de noticias de la localidad de Tornquist, provincia de Buenos Aires, Rep\u00fablica Argentina. Contenido propio originado por periodistas de CELTTV, el canal de TV local de la Cooperativa El\u00e9ctrica de Tornquist. Turismo, Pol\u00edtica, Sociedad, Deporte, Cultura y todo el contenido de inter\u00e9s general que la gente del pueblo y la regi\u00f3n debe conocer.\" \/>\n<meta property=\"og:url\" content=\"https:\/\/www.celttv.com.ar\/index.php\/2011\/10\/12\/hcd-preocupacion-por-la-aplicacion-de-agroquimicos-en-sierra-de-la-ventana\/\" \/>\n<meta property=\"og:site_name\" content=\"CELTTV\" \/>\n<meta property=\"article:publisher\" content=\"https:\/\/www.facebook.com\/celtTV\/\" \/>\n<meta property=\"article:published_time\" content=\"2011-10-12T19:43:16+00:00\" \/>\n<meta name=\"author\" content=\"ulises\" \/>\n<meta name=\"twitter:card\" content=\"summary_large_image\" \/>\n<meta name=\"twitter:label1\" content=\"Escrito por\" \/>\n\t<meta name=\"twitter:data1\" content=\"ulises\" \/>\n\t<meta name=\"twitter:label2\" content=\"Tiempo de lectura\" \/>\n\t<meta name=\"twitter:data2\" content=\"15 minutos\" \/>\n<script type=\"application\/ld+json\" class=\"yoast-schema-graph\">{\"@context\":\"https:\/\/schema.org\",\"@graph\":[{\"@type\":\"NewsArticle\",\"@id\":\"https:\/\/www.celttv.com.ar\/index.php\/2011\/10\/12\/hcd-preocupacion-por-la-aplicacion-de-agroquimicos-en-sierra-de-la-ventana\/#article\",\"isPartOf\":{\"@id\":\"https:\/\/www.celttv.com.ar\/index.php\/2011\/10\/12\/hcd-preocupacion-por-la-aplicacion-de-agroquimicos-en-sierra-de-la-ventana\/\"},\"author\":{\"name\":\"ulises\",\"@id\":\"https:\/\/www.celttv.com.ar\/#\/schema\/person\/6d99c072dba59953809c81446e9d0ace\"},\"headline\":\"HCD: PREOCUPACION POR LA APLICACION DE AGROQUIMICOS EN SIERRA DE LA VENTANA\",\"datePublished\":\"2011-10-12T19:43:16+00:00\",\"dateModified\":\"2011-10-12T19:43:16+00:00\",\"mainEntityOfPage\":{\"@id\":\"https:\/\/www.celttv.com.ar\/index.php\/2011\/10\/12\/hcd-preocupacion-por-la-aplicacion-de-agroquimicos-en-sierra-de-la-ventana\/\"},\"wordCount\":3041,\"commentCount\":0,\"publisher\":{\"@id\":\"https:\/\/www.celttv.com.ar\/#organization\"},\"articleSection\":[\"Destacadas\",\"Pol\u00edtica\"],\"inLanguage\":\"es\"},{\"@type\":\"WebPage\",\"@id\":\"https:\/\/www.celttv.com.ar\/index.php\/2011\/10\/12\/hcd-preocupacion-por-la-aplicacion-de-agroquimicos-en-sierra-de-la-ventana\/\",\"url\":\"https:\/\/www.celttv.com.ar\/index.php\/2011\/10\/12\/hcd-preocupacion-por-la-aplicacion-de-agroquimicos-en-sierra-de-la-ventana\/\",\"name\":\"HCD: PREOCUPACION POR LA APLICACION DE AGROQUIMICOS EN SIERRA DE LA VENTANA - CELTTV\",\"isPartOf\":{\"@id\":\"https:\/\/www.celttv.com.ar\/#website\"},\"datePublished\":\"2011-10-12T19:43:16+00:00\",\"dateModified\":\"2011-10-12T19:43:16+00:00\",\"description\":\"Sitio web de noticias de la localidad de Tornquist, provincia de Buenos Aires, Rep\u00fablica Argentina. Contenido propio originado por periodistas de CELTTV, el canal de TV local de la Cooperativa El\u00e9ctrica de Tornquist. Turismo, Pol\u00edtica, Sociedad, Deporte, Cultura y todo el contenido de inter\u00e9s general que la gente del pueblo y la regi\u00f3n debe conocer.\",\"breadcrumb\":{\"@id\":\"https:\/\/www.celttv.com.ar\/index.php\/2011\/10\/12\/hcd-preocupacion-por-la-aplicacion-de-agroquimicos-en-sierra-de-la-ventana\/#breadcrumb\"},\"inLanguage\":\"es\",\"potentialAction\":[{\"@type\":\"ReadAction\",\"target\":[\"https:\/\/www.celttv.com.ar\/index.php\/2011\/10\/12\/hcd-preocupacion-por-la-aplicacion-de-agroquimicos-en-sierra-de-la-ventana\/\"]}]},{\"@type\":\"BreadcrumbList\",\"@id\":\"https:\/\/www.celttv.com.ar\/index.php\/2011\/10\/12\/hcd-preocupacion-por-la-aplicacion-de-agroquimicos-en-sierra-de-la-ventana\/#breadcrumb\",\"itemListElement\":[{\"@type\":\"ListItem\",\"position\":1,\"name\":\"Inicio\",\"item\":\"https:\/\/www.celttv.com.ar\/\"},{\"@type\":\"ListItem\",\"position\":2,\"name\":\"HCD: PREOCUPACION POR LA APLICACION DE AGROQUIMICOS EN SIERRA DE LA VENTANA\"}]},{\"@type\":\"WebSite\",\"@id\":\"https:\/\/www.celttv.com.ar\/#website\",\"url\":\"https:\/\/www.celttv.com.ar\/\",\"name\":\"CELTTV\",\"description\":\"Cooperativa El\u00e9ctrica de Tornquist\",\"publisher\":{\"@id\":\"https:\/\/www.celttv.com.ar\/#organization\"},\"potentialAction\":[{\"@type\":\"SearchAction\",\"target\":{\"@type\":\"EntryPoint\",\"urlTemplate\":\"https:\/\/www.celttv.com.ar\/?s={search_term_string}\"},\"query-input\":\"required name=search_term_string\"}],\"inLanguage\":\"es\"},{\"@type\":\"Organization\",\"@id\":\"https:\/\/www.celttv.com.ar\/#organization\",\"name\":\"CELTTV\",\"url\":\"https:\/\/www.celttv.com.ar\/\",\"sameAs\":[\"https:\/\/www.youtube.com\/channel\/UCz_oIt8Hig64Ub-EmcNPIhg\",\"https:\/\/www.facebook.com\/celtTV\/\"],\"logo\":{\"@type\":\"ImageObject\",\"inLanguage\":\"es\",\"@id\":\"https:\/\/www.celttv.com.ar\/#\/schema\/logo\/image\/\",\"url\":\"http:\/\/www.celttv.com.ar\/wp-content\/uploads\/2022\/08\/logo-1.png\",\"contentUrl\":\"http:\/\/www.celttv.com.ar\/wp-content\/uploads\/2022\/08\/logo-1.png\",\"width\":461,\"height\":159,\"caption\":\"CELTTV\"},\"image\":{\"@id\":\"https:\/\/www.celttv.com.ar\/#\/schema\/logo\/image\/\"}},{\"@type\":\"Person\",\"@id\":\"https:\/\/www.celttv.com.ar\/#\/schema\/person\/6d99c072dba59953809c81446e9d0ace\",\"name\":\"ulises\",\"image\":{\"@type\":\"ImageObject\",\"inLanguage\":\"es\",\"@id\":\"https:\/\/www.celttv.com.ar\/#\/schema\/person\/image\/\",\"url\":\"https:\/\/secure.gravatar.com\/avatar\/7f2c48bdc33b30088f941fb6082e555f2874c98e20cb159d7b92b50eadfce793?s=96&d=mm&r=g\",\"contentUrl\":\"https:\/\/secure.gravatar.com\/avatar\/7f2c48bdc33b30088f941fb6082e555f2874c98e20cb159d7b92b50eadfce793?s=96&d=mm&r=g\",\"caption\":\"ulises\"},\"sameAs\":[\"http:\/\/www.celttv.com.ar\"]}]}<\/script>\n<!-- \/ Yoast SEO plugin. -->","yoast_head_json":{"title":"HCD: PREOCUPACION POR LA APLICACION DE AGROQUIMICOS EN SIERRA DE LA VENTANA - CELTTV","description":"Sitio web de noticias de la localidad de Tornquist, provincia de Buenos Aires, Rep\u00fablica Argentina. Contenido propio originado por periodistas de CELTTV, el canal de TV local de la Cooperativa El\u00e9ctrica de Tornquist. Turismo, Pol\u00edtica, Sociedad, Deporte, Cultura y todo el contenido de inter\u00e9s general que la gente del pueblo y la regi\u00f3n debe conocer.","robots":{"index":"index","follow":"follow","max-snippet":"max-snippet:-1","max-image-preview":"max-image-preview:large","max-video-preview":"max-video-preview:-1"},"canonical":"https:\/\/www.celttv.com.ar\/index.php\/2011\/10\/12\/hcd-preocupacion-por-la-aplicacion-de-agroquimicos-en-sierra-de-la-ventana\/","og_locale":"es_ES","og_type":"article","og_title":"HCD: PREOCUPACION POR LA APLICACION DE AGROQUIMICOS EN SIERRA DE LA VENTANA - CELTTV","og_description":"Sitio web de noticias de la localidad de Tornquist, provincia de Buenos Aires, Rep\u00fablica Argentina. Contenido propio originado por periodistas de CELTTV, el canal de TV local de la Cooperativa El\u00e9ctrica de Tornquist. Turismo, Pol\u00edtica, Sociedad, Deporte, Cultura y todo el contenido de inter\u00e9s general que la gente del pueblo y la regi\u00f3n debe conocer.","og_url":"https:\/\/www.celttv.com.ar\/index.php\/2011\/10\/12\/hcd-preocupacion-por-la-aplicacion-de-agroquimicos-en-sierra-de-la-ventana\/","og_site_name":"CELTTV","article_publisher":"https:\/\/www.facebook.com\/celtTV\/","article_published_time":"2011-10-12T19:43:16+00:00","author":"ulises","twitter_card":"summary_large_image","twitter_misc":{"Escrito por":"ulises","Tiempo de lectura":"15 minutos"},"schema":{"@context":"https:\/\/schema.org","@graph":[{"@type":"NewsArticle","@id":"https:\/\/www.celttv.com.ar\/index.php\/2011\/10\/12\/hcd-preocupacion-por-la-aplicacion-de-agroquimicos-en-sierra-de-la-ventana\/#article","isPartOf":{"@id":"https:\/\/www.celttv.com.ar\/index.php\/2011\/10\/12\/hcd-preocupacion-por-la-aplicacion-de-agroquimicos-en-sierra-de-la-ventana\/"},"author":{"name":"ulises","@id":"https:\/\/www.celttv.com.ar\/#\/schema\/person\/6d99c072dba59953809c81446e9d0ace"},"headline":"HCD: PREOCUPACION POR LA APLICACION DE AGROQUIMICOS EN SIERRA DE LA VENTANA","datePublished":"2011-10-12T19:43:16+00:00","dateModified":"2011-10-12T19:43:16+00:00","mainEntityOfPage":{"@id":"https:\/\/www.celttv.com.ar\/index.php\/2011\/10\/12\/hcd-preocupacion-por-la-aplicacion-de-agroquimicos-en-sierra-de-la-ventana\/"},"wordCount":3041,"commentCount":0,"publisher":{"@id":"https:\/\/www.celttv.com.ar\/#organization"},"articleSection":["Destacadas","Pol\u00edtica"],"inLanguage":"es"},{"@type":"WebPage","@id":"https:\/\/www.celttv.com.ar\/index.php\/2011\/10\/12\/hcd-preocupacion-por-la-aplicacion-de-agroquimicos-en-sierra-de-la-ventana\/","url":"https:\/\/www.celttv.com.ar\/index.php\/2011\/10\/12\/hcd-preocupacion-por-la-aplicacion-de-agroquimicos-en-sierra-de-la-ventana\/","name":"HCD: PREOCUPACION POR LA APLICACION DE AGROQUIMICOS EN SIERRA DE LA VENTANA - CELTTV","isPartOf":{"@id":"https:\/\/www.celttv.com.ar\/#website"},"datePublished":"2011-10-12T19:43:16+00:00","dateModified":"2011-10-12T19:43:16+00:00","description":"Sitio web de noticias de la localidad de Tornquist, provincia de Buenos Aires, Rep\u00fablica Argentina. Contenido propio originado por periodistas de CELTTV, el canal de TV local de la Cooperativa El\u00e9ctrica de Tornquist. Turismo, Pol\u00edtica, Sociedad, Deporte, Cultura y todo el contenido de inter\u00e9s general que la gente del pueblo y la regi\u00f3n debe conocer.","breadcrumb":{"@id":"https:\/\/www.celttv.com.ar\/index.php\/2011\/10\/12\/hcd-preocupacion-por-la-aplicacion-de-agroquimicos-en-sierra-de-la-ventana\/#breadcrumb"},"inLanguage":"es","potentialAction":[{"@type":"ReadAction","target":["https:\/\/www.celttv.com.ar\/index.php\/2011\/10\/12\/hcd-preocupacion-por-la-aplicacion-de-agroquimicos-en-sierra-de-la-ventana\/"]}]},{"@type":"BreadcrumbList","@id":"https:\/\/www.celttv.com.ar\/index.php\/2011\/10\/12\/hcd-preocupacion-por-la-aplicacion-de-agroquimicos-en-sierra-de-la-ventana\/#breadcrumb","itemListElement":[{"@type":"ListItem","position":1,"name":"Inicio","item":"https:\/\/www.celttv.com.ar\/"},{"@type":"ListItem","position":2,"name":"HCD: PREOCUPACION POR LA APLICACION DE AGROQUIMICOS EN SIERRA DE LA VENTANA"}]},{"@type":"WebSite","@id":"https:\/\/www.celttv.com.ar\/#website","url":"https:\/\/www.celttv.com.ar\/","name":"CELTTV","description":"Cooperativa El\u00e9ctrica de Tornquist","publisher":{"@id":"https:\/\/www.celttv.com.ar\/#organization"},"potentialAction":[{"@type":"SearchAction","target":{"@type":"EntryPoint","urlTemplate":"https:\/\/www.celttv.com.ar\/?s={search_term_string}"},"query-input":"required name=search_term_string"}],"inLanguage":"es"},{"@type":"Organization","@id":"https:\/\/www.celttv.com.ar\/#organization","name":"CELTTV","url":"https:\/\/www.celttv.com.ar\/","sameAs":["https:\/\/www.youtube.com\/channel\/UCz_oIt8Hig64Ub-EmcNPIhg","https:\/\/www.facebook.com\/celtTV\/"],"logo":{"@type":"ImageObject","inLanguage":"es","@id":"https:\/\/www.celttv.com.ar\/#\/schema\/logo\/image\/","url":"http:\/\/www.celttv.com.ar\/wp-content\/uploads\/2022\/08\/logo-1.png","contentUrl":"http:\/\/www.celttv.com.ar\/wp-content\/uploads\/2022\/08\/logo-1.png","width":461,"height":159,"caption":"CELTTV"},"image":{"@id":"https:\/\/www.celttv.com.ar\/#\/schema\/logo\/image\/"}},{"@type":"Person","@id":"https:\/\/www.celttv.com.ar\/#\/schema\/person\/6d99c072dba59953809c81446e9d0ace","name":"ulises","image":{"@type":"ImageObject","inLanguage":"es","@id":"https:\/\/www.celttv.com.ar\/#\/schema\/person\/image\/","url":"https:\/\/secure.gravatar.com\/avatar\/7f2c48bdc33b30088f941fb6082e555f2874c98e20cb159d7b92b50eadfce793?s=96&d=mm&r=g","contentUrl":"https:\/\/secure.gravatar.com\/avatar\/7f2c48bdc33b30088f941fb6082e555f2874c98e20cb159d7b92b50eadfce793?s=96&d=mm&r=g","caption":"ulises"},"sameAs":["http:\/\/www.celttv.com.ar"]}]}},"_links":{"self":[{"href":"https:\/\/www.celttv.com.ar\/index.php\/wp-json\/wp\/v2\/posts\/2368","targetHints":{"allow":["GET"]}}],"collection":[{"href":"https:\/\/www.celttv.com.ar\/index.php\/wp-json\/wp\/v2\/posts"}],"about":[{"href":"https:\/\/www.celttv.com.ar\/index.php\/wp-json\/wp\/v2\/types\/post"}],"author":[{"embeddable":true,"href":"https:\/\/www.celttv.com.ar\/index.php\/wp-json\/wp\/v2\/users\/1"}],"replies":[{"embeddable":true,"href":"https:\/\/www.celttv.com.ar\/index.php\/wp-json\/wp\/v2\/comments?post=2368"}],"version-history":[{"count":0,"href":"https:\/\/www.celttv.com.ar\/index.php\/wp-json\/wp\/v2\/posts\/2368\/revisions"}],"wp:attachment":[{"href":"https:\/\/www.celttv.com.ar\/index.php\/wp-json\/wp\/v2\/media?parent=2368"}],"wp:term":[{"taxonomy":"category","embeddable":true,"href":"https:\/\/www.celttv.com.ar\/index.php\/wp-json\/wp\/v2\/categories?post=2368"},{"taxonomy":"post_tag","embeddable":true,"href":"https:\/\/www.celttv.com.ar\/index.php\/wp-json\/wp\/v2\/tags?post=2368"}],"curies":[{"name":"wp","href":"https:\/\/api.w.org\/{rel}","templated":true}]}}