{"id":23705,"date":"2014-09-16T01:59:33","date_gmt":"2014-09-16T01:59:33","guid":{"rendered":"http:\/\/www.tvcnoticias.com.ar\/?p=23705"},"modified":"2014-09-16T01:59:33","modified_gmt":"2014-09-16T01:59:33","slug":"crecer-fumigados-la-nociva-realidad-de-los-alumnos-rurales","status":"publish","type":"post","link":"https:\/\/www.celttv.com.ar\/index.php\/2014\/09\/16\/crecer-fumigados-la-nociva-realidad-de-los-alumnos-rurales\/","title":{"rendered":"CRECER FUMIGADOS, LA NOCIVA REALIDAD DE LOS ALUMNOS RURALES"},"content":{"rendered":"<p><img loading=\"lazy\" decoding=\"async\" class=\"aligncenter size-medium wp-image-23707\" title=\"Mapa y detalle fumigacion El Relincho 2014\" src=\"http:\/\/www.tvcnoticias.com.ar\/wp-content\/uploads\/2014\/09\/Mapa-y-detalle-fumigacion-El-Relincho-2014-450x265.jpg\" alt=\"\" width=\"450\" height=\"265\" \/><br \/>\n<a href=\"https:\/\/www.youtube.com\/watch?v=g94qjGNJBrI\">httpv:\/\/www.youtube.com\/watch?v=g94qjGNJBrI<\/a><br \/>\n<strong><em>Las continuas exposiciones de las escuelas de campo a los agroqu\u00edmicos revelan profundas debilidades en los aspectos legislativos y ejecutivos que finalmente priorizan los aspectos productivos sobre los sanitarios. Otra vez, al igual que en el a\u00f1o 2011, le toc\u00f3 a la escuela rural EES N\u00b0 6 del Distrito de Cnel. Su\u00e1rez, ubicada sobre la ruta provincial N\u00b0 76 a unos 55 km de la ciudad cabecera.<span style=\"font-size: small;\"> <\/span><\/em><\/strong><br \/>\n<strong><em><br \/>\n<\/em><\/strong><br \/>\nEl viernes 12 de septiembre de 2014 los alumnos y el personal docente del turno ma\u00f1ana de la Escuela Rural EES N\u00ba 6 del Paraje El Relincho, distrito de Coronel Su\u00e1rez, fueron expuestos a una aplicaci\u00f3n de pesticida que estaba siendo realizada en un campo frente al establecimiento.<br \/>\n&nbsp;<br \/>\nEn ese momento, 9:45 horas aproximadamente, los alumnos estaban en pleno recreo, jugando al metegol afuera del edificio escolar, respirando el producto agrot\u00f3xico que era arrastrado por la deriva producida por la intensidad y direcci\u00f3n del viento.<br \/>\n&nbsp;<br \/>\nAlertadas de tal situaci\u00f3n, las autoridades y el personal de la escuela, procedieron a proteger a los alumnos haci\u00e9ndolos ingresar dentro del edificio y a comunicar la situaci\u00f3n a la Jefatura Educativa Distrital, la que en forma inmediata denunci\u00f3 el hecho al organismo municipal correspondiente. Posteriormente se hicieron presentes en el lugar y detuvieron la aplicaci\u00f3n, tomando el recaudo de suspender las clases en el turno tarde debido a la gran cantidad de agrot\u00f3xico disperso en el lugar.<br \/>\n&nbsp;<br \/>\nEste tema no es nuevo en el distrito, ya que su Director de Medio Ambiente, el Sr. Emanuel Garrido, viene trabajando en busca de una soluci\u00f3n a esta problem\u00e1tica desde hace tiempo, denunciando\u00a0<em>-luego de un detallado relevamiento- <\/em>que las escuelas rurales son expuestas regularmente a los agrot\u00f3xicos.<br \/>\n&nbsp;<br \/>\nEsta situaci\u00f3n es com\u00fan a la mayor\u00eda de las escuelas de campo. Con solo observar alrededor de ellas, se pueden ver que los campos en producci\u00f3n son linderos con los patios donde los ni\u00f1os y ni\u00f1as se hamacan o juegan a la pelota, recibiendo la deriva directa en el momento de la aplicaci\u00f3n o en forma posterior, cuando se fumiga un s\u00e1bado o domingo, y el lunes todav\u00eda permanece la toxicidad en el lugar, dependiendo del per\u00edodo de carencia del agrot\u00f3xico.<br \/>\n&nbsp;<br \/>\nEl ingreso al organismo de de estos productos nocivos puede ocasionar diferentes enfermedades, especialmente en los organismos m\u00e1s vulnerables, como ser ni\u00f1os y j\u00f3venes, mujeres embarazadas y ancianos.<br \/>\n&nbsp;<br \/>\nAlgunas patolog\u00edas se manifiestan en forma inmediata, como ser alergias, asma, problemas respiratorios, etc. Otras tardar\u00e1n varios a\u00f1os en aparecer en el individuo expuesto o en su descendencia, debido a que estos qu\u00edmicos poseen la peligrosa caracter\u00edstica de ser disruptores end\u00f3crinos, por lo cual afectan los procesos hormonales necesarios para el correcto funcionamiento del organismo.<br \/>\n&nbsp;<br \/>\nA pesar de la t\u00f3xica realidad, las autoridades y funcionarios de todos los niveles de gobierno a\u00fan no dan soluci\u00f3n a este grave problema, por lo cual es cada vez mas frecuente que las escuelas y comunidades rurales, como as\u00ed tambi\u00e9n las zonas periurbanas de los centros poblacionales, convivan con los venenos que se dispersan frente a ellos.<br \/>\n&nbsp;<br \/>\nONG Ambiente Comarca<br \/>\n&nbsp;<\/p>\n","protected":false},"excerpt":{"rendered":"<p>httpv:\/\/www.youtube.com\/watch?v=g94qjGNJBrI Las continuas exposiciones de las escuelas de campo a los agroqu\u00edmicos revelan profundas debilidades en los aspectos legislativos y ejecutivos que finalmente priorizan los aspectos productivos sobre los sanitarios. Otra vez, al igual que en el a\u00f1o 2011, le toc\u00f3 a la escuela rural EES N\u00b0 6 del Distrito de Cnel. Su\u00e1rez, ubicada sobre [&hellip;]<\/p>\n","protected":false},"author":1,"featured_media":0,"comment_status":"closed","ping_status":"open","sticky":false,"template":"","format":"standard","meta":{"footnotes":""},"categories":[51,52],"tags":[],"class_list":["post-23705","post","type-post","status-publish","format-standard","hentry","category-comunidad","category-destacadas"],"yoast_head":"<!-- This site is optimized with the Yoast SEO plugin v19.7.1 - https:\/\/yoast.com\/wordpress\/plugins\/seo\/ -->\n<title>CRECER FUMIGADOS, LA NOCIVA REALIDAD DE LOS ALUMNOS RURALES - CELTTV<\/title>\n<meta name=\"description\" content=\"Sitio web de noticias de la localidad de Tornquist, provincia de Buenos Aires, Rep\u00fablica Argentina. Contenido propio originado por periodistas de CELTTV, el canal de TV local de la Cooperativa El\u00e9ctrica de Tornquist. Turismo, Pol\u00edtica, Sociedad, Deporte, Cultura y todo el contenido de inter\u00e9s general que la gente del pueblo y la regi\u00f3n debe conocer.\" \/>\n<meta name=\"robots\" content=\"index, follow, max-snippet:-1, max-image-preview:large, max-video-preview:-1\" \/>\n<link rel=\"canonical\" href=\"https:\/\/www.celttv.com.ar\/index.php\/2014\/09\/16\/crecer-fumigados-la-nociva-realidad-de-los-alumnos-rurales\/\" \/>\n<meta property=\"og:locale\" content=\"es_ES\" \/>\n<meta property=\"og:type\" content=\"article\" \/>\n<meta property=\"og:title\" content=\"CRECER FUMIGADOS, LA NOCIVA REALIDAD DE LOS ALUMNOS RURALES - CELTTV\" \/>\n<meta property=\"og:description\" content=\"Sitio web de noticias de la localidad de Tornquist, provincia de Buenos Aires, Rep\u00fablica Argentina. Contenido propio originado por periodistas de CELTTV, el canal de TV local de la Cooperativa El\u00e9ctrica de Tornquist. Turismo, Pol\u00edtica, Sociedad, Deporte, Cultura y todo el contenido de inter\u00e9s general que la gente del pueblo y la regi\u00f3n debe conocer.\" \/>\n<meta property=\"og:url\" content=\"https:\/\/www.celttv.com.ar\/index.php\/2014\/09\/16\/crecer-fumigados-la-nociva-realidad-de-los-alumnos-rurales\/\" \/>\n<meta property=\"og:site_name\" content=\"CELTTV\" \/>\n<meta property=\"article:publisher\" content=\"https:\/\/www.facebook.com\/celtTV\/\" \/>\n<meta property=\"article:published_time\" content=\"2014-09-16T01:59:33+00:00\" \/>\n<meta property=\"og:image\" content=\"http:\/\/www.tvcnoticias.com.ar\/wp-content\/uploads\/2014\/09\/Mapa-y-detalle-fumigacion-El-Relincho-2014-450x265.jpg\" \/>\n<meta name=\"author\" content=\"ulises\" \/>\n<meta name=\"twitter:card\" content=\"summary_large_image\" \/>\n<meta name=\"twitter:label1\" content=\"Escrito por\" \/>\n\t<meta name=\"twitter:data1\" content=\"ulises\" \/>\n\t<meta name=\"twitter:label2\" content=\"Tiempo de lectura\" \/>\n\t<meta name=\"twitter:data2\" content=\"3 minutos\" \/>\n<script type=\"application\/ld+json\" class=\"yoast-schema-graph\">{\"@context\":\"https:\/\/schema.org\",\"@graph\":[{\"@type\":\"NewsArticle\",\"@id\":\"https:\/\/www.celttv.com.ar\/index.php\/2014\/09\/16\/crecer-fumigados-la-nociva-realidad-de-los-alumnos-rurales\/#article\",\"isPartOf\":{\"@id\":\"https:\/\/www.celttv.com.ar\/index.php\/2014\/09\/16\/crecer-fumigados-la-nociva-realidad-de-los-alumnos-rurales\/\"},\"author\":{\"name\":\"ulises\",\"@id\":\"https:\/\/www.celttv.com.ar\/#\/schema\/person\/6d99c072dba59953809c81446e9d0ace\"},\"headline\":\"CRECER FUMIGADOS, LA NOCIVA REALIDAD DE LOS ALUMNOS RURALES\",\"datePublished\":\"2014-09-16T01:59:33+00:00\",\"dateModified\":\"2014-09-16T01:59:33+00:00\",\"mainEntityOfPage\":{\"@id\":\"https:\/\/www.celttv.com.ar\/index.php\/2014\/09\/16\/crecer-fumigados-la-nociva-realidad-de-los-alumnos-rurales\/\"},\"wordCount\":565,\"publisher\":{\"@id\":\"https:\/\/www.celttv.com.ar\/#organization\"},\"articleSection\":[\"Comunidad\",\"Destacadas\"],\"inLanguage\":\"es\"},{\"@type\":\"WebPage\",\"@id\":\"https:\/\/www.celttv.com.ar\/index.php\/2014\/09\/16\/crecer-fumigados-la-nociva-realidad-de-los-alumnos-rurales\/\",\"url\":\"https:\/\/www.celttv.com.ar\/index.php\/2014\/09\/16\/crecer-fumigados-la-nociva-realidad-de-los-alumnos-rurales\/\",\"name\":\"CRECER FUMIGADOS, LA NOCIVA REALIDAD DE LOS ALUMNOS RURALES - CELTTV\",\"isPartOf\":{\"@id\":\"https:\/\/www.celttv.com.ar\/#website\"},\"datePublished\":\"2014-09-16T01:59:33+00:00\",\"dateModified\":\"2014-09-16T01:59:33+00:00\",\"description\":\"Sitio web de noticias de la localidad de Tornquist, provincia de Buenos Aires, Rep\u00fablica Argentina. Contenido propio originado por periodistas de CELTTV, el canal de TV local de la Cooperativa El\u00e9ctrica de Tornquist. Turismo, Pol\u00edtica, Sociedad, Deporte, Cultura y todo el contenido de inter\u00e9s general que la gente del pueblo y la regi\u00f3n debe conocer.\",\"breadcrumb\":{\"@id\":\"https:\/\/www.celttv.com.ar\/index.php\/2014\/09\/16\/crecer-fumigados-la-nociva-realidad-de-los-alumnos-rurales\/#breadcrumb\"},\"inLanguage\":\"es\",\"potentialAction\":[{\"@type\":\"ReadAction\",\"target\":[\"https:\/\/www.celttv.com.ar\/index.php\/2014\/09\/16\/crecer-fumigados-la-nociva-realidad-de-los-alumnos-rurales\/\"]}]},{\"@type\":\"BreadcrumbList\",\"@id\":\"https:\/\/www.celttv.com.ar\/index.php\/2014\/09\/16\/crecer-fumigados-la-nociva-realidad-de-los-alumnos-rurales\/#breadcrumb\",\"itemListElement\":[{\"@type\":\"ListItem\",\"position\":1,\"name\":\"Inicio\",\"item\":\"https:\/\/www.celttv.com.ar\/\"},{\"@type\":\"ListItem\",\"position\":2,\"name\":\"CRECER FUMIGADOS, LA NOCIVA REALIDAD DE LOS ALUMNOS RURALES\"}]},{\"@type\":\"WebSite\",\"@id\":\"https:\/\/www.celttv.com.ar\/#website\",\"url\":\"https:\/\/www.celttv.com.ar\/\",\"name\":\"CELTTV\",\"description\":\"Cooperativa El\u00e9ctrica de Tornquist\",\"publisher\":{\"@id\":\"https:\/\/www.celttv.com.ar\/#organization\"},\"potentialAction\":[{\"@type\":\"SearchAction\",\"target\":{\"@type\":\"EntryPoint\",\"urlTemplate\":\"https:\/\/www.celttv.com.ar\/?s={search_term_string}\"},\"query-input\":\"required name=search_term_string\"}],\"inLanguage\":\"es\"},{\"@type\":\"Organization\",\"@id\":\"https:\/\/www.celttv.com.ar\/#organization\",\"name\":\"CELTTV\",\"url\":\"https:\/\/www.celttv.com.ar\/\",\"sameAs\":[\"https:\/\/www.youtube.com\/channel\/UCz_oIt8Hig64Ub-EmcNPIhg\",\"https:\/\/www.facebook.com\/celtTV\/\"],\"logo\":{\"@type\":\"ImageObject\",\"inLanguage\":\"es\",\"@id\":\"https:\/\/www.celttv.com.ar\/#\/schema\/logo\/image\/\",\"url\":\"http:\/\/www.celttv.com.ar\/wp-content\/uploads\/2022\/08\/logo-1.png\",\"contentUrl\":\"http:\/\/www.celttv.com.ar\/wp-content\/uploads\/2022\/08\/logo-1.png\",\"width\":461,\"height\":159,\"caption\":\"CELTTV\"},\"image\":{\"@id\":\"https:\/\/www.celttv.com.ar\/#\/schema\/logo\/image\/\"}},{\"@type\":\"Person\",\"@id\":\"https:\/\/www.celttv.com.ar\/#\/schema\/person\/6d99c072dba59953809c81446e9d0ace\",\"name\":\"ulises\",\"image\":{\"@type\":\"ImageObject\",\"inLanguage\":\"es\",\"@id\":\"https:\/\/www.celttv.com.ar\/#\/schema\/person\/image\/\",\"url\":\"https:\/\/secure.gravatar.com\/avatar\/7f2c48bdc33b30088f941fb6082e555f2874c98e20cb159d7b92b50eadfce793?s=96&d=mm&r=g\",\"contentUrl\":\"https:\/\/secure.gravatar.com\/avatar\/7f2c48bdc33b30088f941fb6082e555f2874c98e20cb159d7b92b50eadfce793?s=96&d=mm&r=g\",\"caption\":\"ulises\"},\"sameAs\":[\"http:\/\/www.celttv.com.ar\"]}]}<\/script>\n<!-- \/ Yoast SEO plugin. -->","yoast_head_json":{"title":"CRECER FUMIGADOS, LA NOCIVA REALIDAD DE LOS ALUMNOS RURALES - CELTTV","description":"Sitio web de noticias de la localidad de Tornquist, provincia de Buenos Aires, Rep\u00fablica Argentina. Contenido propio originado por periodistas de CELTTV, el canal de TV local de la Cooperativa El\u00e9ctrica de Tornquist. Turismo, Pol\u00edtica, Sociedad, Deporte, Cultura y todo el contenido de inter\u00e9s general que la gente del pueblo y la regi\u00f3n debe conocer.","robots":{"index":"index","follow":"follow","max-snippet":"max-snippet:-1","max-image-preview":"max-image-preview:large","max-video-preview":"max-video-preview:-1"},"canonical":"https:\/\/www.celttv.com.ar\/index.php\/2014\/09\/16\/crecer-fumigados-la-nociva-realidad-de-los-alumnos-rurales\/","og_locale":"es_ES","og_type":"article","og_title":"CRECER FUMIGADOS, LA NOCIVA REALIDAD DE LOS ALUMNOS RURALES - CELTTV","og_description":"Sitio web de noticias de la localidad de Tornquist, provincia de Buenos Aires, Rep\u00fablica Argentina. Contenido propio originado por periodistas de CELTTV, el canal de TV local de la Cooperativa El\u00e9ctrica de Tornquist. Turismo, Pol\u00edtica, Sociedad, Deporte, Cultura y todo el contenido de inter\u00e9s general que la gente del pueblo y la regi\u00f3n debe conocer.","og_url":"https:\/\/www.celttv.com.ar\/index.php\/2014\/09\/16\/crecer-fumigados-la-nociva-realidad-de-los-alumnos-rurales\/","og_site_name":"CELTTV","article_publisher":"https:\/\/www.facebook.com\/celtTV\/","article_published_time":"2014-09-16T01:59:33+00:00","og_image":[{"url":"http:\/\/www.tvcnoticias.com.ar\/wp-content\/uploads\/2014\/09\/Mapa-y-detalle-fumigacion-El-Relincho-2014-450x265.jpg"}],"author":"ulises","twitter_card":"summary_large_image","twitter_misc":{"Escrito por":"ulises","Tiempo de lectura":"3 minutos"},"schema":{"@context":"https:\/\/schema.org","@graph":[{"@type":"NewsArticle","@id":"https:\/\/www.celttv.com.ar\/index.php\/2014\/09\/16\/crecer-fumigados-la-nociva-realidad-de-los-alumnos-rurales\/#article","isPartOf":{"@id":"https:\/\/www.celttv.com.ar\/index.php\/2014\/09\/16\/crecer-fumigados-la-nociva-realidad-de-los-alumnos-rurales\/"},"author":{"name":"ulises","@id":"https:\/\/www.celttv.com.ar\/#\/schema\/person\/6d99c072dba59953809c81446e9d0ace"},"headline":"CRECER FUMIGADOS, LA NOCIVA REALIDAD DE LOS ALUMNOS RURALES","datePublished":"2014-09-16T01:59:33+00:00","dateModified":"2014-09-16T01:59:33+00:00","mainEntityOfPage":{"@id":"https:\/\/www.celttv.com.ar\/index.php\/2014\/09\/16\/crecer-fumigados-la-nociva-realidad-de-los-alumnos-rurales\/"},"wordCount":565,"publisher":{"@id":"https:\/\/www.celttv.com.ar\/#organization"},"articleSection":["Comunidad","Destacadas"],"inLanguage":"es"},{"@type":"WebPage","@id":"https:\/\/www.celttv.com.ar\/index.php\/2014\/09\/16\/crecer-fumigados-la-nociva-realidad-de-los-alumnos-rurales\/","url":"https:\/\/www.celttv.com.ar\/index.php\/2014\/09\/16\/crecer-fumigados-la-nociva-realidad-de-los-alumnos-rurales\/","name":"CRECER FUMIGADOS, LA NOCIVA REALIDAD DE LOS ALUMNOS RURALES - CELTTV","isPartOf":{"@id":"https:\/\/www.celttv.com.ar\/#website"},"datePublished":"2014-09-16T01:59:33+00:00","dateModified":"2014-09-16T01:59:33+00:00","description":"Sitio web de noticias de la localidad de Tornquist, provincia de Buenos Aires, Rep\u00fablica Argentina. Contenido propio originado por periodistas de CELTTV, el canal de TV local de la Cooperativa El\u00e9ctrica de Tornquist. Turismo, Pol\u00edtica, Sociedad, Deporte, Cultura y todo el contenido de inter\u00e9s general que la gente del pueblo y la regi\u00f3n debe conocer.","breadcrumb":{"@id":"https:\/\/www.celttv.com.ar\/index.php\/2014\/09\/16\/crecer-fumigados-la-nociva-realidad-de-los-alumnos-rurales\/#breadcrumb"},"inLanguage":"es","potentialAction":[{"@type":"ReadAction","target":["https:\/\/www.celttv.com.ar\/index.php\/2014\/09\/16\/crecer-fumigados-la-nociva-realidad-de-los-alumnos-rurales\/"]}]},{"@type":"BreadcrumbList","@id":"https:\/\/www.celttv.com.ar\/index.php\/2014\/09\/16\/crecer-fumigados-la-nociva-realidad-de-los-alumnos-rurales\/#breadcrumb","itemListElement":[{"@type":"ListItem","position":1,"name":"Inicio","item":"https:\/\/www.celttv.com.ar\/"},{"@type":"ListItem","position":2,"name":"CRECER FUMIGADOS, LA NOCIVA REALIDAD DE LOS ALUMNOS RURALES"}]},{"@type":"WebSite","@id":"https:\/\/www.celttv.com.ar\/#website","url":"https:\/\/www.celttv.com.ar\/","name":"CELTTV","description":"Cooperativa El\u00e9ctrica de Tornquist","publisher":{"@id":"https:\/\/www.celttv.com.ar\/#organization"},"potentialAction":[{"@type":"SearchAction","target":{"@type":"EntryPoint","urlTemplate":"https:\/\/www.celttv.com.ar\/?s={search_term_string}"},"query-input":"required name=search_term_string"}],"inLanguage":"es"},{"@type":"Organization","@id":"https:\/\/www.celttv.com.ar\/#organization","name":"CELTTV","url":"https:\/\/www.celttv.com.ar\/","sameAs":["https:\/\/www.youtube.com\/channel\/UCz_oIt8Hig64Ub-EmcNPIhg","https:\/\/www.facebook.com\/celtTV\/"],"logo":{"@type":"ImageObject","inLanguage":"es","@id":"https:\/\/www.celttv.com.ar\/#\/schema\/logo\/image\/","url":"http:\/\/www.celttv.com.ar\/wp-content\/uploads\/2022\/08\/logo-1.png","contentUrl":"http:\/\/www.celttv.com.ar\/wp-content\/uploads\/2022\/08\/logo-1.png","width":461,"height":159,"caption":"CELTTV"},"image":{"@id":"https:\/\/www.celttv.com.ar\/#\/schema\/logo\/image\/"}},{"@type":"Person","@id":"https:\/\/www.celttv.com.ar\/#\/schema\/person\/6d99c072dba59953809c81446e9d0ace","name":"ulises","image":{"@type":"ImageObject","inLanguage":"es","@id":"https:\/\/www.celttv.com.ar\/#\/schema\/person\/image\/","url":"https:\/\/secure.gravatar.com\/avatar\/7f2c48bdc33b30088f941fb6082e555f2874c98e20cb159d7b92b50eadfce793?s=96&d=mm&r=g","contentUrl":"https:\/\/secure.gravatar.com\/avatar\/7f2c48bdc33b30088f941fb6082e555f2874c98e20cb159d7b92b50eadfce793?s=96&d=mm&r=g","caption":"ulises"},"sameAs":["http:\/\/www.celttv.com.ar"]}]}},"_links":{"self":[{"href":"https:\/\/www.celttv.com.ar\/index.php\/wp-json\/wp\/v2\/posts\/23705","targetHints":{"allow":["GET"]}}],"collection":[{"href":"https:\/\/www.celttv.com.ar\/index.php\/wp-json\/wp\/v2\/posts"}],"about":[{"href":"https:\/\/www.celttv.com.ar\/index.php\/wp-json\/wp\/v2\/types\/post"}],"author":[{"embeddable":true,"href":"https:\/\/www.celttv.com.ar\/index.php\/wp-json\/wp\/v2\/users\/1"}],"replies":[{"embeddable":true,"href":"https:\/\/www.celttv.com.ar\/index.php\/wp-json\/wp\/v2\/comments?post=23705"}],"version-history":[{"count":0,"href":"https:\/\/www.celttv.com.ar\/index.php\/wp-json\/wp\/v2\/posts\/23705\/revisions"}],"wp:attachment":[{"href":"https:\/\/www.celttv.com.ar\/index.php\/wp-json\/wp\/v2\/media?parent=23705"}],"wp:term":[{"taxonomy":"category","embeddable":true,"href":"https:\/\/www.celttv.com.ar\/index.php\/wp-json\/wp\/v2\/categories?post=23705"},{"taxonomy":"post_tag","embeddable":true,"href":"https:\/\/www.celttv.com.ar\/index.php\/wp-json\/wp\/v2\/tags?post=23705"}],"curies":[{"name":"wp","href":"https:\/\/api.w.org\/{rel}","templated":true}]}}