{"id":23725,"date":"2014-09-17T14:43:03","date_gmt":"2014-09-17T14:43:03","guid":{"rendered":"http:\/\/www.tvcnoticias.com.ar\/?p=23725"},"modified":"2014-09-17T14:43:03","modified_gmt":"2014-09-17T14:43:03","slug":"villa-ventana-recibira-a-maas-de-1500-jovenes-de-la-provincia","status":"publish","type":"post","link":"https:\/\/www.celttv.com.ar\/index.php\/2014\/09\/17\/villa-ventana-recibira-a-maas-de-1500-jovenes-de-la-provincia\/","title":{"rendered":"VILLA VENTANA RECIBIRA A MAAS DE 1500 JOVENES DE LA PROVINCIA"},"content":{"rendered":"<p><img loading=\"lazy\" decoding=\"async\" class=\"aligncenter size-medium wp-image-23727\" title=\"DSCN7271 (1024x768) (Medium)\" src=\"http:\/\/www.tvcnoticias.com.ar\/wp-content\/uploads\/2014\/09\/DSCN7271-1024x768-Medium-450x337.jpg\" alt=\"\" width=\"450\" height=\"337\" \/><br \/>\nM\u00e1s de 1.500 j\u00f3venes de escuelas secundarias de la Provincia de Buenos Aires participar\u00e1n de los campamentos organizados por la Orientaci\u00f3n de Educaci\u00f3n Ambiental y Campamento de los Centros de Actividades Juveniles (CAJ), que se est\u00e1n llevando a cabo en el Camping Municipal de Villa Ventana.<br \/>\nEl programa de actividades fue presentado oficialmente en la ma\u00f1ana de hoy, con el primero de los contingentes que arrib\u00f3 a la localidad. La iniciativa cont\u00f3 con la presencia del intendente municipal, licenciado Gustavo Trankels, quien brind\u00f3 la bienvenida; la directora provincial de Pol\u00edtica Socio Educativa, Andrea Dur\u00e9; el referente pedag\u00f3gico de CAJ del Ministerio de Educaci\u00f3n de la Naci\u00f3n, Mauro Gabriele; el referente de la Orientaci\u00f3n de Educaci\u00f3n Ambiental y Campamento de los CAJ, Adri\u00e1n Dilizio; la Inspectora Jefe Regional, profesora Dina Balma; la Inspectora Jefe Distrital, profesora Patricia Larrainzar; y la coordinadora regional de la Direcci\u00f3n de Pol\u00edtica Socio Educativa, profesora Noel Bilbao.<br \/>\nMediante este interesante programa, que coordinan el Ministerio de Educaci\u00f3n de la Naci\u00f3n y la Direcci\u00f3n General de Cultura y Educaci\u00f3n de la Provincia de Buenos Aires, alumnos de establecimientos educativos provinciales trabajar\u00e1n, principalmente, sobre tem\u00e1ticas medioambientales.<br \/>\n\u201cEs una alegr\u00eda que hayan elegido a Tornquist para este punto de encuentro. Dentro de las ense\u00f1anzas que se llevar\u00e1n los chicos, existe una fuerte impronta medioambiental. Tendremos la oportunidad de contarles c\u00f3mo se est\u00e1 trabajando en ese sentido en nuestro distrito y tendr\u00e1n contacto con el ambiente\u201d, explic\u00f3 el intendente Trankels.<br \/>\n\u201cLos contingentes ser\u00e1n de entre 80 y 100 chicos que vendr\u00e1n semanalmente hasta noviembre. Estamos felices porque es poner al distrito una vez m\u00e1s en la agenda educativa y, adem\u00e1s, nos permite difundir nuestro distrito a nivel tur\u00edstico\u201d, a\u00f1adi\u00f3.<br \/>\nEl jefe comunal agradeci\u00f3 la presencia de las autoridades nacionales y provinciales, destac\u00f3 la decisi\u00f3n de Nora De Luc\u00eda (Educaci\u00f3n provincial) y Alberto Sileoni (ministro nacional) de llevar adelante este programa, y reconoci\u00f3 el esfuerzo de talleristas y coordinadores.<br \/>\n\u201cBusc\u00e1bamos un \u00e1mbito propicio para estos chicos, que en su mayor\u00eda son del Gran Buenos Aires, y este es un lugar ideal para la Orientaci\u00f3n de Educaci\u00f3n Ambiental y Campamento. Le agradezco a Gustavo, que enseguida le dijo que s\u00ed a la propuesta, y por su puesto al Ministerio de Educaci\u00f3n de la Naci\u00f3n, con el cual venimos trabajando hace tiempo en pos de esta iniciativa. Estamos felices de recibir al primer contingente. Ac\u00e1 se siguen formando, porque esto tambi\u00e9n es escuela\u201d, afirm\u00f3, por su parte, Dur\u00e9.<br \/>\n\u201cLa escuela es donde los chicos tienen que estar. Estamos trabajando muy fuerte para que la educaci\u00f3n siga transformando a nuestros chicos. Los CAJ son un \u00e1mbito muy propicio porque hemos detectado que la solidaridad, la cooperaci\u00f3n, el juego, la formaci\u00f3n hace que muchas cosas que existen en nuestra sociedad, como la violencia, queden afuera\u201d, resalt\u00f3.<br \/>\nDurante el transcurso del plan, pasar\u00e1n por Villa Ventana j\u00f3venes de entre 13 y 18 a\u00f1os.<br \/>\n\u201cLos chicos transitan un proceso en el cual no s\u00f3lo disfrutan de esta iniciativa, sino que aprenden. Lo que m\u00e1s nos interesa es justamente esto. El programa abarca a todas las escuelas secundarias p\u00fablicas, que lo solicitan a trav\u00e9s de la intervenci\u00f3n de las diferentes provincias, porque se trata de un plan federal. La idea es que a medida que pase el tiempo se vaya universalizando\u201d, coment\u00f3 Gabriele, quien adem\u00e1s le agradeci\u00f3 al intendente y al equipo provincial.<br \/>\nLos CAJ con esta orientaci\u00f3n se implementan con el aporte y la participaci\u00f3n de la Unidad de Coordinaci\u00f3n de Educaci\u00f3n Ambiental de la Secretar\u00eda de Ambiente y Desarrollo Sustentable de la Naci\u00f3n. Las acciones incluyen capacitaciones a coordinadores, talleristas y docentes para el desarrollo del Proyecto de Educaci\u00f3n Ambiental, encuentros regionales o nacionales, y campamentos.<br \/>\n&nbsp;<br \/>\n&nbsp;<\/p>\n","protected":false},"excerpt":{"rendered":"<p>M\u00e1s de 1.500 j\u00f3venes de escuelas secundarias de la Provincia de Buenos Aires participar\u00e1n de los campamentos organizados por la Orientaci\u00f3n de Educaci\u00f3n Ambiental y Campamento de los Centros de Actividades Juveniles (CAJ), que se est\u00e1n llevando a cabo en el Camping Municipal de Villa Ventana. El programa de actividades fue presentado oficialmente en la [&hellip;]<\/p>\n","protected":false},"author":1,"featured_media":0,"comment_status":"closed","ping_status":"open","sticky":false,"template":"","format":"standard","meta":{"footnotes":""},"categories":[51,52,53],"tags":[],"class_list":["post-23725","post","type-post","status-publish","format-standard","hentry","category-comunidad","category-destacadas","category-politica"],"yoast_head":"<!-- This site is optimized with the Yoast SEO plugin v19.7.1 - https:\/\/yoast.com\/wordpress\/plugins\/seo\/ -->\n<title>VILLA VENTANA RECIBIRA A MAAS DE 1500 JOVENES DE LA PROVINCIA - CELTTV<\/title>\n<meta name=\"description\" content=\"Sitio web de noticias de la localidad de Tornquist, provincia de Buenos Aires, Rep\u00fablica Argentina. Contenido propio originado por periodistas de CELTTV, el canal de TV local de la Cooperativa El\u00e9ctrica de Tornquist. Turismo, Pol\u00edtica, Sociedad, Deporte, Cultura y todo el contenido de inter\u00e9s general que la gente del pueblo y la regi\u00f3n debe conocer.\" \/>\n<meta name=\"robots\" content=\"index, follow, max-snippet:-1, max-image-preview:large, max-video-preview:-1\" \/>\n<link rel=\"canonical\" href=\"https:\/\/www.celttv.com.ar\/index.php\/2014\/09\/17\/villa-ventana-recibira-a-maas-de-1500-jovenes-de-la-provincia\/\" \/>\n<meta property=\"og:locale\" content=\"es_ES\" \/>\n<meta property=\"og:type\" content=\"article\" \/>\n<meta property=\"og:title\" content=\"VILLA VENTANA RECIBIRA A MAAS DE 1500 JOVENES DE LA PROVINCIA - CELTTV\" \/>\n<meta property=\"og:description\" content=\"Sitio web de noticias de la localidad de Tornquist, provincia de Buenos Aires, Rep\u00fablica Argentina. Contenido propio originado por periodistas de CELTTV, el canal de TV local de la Cooperativa El\u00e9ctrica de Tornquist. Turismo, Pol\u00edtica, Sociedad, Deporte, Cultura y todo el contenido de inter\u00e9s general que la gente del pueblo y la regi\u00f3n debe conocer.\" \/>\n<meta property=\"og:url\" content=\"https:\/\/www.celttv.com.ar\/index.php\/2014\/09\/17\/villa-ventana-recibira-a-maas-de-1500-jovenes-de-la-provincia\/\" \/>\n<meta property=\"og:site_name\" content=\"CELTTV\" \/>\n<meta property=\"article:publisher\" content=\"https:\/\/www.facebook.com\/celtTV\/\" \/>\n<meta property=\"article:published_time\" content=\"2014-09-17T14:43:03+00:00\" \/>\n<meta property=\"og:image\" content=\"http:\/\/www.tvcnoticias.com.ar\/wp-content\/uploads\/2014\/09\/DSCN7271-1024x768-Medium-450x337.jpg\" \/>\n<meta name=\"author\" content=\"ulises\" \/>\n<meta name=\"twitter:card\" content=\"summary_large_image\" \/>\n<meta name=\"twitter:label1\" content=\"Escrito por\" \/>\n\t<meta name=\"twitter:data1\" content=\"ulises\" \/>\n\t<meta name=\"twitter:label2\" content=\"Tiempo de lectura\" \/>\n\t<meta name=\"twitter:data2\" content=\"3 minutos\" \/>\n<script type=\"application\/ld+json\" class=\"yoast-schema-graph\">{\"@context\":\"https:\/\/schema.org\",\"@graph\":[{\"@type\":\"NewsArticle\",\"@id\":\"https:\/\/www.celttv.com.ar\/index.php\/2014\/09\/17\/villa-ventana-recibira-a-maas-de-1500-jovenes-de-la-provincia\/#article\",\"isPartOf\":{\"@id\":\"https:\/\/www.celttv.com.ar\/index.php\/2014\/09\/17\/villa-ventana-recibira-a-maas-de-1500-jovenes-de-la-provincia\/\"},\"author\":{\"name\":\"ulises\",\"@id\":\"https:\/\/www.celttv.com.ar\/#\/schema\/person\/6d99c072dba59953809c81446e9d0ace\"},\"headline\":\"VILLA VENTANA RECIBIRA A MAAS DE 1500 JOVENES DE LA PROVINCIA\",\"datePublished\":\"2014-09-17T14:43:03+00:00\",\"dateModified\":\"2014-09-17T14:43:03+00:00\",\"mainEntityOfPage\":{\"@id\":\"https:\/\/www.celttv.com.ar\/index.php\/2014\/09\/17\/villa-ventana-recibira-a-maas-de-1500-jovenes-de-la-provincia\/\"},\"wordCount\":683,\"publisher\":{\"@id\":\"https:\/\/www.celttv.com.ar\/#organization\"},\"articleSection\":[\"Comunidad\",\"Destacadas\",\"Pol\u00edtica\"],\"inLanguage\":\"es\"},{\"@type\":\"WebPage\",\"@id\":\"https:\/\/www.celttv.com.ar\/index.php\/2014\/09\/17\/villa-ventana-recibira-a-maas-de-1500-jovenes-de-la-provincia\/\",\"url\":\"https:\/\/www.celttv.com.ar\/index.php\/2014\/09\/17\/villa-ventana-recibira-a-maas-de-1500-jovenes-de-la-provincia\/\",\"name\":\"VILLA VENTANA RECIBIRA A MAAS DE 1500 JOVENES DE LA PROVINCIA - CELTTV\",\"isPartOf\":{\"@id\":\"https:\/\/www.celttv.com.ar\/#website\"},\"datePublished\":\"2014-09-17T14:43:03+00:00\",\"dateModified\":\"2014-09-17T14:43:03+00:00\",\"description\":\"Sitio web de noticias de la localidad de Tornquist, provincia de Buenos Aires, Rep\u00fablica Argentina. Contenido propio originado por periodistas de CELTTV, el canal de TV local de la Cooperativa El\u00e9ctrica de Tornquist. Turismo, Pol\u00edtica, Sociedad, Deporte, Cultura y todo el contenido de inter\u00e9s general que la gente del pueblo y la regi\u00f3n debe conocer.\",\"breadcrumb\":{\"@id\":\"https:\/\/www.celttv.com.ar\/index.php\/2014\/09\/17\/villa-ventana-recibira-a-maas-de-1500-jovenes-de-la-provincia\/#breadcrumb\"},\"inLanguage\":\"es\",\"potentialAction\":[{\"@type\":\"ReadAction\",\"target\":[\"https:\/\/www.celttv.com.ar\/index.php\/2014\/09\/17\/villa-ventana-recibira-a-maas-de-1500-jovenes-de-la-provincia\/\"]}]},{\"@type\":\"BreadcrumbList\",\"@id\":\"https:\/\/www.celttv.com.ar\/index.php\/2014\/09\/17\/villa-ventana-recibira-a-maas-de-1500-jovenes-de-la-provincia\/#breadcrumb\",\"itemListElement\":[{\"@type\":\"ListItem\",\"position\":1,\"name\":\"Inicio\",\"item\":\"https:\/\/www.celttv.com.ar\/\"},{\"@type\":\"ListItem\",\"position\":2,\"name\":\"VILLA VENTANA RECIBIRA A MAAS DE 1500 JOVENES DE LA PROVINCIA\"}]},{\"@type\":\"WebSite\",\"@id\":\"https:\/\/www.celttv.com.ar\/#website\",\"url\":\"https:\/\/www.celttv.com.ar\/\",\"name\":\"CELTTV\",\"description\":\"Cooperativa El\u00e9ctrica de Tornquist\",\"publisher\":{\"@id\":\"https:\/\/www.celttv.com.ar\/#organization\"},\"potentialAction\":[{\"@type\":\"SearchAction\",\"target\":{\"@type\":\"EntryPoint\",\"urlTemplate\":\"https:\/\/www.celttv.com.ar\/?s={search_term_string}\"},\"query-input\":\"required name=search_term_string\"}],\"inLanguage\":\"es\"},{\"@type\":\"Organization\",\"@id\":\"https:\/\/www.celttv.com.ar\/#organization\",\"name\":\"CELTTV\",\"url\":\"https:\/\/www.celttv.com.ar\/\",\"sameAs\":[\"https:\/\/www.youtube.com\/channel\/UCz_oIt8Hig64Ub-EmcNPIhg\",\"https:\/\/www.facebook.com\/celtTV\/\"],\"logo\":{\"@type\":\"ImageObject\",\"inLanguage\":\"es\",\"@id\":\"https:\/\/www.celttv.com.ar\/#\/schema\/logo\/image\/\",\"url\":\"http:\/\/www.celttv.com.ar\/wp-content\/uploads\/2022\/08\/logo-1.png\",\"contentUrl\":\"http:\/\/www.celttv.com.ar\/wp-content\/uploads\/2022\/08\/logo-1.png\",\"width\":461,\"height\":159,\"caption\":\"CELTTV\"},\"image\":{\"@id\":\"https:\/\/www.celttv.com.ar\/#\/schema\/logo\/image\/\"}},{\"@type\":\"Person\",\"@id\":\"https:\/\/www.celttv.com.ar\/#\/schema\/person\/6d99c072dba59953809c81446e9d0ace\",\"name\":\"ulises\",\"image\":{\"@type\":\"ImageObject\",\"inLanguage\":\"es\",\"@id\":\"https:\/\/www.celttv.com.ar\/#\/schema\/person\/image\/\",\"url\":\"https:\/\/secure.gravatar.com\/avatar\/7f2c48bdc33b30088f941fb6082e555f2874c98e20cb159d7b92b50eadfce793?s=96&d=mm&r=g\",\"contentUrl\":\"https:\/\/secure.gravatar.com\/avatar\/7f2c48bdc33b30088f941fb6082e555f2874c98e20cb159d7b92b50eadfce793?s=96&d=mm&r=g\",\"caption\":\"ulises\"},\"sameAs\":[\"http:\/\/www.celttv.com.ar\"]}]}<\/script>\n<!-- \/ Yoast SEO plugin. -->","yoast_head_json":{"title":"VILLA VENTANA RECIBIRA A MAAS DE 1500 JOVENES DE LA PROVINCIA - CELTTV","description":"Sitio web de noticias de la localidad de Tornquist, provincia de Buenos Aires, Rep\u00fablica Argentina. Contenido propio originado por periodistas de CELTTV, el canal de TV local de la Cooperativa El\u00e9ctrica de Tornquist. Turismo, Pol\u00edtica, Sociedad, Deporte, Cultura y todo el contenido de inter\u00e9s general que la gente del pueblo y la regi\u00f3n debe conocer.","robots":{"index":"index","follow":"follow","max-snippet":"max-snippet:-1","max-image-preview":"max-image-preview:large","max-video-preview":"max-video-preview:-1"},"canonical":"https:\/\/www.celttv.com.ar\/index.php\/2014\/09\/17\/villa-ventana-recibira-a-maas-de-1500-jovenes-de-la-provincia\/","og_locale":"es_ES","og_type":"article","og_title":"VILLA VENTANA RECIBIRA A MAAS DE 1500 JOVENES DE LA PROVINCIA - CELTTV","og_description":"Sitio web de noticias de la localidad de Tornquist, provincia de Buenos Aires, Rep\u00fablica Argentina. Contenido propio originado por periodistas de CELTTV, el canal de TV local de la Cooperativa El\u00e9ctrica de Tornquist. Turismo, Pol\u00edtica, Sociedad, Deporte, Cultura y todo el contenido de inter\u00e9s general que la gente del pueblo y la regi\u00f3n debe conocer.","og_url":"https:\/\/www.celttv.com.ar\/index.php\/2014\/09\/17\/villa-ventana-recibira-a-maas-de-1500-jovenes-de-la-provincia\/","og_site_name":"CELTTV","article_publisher":"https:\/\/www.facebook.com\/celtTV\/","article_published_time":"2014-09-17T14:43:03+00:00","og_image":[{"url":"http:\/\/www.tvcnoticias.com.ar\/wp-content\/uploads\/2014\/09\/DSCN7271-1024x768-Medium-450x337.jpg"}],"author":"ulises","twitter_card":"summary_large_image","twitter_misc":{"Escrito por":"ulises","Tiempo de lectura":"3 minutos"},"schema":{"@context":"https:\/\/schema.org","@graph":[{"@type":"NewsArticle","@id":"https:\/\/www.celttv.com.ar\/index.php\/2014\/09\/17\/villa-ventana-recibira-a-maas-de-1500-jovenes-de-la-provincia\/#article","isPartOf":{"@id":"https:\/\/www.celttv.com.ar\/index.php\/2014\/09\/17\/villa-ventana-recibira-a-maas-de-1500-jovenes-de-la-provincia\/"},"author":{"name":"ulises","@id":"https:\/\/www.celttv.com.ar\/#\/schema\/person\/6d99c072dba59953809c81446e9d0ace"},"headline":"VILLA VENTANA RECIBIRA A MAAS DE 1500 JOVENES DE LA PROVINCIA","datePublished":"2014-09-17T14:43:03+00:00","dateModified":"2014-09-17T14:43:03+00:00","mainEntityOfPage":{"@id":"https:\/\/www.celttv.com.ar\/index.php\/2014\/09\/17\/villa-ventana-recibira-a-maas-de-1500-jovenes-de-la-provincia\/"},"wordCount":683,"publisher":{"@id":"https:\/\/www.celttv.com.ar\/#organization"},"articleSection":["Comunidad","Destacadas","Pol\u00edtica"],"inLanguage":"es"},{"@type":"WebPage","@id":"https:\/\/www.celttv.com.ar\/index.php\/2014\/09\/17\/villa-ventana-recibira-a-maas-de-1500-jovenes-de-la-provincia\/","url":"https:\/\/www.celttv.com.ar\/index.php\/2014\/09\/17\/villa-ventana-recibira-a-maas-de-1500-jovenes-de-la-provincia\/","name":"VILLA VENTANA RECIBIRA A MAAS DE 1500 JOVENES DE LA PROVINCIA - CELTTV","isPartOf":{"@id":"https:\/\/www.celttv.com.ar\/#website"},"datePublished":"2014-09-17T14:43:03+00:00","dateModified":"2014-09-17T14:43:03+00:00","description":"Sitio web de noticias de la localidad de Tornquist, provincia de Buenos Aires, Rep\u00fablica Argentina. Contenido propio originado por periodistas de CELTTV, el canal de TV local de la Cooperativa El\u00e9ctrica de Tornquist. Turismo, Pol\u00edtica, Sociedad, Deporte, Cultura y todo el contenido de inter\u00e9s general que la gente del pueblo y la regi\u00f3n debe conocer.","breadcrumb":{"@id":"https:\/\/www.celttv.com.ar\/index.php\/2014\/09\/17\/villa-ventana-recibira-a-maas-de-1500-jovenes-de-la-provincia\/#breadcrumb"},"inLanguage":"es","potentialAction":[{"@type":"ReadAction","target":["https:\/\/www.celttv.com.ar\/index.php\/2014\/09\/17\/villa-ventana-recibira-a-maas-de-1500-jovenes-de-la-provincia\/"]}]},{"@type":"BreadcrumbList","@id":"https:\/\/www.celttv.com.ar\/index.php\/2014\/09\/17\/villa-ventana-recibira-a-maas-de-1500-jovenes-de-la-provincia\/#breadcrumb","itemListElement":[{"@type":"ListItem","position":1,"name":"Inicio","item":"https:\/\/www.celttv.com.ar\/"},{"@type":"ListItem","position":2,"name":"VILLA VENTANA RECIBIRA A MAAS DE 1500 JOVENES DE LA PROVINCIA"}]},{"@type":"WebSite","@id":"https:\/\/www.celttv.com.ar\/#website","url":"https:\/\/www.celttv.com.ar\/","name":"CELTTV","description":"Cooperativa El\u00e9ctrica de Tornquist","publisher":{"@id":"https:\/\/www.celttv.com.ar\/#organization"},"potentialAction":[{"@type":"SearchAction","target":{"@type":"EntryPoint","urlTemplate":"https:\/\/www.celttv.com.ar\/?s={search_term_string}"},"query-input":"required name=search_term_string"}],"inLanguage":"es"},{"@type":"Organization","@id":"https:\/\/www.celttv.com.ar\/#organization","name":"CELTTV","url":"https:\/\/www.celttv.com.ar\/","sameAs":["https:\/\/www.youtube.com\/channel\/UCz_oIt8Hig64Ub-EmcNPIhg","https:\/\/www.facebook.com\/celtTV\/"],"logo":{"@type":"ImageObject","inLanguage":"es","@id":"https:\/\/www.celttv.com.ar\/#\/schema\/logo\/image\/","url":"http:\/\/www.celttv.com.ar\/wp-content\/uploads\/2022\/08\/logo-1.png","contentUrl":"http:\/\/www.celttv.com.ar\/wp-content\/uploads\/2022\/08\/logo-1.png","width":461,"height":159,"caption":"CELTTV"},"image":{"@id":"https:\/\/www.celttv.com.ar\/#\/schema\/logo\/image\/"}},{"@type":"Person","@id":"https:\/\/www.celttv.com.ar\/#\/schema\/person\/6d99c072dba59953809c81446e9d0ace","name":"ulises","image":{"@type":"ImageObject","inLanguage":"es","@id":"https:\/\/www.celttv.com.ar\/#\/schema\/person\/image\/","url":"https:\/\/secure.gravatar.com\/avatar\/7f2c48bdc33b30088f941fb6082e555f2874c98e20cb159d7b92b50eadfce793?s=96&d=mm&r=g","contentUrl":"https:\/\/secure.gravatar.com\/avatar\/7f2c48bdc33b30088f941fb6082e555f2874c98e20cb159d7b92b50eadfce793?s=96&d=mm&r=g","caption":"ulises"},"sameAs":["http:\/\/www.celttv.com.ar"]}]}},"_links":{"self":[{"href":"https:\/\/www.celttv.com.ar\/index.php\/wp-json\/wp\/v2\/posts\/23725","targetHints":{"allow":["GET"]}}],"collection":[{"href":"https:\/\/www.celttv.com.ar\/index.php\/wp-json\/wp\/v2\/posts"}],"about":[{"href":"https:\/\/www.celttv.com.ar\/index.php\/wp-json\/wp\/v2\/types\/post"}],"author":[{"embeddable":true,"href":"https:\/\/www.celttv.com.ar\/index.php\/wp-json\/wp\/v2\/users\/1"}],"replies":[{"embeddable":true,"href":"https:\/\/www.celttv.com.ar\/index.php\/wp-json\/wp\/v2\/comments?post=23725"}],"version-history":[{"count":0,"href":"https:\/\/www.celttv.com.ar\/index.php\/wp-json\/wp\/v2\/posts\/23725\/revisions"}],"wp:attachment":[{"href":"https:\/\/www.celttv.com.ar\/index.php\/wp-json\/wp\/v2\/media?parent=23725"}],"wp:term":[{"taxonomy":"category","embeddable":true,"href":"https:\/\/www.celttv.com.ar\/index.php\/wp-json\/wp\/v2\/categories?post=23725"},{"taxonomy":"post_tag","embeddable":true,"href":"https:\/\/www.celttv.com.ar\/index.php\/wp-json\/wp\/v2\/tags?post=23725"}],"curies":[{"name":"wp","href":"https:\/\/api.w.org\/{rel}","templated":true}]}}