{"id":23736,"date":"2014-09-17T19:46:57","date_gmt":"2014-09-17T19:46:57","guid":{"rendered":"http:\/\/www.tvcnoticias.com.ar\/?p=23736"},"modified":"2014-09-17T19:46:57","modified_gmt":"2014-09-17T19:46:57","slug":"el-gobierno-nacional-la-mejor-aliada-norteamericana","status":"publish","type":"post","link":"https:\/\/www.celttv.com.ar\/index.php\/2014\/09\/17\/el-gobierno-nacional-la-mejor-aliada-norteamericana\/","title":{"rendered":"EL GOBIERNO NACIONAL, LA MEJOR ALIADA NORTEAMERICANA"},"content":{"rendered":"<p><img loading=\"lazy\" decoding=\"async\" class=\"aligncenter size-medium wp-image-23737\" title=\"image001 (Medium)\" src=\"http:\/\/www.tvcnoticias.com.ar\/wp-content\/uploads\/2014\/09\/image001-Medium-450x337.jpg\" alt=\"\" width=\"450\" height=\"337\" \/><br \/>\nComunicado de Prensa N\u00ba\u00a0\u00a01805<br \/>\n&gt; \u00a0\u00a0\u00a0El Gobierno Nacional, el mejor\u00a0aliado norteamericano\u00a0 \u00a0El relato de la mesa de los argentinos ha\u00a0llegado a una gran contradicci\u00f3n en la cual, del t\u00e9rmino\u00a0de la \u201cd\u00e9cada ganada\u201d\u00a0 pasemos a que un kilo de\u00a0pan que antes val\u00eda un d\u00f3lar hoy cueste tres,\u00a0 y que\u00a0en ese mismo lapso lleguemos\u00a0 a tener la menor\u00a0\u00a0producci\u00f3n de trigo en cien a\u00f1os en un pa\u00eds que se gano\u00a0el nombre de granero del mundo justamente por producir ese\u00a0cereal.<br \/>\nOtra de las consecuencias de este\u00a0modelo,\u00a0 con el cierre de las exportaciones, ha sido el\u00a0de perder a nuestro principal comprador Brasil\u00a0 en\u00a0manos de Estados Unidos,\u00a0 ya que no lo pudimos\u00a0abastecer. \u00a0 \u00a0Barack Obama,\u00a0 jam\u00e1s hubiera pensado\u00a0\u00a0tener en el Gobierno Nacional, tan eficiente aliado que le\u00a0permita al pa\u00eds del norte incrementar las ventas de trigo\u00a0en casi un 45 %. Todo ello gracias a las pol\u00edticas\u00a0trigueras implementadas en la Argentina. \u00a0Desde hace 9 a\u00f1os el gobierno interviene en\u00a0\u00a0la comercializaci\u00f3n del trigo impidiendo la venta del\u00a0producto y generando una injusta, irracional, inequitativa y\u00a0perniciosa transferencia de recursos a favor de grupos\u00a0concentrados y en evidente perjuicio de los productores y\u00a0los consumidores argentinos.<br \/>\nLa zona 7 de CARBAP, constituida por las\u00a0asociaciones rurales del sur bonaerense (Sociedad\u00a0Rural de ADOLFO ALSINA\u00a0&#8211; Asociaci\u00f3n de Productores\u00a0Agropecuarios de ARROYO CORTO &#8211;\u00a0Asociaci\u00f3n de\u00a0\u00a0Ganaderos y Agricultores de BAH\u00cdA BLANCA \u00a0Sociedad\u00a0Rural de CNEL. DORREGO &#8211; \u00a0Sociedad Rural de CNEL.\u00a0\u00a0SU\u00c1REZ &#8211; \u00a0Asociaci\u00f3n Rural de PATAGONES\u00a0\u00a0&#8211;\u00a0Sociedad Rural de PIGUE &#8211;\u00a0Asociaci\u00f3n Rural del\u00a0Partido de SAAVEDRA &#8211;\u00a0Asociaci\u00f3n Rural de STROEDER\u00a0&#8211;\u00a0Asociaci\u00f3n Agricultores Ganaderos SUDOESTE DE BS.AS.\u00a0\u00a0&#8211; Asociaci\u00f3n Rural de TORNQUIST &#8211;\u00a0Sociedad Rural de\u00a0TRES ARROYOS &#8211;\u00a0Asociaci\u00f3n Agr\u00edcola Ganadera de<br \/>\nVILLALONGA &#8211;\u00a0Sociedad Rural de CNEL.\u00a0\u00a0PRINGLES\u00a0\u2013 Sociedad Rural de GUAMINI &#8211;\u00a0Asociaci\u00f3n de Productores Rurales de VILLARINO\u00a0\u00a0SUR) manifiesta\u00a0 la grave situaci\u00f3n que se\u00a0est\u00e1 viviendo en las econom\u00edas regionales.<\/p>\n","protected":false},"excerpt":{"rendered":"<p>Comunicado de Prensa N\u00ba\u00a0\u00a01805 &gt; \u00a0\u00a0\u00a0El Gobierno Nacional, el mejor\u00a0aliado norteamericano\u00a0 \u00a0El relato de la mesa de los argentinos ha\u00a0llegado a una gran contradicci\u00f3n en la cual, del t\u00e9rmino\u00a0de la \u201cd\u00e9cada ganada\u201d\u00a0 pasemos a que un kilo de\u00a0pan que antes val\u00eda un d\u00f3lar hoy cueste tres,\u00a0 y que\u00a0en ese mismo lapso lleguemos\u00a0 a tener la [&hellip;]<\/p>\n","protected":false},"author":1,"featured_media":0,"comment_status":"closed","ping_status":"open","sticky":false,"template":"","format":"standard","meta":{"footnotes":""},"categories":[51,52,53],"tags":[],"class_list":["post-23736","post","type-post","status-publish","format-standard","hentry","category-comunidad","category-destacadas","category-politica"],"yoast_head":"<!-- This site is optimized with the Yoast SEO plugin v19.7.1 - https:\/\/yoast.com\/wordpress\/plugins\/seo\/ -->\n<title>EL GOBIERNO NACIONAL, LA MEJOR ALIADA NORTEAMERICANA - CELTTV<\/title>\n<meta name=\"description\" content=\"Sitio web de noticias de la localidad de Tornquist, provincia de Buenos Aires, Rep\u00fablica Argentina. Contenido propio originado por periodistas de CELTTV, el canal de TV local de la Cooperativa El\u00e9ctrica de Tornquist. Turismo, Pol\u00edtica, Sociedad, Deporte, Cultura y todo el contenido de inter\u00e9s general que la gente del pueblo y la regi\u00f3n debe conocer.\" \/>\n<meta name=\"robots\" content=\"index, follow, max-snippet:-1, max-image-preview:large, max-video-preview:-1\" \/>\n<link rel=\"canonical\" href=\"https:\/\/www.celttv.com.ar\/index.php\/2014\/09\/17\/el-gobierno-nacional-la-mejor-aliada-norteamericana\/\" \/>\n<meta property=\"og:locale\" content=\"es_ES\" \/>\n<meta property=\"og:type\" content=\"article\" \/>\n<meta property=\"og:title\" content=\"EL GOBIERNO NACIONAL, LA MEJOR ALIADA NORTEAMERICANA - CELTTV\" \/>\n<meta property=\"og:description\" content=\"Sitio web de noticias de la localidad de Tornquist, provincia de Buenos Aires, Rep\u00fablica Argentina. Contenido propio originado por periodistas de CELTTV, el canal de TV local de la Cooperativa El\u00e9ctrica de Tornquist. Turismo, Pol\u00edtica, Sociedad, Deporte, Cultura y todo el contenido de inter\u00e9s general que la gente del pueblo y la regi\u00f3n debe conocer.\" \/>\n<meta property=\"og:url\" content=\"https:\/\/www.celttv.com.ar\/index.php\/2014\/09\/17\/el-gobierno-nacional-la-mejor-aliada-norteamericana\/\" \/>\n<meta property=\"og:site_name\" content=\"CELTTV\" \/>\n<meta property=\"article:publisher\" content=\"https:\/\/www.facebook.com\/celtTV\/\" \/>\n<meta property=\"article:published_time\" content=\"2014-09-17T19:46:57+00:00\" \/>\n<meta property=\"og:image\" content=\"http:\/\/www.tvcnoticias.com.ar\/wp-content\/uploads\/2014\/09\/image001-Medium-450x337.jpg\" \/>\n<meta name=\"author\" content=\"ulises\" \/>\n<meta name=\"twitter:card\" content=\"summary_large_image\" \/>\n<meta name=\"twitter:label1\" content=\"Escrito por\" \/>\n\t<meta name=\"twitter:data1\" content=\"ulises\" \/>\n\t<meta name=\"twitter:label2\" content=\"Tiempo de lectura\" \/>\n\t<meta name=\"twitter:data2\" content=\"2 minutos\" \/>\n<script type=\"application\/ld+json\" class=\"yoast-schema-graph\">{\"@context\":\"https:\/\/schema.org\",\"@graph\":[{\"@type\":\"NewsArticle\",\"@id\":\"https:\/\/www.celttv.com.ar\/index.php\/2014\/09\/17\/el-gobierno-nacional-la-mejor-aliada-norteamericana\/#article\",\"isPartOf\":{\"@id\":\"https:\/\/www.celttv.com.ar\/index.php\/2014\/09\/17\/el-gobierno-nacional-la-mejor-aliada-norteamericana\/\"},\"author\":{\"name\":\"ulises\",\"@id\":\"https:\/\/www.celttv.com.ar\/#\/schema\/person\/6d99c072dba59953809c81446e9d0ace\"},\"headline\":\"EL GOBIERNO NACIONAL, LA MEJOR ALIADA NORTEAMERICANA\",\"datePublished\":\"2014-09-17T19:46:57+00:00\",\"dateModified\":\"2014-09-17T19:46:57+00:00\",\"mainEntityOfPage\":{\"@id\":\"https:\/\/www.celttv.com.ar\/index.php\/2014\/09\/17\/el-gobierno-nacional-la-mejor-aliada-norteamericana\/\"},\"wordCount\":360,\"publisher\":{\"@id\":\"https:\/\/www.celttv.com.ar\/#organization\"},\"articleSection\":[\"Comunidad\",\"Destacadas\",\"Pol\u00edtica\"],\"inLanguage\":\"es\"},{\"@type\":\"WebPage\",\"@id\":\"https:\/\/www.celttv.com.ar\/index.php\/2014\/09\/17\/el-gobierno-nacional-la-mejor-aliada-norteamericana\/\",\"url\":\"https:\/\/www.celttv.com.ar\/index.php\/2014\/09\/17\/el-gobierno-nacional-la-mejor-aliada-norteamericana\/\",\"name\":\"EL GOBIERNO NACIONAL, LA MEJOR ALIADA NORTEAMERICANA - CELTTV\",\"isPartOf\":{\"@id\":\"https:\/\/www.celttv.com.ar\/#website\"},\"datePublished\":\"2014-09-17T19:46:57+00:00\",\"dateModified\":\"2014-09-17T19:46:57+00:00\",\"description\":\"Sitio web de noticias de la localidad de Tornquist, provincia de Buenos Aires, Rep\u00fablica Argentina. Contenido propio originado por periodistas de CELTTV, el canal de TV local de la Cooperativa El\u00e9ctrica de Tornquist. Turismo, Pol\u00edtica, Sociedad, Deporte, Cultura y todo el contenido de inter\u00e9s general que la gente del pueblo y la regi\u00f3n debe conocer.\",\"breadcrumb\":{\"@id\":\"https:\/\/www.celttv.com.ar\/index.php\/2014\/09\/17\/el-gobierno-nacional-la-mejor-aliada-norteamericana\/#breadcrumb\"},\"inLanguage\":\"es\",\"potentialAction\":[{\"@type\":\"ReadAction\",\"target\":[\"https:\/\/www.celttv.com.ar\/index.php\/2014\/09\/17\/el-gobierno-nacional-la-mejor-aliada-norteamericana\/\"]}]},{\"@type\":\"BreadcrumbList\",\"@id\":\"https:\/\/www.celttv.com.ar\/index.php\/2014\/09\/17\/el-gobierno-nacional-la-mejor-aliada-norteamericana\/#breadcrumb\",\"itemListElement\":[{\"@type\":\"ListItem\",\"position\":1,\"name\":\"Inicio\",\"item\":\"https:\/\/www.celttv.com.ar\/\"},{\"@type\":\"ListItem\",\"position\":2,\"name\":\"EL GOBIERNO NACIONAL, LA MEJOR ALIADA NORTEAMERICANA\"}]},{\"@type\":\"WebSite\",\"@id\":\"https:\/\/www.celttv.com.ar\/#website\",\"url\":\"https:\/\/www.celttv.com.ar\/\",\"name\":\"CELTTV\",\"description\":\"Cooperativa El\u00e9ctrica de Tornquist\",\"publisher\":{\"@id\":\"https:\/\/www.celttv.com.ar\/#organization\"},\"potentialAction\":[{\"@type\":\"SearchAction\",\"target\":{\"@type\":\"EntryPoint\",\"urlTemplate\":\"https:\/\/www.celttv.com.ar\/?s={search_term_string}\"},\"query-input\":\"required name=search_term_string\"}],\"inLanguage\":\"es\"},{\"@type\":\"Organization\",\"@id\":\"https:\/\/www.celttv.com.ar\/#organization\",\"name\":\"CELTTV\",\"url\":\"https:\/\/www.celttv.com.ar\/\",\"sameAs\":[\"https:\/\/www.youtube.com\/channel\/UCz_oIt8Hig64Ub-EmcNPIhg\",\"https:\/\/www.facebook.com\/celtTV\/\"],\"logo\":{\"@type\":\"ImageObject\",\"inLanguage\":\"es\",\"@id\":\"https:\/\/www.celttv.com.ar\/#\/schema\/logo\/image\/\",\"url\":\"http:\/\/www.celttv.com.ar\/wp-content\/uploads\/2022\/08\/logo-1.png\",\"contentUrl\":\"http:\/\/www.celttv.com.ar\/wp-content\/uploads\/2022\/08\/logo-1.png\",\"width\":461,\"height\":159,\"caption\":\"CELTTV\"},\"image\":{\"@id\":\"https:\/\/www.celttv.com.ar\/#\/schema\/logo\/image\/\"}},{\"@type\":\"Person\",\"@id\":\"https:\/\/www.celttv.com.ar\/#\/schema\/person\/6d99c072dba59953809c81446e9d0ace\",\"name\":\"ulises\",\"image\":{\"@type\":\"ImageObject\",\"inLanguage\":\"es\",\"@id\":\"https:\/\/www.celttv.com.ar\/#\/schema\/person\/image\/\",\"url\":\"https:\/\/secure.gravatar.com\/avatar\/7f2c48bdc33b30088f941fb6082e555f2874c98e20cb159d7b92b50eadfce793?s=96&d=mm&r=g\",\"contentUrl\":\"https:\/\/secure.gravatar.com\/avatar\/7f2c48bdc33b30088f941fb6082e555f2874c98e20cb159d7b92b50eadfce793?s=96&d=mm&r=g\",\"caption\":\"ulises\"},\"sameAs\":[\"http:\/\/www.celttv.com.ar\"]}]}<\/script>\n<!-- \/ Yoast SEO plugin. -->","yoast_head_json":{"title":"EL GOBIERNO NACIONAL, LA MEJOR ALIADA NORTEAMERICANA - CELTTV","description":"Sitio web de noticias de la localidad de Tornquist, provincia de Buenos Aires, Rep\u00fablica Argentina. Contenido propio originado por periodistas de CELTTV, el canal de TV local de la Cooperativa El\u00e9ctrica de Tornquist. Turismo, Pol\u00edtica, Sociedad, Deporte, Cultura y todo el contenido de inter\u00e9s general que la gente del pueblo y la regi\u00f3n debe conocer.","robots":{"index":"index","follow":"follow","max-snippet":"max-snippet:-1","max-image-preview":"max-image-preview:large","max-video-preview":"max-video-preview:-1"},"canonical":"https:\/\/www.celttv.com.ar\/index.php\/2014\/09\/17\/el-gobierno-nacional-la-mejor-aliada-norteamericana\/","og_locale":"es_ES","og_type":"article","og_title":"EL GOBIERNO NACIONAL, LA MEJOR ALIADA NORTEAMERICANA - CELTTV","og_description":"Sitio web de noticias de la localidad de Tornquist, provincia de Buenos Aires, Rep\u00fablica Argentina. Contenido propio originado por periodistas de CELTTV, el canal de TV local de la Cooperativa El\u00e9ctrica de Tornquist. Turismo, Pol\u00edtica, Sociedad, Deporte, Cultura y todo el contenido de inter\u00e9s general que la gente del pueblo y la regi\u00f3n debe conocer.","og_url":"https:\/\/www.celttv.com.ar\/index.php\/2014\/09\/17\/el-gobierno-nacional-la-mejor-aliada-norteamericana\/","og_site_name":"CELTTV","article_publisher":"https:\/\/www.facebook.com\/celtTV\/","article_published_time":"2014-09-17T19:46:57+00:00","og_image":[{"url":"http:\/\/www.tvcnoticias.com.ar\/wp-content\/uploads\/2014\/09\/image001-Medium-450x337.jpg"}],"author":"ulises","twitter_card":"summary_large_image","twitter_misc":{"Escrito por":"ulises","Tiempo de lectura":"2 minutos"},"schema":{"@context":"https:\/\/schema.org","@graph":[{"@type":"NewsArticle","@id":"https:\/\/www.celttv.com.ar\/index.php\/2014\/09\/17\/el-gobierno-nacional-la-mejor-aliada-norteamericana\/#article","isPartOf":{"@id":"https:\/\/www.celttv.com.ar\/index.php\/2014\/09\/17\/el-gobierno-nacional-la-mejor-aliada-norteamericana\/"},"author":{"name":"ulises","@id":"https:\/\/www.celttv.com.ar\/#\/schema\/person\/6d99c072dba59953809c81446e9d0ace"},"headline":"EL GOBIERNO NACIONAL, LA MEJOR ALIADA NORTEAMERICANA","datePublished":"2014-09-17T19:46:57+00:00","dateModified":"2014-09-17T19:46:57+00:00","mainEntityOfPage":{"@id":"https:\/\/www.celttv.com.ar\/index.php\/2014\/09\/17\/el-gobierno-nacional-la-mejor-aliada-norteamericana\/"},"wordCount":360,"publisher":{"@id":"https:\/\/www.celttv.com.ar\/#organization"},"articleSection":["Comunidad","Destacadas","Pol\u00edtica"],"inLanguage":"es"},{"@type":"WebPage","@id":"https:\/\/www.celttv.com.ar\/index.php\/2014\/09\/17\/el-gobierno-nacional-la-mejor-aliada-norteamericana\/","url":"https:\/\/www.celttv.com.ar\/index.php\/2014\/09\/17\/el-gobierno-nacional-la-mejor-aliada-norteamericana\/","name":"EL GOBIERNO NACIONAL, LA MEJOR ALIADA NORTEAMERICANA - CELTTV","isPartOf":{"@id":"https:\/\/www.celttv.com.ar\/#website"},"datePublished":"2014-09-17T19:46:57+00:00","dateModified":"2014-09-17T19:46:57+00:00","description":"Sitio web de noticias de la localidad de Tornquist, provincia de Buenos Aires, Rep\u00fablica Argentina. Contenido propio originado por periodistas de CELTTV, el canal de TV local de la Cooperativa El\u00e9ctrica de Tornquist. Turismo, Pol\u00edtica, Sociedad, Deporte, Cultura y todo el contenido de inter\u00e9s general que la gente del pueblo y la regi\u00f3n debe conocer.","breadcrumb":{"@id":"https:\/\/www.celttv.com.ar\/index.php\/2014\/09\/17\/el-gobierno-nacional-la-mejor-aliada-norteamericana\/#breadcrumb"},"inLanguage":"es","potentialAction":[{"@type":"ReadAction","target":["https:\/\/www.celttv.com.ar\/index.php\/2014\/09\/17\/el-gobierno-nacional-la-mejor-aliada-norteamericana\/"]}]},{"@type":"BreadcrumbList","@id":"https:\/\/www.celttv.com.ar\/index.php\/2014\/09\/17\/el-gobierno-nacional-la-mejor-aliada-norteamericana\/#breadcrumb","itemListElement":[{"@type":"ListItem","position":1,"name":"Inicio","item":"https:\/\/www.celttv.com.ar\/"},{"@type":"ListItem","position":2,"name":"EL GOBIERNO NACIONAL, LA MEJOR ALIADA NORTEAMERICANA"}]},{"@type":"WebSite","@id":"https:\/\/www.celttv.com.ar\/#website","url":"https:\/\/www.celttv.com.ar\/","name":"CELTTV","description":"Cooperativa El\u00e9ctrica de Tornquist","publisher":{"@id":"https:\/\/www.celttv.com.ar\/#organization"},"potentialAction":[{"@type":"SearchAction","target":{"@type":"EntryPoint","urlTemplate":"https:\/\/www.celttv.com.ar\/?s={search_term_string}"},"query-input":"required name=search_term_string"}],"inLanguage":"es"},{"@type":"Organization","@id":"https:\/\/www.celttv.com.ar\/#organization","name":"CELTTV","url":"https:\/\/www.celttv.com.ar\/","sameAs":["https:\/\/www.youtube.com\/channel\/UCz_oIt8Hig64Ub-EmcNPIhg","https:\/\/www.facebook.com\/celtTV\/"],"logo":{"@type":"ImageObject","inLanguage":"es","@id":"https:\/\/www.celttv.com.ar\/#\/schema\/logo\/image\/","url":"http:\/\/www.celttv.com.ar\/wp-content\/uploads\/2022\/08\/logo-1.png","contentUrl":"http:\/\/www.celttv.com.ar\/wp-content\/uploads\/2022\/08\/logo-1.png","width":461,"height":159,"caption":"CELTTV"},"image":{"@id":"https:\/\/www.celttv.com.ar\/#\/schema\/logo\/image\/"}},{"@type":"Person","@id":"https:\/\/www.celttv.com.ar\/#\/schema\/person\/6d99c072dba59953809c81446e9d0ace","name":"ulises","image":{"@type":"ImageObject","inLanguage":"es","@id":"https:\/\/www.celttv.com.ar\/#\/schema\/person\/image\/","url":"https:\/\/secure.gravatar.com\/avatar\/7f2c48bdc33b30088f941fb6082e555f2874c98e20cb159d7b92b50eadfce793?s=96&d=mm&r=g","contentUrl":"https:\/\/secure.gravatar.com\/avatar\/7f2c48bdc33b30088f941fb6082e555f2874c98e20cb159d7b92b50eadfce793?s=96&d=mm&r=g","caption":"ulises"},"sameAs":["http:\/\/www.celttv.com.ar"]}]}},"_links":{"self":[{"href":"https:\/\/www.celttv.com.ar\/index.php\/wp-json\/wp\/v2\/posts\/23736","targetHints":{"allow":["GET"]}}],"collection":[{"href":"https:\/\/www.celttv.com.ar\/index.php\/wp-json\/wp\/v2\/posts"}],"about":[{"href":"https:\/\/www.celttv.com.ar\/index.php\/wp-json\/wp\/v2\/types\/post"}],"author":[{"embeddable":true,"href":"https:\/\/www.celttv.com.ar\/index.php\/wp-json\/wp\/v2\/users\/1"}],"replies":[{"embeddable":true,"href":"https:\/\/www.celttv.com.ar\/index.php\/wp-json\/wp\/v2\/comments?post=23736"}],"version-history":[{"count":0,"href":"https:\/\/www.celttv.com.ar\/index.php\/wp-json\/wp\/v2\/posts\/23736\/revisions"}],"wp:attachment":[{"href":"https:\/\/www.celttv.com.ar\/index.php\/wp-json\/wp\/v2\/media?parent=23736"}],"wp:term":[{"taxonomy":"category","embeddable":true,"href":"https:\/\/www.celttv.com.ar\/index.php\/wp-json\/wp\/v2\/categories?post=23736"},{"taxonomy":"post_tag","embeddable":true,"href":"https:\/\/www.celttv.com.ar\/index.php\/wp-json\/wp\/v2\/tags?post=23736"}],"curies":[{"name":"wp","href":"https:\/\/api.w.org\/{rel}","templated":true}]}}