{"id":23747,"date":"2014-09-19T13:41:48","date_gmt":"2014-09-19T13:41:48","guid":{"rendered":"http:\/\/www.tvcnoticias.com.ar\/?p=23747"},"modified":"2014-09-19T13:41:48","modified_gmt":"2014-09-19T13:41:48","slug":"exitoso-encuentro-de-escuelitas-de-futbol-en-el-club-union-notas-e-imagenes","status":"publish","type":"post","link":"https:\/\/www.celttv.com.ar\/index.php\/2014\/09\/19\/exitoso-encuentro-de-escuelitas-de-futbol-en-el-club-union-notas-e-imagenes\/","title":{"rendered":"EXITOSO ENCUENTRO DE ESCUELITAS DE F\u00daTBOL EN EL CLUB UNI\u00d3N (Notas e im\u00e1genes)"},"content":{"rendered":"<p><strong>MAGAZINE SPORT&#8212;<\/strong> El Club Uni\u00f3n fue sede de un multitudinario encuentro de escuelitas de f\u00fatbol en el campo deportivo Ernesto Tornquist.<\/p>\n<div>Con la participaci\u00f3n de clubes de Bah\u00eda Blanca, Pig\u00fc\u00e9, Punta Alta, Coronel Su\u00e1rez y Sierra de la Ventana, la entidad verde congreg\u00f3 700 chicos en distintas canchas distribuidas en el amplio predio.<\/div>\n<div>Durante el desarrollo de la actividad,\u00a0<strong>MAGAZINE SPORT<\/strong> dialog\u00f3 con el coordinador del Semillero Verde y una madre del grupo de trabajo del Club Uni\u00f3n, profesor\u00a0<strong>Pablo Romano<\/strong> y\u00a0<strong>Mercedes Brugniere<\/strong>, respectivamente.<\/div>\n<div>A su vez, se rescataron conceptos de los profesores\u00a0<strong>Dami\u00e1n Reyes<\/strong> (Club Atl\u00e9tico Ventana);\u00a0<strong>Horacio Azzolini<\/strong>(Rosario Puerto Belgrano) y\u00a0<strong>Fernando Ferrero<\/strong> (Club Sarmiento).<\/div>\n<p>httpv:\/\/www.youtube.com\/watch?v=2GKyu7cpdRg<br \/>\nhttpv:\/\/www.youtube.com\/watch?v=7JNmnNs4T7A<br \/>\nhttpv:\/\/www.youtube.com\/watch?v=euFxHPptNBQ<br \/>\n&nbsp;<\/p>\n","protected":false},"excerpt":{"rendered":"<p>MAGAZINE SPORT&#8212; El Club Uni\u00f3n fue sede de un multitudinario encuentro de escuelitas de f\u00fatbol en el campo deportivo Ernesto Tornquist. Con la participaci\u00f3n de clubes de Bah\u00eda Blanca, Pig\u00fc\u00e9, Punta Alta, Coronel Su\u00e1rez y Sierra de la Ventana, la entidad verde congreg\u00f3 700 chicos en distintas canchas distribuidas en el amplio predio. Durante el [&hellip;]<\/p>\n","protected":false},"author":1,"featured_media":0,"comment_status":"closed","ping_status":"open","sticky":false,"template":"","format":"standard","meta":{"footnotes":""},"categories":[60,52],"tags":[],"class_list":["post-23747","post","type-post","status-publish","format-standard","hentry","category-deporte","category-destacadas"],"yoast_head":"<!-- This site is optimized with the Yoast SEO plugin v19.7.1 - https:\/\/yoast.com\/wordpress\/plugins\/seo\/ -->\n<title>EXITOSO ENCUENTRO DE ESCUELITAS DE F\u00daTBOL EN EL CLUB UNI\u00d3N (Notas e im\u00e1genes) - CELTTV<\/title>\n<meta name=\"description\" content=\"Sitio web de noticias de la localidad de Tornquist, provincia de Buenos Aires, Rep\u00fablica Argentina. Contenido propio originado por periodistas de CELTTV, el canal de TV local de la Cooperativa El\u00e9ctrica de Tornquist. Turismo, Pol\u00edtica, Sociedad, Deporte, Cultura y todo el contenido de inter\u00e9s general que la gente del pueblo y la regi\u00f3n debe conocer.\" \/>\n<meta name=\"robots\" content=\"index, follow, max-snippet:-1, max-image-preview:large, max-video-preview:-1\" \/>\n<link rel=\"canonical\" href=\"https:\/\/www.celttv.com.ar\/index.php\/2014\/09\/19\/exitoso-encuentro-de-escuelitas-de-futbol-en-el-club-union-notas-e-imagenes\/\" \/>\n<meta property=\"og:locale\" content=\"es_ES\" \/>\n<meta property=\"og:type\" content=\"article\" \/>\n<meta property=\"og:title\" content=\"EXITOSO ENCUENTRO DE ESCUELITAS DE F\u00daTBOL EN EL CLUB UNI\u00d3N (Notas e im\u00e1genes) - CELTTV\" \/>\n<meta property=\"og:description\" content=\"Sitio web de noticias de la localidad de Tornquist, provincia de Buenos Aires, Rep\u00fablica Argentina. Contenido propio originado por periodistas de CELTTV, el canal de TV local de la Cooperativa El\u00e9ctrica de Tornquist. Turismo, Pol\u00edtica, Sociedad, Deporte, Cultura y todo el contenido de inter\u00e9s general que la gente del pueblo y la regi\u00f3n debe conocer.\" \/>\n<meta property=\"og:url\" content=\"https:\/\/www.celttv.com.ar\/index.php\/2014\/09\/19\/exitoso-encuentro-de-escuelitas-de-futbol-en-el-club-union-notas-e-imagenes\/\" \/>\n<meta property=\"og:site_name\" content=\"CELTTV\" \/>\n<meta property=\"article:publisher\" content=\"https:\/\/www.facebook.com\/celtTV\/\" \/>\n<meta property=\"article:published_time\" content=\"2014-09-19T13:41:48+00:00\" \/>\n<meta name=\"author\" content=\"ulises\" \/>\n<meta name=\"twitter:card\" content=\"summary_large_image\" \/>\n<meta name=\"twitter:label1\" content=\"Escrito por\" \/>\n\t<meta name=\"twitter:data1\" content=\"ulises\" \/>\n\t<meta name=\"twitter:label2\" content=\"Tiempo de lectura\" \/>\n\t<meta name=\"twitter:data2\" content=\"1 minuto\" \/>\n<script type=\"application\/ld+json\" class=\"yoast-schema-graph\">{\"@context\":\"https:\/\/schema.org\",\"@graph\":[{\"@type\":\"NewsArticle\",\"@id\":\"https:\/\/www.celttv.com.ar\/index.php\/2014\/09\/19\/exitoso-encuentro-de-escuelitas-de-futbol-en-el-club-union-notas-e-imagenes\/#article\",\"isPartOf\":{\"@id\":\"https:\/\/www.celttv.com.ar\/index.php\/2014\/09\/19\/exitoso-encuentro-de-escuelitas-de-futbol-en-el-club-union-notas-e-imagenes\/\"},\"author\":{\"name\":\"ulises\",\"@id\":\"https:\/\/www.celttv.com.ar\/#\/schema\/person\/6d99c072dba59953809c81446e9d0ace\"},\"headline\":\"EXITOSO ENCUENTRO DE ESCUELITAS DE F\u00daTBOL EN EL CLUB UNI\u00d3N (Notas e im\u00e1genes)\",\"datePublished\":\"2014-09-19T13:41:48+00:00\",\"dateModified\":\"2014-09-19T13:41:48+00:00\",\"mainEntityOfPage\":{\"@id\":\"https:\/\/www.celttv.com.ar\/index.php\/2014\/09\/19\/exitoso-encuentro-de-escuelitas-de-futbol-en-el-club-union-notas-e-imagenes\/\"},\"wordCount\":157,\"publisher\":{\"@id\":\"https:\/\/www.celttv.com.ar\/#organization\"},\"articleSection\":[\"Deporte\",\"Destacadas\"],\"inLanguage\":\"es\"},{\"@type\":\"WebPage\",\"@id\":\"https:\/\/www.celttv.com.ar\/index.php\/2014\/09\/19\/exitoso-encuentro-de-escuelitas-de-futbol-en-el-club-union-notas-e-imagenes\/\",\"url\":\"https:\/\/www.celttv.com.ar\/index.php\/2014\/09\/19\/exitoso-encuentro-de-escuelitas-de-futbol-en-el-club-union-notas-e-imagenes\/\",\"name\":\"EXITOSO ENCUENTRO DE ESCUELITAS DE F\u00daTBOL EN EL CLUB UNI\u00d3N (Notas e im\u00e1genes) - CELTTV\",\"isPartOf\":{\"@id\":\"https:\/\/www.celttv.com.ar\/#website\"},\"datePublished\":\"2014-09-19T13:41:48+00:00\",\"dateModified\":\"2014-09-19T13:41:48+00:00\",\"description\":\"Sitio web de noticias de la localidad de Tornquist, provincia de Buenos Aires, Rep\u00fablica Argentina. Contenido propio originado por periodistas de CELTTV, el canal de TV local de la Cooperativa El\u00e9ctrica de Tornquist. Turismo, Pol\u00edtica, Sociedad, Deporte, Cultura y todo el contenido de inter\u00e9s general que la gente del pueblo y la regi\u00f3n debe conocer.\",\"breadcrumb\":{\"@id\":\"https:\/\/www.celttv.com.ar\/index.php\/2014\/09\/19\/exitoso-encuentro-de-escuelitas-de-futbol-en-el-club-union-notas-e-imagenes\/#breadcrumb\"},\"inLanguage\":\"es\",\"potentialAction\":[{\"@type\":\"ReadAction\",\"target\":[\"https:\/\/www.celttv.com.ar\/index.php\/2014\/09\/19\/exitoso-encuentro-de-escuelitas-de-futbol-en-el-club-union-notas-e-imagenes\/\"]}]},{\"@type\":\"BreadcrumbList\",\"@id\":\"https:\/\/www.celttv.com.ar\/index.php\/2014\/09\/19\/exitoso-encuentro-de-escuelitas-de-futbol-en-el-club-union-notas-e-imagenes\/#breadcrumb\",\"itemListElement\":[{\"@type\":\"ListItem\",\"position\":1,\"name\":\"Inicio\",\"item\":\"https:\/\/www.celttv.com.ar\/\"},{\"@type\":\"ListItem\",\"position\":2,\"name\":\"EXITOSO ENCUENTRO DE ESCUELITAS DE F\u00daTBOL EN EL CLUB UNI\u00d3N (Notas e im\u00e1genes)\"}]},{\"@type\":\"WebSite\",\"@id\":\"https:\/\/www.celttv.com.ar\/#website\",\"url\":\"https:\/\/www.celttv.com.ar\/\",\"name\":\"CELTTV\",\"description\":\"Cooperativa El\u00e9ctrica de Tornquist\",\"publisher\":{\"@id\":\"https:\/\/www.celttv.com.ar\/#organization\"},\"potentialAction\":[{\"@type\":\"SearchAction\",\"target\":{\"@type\":\"EntryPoint\",\"urlTemplate\":\"https:\/\/www.celttv.com.ar\/?s={search_term_string}\"},\"query-input\":\"required name=search_term_string\"}],\"inLanguage\":\"es\"},{\"@type\":\"Organization\",\"@id\":\"https:\/\/www.celttv.com.ar\/#organization\",\"name\":\"CELTTV\",\"url\":\"https:\/\/www.celttv.com.ar\/\",\"sameAs\":[\"https:\/\/www.youtube.com\/channel\/UCz_oIt8Hig64Ub-EmcNPIhg\",\"https:\/\/www.facebook.com\/celtTV\/\"],\"logo\":{\"@type\":\"ImageObject\",\"inLanguage\":\"es\",\"@id\":\"https:\/\/www.celttv.com.ar\/#\/schema\/logo\/image\/\",\"url\":\"http:\/\/www.celttv.com.ar\/wp-content\/uploads\/2022\/08\/logo-1.png\",\"contentUrl\":\"http:\/\/www.celttv.com.ar\/wp-content\/uploads\/2022\/08\/logo-1.png\",\"width\":461,\"height\":159,\"caption\":\"CELTTV\"},\"image\":{\"@id\":\"https:\/\/www.celttv.com.ar\/#\/schema\/logo\/image\/\"}},{\"@type\":\"Person\",\"@id\":\"https:\/\/www.celttv.com.ar\/#\/schema\/person\/6d99c072dba59953809c81446e9d0ace\",\"name\":\"ulises\",\"image\":{\"@type\":\"ImageObject\",\"inLanguage\":\"es\",\"@id\":\"https:\/\/www.celttv.com.ar\/#\/schema\/person\/image\/\",\"url\":\"https:\/\/secure.gravatar.com\/avatar\/7f2c48bdc33b30088f941fb6082e555f2874c98e20cb159d7b92b50eadfce793?s=96&d=mm&r=g\",\"contentUrl\":\"https:\/\/secure.gravatar.com\/avatar\/7f2c48bdc33b30088f941fb6082e555f2874c98e20cb159d7b92b50eadfce793?s=96&d=mm&r=g\",\"caption\":\"ulises\"},\"sameAs\":[\"http:\/\/www.celttv.com.ar\"]}]}<\/script>\n<!-- \/ Yoast SEO plugin. -->","yoast_head_json":{"title":"EXITOSO ENCUENTRO DE ESCUELITAS DE F\u00daTBOL EN EL CLUB UNI\u00d3N (Notas e im\u00e1genes) - CELTTV","description":"Sitio web de noticias de la localidad de Tornquist, provincia de Buenos Aires, Rep\u00fablica Argentina. Contenido propio originado por periodistas de CELTTV, el canal de TV local de la Cooperativa El\u00e9ctrica de Tornquist. Turismo, Pol\u00edtica, Sociedad, Deporte, Cultura y todo el contenido de inter\u00e9s general que la gente del pueblo y la regi\u00f3n debe conocer.","robots":{"index":"index","follow":"follow","max-snippet":"max-snippet:-1","max-image-preview":"max-image-preview:large","max-video-preview":"max-video-preview:-1"},"canonical":"https:\/\/www.celttv.com.ar\/index.php\/2014\/09\/19\/exitoso-encuentro-de-escuelitas-de-futbol-en-el-club-union-notas-e-imagenes\/","og_locale":"es_ES","og_type":"article","og_title":"EXITOSO ENCUENTRO DE ESCUELITAS DE F\u00daTBOL EN EL CLUB UNI\u00d3N (Notas e im\u00e1genes) - CELTTV","og_description":"Sitio web de noticias de la localidad de Tornquist, provincia de Buenos Aires, Rep\u00fablica Argentina. Contenido propio originado por periodistas de CELTTV, el canal de TV local de la Cooperativa El\u00e9ctrica de Tornquist. Turismo, Pol\u00edtica, Sociedad, Deporte, Cultura y todo el contenido de inter\u00e9s general que la gente del pueblo y la regi\u00f3n debe conocer.","og_url":"https:\/\/www.celttv.com.ar\/index.php\/2014\/09\/19\/exitoso-encuentro-de-escuelitas-de-futbol-en-el-club-union-notas-e-imagenes\/","og_site_name":"CELTTV","article_publisher":"https:\/\/www.facebook.com\/celtTV\/","article_published_time":"2014-09-19T13:41:48+00:00","author":"ulises","twitter_card":"summary_large_image","twitter_misc":{"Escrito por":"ulises","Tiempo de lectura":"1 minuto"},"schema":{"@context":"https:\/\/schema.org","@graph":[{"@type":"NewsArticle","@id":"https:\/\/www.celttv.com.ar\/index.php\/2014\/09\/19\/exitoso-encuentro-de-escuelitas-de-futbol-en-el-club-union-notas-e-imagenes\/#article","isPartOf":{"@id":"https:\/\/www.celttv.com.ar\/index.php\/2014\/09\/19\/exitoso-encuentro-de-escuelitas-de-futbol-en-el-club-union-notas-e-imagenes\/"},"author":{"name":"ulises","@id":"https:\/\/www.celttv.com.ar\/#\/schema\/person\/6d99c072dba59953809c81446e9d0ace"},"headline":"EXITOSO ENCUENTRO DE ESCUELITAS DE F\u00daTBOL EN EL CLUB UNI\u00d3N (Notas e im\u00e1genes)","datePublished":"2014-09-19T13:41:48+00:00","dateModified":"2014-09-19T13:41:48+00:00","mainEntityOfPage":{"@id":"https:\/\/www.celttv.com.ar\/index.php\/2014\/09\/19\/exitoso-encuentro-de-escuelitas-de-futbol-en-el-club-union-notas-e-imagenes\/"},"wordCount":157,"publisher":{"@id":"https:\/\/www.celttv.com.ar\/#organization"},"articleSection":["Deporte","Destacadas"],"inLanguage":"es"},{"@type":"WebPage","@id":"https:\/\/www.celttv.com.ar\/index.php\/2014\/09\/19\/exitoso-encuentro-de-escuelitas-de-futbol-en-el-club-union-notas-e-imagenes\/","url":"https:\/\/www.celttv.com.ar\/index.php\/2014\/09\/19\/exitoso-encuentro-de-escuelitas-de-futbol-en-el-club-union-notas-e-imagenes\/","name":"EXITOSO ENCUENTRO DE ESCUELITAS DE F\u00daTBOL EN EL CLUB UNI\u00d3N (Notas e im\u00e1genes) - CELTTV","isPartOf":{"@id":"https:\/\/www.celttv.com.ar\/#website"},"datePublished":"2014-09-19T13:41:48+00:00","dateModified":"2014-09-19T13:41:48+00:00","description":"Sitio web de noticias de la localidad de Tornquist, provincia de Buenos Aires, Rep\u00fablica Argentina. Contenido propio originado por periodistas de CELTTV, el canal de TV local de la Cooperativa El\u00e9ctrica de Tornquist. Turismo, Pol\u00edtica, Sociedad, Deporte, Cultura y todo el contenido de inter\u00e9s general que la gente del pueblo y la regi\u00f3n debe conocer.","breadcrumb":{"@id":"https:\/\/www.celttv.com.ar\/index.php\/2014\/09\/19\/exitoso-encuentro-de-escuelitas-de-futbol-en-el-club-union-notas-e-imagenes\/#breadcrumb"},"inLanguage":"es","potentialAction":[{"@type":"ReadAction","target":["https:\/\/www.celttv.com.ar\/index.php\/2014\/09\/19\/exitoso-encuentro-de-escuelitas-de-futbol-en-el-club-union-notas-e-imagenes\/"]}]},{"@type":"BreadcrumbList","@id":"https:\/\/www.celttv.com.ar\/index.php\/2014\/09\/19\/exitoso-encuentro-de-escuelitas-de-futbol-en-el-club-union-notas-e-imagenes\/#breadcrumb","itemListElement":[{"@type":"ListItem","position":1,"name":"Inicio","item":"https:\/\/www.celttv.com.ar\/"},{"@type":"ListItem","position":2,"name":"EXITOSO ENCUENTRO DE ESCUELITAS DE F\u00daTBOL EN EL CLUB UNI\u00d3N (Notas e im\u00e1genes)"}]},{"@type":"WebSite","@id":"https:\/\/www.celttv.com.ar\/#website","url":"https:\/\/www.celttv.com.ar\/","name":"CELTTV","description":"Cooperativa El\u00e9ctrica de Tornquist","publisher":{"@id":"https:\/\/www.celttv.com.ar\/#organization"},"potentialAction":[{"@type":"SearchAction","target":{"@type":"EntryPoint","urlTemplate":"https:\/\/www.celttv.com.ar\/?s={search_term_string}"},"query-input":"required name=search_term_string"}],"inLanguage":"es"},{"@type":"Organization","@id":"https:\/\/www.celttv.com.ar\/#organization","name":"CELTTV","url":"https:\/\/www.celttv.com.ar\/","sameAs":["https:\/\/www.youtube.com\/channel\/UCz_oIt8Hig64Ub-EmcNPIhg","https:\/\/www.facebook.com\/celtTV\/"],"logo":{"@type":"ImageObject","inLanguage":"es","@id":"https:\/\/www.celttv.com.ar\/#\/schema\/logo\/image\/","url":"http:\/\/www.celttv.com.ar\/wp-content\/uploads\/2022\/08\/logo-1.png","contentUrl":"http:\/\/www.celttv.com.ar\/wp-content\/uploads\/2022\/08\/logo-1.png","width":461,"height":159,"caption":"CELTTV"},"image":{"@id":"https:\/\/www.celttv.com.ar\/#\/schema\/logo\/image\/"}},{"@type":"Person","@id":"https:\/\/www.celttv.com.ar\/#\/schema\/person\/6d99c072dba59953809c81446e9d0ace","name":"ulises","image":{"@type":"ImageObject","inLanguage":"es","@id":"https:\/\/www.celttv.com.ar\/#\/schema\/person\/image\/","url":"https:\/\/secure.gravatar.com\/avatar\/7f2c48bdc33b30088f941fb6082e555f2874c98e20cb159d7b92b50eadfce793?s=96&d=mm&r=g","contentUrl":"https:\/\/secure.gravatar.com\/avatar\/7f2c48bdc33b30088f941fb6082e555f2874c98e20cb159d7b92b50eadfce793?s=96&d=mm&r=g","caption":"ulises"},"sameAs":["http:\/\/www.celttv.com.ar"]}]}},"_links":{"self":[{"href":"https:\/\/www.celttv.com.ar\/index.php\/wp-json\/wp\/v2\/posts\/23747","targetHints":{"allow":["GET"]}}],"collection":[{"href":"https:\/\/www.celttv.com.ar\/index.php\/wp-json\/wp\/v2\/posts"}],"about":[{"href":"https:\/\/www.celttv.com.ar\/index.php\/wp-json\/wp\/v2\/types\/post"}],"author":[{"embeddable":true,"href":"https:\/\/www.celttv.com.ar\/index.php\/wp-json\/wp\/v2\/users\/1"}],"replies":[{"embeddable":true,"href":"https:\/\/www.celttv.com.ar\/index.php\/wp-json\/wp\/v2\/comments?post=23747"}],"version-history":[{"count":0,"href":"https:\/\/www.celttv.com.ar\/index.php\/wp-json\/wp\/v2\/posts\/23747\/revisions"}],"wp:attachment":[{"href":"https:\/\/www.celttv.com.ar\/index.php\/wp-json\/wp\/v2\/media?parent=23747"}],"wp:term":[{"taxonomy":"category","embeddable":true,"href":"https:\/\/www.celttv.com.ar\/index.php\/wp-json\/wp\/v2\/categories?post=23747"},{"taxonomy":"post_tag","embeddable":true,"href":"https:\/\/www.celttv.com.ar\/index.php\/wp-json\/wp\/v2\/tags?post=23747"}],"curies":[{"name":"wp","href":"https:\/\/api.w.org\/{rel}","templated":true}]}}