{"id":23779,"date":"2014-09-24T02:30:27","date_gmt":"2014-09-24T02:30:27","guid":{"rendered":"http:\/\/www.tvcnoticias.com.ar\/?p=23779"},"modified":"2014-09-24T02:30:27","modified_gmt":"2014-09-24T02:30:27","slug":"la-sociedad-italiana-festejo-un-nuevo-aniversario-de-su-fundacion-videos-y-notas","status":"publish","type":"post","link":"https:\/\/www.celttv.com.ar\/index.php\/2014\/09\/24\/la-sociedad-italiana-festejo-un-nuevo-aniversario-de-su-fundacion-videos-y-notas\/","title":{"rendered":"LA SOCIEDAD ITALIANA FESTEJO UN NUEVO ANIVERSARIO DE SU FUNDACION (videos y notas)"},"content":{"rendered":"<p><span style=\"font-family: Verdana, Arial, Helvetica, sans-serif; font-size: x-small;\"><a href=\"https:\/\/www.youtube.com\/watch?v=vagyvUmzt0Q\">httpv:\/\/www.youtube.com\/watch?v=vagyvUmzt0Q<\/a><\/span><br \/>\n<span style=\"font-family: Verdana, Arial, Helvetica, sans-serif; font-size: x-small;\"><a href=\"https:\/\/www.youtube.com\/watch?v=wrbJwEsRYIY\">httpv:\/\/www.youtube.com\/watch?v=wrbJwEsRYIY<\/a><\/span><br \/>\n<span style=\"font-family: Verdana, Arial, Helvetica, sans-serif; font-size: x-small;\"><a href=\"https:\/\/www.youtube.com\/watch?v=5HqPx_1pHMY\">httpv:\/\/www.youtube.com\/watch?v=5HqPx_1pHMY<\/a><\/span><br \/>\n<span style=\"font-family: Verdana, Arial, Helvetica, sans-serif; font-size: x-small;\"><a href=\"https:\/\/www.youtube.com\/watch?v=m6xANc4vASU\">httpv:\/\/www.youtube.com\/watch?v=m6xANc4vASU<\/a><\/span><br \/>\n<span style=\"font-family: Verdana, Arial, Helvetica, sans-serif; font-size: x-small;\"><a href=\"https:\/\/www.youtube.com\/watch?v=j0LWcp4FC5g\">httpv:\/\/www.youtube.com\/watch?v=j0LWcp4FC5g<\/a><br \/>\n<\/span><br \/>\n<span style=\"font-family: Verdana, Arial, Helvetica, sans-serif; font-size: x-small;\"><a href=\"https:\/\/www.youtube.com\/watch?v=vagyvUmzt0Q\"><\/a>Como estaba programado este s\u00e1bado por la noche se realiz\u00f3 en la Sociedad Italiana, la tradicional cena y baile aniversario.\u00a0200 personas se dieron cita para compartir con la instituci\u00f3n su cumplea\u00f1os dentro de un marco poco feliz para los italianos que deben afrontar las costas de un juicio que le realizaron y por el que deben abonar 84 mil pesos.<\/span><br \/>\n<span style=\"font-family: Verdana, Arial, Helvetica, sans-serif; font-size: x-small;\">M\u00e1s all\u00e1 de esto que\u00a0\u00a0fue explicado en notas anteriores, hubo un muy buen servicio servido por el Catering de Norma Bergonde y su grupo de trabajo con empanadas, asado y pollo a la parilla, postre helado, mesa dulce y brindis.<\/span><br \/>\n<span style=\"font-family: Verdana, Arial, Helvetica, sans-serif; font-size: x-small;\">Podemos destacar la presencia del Presidente de la entidad Dr. Juan C. Battista y miembros de su comisi\u00f3n. El Secretario de Gobierno y Hacienda Guillermo Loffler en representaci\u00f3n del Intendente e integrantes del gabinete. El Concejal V\u00edctor Ant\u00f3n, el Presidente del HCD Sergio Bordoni, el concejal y miembro de la comisi\u00f3n directiva Ezequiel Gabella como as\u00ed tambi\u00e9n personas que viajaron unicamente a la cena como lo es V\u00edctor Trinchera de 90 a\u00f1os que vino desde C\u00f3rdoba Capital y durante la madrugada emprendi\u00f3 el regreso junto a su familia hacia su lugar de origen.<\/span><br \/>\n<span style=\"font-family: Verdana, Arial, Helvetica, sans-serif; font-size: x-small;\">Trinchera fue miembro de la Comisi\u00f3n directiva de la entidad cuando Reinaldo Meriggi era su Presidente y hace 51 a\u00f1os que se\u00a0ausent\u00f3 de Tornquist.<\/span><br \/>\n<span style=\"font-family: Verdana, Arial, Helvetica, sans-serif; font-size: x-small;\">La velada estuvo amenizada por un joven grupo de Alpachiri que realmente tocan muy bien, nos referimos a Los herederos del Ritmo cuyo promedio de edad no debe pasar los 25 a\u00f1os.<\/span><br \/>\n<span style=\"font-family: Verdana, Arial, Helvetica, sans-serif; font-size: x-small;\">En el transcurso de la noche un simple acto con la palabra de Marta Boletta y el Dr. Juan Carlos Battista, tuvo que ver con la colocaci\u00f3n de un cofre con datos de la entidad que se deposit\u00f3 en una pared contigua al ba\u00f1o de caballeros para que dentro de 25 a\u00f1os sea descubierto por la socia m\u00e1s joven de la entidad que es Nazarena Torres Lambichi de 14 a\u00f1os que particip\u00f3 de este acto y fue qui\u00e9n traslad\u00f3 el cofre hacia el lugar.<\/span><br \/>\n<span style=\"font-family: Verdana, Arial, Helvetica, sans-serif; font-size: x-small;\">Esto era una promesa que hab\u00eda realizado la entidad en su centenario cuando la piedra fundamental no pudo ser descubierta y aunque creen que se encontrar\u00eda debajo del fog\u00f3n chico, en el ingreso al sal\u00f3n, ser\u00eda una obra que demandar\u00eda mucho dinero parta volver a romper pisos.<\/span><br \/>\n<span style=\"font-family: Verdana, Arial, Helvetica, sans-serif; font-size: x-small;\">La gente bail\u00f3, cen\u00f3 y disfrut\u00f3 del brindis hasta las cuatro de la ma\u00f1ana para el ciere del tel\u00f3n de los 102 a\u00f1os de vida de la instituci\u00f3n.<\/span><br \/>\n&nbsp;<\/p>\n","protected":false},"excerpt":{"rendered":"<p>httpv:\/\/www.youtube.com\/watch?v=vagyvUmzt0Q httpv:\/\/www.youtube.com\/watch?v=wrbJwEsRYIY httpv:\/\/www.youtube.com\/watch?v=5HqPx_1pHMY httpv:\/\/www.youtube.com\/watch?v=m6xANc4vASU httpv:\/\/www.youtube.com\/watch?v=j0LWcp4FC5g Como estaba programado este s\u00e1bado por la noche se realiz\u00f3 en la Sociedad Italiana, la tradicional cena y baile aniversario.\u00a0200 personas se dieron cita para compartir con la instituci\u00f3n su cumplea\u00f1os dentro de un marco poco feliz para los italianos que deben afrontar las costas de un juicio que le [&hellip;]<\/p>\n","protected":false},"author":1,"featured_media":0,"comment_status":"closed","ping_status":"open","sticky":false,"template":"","format":"standard","meta":{"footnotes":""},"categories":[51,52,56,64],"tags":[],"class_list":["post-23779","post","type-post","status-publish","format-standard","hentry","category-comunidad","category-destacadas","category-espectaculos","category-videos-destacados"],"yoast_head":"<!-- This site is optimized with the Yoast SEO plugin v19.7.1 - https:\/\/yoast.com\/wordpress\/plugins\/seo\/ -->\n<title>LA SOCIEDAD ITALIANA FESTEJO UN NUEVO ANIVERSARIO DE SU FUNDACION (videos y notas) - CELTTV<\/title>\n<meta name=\"description\" content=\"Sitio web de noticias de la localidad de Tornquist, provincia de Buenos Aires, Rep\u00fablica Argentina. Contenido propio originado por periodistas de CELTTV, el canal de TV local de la Cooperativa El\u00e9ctrica de Tornquist. Turismo, Pol\u00edtica, Sociedad, Deporte, Cultura y todo el contenido de inter\u00e9s general que la gente del pueblo y la regi\u00f3n debe conocer.\" \/>\n<meta name=\"robots\" content=\"index, follow, max-snippet:-1, max-image-preview:large, max-video-preview:-1\" \/>\n<link rel=\"canonical\" href=\"https:\/\/www.celttv.com.ar\/index.php\/2014\/09\/24\/la-sociedad-italiana-festejo-un-nuevo-aniversario-de-su-fundacion-videos-y-notas\/\" \/>\n<meta property=\"og:locale\" content=\"es_ES\" \/>\n<meta property=\"og:type\" content=\"article\" \/>\n<meta property=\"og:title\" content=\"LA SOCIEDAD ITALIANA FESTEJO UN NUEVO ANIVERSARIO DE SU FUNDACION (videos y notas) - CELTTV\" \/>\n<meta property=\"og:description\" content=\"Sitio web de noticias de la localidad de Tornquist, provincia de Buenos Aires, Rep\u00fablica Argentina. Contenido propio originado por periodistas de CELTTV, el canal de TV local de la Cooperativa El\u00e9ctrica de Tornquist. Turismo, Pol\u00edtica, Sociedad, Deporte, Cultura y todo el contenido de inter\u00e9s general que la gente del pueblo y la regi\u00f3n debe conocer.\" \/>\n<meta property=\"og:url\" content=\"https:\/\/www.celttv.com.ar\/index.php\/2014\/09\/24\/la-sociedad-italiana-festejo-un-nuevo-aniversario-de-su-fundacion-videos-y-notas\/\" \/>\n<meta property=\"og:site_name\" content=\"CELTTV\" \/>\n<meta property=\"article:publisher\" content=\"https:\/\/www.facebook.com\/celtTV\/\" \/>\n<meta property=\"article:published_time\" content=\"2014-09-24T02:30:27+00:00\" \/>\n<meta name=\"author\" content=\"ulises\" \/>\n<meta name=\"twitter:card\" content=\"summary_large_image\" \/>\n<meta name=\"twitter:label1\" content=\"Escrito por\" \/>\n\t<meta name=\"twitter:data1\" content=\"ulises\" \/>\n\t<meta name=\"twitter:label2\" content=\"Tiempo de lectura\" \/>\n\t<meta name=\"twitter:data2\" content=\"2 minutos\" \/>\n<script type=\"application\/ld+json\" class=\"yoast-schema-graph\">{\"@context\":\"https:\/\/schema.org\",\"@graph\":[{\"@type\":\"NewsArticle\",\"@id\":\"https:\/\/www.celttv.com.ar\/index.php\/2014\/09\/24\/la-sociedad-italiana-festejo-un-nuevo-aniversario-de-su-fundacion-videos-y-notas\/#article\",\"isPartOf\":{\"@id\":\"https:\/\/www.celttv.com.ar\/index.php\/2014\/09\/24\/la-sociedad-italiana-festejo-un-nuevo-aniversario-de-su-fundacion-videos-y-notas\/\"},\"author\":{\"name\":\"ulises\",\"@id\":\"https:\/\/www.celttv.com.ar\/#\/schema\/person\/6d99c072dba59953809c81446e9d0ace\"},\"headline\":\"LA SOCIEDAD ITALIANA FESTEJO UN NUEVO ANIVERSARIO DE SU FUNDACION (videos y notas)\",\"datePublished\":\"2014-09-24T02:30:27+00:00\",\"dateModified\":\"2014-09-24T02:30:27+00:00\",\"mainEntityOfPage\":{\"@id\":\"https:\/\/www.celttv.com.ar\/index.php\/2014\/09\/24\/la-sociedad-italiana-festejo-un-nuevo-aniversario-de-su-fundacion-videos-y-notas\/\"},\"wordCount\":491,\"publisher\":{\"@id\":\"https:\/\/www.celttv.com.ar\/#organization\"},\"articleSection\":[\"Comunidad\",\"Destacadas\",\"Espect\u00e1culos\",\"Videos Destacados\"],\"inLanguage\":\"es\"},{\"@type\":\"WebPage\",\"@id\":\"https:\/\/www.celttv.com.ar\/index.php\/2014\/09\/24\/la-sociedad-italiana-festejo-un-nuevo-aniversario-de-su-fundacion-videos-y-notas\/\",\"url\":\"https:\/\/www.celttv.com.ar\/index.php\/2014\/09\/24\/la-sociedad-italiana-festejo-un-nuevo-aniversario-de-su-fundacion-videos-y-notas\/\",\"name\":\"LA SOCIEDAD ITALIANA FESTEJO UN NUEVO ANIVERSARIO DE SU FUNDACION (videos y notas) - CELTTV\",\"isPartOf\":{\"@id\":\"https:\/\/www.celttv.com.ar\/#website\"},\"datePublished\":\"2014-09-24T02:30:27+00:00\",\"dateModified\":\"2014-09-24T02:30:27+00:00\",\"description\":\"Sitio web de noticias de la localidad de Tornquist, provincia de Buenos Aires, Rep\u00fablica Argentina. Contenido propio originado por periodistas de CELTTV, el canal de TV local de la Cooperativa El\u00e9ctrica de Tornquist. Turismo, Pol\u00edtica, Sociedad, Deporte, Cultura y todo el contenido de inter\u00e9s general que la gente del pueblo y la regi\u00f3n debe conocer.\",\"breadcrumb\":{\"@id\":\"https:\/\/www.celttv.com.ar\/index.php\/2014\/09\/24\/la-sociedad-italiana-festejo-un-nuevo-aniversario-de-su-fundacion-videos-y-notas\/#breadcrumb\"},\"inLanguage\":\"es\",\"potentialAction\":[{\"@type\":\"ReadAction\",\"target\":[\"https:\/\/www.celttv.com.ar\/index.php\/2014\/09\/24\/la-sociedad-italiana-festejo-un-nuevo-aniversario-de-su-fundacion-videos-y-notas\/\"]}]},{\"@type\":\"BreadcrumbList\",\"@id\":\"https:\/\/www.celttv.com.ar\/index.php\/2014\/09\/24\/la-sociedad-italiana-festejo-un-nuevo-aniversario-de-su-fundacion-videos-y-notas\/#breadcrumb\",\"itemListElement\":[{\"@type\":\"ListItem\",\"position\":1,\"name\":\"Inicio\",\"item\":\"https:\/\/www.celttv.com.ar\/\"},{\"@type\":\"ListItem\",\"position\":2,\"name\":\"LA SOCIEDAD ITALIANA FESTEJO UN NUEVO ANIVERSARIO DE SU FUNDACION (videos y notas)\"}]},{\"@type\":\"WebSite\",\"@id\":\"https:\/\/www.celttv.com.ar\/#website\",\"url\":\"https:\/\/www.celttv.com.ar\/\",\"name\":\"CELTTV\",\"description\":\"Cooperativa El\u00e9ctrica de Tornquist\",\"publisher\":{\"@id\":\"https:\/\/www.celttv.com.ar\/#organization\"},\"potentialAction\":[{\"@type\":\"SearchAction\",\"target\":{\"@type\":\"EntryPoint\",\"urlTemplate\":\"https:\/\/www.celttv.com.ar\/?s={search_term_string}\"},\"query-input\":\"required name=search_term_string\"}],\"inLanguage\":\"es\"},{\"@type\":\"Organization\",\"@id\":\"https:\/\/www.celttv.com.ar\/#organization\",\"name\":\"CELTTV\",\"url\":\"https:\/\/www.celttv.com.ar\/\",\"sameAs\":[\"https:\/\/www.youtube.com\/channel\/UCz_oIt8Hig64Ub-EmcNPIhg\",\"https:\/\/www.facebook.com\/celtTV\/\"],\"logo\":{\"@type\":\"ImageObject\",\"inLanguage\":\"es\",\"@id\":\"https:\/\/www.celttv.com.ar\/#\/schema\/logo\/image\/\",\"url\":\"http:\/\/www.celttv.com.ar\/wp-content\/uploads\/2022\/08\/logo-1.png\",\"contentUrl\":\"http:\/\/www.celttv.com.ar\/wp-content\/uploads\/2022\/08\/logo-1.png\",\"width\":461,\"height\":159,\"caption\":\"CELTTV\"},\"image\":{\"@id\":\"https:\/\/www.celttv.com.ar\/#\/schema\/logo\/image\/\"}},{\"@type\":\"Person\",\"@id\":\"https:\/\/www.celttv.com.ar\/#\/schema\/person\/6d99c072dba59953809c81446e9d0ace\",\"name\":\"ulises\",\"image\":{\"@type\":\"ImageObject\",\"inLanguage\":\"es\",\"@id\":\"https:\/\/www.celttv.com.ar\/#\/schema\/person\/image\/\",\"url\":\"https:\/\/secure.gravatar.com\/avatar\/7f2c48bdc33b30088f941fb6082e555f2874c98e20cb159d7b92b50eadfce793?s=96&d=mm&r=g\",\"contentUrl\":\"https:\/\/secure.gravatar.com\/avatar\/7f2c48bdc33b30088f941fb6082e555f2874c98e20cb159d7b92b50eadfce793?s=96&d=mm&r=g\",\"caption\":\"ulises\"},\"sameAs\":[\"http:\/\/www.celttv.com.ar\"]}]}<\/script>\n<!-- \/ Yoast SEO plugin. -->","yoast_head_json":{"title":"LA SOCIEDAD ITALIANA FESTEJO UN NUEVO ANIVERSARIO DE SU FUNDACION (videos y notas) - CELTTV","description":"Sitio web de noticias de la localidad de Tornquist, provincia de Buenos Aires, Rep\u00fablica Argentina. Contenido propio originado por periodistas de CELTTV, el canal de TV local de la Cooperativa El\u00e9ctrica de Tornquist. Turismo, Pol\u00edtica, Sociedad, Deporte, Cultura y todo el contenido de inter\u00e9s general que la gente del pueblo y la regi\u00f3n debe conocer.","robots":{"index":"index","follow":"follow","max-snippet":"max-snippet:-1","max-image-preview":"max-image-preview:large","max-video-preview":"max-video-preview:-1"},"canonical":"https:\/\/www.celttv.com.ar\/index.php\/2014\/09\/24\/la-sociedad-italiana-festejo-un-nuevo-aniversario-de-su-fundacion-videos-y-notas\/","og_locale":"es_ES","og_type":"article","og_title":"LA SOCIEDAD ITALIANA FESTEJO UN NUEVO ANIVERSARIO DE SU FUNDACION (videos y notas) - CELTTV","og_description":"Sitio web de noticias de la localidad de Tornquist, provincia de Buenos Aires, Rep\u00fablica Argentina. Contenido propio originado por periodistas de CELTTV, el canal de TV local de la Cooperativa El\u00e9ctrica de Tornquist. Turismo, Pol\u00edtica, Sociedad, Deporte, Cultura y todo el contenido de inter\u00e9s general que la gente del pueblo y la regi\u00f3n debe conocer.","og_url":"https:\/\/www.celttv.com.ar\/index.php\/2014\/09\/24\/la-sociedad-italiana-festejo-un-nuevo-aniversario-de-su-fundacion-videos-y-notas\/","og_site_name":"CELTTV","article_publisher":"https:\/\/www.facebook.com\/celtTV\/","article_published_time":"2014-09-24T02:30:27+00:00","author":"ulises","twitter_card":"summary_large_image","twitter_misc":{"Escrito por":"ulises","Tiempo de lectura":"2 minutos"},"schema":{"@context":"https:\/\/schema.org","@graph":[{"@type":"NewsArticle","@id":"https:\/\/www.celttv.com.ar\/index.php\/2014\/09\/24\/la-sociedad-italiana-festejo-un-nuevo-aniversario-de-su-fundacion-videos-y-notas\/#article","isPartOf":{"@id":"https:\/\/www.celttv.com.ar\/index.php\/2014\/09\/24\/la-sociedad-italiana-festejo-un-nuevo-aniversario-de-su-fundacion-videos-y-notas\/"},"author":{"name":"ulises","@id":"https:\/\/www.celttv.com.ar\/#\/schema\/person\/6d99c072dba59953809c81446e9d0ace"},"headline":"LA SOCIEDAD ITALIANA FESTEJO UN NUEVO ANIVERSARIO DE SU FUNDACION (videos y notas)","datePublished":"2014-09-24T02:30:27+00:00","dateModified":"2014-09-24T02:30:27+00:00","mainEntityOfPage":{"@id":"https:\/\/www.celttv.com.ar\/index.php\/2014\/09\/24\/la-sociedad-italiana-festejo-un-nuevo-aniversario-de-su-fundacion-videos-y-notas\/"},"wordCount":491,"publisher":{"@id":"https:\/\/www.celttv.com.ar\/#organization"},"articleSection":["Comunidad","Destacadas","Espect\u00e1culos","Videos Destacados"],"inLanguage":"es"},{"@type":"WebPage","@id":"https:\/\/www.celttv.com.ar\/index.php\/2014\/09\/24\/la-sociedad-italiana-festejo-un-nuevo-aniversario-de-su-fundacion-videos-y-notas\/","url":"https:\/\/www.celttv.com.ar\/index.php\/2014\/09\/24\/la-sociedad-italiana-festejo-un-nuevo-aniversario-de-su-fundacion-videos-y-notas\/","name":"LA SOCIEDAD ITALIANA FESTEJO UN NUEVO ANIVERSARIO DE SU FUNDACION (videos y notas) - CELTTV","isPartOf":{"@id":"https:\/\/www.celttv.com.ar\/#website"},"datePublished":"2014-09-24T02:30:27+00:00","dateModified":"2014-09-24T02:30:27+00:00","description":"Sitio web de noticias de la localidad de Tornquist, provincia de Buenos Aires, Rep\u00fablica Argentina. Contenido propio originado por periodistas de CELTTV, el canal de TV local de la Cooperativa El\u00e9ctrica de Tornquist. Turismo, Pol\u00edtica, Sociedad, Deporte, Cultura y todo el contenido de inter\u00e9s general que la gente del pueblo y la regi\u00f3n debe conocer.","breadcrumb":{"@id":"https:\/\/www.celttv.com.ar\/index.php\/2014\/09\/24\/la-sociedad-italiana-festejo-un-nuevo-aniversario-de-su-fundacion-videos-y-notas\/#breadcrumb"},"inLanguage":"es","potentialAction":[{"@type":"ReadAction","target":["https:\/\/www.celttv.com.ar\/index.php\/2014\/09\/24\/la-sociedad-italiana-festejo-un-nuevo-aniversario-de-su-fundacion-videos-y-notas\/"]}]},{"@type":"BreadcrumbList","@id":"https:\/\/www.celttv.com.ar\/index.php\/2014\/09\/24\/la-sociedad-italiana-festejo-un-nuevo-aniversario-de-su-fundacion-videos-y-notas\/#breadcrumb","itemListElement":[{"@type":"ListItem","position":1,"name":"Inicio","item":"https:\/\/www.celttv.com.ar\/"},{"@type":"ListItem","position":2,"name":"LA SOCIEDAD ITALIANA FESTEJO UN NUEVO ANIVERSARIO DE SU FUNDACION (videos y notas)"}]},{"@type":"WebSite","@id":"https:\/\/www.celttv.com.ar\/#website","url":"https:\/\/www.celttv.com.ar\/","name":"CELTTV","description":"Cooperativa El\u00e9ctrica de Tornquist","publisher":{"@id":"https:\/\/www.celttv.com.ar\/#organization"},"potentialAction":[{"@type":"SearchAction","target":{"@type":"EntryPoint","urlTemplate":"https:\/\/www.celttv.com.ar\/?s={search_term_string}"},"query-input":"required name=search_term_string"}],"inLanguage":"es"},{"@type":"Organization","@id":"https:\/\/www.celttv.com.ar\/#organization","name":"CELTTV","url":"https:\/\/www.celttv.com.ar\/","sameAs":["https:\/\/www.youtube.com\/channel\/UCz_oIt8Hig64Ub-EmcNPIhg","https:\/\/www.facebook.com\/celtTV\/"],"logo":{"@type":"ImageObject","inLanguage":"es","@id":"https:\/\/www.celttv.com.ar\/#\/schema\/logo\/image\/","url":"http:\/\/www.celttv.com.ar\/wp-content\/uploads\/2022\/08\/logo-1.png","contentUrl":"http:\/\/www.celttv.com.ar\/wp-content\/uploads\/2022\/08\/logo-1.png","width":461,"height":159,"caption":"CELTTV"},"image":{"@id":"https:\/\/www.celttv.com.ar\/#\/schema\/logo\/image\/"}},{"@type":"Person","@id":"https:\/\/www.celttv.com.ar\/#\/schema\/person\/6d99c072dba59953809c81446e9d0ace","name":"ulises","image":{"@type":"ImageObject","inLanguage":"es","@id":"https:\/\/www.celttv.com.ar\/#\/schema\/person\/image\/","url":"https:\/\/secure.gravatar.com\/avatar\/7f2c48bdc33b30088f941fb6082e555f2874c98e20cb159d7b92b50eadfce793?s=96&d=mm&r=g","contentUrl":"https:\/\/secure.gravatar.com\/avatar\/7f2c48bdc33b30088f941fb6082e555f2874c98e20cb159d7b92b50eadfce793?s=96&d=mm&r=g","caption":"ulises"},"sameAs":["http:\/\/www.celttv.com.ar"]}]}},"_links":{"self":[{"href":"https:\/\/www.celttv.com.ar\/index.php\/wp-json\/wp\/v2\/posts\/23779","targetHints":{"allow":["GET"]}}],"collection":[{"href":"https:\/\/www.celttv.com.ar\/index.php\/wp-json\/wp\/v2\/posts"}],"about":[{"href":"https:\/\/www.celttv.com.ar\/index.php\/wp-json\/wp\/v2\/types\/post"}],"author":[{"embeddable":true,"href":"https:\/\/www.celttv.com.ar\/index.php\/wp-json\/wp\/v2\/users\/1"}],"replies":[{"embeddable":true,"href":"https:\/\/www.celttv.com.ar\/index.php\/wp-json\/wp\/v2\/comments?post=23779"}],"version-history":[{"count":0,"href":"https:\/\/www.celttv.com.ar\/index.php\/wp-json\/wp\/v2\/posts\/23779\/revisions"}],"wp:attachment":[{"href":"https:\/\/www.celttv.com.ar\/index.php\/wp-json\/wp\/v2\/media?parent=23779"}],"wp:term":[{"taxonomy":"category","embeddable":true,"href":"https:\/\/www.celttv.com.ar\/index.php\/wp-json\/wp\/v2\/categories?post=23779"},{"taxonomy":"post_tag","embeddable":true,"href":"https:\/\/www.celttv.com.ar\/index.php\/wp-json\/wp\/v2\/tags?post=23779"}],"curies":[{"name":"wp","href":"https:\/\/api.w.org\/{rel}","templated":true}]}}