{"id":23790,"date":"2014-09-24T18:42:47","date_gmt":"2014-09-24T18:42:47","guid":{"rendered":"http:\/\/www.tvcnoticias.com.ar\/?p=23790"},"modified":"2014-09-24T18:42:47","modified_gmt":"2014-09-24T18:42:47","slug":"jr-no-queremos-mas-anuncios-la-vida-de-miles-de-bonaerenses-corre-riesgo","status":"publish","type":"post","link":"https:\/\/www.celttv.com.ar\/index.php\/2014\/09\/24\/jr-no-queremos-mas-anuncios-la-vida-de-miles-de-bonaerenses-corre-riesgo\/","title":{"rendered":"JR.: NO QUEREMOS MAS ANUNCIOS, LA VIDA DE MILES DE BONAERENSES CORRE RIESGO"},"content":{"rendered":"<p><img loading=\"lazy\" decoding=\"async\" class=\"aligncenter size-medium wp-image-23791\" title=\"1471 - ANUNCIOS CON BOMBOS Y PLATILLOS (Medium)\" src=\"http:\/\/www.tvcnoticias.com.ar\/wp-content\/uploads\/2014\/09\/1471-ANUNCIOS-CON-BOMBOS-Y-PLATILLOS-Medium-450x319.jpg\" alt=\"\" width=\"450\" height=\"319\" \/><br \/>\nAnuncios con bombos y platillos, promesas eternas, licitaciones y presupuestos millonarios, carteles gigantescos naranjas y celestes, postales de una provincia que aparenta ser \u201cactiva\u201d, una \u201cola naranja\u201d de millones de pesos en publicidad.<br \/>\n&nbsp;<br \/>\nComo todos sabemos a nuestro Distrito lo atraviesan dos rutas provinciales, la 76 y la 72. Lamentablemente las dos en p\u00e9simas condiciones, rutas por las cuales transitan vecinos del Distrito y miles de turistas por a\u00f1o.<br \/>\n&nbsp;<br \/>\nLa ruta Provincial N\u00ba 72 (tramo Saldungaray-Sierra de la Ventana), fue anunciada cuatro veces en 5 a\u00f1os por el actual Gobernador Daniel Scioli y el Intendente Municipal Gustavo Trankels.<br \/>\n&nbsp;<br \/>\nPasamos a detallar las promesas hasta ahora incumplidas:<br \/>\n<strong><br \/>\n<\/strong><br \/>\n<strong>17 de Junio de 2009<\/strong> se anunciaba la repavimentaci\u00f3n de la ruta Provincial 72 entre Saldungaray y Sierra de la Ventana por\u00a0 14,6 millones de pesos. El anuncio se llev\u00f3 a cabo en la sala de situaciones de la Municipalidad de Tornquist.<br \/>\n<strong><br \/>\n<\/strong><br \/>\n<strong>16 de Marzo de 2011<\/strong> se anunciaba la apertura de sobres para la repavimentaci\u00f3n de la Ruta Provincial 72 tramo Saldungaray-Sierra de la Ventana, con una inversi\u00f3n superior a los 14,6 millones de pesos y con financiamiento de la Naci\u00f3n.<br \/>\n<strong><br \/>\n<\/strong><br \/>\n<strong>22 Octubre 2013<\/strong>. En el marco de la presentaci\u00f3n del renovado hotel Provincial, el gobernador Daniel Scioli anunci\u00f3 que esta semana habr\u00e1 novedades sobre la reclamada repavimentaci\u00f3n de la ruta 72 en el tramo Sierra de la Ventana-acceso al cementerio de Saldungaray. &#8220;Estamos trabajando para mejorar la infraestructura de acceso a la comarca serrana. La ruta 72 est\u00e1 en nuestra agenda, por lo que esta semana se estar\u00e1 realizando la licitaci\u00f3n correspondiente&#8221;, se\u00f1al\u00f3 el primer mandatario provincial, en relaci\u00f3n a la repavimentaci\u00f3n del tramo, de poco m\u00e1s de 8 kil\u00f3metros de extensi\u00f3n.<br \/>\n<strong><br \/>\n<\/strong><br \/>\n<strong>J<\/strong><strong>ueves 21 de Noviembre de 2013. <\/strong>Se repavimentar\u00e1 un tramo rural y urbano de la Ruta 72 en<strong> <\/strong>Tornquist. La Plata.- El ministro de Infraestructura, Alejandro Arl\u00eda, junto al intendente de Tornquits, Gustavo Trankels, licitaron la obra \u201cRepavimentaci\u00f3n de la Ruta Provincial N\u00b0 72 en el tramo Saldungaray &#8211; Sierra de la Ventana &#8211; Pavimentaci\u00f3n en avenida Corrales y calles Gil, Sauce, Victoria y Pav\u00f3n, partido de Tornquist\u201d, cuyo presupuesto oficial supera los 28 millones de pesos y ser\u00e1 financiada \u2013a trav\u00e9s de un convenio\u2013 por la Direcci\u00f3n Nacional de Vialidad.<br \/>\nSe repavimentar\u00e1 un tramo rural y urbano de la Ruta 72 en Tornquist.<br \/>\nEl titular de Infraestructura, Arl\u00eda dijo \u201cesta es una ruta muy importante en materia tur\u00edstica y tambi\u00e9n para el uso cotidiano de los vecinos del Partido de Tornquinst Gracias al trabajo en conjunto entre Naci\u00f3n y Provincia, estamos realizando el proceso licitatorio para la obra de repavimentaci\u00f3n de la Ruta 72\u201d al tiempo que explic\u00f3 \u201cse trabajar\u00e1 en la estructura del pavimento, en el paso a nivel para aplicar un control autom\u00e1tico en el cruce de las v\u00edas, como as\u00ed tambi\u00e9n en obras hidr\u00e1ulicas, de iluminaci\u00f3n y en toda la se\u00f1alizaci\u00f3n horizontal y vertical correspondiente\u201d.\u00a0La obra de repavimentaci\u00f3n se divide en dos tramos: el primero Urbano de 22.300 m2 (Calle Corrales formado por dos calzadas de 7.00 m de ancho), J.B.Gil, (calzada de 8.00m ancho) y, Pav\u00f3n, Sauce y Victoria (en 7.00 m de ancho); y el segundo, Rural de 63.550 m2 (en 7.50 m de ancho).\u00a0<strong>Tendr\u00e1 un plazo de ejecuci\u00f3n de 180 d\u00edas, mientras que para su conservaci\u00f3n el plazo ser\u00e1 de 365 d\u00edas corridos a partir de su finalizaci\u00f3n.<\/strong><br \/>\n&nbsp;<br \/>\nTodos estos datos fueron extra\u00eddos de medios de comunicaci\u00f3n de la regi\u00f3n y la Provincia.<br \/>\nSe\u00f1or Intendente y se\u00f1or Gobernador exigimos la repavimentaci\u00f3n de la Ruta Provincial 72 y 76, no queremos m\u00e1s anuncios, la vida de miles de Bonaerenses corre riesgo al transitar est\u00e1s rutas.<br \/>\n&nbsp;<br \/>\n<strong>Juventud Radical Tornquist.<\/strong><br \/>\n&nbsp;<\/p>\n","protected":false},"excerpt":{"rendered":"<p>Anuncios con bombos y platillos, promesas eternas, licitaciones y presupuestos millonarios, carteles gigantescos naranjas y celestes, postales de una provincia que aparenta ser \u201cactiva\u201d, una \u201cola naranja\u201d de millones de pesos en publicidad. &nbsp; Como todos sabemos a nuestro Distrito lo atraviesan dos rutas provinciales, la 76 y la 72. Lamentablemente las dos en p\u00e9simas [&hellip;]<\/p>\n","protected":false},"author":1,"featured_media":0,"comment_status":"closed","ping_status":"open","sticky":false,"template":"","format":"standard","meta":{"footnotes":""},"categories":[51,52,53],"tags":[],"class_list":["post-23790","post","type-post","status-publish","format-standard","hentry","category-comunidad","category-destacadas","category-politica"],"yoast_head":"<!-- This site is optimized with the Yoast SEO plugin v19.7.1 - https:\/\/yoast.com\/wordpress\/plugins\/seo\/ -->\n<title>JR.: NO QUEREMOS MAS ANUNCIOS, LA VIDA DE MILES DE BONAERENSES CORRE RIESGO - CELTTV<\/title>\n<meta name=\"description\" content=\"Sitio web de noticias de la localidad de Tornquist, provincia de Buenos Aires, Rep\u00fablica Argentina. Contenido propio originado por periodistas de CELTTV, el canal de TV local de la Cooperativa El\u00e9ctrica de Tornquist. Turismo, Pol\u00edtica, Sociedad, Deporte, Cultura y todo el contenido de inter\u00e9s general que la gente del pueblo y la regi\u00f3n debe conocer.\" \/>\n<meta name=\"robots\" content=\"index, follow, max-snippet:-1, max-image-preview:large, max-video-preview:-1\" \/>\n<link rel=\"canonical\" href=\"https:\/\/www.celttv.com.ar\/index.php\/2014\/09\/24\/jr-no-queremos-mas-anuncios-la-vida-de-miles-de-bonaerenses-corre-riesgo\/\" \/>\n<meta property=\"og:locale\" content=\"es_ES\" \/>\n<meta property=\"og:type\" content=\"article\" \/>\n<meta property=\"og:title\" content=\"JR.: NO QUEREMOS MAS ANUNCIOS, LA VIDA DE MILES DE BONAERENSES CORRE RIESGO - CELTTV\" \/>\n<meta property=\"og:description\" content=\"Sitio web de noticias de la localidad de Tornquist, provincia de Buenos Aires, Rep\u00fablica Argentina. Contenido propio originado por periodistas de CELTTV, el canal de TV local de la Cooperativa El\u00e9ctrica de Tornquist. Turismo, Pol\u00edtica, Sociedad, Deporte, Cultura y todo el contenido de inter\u00e9s general que la gente del pueblo y la regi\u00f3n debe conocer.\" \/>\n<meta property=\"og:url\" content=\"https:\/\/www.celttv.com.ar\/index.php\/2014\/09\/24\/jr-no-queremos-mas-anuncios-la-vida-de-miles-de-bonaerenses-corre-riesgo\/\" \/>\n<meta property=\"og:site_name\" content=\"CELTTV\" \/>\n<meta property=\"article:publisher\" content=\"https:\/\/www.facebook.com\/celtTV\/\" \/>\n<meta property=\"article:published_time\" content=\"2014-09-24T18:42:47+00:00\" \/>\n<meta property=\"og:image\" content=\"http:\/\/www.tvcnoticias.com.ar\/wp-content\/uploads\/2014\/09\/1471-ANUNCIOS-CON-BOMBOS-Y-PLATILLOS-Medium-450x319.jpg\" \/>\n<meta name=\"author\" content=\"ulises\" \/>\n<meta name=\"twitter:card\" content=\"summary_large_image\" \/>\n<meta name=\"twitter:label1\" content=\"Escrito por\" \/>\n\t<meta name=\"twitter:data1\" content=\"ulises\" \/>\n\t<meta name=\"twitter:label2\" content=\"Tiempo de lectura\" \/>\n\t<meta name=\"twitter:data2\" content=\"3 minutos\" \/>\n<script type=\"application\/ld+json\" class=\"yoast-schema-graph\">{\"@context\":\"https:\/\/schema.org\",\"@graph\":[{\"@type\":\"NewsArticle\",\"@id\":\"https:\/\/www.celttv.com.ar\/index.php\/2014\/09\/24\/jr-no-queremos-mas-anuncios-la-vida-de-miles-de-bonaerenses-corre-riesgo\/#article\",\"isPartOf\":{\"@id\":\"https:\/\/www.celttv.com.ar\/index.php\/2014\/09\/24\/jr-no-queremos-mas-anuncios-la-vida-de-miles-de-bonaerenses-corre-riesgo\/\"},\"author\":{\"name\":\"ulises\",\"@id\":\"https:\/\/www.celttv.com.ar\/#\/schema\/person\/6d99c072dba59953809c81446e9d0ace\"},\"headline\":\"JR.: NO QUEREMOS MAS ANUNCIOS, LA VIDA DE MILES DE BONAERENSES CORRE RIESGO\",\"datePublished\":\"2014-09-24T18:42:47+00:00\",\"dateModified\":\"2014-09-24T18:42:47+00:00\",\"mainEntityOfPage\":{\"@id\":\"https:\/\/www.celttv.com.ar\/index.php\/2014\/09\/24\/jr-no-queremos-mas-anuncios-la-vida-de-miles-de-bonaerenses-corre-riesgo\/\"},\"wordCount\":644,\"publisher\":{\"@id\":\"https:\/\/www.celttv.com.ar\/#organization\"},\"articleSection\":[\"Comunidad\",\"Destacadas\",\"Pol\u00edtica\"],\"inLanguage\":\"es\"},{\"@type\":\"WebPage\",\"@id\":\"https:\/\/www.celttv.com.ar\/index.php\/2014\/09\/24\/jr-no-queremos-mas-anuncios-la-vida-de-miles-de-bonaerenses-corre-riesgo\/\",\"url\":\"https:\/\/www.celttv.com.ar\/index.php\/2014\/09\/24\/jr-no-queremos-mas-anuncios-la-vida-de-miles-de-bonaerenses-corre-riesgo\/\",\"name\":\"JR.: NO QUEREMOS MAS ANUNCIOS, LA VIDA DE MILES DE BONAERENSES CORRE RIESGO - CELTTV\",\"isPartOf\":{\"@id\":\"https:\/\/www.celttv.com.ar\/#website\"},\"datePublished\":\"2014-09-24T18:42:47+00:00\",\"dateModified\":\"2014-09-24T18:42:47+00:00\",\"description\":\"Sitio web de noticias de la localidad de Tornquist, provincia de Buenos Aires, Rep\u00fablica Argentina. Contenido propio originado por periodistas de CELTTV, el canal de TV local de la Cooperativa El\u00e9ctrica de Tornquist. Turismo, Pol\u00edtica, Sociedad, Deporte, Cultura y todo el contenido de inter\u00e9s general que la gente del pueblo y la regi\u00f3n debe conocer.\",\"breadcrumb\":{\"@id\":\"https:\/\/www.celttv.com.ar\/index.php\/2014\/09\/24\/jr-no-queremos-mas-anuncios-la-vida-de-miles-de-bonaerenses-corre-riesgo\/#breadcrumb\"},\"inLanguage\":\"es\",\"potentialAction\":[{\"@type\":\"ReadAction\",\"target\":[\"https:\/\/www.celttv.com.ar\/index.php\/2014\/09\/24\/jr-no-queremos-mas-anuncios-la-vida-de-miles-de-bonaerenses-corre-riesgo\/\"]}]},{\"@type\":\"BreadcrumbList\",\"@id\":\"https:\/\/www.celttv.com.ar\/index.php\/2014\/09\/24\/jr-no-queremos-mas-anuncios-la-vida-de-miles-de-bonaerenses-corre-riesgo\/#breadcrumb\",\"itemListElement\":[{\"@type\":\"ListItem\",\"position\":1,\"name\":\"Inicio\",\"item\":\"https:\/\/www.celttv.com.ar\/\"},{\"@type\":\"ListItem\",\"position\":2,\"name\":\"JR.: NO QUEREMOS MAS ANUNCIOS, LA VIDA DE MILES DE BONAERENSES CORRE RIESGO\"}]},{\"@type\":\"WebSite\",\"@id\":\"https:\/\/www.celttv.com.ar\/#website\",\"url\":\"https:\/\/www.celttv.com.ar\/\",\"name\":\"CELTTV\",\"description\":\"Cooperativa El\u00e9ctrica de Tornquist\",\"publisher\":{\"@id\":\"https:\/\/www.celttv.com.ar\/#organization\"},\"potentialAction\":[{\"@type\":\"SearchAction\",\"target\":{\"@type\":\"EntryPoint\",\"urlTemplate\":\"https:\/\/www.celttv.com.ar\/?s={search_term_string}\"},\"query-input\":\"required name=search_term_string\"}],\"inLanguage\":\"es\"},{\"@type\":\"Organization\",\"@id\":\"https:\/\/www.celttv.com.ar\/#organization\",\"name\":\"CELTTV\",\"url\":\"https:\/\/www.celttv.com.ar\/\",\"sameAs\":[\"https:\/\/www.youtube.com\/channel\/UCz_oIt8Hig64Ub-EmcNPIhg\",\"https:\/\/www.facebook.com\/celtTV\/\"],\"logo\":{\"@type\":\"ImageObject\",\"inLanguage\":\"es\",\"@id\":\"https:\/\/www.celttv.com.ar\/#\/schema\/logo\/image\/\",\"url\":\"http:\/\/www.celttv.com.ar\/wp-content\/uploads\/2022\/08\/logo-1.png\",\"contentUrl\":\"http:\/\/www.celttv.com.ar\/wp-content\/uploads\/2022\/08\/logo-1.png\",\"width\":461,\"height\":159,\"caption\":\"CELTTV\"},\"image\":{\"@id\":\"https:\/\/www.celttv.com.ar\/#\/schema\/logo\/image\/\"}},{\"@type\":\"Person\",\"@id\":\"https:\/\/www.celttv.com.ar\/#\/schema\/person\/6d99c072dba59953809c81446e9d0ace\",\"name\":\"ulises\",\"image\":{\"@type\":\"ImageObject\",\"inLanguage\":\"es\",\"@id\":\"https:\/\/www.celttv.com.ar\/#\/schema\/person\/image\/\",\"url\":\"https:\/\/secure.gravatar.com\/avatar\/7f2c48bdc33b30088f941fb6082e555f2874c98e20cb159d7b92b50eadfce793?s=96&d=mm&r=g\",\"contentUrl\":\"https:\/\/secure.gravatar.com\/avatar\/7f2c48bdc33b30088f941fb6082e555f2874c98e20cb159d7b92b50eadfce793?s=96&d=mm&r=g\",\"caption\":\"ulises\"},\"sameAs\":[\"http:\/\/www.celttv.com.ar\"]}]}<\/script>\n<!-- \/ Yoast SEO plugin. -->","yoast_head_json":{"title":"JR.: NO QUEREMOS MAS ANUNCIOS, LA VIDA DE MILES DE BONAERENSES CORRE RIESGO - CELTTV","description":"Sitio web de noticias de la localidad de Tornquist, provincia de Buenos Aires, Rep\u00fablica Argentina. Contenido propio originado por periodistas de CELTTV, el canal de TV local de la Cooperativa El\u00e9ctrica de Tornquist. Turismo, Pol\u00edtica, Sociedad, Deporte, Cultura y todo el contenido de inter\u00e9s general que la gente del pueblo y la regi\u00f3n debe conocer.","robots":{"index":"index","follow":"follow","max-snippet":"max-snippet:-1","max-image-preview":"max-image-preview:large","max-video-preview":"max-video-preview:-1"},"canonical":"https:\/\/www.celttv.com.ar\/index.php\/2014\/09\/24\/jr-no-queremos-mas-anuncios-la-vida-de-miles-de-bonaerenses-corre-riesgo\/","og_locale":"es_ES","og_type":"article","og_title":"JR.: NO QUEREMOS MAS ANUNCIOS, LA VIDA DE MILES DE BONAERENSES CORRE RIESGO - CELTTV","og_description":"Sitio web de noticias de la localidad de Tornquist, provincia de Buenos Aires, Rep\u00fablica Argentina. Contenido propio originado por periodistas de CELTTV, el canal de TV local de la Cooperativa El\u00e9ctrica de Tornquist. Turismo, Pol\u00edtica, Sociedad, Deporte, Cultura y todo el contenido de inter\u00e9s general que la gente del pueblo y la regi\u00f3n debe conocer.","og_url":"https:\/\/www.celttv.com.ar\/index.php\/2014\/09\/24\/jr-no-queremos-mas-anuncios-la-vida-de-miles-de-bonaerenses-corre-riesgo\/","og_site_name":"CELTTV","article_publisher":"https:\/\/www.facebook.com\/celtTV\/","article_published_time":"2014-09-24T18:42:47+00:00","og_image":[{"url":"http:\/\/www.tvcnoticias.com.ar\/wp-content\/uploads\/2014\/09\/1471-ANUNCIOS-CON-BOMBOS-Y-PLATILLOS-Medium-450x319.jpg"}],"author":"ulises","twitter_card":"summary_large_image","twitter_misc":{"Escrito por":"ulises","Tiempo de lectura":"3 minutos"},"schema":{"@context":"https:\/\/schema.org","@graph":[{"@type":"NewsArticle","@id":"https:\/\/www.celttv.com.ar\/index.php\/2014\/09\/24\/jr-no-queremos-mas-anuncios-la-vida-de-miles-de-bonaerenses-corre-riesgo\/#article","isPartOf":{"@id":"https:\/\/www.celttv.com.ar\/index.php\/2014\/09\/24\/jr-no-queremos-mas-anuncios-la-vida-de-miles-de-bonaerenses-corre-riesgo\/"},"author":{"name":"ulises","@id":"https:\/\/www.celttv.com.ar\/#\/schema\/person\/6d99c072dba59953809c81446e9d0ace"},"headline":"JR.: NO QUEREMOS MAS ANUNCIOS, LA VIDA DE MILES DE BONAERENSES CORRE RIESGO","datePublished":"2014-09-24T18:42:47+00:00","dateModified":"2014-09-24T18:42:47+00:00","mainEntityOfPage":{"@id":"https:\/\/www.celttv.com.ar\/index.php\/2014\/09\/24\/jr-no-queremos-mas-anuncios-la-vida-de-miles-de-bonaerenses-corre-riesgo\/"},"wordCount":644,"publisher":{"@id":"https:\/\/www.celttv.com.ar\/#organization"},"articleSection":["Comunidad","Destacadas","Pol\u00edtica"],"inLanguage":"es"},{"@type":"WebPage","@id":"https:\/\/www.celttv.com.ar\/index.php\/2014\/09\/24\/jr-no-queremos-mas-anuncios-la-vida-de-miles-de-bonaerenses-corre-riesgo\/","url":"https:\/\/www.celttv.com.ar\/index.php\/2014\/09\/24\/jr-no-queremos-mas-anuncios-la-vida-de-miles-de-bonaerenses-corre-riesgo\/","name":"JR.: NO QUEREMOS MAS ANUNCIOS, LA VIDA DE MILES DE BONAERENSES CORRE RIESGO - CELTTV","isPartOf":{"@id":"https:\/\/www.celttv.com.ar\/#website"},"datePublished":"2014-09-24T18:42:47+00:00","dateModified":"2014-09-24T18:42:47+00:00","description":"Sitio web de noticias de la localidad de Tornquist, provincia de Buenos Aires, Rep\u00fablica Argentina. Contenido propio originado por periodistas de CELTTV, el canal de TV local de la Cooperativa El\u00e9ctrica de Tornquist. Turismo, Pol\u00edtica, Sociedad, Deporte, Cultura y todo el contenido de inter\u00e9s general que la gente del pueblo y la regi\u00f3n debe conocer.","breadcrumb":{"@id":"https:\/\/www.celttv.com.ar\/index.php\/2014\/09\/24\/jr-no-queremos-mas-anuncios-la-vida-de-miles-de-bonaerenses-corre-riesgo\/#breadcrumb"},"inLanguage":"es","potentialAction":[{"@type":"ReadAction","target":["https:\/\/www.celttv.com.ar\/index.php\/2014\/09\/24\/jr-no-queremos-mas-anuncios-la-vida-de-miles-de-bonaerenses-corre-riesgo\/"]}]},{"@type":"BreadcrumbList","@id":"https:\/\/www.celttv.com.ar\/index.php\/2014\/09\/24\/jr-no-queremos-mas-anuncios-la-vida-de-miles-de-bonaerenses-corre-riesgo\/#breadcrumb","itemListElement":[{"@type":"ListItem","position":1,"name":"Inicio","item":"https:\/\/www.celttv.com.ar\/"},{"@type":"ListItem","position":2,"name":"JR.: NO QUEREMOS MAS ANUNCIOS, LA VIDA DE MILES DE BONAERENSES CORRE RIESGO"}]},{"@type":"WebSite","@id":"https:\/\/www.celttv.com.ar\/#website","url":"https:\/\/www.celttv.com.ar\/","name":"CELTTV","description":"Cooperativa El\u00e9ctrica de Tornquist","publisher":{"@id":"https:\/\/www.celttv.com.ar\/#organization"},"potentialAction":[{"@type":"SearchAction","target":{"@type":"EntryPoint","urlTemplate":"https:\/\/www.celttv.com.ar\/?s={search_term_string}"},"query-input":"required name=search_term_string"}],"inLanguage":"es"},{"@type":"Organization","@id":"https:\/\/www.celttv.com.ar\/#organization","name":"CELTTV","url":"https:\/\/www.celttv.com.ar\/","sameAs":["https:\/\/www.youtube.com\/channel\/UCz_oIt8Hig64Ub-EmcNPIhg","https:\/\/www.facebook.com\/celtTV\/"],"logo":{"@type":"ImageObject","inLanguage":"es","@id":"https:\/\/www.celttv.com.ar\/#\/schema\/logo\/image\/","url":"http:\/\/www.celttv.com.ar\/wp-content\/uploads\/2022\/08\/logo-1.png","contentUrl":"http:\/\/www.celttv.com.ar\/wp-content\/uploads\/2022\/08\/logo-1.png","width":461,"height":159,"caption":"CELTTV"},"image":{"@id":"https:\/\/www.celttv.com.ar\/#\/schema\/logo\/image\/"}},{"@type":"Person","@id":"https:\/\/www.celttv.com.ar\/#\/schema\/person\/6d99c072dba59953809c81446e9d0ace","name":"ulises","image":{"@type":"ImageObject","inLanguage":"es","@id":"https:\/\/www.celttv.com.ar\/#\/schema\/person\/image\/","url":"https:\/\/secure.gravatar.com\/avatar\/7f2c48bdc33b30088f941fb6082e555f2874c98e20cb159d7b92b50eadfce793?s=96&d=mm&r=g","contentUrl":"https:\/\/secure.gravatar.com\/avatar\/7f2c48bdc33b30088f941fb6082e555f2874c98e20cb159d7b92b50eadfce793?s=96&d=mm&r=g","caption":"ulises"},"sameAs":["http:\/\/www.celttv.com.ar"]}]}},"_links":{"self":[{"href":"https:\/\/www.celttv.com.ar\/index.php\/wp-json\/wp\/v2\/posts\/23790","targetHints":{"allow":["GET"]}}],"collection":[{"href":"https:\/\/www.celttv.com.ar\/index.php\/wp-json\/wp\/v2\/posts"}],"about":[{"href":"https:\/\/www.celttv.com.ar\/index.php\/wp-json\/wp\/v2\/types\/post"}],"author":[{"embeddable":true,"href":"https:\/\/www.celttv.com.ar\/index.php\/wp-json\/wp\/v2\/users\/1"}],"replies":[{"embeddable":true,"href":"https:\/\/www.celttv.com.ar\/index.php\/wp-json\/wp\/v2\/comments?post=23790"}],"version-history":[{"count":0,"href":"https:\/\/www.celttv.com.ar\/index.php\/wp-json\/wp\/v2\/posts\/23790\/revisions"}],"wp:attachment":[{"href":"https:\/\/www.celttv.com.ar\/index.php\/wp-json\/wp\/v2\/media?parent=23790"}],"wp:term":[{"taxonomy":"category","embeddable":true,"href":"https:\/\/www.celttv.com.ar\/index.php\/wp-json\/wp\/v2\/categories?post=23790"},{"taxonomy":"post_tag","embeddable":true,"href":"https:\/\/www.celttv.com.ar\/index.php\/wp-json\/wp\/v2\/tags?post=23790"}],"curies":[{"name":"wp","href":"https:\/\/api.w.org\/{rel}","templated":true}]}}