{"id":23794,"date":"2014-09-24T19:10:20","date_gmt":"2014-09-24T19:10:20","guid":{"rendered":"http:\/\/www.tvcnoticias.com.ar\/?p=23794"},"modified":"2014-09-24T19:10:20","modified_gmt":"2014-09-24T19:10:20","slug":"el-club-atletico-ventana-continua-cristalizando-su-sueno","status":"publish","type":"post","link":"https:\/\/www.celttv.com.ar\/index.php\/2014\/09\/24\/el-club-atletico-ventana-continua-cristalizando-su-sueno\/","title":{"rendered":"EL CLUB ATLETICO VENTANA CONTINUA CRISTALIZANDO SU SUE\u00d1O"},"content":{"rendered":"<p><img loading=\"lazy\" decoding=\"async\" class=\"aligncenter size-medium wp-image-23796\" title=\"DSCN7327 (1024x768) (Medium)\" src=\"http:\/\/www.tvcnoticias.com.ar\/wp-content\/uploads\/2014\/09\/DSCN7327-1024x768-Medium-450x337.jpg\" alt=\"\" width=\"450\" height=\"337\" \/><br \/>\nCon el objetivo de continuar avanzando con las obras de infraestructura que se vienen ejecutando en la instituci\u00f3n, el intendente municipal, licenciado Gustavo Trankels, le entreg\u00f3 dos importantes subsidios al Club Atl\u00e9tico Ventana.<br \/>\nLos cheques con los importes correspondientes fueron recibidos por el presidente de la entidad, doctor Gustavo D\u00edaz, en el marco de una reuni\u00f3n de la cual tambi\u00e9n participaron integrantes de la subcomisi\u00f3n de f\u00fatbol.<br \/>\nEl aporte principal ser\u00e1 utilizado para afrontar el costo de parte del techado del gimnasio que el club est\u00e1 construyendo en su sede central, un viejo anhelo no s\u00f3lo de los integrantes de la comunidad de la instituci\u00f3n, sino tambi\u00e9n de todos los ventanenses.<br \/>\n\u201cEntendemos la importancia que tiene para la localidad esta obra que se est\u00e1 construyendo en el Club Ventana, debido a que permitir\u00e1 mejorar las prestaciones para los cientos de chicos que concurren semanalmente a practicar las diferentes actividades. Desde nuestra gesti\u00f3n de gobierno municipal consideramos de vital trascendencia el rol que cumplen los clubes para el desarrollo de la sociedad\u201d, explic\u00f3 Trankels.<br \/>\nAdem\u00e1s del importe que ser\u00e1 utilizado para comenzar con el techado del importante espacio, ubicado en la parte posterior del predio, el intendente entreg\u00f3 otro valor para la construcci\u00f3n de una perforaci\u00f3n para extracci\u00f3n de agua en el predio en donde se est\u00e1 trabajando en la nueva cancha de f\u00fatbol.<br \/>\nEste popular deporte regres\u00f3 a la entidad despu\u00e9s de muchos a\u00f1os de ausencia. En la presente temporada, el Club Ventana comenz\u00f3 a jugar, en Primera Divisi\u00f3n, el campeonato\u00a0 de la Liga Pringlense de F\u00fatbol, tal como hab\u00eda sucedido en sus inicios.<br \/>\nPara el desarrollo de la actividad, cuenta con una subcomisi\u00f3n que viene trabajando en pos de poder contar con un campo deportivo. Y la cristalizaci\u00f3n de la perforaci\u00f3n resulta vital para sembrar la misma.<br \/>\n\u201cNotamos que los chicos est\u00e1n muy comprometidos con el deporte y las actividades que se desarrollan en el club. La cancha de f\u00fatbol contribuir\u00e1 al crecimiento institucional y mejorar\u00e1 las instalaciones. Nuestra gesti\u00f3n de gobierno municipal considera fundamental el apoyo y fortalecimiento de las instituciones del distrito\u201d, explic\u00f3 Trankels.<br \/>\n\u201cFelicito a los integrantes del club que se comprometen y trabajan todos los d\u00edas para el desarrollo de la instituci\u00f3n. Para nosotros es un gusto poder acompa\u00f1arlos con los objetivos que se plantearon\u201d, a\u00f1adi\u00f3.<br \/>\n&nbsp;<\/p>\n","protected":false},"excerpt":{"rendered":"<p>Con el objetivo de continuar avanzando con las obras de infraestructura que se vienen ejecutando en la instituci\u00f3n, el intendente municipal, licenciado Gustavo Trankels, le entreg\u00f3 dos importantes subsidios al Club Atl\u00e9tico Ventana. Los cheques con los importes correspondientes fueron recibidos por el presidente de la entidad, doctor Gustavo D\u00edaz, en el marco de una [&hellip;]<\/p>\n","protected":false},"author":1,"featured_media":0,"comment_status":"closed","ping_status":"open","sticky":false,"template":"","format":"standard","meta":{"footnotes":""},"categories":[51,60,52,53],"tags":[],"class_list":["post-23794","post","type-post","status-publish","format-standard","hentry","category-comunidad","category-deporte","category-destacadas","category-politica"],"yoast_head":"<!-- This site is optimized with the Yoast SEO plugin v19.7.1 - https:\/\/yoast.com\/wordpress\/plugins\/seo\/ -->\n<title>EL CLUB ATLETICO VENTANA CONTINUA CRISTALIZANDO SU SUE\u00d1O - CELTTV<\/title>\n<meta name=\"description\" content=\"Sitio web de noticias de la localidad de Tornquist, provincia de Buenos Aires, Rep\u00fablica Argentina. Contenido propio originado por periodistas de CELTTV, el canal de TV local de la Cooperativa El\u00e9ctrica de Tornquist. Turismo, Pol\u00edtica, Sociedad, Deporte, Cultura y todo el contenido de inter\u00e9s general que la gente del pueblo y la regi\u00f3n debe conocer.\" \/>\n<meta name=\"robots\" content=\"index, follow, max-snippet:-1, max-image-preview:large, max-video-preview:-1\" \/>\n<link rel=\"canonical\" href=\"https:\/\/www.celttv.com.ar\/index.php\/2014\/09\/24\/el-club-atletico-ventana-continua-cristalizando-su-sueno\/\" \/>\n<meta property=\"og:locale\" content=\"es_ES\" \/>\n<meta property=\"og:type\" content=\"article\" \/>\n<meta property=\"og:title\" content=\"EL CLUB ATLETICO VENTANA CONTINUA CRISTALIZANDO SU SUE\u00d1O - CELTTV\" \/>\n<meta property=\"og:description\" content=\"Sitio web de noticias de la localidad de Tornquist, provincia de Buenos Aires, Rep\u00fablica Argentina. Contenido propio originado por periodistas de CELTTV, el canal de TV local de la Cooperativa El\u00e9ctrica de Tornquist. Turismo, Pol\u00edtica, Sociedad, Deporte, Cultura y todo el contenido de inter\u00e9s general que la gente del pueblo y la regi\u00f3n debe conocer.\" \/>\n<meta property=\"og:url\" content=\"https:\/\/www.celttv.com.ar\/index.php\/2014\/09\/24\/el-club-atletico-ventana-continua-cristalizando-su-sueno\/\" \/>\n<meta property=\"og:site_name\" content=\"CELTTV\" \/>\n<meta property=\"article:publisher\" content=\"https:\/\/www.facebook.com\/celtTV\/\" \/>\n<meta property=\"article:published_time\" content=\"2014-09-24T19:10:20+00:00\" \/>\n<meta property=\"og:image\" content=\"http:\/\/www.tvcnoticias.com.ar\/wp-content\/uploads\/2014\/09\/DSCN7327-1024x768-Medium-450x337.jpg\" \/>\n<meta name=\"author\" content=\"ulises\" \/>\n<meta name=\"twitter:card\" content=\"summary_large_image\" \/>\n<meta name=\"twitter:label1\" content=\"Escrito por\" \/>\n\t<meta name=\"twitter:data1\" content=\"ulises\" \/>\n\t<meta name=\"twitter:label2\" content=\"Tiempo de lectura\" \/>\n\t<meta name=\"twitter:data2\" content=\"2 minutos\" \/>\n<script type=\"application\/ld+json\" class=\"yoast-schema-graph\">{\"@context\":\"https:\/\/schema.org\",\"@graph\":[{\"@type\":\"NewsArticle\",\"@id\":\"https:\/\/www.celttv.com.ar\/index.php\/2014\/09\/24\/el-club-atletico-ventana-continua-cristalizando-su-sueno\/#article\",\"isPartOf\":{\"@id\":\"https:\/\/www.celttv.com.ar\/index.php\/2014\/09\/24\/el-club-atletico-ventana-continua-cristalizando-su-sueno\/\"},\"author\":{\"name\":\"ulises\",\"@id\":\"https:\/\/www.celttv.com.ar\/#\/schema\/person\/6d99c072dba59953809c81446e9d0ace\"},\"headline\":\"EL CLUB ATLETICO VENTANA CONTINUA CRISTALIZANDO SU SUE\u00d1O\",\"datePublished\":\"2014-09-24T19:10:20+00:00\",\"dateModified\":\"2014-09-24T19:10:20+00:00\",\"mainEntityOfPage\":{\"@id\":\"https:\/\/www.celttv.com.ar\/index.php\/2014\/09\/24\/el-club-atletico-ventana-continua-cristalizando-su-sueno\/\"},\"wordCount\":426,\"publisher\":{\"@id\":\"https:\/\/www.celttv.com.ar\/#organization\"},\"articleSection\":[\"Comunidad\",\"Deporte\",\"Destacadas\",\"Pol\u00edtica\"],\"inLanguage\":\"es\"},{\"@type\":\"WebPage\",\"@id\":\"https:\/\/www.celttv.com.ar\/index.php\/2014\/09\/24\/el-club-atletico-ventana-continua-cristalizando-su-sueno\/\",\"url\":\"https:\/\/www.celttv.com.ar\/index.php\/2014\/09\/24\/el-club-atletico-ventana-continua-cristalizando-su-sueno\/\",\"name\":\"EL CLUB ATLETICO VENTANA CONTINUA CRISTALIZANDO SU SUE\u00d1O - CELTTV\",\"isPartOf\":{\"@id\":\"https:\/\/www.celttv.com.ar\/#website\"},\"datePublished\":\"2014-09-24T19:10:20+00:00\",\"dateModified\":\"2014-09-24T19:10:20+00:00\",\"description\":\"Sitio web de noticias de la localidad de Tornquist, provincia de Buenos Aires, Rep\u00fablica Argentina. Contenido propio originado por periodistas de CELTTV, el canal de TV local de la Cooperativa El\u00e9ctrica de Tornquist. Turismo, Pol\u00edtica, Sociedad, Deporte, Cultura y todo el contenido de inter\u00e9s general que la gente del pueblo y la regi\u00f3n debe conocer.\",\"breadcrumb\":{\"@id\":\"https:\/\/www.celttv.com.ar\/index.php\/2014\/09\/24\/el-club-atletico-ventana-continua-cristalizando-su-sueno\/#breadcrumb\"},\"inLanguage\":\"es\",\"potentialAction\":[{\"@type\":\"ReadAction\",\"target\":[\"https:\/\/www.celttv.com.ar\/index.php\/2014\/09\/24\/el-club-atletico-ventana-continua-cristalizando-su-sueno\/\"]}]},{\"@type\":\"BreadcrumbList\",\"@id\":\"https:\/\/www.celttv.com.ar\/index.php\/2014\/09\/24\/el-club-atletico-ventana-continua-cristalizando-su-sueno\/#breadcrumb\",\"itemListElement\":[{\"@type\":\"ListItem\",\"position\":1,\"name\":\"Inicio\",\"item\":\"https:\/\/www.celttv.com.ar\/\"},{\"@type\":\"ListItem\",\"position\":2,\"name\":\"EL CLUB ATLETICO VENTANA CONTINUA CRISTALIZANDO SU SUE\u00d1O\"}]},{\"@type\":\"WebSite\",\"@id\":\"https:\/\/www.celttv.com.ar\/#website\",\"url\":\"https:\/\/www.celttv.com.ar\/\",\"name\":\"CELTTV\",\"description\":\"Cooperativa El\u00e9ctrica de Tornquist\",\"publisher\":{\"@id\":\"https:\/\/www.celttv.com.ar\/#organization\"},\"potentialAction\":[{\"@type\":\"SearchAction\",\"target\":{\"@type\":\"EntryPoint\",\"urlTemplate\":\"https:\/\/www.celttv.com.ar\/?s={search_term_string}\"},\"query-input\":\"required name=search_term_string\"}],\"inLanguage\":\"es\"},{\"@type\":\"Organization\",\"@id\":\"https:\/\/www.celttv.com.ar\/#organization\",\"name\":\"CELTTV\",\"url\":\"https:\/\/www.celttv.com.ar\/\",\"sameAs\":[\"https:\/\/www.youtube.com\/channel\/UCz_oIt8Hig64Ub-EmcNPIhg\",\"https:\/\/www.facebook.com\/celtTV\/\"],\"logo\":{\"@type\":\"ImageObject\",\"inLanguage\":\"es\",\"@id\":\"https:\/\/www.celttv.com.ar\/#\/schema\/logo\/image\/\",\"url\":\"http:\/\/www.celttv.com.ar\/wp-content\/uploads\/2022\/08\/logo-1.png\",\"contentUrl\":\"http:\/\/www.celttv.com.ar\/wp-content\/uploads\/2022\/08\/logo-1.png\",\"width\":461,\"height\":159,\"caption\":\"CELTTV\"},\"image\":{\"@id\":\"https:\/\/www.celttv.com.ar\/#\/schema\/logo\/image\/\"}},{\"@type\":\"Person\",\"@id\":\"https:\/\/www.celttv.com.ar\/#\/schema\/person\/6d99c072dba59953809c81446e9d0ace\",\"name\":\"ulises\",\"image\":{\"@type\":\"ImageObject\",\"inLanguage\":\"es\",\"@id\":\"https:\/\/www.celttv.com.ar\/#\/schema\/person\/image\/\",\"url\":\"https:\/\/secure.gravatar.com\/avatar\/7f2c48bdc33b30088f941fb6082e555f2874c98e20cb159d7b92b50eadfce793?s=96&d=mm&r=g\",\"contentUrl\":\"https:\/\/secure.gravatar.com\/avatar\/7f2c48bdc33b30088f941fb6082e555f2874c98e20cb159d7b92b50eadfce793?s=96&d=mm&r=g\",\"caption\":\"ulises\"},\"sameAs\":[\"http:\/\/www.celttv.com.ar\"]}]}<\/script>\n<!-- \/ Yoast SEO plugin. -->","yoast_head_json":{"title":"EL CLUB ATLETICO VENTANA CONTINUA CRISTALIZANDO SU SUE\u00d1O - CELTTV","description":"Sitio web de noticias de la localidad de Tornquist, provincia de Buenos Aires, Rep\u00fablica Argentina. Contenido propio originado por periodistas de CELTTV, el canal de TV local de la Cooperativa El\u00e9ctrica de Tornquist. Turismo, Pol\u00edtica, Sociedad, Deporte, Cultura y todo el contenido de inter\u00e9s general que la gente del pueblo y la regi\u00f3n debe conocer.","robots":{"index":"index","follow":"follow","max-snippet":"max-snippet:-1","max-image-preview":"max-image-preview:large","max-video-preview":"max-video-preview:-1"},"canonical":"https:\/\/www.celttv.com.ar\/index.php\/2014\/09\/24\/el-club-atletico-ventana-continua-cristalizando-su-sueno\/","og_locale":"es_ES","og_type":"article","og_title":"EL CLUB ATLETICO VENTANA CONTINUA CRISTALIZANDO SU SUE\u00d1O - CELTTV","og_description":"Sitio web de noticias de la localidad de Tornquist, provincia de Buenos Aires, Rep\u00fablica Argentina. Contenido propio originado por periodistas de CELTTV, el canal de TV local de la Cooperativa El\u00e9ctrica de Tornquist. Turismo, Pol\u00edtica, Sociedad, Deporte, Cultura y todo el contenido de inter\u00e9s general que la gente del pueblo y la regi\u00f3n debe conocer.","og_url":"https:\/\/www.celttv.com.ar\/index.php\/2014\/09\/24\/el-club-atletico-ventana-continua-cristalizando-su-sueno\/","og_site_name":"CELTTV","article_publisher":"https:\/\/www.facebook.com\/celtTV\/","article_published_time":"2014-09-24T19:10:20+00:00","og_image":[{"url":"http:\/\/www.tvcnoticias.com.ar\/wp-content\/uploads\/2014\/09\/DSCN7327-1024x768-Medium-450x337.jpg"}],"author":"ulises","twitter_card":"summary_large_image","twitter_misc":{"Escrito por":"ulises","Tiempo de lectura":"2 minutos"},"schema":{"@context":"https:\/\/schema.org","@graph":[{"@type":"NewsArticle","@id":"https:\/\/www.celttv.com.ar\/index.php\/2014\/09\/24\/el-club-atletico-ventana-continua-cristalizando-su-sueno\/#article","isPartOf":{"@id":"https:\/\/www.celttv.com.ar\/index.php\/2014\/09\/24\/el-club-atletico-ventana-continua-cristalizando-su-sueno\/"},"author":{"name":"ulises","@id":"https:\/\/www.celttv.com.ar\/#\/schema\/person\/6d99c072dba59953809c81446e9d0ace"},"headline":"EL CLUB ATLETICO VENTANA CONTINUA CRISTALIZANDO SU SUE\u00d1O","datePublished":"2014-09-24T19:10:20+00:00","dateModified":"2014-09-24T19:10:20+00:00","mainEntityOfPage":{"@id":"https:\/\/www.celttv.com.ar\/index.php\/2014\/09\/24\/el-club-atletico-ventana-continua-cristalizando-su-sueno\/"},"wordCount":426,"publisher":{"@id":"https:\/\/www.celttv.com.ar\/#organization"},"articleSection":["Comunidad","Deporte","Destacadas","Pol\u00edtica"],"inLanguage":"es"},{"@type":"WebPage","@id":"https:\/\/www.celttv.com.ar\/index.php\/2014\/09\/24\/el-club-atletico-ventana-continua-cristalizando-su-sueno\/","url":"https:\/\/www.celttv.com.ar\/index.php\/2014\/09\/24\/el-club-atletico-ventana-continua-cristalizando-su-sueno\/","name":"EL CLUB ATLETICO VENTANA CONTINUA CRISTALIZANDO SU SUE\u00d1O - CELTTV","isPartOf":{"@id":"https:\/\/www.celttv.com.ar\/#website"},"datePublished":"2014-09-24T19:10:20+00:00","dateModified":"2014-09-24T19:10:20+00:00","description":"Sitio web de noticias de la localidad de Tornquist, provincia de Buenos Aires, Rep\u00fablica Argentina. Contenido propio originado por periodistas de CELTTV, el canal de TV local de la Cooperativa El\u00e9ctrica de Tornquist. Turismo, Pol\u00edtica, Sociedad, Deporte, Cultura y todo el contenido de inter\u00e9s general que la gente del pueblo y la regi\u00f3n debe conocer.","breadcrumb":{"@id":"https:\/\/www.celttv.com.ar\/index.php\/2014\/09\/24\/el-club-atletico-ventana-continua-cristalizando-su-sueno\/#breadcrumb"},"inLanguage":"es","potentialAction":[{"@type":"ReadAction","target":["https:\/\/www.celttv.com.ar\/index.php\/2014\/09\/24\/el-club-atletico-ventana-continua-cristalizando-su-sueno\/"]}]},{"@type":"BreadcrumbList","@id":"https:\/\/www.celttv.com.ar\/index.php\/2014\/09\/24\/el-club-atletico-ventana-continua-cristalizando-su-sueno\/#breadcrumb","itemListElement":[{"@type":"ListItem","position":1,"name":"Inicio","item":"https:\/\/www.celttv.com.ar\/"},{"@type":"ListItem","position":2,"name":"EL CLUB ATLETICO VENTANA CONTINUA CRISTALIZANDO SU SUE\u00d1O"}]},{"@type":"WebSite","@id":"https:\/\/www.celttv.com.ar\/#website","url":"https:\/\/www.celttv.com.ar\/","name":"CELTTV","description":"Cooperativa El\u00e9ctrica de Tornquist","publisher":{"@id":"https:\/\/www.celttv.com.ar\/#organization"},"potentialAction":[{"@type":"SearchAction","target":{"@type":"EntryPoint","urlTemplate":"https:\/\/www.celttv.com.ar\/?s={search_term_string}"},"query-input":"required name=search_term_string"}],"inLanguage":"es"},{"@type":"Organization","@id":"https:\/\/www.celttv.com.ar\/#organization","name":"CELTTV","url":"https:\/\/www.celttv.com.ar\/","sameAs":["https:\/\/www.youtube.com\/channel\/UCz_oIt8Hig64Ub-EmcNPIhg","https:\/\/www.facebook.com\/celtTV\/"],"logo":{"@type":"ImageObject","inLanguage":"es","@id":"https:\/\/www.celttv.com.ar\/#\/schema\/logo\/image\/","url":"http:\/\/www.celttv.com.ar\/wp-content\/uploads\/2022\/08\/logo-1.png","contentUrl":"http:\/\/www.celttv.com.ar\/wp-content\/uploads\/2022\/08\/logo-1.png","width":461,"height":159,"caption":"CELTTV"},"image":{"@id":"https:\/\/www.celttv.com.ar\/#\/schema\/logo\/image\/"}},{"@type":"Person","@id":"https:\/\/www.celttv.com.ar\/#\/schema\/person\/6d99c072dba59953809c81446e9d0ace","name":"ulises","image":{"@type":"ImageObject","inLanguage":"es","@id":"https:\/\/www.celttv.com.ar\/#\/schema\/person\/image\/","url":"https:\/\/secure.gravatar.com\/avatar\/7f2c48bdc33b30088f941fb6082e555f2874c98e20cb159d7b92b50eadfce793?s=96&d=mm&r=g","contentUrl":"https:\/\/secure.gravatar.com\/avatar\/7f2c48bdc33b30088f941fb6082e555f2874c98e20cb159d7b92b50eadfce793?s=96&d=mm&r=g","caption":"ulises"},"sameAs":["http:\/\/www.celttv.com.ar"]}]}},"_links":{"self":[{"href":"https:\/\/www.celttv.com.ar\/index.php\/wp-json\/wp\/v2\/posts\/23794","targetHints":{"allow":["GET"]}}],"collection":[{"href":"https:\/\/www.celttv.com.ar\/index.php\/wp-json\/wp\/v2\/posts"}],"about":[{"href":"https:\/\/www.celttv.com.ar\/index.php\/wp-json\/wp\/v2\/types\/post"}],"author":[{"embeddable":true,"href":"https:\/\/www.celttv.com.ar\/index.php\/wp-json\/wp\/v2\/users\/1"}],"replies":[{"embeddable":true,"href":"https:\/\/www.celttv.com.ar\/index.php\/wp-json\/wp\/v2\/comments?post=23794"}],"version-history":[{"count":0,"href":"https:\/\/www.celttv.com.ar\/index.php\/wp-json\/wp\/v2\/posts\/23794\/revisions"}],"wp:attachment":[{"href":"https:\/\/www.celttv.com.ar\/index.php\/wp-json\/wp\/v2\/media?parent=23794"}],"wp:term":[{"taxonomy":"category","embeddable":true,"href":"https:\/\/www.celttv.com.ar\/index.php\/wp-json\/wp\/v2\/categories?post=23794"},{"taxonomy":"post_tag","embeddable":true,"href":"https:\/\/www.celttv.com.ar\/index.php\/wp-json\/wp\/v2\/tags?post=23794"}],"curies":[{"name":"wp","href":"https:\/\/api.w.org\/{rel}","templated":true}]}}