{"id":23804,"date":"2014-09-26T13:20:34","date_gmt":"2014-09-26T13:20:34","guid":{"rendered":"http:\/\/www.tvcnoticias.com.ar\/?p=23804"},"modified":"2014-09-26T13:20:34","modified_gmt":"2014-09-26T13:20:34","slug":"grupo-misionero-san-jose-obrero-la-mision-un-regalo-de-dios-para-nuestra-comunidad","status":"publish","type":"post","link":"https:\/\/www.celttv.com.ar\/index.php\/2014\/09\/26\/grupo-misionero-san-jose-obrero-la-mision-un-regalo-de-dios-para-nuestra-comunidad\/","title":{"rendered":"GRUPO MISIONERO \u201cSAN JOS\u00c9 OBRERO\u201d\u2026 La MISI\u00d3N un regalo de DIOS para nuestra comunidad"},"content":{"rendered":"<div>\n<strong><img loading=\"lazy\" decoding=\"async\" class=\"aligncenter size-medium wp-image-23805\" title=\"NOTI 3 SAN JOSE OBRERO\" src=\"http:\/\/www.tvcnoticias.com.ar\/wp-content\/uploads\/2014\/09\/NOTI-3-SAN-JOSE-OBRERO-420x450.jpg\" alt=\"\" width=\"420\" height=\"450\" \/>Nuevamente estar\u00e1n entre nosotros m\u00e1s de 60 j\u00f3venes del GRUPO MISIONERO \u201cSAN JOS\u00c9 OBRERO\u201d visitando a las distintas instituciones y las familias de nuestra comunidad. Tienen proyectado encuentros y variadas actividades con las familias, con los j\u00f3venes y con los\u00a0 ni\u00f1os.<\/strong><br \/>\n<strong>NO DEJEMOS DE AGRADECER A DIOS ESTE REGALO\u2026 PARTICIPEMOS ACTIVAMENTE ACOMPA\u00d1ANDO LAS DISTINTAS PROPUESTAS<\/strong><br \/>\n<strong><span style=\"text-decoration: underline;\"> <\/span><\/strong><br \/>\n<strong>Te damos a conocer las actividades que desarrollar\u00e1n los primeros d\u00edas, agendalas para que esta caricia que Dios\u00a0 te hace llegar a trav\u00e9s de cada joven misionero, inunde tu coraz\u00f3n de infinita PAZ<\/strong><br \/>\n<strong><span style=\"text-decoration: underline;\"> <\/span><\/strong>\n<\/div>\n<p><strong><span style=\"text-decoration: underline;\"><br \/>\n<\/span><\/strong><\/p>\n<div>\n<strong><span style=\"text-decoration: underline;\">S\u00e1bado 27\/9\u00a0 Llegada a Tornquist :\u00a0 17 horas aprox.<\/span><\/strong>\n<\/div>\n<p>&nbsp;<\/p>\n<div>\n19:00 hs. \u00a0Misa de bienvenida en la Parroquia<br \/>\n20:00 hs. Sal\u00f3n Parroquial: Cena a la canasta<strong> <\/strong><br \/>\n<strong> <\/strong><br \/>\n<strong><span style=\"text-decoration: underline;\">Domingo 28\/9<\/span><\/strong><br \/>\n<strong>10:00 hs<\/strong>. Santa Misa<br \/>\n12:00 hs <strong>\u201cHACIENDO LIO\u201d<\/strong> <strong>Programa Radial en FM ESPERANZA,<\/strong><br \/>\n<strong>en la 100.3 <\/strong>(todas los d\u00edas a las misma hora)<br \/>\n<strong>15 hs Encuentro con ni\u00f1os de la comunidad: Plaza<\/strong><br \/>\n<strong>Visitas a las casas.- todos los d\u00edas de 9:30 a 12:00 y de 16:00 a 18:30.- <\/strong><br \/>\n<strong> <\/strong><br \/>\n<strong><span style=\"text-decoration: underline;\">Lunes 29\/9<\/span><\/strong><br \/>\nComienzan las visitas a las distintas instituciones:\u00a0 Hogar de ni\u00f1os \u2013 Taller protegido \u2013 Los hogares de ancianos \u2013 La Escuela Especial y las Instituciones.-<br \/>\n<strong>20:00 hs encuentro de j\u00f3venes en la \u00a0Parroquia <\/strong><br \/>\n<strong> <\/strong><br \/>\n<strong><span style=\"text-decoration: underline;\">Martes 30\/9<\/span><\/strong><br \/>\n<strong>Visita a las escuelas rurales<\/strong><br \/>\n<strong>Sal\u00f3n parroquial: Charla para las familias <\/strong>\n<\/div>\n<p><strong><br \/>\n<\/strong><br \/>\n<strong> <\/strong><br \/>\n<strong> <\/strong><br \/>\n<strong> <\/strong><br \/>\n<strong> <\/strong><br \/>\n<strong> <\/strong><br \/>\n<strong> <\/strong><br \/>\n<strong> <\/strong><br \/>\n<strong> <\/strong><br \/>\n<strong> <\/strong><br \/>\n<strong> <\/strong><br \/>\n<strong> <\/strong><br \/>\n<strong> <\/strong><br \/>\n&nbsp;<\/p>\n","protected":false},"excerpt":{"rendered":"<p>Nuevamente estar\u00e1n entre nosotros m\u00e1s de 60 j\u00f3venes del GRUPO MISIONERO \u201cSAN JOS\u00c9 OBRERO\u201d visitando a las distintas instituciones y las familias de nuestra comunidad. Tienen proyectado encuentros y variadas actividades con las familias, con los j\u00f3venes y con los\u00a0 ni\u00f1os. NO DEJEMOS DE AGRADECER A DIOS ESTE REGALO\u2026 PARTICIPEMOS ACTIVAMENTE ACOMPA\u00d1ANDO LAS DISTINTAS PROPUESTAS [&hellip;]<\/p>\n","protected":false},"author":1,"featured_media":0,"comment_status":"closed","ping_status":"open","sticky":false,"template":"","format":"standard","meta":{"footnotes":""},"categories":[51,52],"tags":[],"class_list":["post-23804","post","type-post","status-publish","format-standard","hentry","category-comunidad","category-destacadas"],"yoast_head":"<!-- This site is optimized with the Yoast SEO plugin v19.7.1 - https:\/\/yoast.com\/wordpress\/plugins\/seo\/ -->\n<title>GRUPO MISIONERO \u201cSAN JOS\u00c9 OBRERO\u201d\u2026 La MISI\u00d3N un regalo de DIOS para nuestra comunidad - CELTTV<\/title>\n<meta name=\"description\" content=\"Sitio web de noticias de la localidad de Tornquist, provincia de Buenos Aires, Rep\u00fablica Argentina. Contenido propio originado por periodistas de CELTTV, el canal de TV local de la Cooperativa El\u00e9ctrica de Tornquist. Turismo, Pol\u00edtica, Sociedad, Deporte, Cultura y todo el contenido de inter\u00e9s general que la gente del pueblo y la regi\u00f3n debe conocer.\" \/>\n<meta name=\"robots\" content=\"index, follow, max-snippet:-1, max-image-preview:large, max-video-preview:-1\" \/>\n<link rel=\"canonical\" href=\"https:\/\/www.celttv.com.ar\/index.php\/2014\/09\/26\/grupo-misionero-san-jose-obrero-la-mision-un-regalo-de-dios-para-nuestra-comunidad\/\" \/>\n<meta property=\"og:locale\" content=\"es_ES\" \/>\n<meta property=\"og:type\" content=\"article\" \/>\n<meta property=\"og:title\" content=\"GRUPO MISIONERO \u201cSAN JOS\u00c9 OBRERO\u201d\u2026 La MISI\u00d3N un regalo de DIOS para nuestra comunidad - CELTTV\" \/>\n<meta property=\"og:description\" content=\"Sitio web de noticias de la localidad de Tornquist, provincia de Buenos Aires, Rep\u00fablica Argentina. Contenido propio originado por periodistas de CELTTV, el canal de TV local de la Cooperativa El\u00e9ctrica de Tornquist. Turismo, Pol\u00edtica, Sociedad, Deporte, Cultura y todo el contenido de inter\u00e9s general que la gente del pueblo y la regi\u00f3n debe conocer.\" \/>\n<meta property=\"og:url\" content=\"https:\/\/www.celttv.com.ar\/index.php\/2014\/09\/26\/grupo-misionero-san-jose-obrero-la-mision-un-regalo-de-dios-para-nuestra-comunidad\/\" \/>\n<meta property=\"og:site_name\" content=\"CELTTV\" \/>\n<meta property=\"article:publisher\" content=\"https:\/\/www.facebook.com\/celtTV\/\" \/>\n<meta property=\"article:published_time\" content=\"2014-09-26T13:20:34+00:00\" \/>\n<meta property=\"og:image\" content=\"http:\/\/www.tvcnoticias.com.ar\/wp-content\/uploads\/2014\/09\/NOTI-3-SAN-JOSE-OBRERO-420x450.jpg\" \/>\n<meta name=\"author\" content=\"ulises\" \/>\n<meta name=\"twitter:card\" content=\"summary_large_image\" \/>\n<meta name=\"twitter:label1\" content=\"Escrito por\" \/>\n\t<meta name=\"twitter:data1\" content=\"ulises\" \/>\n\t<meta name=\"twitter:label2\" content=\"Tiempo de lectura\" \/>\n\t<meta name=\"twitter:data2\" content=\"1 minuto\" \/>\n<script type=\"application\/ld+json\" class=\"yoast-schema-graph\">{\"@context\":\"https:\/\/schema.org\",\"@graph\":[{\"@type\":\"NewsArticle\",\"@id\":\"https:\/\/www.celttv.com.ar\/index.php\/2014\/09\/26\/grupo-misionero-san-jose-obrero-la-mision-un-regalo-de-dios-para-nuestra-comunidad\/#article\",\"isPartOf\":{\"@id\":\"https:\/\/www.celttv.com.ar\/index.php\/2014\/09\/26\/grupo-misionero-san-jose-obrero-la-mision-un-regalo-de-dios-para-nuestra-comunidad\/\"},\"author\":{\"name\":\"ulises\",\"@id\":\"https:\/\/www.celttv.com.ar\/#\/schema\/person\/6d99c072dba59953809c81446e9d0ace\"},\"headline\":\"GRUPO MISIONERO \u201cSAN JOS\u00c9 OBRERO\u201d\u2026 La MISI\u00d3N un regalo de DIOS para nuestra comunidad\",\"datePublished\":\"2014-09-26T13:20:34+00:00\",\"dateModified\":\"2014-09-26T13:20:34+00:00\",\"mainEntityOfPage\":{\"@id\":\"https:\/\/www.celttv.com.ar\/index.php\/2014\/09\/26\/grupo-misionero-san-jose-obrero-la-mision-un-regalo-de-dios-para-nuestra-comunidad\/\"},\"wordCount\":228,\"publisher\":{\"@id\":\"https:\/\/www.celttv.com.ar\/#organization\"},\"articleSection\":[\"Comunidad\",\"Destacadas\"],\"inLanguage\":\"es\"},{\"@type\":\"WebPage\",\"@id\":\"https:\/\/www.celttv.com.ar\/index.php\/2014\/09\/26\/grupo-misionero-san-jose-obrero-la-mision-un-regalo-de-dios-para-nuestra-comunidad\/\",\"url\":\"https:\/\/www.celttv.com.ar\/index.php\/2014\/09\/26\/grupo-misionero-san-jose-obrero-la-mision-un-regalo-de-dios-para-nuestra-comunidad\/\",\"name\":\"GRUPO MISIONERO \u201cSAN JOS\u00c9 OBRERO\u201d\u2026 La MISI\u00d3N un regalo de DIOS para nuestra comunidad - CELTTV\",\"isPartOf\":{\"@id\":\"https:\/\/www.celttv.com.ar\/#website\"},\"datePublished\":\"2014-09-26T13:20:34+00:00\",\"dateModified\":\"2014-09-26T13:20:34+00:00\",\"description\":\"Sitio web de noticias de la localidad de Tornquist, provincia de Buenos Aires, Rep\u00fablica Argentina. Contenido propio originado por periodistas de CELTTV, el canal de TV local de la Cooperativa El\u00e9ctrica de Tornquist. Turismo, Pol\u00edtica, Sociedad, Deporte, Cultura y todo el contenido de inter\u00e9s general que la gente del pueblo y la regi\u00f3n debe conocer.\",\"breadcrumb\":{\"@id\":\"https:\/\/www.celttv.com.ar\/index.php\/2014\/09\/26\/grupo-misionero-san-jose-obrero-la-mision-un-regalo-de-dios-para-nuestra-comunidad\/#breadcrumb\"},\"inLanguage\":\"es\",\"potentialAction\":[{\"@type\":\"ReadAction\",\"target\":[\"https:\/\/www.celttv.com.ar\/index.php\/2014\/09\/26\/grupo-misionero-san-jose-obrero-la-mision-un-regalo-de-dios-para-nuestra-comunidad\/\"]}]},{\"@type\":\"BreadcrumbList\",\"@id\":\"https:\/\/www.celttv.com.ar\/index.php\/2014\/09\/26\/grupo-misionero-san-jose-obrero-la-mision-un-regalo-de-dios-para-nuestra-comunidad\/#breadcrumb\",\"itemListElement\":[{\"@type\":\"ListItem\",\"position\":1,\"name\":\"Inicio\",\"item\":\"https:\/\/www.celttv.com.ar\/\"},{\"@type\":\"ListItem\",\"position\":2,\"name\":\"GRUPO MISIONERO \u201cSAN JOS\u00c9 OBRERO\u201d\u2026 La MISI\u00d3N un regalo de DIOS para nuestra comunidad\"}]},{\"@type\":\"WebSite\",\"@id\":\"https:\/\/www.celttv.com.ar\/#website\",\"url\":\"https:\/\/www.celttv.com.ar\/\",\"name\":\"CELTTV\",\"description\":\"Cooperativa El\u00e9ctrica de Tornquist\",\"publisher\":{\"@id\":\"https:\/\/www.celttv.com.ar\/#organization\"},\"potentialAction\":[{\"@type\":\"SearchAction\",\"target\":{\"@type\":\"EntryPoint\",\"urlTemplate\":\"https:\/\/www.celttv.com.ar\/?s={search_term_string}\"},\"query-input\":\"required name=search_term_string\"}],\"inLanguage\":\"es\"},{\"@type\":\"Organization\",\"@id\":\"https:\/\/www.celttv.com.ar\/#organization\",\"name\":\"CELTTV\",\"url\":\"https:\/\/www.celttv.com.ar\/\",\"sameAs\":[\"https:\/\/www.youtube.com\/channel\/UCz_oIt8Hig64Ub-EmcNPIhg\",\"https:\/\/www.facebook.com\/celtTV\/\"],\"logo\":{\"@type\":\"ImageObject\",\"inLanguage\":\"es\",\"@id\":\"https:\/\/www.celttv.com.ar\/#\/schema\/logo\/image\/\",\"url\":\"http:\/\/www.celttv.com.ar\/wp-content\/uploads\/2022\/08\/logo-1.png\",\"contentUrl\":\"http:\/\/www.celttv.com.ar\/wp-content\/uploads\/2022\/08\/logo-1.png\",\"width\":461,\"height\":159,\"caption\":\"CELTTV\"},\"image\":{\"@id\":\"https:\/\/www.celttv.com.ar\/#\/schema\/logo\/image\/\"}},{\"@type\":\"Person\",\"@id\":\"https:\/\/www.celttv.com.ar\/#\/schema\/person\/6d99c072dba59953809c81446e9d0ace\",\"name\":\"ulises\",\"image\":{\"@type\":\"ImageObject\",\"inLanguage\":\"es\",\"@id\":\"https:\/\/www.celttv.com.ar\/#\/schema\/person\/image\/\",\"url\":\"https:\/\/secure.gravatar.com\/avatar\/7f2c48bdc33b30088f941fb6082e555f2874c98e20cb159d7b92b50eadfce793?s=96&d=mm&r=g\",\"contentUrl\":\"https:\/\/secure.gravatar.com\/avatar\/7f2c48bdc33b30088f941fb6082e555f2874c98e20cb159d7b92b50eadfce793?s=96&d=mm&r=g\",\"caption\":\"ulises\"},\"sameAs\":[\"http:\/\/www.celttv.com.ar\"]}]}<\/script>\n<!-- \/ Yoast SEO plugin. -->","yoast_head_json":{"title":"GRUPO MISIONERO \u201cSAN JOS\u00c9 OBRERO\u201d\u2026 La MISI\u00d3N un regalo de DIOS para nuestra comunidad - CELTTV","description":"Sitio web de noticias de la localidad de Tornquist, provincia de Buenos Aires, Rep\u00fablica Argentina. Contenido propio originado por periodistas de CELTTV, el canal de TV local de la Cooperativa El\u00e9ctrica de Tornquist. Turismo, Pol\u00edtica, Sociedad, Deporte, Cultura y todo el contenido de inter\u00e9s general que la gente del pueblo y la regi\u00f3n debe conocer.","robots":{"index":"index","follow":"follow","max-snippet":"max-snippet:-1","max-image-preview":"max-image-preview:large","max-video-preview":"max-video-preview:-1"},"canonical":"https:\/\/www.celttv.com.ar\/index.php\/2014\/09\/26\/grupo-misionero-san-jose-obrero-la-mision-un-regalo-de-dios-para-nuestra-comunidad\/","og_locale":"es_ES","og_type":"article","og_title":"GRUPO MISIONERO \u201cSAN JOS\u00c9 OBRERO\u201d\u2026 La MISI\u00d3N un regalo de DIOS para nuestra comunidad - CELTTV","og_description":"Sitio web de noticias de la localidad de Tornquist, provincia de Buenos Aires, Rep\u00fablica Argentina. Contenido propio originado por periodistas de CELTTV, el canal de TV local de la Cooperativa El\u00e9ctrica de Tornquist. Turismo, Pol\u00edtica, Sociedad, Deporte, Cultura y todo el contenido de inter\u00e9s general que la gente del pueblo y la regi\u00f3n debe conocer.","og_url":"https:\/\/www.celttv.com.ar\/index.php\/2014\/09\/26\/grupo-misionero-san-jose-obrero-la-mision-un-regalo-de-dios-para-nuestra-comunidad\/","og_site_name":"CELTTV","article_publisher":"https:\/\/www.facebook.com\/celtTV\/","article_published_time":"2014-09-26T13:20:34+00:00","og_image":[{"url":"http:\/\/www.tvcnoticias.com.ar\/wp-content\/uploads\/2014\/09\/NOTI-3-SAN-JOSE-OBRERO-420x450.jpg"}],"author":"ulises","twitter_card":"summary_large_image","twitter_misc":{"Escrito por":"ulises","Tiempo de lectura":"1 minuto"},"schema":{"@context":"https:\/\/schema.org","@graph":[{"@type":"NewsArticle","@id":"https:\/\/www.celttv.com.ar\/index.php\/2014\/09\/26\/grupo-misionero-san-jose-obrero-la-mision-un-regalo-de-dios-para-nuestra-comunidad\/#article","isPartOf":{"@id":"https:\/\/www.celttv.com.ar\/index.php\/2014\/09\/26\/grupo-misionero-san-jose-obrero-la-mision-un-regalo-de-dios-para-nuestra-comunidad\/"},"author":{"name":"ulises","@id":"https:\/\/www.celttv.com.ar\/#\/schema\/person\/6d99c072dba59953809c81446e9d0ace"},"headline":"GRUPO MISIONERO \u201cSAN JOS\u00c9 OBRERO\u201d\u2026 La MISI\u00d3N un regalo de DIOS para nuestra comunidad","datePublished":"2014-09-26T13:20:34+00:00","dateModified":"2014-09-26T13:20:34+00:00","mainEntityOfPage":{"@id":"https:\/\/www.celttv.com.ar\/index.php\/2014\/09\/26\/grupo-misionero-san-jose-obrero-la-mision-un-regalo-de-dios-para-nuestra-comunidad\/"},"wordCount":228,"publisher":{"@id":"https:\/\/www.celttv.com.ar\/#organization"},"articleSection":["Comunidad","Destacadas"],"inLanguage":"es"},{"@type":"WebPage","@id":"https:\/\/www.celttv.com.ar\/index.php\/2014\/09\/26\/grupo-misionero-san-jose-obrero-la-mision-un-regalo-de-dios-para-nuestra-comunidad\/","url":"https:\/\/www.celttv.com.ar\/index.php\/2014\/09\/26\/grupo-misionero-san-jose-obrero-la-mision-un-regalo-de-dios-para-nuestra-comunidad\/","name":"GRUPO MISIONERO \u201cSAN JOS\u00c9 OBRERO\u201d\u2026 La MISI\u00d3N un regalo de DIOS para nuestra comunidad - CELTTV","isPartOf":{"@id":"https:\/\/www.celttv.com.ar\/#website"},"datePublished":"2014-09-26T13:20:34+00:00","dateModified":"2014-09-26T13:20:34+00:00","description":"Sitio web de noticias de la localidad de Tornquist, provincia de Buenos Aires, Rep\u00fablica Argentina. Contenido propio originado por periodistas de CELTTV, el canal de TV local de la Cooperativa El\u00e9ctrica de Tornquist. Turismo, Pol\u00edtica, Sociedad, Deporte, Cultura y todo el contenido de inter\u00e9s general que la gente del pueblo y la regi\u00f3n debe conocer.","breadcrumb":{"@id":"https:\/\/www.celttv.com.ar\/index.php\/2014\/09\/26\/grupo-misionero-san-jose-obrero-la-mision-un-regalo-de-dios-para-nuestra-comunidad\/#breadcrumb"},"inLanguage":"es","potentialAction":[{"@type":"ReadAction","target":["https:\/\/www.celttv.com.ar\/index.php\/2014\/09\/26\/grupo-misionero-san-jose-obrero-la-mision-un-regalo-de-dios-para-nuestra-comunidad\/"]}]},{"@type":"BreadcrumbList","@id":"https:\/\/www.celttv.com.ar\/index.php\/2014\/09\/26\/grupo-misionero-san-jose-obrero-la-mision-un-regalo-de-dios-para-nuestra-comunidad\/#breadcrumb","itemListElement":[{"@type":"ListItem","position":1,"name":"Inicio","item":"https:\/\/www.celttv.com.ar\/"},{"@type":"ListItem","position":2,"name":"GRUPO MISIONERO \u201cSAN JOS\u00c9 OBRERO\u201d\u2026 La MISI\u00d3N un regalo de DIOS para nuestra comunidad"}]},{"@type":"WebSite","@id":"https:\/\/www.celttv.com.ar\/#website","url":"https:\/\/www.celttv.com.ar\/","name":"CELTTV","description":"Cooperativa El\u00e9ctrica de Tornquist","publisher":{"@id":"https:\/\/www.celttv.com.ar\/#organization"},"potentialAction":[{"@type":"SearchAction","target":{"@type":"EntryPoint","urlTemplate":"https:\/\/www.celttv.com.ar\/?s={search_term_string}"},"query-input":"required name=search_term_string"}],"inLanguage":"es"},{"@type":"Organization","@id":"https:\/\/www.celttv.com.ar\/#organization","name":"CELTTV","url":"https:\/\/www.celttv.com.ar\/","sameAs":["https:\/\/www.youtube.com\/channel\/UCz_oIt8Hig64Ub-EmcNPIhg","https:\/\/www.facebook.com\/celtTV\/"],"logo":{"@type":"ImageObject","inLanguage":"es","@id":"https:\/\/www.celttv.com.ar\/#\/schema\/logo\/image\/","url":"http:\/\/www.celttv.com.ar\/wp-content\/uploads\/2022\/08\/logo-1.png","contentUrl":"http:\/\/www.celttv.com.ar\/wp-content\/uploads\/2022\/08\/logo-1.png","width":461,"height":159,"caption":"CELTTV"},"image":{"@id":"https:\/\/www.celttv.com.ar\/#\/schema\/logo\/image\/"}},{"@type":"Person","@id":"https:\/\/www.celttv.com.ar\/#\/schema\/person\/6d99c072dba59953809c81446e9d0ace","name":"ulises","image":{"@type":"ImageObject","inLanguage":"es","@id":"https:\/\/www.celttv.com.ar\/#\/schema\/person\/image\/","url":"https:\/\/secure.gravatar.com\/avatar\/7f2c48bdc33b30088f941fb6082e555f2874c98e20cb159d7b92b50eadfce793?s=96&d=mm&r=g","contentUrl":"https:\/\/secure.gravatar.com\/avatar\/7f2c48bdc33b30088f941fb6082e555f2874c98e20cb159d7b92b50eadfce793?s=96&d=mm&r=g","caption":"ulises"},"sameAs":["http:\/\/www.celttv.com.ar"]}]}},"_links":{"self":[{"href":"https:\/\/www.celttv.com.ar\/index.php\/wp-json\/wp\/v2\/posts\/23804","targetHints":{"allow":["GET"]}}],"collection":[{"href":"https:\/\/www.celttv.com.ar\/index.php\/wp-json\/wp\/v2\/posts"}],"about":[{"href":"https:\/\/www.celttv.com.ar\/index.php\/wp-json\/wp\/v2\/types\/post"}],"author":[{"embeddable":true,"href":"https:\/\/www.celttv.com.ar\/index.php\/wp-json\/wp\/v2\/users\/1"}],"replies":[{"embeddable":true,"href":"https:\/\/www.celttv.com.ar\/index.php\/wp-json\/wp\/v2\/comments?post=23804"}],"version-history":[{"count":0,"href":"https:\/\/www.celttv.com.ar\/index.php\/wp-json\/wp\/v2\/posts\/23804\/revisions"}],"wp:attachment":[{"href":"https:\/\/www.celttv.com.ar\/index.php\/wp-json\/wp\/v2\/media?parent=23804"}],"wp:term":[{"taxonomy":"category","embeddable":true,"href":"https:\/\/www.celttv.com.ar\/index.php\/wp-json\/wp\/v2\/categories?post=23804"},{"taxonomy":"post_tag","embeddable":true,"href":"https:\/\/www.celttv.com.ar\/index.php\/wp-json\/wp\/v2\/tags?post=23804"}],"curies":[{"name":"wp","href":"https:\/\/api.w.org\/{rel}","templated":true}]}}