{"id":23813,"date":"2014-09-26T13:34:59","date_gmt":"2014-09-26T13:34:59","guid":{"rendered":"http:\/\/www.tvcnoticias.com.ar\/?p=23813"},"modified":"2014-09-26T13:34:59","modified_gmt":"2014-09-26T13:34:59","slug":"autoridades-de-carbap-se-reunieron-con-productores-de-toda-la-region-notas","status":"publish","type":"post","link":"https:\/\/www.celttv.com.ar\/index.php\/2014\/09\/26\/autoridades-de-carbap-se-reunieron-con-productores-de-toda-la-region-notas\/","title":{"rendered":"AUTORIDADES DE CARBAP SE REUNIERON CON PRODUCTORES DE TODA LA REGI\u00d3N (notas)"},"content":{"rendered":"<div><span style=\"font-family: Verdana, Arial, Helvetica, sans-serif; font-size: x-small;\"><a href=\"https:\/\/www.youtube.com\/watch?v=5QayV3wQcTs\">httpv:\/\/www.youtube.com\/watch?v=5QayV3wQcTs<\/a><\/span><\/div>\n<div><span style=\"font-family: Verdana, Arial, Helvetica, sans-serif; font-size: x-small;\"><a href=\"https:\/\/www.youtube.com\/watch?v=wDsPK9RY2ec\">httpv:\/\/www.youtube.com\/watch?v=wDsPK9RY2ec<\/a><\/span><\/div>\n<div><span style=\"font-family: Verdana, Arial, Helvetica, sans-serif; font-size: x-small;\"><a href=\"https:\/\/www.youtube.com\/watch?v=Daog2Ekgn3o\">httpv:\/\/www.youtube.com\/watch?v=Daog2Ekgn3o<\/a><br \/>\n<\/span><\/div>\n<div><span style=\"font-family: Verdana, Arial, Helvetica, sans-serif; font-size: x-small;\"><a href=\"https:\/\/www.youtube.com\/watch?v=5QayV3wQcTs\"><\/a>El presidente de CARBAP, Horacio Salaverri, presidi\u00f3 una nueva asamblea regional de la entidad agropecuaria, en la cual se trataron, entre otros temas, la dif\u00edcil situaci\u00f3n del mercado del trigo -el principal cultivo del sudoeste bonaerense- y la creciente p\u00e9rdida de rentabilidad en los campos de la regi\u00f3n.<\/span><\/div>\n<div><span style=\"font-family: Verdana, Arial, Helvetica, sans-serif; font-size: x-small;\">De acuerdo con datos de entidades especializadas, en los campos de la zona a\u00fan hay m\u00e1s de 500 mil toneladas de este cereal sin vender debido a las trabas a la comercializaci\u00f3n que impone el gobierno(LNP).<br \/>\nEl encuentro se desarroll\u00f3 en el sal\u00f3n del predio ferial de la Asociaci\u00f3n Rural en el acceso a nuestra ciudad y la alocuci\u00f3n de bienvenida estuvo a cargo del Presidente de la Rural Alfredo Belardinelli que estuvo acompa\u00f1ado en la mesa por Jorge Grinberg(Vicepresidente 3\u00ba de Carbap) y otros representantes zonales.<\/span><\/div>\n<div><span style=\"font-family: Verdana; font-size: x-small;\">Son 3 notas: Jorge Grimber, Horacio Salaverri y Alfredo Belardinelli<\/span><\/div>\n<p>&nbsp;<br \/>\n&nbsp;<\/p>\n","protected":false},"excerpt":{"rendered":"<p>httpv:\/\/www.youtube.com\/watch?v=5QayV3wQcTs httpv:\/\/www.youtube.com\/watch?v=wDsPK9RY2ec httpv:\/\/www.youtube.com\/watch?v=Daog2Ekgn3o El presidente de CARBAP, Horacio Salaverri, presidi\u00f3 una nueva asamblea regional de la entidad agropecuaria, en la cual se trataron, entre otros temas, la dif\u00edcil situaci\u00f3n del mercado del trigo -el principal cultivo del sudoeste bonaerense- y la creciente p\u00e9rdida de rentabilidad en los campos de la regi\u00f3n. De acuerdo con datos [&hellip;]<\/p>\n","protected":false},"author":1,"featured_media":0,"comment_status":"closed","ping_status":"open","sticky":false,"template":"","format":"standard","meta":{"footnotes":""},"categories":[51,52],"tags":[],"class_list":["post-23813","post","type-post","status-publish","format-standard","hentry","category-comunidad","category-destacadas"],"yoast_head":"<!-- This site is optimized with the Yoast SEO plugin v19.7.1 - https:\/\/yoast.com\/wordpress\/plugins\/seo\/ -->\n<title>AUTORIDADES DE CARBAP SE REUNIERON CON PRODUCTORES DE TODA LA REGI\u00d3N (notas) - CELTTV<\/title>\n<meta name=\"description\" content=\"Sitio web de noticias de la localidad de Tornquist, provincia de Buenos Aires, Rep\u00fablica Argentina. Contenido propio originado por periodistas de CELTTV, el canal de TV local de la Cooperativa El\u00e9ctrica de Tornquist. Turismo, Pol\u00edtica, Sociedad, Deporte, Cultura y todo el contenido de inter\u00e9s general que la gente del pueblo y la regi\u00f3n debe conocer.\" \/>\n<meta name=\"robots\" content=\"index, follow, max-snippet:-1, max-image-preview:large, max-video-preview:-1\" \/>\n<link rel=\"canonical\" href=\"https:\/\/www.celttv.com.ar\/index.php\/2014\/09\/26\/autoridades-de-carbap-se-reunieron-con-productores-de-toda-la-region-notas\/\" \/>\n<meta property=\"og:locale\" content=\"es_ES\" \/>\n<meta property=\"og:type\" content=\"article\" \/>\n<meta property=\"og:title\" content=\"AUTORIDADES DE CARBAP SE REUNIERON CON PRODUCTORES DE TODA LA REGI\u00d3N (notas) - CELTTV\" \/>\n<meta property=\"og:description\" content=\"Sitio web de noticias de la localidad de Tornquist, provincia de Buenos Aires, Rep\u00fablica Argentina. Contenido propio originado por periodistas de CELTTV, el canal de TV local de la Cooperativa El\u00e9ctrica de Tornquist. Turismo, Pol\u00edtica, Sociedad, Deporte, Cultura y todo el contenido de inter\u00e9s general que la gente del pueblo y la regi\u00f3n debe conocer.\" \/>\n<meta property=\"og:url\" content=\"https:\/\/www.celttv.com.ar\/index.php\/2014\/09\/26\/autoridades-de-carbap-se-reunieron-con-productores-de-toda-la-region-notas\/\" \/>\n<meta property=\"og:site_name\" content=\"CELTTV\" \/>\n<meta property=\"article:publisher\" content=\"https:\/\/www.facebook.com\/celtTV\/\" \/>\n<meta property=\"article:published_time\" content=\"2014-09-26T13:34:59+00:00\" \/>\n<meta name=\"author\" content=\"ulises\" \/>\n<meta name=\"twitter:card\" content=\"summary_large_image\" \/>\n<meta name=\"twitter:label1\" content=\"Escrito por\" \/>\n\t<meta name=\"twitter:data1\" content=\"ulises\" \/>\n\t<meta name=\"twitter:label2\" content=\"Tiempo de lectura\" \/>\n\t<meta name=\"twitter:data2\" content=\"1 minuto\" \/>\n<script type=\"application\/ld+json\" class=\"yoast-schema-graph\">{\"@context\":\"https:\/\/schema.org\",\"@graph\":[{\"@type\":\"NewsArticle\",\"@id\":\"https:\/\/www.celttv.com.ar\/index.php\/2014\/09\/26\/autoridades-de-carbap-se-reunieron-con-productores-de-toda-la-region-notas\/#article\",\"isPartOf\":{\"@id\":\"https:\/\/www.celttv.com.ar\/index.php\/2014\/09\/26\/autoridades-de-carbap-se-reunieron-con-productores-de-toda-la-region-notas\/\"},\"author\":{\"name\":\"ulises\",\"@id\":\"https:\/\/www.celttv.com.ar\/#\/schema\/person\/6d99c072dba59953809c81446e9d0ace\"},\"headline\":\"AUTORIDADES DE CARBAP SE REUNIERON CON PRODUCTORES DE TODA LA REGI\u00d3N (notas)\",\"datePublished\":\"2014-09-26T13:34:59+00:00\",\"dateModified\":\"2014-09-26T13:34:59+00:00\",\"mainEntityOfPage\":{\"@id\":\"https:\/\/www.celttv.com.ar\/index.php\/2014\/09\/26\/autoridades-de-carbap-se-reunieron-con-productores-de-toda-la-region-notas\/\"},\"wordCount\":196,\"publisher\":{\"@id\":\"https:\/\/www.celttv.com.ar\/#organization\"},\"articleSection\":[\"Comunidad\",\"Destacadas\"],\"inLanguage\":\"es\"},{\"@type\":\"WebPage\",\"@id\":\"https:\/\/www.celttv.com.ar\/index.php\/2014\/09\/26\/autoridades-de-carbap-se-reunieron-con-productores-de-toda-la-region-notas\/\",\"url\":\"https:\/\/www.celttv.com.ar\/index.php\/2014\/09\/26\/autoridades-de-carbap-se-reunieron-con-productores-de-toda-la-region-notas\/\",\"name\":\"AUTORIDADES DE CARBAP SE REUNIERON CON PRODUCTORES DE TODA LA REGI\u00d3N (notas) - CELTTV\",\"isPartOf\":{\"@id\":\"https:\/\/www.celttv.com.ar\/#website\"},\"datePublished\":\"2014-09-26T13:34:59+00:00\",\"dateModified\":\"2014-09-26T13:34:59+00:00\",\"description\":\"Sitio web de noticias de la localidad de Tornquist, provincia de Buenos Aires, Rep\u00fablica Argentina. Contenido propio originado por periodistas de CELTTV, el canal de TV local de la Cooperativa El\u00e9ctrica de Tornquist. Turismo, Pol\u00edtica, Sociedad, Deporte, Cultura y todo el contenido de inter\u00e9s general que la gente del pueblo y la regi\u00f3n debe conocer.\",\"breadcrumb\":{\"@id\":\"https:\/\/www.celttv.com.ar\/index.php\/2014\/09\/26\/autoridades-de-carbap-se-reunieron-con-productores-de-toda-la-region-notas\/#breadcrumb\"},\"inLanguage\":\"es\",\"potentialAction\":[{\"@type\":\"ReadAction\",\"target\":[\"https:\/\/www.celttv.com.ar\/index.php\/2014\/09\/26\/autoridades-de-carbap-se-reunieron-con-productores-de-toda-la-region-notas\/\"]}]},{\"@type\":\"BreadcrumbList\",\"@id\":\"https:\/\/www.celttv.com.ar\/index.php\/2014\/09\/26\/autoridades-de-carbap-se-reunieron-con-productores-de-toda-la-region-notas\/#breadcrumb\",\"itemListElement\":[{\"@type\":\"ListItem\",\"position\":1,\"name\":\"Inicio\",\"item\":\"https:\/\/www.celttv.com.ar\/\"},{\"@type\":\"ListItem\",\"position\":2,\"name\":\"AUTORIDADES DE CARBAP SE REUNIERON CON PRODUCTORES DE TODA LA REGI\u00d3N (notas)\"}]},{\"@type\":\"WebSite\",\"@id\":\"https:\/\/www.celttv.com.ar\/#website\",\"url\":\"https:\/\/www.celttv.com.ar\/\",\"name\":\"CELTTV\",\"description\":\"Cooperativa El\u00e9ctrica de Tornquist\",\"publisher\":{\"@id\":\"https:\/\/www.celttv.com.ar\/#organization\"},\"potentialAction\":[{\"@type\":\"SearchAction\",\"target\":{\"@type\":\"EntryPoint\",\"urlTemplate\":\"https:\/\/www.celttv.com.ar\/?s={search_term_string}\"},\"query-input\":\"required name=search_term_string\"}],\"inLanguage\":\"es\"},{\"@type\":\"Organization\",\"@id\":\"https:\/\/www.celttv.com.ar\/#organization\",\"name\":\"CELTTV\",\"url\":\"https:\/\/www.celttv.com.ar\/\",\"sameAs\":[\"https:\/\/www.youtube.com\/channel\/UCz_oIt8Hig64Ub-EmcNPIhg\",\"https:\/\/www.facebook.com\/celtTV\/\"],\"logo\":{\"@type\":\"ImageObject\",\"inLanguage\":\"es\",\"@id\":\"https:\/\/www.celttv.com.ar\/#\/schema\/logo\/image\/\",\"url\":\"http:\/\/www.celttv.com.ar\/wp-content\/uploads\/2022\/08\/logo-1.png\",\"contentUrl\":\"http:\/\/www.celttv.com.ar\/wp-content\/uploads\/2022\/08\/logo-1.png\",\"width\":461,\"height\":159,\"caption\":\"CELTTV\"},\"image\":{\"@id\":\"https:\/\/www.celttv.com.ar\/#\/schema\/logo\/image\/\"}},{\"@type\":\"Person\",\"@id\":\"https:\/\/www.celttv.com.ar\/#\/schema\/person\/6d99c072dba59953809c81446e9d0ace\",\"name\":\"ulises\",\"image\":{\"@type\":\"ImageObject\",\"inLanguage\":\"es\",\"@id\":\"https:\/\/www.celttv.com.ar\/#\/schema\/person\/image\/\",\"url\":\"https:\/\/secure.gravatar.com\/avatar\/7f2c48bdc33b30088f941fb6082e555f2874c98e20cb159d7b92b50eadfce793?s=96&d=mm&r=g\",\"contentUrl\":\"https:\/\/secure.gravatar.com\/avatar\/7f2c48bdc33b30088f941fb6082e555f2874c98e20cb159d7b92b50eadfce793?s=96&d=mm&r=g\",\"caption\":\"ulises\"},\"sameAs\":[\"http:\/\/www.celttv.com.ar\"]}]}<\/script>\n<!-- \/ Yoast SEO plugin. -->","yoast_head_json":{"title":"AUTORIDADES DE CARBAP SE REUNIERON CON PRODUCTORES DE TODA LA REGI\u00d3N (notas) - CELTTV","description":"Sitio web de noticias de la localidad de Tornquist, provincia de Buenos Aires, Rep\u00fablica Argentina. Contenido propio originado por periodistas de CELTTV, el canal de TV local de la Cooperativa El\u00e9ctrica de Tornquist. Turismo, Pol\u00edtica, Sociedad, Deporte, Cultura y todo el contenido de inter\u00e9s general que la gente del pueblo y la regi\u00f3n debe conocer.","robots":{"index":"index","follow":"follow","max-snippet":"max-snippet:-1","max-image-preview":"max-image-preview:large","max-video-preview":"max-video-preview:-1"},"canonical":"https:\/\/www.celttv.com.ar\/index.php\/2014\/09\/26\/autoridades-de-carbap-se-reunieron-con-productores-de-toda-la-region-notas\/","og_locale":"es_ES","og_type":"article","og_title":"AUTORIDADES DE CARBAP SE REUNIERON CON PRODUCTORES DE TODA LA REGI\u00d3N (notas) - CELTTV","og_description":"Sitio web de noticias de la localidad de Tornquist, provincia de Buenos Aires, Rep\u00fablica Argentina. Contenido propio originado por periodistas de CELTTV, el canal de TV local de la Cooperativa El\u00e9ctrica de Tornquist. Turismo, Pol\u00edtica, Sociedad, Deporte, Cultura y todo el contenido de inter\u00e9s general que la gente del pueblo y la regi\u00f3n debe conocer.","og_url":"https:\/\/www.celttv.com.ar\/index.php\/2014\/09\/26\/autoridades-de-carbap-se-reunieron-con-productores-de-toda-la-region-notas\/","og_site_name":"CELTTV","article_publisher":"https:\/\/www.facebook.com\/celtTV\/","article_published_time":"2014-09-26T13:34:59+00:00","author":"ulises","twitter_card":"summary_large_image","twitter_misc":{"Escrito por":"ulises","Tiempo de lectura":"1 minuto"},"schema":{"@context":"https:\/\/schema.org","@graph":[{"@type":"NewsArticle","@id":"https:\/\/www.celttv.com.ar\/index.php\/2014\/09\/26\/autoridades-de-carbap-se-reunieron-con-productores-de-toda-la-region-notas\/#article","isPartOf":{"@id":"https:\/\/www.celttv.com.ar\/index.php\/2014\/09\/26\/autoridades-de-carbap-se-reunieron-con-productores-de-toda-la-region-notas\/"},"author":{"name":"ulises","@id":"https:\/\/www.celttv.com.ar\/#\/schema\/person\/6d99c072dba59953809c81446e9d0ace"},"headline":"AUTORIDADES DE CARBAP SE REUNIERON CON PRODUCTORES DE TODA LA REGI\u00d3N (notas)","datePublished":"2014-09-26T13:34:59+00:00","dateModified":"2014-09-26T13:34:59+00:00","mainEntityOfPage":{"@id":"https:\/\/www.celttv.com.ar\/index.php\/2014\/09\/26\/autoridades-de-carbap-se-reunieron-con-productores-de-toda-la-region-notas\/"},"wordCount":196,"publisher":{"@id":"https:\/\/www.celttv.com.ar\/#organization"},"articleSection":["Comunidad","Destacadas"],"inLanguage":"es"},{"@type":"WebPage","@id":"https:\/\/www.celttv.com.ar\/index.php\/2014\/09\/26\/autoridades-de-carbap-se-reunieron-con-productores-de-toda-la-region-notas\/","url":"https:\/\/www.celttv.com.ar\/index.php\/2014\/09\/26\/autoridades-de-carbap-se-reunieron-con-productores-de-toda-la-region-notas\/","name":"AUTORIDADES DE CARBAP SE REUNIERON CON PRODUCTORES DE TODA LA REGI\u00d3N (notas) - CELTTV","isPartOf":{"@id":"https:\/\/www.celttv.com.ar\/#website"},"datePublished":"2014-09-26T13:34:59+00:00","dateModified":"2014-09-26T13:34:59+00:00","description":"Sitio web de noticias de la localidad de Tornquist, provincia de Buenos Aires, Rep\u00fablica Argentina. Contenido propio originado por periodistas de CELTTV, el canal de TV local de la Cooperativa El\u00e9ctrica de Tornquist. Turismo, Pol\u00edtica, Sociedad, Deporte, Cultura y todo el contenido de inter\u00e9s general que la gente del pueblo y la regi\u00f3n debe conocer.","breadcrumb":{"@id":"https:\/\/www.celttv.com.ar\/index.php\/2014\/09\/26\/autoridades-de-carbap-se-reunieron-con-productores-de-toda-la-region-notas\/#breadcrumb"},"inLanguage":"es","potentialAction":[{"@type":"ReadAction","target":["https:\/\/www.celttv.com.ar\/index.php\/2014\/09\/26\/autoridades-de-carbap-se-reunieron-con-productores-de-toda-la-region-notas\/"]}]},{"@type":"BreadcrumbList","@id":"https:\/\/www.celttv.com.ar\/index.php\/2014\/09\/26\/autoridades-de-carbap-se-reunieron-con-productores-de-toda-la-region-notas\/#breadcrumb","itemListElement":[{"@type":"ListItem","position":1,"name":"Inicio","item":"https:\/\/www.celttv.com.ar\/"},{"@type":"ListItem","position":2,"name":"AUTORIDADES DE CARBAP SE REUNIERON CON PRODUCTORES DE TODA LA REGI\u00d3N (notas)"}]},{"@type":"WebSite","@id":"https:\/\/www.celttv.com.ar\/#website","url":"https:\/\/www.celttv.com.ar\/","name":"CELTTV","description":"Cooperativa El\u00e9ctrica de Tornquist","publisher":{"@id":"https:\/\/www.celttv.com.ar\/#organization"},"potentialAction":[{"@type":"SearchAction","target":{"@type":"EntryPoint","urlTemplate":"https:\/\/www.celttv.com.ar\/?s={search_term_string}"},"query-input":"required name=search_term_string"}],"inLanguage":"es"},{"@type":"Organization","@id":"https:\/\/www.celttv.com.ar\/#organization","name":"CELTTV","url":"https:\/\/www.celttv.com.ar\/","sameAs":["https:\/\/www.youtube.com\/channel\/UCz_oIt8Hig64Ub-EmcNPIhg","https:\/\/www.facebook.com\/celtTV\/"],"logo":{"@type":"ImageObject","inLanguage":"es","@id":"https:\/\/www.celttv.com.ar\/#\/schema\/logo\/image\/","url":"http:\/\/www.celttv.com.ar\/wp-content\/uploads\/2022\/08\/logo-1.png","contentUrl":"http:\/\/www.celttv.com.ar\/wp-content\/uploads\/2022\/08\/logo-1.png","width":461,"height":159,"caption":"CELTTV"},"image":{"@id":"https:\/\/www.celttv.com.ar\/#\/schema\/logo\/image\/"}},{"@type":"Person","@id":"https:\/\/www.celttv.com.ar\/#\/schema\/person\/6d99c072dba59953809c81446e9d0ace","name":"ulises","image":{"@type":"ImageObject","inLanguage":"es","@id":"https:\/\/www.celttv.com.ar\/#\/schema\/person\/image\/","url":"https:\/\/secure.gravatar.com\/avatar\/7f2c48bdc33b30088f941fb6082e555f2874c98e20cb159d7b92b50eadfce793?s=96&d=mm&r=g","contentUrl":"https:\/\/secure.gravatar.com\/avatar\/7f2c48bdc33b30088f941fb6082e555f2874c98e20cb159d7b92b50eadfce793?s=96&d=mm&r=g","caption":"ulises"},"sameAs":["http:\/\/www.celttv.com.ar"]}]}},"_links":{"self":[{"href":"https:\/\/www.celttv.com.ar\/index.php\/wp-json\/wp\/v2\/posts\/23813","targetHints":{"allow":["GET"]}}],"collection":[{"href":"https:\/\/www.celttv.com.ar\/index.php\/wp-json\/wp\/v2\/posts"}],"about":[{"href":"https:\/\/www.celttv.com.ar\/index.php\/wp-json\/wp\/v2\/types\/post"}],"author":[{"embeddable":true,"href":"https:\/\/www.celttv.com.ar\/index.php\/wp-json\/wp\/v2\/users\/1"}],"replies":[{"embeddable":true,"href":"https:\/\/www.celttv.com.ar\/index.php\/wp-json\/wp\/v2\/comments?post=23813"}],"version-history":[{"count":0,"href":"https:\/\/www.celttv.com.ar\/index.php\/wp-json\/wp\/v2\/posts\/23813\/revisions"}],"wp:attachment":[{"href":"https:\/\/www.celttv.com.ar\/index.php\/wp-json\/wp\/v2\/media?parent=23813"}],"wp:term":[{"taxonomy":"category","embeddable":true,"href":"https:\/\/www.celttv.com.ar\/index.php\/wp-json\/wp\/v2\/categories?post=23813"},{"taxonomy":"post_tag","embeddable":true,"href":"https:\/\/www.celttv.com.ar\/index.php\/wp-json\/wp\/v2\/tags?post=23813"}],"curies":[{"name":"wp","href":"https:\/\/api.w.org\/{rel}","templated":true}]}}