{"id":23836,"date":"2014-09-27T17:18:04","date_gmt":"2014-09-27T17:18:04","guid":{"rendered":"http:\/\/www.tvcnoticias.com.ar\/?p=23836"},"modified":"2014-09-27T17:18:04","modified_gmt":"2014-09-27T17:18:04","slug":"dos-personas-perdieron-la-vida-en-un-accidente-en-la-ruta-76-video","status":"publish","type":"post","link":"https:\/\/www.celttv.com.ar\/index.php\/2014\/09\/27\/dos-personas-perdieron-la-vida-en-un-accidente-en-la-ruta-76-video\/","title":{"rendered":"DOS PERSONAS PERDIERON LA VIDA EN UN ACCIDENTE EN LA RUTA 76 (video)"},"content":{"rendered":"<p><a href=\"https:\/\/www.youtube.com\/watch?v=YDsKkcbQGYo\">httpv:\/\/www.youtube.com\/watch?v=YDsKkcbQGYo<\/a><br \/>\n<span style=\"font-family: Verdana, Arial, Helvetica, sans-serif; font-size: x-small;\">Un violento choque de frente se produjo este s\u00e1bado cerca de las dos de la ma\u00f1ana entre una camioneta y un auto en el kil\u00f3metro 240 de la Ruta 76 a unos\u00a0dos mil metros del acceso a la ciudad.<\/span><br \/>\n<span style=\"font-family: Verdana, Arial, Helvetica, sans-serif; font-size: x-small;\">En plena recta, colisionaron un Renault Symbol y una camioneta Ford F 100. En el auto se movilizaban cuatro hombres, dos perdieron la vida, el conductor y una persona que\u00a0\u00a0viajaba en el asiento trasero , un tercero fue rescatado conciente por los bomberos y el restante fue qui\u00e9n pudo acudir a pedir ayuda a un establecimiento cercano.<\/span><br \/>\n<span style=\"font-family: Verdana, Arial, Helvetica, sans-serif; font-size: x-small;\">Seg\u00fan algunos testimonios los ocupantes del auto se encontraban en la comarca filmando un video y ser\u00edan oriundos de Buenos Aires.<\/span><br \/>\n<span style=\"font-family: Verdana, Arial, Helvetica, sans-serif; font-size: x-small;\">Por su parte en la camioneta se trasladaban dos personas que tambi\u00e9n resultaron heridas. El conductor es oriundo de nuestra ciudad.<\/span><br \/>\n<span style=\"font-family: Verdana, Arial, Helvetica, sans-serif; font-size: x-small;\">La sirena de los bomberos alert\u00f3 la madrugada del s\u00e1bado y r\u00e1pidamente en conjunto con la polic\u00eda comunal se mont\u00f3 un operativo.<\/span><br \/>\n<span style=\"font-family: Verdana, Arial, Helvetica, sans-serif; font-size: x-small;\">El hecho ocurri\u00f3 en plena recta y la tarea de los peritos\u00a0\u00a0de polic\u00eda de Bah\u00eda Blanca\u00a0\u00a0demandaba el trabajo durante toda la madrugada para que luego puedan trasladarse los cuerpos a la morgue judicial.<\/span><br \/>\n<span style=\"font-family: Verdana, Arial, Helvetica, sans-serif; font-size: x-small;\"><strong>Las identidades suministradas por la polic\u00eda<\/strong><\/span><br \/>\n<span style=\"font-family: Verdana, Arial, Helvetica, sans-serif; font-size: x-small;\">Renault Symbol<\/span><br \/>\n<span style=\"font-family: Verdana, Arial, Helvetica, sans-serif; font-size: x-small;\">Carlos Alberto Garc\u00eda Lopez(56) Conductor Fallecido-reconocido m\u00fasico de Rock Nacional.Guitarrista de Charly Garc\u00eda.<\/span><br \/>\n<span style=\"font-family: Verdana, Arial, Helvetica, sans-serif; font-size: x-small;\">Octavio Guzman(21) acompa\u00f1ante parte trasera del veh\u00edculo Fallecido<\/span><br \/>\n<span style=\"font-family: Verdana, Arial, Helvetica, sans-serif; font-size: x-small;\">Federico Alcorta(36) y Hector Raggio(35) son los heridos que se encuentran internados en el hospital de Tornquist. Todos oriundos de Capital Federal.<\/span><br \/>\n<span style=\"font-family: Verdana, Arial, Helvetica, sans-serif; font-size: x-small;\">Los cuerpos de las personas fallecidos permanecen en la morgue del Hospital de Tornquist<\/span><br \/>\n<span style=\"font-family: Verdana, Arial, Helvetica, sans-serif; font-size: x-small;\">Camioneta Ford F 100<\/span><br \/>\n<span style=\"font-family: Verdana, Arial, Helvetica, sans-serif; font-size: x-small;\">Gustavo Salazar(32) conductor herido derivado al hospital Penna<\/span><br \/>\n<span style=\"font-family: Verdana, Arial, Helvetica, sans-serif; font-size: x-small;\">Alejandro Colipil(42) internado en el Hospital Municipal.<\/span><br \/>\n<span style=\"font-family: Verdana; font-size: x-small;\">Ambos domiciliados en Tornquist<\/span><br \/>\n&nbsp;<\/p>\n","protected":false},"excerpt":{"rendered":"<p>httpv:\/\/www.youtube.com\/watch?v=YDsKkcbQGYo Un violento choque de frente se produjo este s\u00e1bado cerca de las dos de la ma\u00f1ana entre una camioneta y un auto en el kil\u00f3metro 240 de la Ruta 76 a unos\u00a0dos mil metros del acceso a la ciudad. En plena recta, colisionaron un Renault Symbol y una camioneta Ford F 100. En el [&hellip;]<\/p>\n","protected":false},"author":1,"featured_media":0,"comment_status":"closed","ping_status":"open","sticky":false,"template":"","format":"standard","meta":{"footnotes":""},"categories":[51,52,61],"tags":[],"class_list":["post-23836","post","type-post","status-publish","format-standard","hentry","category-comunidad","category-destacadas","category-policiales"],"yoast_head":"<!-- This site is optimized with the Yoast SEO plugin v19.7.1 - https:\/\/yoast.com\/wordpress\/plugins\/seo\/ -->\n<title>DOS PERSONAS PERDIERON LA VIDA EN UN ACCIDENTE EN LA RUTA 76 (video) - CELTTV<\/title>\n<meta name=\"description\" content=\"Sitio web de noticias de la localidad de Tornquist, provincia de Buenos Aires, Rep\u00fablica Argentina. Contenido propio originado por periodistas de CELTTV, el canal de TV local de la Cooperativa El\u00e9ctrica de Tornquist. Turismo, Pol\u00edtica, Sociedad, Deporte, Cultura y todo el contenido de inter\u00e9s general que la gente del pueblo y la regi\u00f3n debe conocer.\" \/>\n<meta name=\"robots\" content=\"index, follow, max-snippet:-1, max-image-preview:large, max-video-preview:-1\" \/>\n<link rel=\"canonical\" href=\"https:\/\/www.celttv.com.ar\/index.php\/2014\/09\/27\/dos-personas-perdieron-la-vida-en-un-accidente-en-la-ruta-76-video\/\" \/>\n<meta property=\"og:locale\" content=\"es_ES\" \/>\n<meta property=\"og:type\" content=\"article\" \/>\n<meta property=\"og:title\" content=\"DOS PERSONAS PERDIERON LA VIDA EN UN ACCIDENTE EN LA RUTA 76 (video) - CELTTV\" \/>\n<meta property=\"og:description\" content=\"Sitio web de noticias de la localidad de Tornquist, provincia de Buenos Aires, Rep\u00fablica Argentina. Contenido propio originado por periodistas de CELTTV, el canal de TV local de la Cooperativa El\u00e9ctrica de Tornquist. Turismo, Pol\u00edtica, Sociedad, Deporte, Cultura y todo el contenido de inter\u00e9s general que la gente del pueblo y la regi\u00f3n debe conocer.\" \/>\n<meta property=\"og:url\" content=\"https:\/\/www.celttv.com.ar\/index.php\/2014\/09\/27\/dos-personas-perdieron-la-vida-en-un-accidente-en-la-ruta-76-video\/\" \/>\n<meta property=\"og:site_name\" content=\"CELTTV\" \/>\n<meta property=\"article:publisher\" content=\"https:\/\/www.facebook.com\/celtTV\/\" \/>\n<meta property=\"article:published_time\" content=\"2014-09-27T17:18:04+00:00\" \/>\n<meta name=\"author\" content=\"ulises\" \/>\n<meta name=\"twitter:card\" content=\"summary_large_image\" \/>\n<meta name=\"twitter:label1\" content=\"Escrito por\" \/>\n\t<meta name=\"twitter:data1\" content=\"ulises\" \/>\n\t<meta name=\"twitter:label2\" content=\"Tiempo de lectura\" \/>\n\t<meta name=\"twitter:data2\" content=\"2 minutos\" \/>\n<script type=\"application\/ld+json\" class=\"yoast-schema-graph\">{\"@context\":\"https:\/\/schema.org\",\"@graph\":[{\"@type\":\"NewsArticle\",\"@id\":\"https:\/\/www.celttv.com.ar\/index.php\/2014\/09\/27\/dos-personas-perdieron-la-vida-en-un-accidente-en-la-ruta-76-video\/#article\",\"isPartOf\":{\"@id\":\"https:\/\/www.celttv.com.ar\/index.php\/2014\/09\/27\/dos-personas-perdieron-la-vida-en-un-accidente-en-la-ruta-76-video\/\"},\"author\":{\"name\":\"ulises\",\"@id\":\"https:\/\/www.celttv.com.ar\/#\/schema\/person\/6d99c072dba59953809c81446e9d0ace\"},\"headline\":\"DOS PERSONAS PERDIERON LA VIDA EN UN ACCIDENTE EN LA RUTA 76 (video)\",\"datePublished\":\"2014-09-27T17:18:04+00:00\",\"dateModified\":\"2014-09-27T17:18:04+00:00\",\"mainEntityOfPage\":{\"@id\":\"https:\/\/www.celttv.com.ar\/index.php\/2014\/09\/27\/dos-personas-perdieron-la-vida-en-un-accidente-en-la-ruta-76-video\/\"},\"wordCount\":319,\"publisher\":{\"@id\":\"https:\/\/www.celttv.com.ar\/#organization\"},\"articleSection\":[\"Comunidad\",\"Destacadas\",\"Policiales\"],\"inLanguage\":\"es\"},{\"@type\":\"WebPage\",\"@id\":\"https:\/\/www.celttv.com.ar\/index.php\/2014\/09\/27\/dos-personas-perdieron-la-vida-en-un-accidente-en-la-ruta-76-video\/\",\"url\":\"https:\/\/www.celttv.com.ar\/index.php\/2014\/09\/27\/dos-personas-perdieron-la-vida-en-un-accidente-en-la-ruta-76-video\/\",\"name\":\"DOS PERSONAS PERDIERON LA VIDA EN UN ACCIDENTE EN LA RUTA 76 (video) - CELTTV\",\"isPartOf\":{\"@id\":\"https:\/\/www.celttv.com.ar\/#website\"},\"datePublished\":\"2014-09-27T17:18:04+00:00\",\"dateModified\":\"2014-09-27T17:18:04+00:00\",\"description\":\"Sitio web de noticias de la localidad de Tornquist, provincia de Buenos Aires, Rep\u00fablica Argentina. Contenido propio originado por periodistas de CELTTV, el canal de TV local de la Cooperativa El\u00e9ctrica de Tornquist. Turismo, Pol\u00edtica, Sociedad, Deporte, Cultura y todo el contenido de inter\u00e9s general que la gente del pueblo y la regi\u00f3n debe conocer.\",\"breadcrumb\":{\"@id\":\"https:\/\/www.celttv.com.ar\/index.php\/2014\/09\/27\/dos-personas-perdieron-la-vida-en-un-accidente-en-la-ruta-76-video\/#breadcrumb\"},\"inLanguage\":\"es\",\"potentialAction\":[{\"@type\":\"ReadAction\",\"target\":[\"https:\/\/www.celttv.com.ar\/index.php\/2014\/09\/27\/dos-personas-perdieron-la-vida-en-un-accidente-en-la-ruta-76-video\/\"]}]},{\"@type\":\"BreadcrumbList\",\"@id\":\"https:\/\/www.celttv.com.ar\/index.php\/2014\/09\/27\/dos-personas-perdieron-la-vida-en-un-accidente-en-la-ruta-76-video\/#breadcrumb\",\"itemListElement\":[{\"@type\":\"ListItem\",\"position\":1,\"name\":\"Inicio\",\"item\":\"https:\/\/www.celttv.com.ar\/\"},{\"@type\":\"ListItem\",\"position\":2,\"name\":\"DOS PERSONAS PERDIERON LA VIDA EN UN ACCIDENTE EN LA RUTA 76 (video)\"}]},{\"@type\":\"WebSite\",\"@id\":\"https:\/\/www.celttv.com.ar\/#website\",\"url\":\"https:\/\/www.celttv.com.ar\/\",\"name\":\"CELTTV\",\"description\":\"Cooperativa El\u00e9ctrica de Tornquist\",\"publisher\":{\"@id\":\"https:\/\/www.celttv.com.ar\/#organization\"},\"potentialAction\":[{\"@type\":\"SearchAction\",\"target\":{\"@type\":\"EntryPoint\",\"urlTemplate\":\"https:\/\/www.celttv.com.ar\/?s={search_term_string}\"},\"query-input\":\"required name=search_term_string\"}],\"inLanguage\":\"es\"},{\"@type\":\"Organization\",\"@id\":\"https:\/\/www.celttv.com.ar\/#organization\",\"name\":\"CELTTV\",\"url\":\"https:\/\/www.celttv.com.ar\/\",\"sameAs\":[\"https:\/\/www.youtube.com\/channel\/UCz_oIt8Hig64Ub-EmcNPIhg\",\"https:\/\/www.facebook.com\/celtTV\/\"],\"logo\":{\"@type\":\"ImageObject\",\"inLanguage\":\"es\",\"@id\":\"https:\/\/www.celttv.com.ar\/#\/schema\/logo\/image\/\",\"url\":\"http:\/\/www.celttv.com.ar\/wp-content\/uploads\/2022\/08\/logo-1.png\",\"contentUrl\":\"http:\/\/www.celttv.com.ar\/wp-content\/uploads\/2022\/08\/logo-1.png\",\"width\":461,\"height\":159,\"caption\":\"CELTTV\"},\"image\":{\"@id\":\"https:\/\/www.celttv.com.ar\/#\/schema\/logo\/image\/\"}},{\"@type\":\"Person\",\"@id\":\"https:\/\/www.celttv.com.ar\/#\/schema\/person\/6d99c072dba59953809c81446e9d0ace\",\"name\":\"ulises\",\"image\":{\"@type\":\"ImageObject\",\"inLanguage\":\"es\",\"@id\":\"https:\/\/www.celttv.com.ar\/#\/schema\/person\/image\/\",\"url\":\"https:\/\/secure.gravatar.com\/avatar\/7f2c48bdc33b30088f941fb6082e555f2874c98e20cb159d7b92b50eadfce793?s=96&d=mm&r=g\",\"contentUrl\":\"https:\/\/secure.gravatar.com\/avatar\/7f2c48bdc33b30088f941fb6082e555f2874c98e20cb159d7b92b50eadfce793?s=96&d=mm&r=g\",\"caption\":\"ulises\"},\"sameAs\":[\"http:\/\/www.celttv.com.ar\"]}]}<\/script>\n<!-- \/ Yoast SEO plugin. -->","yoast_head_json":{"title":"DOS PERSONAS PERDIERON LA VIDA EN UN ACCIDENTE EN LA RUTA 76 (video) - CELTTV","description":"Sitio web de noticias de la localidad de Tornquist, provincia de Buenos Aires, Rep\u00fablica Argentina. Contenido propio originado por periodistas de CELTTV, el canal de TV local de la Cooperativa El\u00e9ctrica de Tornquist. Turismo, Pol\u00edtica, Sociedad, Deporte, Cultura y todo el contenido de inter\u00e9s general que la gente del pueblo y la regi\u00f3n debe conocer.","robots":{"index":"index","follow":"follow","max-snippet":"max-snippet:-1","max-image-preview":"max-image-preview:large","max-video-preview":"max-video-preview:-1"},"canonical":"https:\/\/www.celttv.com.ar\/index.php\/2014\/09\/27\/dos-personas-perdieron-la-vida-en-un-accidente-en-la-ruta-76-video\/","og_locale":"es_ES","og_type":"article","og_title":"DOS PERSONAS PERDIERON LA VIDA EN UN ACCIDENTE EN LA RUTA 76 (video) - CELTTV","og_description":"Sitio web de noticias de la localidad de Tornquist, provincia de Buenos Aires, Rep\u00fablica Argentina. Contenido propio originado por periodistas de CELTTV, el canal de TV local de la Cooperativa El\u00e9ctrica de Tornquist. Turismo, Pol\u00edtica, Sociedad, Deporte, Cultura y todo el contenido de inter\u00e9s general que la gente del pueblo y la regi\u00f3n debe conocer.","og_url":"https:\/\/www.celttv.com.ar\/index.php\/2014\/09\/27\/dos-personas-perdieron-la-vida-en-un-accidente-en-la-ruta-76-video\/","og_site_name":"CELTTV","article_publisher":"https:\/\/www.facebook.com\/celtTV\/","article_published_time":"2014-09-27T17:18:04+00:00","author":"ulises","twitter_card":"summary_large_image","twitter_misc":{"Escrito por":"ulises","Tiempo de lectura":"2 minutos"},"schema":{"@context":"https:\/\/schema.org","@graph":[{"@type":"NewsArticle","@id":"https:\/\/www.celttv.com.ar\/index.php\/2014\/09\/27\/dos-personas-perdieron-la-vida-en-un-accidente-en-la-ruta-76-video\/#article","isPartOf":{"@id":"https:\/\/www.celttv.com.ar\/index.php\/2014\/09\/27\/dos-personas-perdieron-la-vida-en-un-accidente-en-la-ruta-76-video\/"},"author":{"name":"ulises","@id":"https:\/\/www.celttv.com.ar\/#\/schema\/person\/6d99c072dba59953809c81446e9d0ace"},"headline":"DOS PERSONAS PERDIERON LA VIDA EN UN ACCIDENTE EN LA RUTA 76 (video)","datePublished":"2014-09-27T17:18:04+00:00","dateModified":"2014-09-27T17:18:04+00:00","mainEntityOfPage":{"@id":"https:\/\/www.celttv.com.ar\/index.php\/2014\/09\/27\/dos-personas-perdieron-la-vida-en-un-accidente-en-la-ruta-76-video\/"},"wordCount":319,"publisher":{"@id":"https:\/\/www.celttv.com.ar\/#organization"},"articleSection":["Comunidad","Destacadas","Policiales"],"inLanguage":"es"},{"@type":"WebPage","@id":"https:\/\/www.celttv.com.ar\/index.php\/2014\/09\/27\/dos-personas-perdieron-la-vida-en-un-accidente-en-la-ruta-76-video\/","url":"https:\/\/www.celttv.com.ar\/index.php\/2014\/09\/27\/dos-personas-perdieron-la-vida-en-un-accidente-en-la-ruta-76-video\/","name":"DOS PERSONAS PERDIERON LA VIDA EN UN ACCIDENTE EN LA RUTA 76 (video) - CELTTV","isPartOf":{"@id":"https:\/\/www.celttv.com.ar\/#website"},"datePublished":"2014-09-27T17:18:04+00:00","dateModified":"2014-09-27T17:18:04+00:00","description":"Sitio web de noticias de la localidad de Tornquist, provincia de Buenos Aires, Rep\u00fablica Argentina. Contenido propio originado por periodistas de CELTTV, el canal de TV local de la Cooperativa El\u00e9ctrica de Tornquist. Turismo, Pol\u00edtica, Sociedad, Deporte, Cultura y todo el contenido de inter\u00e9s general que la gente del pueblo y la regi\u00f3n debe conocer.","breadcrumb":{"@id":"https:\/\/www.celttv.com.ar\/index.php\/2014\/09\/27\/dos-personas-perdieron-la-vida-en-un-accidente-en-la-ruta-76-video\/#breadcrumb"},"inLanguage":"es","potentialAction":[{"@type":"ReadAction","target":["https:\/\/www.celttv.com.ar\/index.php\/2014\/09\/27\/dos-personas-perdieron-la-vida-en-un-accidente-en-la-ruta-76-video\/"]}]},{"@type":"BreadcrumbList","@id":"https:\/\/www.celttv.com.ar\/index.php\/2014\/09\/27\/dos-personas-perdieron-la-vida-en-un-accidente-en-la-ruta-76-video\/#breadcrumb","itemListElement":[{"@type":"ListItem","position":1,"name":"Inicio","item":"https:\/\/www.celttv.com.ar\/"},{"@type":"ListItem","position":2,"name":"DOS PERSONAS PERDIERON LA VIDA EN UN ACCIDENTE EN LA RUTA 76 (video)"}]},{"@type":"WebSite","@id":"https:\/\/www.celttv.com.ar\/#website","url":"https:\/\/www.celttv.com.ar\/","name":"CELTTV","description":"Cooperativa El\u00e9ctrica de Tornquist","publisher":{"@id":"https:\/\/www.celttv.com.ar\/#organization"},"potentialAction":[{"@type":"SearchAction","target":{"@type":"EntryPoint","urlTemplate":"https:\/\/www.celttv.com.ar\/?s={search_term_string}"},"query-input":"required name=search_term_string"}],"inLanguage":"es"},{"@type":"Organization","@id":"https:\/\/www.celttv.com.ar\/#organization","name":"CELTTV","url":"https:\/\/www.celttv.com.ar\/","sameAs":["https:\/\/www.youtube.com\/channel\/UCz_oIt8Hig64Ub-EmcNPIhg","https:\/\/www.facebook.com\/celtTV\/"],"logo":{"@type":"ImageObject","inLanguage":"es","@id":"https:\/\/www.celttv.com.ar\/#\/schema\/logo\/image\/","url":"http:\/\/www.celttv.com.ar\/wp-content\/uploads\/2022\/08\/logo-1.png","contentUrl":"http:\/\/www.celttv.com.ar\/wp-content\/uploads\/2022\/08\/logo-1.png","width":461,"height":159,"caption":"CELTTV"},"image":{"@id":"https:\/\/www.celttv.com.ar\/#\/schema\/logo\/image\/"}},{"@type":"Person","@id":"https:\/\/www.celttv.com.ar\/#\/schema\/person\/6d99c072dba59953809c81446e9d0ace","name":"ulises","image":{"@type":"ImageObject","inLanguage":"es","@id":"https:\/\/www.celttv.com.ar\/#\/schema\/person\/image\/","url":"https:\/\/secure.gravatar.com\/avatar\/7f2c48bdc33b30088f941fb6082e555f2874c98e20cb159d7b92b50eadfce793?s=96&d=mm&r=g","contentUrl":"https:\/\/secure.gravatar.com\/avatar\/7f2c48bdc33b30088f941fb6082e555f2874c98e20cb159d7b92b50eadfce793?s=96&d=mm&r=g","caption":"ulises"},"sameAs":["http:\/\/www.celttv.com.ar"]}]}},"_links":{"self":[{"href":"https:\/\/www.celttv.com.ar\/index.php\/wp-json\/wp\/v2\/posts\/23836","targetHints":{"allow":["GET"]}}],"collection":[{"href":"https:\/\/www.celttv.com.ar\/index.php\/wp-json\/wp\/v2\/posts"}],"about":[{"href":"https:\/\/www.celttv.com.ar\/index.php\/wp-json\/wp\/v2\/types\/post"}],"author":[{"embeddable":true,"href":"https:\/\/www.celttv.com.ar\/index.php\/wp-json\/wp\/v2\/users\/1"}],"replies":[{"embeddable":true,"href":"https:\/\/www.celttv.com.ar\/index.php\/wp-json\/wp\/v2\/comments?post=23836"}],"version-history":[{"count":0,"href":"https:\/\/www.celttv.com.ar\/index.php\/wp-json\/wp\/v2\/posts\/23836\/revisions"}],"wp:attachment":[{"href":"https:\/\/www.celttv.com.ar\/index.php\/wp-json\/wp\/v2\/media?parent=23836"}],"wp:term":[{"taxonomy":"category","embeddable":true,"href":"https:\/\/www.celttv.com.ar\/index.php\/wp-json\/wp\/v2\/categories?post=23836"},{"taxonomy":"post_tag","embeddable":true,"href":"https:\/\/www.celttv.com.ar\/index.php\/wp-json\/wp\/v2\/tags?post=23836"}],"curies":[{"name":"wp","href":"https:\/\/api.w.org\/{rel}","templated":true}]}}