{"id":23839,"date":"2014-09-27T17:25:55","date_gmt":"2014-09-27T17:25:55","guid":{"rendered":"http:\/\/www.tvcnoticias.com.ar\/?p=23839"},"modified":"2014-09-27T17:25:55","modified_gmt":"2014-09-27T17:25:55","slug":"en-el-accidente-murio-el-famoso-guitarrista-de-charly","status":"publish","type":"post","link":"https:\/\/www.celttv.com.ar\/index.php\/2014\/09\/27\/en-el-accidente-murio-el-famoso-guitarrista-de-charly\/","title":{"rendered":"EN EL ACCIDENTE MURIO EL FAMOSO GUITARRISTA DE CHARLY"},"content":{"rendered":"<p>El guitarrista de Charly Garc\u00eda, Carlos Garc\u00eda L\u00f3pez, de 56 a\u00f1os, muri\u00f3 esta madrugada en un accidente de tr\u00e1nsito en la ruta 76, kil\u00f3metro 240, cerca del acceso a la ciudad de Tornquist.<br \/>\nEl veh\u00edculo, un Renault Symbol, impact\u00f3 de frente contra una camioneta Ford F100. All\u00ed tambi\u00e9n viajaban otras tres personas, entre ellas un camar\u00f3grafo, Octavio Guzm\u00e1n, de 21 a\u00f1os, que tambi\u00e9n muri\u00f3 por el impacto.<br \/>\nEl &#8220;Negro&#8221; Garc\u00eda L\u00f3pez comenz\u00f3 su carrera musical como guitarrista de La Torre, Zas junto a Miguel Mateos. Tambi\u00e9n particip\u00f3 en varios discos de Fito P\u00e1ez (&#8220;Del 63, Ey!&#8221; y &#8220;Enemigos \u00edntimos&#8221;). Con Charly,\u00a0grab\u00f3 &#8220;C\u00f3mo conseguir chicas&#8221;, &#8220;Filosof\u00eda barata y zapatos de goma&#8221;, &#8220;Say no More&#8221; y &#8220;El aguante&#8221;.<br \/>\nDebut\u00f3 como solista con Da Cruz, en 1992. A fines de 1999 se instal\u00f3 en M\u00e9xico y arm\u00f3 la Garc\u00eda L\u00f3pez Band junto al productor Oscar L\u00f3pez. En 2005 sali\u00f3 su material &#8220;N\u00fameros Rojos&#8221; con Charly Garc\u00eda en los\u00a0teclados, adem\u00e1s de su voz en una de las canciones del disco.<br \/>\nA comienzos de 2010 lanz\u00f3 en Argentina Esta vez invita el Negro con reconocidas figuras como invitados (David Leb\u00f3n, Juanse, Pity Alvarez, Willy Quiroga, Piti de Las Pastillas del Abuelo y Charly Garc\u00eda). En diciembre del a\u00f1o pasado, Carlos Garc\u00eda L\u00f3pez hab\u00eda publicado su cuarto disco como solista.<br \/>\n<strong>Fuente: <\/strong>TN, \u00a0LB24 y La Brujula<img loading=\"lazy\" decoding=\"async\" class=\"aligncenter size-medium wp-image-23840\" title=\"1472 - GUITARRISTA Y CHARLY (Medium)\" src=\"http:\/\/www.tvcnoticias.com.ar\/wp-content\/uploads\/2014\/09\/1472-GUITARRISTA-Y-CHARLY-Medium-450x250.jpg\" alt=\"\" width=\"450\" height=\"250\" \/><br \/>\n&nbsp;<\/p>\n","protected":false},"excerpt":{"rendered":"<p>El guitarrista de Charly Garc\u00eda, Carlos Garc\u00eda L\u00f3pez, de 56 a\u00f1os, muri\u00f3 esta madrugada en un accidente de tr\u00e1nsito en la ruta 76, kil\u00f3metro 240, cerca del acceso a la ciudad de Tornquist. El veh\u00edculo, un Renault Symbol, impact\u00f3 de frente contra una camioneta Ford F100. All\u00ed tambi\u00e9n viajaban otras tres personas, entre ellas un [&hellip;]<\/p>\n","protected":false},"author":1,"featured_media":0,"comment_status":"closed","ping_status":"open","sticky":false,"template":"","format":"standard","meta":{"footnotes":""},"categories":[51,52,56,61],"tags":[],"class_list":["post-23839","post","type-post","status-publish","format-standard","hentry","category-comunidad","category-destacadas","category-espectaculos","category-policiales"],"yoast_head":"<!-- This site is optimized with the Yoast SEO plugin v19.7.1 - https:\/\/yoast.com\/wordpress\/plugins\/seo\/ -->\n<title>EN EL ACCIDENTE MURIO EL FAMOSO GUITARRISTA DE CHARLY - CELTTV<\/title>\n<meta name=\"description\" content=\"Sitio web de noticias de la localidad de Tornquist, provincia de Buenos Aires, Rep\u00fablica Argentina. Contenido propio originado por periodistas de CELTTV, el canal de TV local de la Cooperativa El\u00e9ctrica de Tornquist. Turismo, Pol\u00edtica, Sociedad, Deporte, Cultura y todo el contenido de inter\u00e9s general que la gente del pueblo y la regi\u00f3n debe conocer.\" \/>\n<meta name=\"robots\" content=\"index, follow, max-snippet:-1, max-image-preview:large, max-video-preview:-1\" \/>\n<link rel=\"canonical\" href=\"https:\/\/www.celttv.com.ar\/index.php\/2014\/09\/27\/en-el-accidente-murio-el-famoso-guitarrista-de-charly\/\" \/>\n<meta property=\"og:locale\" content=\"es_ES\" \/>\n<meta property=\"og:type\" content=\"article\" \/>\n<meta property=\"og:title\" content=\"EN EL ACCIDENTE MURIO EL FAMOSO GUITARRISTA DE CHARLY - CELTTV\" \/>\n<meta property=\"og:description\" content=\"Sitio web de noticias de la localidad de Tornquist, provincia de Buenos Aires, Rep\u00fablica Argentina. Contenido propio originado por periodistas de CELTTV, el canal de TV local de la Cooperativa El\u00e9ctrica de Tornquist. Turismo, Pol\u00edtica, Sociedad, Deporte, Cultura y todo el contenido de inter\u00e9s general que la gente del pueblo y la regi\u00f3n debe conocer.\" \/>\n<meta property=\"og:url\" content=\"https:\/\/www.celttv.com.ar\/index.php\/2014\/09\/27\/en-el-accidente-murio-el-famoso-guitarrista-de-charly\/\" \/>\n<meta property=\"og:site_name\" content=\"CELTTV\" \/>\n<meta property=\"article:publisher\" content=\"https:\/\/www.facebook.com\/celtTV\/\" \/>\n<meta property=\"article:published_time\" content=\"2014-09-27T17:25:55+00:00\" \/>\n<meta property=\"og:image\" content=\"http:\/\/www.tvcnoticias.com.ar\/wp-content\/uploads\/2014\/09\/1472-GUITARRISTA-Y-CHARLY-Medium-450x250.jpg\" \/>\n<meta name=\"author\" content=\"ulises\" \/>\n<meta name=\"twitter:card\" content=\"summary_large_image\" \/>\n<meta name=\"twitter:label1\" content=\"Escrito por\" \/>\n\t<meta name=\"twitter:data1\" content=\"ulises\" \/>\n\t<meta name=\"twitter:label2\" content=\"Tiempo de lectura\" \/>\n\t<meta name=\"twitter:data2\" content=\"1 minuto\" \/>\n<script type=\"application\/ld+json\" class=\"yoast-schema-graph\">{\"@context\":\"https:\/\/schema.org\",\"@graph\":[{\"@type\":\"NewsArticle\",\"@id\":\"https:\/\/www.celttv.com.ar\/index.php\/2014\/09\/27\/en-el-accidente-murio-el-famoso-guitarrista-de-charly\/#article\",\"isPartOf\":{\"@id\":\"https:\/\/www.celttv.com.ar\/index.php\/2014\/09\/27\/en-el-accidente-murio-el-famoso-guitarrista-de-charly\/\"},\"author\":{\"name\":\"ulises\",\"@id\":\"https:\/\/www.celttv.com.ar\/#\/schema\/person\/6d99c072dba59953809c81446e9d0ace\"},\"headline\":\"EN EL ACCIDENTE MURIO EL FAMOSO GUITARRISTA DE CHARLY\",\"datePublished\":\"2014-09-27T17:25:55+00:00\",\"dateModified\":\"2014-09-27T17:25:55+00:00\",\"mainEntityOfPage\":{\"@id\":\"https:\/\/www.celttv.com.ar\/index.php\/2014\/09\/27\/en-el-accidente-murio-el-famoso-guitarrista-de-charly\/\"},\"wordCount\":254,\"publisher\":{\"@id\":\"https:\/\/www.celttv.com.ar\/#organization\"},\"articleSection\":[\"Comunidad\",\"Destacadas\",\"Espect\u00e1culos\",\"Policiales\"],\"inLanguage\":\"es\"},{\"@type\":\"WebPage\",\"@id\":\"https:\/\/www.celttv.com.ar\/index.php\/2014\/09\/27\/en-el-accidente-murio-el-famoso-guitarrista-de-charly\/\",\"url\":\"https:\/\/www.celttv.com.ar\/index.php\/2014\/09\/27\/en-el-accidente-murio-el-famoso-guitarrista-de-charly\/\",\"name\":\"EN EL ACCIDENTE MURIO EL FAMOSO GUITARRISTA DE CHARLY - CELTTV\",\"isPartOf\":{\"@id\":\"https:\/\/www.celttv.com.ar\/#website\"},\"datePublished\":\"2014-09-27T17:25:55+00:00\",\"dateModified\":\"2014-09-27T17:25:55+00:00\",\"description\":\"Sitio web de noticias de la localidad de Tornquist, provincia de Buenos Aires, Rep\u00fablica Argentina. Contenido propio originado por periodistas de CELTTV, el canal de TV local de la Cooperativa El\u00e9ctrica de Tornquist. Turismo, Pol\u00edtica, Sociedad, Deporte, Cultura y todo el contenido de inter\u00e9s general que la gente del pueblo y la regi\u00f3n debe conocer.\",\"breadcrumb\":{\"@id\":\"https:\/\/www.celttv.com.ar\/index.php\/2014\/09\/27\/en-el-accidente-murio-el-famoso-guitarrista-de-charly\/#breadcrumb\"},\"inLanguage\":\"es\",\"potentialAction\":[{\"@type\":\"ReadAction\",\"target\":[\"https:\/\/www.celttv.com.ar\/index.php\/2014\/09\/27\/en-el-accidente-murio-el-famoso-guitarrista-de-charly\/\"]}]},{\"@type\":\"BreadcrumbList\",\"@id\":\"https:\/\/www.celttv.com.ar\/index.php\/2014\/09\/27\/en-el-accidente-murio-el-famoso-guitarrista-de-charly\/#breadcrumb\",\"itemListElement\":[{\"@type\":\"ListItem\",\"position\":1,\"name\":\"Inicio\",\"item\":\"https:\/\/www.celttv.com.ar\/\"},{\"@type\":\"ListItem\",\"position\":2,\"name\":\"EN EL ACCIDENTE MURIO EL FAMOSO GUITARRISTA DE CHARLY\"}]},{\"@type\":\"WebSite\",\"@id\":\"https:\/\/www.celttv.com.ar\/#website\",\"url\":\"https:\/\/www.celttv.com.ar\/\",\"name\":\"CELTTV\",\"description\":\"Cooperativa El\u00e9ctrica de Tornquist\",\"publisher\":{\"@id\":\"https:\/\/www.celttv.com.ar\/#organization\"},\"potentialAction\":[{\"@type\":\"SearchAction\",\"target\":{\"@type\":\"EntryPoint\",\"urlTemplate\":\"https:\/\/www.celttv.com.ar\/?s={search_term_string}\"},\"query-input\":\"required name=search_term_string\"}],\"inLanguage\":\"es\"},{\"@type\":\"Organization\",\"@id\":\"https:\/\/www.celttv.com.ar\/#organization\",\"name\":\"CELTTV\",\"url\":\"https:\/\/www.celttv.com.ar\/\",\"sameAs\":[\"https:\/\/www.youtube.com\/channel\/UCz_oIt8Hig64Ub-EmcNPIhg\",\"https:\/\/www.facebook.com\/celtTV\/\"],\"logo\":{\"@type\":\"ImageObject\",\"inLanguage\":\"es\",\"@id\":\"https:\/\/www.celttv.com.ar\/#\/schema\/logo\/image\/\",\"url\":\"http:\/\/www.celttv.com.ar\/wp-content\/uploads\/2022\/08\/logo-1.png\",\"contentUrl\":\"http:\/\/www.celttv.com.ar\/wp-content\/uploads\/2022\/08\/logo-1.png\",\"width\":461,\"height\":159,\"caption\":\"CELTTV\"},\"image\":{\"@id\":\"https:\/\/www.celttv.com.ar\/#\/schema\/logo\/image\/\"}},{\"@type\":\"Person\",\"@id\":\"https:\/\/www.celttv.com.ar\/#\/schema\/person\/6d99c072dba59953809c81446e9d0ace\",\"name\":\"ulises\",\"image\":{\"@type\":\"ImageObject\",\"inLanguage\":\"es\",\"@id\":\"https:\/\/www.celttv.com.ar\/#\/schema\/person\/image\/\",\"url\":\"https:\/\/secure.gravatar.com\/avatar\/7f2c48bdc33b30088f941fb6082e555f2874c98e20cb159d7b92b50eadfce793?s=96&d=mm&r=g\",\"contentUrl\":\"https:\/\/secure.gravatar.com\/avatar\/7f2c48bdc33b30088f941fb6082e555f2874c98e20cb159d7b92b50eadfce793?s=96&d=mm&r=g\",\"caption\":\"ulises\"},\"sameAs\":[\"http:\/\/www.celttv.com.ar\"]}]}<\/script>\n<!-- \/ Yoast SEO plugin. -->","yoast_head_json":{"title":"EN EL ACCIDENTE MURIO EL FAMOSO GUITARRISTA DE CHARLY - CELTTV","description":"Sitio web de noticias de la localidad de Tornquist, provincia de Buenos Aires, Rep\u00fablica Argentina. Contenido propio originado por periodistas de CELTTV, el canal de TV local de la Cooperativa El\u00e9ctrica de Tornquist. Turismo, Pol\u00edtica, Sociedad, Deporte, Cultura y todo el contenido de inter\u00e9s general que la gente del pueblo y la regi\u00f3n debe conocer.","robots":{"index":"index","follow":"follow","max-snippet":"max-snippet:-1","max-image-preview":"max-image-preview:large","max-video-preview":"max-video-preview:-1"},"canonical":"https:\/\/www.celttv.com.ar\/index.php\/2014\/09\/27\/en-el-accidente-murio-el-famoso-guitarrista-de-charly\/","og_locale":"es_ES","og_type":"article","og_title":"EN EL ACCIDENTE MURIO EL FAMOSO GUITARRISTA DE CHARLY - CELTTV","og_description":"Sitio web de noticias de la localidad de Tornquist, provincia de Buenos Aires, Rep\u00fablica Argentina. Contenido propio originado por periodistas de CELTTV, el canal de TV local de la Cooperativa El\u00e9ctrica de Tornquist. Turismo, Pol\u00edtica, Sociedad, Deporte, Cultura y todo el contenido de inter\u00e9s general que la gente del pueblo y la regi\u00f3n debe conocer.","og_url":"https:\/\/www.celttv.com.ar\/index.php\/2014\/09\/27\/en-el-accidente-murio-el-famoso-guitarrista-de-charly\/","og_site_name":"CELTTV","article_publisher":"https:\/\/www.facebook.com\/celtTV\/","article_published_time":"2014-09-27T17:25:55+00:00","og_image":[{"url":"http:\/\/www.tvcnoticias.com.ar\/wp-content\/uploads\/2014\/09\/1472-GUITARRISTA-Y-CHARLY-Medium-450x250.jpg"}],"author":"ulises","twitter_card":"summary_large_image","twitter_misc":{"Escrito por":"ulises","Tiempo de lectura":"1 minuto"},"schema":{"@context":"https:\/\/schema.org","@graph":[{"@type":"NewsArticle","@id":"https:\/\/www.celttv.com.ar\/index.php\/2014\/09\/27\/en-el-accidente-murio-el-famoso-guitarrista-de-charly\/#article","isPartOf":{"@id":"https:\/\/www.celttv.com.ar\/index.php\/2014\/09\/27\/en-el-accidente-murio-el-famoso-guitarrista-de-charly\/"},"author":{"name":"ulises","@id":"https:\/\/www.celttv.com.ar\/#\/schema\/person\/6d99c072dba59953809c81446e9d0ace"},"headline":"EN EL ACCIDENTE MURIO EL FAMOSO GUITARRISTA DE CHARLY","datePublished":"2014-09-27T17:25:55+00:00","dateModified":"2014-09-27T17:25:55+00:00","mainEntityOfPage":{"@id":"https:\/\/www.celttv.com.ar\/index.php\/2014\/09\/27\/en-el-accidente-murio-el-famoso-guitarrista-de-charly\/"},"wordCount":254,"publisher":{"@id":"https:\/\/www.celttv.com.ar\/#organization"},"articleSection":["Comunidad","Destacadas","Espect\u00e1culos","Policiales"],"inLanguage":"es"},{"@type":"WebPage","@id":"https:\/\/www.celttv.com.ar\/index.php\/2014\/09\/27\/en-el-accidente-murio-el-famoso-guitarrista-de-charly\/","url":"https:\/\/www.celttv.com.ar\/index.php\/2014\/09\/27\/en-el-accidente-murio-el-famoso-guitarrista-de-charly\/","name":"EN EL ACCIDENTE MURIO EL FAMOSO GUITARRISTA DE CHARLY - CELTTV","isPartOf":{"@id":"https:\/\/www.celttv.com.ar\/#website"},"datePublished":"2014-09-27T17:25:55+00:00","dateModified":"2014-09-27T17:25:55+00:00","description":"Sitio web de noticias de la localidad de Tornquist, provincia de Buenos Aires, Rep\u00fablica Argentina. Contenido propio originado por periodistas de CELTTV, el canal de TV local de la Cooperativa El\u00e9ctrica de Tornquist. Turismo, Pol\u00edtica, Sociedad, Deporte, Cultura y todo el contenido de inter\u00e9s general que la gente del pueblo y la regi\u00f3n debe conocer.","breadcrumb":{"@id":"https:\/\/www.celttv.com.ar\/index.php\/2014\/09\/27\/en-el-accidente-murio-el-famoso-guitarrista-de-charly\/#breadcrumb"},"inLanguage":"es","potentialAction":[{"@type":"ReadAction","target":["https:\/\/www.celttv.com.ar\/index.php\/2014\/09\/27\/en-el-accidente-murio-el-famoso-guitarrista-de-charly\/"]}]},{"@type":"BreadcrumbList","@id":"https:\/\/www.celttv.com.ar\/index.php\/2014\/09\/27\/en-el-accidente-murio-el-famoso-guitarrista-de-charly\/#breadcrumb","itemListElement":[{"@type":"ListItem","position":1,"name":"Inicio","item":"https:\/\/www.celttv.com.ar\/"},{"@type":"ListItem","position":2,"name":"EN EL ACCIDENTE MURIO EL FAMOSO GUITARRISTA DE CHARLY"}]},{"@type":"WebSite","@id":"https:\/\/www.celttv.com.ar\/#website","url":"https:\/\/www.celttv.com.ar\/","name":"CELTTV","description":"Cooperativa El\u00e9ctrica de Tornquist","publisher":{"@id":"https:\/\/www.celttv.com.ar\/#organization"},"potentialAction":[{"@type":"SearchAction","target":{"@type":"EntryPoint","urlTemplate":"https:\/\/www.celttv.com.ar\/?s={search_term_string}"},"query-input":"required name=search_term_string"}],"inLanguage":"es"},{"@type":"Organization","@id":"https:\/\/www.celttv.com.ar\/#organization","name":"CELTTV","url":"https:\/\/www.celttv.com.ar\/","sameAs":["https:\/\/www.youtube.com\/channel\/UCz_oIt8Hig64Ub-EmcNPIhg","https:\/\/www.facebook.com\/celtTV\/"],"logo":{"@type":"ImageObject","inLanguage":"es","@id":"https:\/\/www.celttv.com.ar\/#\/schema\/logo\/image\/","url":"http:\/\/www.celttv.com.ar\/wp-content\/uploads\/2022\/08\/logo-1.png","contentUrl":"http:\/\/www.celttv.com.ar\/wp-content\/uploads\/2022\/08\/logo-1.png","width":461,"height":159,"caption":"CELTTV"},"image":{"@id":"https:\/\/www.celttv.com.ar\/#\/schema\/logo\/image\/"}},{"@type":"Person","@id":"https:\/\/www.celttv.com.ar\/#\/schema\/person\/6d99c072dba59953809c81446e9d0ace","name":"ulises","image":{"@type":"ImageObject","inLanguage":"es","@id":"https:\/\/www.celttv.com.ar\/#\/schema\/person\/image\/","url":"https:\/\/secure.gravatar.com\/avatar\/7f2c48bdc33b30088f941fb6082e555f2874c98e20cb159d7b92b50eadfce793?s=96&d=mm&r=g","contentUrl":"https:\/\/secure.gravatar.com\/avatar\/7f2c48bdc33b30088f941fb6082e555f2874c98e20cb159d7b92b50eadfce793?s=96&d=mm&r=g","caption":"ulises"},"sameAs":["http:\/\/www.celttv.com.ar"]}]}},"_links":{"self":[{"href":"https:\/\/www.celttv.com.ar\/index.php\/wp-json\/wp\/v2\/posts\/23839","targetHints":{"allow":["GET"]}}],"collection":[{"href":"https:\/\/www.celttv.com.ar\/index.php\/wp-json\/wp\/v2\/posts"}],"about":[{"href":"https:\/\/www.celttv.com.ar\/index.php\/wp-json\/wp\/v2\/types\/post"}],"author":[{"embeddable":true,"href":"https:\/\/www.celttv.com.ar\/index.php\/wp-json\/wp\/v2\/users\/1"}],"replies":[{"embeddable":true,"href":"https:\/\/www.celttv.com.ar\/index.php\/wp-json\/wp\/v2\/comments?post=23839"}],"version-history":[{"count":0,"href":"https:\/\/www.celttv.com.ar\/index.php\/wp-json\/wp\/v2\/posts\/23839\/revisions"}],"wp:attachment":[{"href":"https:\/\/www.celttv.com.ar\/index.php\/wp-json\/wp\/v2\/media?parent=23839"}],"wp:term":[{"taxonomy":"category","embeddable":true,"href":"https:\/\/www.celttv.com.ar\/index.php\/wp-json\/wp\/v2\/categories?post=23839"},{"taxonomy":"post_tag","embeddable":true,"href":"https:\/\/www.celttv.com.ar\/index.php\/wp-json\/wp\/v2\/tags?post=23839"}],"curies":[{"name":"wp","href":"https:\/\/api.w.org\/{rel}","templated":true}]}}