{"id":23859,"date":"2014-09-29T21:11:56","date_gmt":"2014-09-29T21:11:56","guid":{"rendered":"http:\/\/www.tvcnoticias.com.ar\/?p=23859"},"modified":"2014-09-29T21:11:56","modified_gmt":"2014-09-29T21:11:56","slug":"en-produccion-de-carne-si-no-trabajamos-en-sanidad-y-manejo-es-como-trabajar-con-la-luz-apagada-dijo-e-ing-anibal-fernandez-mayer","status":"publish","type":"post","link":"https:\/\/www.celttv.com.ar\/index.php\/2014\/09\/29\/en-produccion-de-carne-si-no-trabajamos-en-sanidad-y-manejo-es-como-trabajar-con-la-luz-apagada-dijo-e-ing-anibal-fernandez-mayer\/","title":{"rendered":"EN PRODUCCION DE CARNE SI NO TRABAJAMOS EN SANIDAD Y MANEJO, ES COMO TRABAJAR CON LA LUZ APAGADA&#8221; dijo el Ing. Anibal Fernandez Mayer"},"content":{"rendered":"<p><a href=\"https:\/\/www.youtube.com\/watch?v=4HzOaOHonfA\">httpv:\/\/www.youtube.com\/watch?v=4HzOaOHonfA<\/a><br \/>\n\u201cEl futuro de la ganader\u00eda es muy promisorio, pero si nos preparamos. En cada caso el productor tiene muchas tareas para hacer dentro de su campo, independientemente del precio de la carne o de los mercados\u201d<br \/>\n\u201cTienen que trabajar mucho en el tema de sanidad y de manejo. Cuando eso no se hace es como trabajar con la luz apagada y no tenemos un rumbo y eso afecta, no solo a la producci\u00f3n del campo, sino tambi\u00e9n al pa\u00eds\u201d dijo en Tornquist el Ing.\u00a0 Anibal Fernandez Mayer, en el marco de la charla sobre \u201cbases para mejorar la rentabilidad de la ganader\u00eda de carne y Suplementaci\u00f3n estrat\u00e9gica en sistemas pastoriales\u201d que estuvo \u00a0organizada por la Asociaci\u00f3n Rural de Tornquist y el Instituto de Promoci\u00f3n de la Carne Vacuna Argentina.<br \/>\n\u201cEsta es una cultura que el productor de carnes trae desde el siglo XVIII\u00a0 cuando llegaron las grandes estancias y no hab\u00eda alambrados. En cambio la leche vino con los vascos y los italianos donde hab\u00eda campos chiquitos y ten\u00edan un manejo personalizado de la vaca lechera, en cambio el caso de la carne no se sab\u00eda la cantidad de animales que hab\u00eda perdido en el monte o en el campo\u201d dijo Fernandez Mayer.<br \/>\n\u201cEsa historia hoy est\u00e1 intacta; el productor lechero busc\u00f3 desde aquellos momentos hacer un manejos m\u00e1s personalizado y luchar y aprovechar mas todos los recursos. Ene l otro extremo tenemos la carne que se la utiliz\u00f3 como una especia de caja de ahorro. Yo ten\u00eda que cancelar una deuda, vend\u00ed a animales y pagaba el cr\u00e9dito o una deuda y ahora est\u00e1 impactando negativamente en el sistema de comercializaci\u00f3n y en el futuro\u201d<br \/>\n\u00bfPodemos mejorar el futuro? \u2013se pregunt\u00f3-\u00a0 \u201cSe puede mejorar y estamos en las puertas de grandes cambios desde el punto de vista comercial y del mundo exterior\u201d asegur\u00f3 Fernandez Mayer.<br \/>\n\u201cRusia, China y los paiases asi\u00e1ticos no est\u00e1n mirando a un pa\u00eds, est\u00e1n mirando a Am\u00e9rica, porque est\u00e1n necesitando de comida y comida es carne, granos, soja, y son los cereales. En cuanto a carne, van a venir a Am\u00e9rica Latina, pero no vienen a comprar cualquier cosa, vienen a comprar animales sanos, con un protocolo muy r\u00edgido. Animales sanos, con baja suplementaci\u00f3n y buscando calidad de carnes. Cada uno paga lo que pueda pagar, pero busca eso\u201d<br \/>\n\u201cHoy en Argentina el slogan de que teneiamos la mejor carne del mundo FUE. Tuvimos la mejor carne del mundo. Eso fue en la d\u00e9cada del 70, 80 y parte del 90. Hoy Brasil, en calidad, nos est\u00e1 igualando. El trabajo de gen\u00e9tica de Brasil hizo que nos igualara en calidad de carnes\u201d sostuvo.<br \/>\n\u201cNo podemos perder el volumen de animales preparados para exportar . Si ma\u00f1ana se abren los mercados externos en la Argentina no tenemos carnes para exportar . Hoy Brasil exporta nueve millones de toneladas, Uruguay quienientas mil toneladas, Paraguay cuatrocientas mil y Argentina 350.000 toneladas. Estamos por debajo de Paraguay\u201d dijo Fernandez Mayer.<br \/>\n\u201cVeinte a\u00f1os atr\u00e1s exportamos dos millones y medio de toneladas y hoy estamos casi en el 10%\u201d se\u00f1al\u00f3.<br \/>\n\u201cHay varias responsabilidades; los gobiernos tienen su responsabilidad, las universidades tienen su responsabilidad, y mucha; los productores tienen su responsabilidad e instituciones como la que yo trabajo que es el INTA. Tambi\u00e9n tienen su responsabilidad\u201d<br \/>\n\u201cEn un estudio que se realiz\u00f3 recientemente en la rural de Pehuaj\u00f3, se demostr\u00f3 que el 60% de los productores\u00a0 no hace an\u00e1lisis de brucelosis y tuberculosis, el 50% no hace tacto, no revisan los toros. Tienen todo el a\u00f1o los toros con las vacas. Eso no depende del precio, eso depende de decisiones de querer tener animales enfermos en el campo y estar trabajando con animales que pueden contagiar a la familia. No le echemos la culpa a un mercado, a un gobierno, a los consignatarios o al aumento del gas oil; eso es un problema de decisi\u00f3npersonal\u201d<br \/>\n\u201cMiremos hacia adentro para ver cu\u00e1ntas cosas podemos mejorar\u00a0 y seguro que vamos a aprovechar mejor estas oportunidades\u201d concluy\u00f3.<br \/>\n&nbsp;<\/p>\n","protected":false},"excerpt":{"rendered":"<p>httpv:\/\/www.youtube.com\/watch?v=4HzOaOHonfA \u201cEl futuro de la ganader\u00eda es muy promisorio, pero si nos preparamos. En cada caso el productor tiene muchas tareas para hacer dentro de su campo, independientemente del precio de la carne o de los mercados\u201d \u201cTienen que trabajar mucho en el tema de sanidad y de manejo. Cuando eso no se hace es [&hellip;]<\/p>\n","protected":false},"author":1,"featured_media":0,"comment_status":"closed","ping_status":"open","sticky":false,"template":"","format":"standard","meta":{"footnotes":""},"categories":[51,52,64],"tags":[],"class_list":["post-23859","post","type-post","status-publish","format-standard","hentry","category-comunidad","category-destacadas","category-videos-destacados"],"yoast_head":"<!-- This site is optimized with the Yoast SEO plugin v19.7.1 - https:\/\/yoast.com\/wordpress\/plugins\/seo\/ -->\n<title>EN PRODUCCION DE CARNE SI NO TRABAJAMOS EN SANIDAD Y MANEJO, ES COMO TRABAJAR CON LA LUZ APAGADA&quot; dijo el Ing. Anibal Fernandez Mayer - CELTTV<\/title>\n<meta name=\"description\" content=\"Sitio web de noticias de la localidad de Tornquist, provincia de Buenos Aires, Rep\u00fablica Argentina. Contenido propio originado por periodistas de CELTTV, el canal de TV local de la Cooperativa El\u00e9ctrica de Tornquist. Turismo, Pol\u00edtica, Sociedad, Deporte, Cultura y todo el contenido de inter\u00e9s general que la gente del pueblo y la regi\u00f3n debe conocer.\" \/>\n<meta name=\"robots\" content=\"index, follow, max-snippet:-1, max-image-preview:large, max-video-preview:-1\" \/>\n<link rel=\"canonical\" href=\"https:\/\/www.celttv.com.ar\/index.php\/2014\/09\/29\/en-produccion-de-carne-si-no-trabajamos-en-sanidad-y-manejo-es-como-trabajar-con-la-luz-apagada-dijo-e-ing-anibal-fernandez-mayer\/\" \/>\n<meta property=\"og:locale\" content=\"es_ES\" \/>\n<meta property=\"og:type\" content=\"article\" \/>\n<meta property=\"og:title\" content=\"EN PRODUCCION DE CARNE SI NO TRABAJAMOS EN SANIDAD Y MANEJO, ES COMO TRABAJAR CON LA LUZ APAGADA&quot; dijo el Ing. Anibal Fernandez Mayer - CELTTV\" \/>\n<meta property=\"og:description\" content=\"Sitio web de noticias de la localidad de Tornquist, provincia de Buenos Aires, Rep\u00fablica Argentina. Contenido propio originado por periodistas de CELTTV, el canal de TV local de la Cooperativa El\u00e9ctrica de Tornquist. Turismo, Pol\u00edtica, Sociedad, Deporte, Cultura y todo el contenido de inter\u00e9s general que la gente del pueblo y la regi\u00f3n debe conocer.\" \/>\n<meta property=\"og:url\" content=\"https:\/\/www.celttv.com.ar\/index.php\/2014\/09\/29\/en-produccion-de-carne-si-no-trabajamos-en-sanidad-y-manejo-es-como-trabajar-con-la-luz-apagada-dijo-e-ing-anibal-fernandez-mayer\/\" \/>\n<meta property=\"og:site_name\" content=\"CELTTV\" \/>\n<meta property=\"article:publisher\" content=\"https:\/\/www.facebook.com\/celtTV\/\" \/>\n<meta property=\"article:published_time\" content=\"2014-09-29T21:11:56+00:00\" \/>\n<meta name=\"author\" content=\"ulises\" \/>\n<meta name=\"twitter:card\" content=\"summary_large_image\" \/>\n<meta name=\"twitter:label1\" content=\"Escrito por\" \/>\n\t<meta name=\"twitter:data1\" content=\"ulises\" \/>\n\t<meta name=\"twitter:label2\" content=\"Tiempo de lectura\" \/>\n\t<meta name=\"twitter:data2\" content=\"4 minutos\" \/>\n<script type=\"application\/ld+json\" class=\"yoast-schema-graph\">{\"@context\":\"https:\/\/schema.org\",\"@graph\":[{\"@type\":\"NewsArticle\",\"@id\":\"https:\/\/www.celttv.com.ar\/index.php\/2014\/09\/29\/en-produccion-de-carne-si-no-trabajamos-en-sanidad-y-manejo-es-como-trabajar-con-la-luz-apagada-dijo-e-ing-anibal-fernandez-mayer\/#article\",\"isPartOf\":{\"@id\":\"https:\/\/www.celttv.com.ar\/index.php\/2014\/09\/29\/en-produccion-de-carne-si-no-trabajamos-en-sanidad-y-manejo-es-como-trabajar-con-la-luz-apagada-dijo-e-ing-anibal-fernandez-mayer\/\"},\"author\":{\"name\":\"ulises\",\"@id\":\"https:\/\/www.celttv.com.ar\/#\/schema\/person\/6d99c072dba59953809c81446e9d0ace\"},\"headline\":\"EN PRODUCCION DE CARNE SI NO TRABAJAMOS EN SANIDAD Y MANEJO, ES COMO TRABAJAR CON LA LUZ APAGADA&#8221; dijo el Ing. Anibal Fernandez Mayer\",\"datePublished\":\"2014-09-29T21:11:56+00:00\",\"dateModified\":\"2014-09-29T21:11:56+00:00\",\"mainEntityOfPage\":{\"@id\":\"https:\/\/www.celttv.com.ar\/index.php\/2014\/09\/29\/en-produccion-de-carne-si-no-trabajamos-en-sanidad-y-manejo-es-como-trabajar-con-la-luz-apagada-dijo-e-ing-anibal-fernandez-mayer\/\"},\"wordCount\":724,\"publisher\":{\"@id\":\"https:\/\/www.celttv.com.ar\/#organization\"},\"articleSection\":[\"Comunidad\",\"Destacadas\",\"Videos Destacados\"],\"inLanguage\":\"es\"},{\"@type\":\"WebPage\",\"@id\":\"https:\/\/www.celttv.com.ar\/index.php\/2014\/09\/29\/en-produccion-de-carne-si-no-trabajamos-en-sanidad-y-manejo-es-como-trabajar-con-la-luz-apagada-dijo-e-ing-anibal-fernandez-mayer\/\",\"url\":\"https:\/\/www.celttv.com.ar\/index.php\/2014\/09\/29\/en-produccion-de-carne-si-no-trabajamos-en-sanidad-y-manejo-es-como-trabajar-con-la-luz-apagada-dijo-e-ing-anibal-fernandez-mayer\/\",\"name\":\"EN PRODUCCION DE CARNE SI NO TRABAJAMOS EN SANIDAD Y MANEJO, ES COMO TRABAJAR CON LA LUZ APAGADA\\\" dijo el Ing. Anibal Fernandez Mayer - CELTTV\",\"isPartOf\":{\"@id\":\"https:\/\/www.celttv.com.ar\/#website\"},\"datePublished\":\"2014-09-29T21:11:56+00:00\",\"dateModified\":\"2014-09-29T21:11:56+00:00\",\"description\":\"Sitio web de noticias de la localidad de Tornquist, provincia de Buenos Aires, Rep\u00fablica Argentina. Contenido propio originado por periodistas de CELTTV, el canal de TV local de la Cooperativa El\u00e9ctrica de Tornquist. Turismo, Pol\u00edtica, Sociedad, Deporte, Cultura y todo el contenido de inter\u00e9s general que la gente del pueblo y la regi\u00f3n debe conocer.\",\"breadcrumb\":{\"@id\":\"https:\/\/www.celttv.com.ar\/index.php\/2014\/09\/29\/en-produccion-de-carne-si-no-trabajamos-en-sanidad-y-manejo-es-como-trabajar-con-la-luz-apagada-dijo-e-ing-anibal-fernandez-mayer\/#breadcrumb\"},\"inLanguage\":\"es\",\"potentialAction\":[{\"@type\":\"ReadAction\",\"target\":[\"https:\/\/www.celttv.com.ar\/index.php\/2014\/09\/29\/en-produccion-de-carne-si-no-trabajamos-en-sanidad-y-manejo-es-como-trabajar-con-la-luz-apagada-dijo-e-ing-anibal-fernandez-mayer\/\"]}]},{\"@type\":\"BreadcrumbList\",\"@id\":\"https:\/\/www.celttv.com.ar\/index.php\/2014\/09\/29\/en-produccion-de-carne-si-no-trabajamos-en-sanidad-y-manejo-es-como-trabajar-con-la-luz-apagada-dijo-e-ing-anibal-fernandez-mayer\/#breadcrumb\",\"itemListElement\":[{\"@type\":\"ListItem\",\"position\":1,\"name\":\"Inicio\",\"item\":\"https:\/\/www.celttv.com.ar\/\"},{\"@type\":\"ListItem\",\"position\":2,\"name\":\"EN PRODUCCION DE CARNE SI NO TRABAJAMOS EN SANIDAD Y MANEJO, ES COMO TRABAJAR CON LA LUZ APAGADA&#8221; dijo el Ing. Anibal Fernandez Mayer\"}]},{\"@type\":\"WebSite\",\"@id\":\"https:\/\/www.celttv.com.ar\/#website\",\"url\":\"https:\/\/www.celttv.com.ar\/\",\"name\":\"CELTTV\",\"description\":\"Cooperativa El\u00e9ctrica de Tornquist\",\"publisher\":{\"@id\":\"https:\/\/www.celttv.com.ar\/#organization\"},\"potentialAction\":[{\"@type\":\"SearchAction\",\"target\":{\"@type\":\"EntryPoint\",\"urlTemplate\":\"https:\/\/www.celttv.com.ar\/?s={search_term_string}\"},\"query-input\":\"required name=search_term_string\"}],\"inLanguage\":\"es\"},{\"@type\":\"Organization\",\"@id\":\"https:\/\/www.celttv.com.ar\/#organization\",\"name\":\"CELTTV\",\"url\":\"https:\/\/www.celttv.com.ar\/\",\"sameAs\":[\"https:\/\/www.youtube.com\/channel\/UCz_oIt8Hig64Ub-EmcNPIhg\",\"https:\/\/www.facebook.com\/celtTV\/\"],\"logo\":{\"@type\":\"ImageObject\",\"inLanguage\":\"es\",\"@id\":\"https:\/\/www.celttv.com.ar\/#\/schema\/logo\/image\/\",\"url\":\"http:\/\/www.celttv.com.ar\/wp-content\/uploads\/2022\/08\/logo-1.png\",\"contentUrl\":\"http:\/\/www.celttv.com.ar\/wp-content\/uploads\/2022\/08\/logo-1.png\",\"width\":461,\"height\":159,\"caption\":\"CELTTV\"},\"image\":{\"@id\":\"https:\/\/www.celttv.com.ar\/#\/schema\/logo\/image\/\"}},{\"@type\":\"Person\",\"@id\":\"https:\/\/www.celttv.com.ar\/#\/schema\/person\/6d99c072dba59953809c81446e9d0ace\",\"name\":\"ulises\",\"image\":{\"@type\":\"ImageObject\",\"inLanguage\":\"es\",\"@id\":\"https:\/\/www.celttv.com.ar\/#\/schema\/person\/image\/\",\"url\":\"https:\/\/secure.gravatar.com\/avatar\/7f2c48bdc33b30088f941fb6082e555f2874c98e20cb159d7b92b50eadfce793?s=96&d=mm&r=g\",\"contentUrl\":\"https:\/\/secure.gravatar.com\/avatar\/7f2c48bdc33b30088f941fb6082e555f2874c98e20cb159d7b92b50eadfce793?s=96&d=mm&r=g\",\"caption\":\"ulises\"},\"sameAs\":[\"http:\/\/www.celttv.com.ar\"]}]}<\/script>\n<!-- \/ Yoast SEO plugin. -->","yoast_head_json":{"title":"EN PRODUCCION DE CARNE SI NO TRABAJAMOS EN SANIDAD Y MANEJO, ES COMO TRABAJAR CON LA LUZ APAGADA\" dijo el Ing. Anibal Fernandez Mayer - CELTTV","description":"Sitio web de noticias de la localidad de Tornquist, provincia de Buenos Aires, Rep\u00fablica Argentina. Contenido propio originado por periodistas de CELTTV, el canal de TV local de la Cooperativa El\u00e9ctrica de Tornquist. Turismo, Pol\u00edtica, Sociedad, Deporte, Cultura y todo el contenido de inter\u00e9s general que la gente del pueblo y la regi\u00f3n debe conocer.","robots":{"index":"index","follow":"follow","max-snippet":"max-snippet:-1","max-image-preview":"max-image-preview:large","max-video-preview":"max-video-preview:-1"},"canonical":"https:\/\/www.celttv.com.ar\/index.php\/2014\/09\/29\/en-produccion-de-carne-si-no-trabajamos-en-sanidad-y-manejo-es-como-trabajar-con-la-luz-apagada-dijo-e-ing-anibal-fernandez-mayer\/","og_locale":"es_ES","og_type":"article","og_title":"EN PRODUCCION DE CARNE SI NO TRABAJAMOS EN SANIDAD Y MANEJO, ES COMO TRABAJAR CON LA LUZ APAGADA\" dijo el Ing. Anibal Fernandez Mayer - CELTTV","og_description":"Sitio web de noticias de la localidad de Tornquist, provincia de Buenos Aires, Rep\u00fablica Argentina. Contenido propio originado por periodistas de CELTTV, el canal de TV local de la Cooperativa El\u00e9ctrica de Tornquist. Turismo, Pol\u00edtica, Sociedad, Deporte, Cultura y todo el contenido de inter\u00e9s general que la gente del pueblo y la regi\u00f3n debe conocer.","og_url":"https:\/\/www.celttv.com.ar\/index.php\/2014\/09\/29\/en-produccion-de-carne-si-no-trabajamos-en-sanidad-y-manejo-es-como-trabajar-con-la-luz-apagada-dijo-e-ing-anibal-fernandez-mayer\/","og_site_name":"CELTTV","article_publisher":"https:\/\/www.facebook.com\/celtTV\/","article_published_time":"2014-09-29T21:11:56+00:00","author":"ulises","twitter_card":"summary_large_image","twitter_misc":{"Escrito por":"ulises","Tiempo de lectura":"4 minutos"},"schema":{"@context":"https:\/\/schema.org","@graph":[{"@type":"NewsArticle","@id":"https:\/\/www.celttv.com.ar\/index.php\/2014\/09\/29\/en-produccion-de-carne-si-no-trabajamos-en-sanidad-y-manejo-es-como-trabajar-con-la-luz-apagada-dijo-e-ing-anibal-fernandez-mayer\/#article","isPartOf":{"@id":"https:\/\/www.celttv.com.ar\/index.php\/2014\/09\/29\/en-produccion-de-carne-si-no-trabajamos-en-sanidad-y-manejo-es-como-trabajar-con-la-luz-apagada-dijo-e-ing-anibal-fernandez-mayer\/"},"author":{"name":"ulises","@id":"https:\/\/www.celttv.com.ar\/#\/schema\/person\/6d99c072dba59953809c81446e9d0ace"},"headline":"EN PRODUCCION DE CARNE SI NO TRABAJAMOS EN SANIDAD Y MANEJO, ES COMO TRABAJAR CON LA LUZ APAGADA&#8221; dijo el Ing. Anibal Fernandez Mayer","datePublished":"2014-09-29T21:11:56+00:00","dateModified":"2014-09-29T21:11:56+00:00","mainEntityOfPage":{"@id":"https:\/\/www.celttv.com.ar\/index.php\/2014\/09\/29\/en-produccion-de-carne-si-no-trabajamos-en-sanidad-y-manejo-es-como-trabajar-con-la-luz-apagada-dijo-e-ing-anibal-fernandez-mayer\/"},"wordCount":724,"publisher":{"@id":"https:\/\/www.celttv.com.ar\/#organization"},"articleSection":["Comunidad","Destacadas","Videos Destacados"],"inLanguage":"es"},{"@type":"WebPage","@id":"https:\/\/www.celttv.com.ar\/index.php\/2014\/09\/29\/en-produccion-de-carne-si-no-trabajamos-en-sanidad-y-manejo-es-como-trabajar-con-la-luz-apagada-dijo-e-ing-anibal-fernandez-mayer\/","url":"https:\/\/www.celttv.com.ar\/index.php\/2014\/09\/29\/en-produccion-de-carne-si-no-trabajamos-en-sanidad-y-manejo-es-como-trabajar-con-la-luz-apagada-dijo-e-ing-anibal-fernandez-mayer\/","name":"EN PRODUCCION DE CARNE SI NO TRABAJAMOS EN SANIDAD Y MANEJO, ES COMO TRABAJAR CON LA LUZ APAGADA\" dijo el Ing. Anibal Fernandez Mayer - CELTTV","isPartOf":{"@id":"https:\/\/www.celttv.com.ar\/#website"},"datePublished":"2014-09-29T21:11:56+00:00","dateModified":"2014-09-29T21:11:56+00:00","description":"Sitio web de noticias de la localidad de Tornquist, provincia de Buenos Aires, Rep\u00fablica Argentina. Contenido propio originado por periodistas de CELTTV, el canal de TV local de la Cooperativa El\u00e9ctrica de Tornquist. Turismo, Pol\u00edtica, Sociedad, Deporte, Cultura y todo el contenido de inter\u00e9s general que la gente del pueblo y la regi\u00f3n debe conocer.","breadcrumb":{"@id":"https:\/\/www.celttv.com.ar\/index.php\/2014\/09\/29\/en-produccion-de-carne-si-no-trabajamos-en-sanidad-y-manejo-es-como-trabajar-con-la-luz-apagada-dijo-e-ing-anibal-fernandez-mayer\/#breadcrumb"},"inLanguage":"es","potentialAction":[{"@type":"ReadAction","target":["https:\/\/www.celttv.com.ar\/index.php\/2014\/09\/29\/en-produccion-de-carne-si-no-trabajamos-en-sanidad-y-manejo-es-como-trabajar-con-la-luz-apagada-dijo-e-ing-anibal-fernandez-mayer\/"]}]},{"@type":"BreadcrumbList","@id":"https:\/\/www.celttv.com.ar\/index.php\/2014\/09\/29\/en-produccion-de-carne-si-no-trabajamos-en-sanidad-y-manejo-es-como-trabajar-con-la-luz-apagada-dijo-e-ing-anibal-fernandez-mayer\/#breadcrumb","itemListElement":[{"@type":"ListItem","position":1,"name":"Inicio","item":"https:\/\/www.celttv.com.ar\/"},{"@type":"ListItem","position":2,"name":"EN PRODUCCION DE CARNE SI NO TRABAJAMOS EN SANIDAD Y MANEJO, ES COMO TRABAJAR CON LA LUZ APAGADA&#8221; dijo el Ing. Anibal Fernandez Mayer"}]},{"@type":"WebSite","@id":"https:\/\/www.celttv.com.ar\/#website","url":"https:\/\/www.celttv.com.ar\/","name":"CELTTV","description":"Cooperativa El\u00e9ctrica de Tornquist","publisher":{"@id":"https:\/\/www.celttv.com.ar\/#organization"},"potentialAction":[{"@type":"SearchAction","target":{"@type":"EntryPoint","urlTemplate":"https:\/\/www.celttv.com.ar\/?s={search_term_string}"},"query-input":"required name=search_term_string"}],"inLanguage":"es"},{"@type":"Organization","@id":"https:\/\/www.celttv.com.ar\/#organization","name":"CELTTV","url":"https:\/\/www.celttv.com.ar\/","sameAs":["https:\/\/www.youtube.com\/channel\/UCz_oIt8Hig64Ub-EmcNPIhg","https:\/\/www.facebook.com\/celtTV\/"],"logo":{"@type":"ImageObject","inLanguage":"es","@id":"https:\/\/www.celttv.com.ar\/#\/schema\/logo\/image\/","url":"http:\/\/www.celttv.com.ar\/wp-content\/uploads\/2022\/08\/logo-1.png","contentUrl":"http:\/\/www.celttv.com.ar\/wp-content\/uploads\/2022\/08\/logo-1.png","width":461,"height":159,"caption":"CELTTV"},"image":{"@id":"https:\/\/www.celttv.com.ar\/#\/schema\/logo\/image\/"}},{"@type":"Person","@id":"https:\/\/www.celttv.com.ar\/#\/schema\/person\/6d99c072dba59953809c81446e9d0ace","name":"ulises","image":{"@type":"ImageObject","inLanguage":"es","@id":"https:\/\/www.celttv.com.ar\/#\/schema\/person\/image\/","url":"https:\/\/secure.gravatar.com\/avatar\/7f2c48bdc33b30088f941fb6082e555f2874c98e20cb159d7b92b50eadfce793?s=96&d=mm&r=g","contentUrl":"https:\/\/secure.gravatar.com\/avatar\/7f2c48bdc33b30088f941fb6082e555f2874c98e20cb159d7b92b50eadfce793?s=96&d=mm&r=g","caption":"ulises"},"sameAs":["http:\/\/www.celttv.com.ar"]}]}},"_links":{"self":[{"href":"https:\/\/www.celttv.com.ar\/index.php\/wp-json\/wp\/v2\/posts\/23859","targetHints":{"allow":["GET"]}}],"collection":[{"href":"https:\/\/www.celttv.com.ar\/index.php\/wp-json\/wp\/v2\/posts"}],"about":[{"href":"https:\/\/www.celttv.com.ar\/index.php\/wp-json\/wp\/v2\/types\/post"}],"author":[{"embeddable":true,"href":"https:\/\/www.celttv.com.ar\/index.php\/wp-json\/wp\/v2\/users\/1"}],"replies":[{"embeddable":true,"href":"https:\/\/www.celttv.com.ar\/index.php\/wp-json\/wp\/v2\/comments?post=23859"}],"version-history":[{"count":0,"href":"https:\/\/www.celttv.com.ar\/index.php\/wp-json\/wp\/v2\/posts\/23859\/revisions"}],"wp:attachment":[{"href":"https:\/\/www.celttv.com.ar\/index.php\/wp-json\/wp\/v2\/media?parent=23859"}],"wp:term":[{"taxonomy":"category","embeddable":true,"href":"https:\/\/www.celttv.com.ar\/index.php\/wp-json\/wp\/v2\/categories?post=23859"},{"taxonomy":"post_tag","embeddable":true,"href":"https:\/\/www.celttv.com.ar\/index.php\/wp-json\/wp\/v2\/tags?post=23859"}],"curies":[{"name":"wp","href":"https:\/\/api.w.org\/{rel}","templated":true}]}}