{"id":23910,"date":"2014-10-01T15:05:02","date_gmt":"2014-10-01T15:05:02","guid":{"rendered":"http:\/\/www.tvcnoticias.com.ar\/?p=23910"},"modified":"2014-10-01T15:05:02","modified_gmt":"2014-10-01T15:05:02","slug":"charla-abierta-e-informativa-el-derecho-a-una-jubilacion-docente","status":"publish","type":"post","link":"https:\/\/www.celttv.com.ar\/index.php\/2014\/10\/01\/charla-abierta-e-informativa-el-derecho-a-una-jubilacion-docente\/","title":{"rendered":"Charla abierta e informativa: \u201cEL DERECHO A UNA JUBILACI\u00d3N DOCENTE\u201d"},"content":{"rendered":"<p><strong>TEMAS:<\/strong> La Jubilaci\u00f3n Provincial<br \/>\nRol de la Caja de complementaria de previsi\u00f3n para la actividad docente.<br \/>\nTipos de ceses. Cargos simult\u00e1neos<br \/>\nProcedimiento para iniciar el tr\u00e1mite:<br \/>\nDocumentaci\u00f3n \u00e1mbito oficial (Dcci\u00f3n Gral. de Cult. y Educ.)<br \/>\nDocumentaci\u00f3n \u00e1mbito privado (DIPREGEP)<br \/>\nMarco Legal.<br \/>\n&nbsp;<br \/>\n&nbsp;<br \/>\n<strong> <\/strong><br \/>\n<strong>La charla estar\u00e1 a cargo de la Dra- Marta Busso. <\/strong><br \/>\n<strong> <\/strong><br \/>\n&#8211; Docente Secundaria &#8211; 1972-2013.<br \/>\n-Docente especializada\u00a0 con desempe\u00f1o en la Rama de Psicolog\u00eda\u00a0 y Asistencia Social \u00a0\u00a0\u00a0Escolar como\u00a0 Orientadora Educacional-1975-2002<br \/>\n-Inspectora de Psicolog\u00eda y Asistencia Social Escolar (1998-2000)<br \/>\n&#8211; Actualmente Jubilada Docente<br \/>\n-Concejal del \u00a0Distrito de Puan-.2009-2013<br \/>\n-Presidente Concejo Deliberante &#8211; 2011-2013<br \/>\n&#8211; Actualmente Presidente del Comit\u00e9 Distrito de Puan de la UCR-<br \/>\n<span style=\"text-decoration: underline;\">T\u00edtulos<\/span>: Abogada egresada de la U.N.S<br \/>\nMaestra Normal Nacional<br \/>\nAsistente Educacional<br \/>\nMaestra Recuperadora<br \/>\nProfesora para la Ense\u00f1anza Especial<br \/>\n&nbsp;<br \/>\n<strong><em><span style=\"text-decoration: underline;\">FECHA<\/span><\/em><\/strong><strong><em>: 10\/10\/14<\/em><\/strong><br \/>\n<strong><em><span style=\"text-decoration: underline;\">LUGAR<\/span><\/em><\/strong><strong><em>: UNIDAD ACADEMICA ERNESTO TORNQUIST<\/em><\/strong><br \/>\n<strong><em><span style=\"text-decoration: underline;\">HORARIO<\/span><\/em><\/strong><strong><em>: 18:00<\/em><\/strong><br \/>\n<strong><em><span style=\"text-decoration: underline;\">CONSULTAS:<\/span><\/em><\/strong><strong><em> 0291-154315473\/0291-154637365<\/em><\/strong><br \/>\n&nbsp;<br \/>\n&nbsp;<br \/>\n&nbsp;<\/p>\n","protected":false},"excerpt":{"rendered":"<p>TEMAS: La Jubilaci\u00f3n Provincial Rol de la Caja de complementaria de previsi\u00f3n para la actividad docente. Tipos de ceses. Cargos simult\u00e1neos Procedimiento para iniciar el tr\u00e1mite: Documentaci\u00f3n \u00e1mbito oficial (Dcci\u00f3n Gral. de Cult. y Educ.) Documentaci\u00f3n \u00e1mbito privado (DIPREGEP) Marco Legal. &nbsp; &nbsp; La charla estar\u00e1 a cargo de la Dra- Marta Busso. &#8211; Docente [&hellip;]<\/p>\n","protected":false},"author":1,"featured_media":0,"comment_status":"closed","ping_status":"open","sticky":false,"template":"","format":"standard","meta":{"footnotes":""},"categories":[51,52,53],"tags":[],"class_list":["post-23910","post","type-post","status-publish","format-standard","hentry","category-comunidad","category-destacadas","category-politica"],"yoast_head":"<!-- This site is optimized with the Yoast SEO plugin v19.7.1 - https:\/\/yoast.com\/wordpress\/plugins\/seo\/ -->\n<title>Charla abierta e informativa: \u201cEL DERECHO A UNA JUBILACI\u00d3N DOCENTE\u201d - CELTTV<\/title>\n<meta name=\"description\" content=\"Sitio web de noticias de la localidad de Tornquist, provincia de Buenos Aires, Rep\u00fablica Argentina. Contenido propio originado por periodistas de CELTTV, el canal de TV local de la Cooperativa El\u00e9ctrica de Tornquist. Turismo, Pol\u00edtica, Sociedad, Deporte, Cultura y todo el contenido de inter\u00e9s general que la gente del pueblo y la regi\u00f3n debe conocer.\" \/>\n<meta name=\"robots\" content=\"index, follow, max-snippet:-1, max-image-preview:large, max-video-preview:-1\" \/>\n<link rel=\"canonical\" href=\"https:\/\/www.celttv.com.ar\/index.php\/2014\/10\/01\/charla-abierta-e-informativa-el-derecho-a-una-jubilacion-docente\/\" \/>\n<meta property=\"og:locale\" content=\"es_ES\" \/>\n<meta property=\"og:type\" content=\"article\" \/>\n<meta property=\"og:title\" content=\"Charla abierta e informativa: \u201cEL DERECHO A UNA JUBILACI\u00d3N DOCENTE\u201d - CELTTV\" \/>\n<meta property=\"og:description\" content=\"Sitio web de noticias de la localidad de Tornquist, provincia de Buenos Aires, Rep\u00fablica Argentina. Contenido propio originado por periodistas de CELTTV, el canal de TV local de la Cooperativa El\u00e9ctrica de Tornquist. Turismo, Pol\u00edtica, Sociedad, Deporte, Cultura y todo el contenido de inter\u00e9s general que la gente del pueblo y la regi\u00f3n debe conocer.\" \/>\n<meta property=\"og:url\" content=\"https:\/\/www.celttv.com.ar\/index.php\/2014\/10\/01\/charla-abierta-e-informativa-el-derecho-a-una-jubilacion-docente\/\" \/>\n<meta property=\"og:site_name\" content=\"CELTTV\" \/>\n<meta property=\"article:publisher\" content=\"https:\/\/www.facebook.com\/celtTV\/\" \/>\n<meta property=\"article:published_time\" content=\"2014-10-01T15:05:02+00:00\" \/>\n<meta name=\"author\" content=\"ulises\" \/>\n<meta name=\"twitter:card\" content=\"summary_large_image\" \/>\n<meta name=\"twitter:label1\" content=\"Escrito por\" \/>\n\t<meta name=\"twitter:data1\" content=\"ulises\" \/>\n\t<meta name=\"twitter:label2\" content=\"Tiempo de lectura\" \/>\n\t<meta name=\"twitter:data2\" content=\"1 minuto\" \/>\n<script type=\"application\/ld+json\" class=\"yoast-schema-graph\">{\"@context\":\"https:\/\/schema.org\",\"@graph\":[{\"@type\":\"NewsArticle\",\"@id\":\"https:\/\/www.celttv.com.ar\/index.php\/2014\/10\/01\/charla-abierta-e-informativa-el-derecho-a-una-jubilacion-docente\/#article\",\"isPartOf\":{\"@id\":\"https:\/\/www.celttv.com.ar\/index.php\/2014\/10\/01\/charla-abierta-e-informativa-el-derecho-a-una-jubilacion-docente\/\"},\"author\":{\"name\":\"ulises\",\"@id\":\"https:\/\/www.celttv.com.ar\/#\/schema\/person\/6d99c072dba59953809c81446e9d0ace\"},\"headline\":\"Charla abierta e informativa: \u201cEL DERECHO A UNA JUBILACI\u00d3N DOCENTE\u201d\",\"datePublished\":\"2014-10-01T15:05:02+00:00\",\"dateModified\":\"2014-10-01T15:05:02+00:00\",\"mainEntityOfPage\":{\"@id\":\"https:\/\/www.celttv.com.ar\/index.php\/2014\/10\/01\/charla-abierta-e-informativa-el-derecho-a-una-jubilacion-docente\/\"},\"wordCount\":166,\"publisher\":{\"@id\":\"https:\/\/www.celttv.com.ar\/#organization\"},\"articleSection\":[\"Comunidad\",\"Destacadas\",\"Pol\u00edtica\"],\"inLanguage\":\"es\"},{\"@type\":\"WebPage\",\"@id\":\"https:\/\/www.celttv.com.ar\/index.php\/2014\/10\/01\/charla-abierta-e-informativa-el-derecho-a-una-jubilacion-docente\/\",\"url\":\"https:\/\/www.celttv.com.ar\/index.php\/2014\/10\/01\/charla-abierta-e-informativa-el-derecho-a-una-jubilacion-docente\/\",\"name\":\"Charla abierta e informativa: \u201cEL DERECHO A UNA JUBILACI\u00d3N DOCENTE\u201d - CELTTV\",\"isPartOf\":{\"@id\":\"https:\/\/www.celttv.com.ar\/#website\"},\"datePublished\":\"2014-10-01T15:05:02+00:00\",\"dateModified\":\"2014-10-01T15:05:02+00:00\",\"description\":\"Sitio web de noticias de la localidad de Tornquist, provincia de Buenos Aires, Rep\u00fablica Argentina. Contenido propio originado por periodistas de CELTTV, el canal de TV local de la Cooperativa El\u00e9ctrica de Tornquist. Turismo, Pol\u00edtica, Sociedad, Deporte, Cultura y todo el contenido de inter\u00e9s general que la gente del pueblo y la regi\u00f3n debe conocer.\",\"breadcrumb\":{\"@id\":\"https:\/\/www.celttv.com.ar\/index.php\/2014\/10\/01\/charla-abierta-e-informativa-el-derecho-a-una-jubilacion-docente\/#breadcrumb\"},\"inLanguage\":\"es\",\"potentialAction\":[{\"@type\":\"ReadAction\",\"target\":[\"https:\/\/www.celttv.com.ar\/index.php\/2014\/10\/01\/charla-abierta-e-informativa-el-derecho-a-una-jubilacion-docente\/\"]}]},{\"@type\":\"BreadcrumbList\",\"@id\":\"https:\/\/www.celttv.com.ar\/index.php\/2014\/10\/01\/charla-abierta-e-informativa-el-derecho-a-una-jubilacion-docente\/#breadcrumb\",\"itemListElement\":[{\"@type\":\"ListItem\",\"position\":1,\"name\":\"Inicio\",\"item\":\"https:\/\/www.celttv.com.ar\/\"},{\"@type\":\"ListItem\",\"position\":2,\"name\":\"Charla abierta e informativa: \u201cEL DERECHO A UNA JUBILACI\u00d3N DOCENTE\u201d\"}]},{\"@type\":\"WebSite\",\"@id\":\"https:\/\/www.celttv.com.ar\/#website\",\"url\":\"https:\/\/www.celttv.com.ar\/\",\"name\":\"CELTTV\",\"description\":\"Cooperativa El\u00e9ctrica de Tornquist\",\"publisher\":{\"@id\":\"https:\/\/www.celttv.com.ar\/#organization\"},\"potentialAction\":[{\"@type\":\"SearchAction\",\"target\":{\"@type\":\"EntryPoint\",\"urlTemplate\":\"https:\/\/www.celttv.com.ar\/?s={search_term_string}\"},\"query-input\":\"required name=search_term_string\"}],\"inLanguage\":\"es\"},{\"@type\":\"Organization\",\"@id\":\"https:\/\/www.celttv.com.ar\/#organization\",\"name\":\"CELTTV\",\"url\":\"https:\/\/www.celttv.com.ar\/\",\"sameAs\":[\"https:\/\/www.youtube.com\/channel\/UCz_oIt8Hig64Ub-EmcNPIhg\",\"https:\/\/www.facebook.com\/celtTV\/\"],\"logo\":{\"@type\":\"ImageObject\",\"inLanguage\":\"es\",\"@id\":\"https:\/\/www.celttv.com.ar\/#\/schema\/logo\/image\/\",\"url\":\"http:\/\/www.celttv.com.ar\/wp-content\/uploads\/2022\/08\/logo-1.png\",\"contentUrl\":\"http:\/\/www.celttv.com.ar\/wp-content\/uploads\/2022\/08\/logo-1.png\",\"width\":461,\"height\":159,\"caption\":\"CELTTV\"},\"image\":{\"@id\":\"https:\/\/www.celttv.com.ar\/#\/schema\/logo\/image\/\"}},{\"@type\":\"Person\",\"@id\":\"https:\/\/www.celttv.com.ar\/#\/schema\/person\/6d99c072dba59953809c81446e9d0ace\",\"name\":\"ulises\",\"image\":{\"@type\":\"ImageObject\",\"inLanguage\":\"es\",\"@id\":\"https:\/\/www.celttv.com.ar\/#\/schema\/person\/image\/\",\"url\":\"https:\/\/secure.gravatar.com\/avatar\/7f2c48bdc33b30088f941fb6082e555f2874c98e20cb159d7b92b50eadfce793?s=96&d=mm&r=g\",\"contentUrl\":\"https:\/\/secure.gravatar.com\/avatar\/7f2c48bdc33b30088f941fb6082e555f2874c98e20cb159d7b92b50eadfce793?s=96&d=mm&r=g\",\"caption\":\"ulises\"},\"sameAs\":[\"http:\/\/www.celttv.com.ar\"]}]}<\/script>\n<!-- \/ Yoast SEO plugin. -->","yoast_head_json":{"title":"Charla abierta e informativa: \u201cEL DERECHO A UNA JUBILACI\u00d3N DOCENTE\u201d - CELTTV","description":"Sitio web de noticias de la localidad de Tornquist, provincia de Buenos Aires, Rep\u00fablica Argentina. Contenido propio originado por periodistas de CELTTV, el canal de TV local de la Cooperativa El\u00e9ctrica de Tornquist. Turismo, Pol\u00edtica, Sociedad, Deporte, Cultura y todo el contenido de inter\u00e9s general que la gente del pueblo y la regi\u00f3n debe conocer.","robots":{"index":"index","follow":"follow","max-snippet":"max-snippet:-1","max-image-preview":"max-image-preview:large","max-video-preview":"max-video-preview:-1"},"canonical":"https:\/\/www.celttv.com.ar\/index.php\/2014\/10\/01\/charla-abierta-e-informativa-el-derecho-a-una-jubilacion-docente\/","og_locale":"es_ES","og_type":"article","og_title":"Charla abierta e informativa: \u201cEL DERECHO A UNA JUBILACI\u00d3N DOCENTE\u201d - CELTTV","og_description":"Sitio web de noticias de la localidad de Tornquist, provincia de Buenos Aires, Rep\u00fablica Argentina. Contenido propio originado por periodistas de CELTTV, el canal de TV local de la Cooperativa El\u00e9ctrica de Tornquist. Turismo, Pol\u00edtica, Sociedad, Deporte, Cultura y todo el contenido de inter\u00e9s general que la gente del pueblo y la regi\u00f3n debe conocer.","og_url":"https:\/\/www.celttv.com.ar\/index.php\/2014\/10\/01\/charla-abierta-e-informativa-el-derecho-a-una-jubilacion-docente\/","og_site_name":"CELTTV","article_publisher":"https:\/\/www.facebook.com\/celtTV\/","article_published_time":"2014-10-01T15:05:02+00:00","author":"ulises","twitter_card":"summary_large_image","twitter_misc":{"Escrito por":"ulises","Tiempo de lectura":"1 minuto"},"schema":{"@context":"https:\/\/schema.org","@graph":[{"@type":"NewsArticle","@id":"https:\/\/www.celttv.com.ar\/index.php\/2014\/10\/01\/charla-abierta-e-informativa-el-derecho-a-una-jubilacion-docente\/#article","isPartOf":{"@id":"https:\/\/www.celttv.com.ar\/index.php\/2014\/10\/01\/charla-abierta-e-informativa-el-derecho-a-una-jubilacion-docente\/"},"author":{"name":"ulises","@id":"https:\/\/www.celttv.com.ar\/#\/schema\/person\/6d99c072dba59953809c81446e9d0ace"},"headline":"Charla abierta e informativa: \u201cEL DERECHO A UNA JUBILACI\u00d3N DOCENTE\u201d","datePublished":"2014-10-01T15:05:02+00:00","dateModified":"2014-10-01T15:05:02+00:00","mainEntityOfPage":{"@id":"https:\/\/www.celttv.com.ar\/index.php\/2014\/10\/01\/charla-abierta-e-informativa-el-derecho-a-una-jubilacion-docente\/"},"wordCount":166,"publisher":{"@id":"https:\/\/www.celttv.com.ar\/#organization"},"articleSection":["Comunidad","Destacadas","Pol\u00edtica"],"inLanguage":"es"},{"@type":"WebPage","@id":"https:\/\/www.celttv.com.ar\/index.php\/2014\/10\/01\/charla-abierta-e-informativa-el-derecho-a-una-jubilacion-docente\/","url":"https:\/\/www.celttv.com.ar\/index.php\/2014\/10\/01\/charla-abierta-e-informativa-el-derecho-a-una-jubilacion-docente\/","name":"Charla abierta e informativa: \u201cEL DERECHO A UNA JUBILACI\u00d3N DOCENTE\u201d - CELTTV","isPartOf":{"@id":"https:\/\/www.celttv.com.ar\/#website"},"datePublished":"2014-10-01T15:05:02+00:00","dateModified":"2014-10-01T15:05:02+00:00","description":"Sitio web de noticias de la localidad de Tornquist, provincia de Buenos Aires, Rep\u00fablica Argentina. Contenido propio originado por periodistas de CELTTV, el canal de TV local de la Cooperativa El\u00e9ctrica de Tornquist. Turismo, Pol\u00edtica, Sociedad, Deporte, Cultura y todo el contenido de inter\u00e9s general que la gente del pueblo y la regi\u00f3n debe conocer.","breadcrumb":{"@id":"https:\/\/www.celttv.com.ar\/index.php\/2014\/10\/01\/charla-abierta-e-informativa-el-derecho-a-una-jubilacion-docente\/#breadcrumb"},"inLanguage":"es","potentialAction":[{"@type":"ReadAction","target":["https:\/\/www.celttv.com.ar\/index.php\/2014\/10\/01\/charla-abierta-e-informativa-el-derecho-a-una-jubilacion-docente\/"]}]},{"@type":"BreadcrumbList","@id":"https:\/\/www.celttv.com.ar\/index.php\/2014\/10\/01\/charla-abierta-e-informativa-el-derecho-a-una-jubilacion-docente\/#breadcrumb","itemListElement":[{"@type":"ListItem","position":1,"name":"Inicio","item":"https:\/\/www.celttv.com.ar\/"},{"@type":"ListItem","position":2,"name":"Charla abierta e informativa: \u201cEL DERECHO A UNA JUBILACI\u00d3N DOCENTE\u201d"}]},{"@type":"WebSite","@id":"https:\/\/www.celttv.com.ar\/#website","url":"https:\/\/www.celttv.com.ar\/","name":"CELTTV","description":"Cooperativa El\u00e9ctrica de Tornquist","publisher":{"@id":"https:\/\/www.celttv.com.ar\/#organization"},"potentialAction":[{"@type":"SearchAction","target":{"@type":"EntryPoint","urlTemplate":"https:\/\/www.celttv.com.ar\/?s={search_term_string}"},"query-input":"required name=search_term_string"}],"inLanguage":"es"},{"@type":"Organization","@id":"https:\/\/www.celttv.com.ar\/#organization","name":"CELTTV","url":"https:\/\/www.celttv.com.ar\/","sameAs":["https:\/\/www.youtube.com\/channel\/UCz_oIt8Hig64Ub-EmcNPIhg","https:\/\/www.facebook.com\/celtTV\/"],"logo":{"@type":"ImageObject","inLanguage":"es","@id":"https:\/\/www.celttv.com.ar\/#\/schema\/logo\/image\/","url":"http:\/\/www.celttv.com.ar\/wp-content\/uploads\/2022\/08\/logo-1.png","contentUrl":"http:\/\/www.celttv.com.ar\/wp-content\/uploads\/2022\/08\/logo-1.png","width":461,"height":159,"caption":"CELTTV"},"image":{"@id":"https:\/\/www.celttv.com.ar\/#\/schema\/logo\/image\/"}},{"@type":"Person","@id":"https:\/\/www.celttv.com.ar\/#\/schema\/person\/6d99c072dba59953809c81446e9d0ace","name":"ulises","image":{"@type":"ImageObject","inLanguage":"es","@id":"https:\/\/www.celttv.com.ar\/#\/schema\/person\/image\/","url":"https:\/\/secure.gravatar.com\/avatar\/7f2c48bdc33b30088f941fb6082e555f2874c98e20cb159d7b92b50eadfce793?s=96&d=mm&r=g","contentUrl":"https:\/\/secure.gravatar.com\/avatar\/7f2c48bdc33b30088f941fb6082e555f2874c98e20cb159d7b92b50eadfce793?s=96&d=mm&r=g","caption":"ulises"},"sameAs":["http:\/\/www.celttv.com.ar"]}]}},"_links":{"self":[{"href":"https:\/\/www.celttv.com.ar\/index.php\/wp-json\/wp\/v2\/posts\/23910","targetHints":{"allow":["GET"]}}],"collection":[{"href":"https:\/\/www.celttv.com.ar\/index.php\/wp-json\/wp\/v2\/posts"}],"about":[{"href":"https:\/\/www.celttv.com.ar\/index.php\/wp-json\/wp\/v2\/types\/post"}],"author":[{"embeddable":true,"href":"https:\/\/www.celttv.com.ar\/index.php\/wp-json\/wp\/v2\/users\/1"}],"replies":[{"embeddable":true,"href":"https:\/\/www.celttv.com.ar\/index.php\/wp-json\/wp\/v2\/comments?post=23910"}],"version-history":[{"count":0,"href":"https:\/\/www.celttv.com.ar\/index.php\/wp-json\/wp\/v2\/posts\/23910\/revisions"}],"wp:attachment":[{"href":"https:\/\/www.celttv.com.ar\/index.php\/wp-json\/wp\/v2\/media?parent=23910"}],"wp:term":[{"taxonomy":"category","embeddable":true,"href":"https:\/\/www.celttv.com.ar\/index.php\/wp-json\/wp\/v2\/categories?post=23910"},{"taxonomy":"post_tag","embeddable":true,"href":"https:\/\/www.celttv.com.ar\/index.php\/wp-json\/wp\/v2\/tags?post=23910"}],"curies":[{"name":"wp","href":"https:\/\/api.w.org\/{rel}","templated":true}]}}