{"id":23942,"date":"2014-10-02T21:17:49","date_gmt":"2014-10-02T21:17:49","guid":{"rendered":"http:\/\/www.tvcnoticias.com.ar\/?p=23942"},"modified":"2014-10-02T21:17:49","modified_gmt":"2014-10-02T21:17:49","slug":"hcd-emotivo-homenaje-al-dr-victor-duarte-todos-los-videos","status":"publish","type":"post","link":"https:\/\/www.celttv.com.ar\/index.php\/2014\/10\/02\/hcd-emotivo-homenaje-al-dr-victor-duarte-todos-los-videos\/","title":{"rendered":"HCD.: EMOTIVO HOMENAJE AL Dr. VICTOR DUARTE (todos los videos)"},"content":{"rendered":"<p><a href=\"https:\/\/www.youtube.com\/watch?v=Zr9zyUSTKYA\">httpv:\/\/www.youtube.com\/watch?v=Zr9zyUSTKYA<\/a><br \/>\n<a href=\"https:\/\/www.youtube.com\/watch?v=0sMxBsbcSiA\">httpv:\/\/www.youtube.com\/watch?v=0sMxBsbcSiA<\/a><br \/>\n<a href=\"https:\/\/www.youtube.com\/watch?v=h5zht3w3ozU\">httpv:\/\/www.youtube.com\/watch?v=h5zht3w3ozU<\/a><br \/>\n<a href=\"https:\/\/www.youtube.com\/watch?v=D7Y9a_Bxg8M\">httpv:\/\/www.youtube.com\/watch?v=D7Y9a_Bxg8M<\/a><br \/>\n<a href=\"https:\/\/www.youtube.com\/watch?v=anlueRnlak0\">httpv:\/\/www.youtube.com\/watch?v=anlueRnlak0<\/a><br \/>\n<a href=\"https:\/\/www.youtube.com\/watch?v=glUaYxJzDTw\">httpv:\/\/www.youtube.com\/watch?v=glUaYxJzDTw<\/a><br \/>\n<a href=\"https:\/\/www.youtube.com\/watch?v=7r_FWwCQnWI\">httpv:\/\/www.youtube.com\/watch?v=7r_FWwCQnWI<\/a><br \/>\n<a href=\"https:\/\/www.youtube.com\/watch?v=QmqUVvOClog\">httpv:\/\/www.youtube.com\/watch?v=QmqUVvOClog<\/a><br \/>\n<a href=\"https:\/\/www.youtube.com\/watch?v=CJ2vAOZpFQE\">httpv:\/\/www.youtube.com\/watch?v=CJ2vAOZpFQE<\/a><br \/>\n<a href=\"https:\/\/www.youtube.com\/watch?v=14wsApSA_H4\">httpv:\/\/www.youtube.com\/watch?v=14wsApSA_H4<\/a><br \/>\n<a href=\"https:\/\/www.youtube.com\/watch?v=2JUWZDXQLek\">httpv:\/\/www.youtube.com\/watch?v=2JUWZDXQLek<\/a><br \/>\n<a href=\"https:\/\/www.youtube.com\/watch?v=_FHw7Af1Q3g\">httpv:\/\/www.youtube.com\/watch?v=_FHw7Af1Q3g<\/a><br \/>\nEl Concejo Deliberante lo distingui\u00f3 en una sesi\u00f3n especial por su incansable trabajo como \u00a0m\u00e9dico en el oeste del distrito. Recibi\u00f3 varios reconocimientos con profunda emoci\u00f3n.<br \/>\nBien merecido fue el homenaje que por iniciativa del Frente progresista C\u00edvico y Social, la<br \/>\nCoalici\u00f3n C\u00edvica y la UCR, le brindo el Honorable Concejo Deliberante al Dr. V\u00edctor Manuel<br \/>\nDuarte durante una sesi\u00f3n especial del cuerpo que se llev\u00f3 a cabo este martes por la noche.<br \/>\nEl Dr. Duarte estuvo acompa\u00f1ado por su esposa Mara, sus hijos los m\u00e9dicos V\u00edctor \u201dBicho\u201d y<br \/>\nEleonora Duarte junto a sus nietos.<br \/>\nDiversos vecinos y pacientes se acercaron a brindarle un afectuoso saludo por su calidez<br \/>\nhumana al servicio de la gente que lo ha respetado por m\u00e1s de 40 a\u00f1os en su profesi\u00f3n y<br \/>\nespecialmente en la atenci\u00f3n en localidades peque\u00f1as como Tres Picos, Nueva Roma, Chasic\u00f3<br \/>\ny Paraje Las quintas al que viaja permanentemente hasta en su veh\u00edculo particular.<br \/>\nDurante el reconocimiento Duarte recibi\u00f3 un presente que le entregaron los concejales<br \/>\nEzequiel Gabella y Marita Skolak. Adem\u00e1s el Secretario de Gobierno y Hacienda Guillermo<br \/>\nLoffler en representaci\u00f3n del Intendente obsequi\u00f3 una plaqueta en nombre del municipio.<br \/>\nPor otro lado Noel\u00ed Kloster y Gustavo Moroncini hicieron entrega de una copia de la resoluci\u00f3n<br \/>\nemitida por el cuerpo donde se destaca su labor al servicio de la gente.<br \/>\nLos vecinos del oeste del distrito Marisa Gonzalez y Julieta Ceschan viajaron especialmente<br \/>\npara hacer tambi\u00e9n entrega de un presente al \u201cM\u00e9dico de los pobres\u201d.<br \/>\nTambi\u00e9n distinguieron a Duarte los Consejeros Escolares Claudia Marcolini y Eugenio Vilches.<br \/>\nEl Dr. Duarte entre l\u00e1grimas agradeci\u00f3 las muestras de afecto y dijo sentirse orgulloso por<br \/>\nel acompa\u00f1amiento de la gente que le brindo su cari\u00f1o y de su familia con su esposa y<br \/>\nespecialmente sus hijos los m\u00e9dicos Eleonora y V\u00edctor a qui\u00e9n les dej\u00f3 un importante legado<br \/>\ncomo lo es la medicina como profesi\u00f3n de bien.<br \/>\nLos concejales tambi\u00e9n le devolvieron desde su banca palabras de gratitud por su tarea<br \/>\nhumanitaria que hoy por hoy sigue cumpliendo desde muy temprano por el bienestar de la<br \/>\ngente que lo espera con los brazos abiertos en zonas que son inh\u00f3spitas y donde realmente<br \/>\ncuesta llegar, no solamente para atender las necesidades b\u00e1sicas en medicina sino tambi\u00e9n en<br \/>\nla contenci\u00f3n social que desinteresadamente brinda a aquellos que menos tienen.<br \/>\nSu hija Eleonora agradeci\u00f3 p\u00fablicamente durante el homenaje y dijo sentirse orgullosa por<br \/>\nel legado que le dej\u00f3 su padre al que calific\u00f3 como un hombre de bien que siempre tiene su<br \/>\nmano tendida al pr\u00f3jimo.<br \/>\nTambi\u00e9n su hermano Bicho y madre resaltaron la calidez humanitaria del Dr. Duarte que ha<br \/>\ntraspasado las barreras de lo netamente profesional y ha demostrado fehacientemente que la<br \/>\nsensibilidad humana hacia el otro no tiene precio y eso quedo plasmado en el rostro de cada<br \/>\npersona que se acerc\u00f3 al lugar para saludarlo, porque siempre es bueno que los homenajes se<br \/>\nhagan en vida y m\u00e1s a\u00fan cuando en ese camino se ha sembrado el trabajo, la bondad y el amor<br \/>\npor su vocaci\u00f3n.<\/p>\n","protected":false},"excerpt":{"rendered":"<p>httpv:\/\/www.youtube.com\/watch?v=Zr9zyUSTKYA httpv:\/\/www.youtube.com\/watch?v=0sMxBsbcSiA httpv:\/\/www.youtube.com\/watch?v=h5zht3w3ozU httpv:\/\/www.youtube.com\/watch?v=D7Y9a_Bxg8M httpv:\/\/www.youtube.com\/watch?v=anlueRnlak0 httpv:\/\/www.youtube.com\/watch?v=glUaYxJzDTw httpv:\/\/www.youtube.com\/watch?v=7r_FWwCQnWI httpv:\/\/www.youtube.com\/watch?v=QmqUVvOClog httpv:\/\/www.youtube.com\/watch?v=CJ2vAOZpFQE httpv:\/\/www.youtube.com\/watch?v=14wsApSA_H4 httpv:\/\/www.youtube.com\/watch?v=2JUWZDXQLek httpv:\/\/www.youtube.com\/watch?v=_FHw7Af1Q3g El Concejo Deliberante lo distingui\u00f3 en una sesi\u00f3n especial por su incansable trabajo como \u00a0m\u00e9dico en el oeste del distrito. Recibi\u00f3 varios reconocimientos con profunda emoci\u00f3n. Bien merecido fue el homenaje que por iniciativa del Frente progresista C\u00edvico y Social, la Coalici\u00f3n C\u00edvica [&hellip;]<\/p>\n","protected":false},"author":1,"featured_media":0,"comment_status":"closed","ping_status":"open","sticky":false,"template":"","format":"standard","meta":{"footnotes":""},"categories":[51,52,53,64],"tags":[],"class_list":["post-23942","post","type-post","status-publish","format-standard","hentry","category-comunidad","category-destacadas","category-politica","category-videos-destacados"],"yoast_head":"<!-- This site is optimized with the Yoast SEO plugin v19.7.1 - https:\/\/yoast.com\/wordpress\/plugins\/seo\/ -->\n<title>HCD.: EMOTIVO HOMENAJE AL Dr. VICTOR DUARTE (todos los videos) - CELTTV<\/title>\n<meta name=\"description\" content=\"Sitio web de noticias de la localidad de Tornquist, provincia de Buenos Aires, Rep\u00fablica Argentina. Contenido propio originado por periodistas de CELTTV, el canal de TV local de la Cooperativa El\u00e9ctrica de Tornquist. Turismo, Pol\u00edtica, Sociedad, Deporte, Cultura y todo el contenido de inter\u00e9s general que la gente del pueblo y la regi\u00f3n debe conocer.\" \/>\n<meta name=\"robots\" content=\"index, follow, max-snippet:-1, max-image-preview:large, max-video-preview:-1\" \/>\n<link rel=\"canonical\" href=\"https:\/\/www.celttv.com.ar\/index.php\/2014\/10\/02\/hcd-emotivo-homenaje-al-dr-victor-duarte-todos-los-videos\/\" \/>\n<meta property=\"og:locale\" content=\"es_ES\" \/>\n<meta property=\"og:type\" content=\"article\" \/>\n<meta property=\"og:title\" content=\"HCD.: EMOTIVO HOMENAJE AL Dr. VICTOR DUARTE (todos los videos) - CELTTV\" \/>\n<meta property=\"og:description\" content=\"Sitio web de noticias de la localidad de Tornquist, provincia de Buenos Aires, Rep\u00fablica Argentina. Contenido propio originado por periodistas de CELTTV, el canal de TV local de la Cooperativa El\u00e9ctrica de Tornquist. Turismo, Pol\u00edtica, Sociedad, Deporte, Cultura y todo el contenido de inter\u00e9s general que la gente del pueblo y la regi\u00f3n debe conocer.\" \/>\n<meta property=\"og:url\" content=\"https:\/\/www.celttv.com.ar\/index.php\/2014\/10\/02\/hcd-emotivo-homenaje-al-dr-victor-duarte-todos-los-videos\/\" \/>\n<meta property=\"og:site_name\" content=\"CELTTV\" \/>\n<meta property=\"article:publisher\" content=\"https:\/\/www.facebook.com\/celtTV\/\" \/>\n<meta property=\"article:published_time\" content=\"2014-10-02T21:17:49+00:00\" \/>\n<meta name=\"author\" content=\"ulises\" \/>\n<meta name=\"twitter:card\" content=\"summary_large_image\" \/>\n<meta name=\"twitter:label1\" content=\"Escrito por\" \/>\n\t<meta name=\"twitter:data1\" content=\"ulises\" \/>\n\t<meta name=\"twitter:label2\" content=\"Tiempo de lectura\" \/>\n\t<meta name=\"twitter:data2\" content=\"3 minutos\" \/>\n<script type=\"application\/ld+json\" class=\"yoast-schema-graph\">{\"@context\":\"https:\/\/schema.org\",\"@graph\":[{\"@type\":\"NewsArticle\",\"@id\":\"https:\/\/www.celttv.com.ar\/index.php\/2014\/10\/02\/hcd-emotivo-homenaje-al-dr-victor-duarte-todos-los-videos\/#article\",\"isPartOf\":{\"@id\":\"https:\/\/www.celttv.com.ar\/index.php\/2014\/10\/02\/hcd-emotivo-homenaje-al-dr-victor-duarte-todos-los-videos\/\"},\"author\":{\"name\":\"ulises\",\"@id\":\"https:\/\/www.celttv.com.ar\/#\/schema\/person\/6d99c072dba59953809c81446e9d0ace\"},\"headline\":\"HCD.: EMOTIVO HOMENAJE AL Dr. VICTOR DUARTE (todos los videos)\",\"datePublished\":\"2014-10-02T21:17:49+00:00\",\"dateModified\":\"2014-10-02T21:17:49+00:00\",\"mainEntityOfPage\":{\"@id\":\"https:\/\/www.celttv.com.ar\/index.php\/2014\/10\/02\/hcd-emotivo-homenaje-al-dr-victor-duarte-todos-los-videos\/\"},\"wordCount\":653,\"publisher\":{\"@id\":\"https:\/\/www.celttv.com.ar\/#organization\"},\"articleSection\":[\"Comunidad\",\"Destacadas\",\"Pol\u00edtica\",\"Videos Destacados\"],\"inLanguage\":\"es\"},{\"@type\":\"WebPage\",\"@id\":\"https:\/\/www.celttv.com.ar\/index.php\/2014\/10\/02\/hcd-emotivo-homenaje-al-dr-victor-duarte-todos-los-videos\/\",\"url\":\"https:\/\/www.celttv.com.ar\/index.php\/2014\/10\/02\/hcd-emotivo-homenaje-al-dr-victor-duarte-todos-los-videos\/\",\"name\":\"HCD.: EMOTIVO HOMENAJE AL Dr. VICTOR DUARTE (todos los videos) - CELTTV\",\"isPartOf\":{\"@id\":\"https:\/\/www.celttv.com.ar\/#website\"},\"datePublished\":\"2014-10-02T21:17:49+00:00\",\"dateModified\":\"2014-10-02T21:17:49+00:00\",\"description\":\"Sitio web de noticias de la localidad de Tornquist, provincia de Buenos Aires, Rep\u00fablica Argentina. Contenido propio originado por periodistas de CELTTV, el canal de TV local de la Cooperativa El\u00e9ctrica de Tornquist. Turismo, Pol\u00edtica, Sociedad, Deporte, Cultura y todo el contenido de inter\u00e9s general que la gente del pueblo y la regi\u00f3n debe conocer.\",\"breadcrumb\":{\"@id\":\"https:\/\/www.celttv.com.ar\/index.php\/2014\/10\/02\/hcd-emotivo-homenaje-al-dr-victor-duarte-todos-los-videos\/#breadcrumb\"},\"inLanguage\":\"es\",\"potentialAction\":[{\"@type\":\"ReadAction\",\"target\":[\"https:\/\/www.celttv.com.ar\/index.php\/2014\/10\/02\/hcd-emotivo-homenaje-al-dr-victor-duarte-todos-los-videos\/\"]}]},{\"@type\":\"BreadcrumbList\",\"@id\":\"https:\/\/www.celttv.com.ar\/index.php\/2014\/10\/02\/hcd-emotivo-homenaje-al-dr-victor-duarte-todos-los-videos\/#breadcrumb\",\"itemListElement\":[{\"@type\":\"ListItem\",\"position\":1,\"name\":\"Inicio\",\"item\":\"https:\/\/www.celttv.com.ar\/\"},{\"@type\":\"ListItem\",\"position\":2,\"name\":\"HCD.: EMOTIVO HOMENAJE AL Dr. VICTOR DUARTE (todos los videos)\"}]},{\"@type\":\"WebSite\",\"@id\":\"https:\/\/www.celttv.com.ar\/#website\",\"url\":\"https:\/\/www.celttv.com.ar\/\",\"name\":\"CELTTV\",\"description\":\"Cooperativa El\u00e9ctrica de Tornquist\",\"publisher\":{\"@id\":\"https:\/\/www.celttv.com.ar\/#organization\"},\"potentialAction\":[{\"@type\":\"SearchAction\",\"target\":{\"@type\":\"EntryPoint\",\"urlTemplate\":\"https:\/\/www.celttv.com.ar\/?s={search_term_string}\"},\"query-input\":\"required name=search_term_string\"}],\"inLanguage\":\"es\"},{\"@type\":\"Organization\",\"@id\":\"https:\/\/www.celttv.com.ar\/#organization\",\"name\":\"CELTTV\",\"url\":\"https:\/\/www.celttv.com.ar\/\",\"sameAs\":[\"https:\/\/www.youtube.com\/channel\/UCz_oIt8Hig64Ub-EmcNPIhg\",\"https:\/\/www.facebook.com\/celtTV\/\"],\"logo\":{\"@type\":\"ImageObject\",\"inLanguage\":\"es\",\"@id\":\"https:\/\/www.celttv.com.ar\/#\/schema\/logo\/image\/\",\"url\":\"http:\/\/www.celttv.com.ar\/wp-content\/uploads\/2022\/08\/logo-1.png\",\"contentUrl\":\"http:\/\/www.celttv.com.ar\/wp-content\/uploads\/2022\/08\/logo-1.png\",\"width\":461,\"height\":159,\"caption\":\"CELTTV\"},\"image\":{\"@id\":\"https:\/\/www.celttv.com.ar\/#\/schema\/logo\/image\/\"}},{\"@type\":\"Person\",\"@id\":\"https:\/\/www.celttv.com.ar\/#\/schema\/person\/6d99c072dba59953809c81446e9d0ace\",\"name\":\"ulises\",\"image\":{\"@type\":\"ImageObject\",\"inLanguage\":\"es\",\"@id\":\"https:\/\/www.celttv.com.ar\/#\/schema\/person\/image\/\",\"url\":\"https:\/\/secure.gravatar.com\/avatar\/7f2c48bdc33b30088f941fb6082e555f2874c98e20cb159d7b92b50eadfce793?s=96&d=mm&r=g\",\"contentUrl\":\"https:\/\/secure.gravatar.com\/avatar\/7f2c48bdc33b30088f941fb6082e555f2874c98e20cb159d7b92b50eadfce793?s=96&d=mm&r=g\",\"caption\":\"ulises\"},\"sameAs\":[\"http:\/\/www.celttv.com.ar\"]}]}<\/script>\n<!-- \/ Yoast SEO plugin. -->","yoast_head_json":{"title":"HCD.: EMOTIVO HOMENAJE AL Dr. VICTOR DUARTE (todos los videos) - CELTTV","description":"Sitio web de noticias de la localidad de Tornquist, provincia de Buenos Aires, Rep\u00fablica Argentina. Contenido propio originado por periodistas de CELTTV, el canal de TV local de la Cooperativa El\u00e9ctrica de Tornquist. Turismo, Pol\u00edtica, Sociedad, Deporte, Cultura y todo el contenido de inter\u00e9s general que la gente del pueblo y la regi\u00f3n debe conocer.","robots":{"index":"index","follow":"follow","max-snippet":"max-snippet:-1","max-image-preview":"max-image-preview:large","max-video-preview":"max-video-preview:-1"},"canonical":"https:\/\/www.celttv.com.ar\/index.php\/2014\/10\/02\/hcd-emotivo-homenaje-al-dr-victor-duarte-todos-los-videos\/","og_locale":"es_ES","og_type":"article","og_title":"HCD.: EMOTIVO HOMENAJE AL Dr. VICTOR DUARTE (todos los videos) - CELTTV","og_description":"Sitio web de noticias de la localidad de Tornquist, provincia de Buenos Aires, Rep\u00fablica Argentina. Contenido propio originado por periodistas de CELTTV, el canal de TV local de la Cooperativa El\u00e9ctrica de Tornquist. Turismo, Pol\u00edtica, Sociedad, Deporte, Cultura y todo el contenido de inter\u00e9s general que la gente del pueblo y la regi\u00f3n debe conocer.","og_url":"https:\/\/www.celttv.com.ar\/index.php\/2014\/10\/02\/hcd-emotivo-homenaje-al-dr-victor-duarte-todos-los-videos\/","og_site_name":"CELTTV","article_publisher":"https:\/\/www.facebook.com\/celtTV\/","article_published_time":"2014-10-02T21:17:49+00:00","author":"ulises","twitter_card":"summary_large_image","twitter_misc":{"Escrito por":"ulises","Tiempo de lectura":"3 minutos"},"schema":{"@context":"https:\/\/schema.org","@graph":[{"@type":"NewsArticle","@id":"https:\/\/www.celttv.com.ar\/index.php\/2014\/10\/02\/hcd-emotivo-homenaje-al-dr-victor-duarte-todos-los-videos\/#article","isPartOf":{"@id":"https:\/\/www.celttv.com.ar\/index.php\/2014\/10\/02\/hcd-emotivo-homenaje-al-dr-victor-duarte-todos-los-videos\/"},"author":{"name":"ulises","@id":"https:\/\/www.celttv.com.ar\/#\/schema\/person\/6d99c072dba59953809c81446e9d0ace"},"headline":"HCD.: EMOTIVO HOMENAJE AL Dr. VICTOR DUARTE (todos los videos)","datePublished":"2014-10-02T21:17:49+00:00","dateModified":"2014-10-02T21:17:49+00:00","mainEntityOfPage":{"@id":"https:\/\/www.celttv.com.ar\/index.php\/2014\/10\/02\/hcd-emotivo-homenaje-al-dr-victor-duarte-todos-los-videos\/"},"wordCount":653,"publisher":{"@id":"https:\/\/www.celttv.com.ar\/#organization"},"articleSection":["Comunidad","Destacadas","Pol\u00edtica","Videos Destacados"],"inLanguage":"es"},{"@type":"WebPage","@id":"https:\/\/www.celttv.com.ar\/index.php\/2014\/10\/02\/hcd-emotivo-homenaje-al-dr-victor-duarte-todos-los-videos\/","url":"https:\/\/www.celttv.com.ar\/index.php\/2014\/10\/02\/hcd-emotivo-homenaje-al-dr-victor-duarte-todos-los-videos\/","name":"HCD.: EMOTIVO HOMENAJE AL Dr. VICTOR DUARTE (todos los videos) - CELTTV","isPartOf":{"@id":"https:\/\/www.celttv.com.ar\/#website"},"datePublished":"2014-10-02T21:17:49+00:00","dateModified":"2014-10-02T21:17:49+00:00","description":"Sitio web de noticias de la localidad de Tornquist, provincia de Buenos Aires, Rep\u00fablica Argentina. Contenido propio originado por periodistas de CELTTV, el canal de TV local de la Cooperativa El\u00e9ctrica de Tornquist. Turismo, Pol\u00edtica, Sociedad, Deporte, Cultura y todo el contenido de inter\u00e9s general que la gente del pueblo y la regi\u00f3n debe conocer.","breadcrumb":{"@id":"https:\/\/www.celttv.com.ar\/index.php\/2014\/10\/02\/hcd-emotivo-homenaje-al-dr-victor-duarte-todos-los-videos\/#breadcrumb"},"inLanguage":"es","potentialAction":[{"@type":"ReadAction","target":["https:\/\/www.celttv.com.ar\/index.php\/2014\/10\/02\/hcd-emotivo-homenaje-al-dr-victor-duarte-todos-los-videos\/"]}]},{"@type":"BreadcrumbList","@id":"https:\/\/www.celttv.com.ar\/index.php\/2014\/10\/02\/hcd-emotivo-homenaje-al-dr-victor-duarte-todos-los-videos\/#breadcrumb","itemListElement":[{"@type":"ListItem","position":1,"name":"Inicio","item":"https:\/\/www.celttv.com.ar\/"},{"@type":"ListItem","position":2,"name":"HCD.: EMOTIVO HOMENAJE AL Dr. VICTOR DUARTE (todos los videos)"}]},{"@type":"WebSite","@id":"https:\/\/www.celttv.com.ar\/#website","url":"https:\/\/www.celttv.com.ar\/","name":"CELTTV","description":"Cooperativa El\u00e9ctrica de Tornquist","publisher":{"@id":"https:\/\/www.celttv.com.ar\/#organization"},"potentialAction":[{"@type":"SearchAction","target":{"@type":"EntryPoint","urlTemplate":"https:\/\/www.celttv.com.ar\/?s={search_term_string}"},"query-input":"required name=search_term_string"}],"inLanguage":"es"},{"@type":"Organization","@id":"https:\/\/www.celttv.com.ar\/#organization","name":"CELTTV","url":"https:\/\/www.celttv.com.ar\/","sameAs":["https:\/\/www.youtube.com\/channel\/UCz_oIt8Hig64Ub-EmcNPIhg","https:\/\/www.facebook.com\/celtTV\/"],"logo":{"@type":"ImageObject","inLanguage":"es","@id":"https:\/\/www.celttv.com.ar\/#\/schema\/logo\/image\/","url":"http:\/\/www.celttv.com.ar\/wp-content\/uploads\/2022\/08\/logo-1.png","contentUrl":"http:\/\/www.celttv.com.ar\/wp-content\/uploads\/2022\/08\/logo-1.png","width":461,"height":159,"caption":"CELTTV"},"image":{"@id":"https:\/\/www.celttv.com.ar\/#\/schema\/logo\/image\/"}},{"@type":"Person","@id":"https:\/\/www.celttv.com.ar\/#\/schema\/person\/6d99c072dba59953809c81446e9d0ace","name":"ulises","image":{"@type":"ImageObject","inLanguage":"es","@id":"https:\/\/www.celttv.com.ar\/#\/schema\/person\/image\/","url":"https:\/\/secure.gravatar.com\/avatar\/7f2c48bdc33b30088f941fb6082e555f2874c98e20cb159d7b92b50eadfce793?s=96&d=mm&r=g","contentUrl":"https:\/\/secure.gravatar.com\/avatar\/7f2c48bdc33b30088f941fb6082e555f2874c98e20cb159d7b92b50eadfce793?s=96&d=mm&r=g","caption":"ulises"},"sameAs":["http:\/\/www.celttv.com.ar"]}]}},"_links":{"self":[{"href":"https:\/\/www.celttv.com.ar\/index.php\/wp-json\/wp\/v2\/posts\/23942","targetHints":{"allow":["GET"]}}],"collection":[{"href":"https:\/\/www.celttv.com.ar\/index.php\/wp-json\/wp\/v2\/posts"}],"about":[{"href":"https:\/\/www.celttv.com.ar\/index.php\/wp-json\/wp\/v2\/types\/post"}],"author":[{"embeddable":true,"href":"https:\/\/www.celttv.com.ar\/index.php\/wp-json\/wp\/v2\/users\/1"}],"replies":[{"embeddable":true,"href":"https:\/\/www.celttv.com.ar\/index.php\/wp-json\/wp\/v2\/comments?post=23942"}],"version-history":[{"count":0,"href":"https:\/\/www.celttv.com.ar\/index.php\/wp-json\/wp\/v2\/posts\/23942\/revisions"}],"wp:attachment":[{"href":"https:\/\/www.celttv.com.ar\/index.php\/wp-json\/wp\/v2\/media?parent=23942"}],"wp:term":[{"taxonomy":"category","embeddable":true,"href":"https:\/\/www.celttv.com.ar\/index.php\/wp-json\/wp\/v2\/categories?post=23942"},{"taxonomy":"post_tag","embeddable":true,"href":"https:\/\/www.celttv.com.ar\/index.php\/wp-json\/wp\/v2\/tags?post=23942"}],"curies":[{"name":"wp","href":"https:\/\/api.w.org\/{rel}","templated":true}]}}