{"id":24216,"date":"2014-10-15T19:58:00","date_gmt":"2014-10-15T19:58:00","guid":{"rendered":"http:\/\/www.tvcnoticias.com.ar\/?p=24216"},"modified":"2014-10-15T19:58:00","modified_gmt":"2014-10-15T19:58:00","slug":"la-escuela-folklorica-presento-un-nuevo-festival-para-vos-mama-videos-y-videoentrevistas","status":"publish","type":"post","link":"https:\/\/www.celttv.com.ar\/index.php\/2014\/10\/15\/la-escuela-folklorica-presento-un-nuevo-festival-para-vos-mama-videos-y-videoentrevistas\/","title":{"rendered":"LA ESCUELA FOLKLORICA PRESENTO UN NUEVO FESTIVAL &#8220;PARA VOS MAM\u00c1&#8221; (videos y videoentrevistas)"},"content":{"rendered":"<p>Bajo la direcci\u00f3n de la Escuela Folkl\u00f3rica Municipal a cargo de la profesora Mariela Montero, durante la noche del \u00a0s\u00e1bado se realiz\u00f3 una nueva edici\u00f3n del Festival \u201cPara Vos Mam\u00e1\u201d que este a\u00f1o se organiz\u00f3 a beneficio de la Biblioteca Popular \u201cErnesto Tornquist\u201d.<br \/>\nAl evento se adhirieron con sus actuaciones la Orquesta Escuela de Tornquist a cargo del maestro Daniel Mor\u00e1n, el Coral Las Sierras integrando por coreutas de Tornquist, Saldungaray, C. Suarez y Sierra de la Ventana y Carlos Porsel dejando su impronta en el escenario y acompa\u00f1ando a los cuerpos de baile de la escuela que actuaron incluyendo sus ni\u00f1os de 3 a\u00f1os que tambi\u00e9n subieron a escena y fueron muy aplaudidos.<br \/>\nHubo sorteos y reconocimientos a las madres presentes. Al evento asisti\u00f3 la Intendente Interina Mar\u00eda Ofelia Skolak que acompa\u00f1\u00f3 desde la sala el desarrollo del evento como as\u00ed tambi\u00e9n el Secretario de Cultura, Deporte y Turismo Leandro Pascale.<br \/>\nPara destacar la presencia de Ramona Del Po a punto de cumplir 100 a\u00f1os en febrero se hizo presente en el evento junto a sus amigas.<br \/>\n<a href=\"https:\/\/www.youtube.com\/watch?v=c9TyoUUeims\">httpv:\/\/www.youtube.com\/watch?v=c9TyoUUeims<\/a><br \/>\n<a href=\"https:\/\/www.youtube.com\/watch?v=GKSNK7OkbYw\">httpv:\/\/www.youtube.com\/watch?v=GKSNK7OkbYw<\/a><br \/>\n<a href=\"https:\/\/www.youtube.com\/watch?v=vX-jg4WqzEw\">httpv:\/\/www.youtube.com\/watch?v=vX-jg4WqzEw<\/a><br \/>\n<a href=\"https:\/\/www.youtube.com\/watch?v=289A1_pghyw\">httpv:\/\/www.youtube.com\/watch?v=289A1_pghyw<\/a><\/p>\n","protected":false},"excerpt":{"rendered":"<p>Bajo la direcci\u00f3n de la Escuela Folkl\u00f3rica Municipal a cargo de la profesora Mariela Montero, durante la noche del \u00a0s\u00e1bado se realiz\u00f3 una nueva edici\u00f3n del Festival \u201cPara Vos Mam\u00e1\u201d que este a\u00f1o se organiz\u00f3 a beneficio de la Biblioteca Popular \u201cErnesto Tornquist\u201d. Al evento se adhirieron con sus actuaciones la Orquesta Escuela de Tornquist [&hellip;]<\/p>\n","protected":false},"author":1,"featured_media":0,"comment_status":"closed","ping_status":"open","sticky":false,"template":"","format":"standard","meta":{"footnotes":""},"categories":[51,52,56,64],"tags":[],"class_list":["post-24216","post","type-post","status-publish","format-standard","hentry","category-comunidad","category-destacadas","category-espectaculos","category-videos-destacados"],"yoast_head":"<!-- This site is optimized with the Yoast SEO plugin v19.7.1 - https:\/\/yoast.com\/wordpress\/plugins\/seo\/ -->\n<title>LA ESCUELA FOLKLORICA PRESENTO UN NUEVO FESTIVAL &quot;PARA VOS MAM\u00c1&quot; (videos y videoentrevistas) - CELTTV<\/title>\n<meta name=\"description\" content=\"Sitio web de noticias de la localidad de Tornquist, provincia de Buenos Aires, Rep\u00fablica Argentina. Contenido propio originado por periodistas de CELTTV, el canal de TV local de la Cooperativa El\u00e9ctrica de Tornquist. Turismo, Pol\u00edtica, Sociedad, Deporte, Cultura y todo el contenido de inter\u00e9s general que la gente del pueblo y la regi\u00f3n debe conocer.\" \/>\n<meta name=\"robots\" content=\"index, follow, max-snippet:-1, max-image-preview:large, max-video-preview:-1\" \/>\n<link rel=\"canonical\" href=\"https:\/\/www.celttv.com.ar\/index.php\/2014\/10\/15\/la-escuela-folklorica-presento-un-nuevo-festival-para-vos-mama-videos-y-videoentrevistas\/\" \/>\n<meta property=\"og:locale\" content=\"es_ES\" \/>\n<meta property=\"og:type\" content=\"article\" \/>\n<meta property=\"og:title\" content=\"LA ESCUELA FOLKLORICA PRESENTO UN NUEVO FESTIVAL &quot;PARA VOS MAM\u00c1&quot; (videos y videoentrevistas) - CELTTV\" \/>\n<meta property=\"og:description\" content=\"Sitio web de noticias de la localidad de Tornquist, provincia de Buenos Aires, Rep\u00fablica Argentina. Contenido propio originado por periodistas de CELTTV, el canal de TV local de la Cooperativa El\u00e9ctrica de Tornquist. Turismo, Pol\u00edtica, Sociedad, Deporte, Cultura y todo el contenido de inter\u00e9s general que la gente del pueblo y la regi\u00f3n debe conocer.\" \/>\n<meta property=\"og:url\" content=\"https:\/\/www.celttv.com.ar\/index.php\/2014\/10\/15\/la-escuela-folklorica-presento-un-nuevo-festival-para-vos-mama-videos-y-videoentrevistas\/\" \/>\n<meta property=\"og:site_name\" content=\"CELTTV\" \/>\n<meta property=\"article:publisher\" content=\"https:\/\/www.facebook.com\/celtTV\/\" \/>\n<meta property=\"article:published_time\" content=\"2014-10-15T19:58:00+00:00\" \/>\n<meta name=\"author\" content=\"ulises\" \/>\n<meta name=\"twitter:card\" content=\"summary_large_image\" \/>\n<meta name=\"twitter:label1\" content=\"Escrito por\" \/>\n\t<meta name=\"twitter:data1\" content=\"ulises\" \/>\n\t<meta name=\"twitter:label2\" content=\"Tiempo de lectura\" \/>\n\t<meta name=\"twitter:data2\" content=\"1 minuto\" \/>\n<script type=\"application\/ld+json\" class=\"yoast-schema-graph\">{\"@context\":\"https:\/\/schema.org\",\"@graph\":[{\"@type\":\"NewsArticle\",\"@id\":\"https:\/\/www.celttv.com.ar\/index.php\/2014\/10\/15\/la-escuela-folklorica-presento-un-nuevo-festival-para-vos-mama-videos-y-videoentrevistas\/#article\",\"isPartOf\":{\"@id\":\"https:\/\/www.celttv.com.ar\/index.php\/2014\/10\/15\/la-escuela-folklorica-presento-un-nuevo-festival-para-vos-mama-videos-y-videoentrevistas\/\"},\"author\":{\"name\":\"ulises\",\"@id\":\"https:\/\/www.celttv.com.ar\/#\/schema\/person\/6d99c072dba59953809c81446e9d0ace\"},\"headline\":\"LA ESCUELA FOLKLORICA PRESENTO UN NUEVO FESTIVAL &#8220;PARA VOS MAM\u00c1&#8221; (videos y videoentrevistas)\",\"datePublished\":\"2014-10-15T19:58:00+00:00\",\"dateModified\":\"2014-10-15T19:58:00+00:00\",\"mainEntityOfPage\":{\"@id\":\"https:\/\/www.celttv.com.ar\/index.php\/2014\/10\/15\/la-escuela-folklorica-presento-un-nuevo-festival-para-vos-mama-videos-y-videoentrevistas\/\"},\"wordCount\":234,\"publisher\":{\"@id\":\"https:\/\/www.celttv.com.ar\/#organization\"},\"articleSection\":[\"Comunidad\",\"Destacadas\",\"Espect\u00e1culos\",\"Videos Destacados\"],\"inLanguage\":\"es\"},{\"@type\":\"WebPage\",\"@id\":\"https:\/\/www.celttv.com.ar\/index.php\/2014\/10\/15\/la-escuela-folklorica-presento-un-nuevo-festival-para-vos-mama-videos-y-videoentrevistas\/\",\"url\":\"https:\/\/www.celttv.com.ar\/index.php\/2014\/10\/15\/la-escuela-folklorica-presento-un-nuevo-festival-para-vos-mama-videos-y-videoentrevistas\/\",\"name\":\"LA ESCUELA FOLKLORICA PRESENTO UN NUEVO FESTIVAL \\\"PARA VOS MAM\u00c1\\\" (videos y videoentrevistas) - CELTTV\",\"isPartOf\":{\"@id\":\"https:\/\/www.celttv.com.ar\/#website\"},\"datePublished\":\"2014-10-15T19:58:00+00:00\",\"dateModified\":\"2014-10-15T19:58:00+00:00\",\"description\":\"Sitio web de noticias de la localidad de Tornquist, provincia de Buenos Aires, Rep\u00fablica Argentina. Contenido propio originado por periodistas de CELTTV, el canal de TV local de la Cooperativa El\u00e9ctrica de Tornquist. Turismo, Pol\u00edtica, Sociedad, Deporte, Cultura y todo el contenido de inter\u00e9s general que la gente del pueblo y la regi\u00f3n debe conocer.\",\"breadcrumb\":{\"@id\":\"https:\/\/www.celttv.com.ar\/index.php\/2014\/10\/15\/la-escuela-folklorica-presento-un-nuevo-festival-para-vos-mama-videos-y-videoentrevistas\/#breadcrumb\"},\"inLanguage\":\"es\",\"potentialAction\":[{\"@type\":\"ReadAction\",\"target\":[\"https:\/\/www.celttv.com.ar\/index.php\/2014\/10\/15\/la-escuela-folklorica-presento-un-nuevo-festival-para-vos-mama-videos-y-videoentrevistas\/\"]}]},{\"@type\":\"BreadcrumbList\",\"@id\":\"https:\/\/www.celttv.com.ar\/index.php\/2014\/10\/15\/la-escuela-folklorica-presento-un-nuevo-festival-para-vos-mama-videos-y-videoentrevistas\/#breadcrumb\",\"itemListElement\":[{\"@type\":\"ListItem\",\"position\":1,\"name\":\"Inicio\",\"item\":\"https:\/\/www.celttv.com.ar\/\"},{\"@type\":\"ListItem\",\"position\":2,\"name\":\"LA ESCUELA FOLKLORICA PRESENTO UN NUEVO FESTIVAL &#8220;PARA VOS MAM\u00c1&#8221; (videos y videoentrevistas)\"}]},{\"@type\":\"WebSite\",\"@id\":\"https:\/\/www.celttv.com.ar\/#website\",\"url\":\"https:\/\/www.celttv.com.ar\/\",\"name\":\"CELTTV\",\"description\":\"Cooperativa El\u00e9ctrica de Tornquist\",\"publisher\":{\"@id\":\"https:\/\/www.celttv.com.ar\/#organization\"},\"potentialAction\":[{\"@type\":\"SearchAction\",\"target\":{\"@type\":\"EntryPoint\",\"urlTemplate\":\"https:\/\/www.celttv.com.ar\/?s={search_term_string}\"},\"query-input\":\"required name=search_term_string\"}],\"inLanguage\":\"es\"},{\"@type\":\"Organization\",\"@id\":\"https:\/\/www.celttv.com.ar\/#organization\",\"name\":\"CELTTV\",\"url\":\"https:\/\/www.celttv.com.ar\/\",\"sameAs\":[\"https:\/\/www.youtube.com\/channel\/UCz_oIt8Hig64Ub-EmcNPIhg\",\"https:\/\/www.facebook.com\/celtTV\/\"],\"logo\":{\"@type\":\"ImageObject\",\"inLanguage\":\"es\",\"@id\":\"https:\/\/www.celttv.com.ar\/#\/schema\/logo\/image\/\",\"url\":\"http:\/\/www.celttv.com.ar\/wp-content\/uploads\/2022\/08\/logo-1.png\",\"contentUrl\":\"http:\/\/www.celttv.com.ar\/wp-content\/uploads\/2022\/08\/logo-1.png\",\"width\":461,\"height\":159,\"caption\":\"CELTTV\"},\"image\":{\"@id\":\"https:\/\/www.celttv.com.ar\/#\/schema\/logo\/image\/\"}},{\"@type\":\"Person\",\"@id\":\"https:\/\/www.celttv.com.ar\/#\/schema\/person\/6d99c072dba59953809c81446e9d0ace\",\"name\":\"ulises\",\"image\":{\"@type\":\"ImageObject\",\"inLanguage\":\"es\",\"@id\":\"https:\/\/www.celttv.com.ar\/#\/schema\/person\/image\/\",\"url\":\"https:\/\/secure.gravatar.com\/avatar\/7f2c48bdc33b30088f941fb6082e555f2874c98e20cb159d7b92b50eadfce793?s=96&d=mm&r=g\",\"contentUrl\":\"https:\/\/secure.gravatar.com\/avatar\/7f2c48bdc33b30088f941fb6082e555f2874c98e20cb159d7b92b50eadfce793?s=96&d=mm&r=g\",\"caption\":\"ulises\"},\"sameAs\":[\"http:\/\/www.celttv.com.ar\"]}]}<\/script>\n<!-- \/ Yoast SEO plugin. -->","yoast_head_json":{"title":"LA ESCUELA FOLKLORICA PRESENTO UN NUEVO FESTIVAL \"PARA VOS MAM\u00c1\" (videos y videoentrevistas) - CELTTV","description":"Sitio web de noticias de la localidad de Tornquist, provincia de Buenos Aires, Rep\u00fablica Argentina. Contenido propio originado por periodistas de CELTTV, el canal de TV local de la Cooperativa El\u00e9ctrica de Tornquist. Turismo, Pol\u00edtica, Sociedad, Deporte, Cultura y todo el contenido de inter\u00e9s general que la gente del pueblo y la regi\u00f3n debe conocer.","robots":{"index":"index","follow":"follow","max-snippet":"max-snippet:-1","max-image-preview":"max-image-preview:large","max-video-preview":"max-video-preview:-1"},"canonical":"https:\/\/www.celttv.com.ar\/index.php\/2014\/10\/15\/la-escuela-folklorica-presento-un-nuevo-festival-para-vos-mama-videos-y-videoentrevistas\/","og_locale":"es_ES","og_type":"article","og_title":"LA ESCUELA FOLKLORICA PRESENTO UN NUEVO FESTIVAL \"PARA VOS MAM\u00c1\" (videos y videoentrevistas) - CELTTV","og_description":"Sitio web de noticias de la localidad de Tornquist, provincia de Buenos Aires, Rep\u00fablica Argentina. Contenido propio originado por periodistas de CELTTV, el canal de TV local de la Cooperativa El\u00e9ctrica de Tornquist. Turismo, Pol\u00edtica, Sociedad, Deporte, Cultura y todo el contenido de inter\u00e9s general que la gente del pueblo y la regi\u00f3n debe conocer.","og_url":"https:\/\/www.celttv.com.ar\/index.php\/2014\/10\/15\/la-escuela-folklorica-presento-un-nuevo-festival-para-vos-mama-videos-y-videoentrevistas\/","og_site_name":"CELTTV","article_publisher":"https:\/\/www.facebook.com\/celtTV\/","article_published_time":"2014-10-15T19:58:00+00:00","author":"ulises","twitter_card":"summary_large_image","twitter_misc":{"Escrito por":"ulises","Tiempo de lectura":"1 minuto"},"schema":{"@context":"https:\/\/schema.org","@graph":[{"@type":"NewsArticle","@id":"https:\/\/www.celttv.com.ar\/index.php\/2014\/10\/15\/la-escuela-folklorica-presento-un-nuevo-festival-para-vos-mama-videos-y-videoentrevistas\/#article","isPartOf":{"@id":"https:\/\/www.celttv.com.ar\/index.php\/2014\/10\/15\/la-escuela-folklorica-presento-un-nuevo-festival-para-vos-mama-videos-y-videoentrevistas\/"},"author":{"name":"ulises","@id":"https:\/\/www.celttv.com.ar\/#\/schema\/person\/6d99c072dba59953809c81446e9d0ace"},"headline":"LA ESCUELA FOLKLORICA PRESENTO UN NUEVO FESTIVAL &#8220;PARA VOS MAM\u00c1&#8221; (videos y videoentrevistas)","datePublished":"2014-10-15T19:58:00+00:00","dateModified":"2014-10-15T19:58:00+00:00","mainEntityOfPage":{"@id":"https:\/\/www.celttv.com.ar\/index.php\/2014\/10\/15\/la-escuela-folklorica-presento-un-nuevo-festival-para-vos-mama-videos-y-videoentrevistas\/"},"wordCount":234,"publisher":{"@id":"https:\/\/www.celttv.com.ar\/#organization"},"articleSection":["Comunidad","Destacadas","Espect\u00e1culos","Videos Destacados"],"inLanguage":"es"},{"@type":"WebPage","@id":"https:\/\/www.celttv.com.ar\/index.php\/2014\/10\/15\/la-escuela-folklorica-presento-un-nuevo-festival-para-vos-mama-videos-y-videoentrevistas\/","url":"https:\/\/www.celttv.com.ar\/index.php\/2014\/10\/15\/la-escuela-folklorica-presento-un-nuevo-festival-para-vos-mama-videos-y-videoentrevistas\/","name":"LA ESCUELA FOLKLORICA PRESENTO UN NUEVO FESTIVAL \"PARA VOS MAM\u00c1\" (videos y videoentrevistas) - CELTTV","isPartOf":{"@id":"https:\/\/www.celttv.com.ar\/#website"},"datePublished":"2014-10-15T19:58:00+00:00","dateModified":"2014-10-15T19:58:00+00:00","description":"Sitio web de noticias de la localidad de Tornquist, provincia de Buenos Aires, Rep\u00fablica Argentina. Contenido propio originado por periodistas de CELTTV, el canal de TV local de la Cooperativa El\u00e9ctrica de Tornquist. Turismo, Pol\u00edtica, Sociedad, Deporte, Cultura y todo el contenido de inter\u00e9s general que la gente del pueblo y la regi\u00f3n debe conocer.","breadcrumb":{"@id":"https:\/\/www.celttv.com.ar\/index.php\/2014\/10\/15\/la-escuela-folklorica-presento-un-nuevo-festival-para-vos-mama-videos-y-videoentrevistas\/#breadcrumb"},"inLanguage":"es","potentialAction":[{"@type":"ReadAction","target":["https:\/\/www.celttv.com.ar\/index.php\/2014\/10\/15\/la-escuela-folklorica-presento-un-nuevo-festival-para-vos-mama-videos-y-videoentrevistas\/"]}]},{"@type":"BreadcrumbList","@id":"https:\/\/www.celttv.com.ar\/index.php\/2014\/10\/15\/la-escuela-folklorica-presento-un-nuevo-festival-para-vos-mama-videos-y-videoentrevistas\/#breadcrumb","itemListElement":[{"@type":"ListItem","position":1,"name":"Inicio","item":"https:\/\/www.celttv.com.ar\/"},{"@type":"ListItem","position":2,"name":"LA ESCUELA FOLKLORICA PRESENTO UN NUEVO FESTIVAL &#8220;PARA VOS MAM\u00c1&#8221; (videos y videoentrevistas)"}]},{"@type":"WebSite","@id":"https:\/\/www.celttv.com.ar\/#website","url":"https:\/\/www.celttv.com.ar\/","name":"CELTTV","description":"Cooperativa El\u00e9ctrica de Tornquist","publisher":{"@id":"https:\/\/www.celttv.com.ar\/#organization"},"potentialAction":[{"@type":"SearchAction","target":{"@type":"EntryPoint","urlTemplate":"https:\/\/www.celttv.com.ar\/?s={search_term_string}"},"query-input":"required name=search_term_string"}],"inLanguage":"es"},{"@type":"Organization","@id":"https:\/\/www.celttv.com.ar\/#organization","name":"CELTTV","url":"https:\/\/www.celttv.com.ar\/","sameAs":["https:\/\/www.youtube.com\/channel\/UCz_oIt8Hig64Ub-EmcNPIhg","https:\/\/www.facebook.com\/celtTV\/"],"logo":{"@type":"ImageObject","inLanguage":"es","@id":"https:\/\/www.celttv.com.ar\/#\/schema\/logo\/image\/","url":"http:\/\/www.celttv.com.ar\/wp-content\/uploads\/2022\/08\/logo-1.png","contentUrl":"http:\/\/www.celttv.com.ar\/wp-content\/uploads\/2022\/08\/logo-1.png","width":461,"height":159,"caption":"CELTTV"},"image":{"@id":"https:\/\/www.celttv.com.ar\/#\/schema\/logo\/image\/"}},{"@type":"Person","@id":"https:\/\/www.celttv.com.ar\/#\/schema\/person\/6d99c072dba59953809c81446e9d0ace","name":"ulises","image":{"@type":"ImageObject","inLanguage":"es","@id":"https:\/\/www.celttv.com.ar\/#\/schema\/person\/image\/","url":"https:\/\/secure.gravatar.com\/avatar\/7f2c48bdc33b30088f941fb6082e555f2874c98e20cb159d7b92b50eadfce793?s=96&d=mm&r=g","contentUrl":"https:\/\/secure.gravatar.com\/avatar\/7f2c48bdc33b30088f941fb6082e555f2874c98e20cb159d7b92b50eadfce793?s=96&d=mm&r=g","caption":"ulises"},"sameAs":["http:\/\/www.celttv.com.ar"]}]}},"_links":{"self":[{"href":"https:\/\/www.celttv.com.ar\/index.php\/wp-json\/wp\/v2\/posts\/24216","targetHints":{"allow":["GET"]}}],"collection":[{"href":"https:\/\/www.celttv.com.ar\/index.php\/wp-json\/wp\/v2\/posts"}],"about":[{"href":"https:\/\/www.celttv.com.ar\/index.php\/wp-json\/wp\/v2\/types\/post"}],"author":[{"embeddable":true,"href":"https:\/\/www.celttv.com.ar\/index.php\/wp-json\/wp\/v2\/users\/1"}],"replies":[{"embeddable":true,"href":"https:\/\/www.celttv.com.ar\/index.php\/wp-json\/wp\/v2\/comments?post=24216"}],"version-history":[{"count":0,"href":"https:\/\/www.celttv.com.ar\/index.php\/wp-json\/wp\/v2\/posts\/24216\/revisions"}],"wp:attachment":[{"href":"https:\/\/www.celttv.com.ar\/index.php\/wp-json\/wp\/v2\/media?parent=24216"}],"wp:term":[{"taxonomy":"category","embeddable":true,"href":"https:\/\/www.celttv.com.ar\/index.php\/wp-json\/wp\/v2\/categories?post=24216"},{"taxonomy":"post_tag","embeddable":true,"href":"https:\/\/www.celttv.com.ar\/index.php\/wp-json\/wp\/v2\/tags?post=24216"}],"curies":[{"name":"wp","href":"https:\/\/api.w.org\/{rel}","templated":true}]}}