{"id":24219,"date":"2014-10-15T20:06:46","date_gmt":"2014-10-15T20:06:46","guid":{"rendered":"http:\/\/www.tvcnoticias.com.ar\/?p=24219"},"modified":"2014-10-15T20:06:46","modified_gmt":"2014-10-15T20:06:46","slug":"patricio-chaija-presento-en-tornquist-su-libro-osario-comun-videoentrevistas","status":"publish","type":"post","link":"https:\/\/www.celttv.com.ar\/index.php\/2014\/10\/15\/patricio-chaija-presento-en-tornquist-su-libro-osario-comun-videoentrevistas\/","title":{"rendered":"PATRICIO CHAIJA PRESENTO EN TORNQUIST SU LIBRO &#8220;OSARIO COMUN&#8221; (videoentrevistas)"},"content":{"rendered":"<p><a href=\"https:\/\/www.youtube.com\/watch?v=qcLSMKi8TTI\">httpv:\/\/www.youtube.com\/watch?v=qcLSMKi8TTI<\/a><br \/>\n<a href=\"https:\/\/www.youtube.com\/watch?v=LmVyhvvDGag\">httpv:\/\/www.youtube.com\/watch?v=LmVyhvvDGag<\/a><br \/>\nEste s\u00e1bado se realiz\u00f3 en Chicoespacio de la Biblioteca Popular e\u201cErnesto Tornquist\u201d, la presentaci\u00f3n del escritor oriundo de nuestra ciudad Patricio Chaija.<br \/>\nEl autor de &#8220;Osario Com\u00fan Summa de fantas\u00eda y Horror&#8221; y &#8220;Nuestra Se\u00f1ora de Hiroshima&#8221;, otra obra que le pertenece, habl\u00f3 con los presentes sobre sus trabajos y la pasi\u00f3n que le lleva escribir obras de terror.<br \/>\nAunque ha publicado varios libros en el presente se encuentra trabajando en una novela que contendr\u00e1 m\u00e1s de 500 p\u00e1ginas y adem\u00e1s el Presidente de la Biblioteca y actual concejal del FPV, V\u00edctor Ant\u00f3n se comprometi\u00f3 a gestionar una ayuda para apoyar un libro de cuentos \u00a0de terror cuyo t\u00edtulo ser\u00eda \u201cLa oscuridad que cay\u00f3 sobre Tornquist\u201d<br \/>\n\u201cEl terror es el g\u00e9nero que m\u00e1s escribo porque me divierte y apasiona\u201d dice Patricio a la vez que da lectura a alguno de los p\u00e1rrafos ante la atenta mirada de los presentes.<\/p>\n","protected":false},"excerpt":{"rendered":"<p>httpv:\/\/www.youtube.com\/watch?v=qcLSMKi8TTI httpv:\/\/www.youtube.com\/watch?v=LmVyhvvDGag Este s\u00e1bado se realiz\u00f3 en Chicoespacio de la Biblioteca Popular e\u201cErnesto Tornquist\u201d, la presentaci\u00f3n del escritor oriundo de nuestra ciudad Patricio Chaija. El autor de &#8220;Osario Com\u00fan Summa de fantas\u00eda y Horror&#8221; y &#8220;Nuestra Se\u00f1ora de Hiroshima&#8221;, otra obra que le pertenece, habl\u00f3 con los presentes sobre sus trabajos y la pasi\u00f3n que [&hellip;]<\/p>\n","protected":false},"author":1,"featured_media":0,"comment_status":"closed","ping_status":"open","sticky":false,"template":"","format":"standard","meta":{"footnotes":""},"categories":[51,52,56],"tags":[],"class_list":["post-24219","post","type-post","status-publish","format-standard","hentry","category-comunidad","category-destacadas","category-espectaculos"],"yoast_head":"<!-- This site is optimized with the Yoast SEO plugin v19.7.1 - https:\/\/yoast.com\/wordpress\/plugins\/seo\/ -->\n<title>PATRICIO CHAIJA PRESENTO EN TORNQUIST SU LIBRO &quot;OSARIO COMUN&quot; (videoentrevistas) - CELTTV<\/title>\n<meta name=\"description\" content=\"Sitio web de noticias de la localidad de Tornquist, provincia de Buenos Aires, Rep\u00fablica Argentina. Contenido propio originado por periodistas de CELTTV, el canal de TV local de la Cooperativa El\u00e9ctrica de Tornquist. Turismo, Pol\u00edtica, Sociedad, Deporte, Cultura y todo el contenido de inter\u00e9s general que la gente del pueblo y la regi\u00f3n debe conocer.\" \/>\n<meta name=\"robots\" content=\"index, follow, max-snippet:-1, max-image-preview:large, max-video-preview:-1\" \/>\n<link rel=\"canonical\" href=\"https:\/\/www.celttv.com.ar\/index.php\/2014\/10\/15\/patricio-chaija-presento-en-tornquist-su-libro-osario-comun-videoentrevistas\/\" \/>\n<meta property=\"og:locale\" content=\"es_ES\" \/>\n<meta property=\"og:type\" content=\"article\" \/>\n<meta property=\"og:title\" content=\"PATRICIO CHAIJA PRESENTO EN TORNQUIST SU LIBRO &quot;OSARIO COMUN&quot; (videoentrevistas) - CELTTV\" \/>\n<meta property=\"og:description\" content=\"Sitio web de noticias de la localidad de Tornquist, provincia de Buenos Aires, Rep\u00fablica Argentina. Contenido propio originado por periodistas de CELTTV, el canal de TV local de la Cooperativa El\u00e9ctrica de Tornquist. Turismo, Pol\u00edtica, Sociedad, Deporte, Cultura y todo el contenido de inter\u00e9s general que la gente del pueblo y la regi\u00f3n debe conocer.\" \/>\n<meta property=\"og:url\" content=\"https:\/\/www.celttv.com.ar\/index.php\/2014\/10\/15\/patricio-chaija-presento-en-tornquist-su-libro-osario-comun-videoentrevistas\/\" \/>\n<meta property=\"og:site_name\" content=\"CELTTV\" \/>\n<meta property=\"article:publisher\" content=\"https:\/\/www.facebook.com\/celtTV\/\" \/>\n<meta property=\"article:published_time\" content=\"2014-10-15T20:06:46+00:00\" \/>\n<meta name=\"author\" content=\"ulises\" \/>\n<meta name=\"twitter:card\" content=\"summary_large_image\" \/>\n<meta name=\"twitter:label1\" content=\"Escrito por\" \/>\n\t<meta name=\"twitter:data1\" content=\"ulises\" \/>\n\t<meta name=\"twitter:label2\" content=\"Tiempo de lectura\" \/>\n\t<meta name=\"twitter:data2\" content=\"1 minuto\" \/>\n<script type=\"application\/ld+json\" class=\"yoast-schema-graph\">{\"@context\":\"https:\/\/schema.org\",\"@graph\":[{\"@type\":\"NewsArticle\",\"@id\":\"https:\/\/www.celttv.com.ar\/index.php\/2014\/10\/15\/patricio-chaija-presento-en-tornquist-su-libro-osario-comun-videoentrevistas\/#article\",\"isPartOf\":{\"@id\":\"https:\/\/www.celttv.com.ar\/index.php\/2014\/10\/15\/patricio-chaija-presento-en-tornquist-su-libro-osario-comun-videoentrevistas\/\"},\"author\":{\"name\":\"ulises\",\"@id\":\"https:\/\/www.celttv.com.ar\/#\/schema\/person\/6d99c072dba59953809c81446e9d0ace\"},\"headline\":\"PATRICIO CHAIJA PRESENTO EN TORNQUIST SU LIBRO &#8220;OSARIO COMUN&#8221; (videoentrevistas)\",\"datePublished\":\"2014-10-15T20:06:46+00:00\",\"dateModified\":\"2014-10-15T20:06:46+00:00\",\"mainEntityOfPage\":{\"@id\":\"https:\/\/www.celttv.com.ar\/index.php\/2014\/10\/15\/patricio-chaija-presento-en-tornquist-su-libro-osario-comun-videoentrevistas\/\"},\"wordCount\":190,\"publisher\":{\"@id\":\"https:\/\/www.celttv.com.ar\/#organization\"},\"articleSection\":[\"Comunidad\",\"Destacadas\",\"Espect\u00e1culos\"],\"inLanguage\":\"es\"},{\"@type\":\"WebPage\",\"@id\":\"https:\/\/www.celttv.com.ar\/index.php\/2014\/10\/15\/patricio-chaija-presento-en-tornquist-su-libro-osario-comun-videoentrevistas\/\",\"url\":\"https:\/\/www.celttv.com.ar\/index.php\/2014\/10\/15\/patricio-chaija-presento-en-tornquist-su-libro-osario-comun-videoentrevistas\/\",\"name\":\"PATRICIO CHAIJA PRESENTO EN TORNQUIST SU LIBRO \\\"OSARIO COMUN\\\" (videoentrevistas) - CELTTV\",\"isPartOf\":{\"@id\":\"https:\/\/www.celttv.com.ar\/#website\"},\"datePublished\":\"2014-10-15T20:06:46+00:00\",\"dateModified\":\"2014-10-15T20:06:46+00:00\",\"description\":\"Sitio web de noticias de la localidad de Tornquist, provincia de Buenos Aires, Rep\u00fablica Argentina. Contenido propio originado por periodistas de CELTTV, el canal de TV local de la Cooperativa El\u00e9ctrica de Tornquist. Turismo, Pol\u00edtica, Sociedad, Deporte, Cultura y todo el contenido de inter\u00e9s general que la gente del pueblo y la regi\u00f3n debe conocer.\",\"breadcrumb\":{\"@id\":\"https:\/\/www.celttv.com.ar\/index.php\/2014\/10\/15\/patricio-chaija-presento-en-tornquist-su-libro-osario-comun-videoentrevistas\/#breadcrumb\"},\"inLanguage\":\"es\",\"potentialAction\":[{\"@type\":\"ReadAction\",\"target\":[\"https:\/\/www.celttv.com.ar\/index.php\/2014\/10\/15\/patricio-chaija-presento-en-tornquist-su-libro-osario-comun-videoentrevistas\/\"]}]},{\"@type\":\"BreadcrumbList\",\"@id\":\"https:\/\/www.celttv.com.ar\/index.php\/2014\/10\/15\/patricio-chaija-presento-en-tornquist-su-libro-osario-comun-videoentrevistas\/#breadcrumb\",\"itemListElement\":[{\"@type\":\"ListItem\",\"position\":1,\"name\":\"Inicio\",\"item\":\"https:\/\/www.celttv.com.ar\/\"},{\"@type\":\"ListItem\",\"position\":2,\"name\":\"PATRICIO CHAIJA PRESENTO EN TORNQUIST SU LIBRO &#8220;OSARIO COMUN&#8221; (videoentrevistas)\"}]},{\"@type\":\"WebSite\",\"@id\":\"https:\/\/www.celttv.com.ar\/#website\",\"url\":\"https:\/\/www.celttv.com.ar\/\",\"name\":\"CELTTV\",\"description\":\"Cooperativa El\u00e9ctrica de Tornquist\",\"publisher\":{\"@id\":\"https:\/\/www.celttv.com.ar\/#organization\"},\"potentialAction\":[{\"@type\":\"SearchAction\",\"target\":{\"@type\":\"EntryPoint\",\"urlTemplate\":\"https:\/\/www.celttv.com.ar\/?s={search_term_string}\"},\"query-input\":\"required name=search_term_string\"}],\"inLanguage\":\"es\"},{\"@type\":\"Organization\",\"@id\":\"https:\/\/www.celttv.com.ar\/#organization\",\"name\":\"CELTTV\",\"url\":\"https:\/\/www.celttv.com.ar\/\",\"sameAs\":[\"https:\/\/www.youtube.com\/channel\/UCz_oIt8Hig64Ub-EmcNPIhg\",\"https:\/\/www.facebook.com\/celtTV\/\"],\"logo\":{\"@type\":\"ImageObject\",\"inLanguage\":\"es\",\"@id\":\"https:\/\/www.celttv.com.ar\/#\/schema\/logo\/image\/\",\"url\":\"http:\/\/www.celttv.com.ar\/wp-content\/uploads\/2022\/08\/logo-1.png\",\"contentUrl\":\"http:\/\/www.celttv.com.ar\/wp-content\/uploads\/2022\/08\/logo-1.png\",\"width\":461,\"height\":159,\"caption\":\"CELTTV\"},\"image\":{\"@id\":\"https:\/\/www.celttv.com.ar\/#\/schema\/logo\/image\/\"}},{\"@type\":\"Person\",\"@id\":\"https:\/\/www.celttv.com.ar\/#\/schema\/person\/6d99c072dba59953809c81446e9d0ace\",\"name\":\"ulises\",\"image\":{\"@type\":\"ImageObject\",\"inLanguage\":\"es\",\"@id\":\"https:\/\/www.celttv.com.ar\/#\/schema\/person\/image\/\",\"url\":\"https:\/\/secure.gravatar.com\/avatar\/7f2c48bdc33b30088f941fb6082e555f2874c98e20cb159d7b92b50eadfce793?s=96&d=mm&r=g\",\"contentUrl\":\"https:\/\/secure.gravatar.com\/avatar\/7f2c48bdc33b30088f941fb6082e555f2874c98e20cb159d7b92b50eadfce793?s=96&d=mm&r=g\",\"caption\":\"ulises\"},\"sameAs\":[\"http:\/\/www.celttv.com.ar\"]}]}<\/script>\n<!-- \/ Yoast SEO plugin. -->","yoast_head_json":{"title":"PATRICIO CHAIJA PRESENTO EN TORNQUIST SU LIBRO \"OSARIO COMUN\" (videoentrevistas) - CELTTV","description":"Sitio web de noticias de la localidad de Tornquist, provincia de Buenos Aires, Rep\u00fablica Argentina. Contenido propio originado por periodistas de CELTTV, el canal de TV local de la Cooperativa El\u00e9ctrica de Tornquist. Turismo, Pol\u00edtica, Sociedad, Deporte, Cultura y todo el contenido de inter\u00e9s general que la gente del pueblo y la regi\u00f3n debe conocer.","robots":{"index":"index","follow":"follow","max-snippet":"max-snippet:-1","max-image-preview":"max-image-preview:large","max-video-preview":"max-video-preview:-1"},"canonical":"https:\/\/www.celttv.com.ar\/index.php\/2014\/10\/15\/patricio-chaija-presento-en-tornquist-su-libro-osario-comun-videoentrevistas\/","og_locale":"es_ES","og_type":"article","og_title":"PATRICIO CHAIJA PRESENTO EN TORNQUIST SU LIBRO \"OSARIO COMUN\" (videoentrevistas) - CELTTV","og_description":"Sitio web de noticias de la localidad de Tornquist, provincia de Buenos Aires, Rep\u00fablica Argentina. Contenido propio originado por periodistas de CELTTV, el canal de TV local de la Cooperativa El\u00e9ctrica de Tornquist. Turismo, Pol\u00edtica, Sociedad, Deporte, Cultura y todo el contenido de inter\u00e9s general que la gente del pueblo y la regi\u00f3n debe conocer.","og_url":"https:\/\/www.celttv.com.ar\/index.php\/2014\/10\/15\/patricio-chaija-presento-en-tornquist-su-libro-osario-comun-videoentrevistas\/","og_site_name":"CELTTV","article_publisher":"https:\/\/www.facebook.com\/celtTV\/","article_published_time":"2014-10-15T20:06:46+00:00","author":"ulises","twitter_card":"summary_large_image","twitter_misc":{"Escrito por":"ulises","Tiempo de lectura":"1 minuto"},"schema":{"@context":"https:\/\/schema.org","@graph":[{"@type":"NewsArticle","@id":"https:\/\/www.celttv.com.ar\/index.php\/2014\/10\/15\/patricio-chaija-presento-en-tornquist-su-libro-osario-comun-videoentrevistas\/#article","isPartOf":{"@id":"https:\/\/www.celttv.com.ar\/index.php\/2014\/10\/15\/patricio-chaija-presento-en-tornquist-su-libro-osario-comun-videoentrevistas\/"},"author":{"name":"ulises","@id":"https:\/\/www.celttv.com.ar\/#\/schema\/person\/6d99c072dba59953809c81446e9d0ace"},"headline":"PATRICIO CHAIJA PRESENTO EN TORNQUIST SU LIBRO &#8220;OSARIO COMUN&#8221; (videoentrevistas)","datePublished":"2014-10-15T20:06:46+00:00","dateModified":"2014-10-15T20:06:46+00:00","mainEntityOfPage":{"@id":"https:\/\/www.celttv.com.ar\/index.php\/2014\/10\/15\/patricio-chaija-presento-en-tornquist-su-libro-osario-comun-videoentrevistas\/"},"wordCount":190,"publisher":{"@id":"https:\/\/www.celttv.com.ar\/#organization"},"articleSection":["Comunidad","Destacadas","Espect\u00e1culos"],"inLanguage":"es"},{"@type":"WebPage","@id":"https:\/\/www.celttv.com.ar\/index.php\/2014\/10\/15\/patricio-chaija-presento-en-tornquist-su-libro-osario-comun-videoentrevistas\/","url":"https:\/\/www.celttv.com.ar\/index.php\/2014\/10\/15\/patricio-chaija-presento-en-tornquist-su-libro-osario-comun-videoentrevistas\/","name":"PATRICIO CHAIJA PRESENTO EN TORNQUIST SU LIBRO \"OSARIO COMUN\" (videoentrevistas) - CELTTV","isPartOf":{"@id":"https:\/\/www.celttv.com.ar\/#website"},"datePublished":"2014-10-15T20:06:46+00:00","dateModified":"2014-10-15T20:06:46+00:00","description":"Sitio web de noticias de la localidad de Tornquist, provincia de Buenos Aires, Rep\u00fablica Argentina. Contenido propio originado por periodistas de CELTTV, el canal de TV local de la Cooperativa El\u00e9ctrica de Tornquist. Turismo, Pol\u00edtica, Sociedad, Deporte, Cultura y todo el contenido de inter\u00e9s general que la gente del pueblo y la regi\u00f3n debe conocer.","breadcrumb":{"@id":"https:\/\/www.celttv.com.ar\/index.php\/2014\/10\/15\/patricio-chaija-presento-en-tornquist-su-libro-osario-comun-videoentrevistas\/#breadcrumb"},"inLanguage":"es","potentialAction":[{"@type":"ReadAction","target":["https:\/\/www.celttv.com.ar\/index.php\/2014\/10\/15\/patricio-chaija-presento-en-tornquist-su-libro-osario-comun-videoentrevistas\/"]}]},{"@type":"BreadcrumbList","@id":"https:\/\/www.celttv.com.ar\/index.php\/2014\/10\/15\/patricio-chaija-presento-en-tornquist-su-libro-osario-comun-videoentrevistas\/#breadcrumb","itemListElement":[{"@type":"ListItem","position":1,"name":"Inicio","item":"https:\/\/www.celttv.com.ar\/"},{"@type":"ListItem","position":2,"name":"PATRICIO CHAIJA PRESENTO EN TORNQUIST SU LIBRO &#8220;OSARIO COMUN&#8221; (videoentrevistas)"}]},{"@type":"WebSite","@id":"https:\/\/www.celttv.com.ar\/#website","url":"https:\/\/www.celttv.com.ar\/","name":"CELTTV","description":"Cooperativa El\u00e9ctrica de Tornquist","publisher":{"@id":"https:\/\/www.celttv.com.ar\/#organization"},"potentialAction":[{"@type":"SearchAction","target":{"@type":"EntryPoint","urlTemplate":"https:\/\/www.celttv.com.ar\/?s={search_term_string}"},"query-input":"required name=search_term_string"}],"inLanguage":"es"},{"@type":"Organization","@id":"https:\/\/www.celttv.com.ar\/#organization","name":"CELTTV","url":"https:\/\/www.celttv.com.ar\/","sameAs":["https:\/\/www.youtube.com\/channel\/UCz_oIt8Hig64Ub-EmcNPIhg","https:\/\/www.facebook.com\/celtTV\/"],"logo":{"@type":"ImageObject","inLanguage":"es","@id":"https:\/\/www.celttv.com.ar\/#\/schema\/logo\/image\/","url":"http:\/\/www.celttv.com.ar\/wp-content\/uploads\/2022\/08\/logo-1.png","contentUrl":"http:\/\/www.celttv.com.ar\/wp-content\/uploads\/2022\/08\/logo-1.png","width":461,"height":159,"caption":"CELTTV"},"image":{"@id":"https:\/\/www.celttv.com.ar\/#\/schema\/logo\/image\/"}},{"@type":"Person","@id":"https:\/\/www.celttv.com.ar\/#\/schema\/person\/6d99c072dba59953809c81446e9d0ace","name":"ulises","image":{"@type":"ImageObject","inLanguage":"es","@id":"https:\/\/www.celttv.com.ar\/#\/schema\/person\/image\/","url":"https:\/\/secure.gravatar.com\/avatar\/7f2c48bdc33b30088f941fb6082e555f2874c98e20cb159d7b92b50eadfce793?s=96&d=mm&r=g","contentUrl":"https:\/\/secure.gravatar.com\/avatar\/7f2c48bdc33b30088f941fb6082e555f2874c98e20cb159d7b92b50eadfce793?s=96&d=mm&r=g","caption":"ulises"},"sameAs":["http:\/\/www.celttv.com.ar"]}]}},"_links":{"self":[{"href":"https:\/\/www.celttv.com.ar\/index.php\/wp-json\/wp\/v2\/posts\/24219","targetHints":{"allow":["GET"]}}],"collection":[{"href":"https:\/\/www.celttv.com.ar\/index.php\/wp-json\/wp\/v2\/posts"}],"about":[{"href":"https:\/\/www.celttv.com.ar\/index.php\/wp-json\/wp\/v2\/types\/post"}],"author":[{"embeddable":true,"href":"https:\/\/www.celttv.com.ar\/index.php\/wp-json\/wp\/v2\/users\/1"}],"replies":[{"embeddable":true,"href":"https:\/\/www.celttv.com.ar\/index.php\/wp-json\/wp\/v2\/comments?post=24219"}],"version-history":[{"count":0,"href":"https:\/\/www.celttv.com.ar\/index.php\/wp-json\/wp\/v2\/posts\/24219\/revisions"}],"wp:attachment":[{"href":"https:\/\/www.celttv.com.ar\/index.php\/wp-json\/wp\/v2\/media?parent=24219"}],"wp:term":[{"taxonomy":"category","embeddable":true,"href":"https:\/\/www.celttv.com.ar\/index.php\/wp-json\/wp\/v2\/categories?post=24219"},{"taxonomy":"post_tag","embeddable":true,"href":"https:\/\/www.celttv.com.ar\/index.php\/wp-json\/wp\/v2\/tags?post=24219"}],"curies":[{"name":"wp","href":"https:\/\/api.w.org\/{rel}","templated":true}]}}