{"id":24222,"date":"2014-10-15T20:12:52","date_gmt":"2014-10-15T20:12:52","guid":{"rendered":"http:\/\/www.tvcnoticias.com.ar\/?p=24222"},"modified":"2014-10-15T20:12:52","modified_gmt":"2014-10-15T20:12:52","slug":"convenio-con-anses-por-la-nueva-ley-de-moratoria-previsional","status":"publish","type":"post","link":"https:\/\/www.celttv.com.ar\/index.php\/2014\/10\/15\/convenio-con-anses-por-la-nueva-ley-de-moratoria-previsional\/","title":{"rendered":"CONVENIO CON ANSES. POR LA NUEVA LEY DE MORATORIA PREVISIONAL"},"content":{"rendered":"<p><br \/>\nAcuerdos de cooperaci\u00f3n para fomentar la mutua colaboraci\u00f3n entre el Municipio y la ANSES en todo lo referente al cumplimiento de la Ley de Moratoria Previsional, rubric\u00f3 ayer la intendenta interina, profesora Mar\u00eda Skolak, con el Director Ejecutivo de la ANSES, Diego Bossio, durante una reuni\u00f3n que cont\u00f3 con la presencia de 41 jefes comunales de la provincia de Buenos Aires.<br \/>\nEl encuentro se desarrollo en la sede central del organismo previsional, ubicado en la Ciudad Aut\u00f3noma de Buenos Aires, con la participaci\u00f3n del presidente de la Federaci\u00f3n Argentina de Municipios (FAM) e intendente de Florencio Varela, Julio C\u00e9sar Pereyra, y el presidente de la FAM provincia de Buenos Aires e intendente de Ituzaing\u00f3, Alberto Descalzo.<br \/>\nEn el marco de estos acuerdos, los municipios brindar\u00e1n asesoramiento a los interesados sobre los requisitos para acceder a la jubilaci\u00f3n, as\u00ed como todo lo referido a la documentaci\u00f3n, a la evaluaci\u00f3n patrimonial y socioecon\u00f3mica. La ANSES, por su parte, otorgar\u00e1 la informaci\u00f3n necesaria para agilizar el proceso de pago de la primera cuota de los planes de regularizaci\u00f3n de deuda correspondientes a las prestaciones otorgadas a los\u00a0 titulares de derecho. En lo que respecta a la moratoria, el organismo previsional\u00a0 tambi\u00e9n brindar\u00e1 informaci\u00f3n, gestionar\u00e1 turnos e intensificar\u00e1 la capacitaci\u00f3n.<br \/>\n\u201cEs un honor recibir a los intendentes de la provincia de Buenos Aires y poder trabajar temas puntuales. La ANSES est\u00e1 en contacto con todos los argentinos desde que est\u00e1n en la panza de su mam\u00e1 hasta que fallecemos. Hace pocos a\u00f1os los argentinos no pod\u00edan jubilarse y hoy es un derecho esencial\u201d, se\u00f1al\u00f3 Bossio.<br \/>\n\u201cGobernar es priorizar y elegir, a trav\u00e9s de pol\u00edticas inclusivas como la de esta moratoria. Y adem\u00e1s, debe estar al alcance de todos: jubilarse es f\u00e1cil y gratuito. Pero no alcanza con el accionar de la ANSES, necesitamos de los gobiernos municipales para llegar a todo el territorio argentino. Muchas familias no pueden pagar la primera cuota y ah\u00ed es donde debe estar presente el gobierno local, ayud\u00e1ndolos. Por eso estamos reunidos hoy, para hacer realidad el ejercicio de los derechos\u201d, a\u00f1adi\u00f3<br \/>\nAdem\u00e1s de Skolak, del encuentro participaron intendentes de localidades de todas las secciones electorales, como Lan\u00fas, San Pedro, Las Flores, Monte Hermoso, General La Madrid, Patagones, Florencio Varela, Ezeiza, Balcarce, Ca\u00f1uelas, Castelli, Monte, Mor\u00f3n, Alem, Bol\u00edvar, Necochea, Lomas de Zamora, Moreno, Navarro, entre otras.<br \/>\nDesde su puesta en marcha, el 10 de septiembre pasado, 421.000 personas solicitaron un turno en todo el pa\u00eds para acceder a la extensi\u00f3n de moratoria anunciada por la presidenta Cristina Fern\u00e1ndez, y convertida en Ley 26.970, tras ser promulgada por el Congreso de la Naci\u00f3n.<br \/>\nDe esos turnos, el 40% fue solicitado en la Provincia de Buenos Aires (173.468 turnos), de los cuales el 38% (65.495) fue gestionado a trav\u00e9s de www.anses.gob.ar\/moratoria, lo que marca una nueva tendencia en servicios previsionales. Esta p\u00e1gina fue dise\u00f1ada especialmente para simplificar su navegaci\u00f3n, de tal forma que solicitar un turno resulta realmente sencillo y accesible para todos. El resto de los turnos fue requerido en forma presencial en las delegaciones de la ANSES, mediante el n\u00famero de tel\u00e9fono gratuito 130 o por SMS.<br \/>\nLa p\u00e1gina web informa todos los requisitos que se deben cumplir para adherirse a la nueva moratoria, as\u00ed como los cuatro sencillos pasos que deben realizarse. Adem\u00e1s, la ANSES garantiza el asesoramiento previsional personalizado para que los adultos mayores puedan regularizar su situaci\u00f3n sin necesidad de pagarle a un gestor, si as\u00ed lo desean.<br \/>\n&nbsp;<br \/>\n&nbsp;<\/p>\n","protected":false},"excerpt":{"rendered":"<p>Acuerdos de cooperaci\u00f3n para fomentar la mutua colaboraci\u00f3n entre el Municipio y la ANSES en todo lo referente al cumplimiento de la Ley de Moratoria Previsional, rubric\u00f3 ayer la intendenta interina, profesora Mar\u00eda Skolak, con el Director Ejecutivo de la ANSES, Diego Bossio, durante una reuni\u00f3n que cont\u00f3 con la presencia de 41 jefes comunales [&hellip;]<\/p>\n","protected":false},"author":1,"featured_media":0,"comment_status":"closed","ping_status":"open","sticky":false,"template":"","format":"standard","meta":{"footnotes":""},"categories":[51,52,53],"tags":[],"class_list":["post-24222","post","type-post","status-publish","format-standard","hentry","category-comunidad","category-destacadas","category-politica"],"yoast_head":"<!-- This site is optimized with the Yoast SEO plugin v19.7.1 - https:\/\/yoast.com\/wordpress\/plugins\/seo\/ -->\n<title>CONVENIO CON ANSES. POR LA NUEVA LEY DE MORATORIA PREVISIONAL - CELTTV<\/title>\n<meta name=\"description\" content=\"Sitio web de noticias de la localidad de Tornquist, provincia de Buenos Aires, Rep\u00fablica Argentina. Contenido propio originado por periodistas de CELTTV, el canal de TV local de la Cooperativa El\u00e9ctrica de Tornquist. Turismo, Pol\u00edtica, Sociedad, Deporte, Cultura y todo el contenido de inter\u00e9s general que la gente del pueblo y la regi\u00f3n debe conocer.\" \/>\n<meta name=\"robots\" content=\"index, follow, max-snippet:-1, max-image-preview:large, max-video-preview:-1\" \/>\n<link rel=\"canonical\" href=\"https:\/\/www.celttv.com.ar\/index.php\/2014\/10\/15\/convenio-con-anses-por-la-nueva-ley-de-moratoria-previsional\/\" \/>\n<meta property=\"og:locale\" content=\"es_ES\" \/>\n<meta property=\"og:type\" content=\"article\" \/>\n<meta property=\"og:title\" content=\"CONVENIO CON ANSES. POR LA NUEVA LEY DE MORATORIA PREVISIONAL - CELTTV\" \/>\n<meta property=\"og:description\" content=\"Sitio web de noticias de la localidad de Tornquist, provincia de Buenos Aires, Rep\u00fablica Argentina. Contenido propio originado por periodistas de CELTTV, el canal de TV local de la Cooperativa El\u00e9ctrica de Tornquist. Turismo, Pol\u00edtica, Sociedad, Deporte, Cultura y todo el contenido de inter\u00e9s general que la gente del pueblo y la regi\u00f3n debe conocer.\" \/>\n<meta property=\"og:url\" content=\"https:\/\/www.celttv.com.ar\/index.php\/2014\/10\/15\/convenio-con-anses-por-la-nueva-ley-de-moratoria-previsional\/\" \/>\n<meta property=\"og:site_name\" content=\"CELTTV\" \/>\n<meta property=\"article:publisher\" content=\"https:\/\/www.facebook.com\/celtTV\/\" \/>\n<meta property=\"article:published_time\" content=\"2014-10-15T20:12:52+00:00\" \/>\n<meta name=\"author\" content=\"ulises\" \/>\n<meta name=\"twitter:card\" content=\"summary_large_image\" \/>\n<meta name=\"twitter:label1\" content=\"Escrito por\" \/>\n\t<meta name=\"twitter:data1\" content=\"ulises\" \/>\n\t<meta name=\"twitter:label2\" content=\"Tiempo de lectura\" \/>\n\t<meta name=\"twitter:data2\" content=\"3 minutos\" \/>\n<script type=\"application\/ld+json\" class=\"yoast-schema-graph\">{\"@context\":\"https:\/\/schema.org\",\"@graph\":[{\"@type\":\"NewsArticle\",\"@id\":\"https:\/\/www.celttv.com.ar\/index.php\/2014\/10\/15\/convenio-con-anses-por-la-nueva-ley-de-moratoria-previsional\/#article\",\"isPartOf\":{\"@id\":\"https:\/\/www.celttv.com.ar\/index.php\/2014\/10\/15\/convenio-con-anses-por-la-nueva-ley-de-moratoria-previsional\/\"},\"author\":{\"name\":\"ulises\",\"@id\":\"https:\/\/www.celttv.com.ar\/#\/schema\/person\/6d99c072dba59953809c81446e9d0ace\"},\"headline\":\"CONVENIO CON ANSES. POR LA NUEVA LEY DE MORATORIA PREVISIONAL\",\"datePublished\":\"2014-10-15T20:12:52+00:00\",\"dateModified\":\"2014-10-15T20:12:52+00:00\",\"mainEntityOfPage\":{\"@id\":\"https:\/\/www.celttv.com.ar\/index.php\/2014\/10\/15\/convenio-con-anses-por-la-nueva-ley-de-moratoria-previsional\/\"},\"wordCount\":629,\"publisher\":{\"@id\":\"https:\/\/www.celttv.com.ar\/#organization\"},\"articleSection\":[\"Comunidad\",\"Destacadas\",\"Pol\u00edtica\"],\"inLanguage\":\"es\"},{\"@type\":\"WebPage\",\"@id\":\"https:\/\/www.celttv.com.ar\/index.php\/2014\/10\/15\/convenio-con-anses-por-la-nueva-ley-de-moratoria-previsional\/\",\"url\":\"https:\/\/www.celttv.com.ar\/index.php\/2014\/10\/15\/convenio-con-anses-por-la-nueva-ley-de-moratoria-previsional\/\",\"name\":\"CONVENIO CON ANSES. POR LA NUEVA LEY DE MORATORIA PREVISIONAL - CELTTV\",\"isPartOf\":{\"@id\":\"https:\/\/www.celttv.com.ar\/#website\"},\"datePublished\":\"2014-10-15T20:12:52+00:00\",\"dateModified\":\"2014-10-15T20:12:52+00:00\",\"description\":\"Sitio web de noticias de la localidad de Tornquist, provincia de Buenos Aires, Rep\u00fablica Argentina. Contenido propio originado por periodistas de CELTTV, el canal de TV local de la Cooperativa El\u00e9ctrica de Tornquist. Turismo, Pol\u00edtica, Sociedad, Deporte, Cultura y todo el contenido de inter\u00e9s general que la gente del pueblo y la regi\u00f3n debe conocer.\",\"breadcrumb\":{\"@id\":\"https:\/\/www.celttv.com.ar\/index.php\/2014\/10\/15\/convenio-con-anses-por-la-nueva-ley-de-moratoria-previsional\/#breadcrumb\"},\"inLanguage\":\"es\",\"potentialAction\":[{\"@type\":\"ReadAction\",\"target\":[\"https:\/\/www.celttv.com.ar\/index.php\/2014\/10\/15\/convenio-con-anses-por-la-nueva-ley-de-moratoria-previsional\/\"]}]},{\"@type\":\"BreadcrumbList\",\"@id\":\"https:\/\/www.celttv.com.ar\/index.php\/2014\/10\/15\/convenio-con-anses-por-la-nueva-ley-de-moratoria-previsional\/#breadcrumb\",\"itemListElement\":[{\"@type\":\"ListItem\",\"position\":1,\"name\":\"Inicio\",\"item\":\"https:\/\/www.celttv.com.ar\/\"},{\"@type\":\"ListItem\",\"position\":2,\"name\":\"CONVENIO CON ANSES. POR LA NUEVA LEY DE MORATORIA PREVISIONAL\"}]},{\"@type\":\"WebSite\",\"@id\":\"https:\/\/www.celttv.com.ar\/#website\",\"url\":\"https:\/\/www.celttv.com.ar\/\",\"name\":\"CELTTV\",\"description\":\"Cooperativa El\u00e9ctrica de Tornquist\",\"publisher\":{\"@id\":\"https:\/\/www.celttv.com.ar\/#organization\"},\"potentialAction\":[{\"@type\":\"SearchAction\",\"target\":{\"@type\":\"EntryPoint\",\"urlTemplate\":\"https:\/\/www.celttv.com.ar\/?s={search_term_string}\"},\"query-input\":\"required name=search_term_string\"}],\"inLanguage\":\"es\"},{\"@type\":\"Organization\",\"@id\":\"https:\/\/www.celttv.com.ar\/#organization\",\"name\":\"CELTTV\",\"url\":\"https:\/\/www.celttv.com.ar\/\",\"sameAs\":[\"https:\/\/www.youtube.com\/channel\/UCz_oIt8Hig64Ub-EmcNPIhg\",\"https:\/\/www.facebook.com\/celtTV\/\"],\"logo\":{\"@type\":\"ImageObject\",\"inLanguage\":\"es\",\"@id\":\"https:\/\/www.celttv.com.ar\/#\/schema\/logo\/image\/\",\"url\":\"http:\/\/www.celttv.com.ar\/wp-content\/uploads\/2022\/08\/logo-1.png\",\"contentUrl\":\"http:\/\/www.celttv.com.ar\/wp-content\/uploads\/2022\/08\/logo-1.png\",\"width\":461,\"height\":159,\"caption\":\"CELTTV\"},\"image\":{\"@id\":\"https:\/\/www.celttv.com.ar\/#\/schema\/logo\/image\/\"}},{\"@type\":\"Person\",\"@id\":\"https:\/\/www.celttv.com.ar\/#\/schema\/person\/6d99c072dba59953809c81446e9d0ace\",\"name\":\"ulises\",\"image\":{\"@type\":\"ImageObject\",\"inLanguage\":\"es\",\"@id\":\"https:\/\/www.celttv.com.ar\/#\/schema\/person\/image\/\",\"url\":\"https:\/\/secure.gravatar.com\/avatar\/7f2c48bdc33b30088f941fb6082e555f2874c98e20cb159d7b92b50eadfce793?s=96&d=mm&r=g\",\"contentUrl\":\"https:\/\/secure.gravatar.com\/avatar\/7f2c48bdc33b30088f941fb6082e555f2874c98e20cb159d7b92b50eadfce793?s=96&d=mm&r=g\",\"caption\":\"ulises\"},\"sameAs\":[\"http:\/\/www.celttv.com.ar\"]}]}<\/script>\n<!-- \/ Yoast SEO plugin. -->","yoast_head_json":{"title":"CONVENIO CON ANSES. POR LA NUEVA LEY DE MORATORIA PREVISIONAL - CELTTV","description":"Sitio web de noticias de la localidad de Tornquist, provincia de Buenos Aires, Rep\u00fablica Argentina. Contenido propio originado por periodistas de CELTTV, el canal de TV local de la Cooperativa El\u00e9ctrica de Tornquist. Turismo, Pol\u00edtica, Sociedad, Deporte, Cultura y todo el contenido de inter\u00e9s general que la gente del pueblo y la regi\u00f3n debe conocer.","robots":{"index":"index","follow":"follow","max-snippet":"max-snippet:-1","max-image-preview":"max-image-preview:large","max-video-preview":"max-video-preview:-1"},"canonical":"https:\/\/www.celttv.com.ar\/index.php\/2014\/10\/15\/convenio-con-anses-por-la-nueva-ley-de-moratoria-previsional\/","og_locale":"es_ES","og_type":"article","og_title":"CONVENIO CON ANSES. POR LA NUEVA LEY DE MORATORIA PREVISIONAL - CELTTV","og_description":"Sitio web de noticias de la localidad de Tornquist, provincia de Buenos Aires, Rep\u00fablica Argentina. Contenido propio originado por periodistas de CELTTV, el canal de TV local de la Cooperativa El\u00e9ctrica de Tornquist. Turismo, Pol\u00edtica, Sociedad, Deporte, Cultura y todo el contenido de inter\u00e9s general que la gente del pueblo y la regi\u00f3n debe conocer.","og_url":"https:\/\/www.celttv.com.ar\/index.php\/2014\/10\/15\/convenio-con-anses-por-la-nueva-ley-de-moratoria-previsional\/","og_site_name":"CELTTV","article_publisher":"https:\/\/www.facebook.com\/celtTV\/","article_published_time":"2014-10-15T20:12:52+00:00","author":"ulises","twitter_card":"summary_large_image","twitter_misc":{"Escrito por":"ulises","Tiempo de lectura":"3 minutos"},"schema":{"@context":"https:\/\/schema.org","@graph":[{"@type":"NewsArticle","@id":"https:\/\/www.celttv.com.ar\/index.php\/2014\/10\/15\/convenio-con-anses-por-la-nueva-ley-de-moratoria-previsional\/#article","isPartOf":{"@id":"https:\/\/www.celttv.com.ar\/index.php\/2014\/10\/15\/convenio-con-anses-por-la-nueva-ley-de-moratoria-previsional\/"},"author":{"name":"ulises","@id":"https:\/\/www.celttv.com.ar\/#\/schema\/person\/6d99c072dba59953809c81446e9d0ace"},"headline":"CONVENIO CON ANSES. POR LA NUEVA LEY DE MORATORIA PREVISIONAL","datePublished":"2014-10-15T20:12:52+00:00","dateModified":"2014-10-15T20:12:52+00:00","mainEntityOfPage":{"@id":"https:\/\/www.celttv.com.ar\/index.php\/2014\/10\/15\/convenio-con-anses-por-la-nueva-ley-de-moratoria-previsional\/"},"wordCount":629,"publisher":{"@id":"https:\/\/www.celttv.com.ar\/#organization"},"articleSection":["Comunidad","Destacadas","Pol\u00edtica"],"inLanguage":"es"},{"@type":"WebPage","@id":"https:\/\/www.celttv.com.ar\/index.php\/2014\/10\/15\/convenio-con-anses-por-la-nueva-ley-de-moratoria-previsional\/","url":"https:\/\/www.celttv.com.ar\/index.php\/2014\/10\/15\/convenio-con-anses-por-la-nueva-ley-de-moratoria-previsional\/","name":"CONVENIO CON ANSES. POR LA NUEVA LEY DE MORATORIA PREVISIONAL - CELTTV","isPartOf":{"@id":"https:\/\/www.celttv.com.ar\/#website"},"datePublished":"2014-10-15T20:12:52+00:00","dateModified":"2014-10-15T20:12:52+00:00","description":"Sitio web de noticias de la localidad de Tornquist, provincia de Buenos Aires, Rep\u00fablica Argentina. Contenido propio originado por periodistas de CELTTV, el canal de TV local de la Cooperativa El\u00e9ctrica de Tornquist. Turismo, Pol\u00edtica, Sociedad, Deporte, Cultura y todo el contenido de inter\u00e9s general que la gente del pueblo y la regi\u00f3n debe conocer.","breadcrumb":{"@id":"https:\/\/www.celttv.com.ar\/index.php\/2014\/10\/15\/convenio-con-anses-por-la-nueva-ley-de-moratoria-previsional\/#breadcrumb"},"inLanguage":"es","potentialAction":[{"@type":"ReadAction","target":["https:\/\/www.celttv.com.ar\/index.php\/2014\/10\/15\/convenio-con-anses-por-la-nueva-ley-de-moratoria-previsional\/"]}]},{"@type":"BreadcrumbList","@id":"https:\/\/www.celttv.com.ar\/index.php\/2014\/10\/15\/convenio-con-anses-por-la-nueva-ley-de-moratoria-previsional\/#breadcrumb","itemListElement":[{"@type":"ListItem","position":1,"name":"Inicio","item":"https:\/\/www.celttv.com.ar\/"},{"@type":"ListItem","position":2,"name":"CONVENIO CON ANSES. POR LA NUEVA LEY DE MORATORIA PREVISIONAL"}]},{"@type":"WebSite","@id":"https:\/\/www.celttv.com.ar\/#website","url":"https:\/\/www.celttv.com.ar\/","name":"CELTTV","description":"Cooperativa El\u00e9ctrica de Tornquist","publisher":{"@id":"https:\/\/www.celttv.com.ar\/#organization"},"potentialAction":[{"@type":"SearchAction","target":{"@type":"EntryPoint","urlTemplate":"https:\/\/www.celttv.com.ar\/?s={search_term_string}"},"query-input":"required name=search_term_string"}],"inLanguage":"es"},{"@type":"Organization","@id":"https:\/\/www.celttv.com.ar\/#organization","name":"CELTTV","url":"https:\/\/www.celttv.com.ar\/","sameAs":["https:\/\/www.youtube.com\/channel\/UCz_oIt8Hig64Ub-EmcNPIhg","https:\/\/www.facebook.com\/celtTV\/"],"logo":{"@type":"ImageObject","inLanguage":"es","@id":"https:\/\/www.celttv.com.ar\/#\/schema\/logo\/image\/","url":"http:\/\/www.celttv.com.ar\/wp-content\/uploads\/2022\/08\/logo-1.png","contentUrl":"http:\/\/www.celttv.com.ar\/wp-content\/uploads\/2022\/08\/logo-1.png","width":461,"height":159,"caption":"CELTTV"},"image":{"@id":"https:\/\/www.celttv.com.ar\/#\/schema\/logo\/image\/"}},{"@type":"Person","@id":"https:\/\/www.celttv.com.ar\/#\/schema\/person\/6d99c072dba59953809c81446e9d0ace","name":"ulises","image":{"@type":"ImageObject","inLanguage":"es","@id":"https:\/\/www.celttv.com.ar\/#\/schema\/person\/image\/","url":"https:\/\/secure.gravatar.com\/avatar\/7f2c48bdc33b30088f941fb6082e555f2874c98e20cb159d7b92b50eadfce793?s=96&d=mm&r=g","contentUrl":"https:\/\/secure.gravatar.com\/avatar\/7f2c48bdc33b30088f941fb6082e555f2874c98e20cb159d7b92b50eadfce793?s=96&d=mm&r=g","caption":"ulises"},"sameAs":["http:\/\/www.celttv.com.ar"]}]}},"_links":{"self":[{"href":"https:\/\/www.celttv.com.ar\/index.php\/wp-json\/wp\/v2\/posts\/24222","targetHints":{"allow":["GET"]}}],"collection":[{"href":"https:\/\/www.celttv.com.ar\/index.php\/wp-json\/wp\/v2\/posts"}],"about":[{"href":"https:\/\/www.celttv.com.ar\/index.php\/wp-json\/wp\/v2\/types\/post"}],"author":[{"embeddable":true,"href":"https:\/\/www.celttv.com.ar\/index.php\/wp-json\/wp\/v2\/users\/1"}],"replies":[{"embeddable":true,"href":"https:\/\/www.celttv.com.ar\/index.php\/wp-json\/wp\/v2\/comments?post=24222"}],"version-history":[{"count":0,"href":"https:\/\/www.celttv.com.ar\/index.php\/wp-json\/wp\/v2\/posts\/24222\/revisions"}],"wp:attachment":[{"href":"https:\/\/www.celttv.com.ar\/index.php\/wp-json\/wp\/v2\/media?parent=24222"}],"wp:term":[{"taxonomy":"category","embeddable":true,"href":"https:\/\/www.celttv.com.ar\/index.php\/wp-json\/wp\/v2\/categories?post=24222"},{"taxonomy":"post_tag","embeddable":true,"href":"https:\/\/www.celttv.com.ar\/index.php\/wp-json\/wp\/v2\/tags?post=24222"}],"curies":[{"name":"wp","href":"https:\/\/api.w.org\/{rel}","templated":true}]}}