{"id":24315,"date":"2014-10-17T14:21:27","date_gmt":"2014-10-17T14:21:27","guid":{"rendered":"http:\/\/www.tvcnoticias.com.ar\/?p=24315"},"modified":"2014-10-17T14:21:27","modified_gmt":"2014-10-17T14:21:27","slug":"la-amistad-fue-el-lema-en-un-nuevo-aniversario-del-cuerpo-de-bomberos-voluntarios-de-tornquist","status":"publish","type":"post","link":"https:\/\/www.celttv.com.ar\/index.php\/2014\/10\/17\/la-amistad-fue-el-lema-en-un-nuevo-aniversario-del-cuerpo-de-bomberos-voluntarios-de-tornquist\/","title":{"rendered":"LA AMISTAD FUE EL LEMA EN UN NUEVO ANIVERSARIO DEL CUERPO DE BOMBEROS VOLUNTARIOS DE TORNQUIST"},"content":{"rendered":"<p><a href=\"https:\/\/www.youtube.com\/watch?v=z_hnBcj-dHI\">httpv:\/\/www.youtube.com\/watch?v=z_hnBcj-dHI<\/a><br \/>\n<a href=\"https:\/\/www.youtube.com\/watch?v=K4alElHu9SU\">httpv:\/\/www.youtube.com\/watch?v=K4alElHu9SU<\/a><br \/>\n<a href=\"https:\/\/www.youtube.com\/watch?v=wXvJ16DMovc\">httpv:\/\/www.youtube.com\/watch?v=wXvJ16DMovc<\/a><br \/>\n<a href=\"https:\/\/www.youtube.com\/watch?v=NkKEIhcEiPs\">httpv:\/\/www.youtube.com\/watch?v=NkKEIhcEiPs<\/a><br \/>\n<a href=\"https:\/\/www.youtube.com\/watch?v=w5ziije2UbE\">httpv:\/\/www.youtube.com\/watch?v=w5ziije2UbE<\/a><br \/>\nUn acto emotivo y lleno de festejos.Celebraron adem\u00e1s 50 a\u00f1os compartidos con los cuarteles de Ing. White y Quilmes.<br \/>\n<span style=\"font-family: Verdana, Arial, Helvetica, sans-serif; font-size: x-small;\">En un d\u00eda a pleno sol que se asoci\u00f3 para la celebraci\u00f3n N\u00ba 53 de la Asociaci\u00f3n Cuerpo Bomberos Voluntarios de nuestra ciudad, la entidad celebr\u00f3 en compa\u00f1\u00eda de la comunidad y autoridades un nuevo cumplea\u00f1os.<\/span><br \/>\n<span style=\"font-family: Verdana, Arial, Helvetica, sans-serif; font-size: x-small;\">A la celebraci\u00f3n se sumaron los Bomberos Voluntarios de Sierra de la Ventana que festejan tambi\u00e9n su fecha de creaci\u00f3n, la Escuela de Cadetes en su quinto aniversario y los 50 a\u00f1os de amistad con Tornquist , de los cuarteles de Ingeniero White y Quilmes que asistieron al evento.<\/span><br \/>\n<span style=\"font-family: Verdana, Arial, Helvetica, sans-serif; font-size: x-small;\">Dentro de las autoridades encabez\u00f3 el acto oficial la Intendente Municipal Interina Mar\u00eda Ofelia Skolak como as\u00ed tambi\u00e9n concejales y miembros del Departamento Ejecutivo Municipal.<\/span><br \/>\n<span style=\"font-family: Verdana, Arial, Helvetica, sans-serif; font-size: x-small;\">Durante las alocuciones hicieron uso de la palabra el titular de la Escuela de Cadetes Dami\u00e1n Flores, el Presidente H\u00e9ctor Dinunzio y el comandante Jefe del Cuerpo Mart\u00edn Hagg, todos destacaron la labor de los servidores p\u00fablicos y la entrega junto al compromiso de velar por la comunidad.<\/span><br \/>\n<span style=\"font-family: Verdana, Arial, Helvetica, sans-serif; font-size: x-small;\">Hubo ascensos y se entregaron presentes a varios integrantes de la ecuela de cadetes y a bomberos voluntarios. Tambi\u00e9n se reconoci\u00f3 el valor de la amistad sembrada hace 50 a\u00f1os por los bomberos de White y Quilmes a quienes se les hizo entrega de un reconocimiento.<\/span><br \/>\n<span style=\"font-family: Verdana, Arial, Helvetica, sans-serif; font-size: x-small;\">Por otro lado tambi\u00e9n recibi\u00f3 una plaqueta Gustavo De Vizia Jefe del Cuerpo de Sierra de la Ventana que celebra adem\u00e1s un nuevo aniversario. La escuadra de reserva tambi\u00e9n tuvo su presente.<\/span><br \/>\n<span style=\"font-family: Verdana, Arial, Helvetica, sans-serif; font-size: x-small;\">Un momento emotivo fue la entrega de un casco realizado en acr\u00edlico y dividido en tres partes con el logo de los 50 a\u00f1os de amistad. Cada cuartel(Tornquist,Quilmes y White) se qued\u00f3 con una parte de ese simb\u00f3lico casco y se comprometieron a unirlo dentro de 25 a\u00f1os para continuar sellando la amistad entre servidores p\u00fablicos a los que siempre debemos resguardar.<\/span><br \/>\n&nbsp;<\/p>\n","protected":false},"excerpt":{"rendered":"<p>httpv:\/\/www.youtube.com\/watch?v=z_hnBcj-dHI httpv:\/\/www.youtube.com\/watch?v=K4alElHu9SU httpv:\/\/www.youtube.com\/watch?v=wXvJ16DMovc httpv:\/\/www.youtube.com\/watch?v=NkKEIhcEiPs httpv:\/\/www.youtube.com\/watch?v=w5ziije2UbE Un acto emotivo y lleno de festejos.Celebraron adem\u00e1s 50 a\u00f1os compartidos con los cuarteles de Ing. White y Quilmes. En un d\u00eda a pleno sol que se asoci\u00f3 para la celebraci\u00f3n N\u00ba 53 de la Asociaci\u00f3n Cuerpo Bomberos Voluntarios de nuestra ciudad, la entidad celebr\u00f3 en compa\u00f1\u00eda de la comunidad [&hellip;]<\/p>\n","protected":false},"author":1,"featured_media":0,"comment_status":"closed","ping_status":"open","sticky":false,"template":"","format":"standard","meta":{"footnotes":""},"categories":[51,52,64],"tags":[],"class_list":["post-24315","post","type-post","status-publish","format-standard","hentry","category-comunidad","category-destacadas","category-videos-destacados"],"yoast_head":"<!-- This site is optimized with the Yoast SEO plugin v19.7.1 - https:\/\/yoast.com\/wordpress\/plugins\/seo\/ -->\n<title>LA AMISTAD FUE EL LEMA EN UN NUEVO ANIVERSARIO DEL CUERPO DE BOMBEROS VOLUNTARIOS DE TORNQUIST - CELTTV<\/title>\n<meta name=\"description\" content=\"Sitio web de noticias de la localidad de Tornquist, provincia de Buenos Aires, Rep\u00fablica Argentina. Contenido propio originado por periodistas de CELTTV, el canal de TV local de la Cooperativa El\u00e9ctrica de Tornquist. Turismo, Pol\u00edtica, Sociedad, Deporte, Cultura y todo el contenido de inter\u00e9s general que la gente del pueblo y la regi\u00f3n debe conocer.\" \/>\n<meta name=\"robots\" content=\"index, follow, max-snippet:-1, max-image-preview:large, max-video-preview:-1\" \/>\n<link rel=\"canonical\" href=\"https:\/\/www.celttv.com.ar\/index.php\/2014\/10\/17\/la-amistad-fue-el-lema-en-un-nuevo-aniversario-del-cuerpo-de-bomberos-voluntarios-de-tornquist\/\" \/>\n<meta property=\"og:locale\" content=\"es_ES\" \/>\n<meta property=\"og:type\" content=\"article\" \/>\n<meta property=\"og:title\" content=\"LA AMISTAD FUE EL LEMA EN UN NUEVO ANIVERSARIO DEL CUERPO DE BOMBEROS VOLUNTARIOS DE TORNQUIST - CELTTV\" \/>\n<meta property=\"og:description\" content=\"Sitio web de noticias de la localidad de Tornquist, provincia de Buenos Aires, Rep\u00fablica Argentina. Contenido propio originado por periodistas de CELTTV, el canal de TV local de la Cooperativa El\u00e9ctrica de Tornquist. Turismo, Pol\u00edtica, Sociedad, Deporte, Cultura y todo el contenido de inter\u00e9s general que la gente del pueblo y la regi\u00f3n debe conocer.\" \/>\n<meta property=\"og:url\" content=\"https:\/\/www.celttv.com.ar\/index.php\/2014\/10\/17\/la-amistad-fue-el-lema-en-un-nuevo-aniversario-del-cuerpo-de-bomberos-voluntarios-de-tornquist\/\" \/>\n<meta property=\"og:site_name\" content=\"CELTTV\" \/>\n<meta property=\"article:publisher\" content=\"https:\/\/www.facebook.com\/celtTV\/\" \/>\n<meta property=\"article:published_time\" content=\"2014-10-17T14:21:27+00:00\" \/>\n<meta name=\"author\" content=\"ulises\" \/>\n<meta name=\"twitter:card\" content=\"summary_large_image\" \/>\n<meta name=\"twitter:label1\" content=\"Escrito por\" \/>\n\t<meta name=\"twitter:data1\" content=\"ulises\" \/>\n\t<meta name=\"twitter:label2\" content=\"Tiempo de lectura\" \/>\n\t<meta name=\"twitter:data2\" content=\"2 minutos\" \/>\n<script type=\"application\/ld+json\" class=\"yoast-schema-graph\">{\"@context\":\"https:\/\/schema.org\",\"@graph\":[{\"@type\":\"NewsArticle\",\"@id\":\"https:\/\/www.celttv.com.ar\/index.php\/2014\/10\/17\/la-amistad-fue-el-lema-en-un-nuevo-aniversario-del-cuerpo-de-bomberos-voluntarios-de-tornquist\/#article\",\"isPartOf\":{\"@id\":\"https:\/\/www.celttv.com.ar\/index.php\/2014\/10\/17\/la-amistad-fue-el-lema-en-un-nuevo-aniversario-del-cuerpo-de-bomberos-voluntarios-de-tornquist\/\"},\"author\":{\"name\":\"ulises\",\"@id\":\"https:\/\/www.celttv.com.ar\/#\/schema\/person\/6d99c072dba59953809c81446e9d0ace\"},\"headline\":\"LA AMISTAD FUE EL LEMA EN UN NUEVO ANIVERSARIO DEL CUERPO DE BOMBEROS VOLUNTARIOS DE TORNQUIST\",\"datePublished\":\"2014-10-17T14:21:27+00:00\",\"dateModified\":\"2014-10-17T14:21:27+00:00\",\"mainEntityOfPage\":{\"@id\":\"https:\/\/www.celttv.com.ar\/index.php\/2014\/10\/17\/la-amistad-fue-el-lema-en-un-nuevo-aniversario-del-cuerpo-de-bomberos-voluntarios-de-tornquist\/\"},\"wordCount\":398,\"publisher\":{\"@id\":\"https:\/\/www.celttv.com.ar\/#organization\"},\"articleSection\":[\"Comunidad\",\"Destacadas\",\"Videos Destacados\"],\"inLanguage\":\"es\"},{\"@type\":\"WebPage\",\"@id\":\"https:\/\/www.celttv.com.ar\/index.php\/2014\/10\/17\/la-amistad-fue-el-lema-en-un-nuevo-aniversario-del-cuerpo-de-bomberos-voluntarios-de-tornquist\/\",\"url\":\"https:\/\/www.celttv.com.ar\/index.php\/2014\/10\/17\/la-amistad-fue-el-lema-en-un-nuevo-aniversario-del-cuerpo-de-bomberos-voluntarios-de-tornquist\/\",\"name\":\"LA AMISTAD FUE EL LEMA EN UN NUEVO ANIVERSARIO DEL CUERPO DE BOMBEROS VOLUNTARIOS DE TORNQUIST - CELTTV\",\"isPartOf\":{\"@id\":\"https:\/\/www.celttv.com.ar\/#website\"},\"datePublished\":\"2014-10-17T14:21:27+00:00\",\"dateModified\":\"2014-10-17T14:21:27+00:00\",\"description\":\"Sitio web de noticias de la localidad de Tornquist, provincia de Buenos Aires, Rep\u00fablica Argentina. Contenido propio originado por periodistas de CELTTV, el canal de TV local de la Cooperativa El\u00e9ctrica de Tornquist. Turismo, Pol\u00edtica, Sociedad, Deporte, Cultura y todo el contenido de inter\u00e9s general que la gente del pueblo y la regi\u00f3n debe conocer.\",\"breadcrumb\":{\"@id\":\"https:\/\/www.celttv.com.ar\/index.php\/2014\/10\/17\/la-amistad-fue-el-lema-en-un-nuevo-aniversario-del-cuerpo-de-bomberos-voluntarios-de-tornquist\/#breadcrumb\"},\"inLanguage\":\"es\",\"potentialAction\":[{\"@type\":\"ReadAction\",\"target\":[\"https:\/\/www.celttv.com.ar\/index.php\/2014\/10\/17\/la-amistad-fue-el-lema-en-un-nuevo-aniversario-del-cuerpo-de-bomberos-voluntarios-de-tornquist\/\"]}]},{\"@type\":\"BreadcrumbList\",\"@id\":\"https:\/\/www.celttv.com.ar\/index.php\/2014\/10\/17\/la-amistad-fue-el-lema-en-un-nuevo-aniversario-del-cuerpo-de-bomberos-voluntarios-de-tornquist\/#breadcrumb\",\"itemListElement\":[{\"@type\":\"ListItem\",\"position\":1,\"name\":\"Inicio\",\"item\":\"https:\/\/www.celttv.com.ar\/\"},{\"@type\":\"ListItem\",\"position\":2,\"name\":\"LA AMISTAD FUE EL LEMA EN UN NUEVO ANIVERSARIO DEL CUERPO DE BOMBEROS VOLUNTARIOS DE TORNQUIST\"}]},{\"@type\":\"WebSite\",\"@id\":\"https:\/\/www.celttv.com.ar\/#website\",\"url\":\"https:\/\/www.celttv.com.ar\/\",\"name\":\"CELTTV\",\"description\":\"Cooperativa El\u00e9ctrica de Tornquist\",\"publisher\":{\"@id\":\"https:\/\/www.celttv.com.ar\/#organization\"},\"potentialAction\":[{\"@type\":\"SearchAction\",\"target\":{\"@type\":\"EntryPoint\",\"urlTemplate\":\"https:\/\/www.celttv.com.ar\/?s={search_term_string}\"},\"query-input\":\"required name=search_term_string\"}],\"inLanguage\":\"es\"},{\"@type\":\"Organization\",\"@id\":\"https:\/\/www.celttv.com.ar\/#organization\",\"name\":\"CELTTV\",\"url\":\"https:\/\/www.celttv.com.ar\/\",\"sameAs\":[\"https:\/\/www.youtube.com\/channel\/UCz_oIt8Hig64Ub-EmcNPIhg\",\"https:\/\/www.facebook.com\/celtTV\/\"],\"logo\":{\"@type\":\"ImageObject\",\"inLanguage\":\"es\",\"@id\":\"https:\/\/www.celttv.com.ar\/#\/schema\/logo\/image\/\",\"url\":\"http:\/\/www.celttv.com.ar\/wp-content\/uploads\/2022\/08\/logo-1.png\",\"contentUrl\":\"http:\/\/www.celttv.com.ar\/wp-content\/uploads\/2022\/08\/logo-1.png\",\"width\":461,\"height\":159,\"caption\":\"CELTTV\"},\"image\":{\"@id\":\"https:\/\/www.celttv.com.ar\/#\/schema\/logo\/image\/\"}},{\"@type\":\"Person\",\"@id\":\"https:\/\/www.celttv.com.ar\/#\/schema\/person\/6d99c072dba59953809c81446e9d0ace\",\"name\":\"ulises\",\"image\":{\"@type\":\"ImageObject\",\"inLanguage\":\"es\",\"@id\":\"https:\/\/www.celttv.com.ar\/#\/schema\/person\/image\/\",\"url\":\"https:\/\/secure.gravatar.com\/avatar\/7f2c48bdc33b30088f941fb6082e555f2874c98e20cb159d7b92b50eadfce793?s=96&d=mm&r=g\",\"contentUrl\":\"https:\/\/secure.gravatar.com\/avatar\/7f2c48bdc33b30088f941fb6082e555f2874c98e20cb159d7b92b50eadfce793?s=96&d=mm&r=g\",\"caption\":\"ulises\"},\"sameAs\":[\"http:\/\/www.celttv.com.ar\"]}]}<\/script>\n<!-- \/ Yoast SEO plugin. -->","yoast_head_json":{"title":"LA AMISTAD FUE EL LEMA EN UN NUEVO ANIVERSARIO DEL CUERPO DE BOMBEROS VOLUNTARIOS DE TORNQUIST - CELTTV","description":"Sitio web de noticias de la localidad de Tornquist, provincia de Buenos Aires, Rep\u00fablica Argentina. Contenido propio originado por periodistas de CELTTV, el canal de TV local de la Cooperativa El\u00e9ctrica de Tornquist. Turismo, Pol\u00edtica, Sociedad, Deporte, Cultura y todo el contenido de inter\u00e9s general que la gente del pueblo y la regi\u00f3n debe conocer.","robots":{"index":"index","follow":"follow","max-snippet":"max-snippet:-1","max-image-preview":"max-image-preview:large","max-video-preview":"max-video-preview:-1"},"canonical":"https:\/\/www.celttv.com.ar\/index.php\/2014\/10\/17\/la-amistad-fue-el-lema-en-un-nuevo-aniversario-del-cuerpo-de-bomberos-voluntarios-de-tornquist\/","og_locale":"es_ES","og_type":"article","og_title":"LA AMISTAD FUE EL LEMA EN UN NUEVO ANIVERSARIO DEL CUERPO DE BOMBEROS VOLUNTARIOS DE TORNQUIST - CELTTV","og_description":"Sitio web de noticias de la localidad de Tornquist, provincia de Buenos Aires, Rep\u00fablica Argentina. Contenido propio originado por periodistas de CELTTV, el canal de TV local de la Cooperativa El\u00e9ctrica de Tornquist. Turismo, Pol\u00edtica, Sociedad, Deporte, Cultura y todo el contenido de inter\u00e9s general que la gente del pueblo y la regi\u00f3n debe conocer.","og_url":"https:\/\/www.celttv.com.ar\/index.php\/2014\/10\/17\/la-amistad-fue-el-lema-en-un-nuevo-aniversario-del-cuerpo-de-bomberos-voluntarios-de-tornquist\/","og_site_name":"CELTTV","article_publisher":"https:\/\/www.facebook.com\/celtTV\/","article_published_time":"2014-10-17T14:21:27+00:00","author":"ulises","twitter_card":"summary_large_image","twitter_misc":{"Escrito por":"ulises","Tiempo de lectura":"2 minutos"},"schema":{"@context":"https:\/\/schema.org","@graph":[{"@type":"NewsArticle","@id":"https:\/\/www.celttv.com.ar\/index.php\/2014\/10\/17\/la-amistad-fue-el-lema-en-un-nuevo-aniversario-del-cuerpo-de-bomberos-voluntarios-de-tornquist\/#article","isPartOf":{"@id":"https:\/\/www.celttv.com.ar\/index.php\/2014\/10\/17\/la-amistad-fue-el-lema-en-un-nuevo-aniversario-del-cuerpo-de-bomberos-voluntarios-de-tornquist\/"},"author":{"name":"ulises","@id":"https:\/\/www.celttv.com.ar\/#\/schema\/person\/6d99c072dba59953809c81446e9d0ace"},"headline":"LA AMISTAD FUE EL LEMA EN UN NUEVO ANIVERSARIO DEL CUERPO DE BOMBEROS VOLUNTARIOS DE TORNQUIST","datePublished":"2014-10-17T14:21:27+00:00","dateModified":"2014-10-17T14:21:27+00:00","mainEntityOfPage":{"@id":"https:\/\/www.celttv.com.ar\/index.php\/2014\/10\/17\/la-amistad-fue-el-lema-en-un-nuevo-aniversario-del-cuerpo-de-bomberos-voluntarios-de-tornquist\/"},"wordCount":398,"publisher":{"@id":"https:\/\/www.celttv.com.ar\/#organization"},"articleSection":["Comunidad","Destacadas","Videos Destacados"],"inLanguage":"es"},{"@type":"WebPage","@id":"https:\/\/www.celttv.com.ar\/index.php\/2014\/10\/17\/la-amistad-fue-el-lema-en-un-nuevo-aniversario-del-cuerpo-de-bomberos-voluntarios-de-tornquist\/","url":"https:\/\/www.celttv.com.ar\/index.php\/2014\/10\/17\/la-amistad-fue-el-lema-en-un-nuevo-aniversario-del-cuerpo-de-bomberos-voluntarios-de-tornquist\/","name":"LA AMISTAD FUE EL LEMA EN UN NUEVO ANIVERSARIO DEL CUERPO DE BOMBEROS VOLUNTARIOS DE TORNQUIST - CELTTV","isPartOf":{"@id":"https:\/\/www.celttv.com.ar\/#website"},"datePublished":"2014-10-17T14:21:27+00:00","dateModified":"2014-10-17T14:21:27+00:00","description":"Sitio web de noticias de la localidad de Tornquist, provincia de Buenos Aires, Rep\u00fablica Argentina. Contenido propio originado por periodistas de CELTTV, el canal de TV local de la Cooperativa El\u00e9ctrica de Tornquist. Turismo, Pol\u00edtica, Sociedad, Deporte, Cultura y todo el contenido de inter\u00e9s general que la gente del pueblo y la regi\u00f3n debe conocer.","breadcrumb":{"@id":"https:\/\/www.celttv.com.ar\/index.php\/2014\/10\/17\/la-amistad-fue-el-lema-en-un-nuevo-aniversario-del-cuerpo-de-bomberos-voluntarios-de-tornquist\/#breadcrumb"},"inLanguage":"es","potentialAction":[{"@type":"ReadAction","target":["https:\/\/www.celttv.com.ar\/index.php\/2014\/10\/17\/la-amistad-fue-el-lema-en-un-nuevo-aniversario-del-cuerpo-de-bomberos-voluntarios-de-tornquist\/"]}]},{"@type":"BreadcrumbList","@id":"https:\/\/www.celttv.com.ar\/index.php\/2014\/10\/17\/la-amistad-fue-el-lema-en-un-nuevo-aniversario-del-cuerpo-de-bomberos-voluntarios-de-tornquist\/#breadcrumb","itemListElement":[{"@type":"ListItem","position":1,"name":"Inicio","item":"https:\/\/www.celttv.com.ar\/"},{"@type":"ListItem","position":2,"name":"LA AMISTAD FUE EL LEMA EN UN NUEVO ANIVERSARIO DEL CUERPO DE BOMBEROS VOLUNTARIOS DE TORNQUIST"}]},{"@type":"WebSite","@id":"https:\/\/www.celttv.com.ar\/#website","url":"https:\/\/www.celttv.com.ar\/","name":"CELTTV","description":"Cooperativa El\u00e9ctrica de Tornquist","publisher":{"@id":"https:\/\/www.celttv.com.ar\/#organization"},"potentialAction":[{"@type":"SearchAction","target":{"@type":"EntryPoint","urlTemplate":"https:\/\/www.celttv.com.ar\/?s={search_term_string}"},"query-input":"required name=search_term_string"}],"inLanguage":"es"},{"@type":"Organization","@id":"https:\/\/www.celttv.com.ar\/#organization","name":"CELTTV","url":"https:\/\/www.celttv.com.ar\/","sameAs":["https:\/\/www.youtube.com\/channel\/UCz_oIt8Hig64Ub-EmcNPIhg","https:\/\/www.facebook.com\/celtTV\/"],"logo":{"@type":"ImageObject","inLanguage":"es","@id":"https:\/\/www.celttv.com.ar\/#\/schema\/logo\/image\/","url":"http:\/\/www.celttv.com.ar\/wp-content\/uploads\/2022\/08\/logo-1.png","contentUrl":"http:\/\/www.celttv.com.ar\/wp-content\/uploads\/2022\/08\/logo-1.png","width":461,"height":159,"caption":"CELTTV"},"image":{"@id":"https:\/\/www.celttv.com.ar\/#\/schema\/logo\/image\/"}},{"@type":"Person","@id":"https:\/\/www.celttv.com.ar\/#\/schema\/person\/6d99c072dba59953809c81446e9d0ace","name":"ulises","image":{"@type":"ImageObject","inLanguage":"es","@id":"https:\/\/www.celttv.com.ar\/#\/schema\/person\/image\/","url":"https:\/\/secure.gravatar.com\/avatar\/7f2c48bdc33b30088f941fb6082e555f2874c98e20cb159d7b92b50eadfce793?s=96&d=mm&r=g","contentUrl":"https:\/\/secure.gravatar.com\/avatar\/7f2c48bdc33b30088f941fb6082e555f2874c98e20cb159d7b92b50eadfce793?s=96&d=mm&r=g","caption":"ulises"},"sameAs":["http:\/\/www.celttv.com.ar"]}]}},"_links":{"self":[{"href":"https:\/\/www.celttv.com.ar\/index.php\/wp-json\/wp\/v2\/posts\/24315","targetHints":{"allow":["GET"]}}],"collection":[{"href":"https:\/\/www.celttv.com.ar\/index.php\/wp-json\/wp\/v2\/posts"}],"about":[{"href":"https:\/\/www.celttv.com.ar\/index.php\/wp-json\/wp\/v2\/types\/post"}],"author":[{"embeddable":true,"href":"https:\/\/www.celttv.com.ar\/index.php\/wp-json\/wp\/v2\/users\/1"}],"replies":[{"embeddable":true,"href":"https:\/\/www.celttv.com.ar\/index.php\/wp-json\/wp\/v2\/comments?post=24315"}],"version-history":[{"count":0,"href":"https:\/\/www.celttv.com.ar\/index.php\/wp-json\/wp\/v2\/posts\/24315\/revisions"}],"wp:attachment":[{"href":"https:\/\/www.celttv.com.ar\/index.php\/wp-json\/wp\/v2\/media?parent=24315"}],"wp:term":[{"taxonomy":"category","embeddable":true,"href":"https:\/\/www.celttv.com.ar\/index.php\/wp-json\/wp\/v2\/categories?post=24315"},{"taxonomy":"post_tag","embeddable":true,"href":"https:\/\/www.celttv.com.ar\/index.php\/wp-json\/wp\/v2\/tags?post=24315"}],"curies":[{"name":"wp","href":"https:\/\/api.w.org\/{rel}","templated":true}]}}