{"id":24329,"date":"2014-10-17T19:05:02","date_gmt":"2014-10-17T19:05:02","guid":{"rendered":"http:\/\/www.tvcnoticias.com.ar\/?p=24329"},"modified":"2014-10-17T19:05:02","modified_gmt":"2014-10-17T19:05:02","slug":"hcd-aprobaron-la-extension-de-licencia-de-trankels-y-el-incremento-salarial","status":"publish","type":"post","link":"https:\/\/www.celttv.com.ar\/index.php\/2014\/10\/17\/hcd-aprobaron-la-extension-de-licencia-de-trankels-y-el-incremento-salarial\/","title":{"rendered":"HCD.: APROBARON LA EXTENSION DE LICENCIA DE TRANKELS Y EL INCREMENTO SALARIAL"},"content":{"rendered":"<p><br \/>\n<strong><span style=\"text-decoration: underline;\">INFORME SESI\u00d3N EXTRAORDINARIA 17 DE OCTUBRE DE 2014<\/span><\/strong><br \/>\n<strong><span style=\"text-decoration: underline;\"> <\/span><\/strong><br \/>\nDe acuerdo a las facultades otorgadas al Presidente del Honorable Concejo Deliberante por el Art\u00edculo 98\u00ba de la Ley  Org\u00e1nica de las Municipalidades, se convoc\u00f3 a los Ediles por Decreto N\u00ba 10\/14 a una Sesi\u00f3n Extraordinaria para el d\u00eda de hoy\u00a0 17 de Octubre de 2014 a la hora 08:00, con el objeto de dar tratamiento a los siguientes temas:<\/p>\n<ul>\n<li><strong><span style=\"text-decoration: underline;\">Nota N\u00ba 95\/14:<\/span><\/strong> \u201cIntendente Municipal- Solicitud de extensi\u00f3n de licencia por razones de salud\u201d.<\/li>\n<\/ul>\n<p>&nbsp;<\/p>\n<ul>\n<li><strong><span style=\"text-decoration: underline;\">Expte. N\u00ba 061\/14:<\/span><\/strong> \u201cD.E. \u2013 Ajuste escala salarial Ejercicio 2014\u201d.<\/li>\n<\/ul>\n<p>&nbsp;<br \/>\nAproximadamente a las 8:20 hs. dio comienzo la  Sesi\u00f3n, en la cual en primer lugar, se aprob\u00f3 por unanimidad la extensi\u00f3n de licencia por un lapso de 30 d\u00edas a partir del 17 de octubre del corriente a\u00f1o al Se\u00f1or Intendente Municipal Lic. Gustavo Trankels.<br \/>\nPosteriormente se aprob\u00f3 por unanimidad la Ordenanza N\u00ba 2693\/14 por la que se otorga un \u00a0incremento salarial del 10% (diez por ciento) a partir del 1 de octubre de 2014, para todas las categor\u00edas de los sueldos del personal municipal.<br \/>\nEste aumento forma parte de la negociaci\u00f3n salarial hecha en marzo del 2014, por la que se hab\u00eda otorgado en ese mes un incremento del 15% a \u00a0los sueldos b\u00e1sicos de todas las categor\u00edas del personal municipal. Por Ordenanza N\u00ba 2655\/14 se autoriz\u00f3 una bonificaci\u00f3n especial de car\u00e1cter remunerativa equivalente al 6 % del sueldo b\u00e1sico, para los meses de abril y mayo de 2014, para todo el personal municipal, y una bonificaci\u00f3n especial de car\u00e1cter remunerativa equivalente al 12 % del sueldo b\u00e1sico, para los meses de junio, julio, agosto y septiembre de 2014, para todo el personal municipal. A partir del mes de octubre esta bonificaci\u00f3n especial pas\u00f3 al b\u00e1sico por Ordenanza N\u00ba 2693\/14 aprobada en el d\u00eda de la fecha.<br \/>\n&nbsp;<br \/>\nAlocuciones de los Se\u00f1ores Concejales:<br \/>\n<strong><span style=\"text-decoration: underline;\"> <\/span><\/strong><br \/>\nConcejal Ant\u00f3n V\u00edctor:<br \/>\n\u201cSi, en principio quisiera solidarizarme con el Se\u00f1or Intendente Municipal, que por estas horas tiene una afecci\u00f3n de salud que le imposibilita desempe\u00f1ar el cargo. Y referirme tambi\u00e9n a la desaparici\u00f3n f\u00edsica esta semana de uno de los dirigentes justicialistas m\u00e1s importantes que hemos tenido en los \u00faltimos a\u00f1os, un justicialista de la primera hora, como fue el compa\u00f1ero Antonio Cafiero, Gobernador de la Provincia de Buenos Aires, Legislador, el Ministro m\u00e1s joven del General Per\u00f3n, y que en esta semana nos dejara, desapareciera f\u00edsicamente. Por \u00faltimo expresarle mi saludo y un abrazo fuerte, hoy, diecisiete de octubre de 2014, a todos los compa\u00f1eros que abrazan la causa del justicialismo. Nada m\u00e1s Sr. Presidente\u201d.<br \/>\n&nbsp;<br \/>\nConcejal Oviedo Julio:<br \/>\n\u201cSi, tambi\u00e9n era para referirme a la fecha que nos toca hoy, diecisiete de octubre, con el respeto de las personas que no son justicialistas, pero para el justicialismo es un d\u00eda muy importante, hoy es el D\u00eda de la Lealtad Peronista, y desde esta humilde Banca quer\u00eda mandar un saludo a todo el pueblo justicialista. Gracias\u201d.<br \/>\n&nbsp;<br \/>\n<strong>HONORABLE CONCEJO DELIBERANTE <\/strong><br \/>\n&nbsp;<\/p>\n","protected":false},"excerpt":{"rendered":"<p>INFORME SESI\u00d3N EXTRAORDINARIA 17 DE OCTUBRE DE 2014 De acuerdo a las facultades otorgadas al Presidente del Honorable Concejo Deliberante por el Art\u00edculo 98\u00ba de la Ley Org\u00e1nica de las Municipalidades, se convoc\u00f3 a los Ediles por Decreto N\u00ba 10\/14 a una Sesi\u00f3n Extraordinaria para el d\u00eda de hoy\u00a0 17 de Octubre de 2014 a [&hellip;]<\/p>\n","protected":false},"author":1,"featured_media":0,"comment_status":"closed","ping_status":"open","sticky":false,"template":"","format":"standard","meta":{"footnotes":""},"categories":[51,52,53],"tags":[],"class_list":["post-24329","post","type-post","status-publish","format-standard","hentry","category-comunidad","category-destacadas","category-politica"],"yoast_head":"<!-- This site is optimized with the Yoast SEO plugin v19.7.1 - https:\/\/yoast.com\/wordpress\/plugins\/seo\/ -->\n<title>HCD.: APROBARON LA EXTENSION DE LICENCIA DE TRANKELS Y EL INCREMENTO SALARIAL - CELTTV<\/title>\n<meta name=\"description\" content=\"Sitio web de noticias de la localidad de Tornquist, provincia de Buenos Aires, Rep\u00fablica Argentina. Contenido propio originado por periodistas de CELTTV, el canal de TV local de la Cooperativa El\u00e9ctrica de Tornquist. Turismo, Pol\u00edtica, Sociedad, Deporte, Cultura y todo el contenido de inter\u00e9s general que la gente del pueblo y la regi\u00f3n debe conocer.\" \/>\n<meta name=\"robots\" content=\"index, follow, max-snippet:-1, max-image-preview:large, max-video-preview:-1\" \/>\n<link rel=\"canonical\" href=\"https:\/\/www.celttv.com.ar\/index.php\/2014\/10\/17\/hcd-aprobaron-la-extension-de-licencia-de-trankels-y-el-incremento-salarial\/\" \/>\n<meta property=\"og:locale\" content=\"es_ES\" \/>\n<meta property=\"og:type\" content=\"article\" \/>\n<meta property=\"og:title\" content=\"HCD.: APROBARON LA EXTENSION DE LICENCIA DE TRANKELS Y EL INCREMENTO SALARIAL - CELTTV\" \/>\n<meta property=\"og:description\" content=\"Sitio web de noticias de la localidad de Tornquist, provincia de Buenos Aires, Rep\u00fablica Argentina. Contenido propio originado por periodistas de CELTTV, el canal de TV local de la Cooperativa El\u00e9ctrica de Tornquist. Turismo, Pol\u00edtica, Sociedad, Deporte, Cultura y todo el contenido de inter\u00e9s general que la gente del pueblo y la regi\u00f3n debe conocer.\" \/>\n<meta property=\"og:url\" content=\"https:\/\/www.celttv.com.ar\/index.php\/2014\/10\/17\/hcd-aprobaron-la-extension-de-licencia-de-trankels-y-el-incremento-salarial\/\" \/>\n<meta property=\"og:site_name\" content=\"CELTTV\" \/>\n<meta property=\"article:publisher\" content=\"https:\/\/www.facebook.com\/celtTV\/\" \/>\n<meta property=\"article:published_time\" content=\"2014-10-17T19:05:02+00:00\" \/>\n<meta name=\"author\" content=\"ulises\" \/>\n<meta name=\"twitter:card\" content=\"summary_large_image\" \/>\n<meta name=\"twitter:label1\" content=\"Escrito por\" \/>\n\t<meta name=\"twitter:data1\" content=\"ulises\" \/>\n\t<meta name=\"twitter:label2\" content=\"Tiempo de lectura\" \/>\n\t<meta name=\"twitter:data2\" content=\"3 minutos\" \/>\n<script type=\"application\/ld+json\" class=\"yoast-schema-graph\">{\"@context\":\"https:\/\/schema.org\",\"@graph\":[{\"@type\":\"NewsArticle\",\"@id\":\"https:\/\/www.celttv.com.ar\/index.php\/2014\/10\/17\/hcd-aprobaron-la-extension-de-licencia-de-trankels-y-el-incremento-salarial\/#article\",\"isPartOf\":{\"@id\":\"https:\/\/www.celttv.com.ar\/index.php\/2014\/10\/17\/hcd-aprobaron-la-extension-de-licencia-de-trankels-y-el-incremento-salarial\/\"},\"author\":{\"name\":\"ulises\",\"@id\":\"https:\/\/www.celttv.com.ar\/#\/schema\/person\/6d99c072dba59953809c81446e9d0ace\"},\"headline\":\"HCD.: APROBARON LA EXTENSION DE LICENCIA DE TRANKELS Y EL INCREMENTO SALARIAL\",\"datePublished\":\"2014-10-17T19:05:02+00:00\",\"dateModified\":\"2014-10-17T19:05:02+00:00\",\"mainEntityOfPage\":{\"@id\":\"https:\/\/www.celttv.com.ar\/index.php\/2014\/10\/17\/hcd-aprobaron-la-extension-de-licencia-de-trankels-y-el-incremento-salarial\/\"},\"wordCount\":525,\"publisher\":{\"@id\":\"https:\/\/www.celttv.com.ar\/#organization\"},\"articleSection\":[\"Comunidad\",\"Destacadas\",\"Pol\u00edtica\"],\"inLanguage\":\"es\"},{\"@type\":\"WebPage\",\"@id\":\"https:\/\/www.celttv.com.ar\/index.php\/2014\/10\/17\/hcd-aprobaron-la-extension-de-licencia-de-trankels-y-el-incremento-salarial\/\",\"url\":\"https:\/\/www.celttv.com.ar\/index.php\/2014\/10\/17\/hcd-aprobaron-la-extension-de-licencia-de-trankels-y-el-incremento-salarial\/\",\"name\":\"HCD.: APROBARON LA EXTENSION DE LICENCIA DE TRANKELS Y EL INCREMENTO SALARIAL - CELTTV\",\"isPartOf\":{\"@id\":\"https:\/\/www.celttv.com.ar\/#website\"},\"datePublished\":\"2014-10-17T19:05:02+00:00\",\"dateModified\":\"2014-10-17T19:05:02+00:00\",\"description\":\"Sitio web de noticias de la localidad de Tornquist, provincia de Buenos Aires, Rep\u00fablica Argentina. Contenido propio originado por periodistas de CELTTV, el canal de TV local de la Cooperativa El\u00e9ctrica de Tornquist. Turismo, Pol\u00edtica, Sociedad, Deporte, Cultura y todo el contenido de inter\u00e9s general que la gente del pueblo y la regi\u00f3n debe conocer.\",\"breadcrumb\":{\"@id\":\"https:\/\/www.celttv.com.ar\/index.php\/2014\/10\/17\/hcd-aprobaron-la-extension-de-licencia-de-trankels-y-el-incremento-salarial\/#breadcrumb\"},\"inLanguage\":\"es\",\"potentialAction\":[{\"@type\":\"ReadAction\",\"target\":[\"https:\/\/www.celttv.com.ar\/index.php\/2014\/10\/17\/hcd-aprobaron-la-extension-de-licencia-de-trankels-y-el-incremento-salarial\/\"]}]},{\"@type\":\"BreadcrumbList\",\"@id\":\"https:\/\/www.celttv.com.ar\/index.php\/2014\/10\/17\/hcd-aprobaron-la-extension-de-licencia-de-trankels-y-el-incremento-salarial\/#breadcrumb\",\"itemListElement\":[{\"@type\":\"ListItem\",\"position\":1,\"name\":\"Inicio\",\"item\":\"https:\/\/www.celttv.com.ar\/\"},{\"@type\":\"ListItem\",\"position\":2,\"name\":\"HCD.: APROBARON LA EXTENSION DE LICENCIA DE TRANKELS Y EL INCREMENTO SALARIAL\"}]},{\"@type\":\"WebSite\",\"@id\":\"https:\/\/www.celttv.com.ar\/#website\",\"url\":\"https:\/\/www.celttv.com.ar\/\",\"name\":\"CELTTV\",\"description\":\"Cooperativa El\u00e9ctrica de Tornquist\",\"publisher\":{\"@id\":\"https:\/\/www.celttv.com.ar\/#organization\"},\"potentialAction\":[{\"@type\":\"SearchAction\",\"target\":{\"@type\":\"EntryPoint\",\"urlTemplate\":\"https:\/\/www.celttv.com.ar\/?s={search_term_string}\"},\"query-input\":\"required name=search_term_string\"}],\"inLanguage\":\"es\"},{\"@type\":\"Organization\",\"@id\":\"https:\/\/www.celttv.com.ar\/#organization\",\"name\":\"CELTTV\",\"url\":\"https:\/\/www.celttv.com.ar\/\",\"sameAs\":[\"https:\/\/www.youtube.com\/channel\/UCz_oIt8Hig64Ub-EmcNPIhg\",\"https:\/\/www.facebook.com\/celtTV\/\"],\"logo\":{\"@type\":\"ImageObject\",\"inLanguage\":\"es\",\"@id\":\"https:\/\/www.celttv.com.ar\/#\/schema\/logo\/image\/\",\"url\":\"http:\/\/www.celttv.com.ar\/wp-content\/uploads\/2022\/08\/logo-1.png\",\"contentUrl\":\"http:\/\/www.celttv.com.ar\/wp-content\/uploads\/2022\/08\/logo-1.png\",\"width\":461,\"height\":159,\"caption\":\"CELTTV\"},\"image\":{\"@id\":\"https:\/\/www.celttv.com.ar\/#\/schema\/logo\/image\/\"}},{\"@type\":\"Person\",\"@id\":\"https:\/\/www.celttv.com.ar\/#\/schema\/person\/6d99c072dba59953809c81446e9d0ace\",\"name\":\"ulises\",\"image\":{\"@type\":\"ImageObject\",\"inLanguage\":\"es\",\"@id\":\"https:\/\/www.celttv.com.ar\/#\/schema\/person\/image\/\",\"url\":\"https:\/\/secure.gravatar.com\/avatar\/7f2c48bdc33b30088f941fb6082e555f2874c98e20cb159d7b92b50eadfce793?s=96&d=mm&r=g\",\"contentUrl\":\"https:\/\/secure.gravatar.com\/avatar\/7f2c48bdc33b30088f941fb6082e555f2874c98e20cb159d7b92b50eadfce793?s=96&d=mm&r=g\",\"caption\":\"ulises\"},\"sameAs\":[\"http:\/\/www.celttv.com.ar\"]}]}<\/script>\n<!-- \/ Yoast SEO plugin. -->","yoast_head_json":{"title":"HCD.: APROBARON LA EXTENSION DE LICENCIA DE TRANKELS Y EL INCREMENTO SALARIAL - CELTTV","description":"Sitio web de noticias de la localidad de Tornquist, provincia de Buenos Aires, Rep\u00fablica Argentina. Contenido propio originado por periodistas de CELTTV, el canal de TV local de la Cooperativa El\u00e9ctrica de Tornquist. Turismo, Pol\u00edtica, Sociedad, Deporte, Cultura y todo el contenido de inter\u00e9s general que la gente del pueblo y la regi\u00f3n debe conocer.","robots":{"index":"index","follow":"follow","max-snippet":"max-snippet:-1","max-image-preview":"max-image-preview:large","max-video-preview":"max-video-preview:-1"},"canonical":"https:\/\/www.celttv.com.ar\/index.php\/2014\/10\/17\/hcd-aprobaron-la-extension-de-licencia-de-trankels-y-el-incremento-salarial\/","og_locale":"es_ES","og_type":"article","og_title":"HCD.: APROBARON LA EXTENSION DE LICENCIA DE TRANKELS Y EL INCREMENTO SALARIAL - CELTTV","og_description":"Sitio web de noticias de la localidad de Tornquist, provincia de Buenos Aires, Rep\u00fablica Argentina. Contenido propio originado por periodistas de CELTTV, el canal de TV local de la Cooperativa El\u00e9ctrica de Tornquist. Turismo, Pol\u00edtica, Sociedad, Deporte, Cultura y todo el contenido de inter\u00e9s general que la gente del pueblo y la regi\u00f3n debe conocer.","og_url":"https:\/\/www.celttv.com.ar\/index.php\/2014\/10\/17\/hcd-aprobaron-la-extension-de-licencia-de-trankels-y-el-incremento-salarial\/","og_site_name":"CELTTV","article_publisher":"https:\/\/www.facebook.com\/celtTV\/","article_published_time":"2014-10-17T19:05:02+00:00","author":"ulises","twitter_card":"summary_large_image","twitter_misc":{"Escrito por":"ulises","Tiempo de lectura":"3 minutos"},"schema":{"@context":"https:\/\/schema.org","@graph":[{"@type":"NewsArticle","@id":"https:\/\/www.celttv.com.ar\/index.php\/2014\/10\/17\/hcd-aprobaron-la-extension-de-licencia-de-trankels-y-el-incremento-salarial\/#article","isPartOf":{"@id":"https:\/\/www.celttv.com.ar\/index.php\/2014\/10\/17\/hcd-aprobaron-la-extension-de-licencia-de-trankels-y-el-incremento-salarial\/"},"author":{"name":"ulises","@id":"https:\/\/www.celttv.com.ar\/#\/schema\/person\/6d99c072dba59953809c81446e9d0ace"},"headline":"HCD.: APROBARON LA EXTENSION DE LICENCIA DE TRANKELS Y EL INCREMENTO SALARIAL","datePublished":"2014-10-17T19:05:02+00:00","dateModified":"2014-10-17T19:05:02+00:00","mainEntityOfPage":{"@id":"https:\/\/www.celttv.com.ar\/index.php\/2014\/10\/17\/hcd-aprobaron-la-extension-de-licencia-de-trankels-y-el-incremento-salarial\/"},"wordCount":525,"publisher":{"@id":"https:\/\/www.celttv.com.ar\/#organization"},"articleSection":["Comunidad","Destacadas","Pol\u00edtica"],"inLanguage":"es"},{"@type":"WebPage","@id":"https:\/\/www.celttv.com.ar\/index.php\/2014\/10\/17\/hcd-aprobaron-la-extension-de-licencia-de-trankels-y-el-incremento-salarial\/","url":"https:\/\/www.celttv.com.ar\/index.php\/2014\/10\/17\/hcd-aprobaron-la-extension-de-licencia-de-trankels-y-el-incremento-salarial\/","name":"HCD.: APROBARON LA EXTENSION DE LICENCIA DE TRANKELS Y EL INCREMENTO SALARIAL - CELTTV","isPartOf":{"@id":"https:\/\/www.celttv.com.ar\/#website"},"datePublished":"2014-10-17T19:05:02+00:00","dateModified":"2014-10-17T19:05:02+00:00","description":"Sitio web de noticias de la localidad de Tornquist, provincia de Buenos Aires, Rep\u00fablica Argentina. Contenido propio originado por periodistas de CELTTV, el canal de TV local de la Cooperativa El\u00e9ctrica de Tornquist. Turismo, Pol\u00edtica, Sociedad, Deporte, Cultura y todo el contenido de inter\u00e9s general que la gente del pueblo y la regi\u00f3n debe conocer.","breadcrumb":{"@id":"https:\/\/www.celttv.com.ar\/index.php\/2014\/10\/17\/hcd-aprobaron-la-extension-de-licencia-de-trankels-y-el-incremento-salarial\/#breadcrumb"},"inLanguage":"es","potentialAction":[{"@type":"ReadAction","target":["https:\/\/www.celttv.com.ar\/index.php\/2014\/10\/17\/hcd-aprobaron-la-extension-de-licencia-de-trankels-y-el-incremento-salarial\/"]}]},{"@type":"BreadcrumbList","@id":"https:\/\/www.celttv.com.ar\/index.php\/2014\/10\/17\/hcd-aprobaron-la-extension-de-licencia-de-trankels-y-el-incremento-salarial\/#breadcrumb","itemListElement":[{"@type":"ListItem","position":1,"name":"Inicio","item":"https:\/\/www.celttv.com.ar\/"},{"@type":"ListItem","position":2,"name":"HCD.: APROBARON LA EXTENSION DE LICENCIA DE TRANKELS Y EL INCREMENTO SALARIAL"}]},{"@type":"WebSite","@id":"https:\/\/www.celttv.com.ar\/#website","url":"https:\/\/www.celttv.com.ar\/","name":"CELTTV","description":"Cooperativa El\u00e9ctrica de Tornquist","publisher":{"@id":"https:\/\/www.celttv.com.ar\/#organization"},"potentialAction":[{"@type":"SearchAction","target":{"@type":"EntryPoint","urlTemplate":"https:\/\/www.celttv.com.ar\/?s={search_term_string}"},"query-input":"required name=search_term_string"}],"inLanguage":"es"},{"@type":"Organization","@id":"https:\/\/www.celttv.com.ar\/#organization","name":"CELTTV","url":"https:\/\/www.celttv.com.ar\/","sameAs":["https:\/\/www.youtube.com\/channel\/UCz_oIt8Hig64Ub-EmcNPIhg","https:\/\/www.facebook.com\/celtTV\/"],"logo":{"@type":"ImageObject","inLanguage":"es","@id":"https:\/\/www.celttv.com.ar\/#\/schema\/logo\/image\/","url":"http:\/\/www.celttv.com.ar\/wp-content\/uploads\/2022\/08\/logo-1.png","contentUrl":"http:\/\/www.celttv.com.ar\/wp-content\/uploads\/2022\/08\/logo-1.png","width":461,"height":159,"caption":"CELTTV"},"image":{"@id":"https:\/\/www.celttv.com.ar\/#\/schema\/logo\/image\/"}},{"@type":"Person","@id":"https:\/\/www.celttv.com.ar\/#\/schema\/person\/6d99c072dba59953809c81446e9d0ace","name":"ulises","image":{"@type":"ImageObject","inLanguage":"es","@id":"https:\/\/www.celttv.com.ar\/#\/schema\/person\/image\/","url":"https:\/\/secure.gravatar.com\/avatar\/7f2c48bdc33b30088f941fb6082e555f2874c98e20cb159d7b92b50eadfce793?s=96&d=mm&r=g","contentUrl":"https:\/\/secure.gravatar.com\/avatar\/7f2c48bdc33b30088f941fb6082e555f2874c98e20cb159d7b92b50eadfce793?s=96&d=mm&r=g","caption":"ulises"},"sameAs":["http:\/\/www.celttv.com.ar"]}]}},"_links":{"self":[{"href":"https:\/\/www.celttv.com.ar\/index.php\/wp-json\/wp\/v2\/posts\/24329","targetHints":{"allow":["GET"]}}],"collection":[{"href":"https:\/\/www.celttv.com.ar\/index.php\/wp-json\/wp\/v2\/posts"}],"about":[{"href":"https:\/\/www.celttv.com.ar\/index.php\/wp-json\/wp\/v2\/types\/post"}],"author":[{"embeddable":true,"href":"https:\/\/www.celttv.com.ar\/index.php\/wp-json\/wp\/v2\/users\/1"}],"replies":[{"embeddable":true,"href":"https:\/\/www.celttv.com.ar\/index.php\/wp-json\/wp\/v2\/comments?post=24329"}],"version-history":[{"count":0,"href":"https:\/\/www.celttv.com.ar\/index.php\/wp-json\/wp\/v2\/posts\/24329\/revisions"}],"wp:attachment":[{"href":"https:\/\/www.celttv.com.ar\/index.php\/wp-json\/wp\/v2\/media?parent=24329"}],"wp:term":[{"taxonomy":"category","embeddable":true,"href":"https:\/\/www.celttv.com.ar\/index.php\/wp-json\/wp\/v2\/categories?post=24329"},{"taxonomy":"post_tag","embeddable":true,"href":"https:\/\/www.celttv.com.ar\/index.php\/wp-json\/wp\/v2\/tags?post=24329"}],"curies":[{"name":"wp","href":"https:\/\/api.w.org\/{rel}","templated":true}]}}