{"id":24341,"date":"2014-10-17T19:36:36","date_gmt":"2014-10-17T19:36:36","guid":{"rendered":"http:\/\/www.tvcnoticias.com.ar\/?p=24341"},"modified":"2014-10-17T19:36:36","modified_gmt":"2014-10-17T19:36:36","slug":"celebraron-los-25-anos-del-centro-de-educadores-de-tornquist","status":"publish","type":"post","link":"https:\/\/www.celttv.com.ar\/index.php\/2014\/10\/17\/celebraron-los-25-anos-del-centro-de-educadores-de-tornquist\/","title":{"rendered":"CELEBRARON LOS 25 A\u00d1OS DEL CENTRO DE EDUCADORES DE TORNQUIST"},"content":{"rendered":"<p><a href=\"https:\/\/www.youtube.com\/watch?v=kdxBYOzJAyo\">httpv:\/\/www.youtube.com\/watch?v=kdxBYOzJAyo<\/a><br \/>\n<a href=\"https:\/\/www.youtube.com\/watch?v=1iSG18Zu3wo\">httpv:\/\/www.youtube.com\/watch?v=1iSG18Zu3wo<\/a><br \/>\n<a href=\"https:\/\/www.youtube.com\/watch?v=sC39dtbxrNs\">httpv:\/\/www.youtube.com\/watch?v=sC39dtbxrNs<\/a><br \/>\n<a href=\"https:\/\/www.youtube.com\/watch?v=xrKiSMwQXi0\">httpv:\/\/www.youtube.com\/watch?v=xrKiSMwQXi0<\/a><br \/>\n<a href=\"https:\/\/www.youtube.com\/watch?v=XmBG3NPnuEo\">httpv:\/\/www.youtube.com\/watch?v=XmBG3NPnuEo<\/a><br \/>\n<a href=\"https:\/\/www.youtube.com\/watch?v=-FuRAbA5sWw\">httpv:\/\/www.youtube.com\/watch?v=-FuRAbA5sWw<\/a><br \/>\nEl acto se realiz\u00f3 el pasado martes en la Escuela N\u00ba 1. Hubo reconocimientos a la primera comisi\u00f3n directiva y un brindis por las Bodas de Plata.<br \/>\nLos 25 a\u00f1os de vida celebr\u00f3 este martes por la noche el Centro de Educadores de Tornquist. El acto se realiz\u00f3 en el sal\u00f3n de la escuela N\u00ba 1 Domingo Faustino Sarmiento, al que asistieron integrantes de la primera comisi\u00f3n directiva de 1989, la comisi\u00f3n actual, la Secretaria de Asuntos Docentes Silvana Vittori, el Consejero Escolar Eugenio Vilches adem\u00e1s de las delegadas de la FEB Amanda Argimon(B Blanca) y Mar\u00eda Ines Alvarez(Patagones).<br \/>\nPese a que se hab\u00edan cursado invitaciones no hubo autoridades municipales presentes en el evento.<br \/>\nClaudia Quiroga tuvo a su cargo la conducci\u00f3n solicitando en primer lugar un minuto de silencio para miembros que ya no est\u00e1n como Edith Fidani, Mar\u00eda Graciela Garc\u00eda y Martha Torquatti.<br \/>\nSe dio adem\u00e1s lectura a una salutaci\u00f3n enviada por la titular de la FEB Mirta Petrocini y luego\u00a0 se proyect\u00f3 un video institucional elaborado por la Profesora Carina Pereyra con material recopilado del trabajo realizado.<br \/>\nElsa Marasca fue la encargada de contar en parte la historia con sus comienzos y los logros obtenidos hasta la actualidad.<br \/>\nMar\u00eda Alejandra Conte y Nora Astobiza entregaron presentes a miembros de la primera comisi\u00f3n directiva del Centro de Educadores conformada el 14 de Octubre de 1989, destac\u00e1ndose a Jovita Zapperi, Dolores Lacatena, Isabel Arzer, Elsa Marasca, Mar\u00eda Elba Balessi y Elba C\u00e1neva.<br \/>\nIntegraron adem\u00e1s la primera comisi\u00f3n Marta Foresi, Mar\u00eda Asunci\u00f3n Blanco,Graciela Lavandera,Elsa Kaltenbach,Ana Berdugo,Ana Mar\u00eda Bellabarba y Mar\u00eda de los Angeles Daguerre.<br \/>\nTambi\u00e9n destacaron la presencia de las delegadas de la FEB entregando un reconocimiento durante el acto.<br \/>\nUn momento emotivo fue el reconocimiento a Bety Fidani que fuera Secretaria General del Centro desde 1993 hasta la actualidad, por su compromiso con el gremialismo fue Claudia Quiroga la encargada de otorgar un presente y destacar sus cualidades humanas para con el gremio y sus compa\u00f1eras.<br \/>\nLas docentes Mar\u00eda Luj\u00e1n Rodriguez y Paula Mu\u00f1oz entregaron reconocimientos a la actual comisi\u00f3n directiva integrada por Elsa Marasca,Nora Astobiza,Alejandra Conte,Elba Caneva,Liliana Gamito,Isabel Arzer,Mar\u00eda Ang\u00e9lica Stacco, Carina Pereyra,Mercedes Brugniere,M\u00f3nica Storti,Marta Foresi,Laura Garc\u00eda,Jorge Schmidt y Mar\u00eda Consuelo Buitrago.<br \/>\nLelia Torboli que ha participado en los \u00faltimos a\u00f1os en el stand de la FEB en la feria del Libro representando a la entidad agradeci\u00f3 p\u00fablicamente y felicit\u00f3 a los integrantes del Centro por esta celebraci\u00f3n.<br \/>\nM\u00e1s tarde todos los presentes compartieron un lunch y brindis por las bodas de plata del Centro de Educadores Tornquist afiliado a la Federaci\u00f3n de Educadores Bonaerenses y orgullo en el quehacer educativo de la comunidad.<br \/>\n&nbsp;<\/p>\n","protected":false},"excerpt":{"rendered":"<p>httpv:\/\/www.youtube.com\/watch?v=kdxBYOzJAyo httpv:\/\/www.youtube.com\/watch?v=1iSG18Zu3wo httpv:\/\/www.youtube.com\/watch?v=sC39dtbxrNs httpv:\/\/www.youtube.com\/watch?v=xrKiSMwQXi0 httpv:\/\/www.youtube.com\/watch?v=XmBG3NPnuEo httpv:\/\/www.youtube.com\/watch?v=-FuRAbA5sWw El acto se realiz\u00f3 el pasado martes en la Escuela N\u00ba 1. Hubo reconocimientos a la primera comisi\u00f3n directiva y un brindis por las Bodas de Plata. Los 25 a\u00f1os de vida celebr\u00f3 este martes por la noche el Centro de Educadores de Tornquist. El acto se realiz\u00f3 en [&hellip;]<\/p>\n","protected":false},"author":1,"featured_media":0,"comment_status":"closed","ping_status":"open","sticky":false,"template":"","format":"standard","meta":{"footnotes":""},"categories":[51,52,64],"tags":[],"class_list":["post-24341","post","type-post","status-publish","format-standard","hentry","category-comunidad","category-destacadas","category-videos-destacados"],"yoast_head":"<!-- This site is optimized with the Yoast SEO plugin v19.7.1 - https:\/\/yoast.com\/wordpress\/plugins\/seo\/ -->\n<title>CELEBRARON LOS 25 A\u00d1OS DEL CENTRO DE EDUCADORES DE TORNQUIST - CELTTV<\/title>\n<meta name=\"description\" content=\"Sitio web de noticias de la localidad de Tornquist, provincia de Buenos Aires, Rep\u00fablica Argentina. Contenido propio originado por periodistas de CELTTV, el canal de TV local de la Cooperativa El\u00e9ctrica de Tornquist. Turismo, Pol\u00edtica, Sociedad, Deporte, Cultura y todo el contenido de inter\u00e9s general que la gente del pueblo y la regi\u00f3n debe conocer.\" \/>\n<meta name=\"robots\" content=\"index, follow, max-snippet:-1, max-image-preview:large, max-video-preview:-1\" \/>\n<link rel=\"canonical\" href=\"https:\/\/www.celttv.com.ar\/index.php\/2014\/10\/17\/celebraron-los-25-anos-del-centro-de-educadores-de-tornquist\/\" \/>\n<meta property=\"og:locale\" content=\"es_ES\" \/>\n<meta property=\"og:type\" content=\"article\" \/>\n<meta property=\"og:title\" content=\"CELEBRARON LOS 25 A\u00d1OS DEL CENTRO DE EDUCADORES DE TORNQUIST - CELTTV\" \/>\n<meta property=\"og:description\" content=\"Sitio web de noticias de la localidad de Tornquist, provincia de Buenos Aires, Rep\u00fablica Argentina. Contenido propio originado por periodistas de CELTTV, el canal de TV local de la Cooperativa El\u00e9ctrica de Tornquist. Turismo, Pol\u00edtica, Sociedad, Deporte, Cultura y todo el contenido de inter\u00e9s general que la gente del pueblo y la regi\u00f3n debe conocer.\" \/>\n<meta property=\"og:url\" content=\"https:\/\/www.celttv.com.ar\/index.php\/2014\/10\/17\/celebraron-los-25-anos-del-centro-de-educadores-de-tornquist\/\" \/>\n<meta property=\"og:site_name\" content=\"CELTTV\" \/>\n<meta property=\"article:publisher\" content=\"https:\/\/www.facebook.com\/celtTV\/\" \/>\n<meta property=\"article:published_time\" content=\"2014-10-17T19:36:36+00:00\" \/>\n<meta name=\"author\" content=\"ulises\" \/>\n<meta name=\"twitter:card\" content=\"summary_large_image\" \/>\n<meta name=\"twitter:label1\" content=\"Escrito por\" \/>\n\t<meta name=\"twitter:data1\" content=\"ulises\" \/>\n\t<meta name=\"twitter:label2\" content=\"Tiempo de lectura\" \/>\n\t<meta name=\"twitter:data2\" content=\"3 minutos\" \/>\n<script type=\"application\/ld+json\" class=\"yoast-schema-graph\">{\"@context\":\"https:\/\/schema.org\",\"@graph\":[{\"@type\":\"NewsArticle\",\"@id\":\"https:\/\/www.celttv.com.ar\/index.php\/2014\/10\/17\/celebraron-los-25-anos-del-centro-de-educadores-de-tornquist\/#article\",\"isPartOf\":{\"@id\":\"https:\/\/www.celttv.com.ar\/index.php\/2014\/10\/17\/celebraron-los-25-anos-del-centro-de-educadores-de-tornquist\/\"},\"author\":{\"name\":\"ulises\",\"@id\":\"https:\/\/www.celttv.com.ar\/#\/schema\/person\/6d99c072dba59953809c81446e9d0ace\"},\"headline\":\"CELEBRARON LOS 25 A\u00d1OS DEL CENTRO DE EDUCADORES DE TORNQUIST\",\"datePublished\":\"2014-10-17T19:36:36+00:00\",\"dateModified\":\"2014-10-17T19:36:36+00:00\",\"mainEntityOfPage\":{\"@id\":\"https:\/\/www.celttv.com.ar\/index.php\/2014\/10\/17\/celebraron-los-25-anos-del-centro-de-educadores-de-tornquist\/\"},\"wordCount\":545,\"publisher\":{\"@id\":\"https:\/\/www.celttv.com.ar\/#organization\"},\"articleSection\":[\"Comunidad\",\"Destacadas\",\"Videos Destacados\"],\"inLanguage\":\"es\"},{\"@type\":\"WebPage\",\"@id\":\"https:\/\/www.celttv.com.ar\/index.php\/2014\/10\/17\/celebraron-los-25-anos-del-centro-de-educadores-de-tornquist\/\",\"url\":\"https:\/\/www.celttv.com.ar\/index.php\/2014\/10\/17\/celebraron-los-25-anos-del-centro-de-educadores-de-tornquist\/\",\"name\":\"CELEBRARON LOS 25 A\u00d1OS DEL CENTRO DE EDUCADORES DE TORNQUIST - CELTTV\",\"isPartOf\":{\"@id\":\"https:\/\/www.celttv.com.ar\/#website\"},\"datePublished\":\"2014-10-17T19:36:36+00:00\",\"dateModified\":\"2014-10-17T19:36:36+00:00\",\"description\":\"Sitio web de noticias de la localidad de Tornquist, provincia de Buenos Aires, Rep\u00fablica Argentina. Contenido propio originado por periodistas de CELTTV, el canal de TV local de la Cooperativa El\u00e9ctrica de Tornquist. Turismo, Pol\u00edtica, Sociedad, Deporte, Cultura y todo el contenido de inter\u00e9s general que la gente del pueblo y la regi\u00f3n debe conocer.\",\"breadcrumb\":{\"@id\":\"https:\/\/www.celttv.com.ar\/index.php\/2014\/10\/17\/celebraron-los-25-anos-del-centro-de-educadores-de-tornquist\/#breadcrumb\"},\"inLanguage\":\"es\",\"potentialAction\":[{\"@type\":\"ReadAction\",\"target\":[\"https:\/\/www.celttv.com.ar\/index.php\/2014\/10\/17\/celebraron-los-25-anos-del-centro-de-educadores-de-tornquist\/\"]}]},{\"@type\":\"BreadcrumbList\",\"@id\":\"https:\/\/www.celttv.com.ar\/index.php\/2014\/10\/17\/celebraron-los-25-anos-del-centro-de-educadores-de-tornquist\/#breadcrumb\",\"itemListElement\":[{\"@type\":\"ListItem\",\"position\":1,\"name\":\"Inicio\",\"item\":\"https:\/\/www.celttv.com.ar\/\"},{\"@type\":\"ListItem\",\"position\":2,\"name\":\"CELEBRARON LOS 25 A\u00d1OS DEL CENTRO DE EDUCADORES DE TORNQUIST\"}]},{\"@type\":\"WebSite\",\"@id\":\"https:\/\/www.celttv.com.ar\/#website\",\"url\":\"https:\/\/www.celttv.com.ar\/\",\"name\":\"CELTTV\",\"description\":\"Cooperativa El\u00e9ctrica de Tornquist\",\"publisher\":{\"@id\":\"https:\/\/www.celttv.com.ar\/#organization\"},\"potentialAction\":[{\"@type\":\"SearchAction\",\"target\":{\"@type\":\"EntryPoint\",\"urlTemplate\":\"https:\/\/www.celttv.com.ar\/?s={search_term_string}\"},\"query-input\":\"required name=search_term_string\"}],\"inLanguage\":\"es\"},{\"@type\":\"Organization\",\"@id\":\"https:\/\/www.celttv.com.ar\/#organization\",\"name\":\"CELTTV\",\"url\":\"https:\/\/www.celttv.com.ar\/\",\"sameAs\":[\"https:\/\/www.youtube.com\/channel\/UCz_oIt8Hig64Ub-EmcNPIhg\",\"https:\/\/www.facebook.com\/celtTV\/\"],\"logo\":{\"@type\":\"ImageObject\",\"inLanguage\":\"es\",\"@id\":\"https:\/\/www.celttv.com.ar\/#\/schema\/logo\/image\/\",\"url\":\"http:\/\/www.celttv.com.ar\/wp-content\/uploads\/2022\/08\/logo-1.png\",\"contentUrl\":\"http:\/\/www.celttv.com.ar\/wp-content\/uploads\/2022\/08\/logo-1.png\",\"width\":461,\"height\":159,\"caption\":\"CELTTV\"},\"image\":{\"@id\":\"https:\/\/www.celttv.com.ar\/#\/schema\/logo\/image\/\"}},{\"@type\":\"Person\",\"@id\":\"https:\/\/www.celttv.com.ar\/#\/schema\/person\/6d99c072dba59953809c81446e9d0ace\",\"name\":\"ulises\",\"image\":{\"@type\":\"ImageObject\",\"inLanguage\":\"es\",\"@id\":\"https:\/\/www.celttv.com.ar\/#\/schema\/person\/image\/\",\"url\":\"https:\/\/secure.gravatar.com\/avatar\/7f2c48bdc33b30088f941fb6082e555f2874c98e20cb159d7b92b50eadfce793?s=96&d=mm&r=g\",\"contentUrl\":\"https:\/\/secure.gravatar.com\/avatar\/7f2c48bdc33b30088f941fb6082e555f2874c98e20cb159d7b92b50eadfce793?s=96&d=mm&r=g\",\"caption\":\"ulises\"},\"sameAs\":[\"http:\/\/www.celttv.com.ar\"]}]}<\/script>\n<!-- \/ Yoast SEO plugin. -->","yoast_head_json":{"title":"CELEBRARON LOS 25 A\u00d1OS DEL CENTRO DE EDUCADORES DE TORNQUIST - CELTTV","description":"Sitio web de noticias de la localidad de Tornquist, provincia de Buenos Aires, Rep\u00fablica Argentina. Contenido propio originado por periodistas de CELTTV, el canal de TV local de la Cooperativa El\u00e9ctrica de Tornquist. Turismo, Pol\u00edtica, Sociedad, Deporte, Cultura y todo el contenido de inter\u00e9s general que la gente del pueblo y la regi\u00f3n debe conocer.","robots":{"index":"index","follow":"follow","max-snippet":"max-snippet:-1","max-image-preview":"max-image-preview:large","max-video-preview":"max-video-preview:-1"},"canonical":"https:\/\/www.celttv.com.ar\/index.php\/2014\/10\/17\/celebraron-los-25-anos-del-centro-de-educadores-de-tornquist\/","og_locale":"es_ES","og_type":"article","og_title":"CELEBRARON LOS 25 A\u00d1OS DEL CENTRO DE EDUCADORES DE TORNQUIST - CELTTV","og_description":"Sitio web de noticias de la localidad de Tornquist, provincia de Buenos Aires, Rep\u00fablica Argentina. Contenido propio originado por periodistas de CELTTV, el canal de TV local de la Cooperativa El\u00e9ctrica de Tornquist. Turismo, Pol\u00edtica, Sociedad, Deporte, Cultura y todo el contenido de inter\u00e9s general que la gente del pueblo y la regi\u00f3n debe conocer.","og_url":"https:\/\/www.celttv.com.ar\/index.php\/2014\/10\/17\/celebraron-los-25-anos-del-centro-de-educadores-de-tornquist\/","og_site_name":"CELTTV","article_publisher":"https:\/\/www.facebook.com\/celtTV\/","article_published_time":"2014-10-17T19:36:36+00:00","author":"ulises","twitter_card":"summary_large_image","twitter_misc":{"Escrito por":"ulises","Tiempo de lectura":"3 minutos"},"schema":{"@context":"https:\/\/schema.org","@graph":[{"@type":"NewsArticle","@id":"https:\/\/www.celttv.com.ar\/index.php\/2014\/10\/17\/celebraron-los-25-anos-del-centro-de-educadores-de-tornquist\/#article","isPartOf":{"@id":"https:\/\/www.celttv.com.ar\/index.php\/2014\/10\/17\/celebraron-los-25-anos-del-centro-de-educadores-de-tornquist\/"},"author":{"name":"ulises","@id":"https:\/\/www.celttv.com.ar\/#\/schema\/person\/6d99c072dba59953809c81446e9d0ace"},"headline":"CELEBRARON LOS 25 A\u00d1OS DEL CENTRO DE EDUCADORES DE TORNQUIST","datePublished":"2014-10-17T19:36:36+00:00","dateModified":"2014-10-17T19:36:36+00:00","mainEntityOfPage":{"@id":"https:\/\/www.celttv.com.ar\/index.php\/2014\/10\/17\/celebraron-los-25-anos-del-centro-de-educadores-de-tornquist\/"},"wordCount":545,"publisher":{"@id":"https:\/\/www.celttv.com.ar\/#organization"},"articleSection":["Comunidad","Destacadas","Videos Destacados"],"inLanguage":"es"},{"@type":"WebPage","@id":"https:\/\/www.celttv.com.ar\/index.php\/2014\/10\/17\/celebraron-los-25-anos-del-centro-de-educadores-de-tornquist\/","url":"https:\/\/www.celttv.com.ar\/index.php\/2014\/10\/17\/celebraron-los-25-anos-del-centro-de-educadores-de-tornquist\/","name":"CELEBRARON LOS 25 A\u00d1OS DEL CENTRO DE EDUCADORES DE TORNQUIST - CELTTV","isPartOf":{"@id":"https:\/\/www.celttv.com.ar\/#website"},"datePublished":"2014-10-17T19:36:36+00:00","dateModified":"2014-10-17T19:36:36+00:00","description":"Sitio web de noticias de la localidad de Tornquist, provincia de Buenos Aires, Rep\u00fablica Argentina. Contenido propio originado por periodistas de CELTTV, el canal de TV local de la Cooperativa El\u00e9ctrica de Tornquist. Turismo, Pol\u00edtica, Sociedad, Deporte, Cultura y todo el contenido de inter\u00e9s general que la gente del pueblo y la regi\u00f3n debe conocer.","breadcrumb":{"@id":"https:\/\/www.celttv.com.ar\/index.php\/2014\/10\/17\/celebraron-los-25-anos-del-centro-de-educadores-de-tornquist\/#breadcrumb"},"inLanguage":"es","potentialAction":[{"@type":"ReadAction","target":["https:\/\/www.celttv.com.ar\/index.php\/2014\/10\/17\/celebraron-los-25-anos-del-centro-de-educadores-de-tornquist\/"]}]},{"@type":"BreadcrumbList","@id":"https:\/\/www.celttv.com.ar\/index.php\/2014\/10\/17\/celebraron-los-25-anos-del-centro-de-educadores-de-tornquist\/#breadcrumb","itemListElement":[{"@type":"ListItem","position":1,"name":"Inicio","item":"https:\/\/www.celttv.com.ar\/"},{"@type":"ListItem","position":2,"name":"CELEBRARON LOS 25 A\u00d1OS DEL CENTRO DE EDUCADORES DE TORNQUIST"}]},{"@type":"WebSite","@id":"https:\/\/www.celttv.com.ar\/#website","url":"https:\/\/www.celttv.com.ar\/","name":"CELTTV","description":"Cooperativa El\u00e9ctrica de Tornquist","publisher":{"@id":"https:\/\/www.celttv.com.ar\/#organization"},"potentialAction":[{"@type":"SearchAction","target":{"@type":"EntryPoint","urlTemplate":"https:\/\/www.celttv.com.ar\/?s={search_term_string}"},"query-input":"required name=search_term_string"}],"inLanguage":"es"},{"@type":"Organization","@id":"https:\/\/www.celttv.com.ar\/#organization","name":"CELTTV","url":"https:\/\/www.celttv.com.ar\/","sameAs":["https:\/\/www.youtube.com\/channel\/UCz_oIt8Hig64Ub-EmcNPIhg","https:\/\/www.facebook.com\/celtTV\/"],"logo":{"@type":"ImageObject","inLanguage":"es","@id":"https:\/\/www.celttv.com.ar\/#\/schema\/logo\/image\/","url":"http:\/\/www.celttv.com.ar\/wp-content\/uploads\/2022\/08\/logo-1.png","contentUrl":"http:\/\/www.celttv.com.ar\/wp-content\/uploads\/2022\/08\/logo-1.png","width":461,"height":159,"caption":"CELTTV"},"image":{"@id":"https:\/\/www.celttv.com.ar\/#\/schema\/logo\/image\/"}},{"@type":"Person","@id":"https:\/\/www.celttv.com.ar\/#\/schema\/person\/6d99c072dba59953809c81446e9d0ace","name":"ulises","image":{"@type":"ImageObject","inLanguage":"es","@id":"https:\/\/www.celttv.com.ar\/#\/schema\/person\/image\/","url":"https:\/\/secure.gravatar.com\/avatar\/7f2c48bdc33b30088f941fb6082e555f2874c98e20cb159d7b92b50eadfce793?s=96&d=mm&r=g","contentUrl":"https:\/\/secure.gravatar.com\/avatar\/7f2c48bdc33b30088f941fb6082e555f2874c98e20cb159d7b92b50eadfce793?s=96&d=mm&r=g","caption":"ulises"},"sameAs":["http:\/\/www.celttv.com.ar"]}]}},"_links":{"self":[{"href":"https:\/\/www.celttv.com.ar\/index.php\/wp-json\/wp\/v2\/posts\/24341","targetHints":{"allow":["GET"]}}],"collection":[{"href":"https:\/\/www.celttv.com.ar\/index.php\/wp-json\/wp\/v2\/posts"}],"about":[{"href":"https:\/\/www.celttv.com.ar\/index.php\/wp-json\/wp\/v2\/types\/post"}],"author":[{"embeddable":true,"href":"https:\/\/www.celttv.com.ar\/index.php\/wp-json\/wp\/v2\/users\/1"}],"replies":[{"embeddable":true,"href":"https:\/\/www.celttv.com.ar\/index.php\/wp-json\/wp\/v2\/comments?post=24341"}],"version-history":[{"count":0,"href":"https:\/\/www.celttv.com.ar\/index.php\/wp-json\/wp\/v2\/posts\/24341\/revisions"}],"wp:attachment":[{"href":"https:\/\/www.celttv.com.ar\/index.php\/wp-json\/wp\/v2\/media?parent=24341"}],"wp:term":[{"taxonomy":"category","embeddable":true,"href":"https:\/\/www.celttv.com.ar\/index.php\/wp-json\/wp\/v2\/categories?post=24341"},{"taxonomy":"post_tag","embeddable":true,"href":"https:\/\/www.celttv.com.ar\/index.php\/wp-json\/wp\/v2\/tags?post=24341"}],"curies":[{"name":"wp","href":"https:\/\/api.w.org\/{rel}","templated":true}]}}