{"id":24440,"date":"2014-10-20T14:59:26","date_gmt":"2014-10-20T14:59:26","guid":{"rendered":"http:\/\/www.tvcnoticias.com.ar\/?p=24440"},"modified":"2014-10-20T14:59:26","modified_gmt":"2014-10-20T14:59:26","slug":"el-hcd-sesiona-en-la-localidad-de-chasico","status":"publish","type":"post","link":"https:\/\/www.celttv.com.ar\/index.php\/2014\/10\/20\/el-hcd-sesiona-en-la-localidad-de-chasico\/","title":{"rendered":"EL HCD. SESIONA EN LA LOCALIDAD DE CHASICO"},"content":{"rendered":"<p><strong><span style=\"text-decoration: underline;\">VISTO:<\/span><\/strong><br \/>\n&nbsp;<br \/>\nLa necesidad de perfeccionar la sociabilizaci\u00f3n de la actividad del Honorable Concejo Deliberante, como as\u00ed tambi\u00e9n el acercamiento del mismo a las distintas localidades del Distrito de Tornquist.<br \/>\nLa distancia existente entre la localidad de Chasic\u00f3 y Tornquist, la cual es de 50 Kms (43 de ellos de camino de tierra) que la convierten en una de las localidades m\u00e1s distantes de la ciudad cabecera y de acceso m\u00e1s dificultoso.<br \/>\n&nbsp;<br \/>\n<strong><span style=\"text-decoration: underline;\">CONSIDERANDO:<\/span><\/strong><br \/>\n<strong><span style=\"text-decoration: underline;\"> <\/span><\/strong><br \/>\nQue conforme al Art. 68, \u00faltimo p\u00e1rrafo de la Ley Org\u00e1nica de las Municipalidades, el Concejo est\u00e1 facultado para sesionar en otro punto que no sea la ciudad cabecera, si existe una disposici\u00f3n dictada por el propio Cuerpo que lo autorice a tal fin.<br \/>\nQue la presente disposici\u00f3n le otorga una inmejorable oportunidad a los establecimientos educativos de la localidad y la zona y los coloca en igualdad de condiciones y de inclusi\u00f3n para ver y comprender el funcionamiento del Concejo Deliberante de su Distrito.<br \/>\nQue es de p\u00fablico conocimiento los requisitos y tr\u00e1mites que se le solicitan a los Directivos de los establecimientos educativos para poder trasladar a los alumnos.<br \/>\nQue la comunidad toda de esta localidad del oeste del Distrito ha demostrado inter\u00e9s por la actividad legislativa de este Cuerpo y consideramos oportuno acercarnos a ellos como instituci\u00f3n p\u00fablica representativa que somos.<br \/>\nQue desde los Bloques autores del presente Proyecto, entendemos que es nuestro deber como funcionarios el de llevar y hacer conocer la actividad que desempe\u00f1amos como representantes directos del pueblo. En esta oportunidad con los habitantes de Chasic\u00f3, de su zona y de las localidades pr\u00f3ximas, pero entendiendo que dicha iniciativa deber\u00eda ampliarse a las dem\u00e1s localidades que componen nuestro Distrito.<br \/>\n&nbsp;<br \/>\n<strong><span style=\"text-decoration: underline;\">POR ELLO:<\/span><\/strong><strong> <\/strong><br \/>\n<strong> <\/strong><br \/>\n<strong>EL HONORABLE CONCEJO DELIBERANTE<\/strong><br \/>\n<strong>En uso de sus facultades, sanciona con fuerza de<\/strong><br \/>\n<strong><span style=\"text-decoration: underline;\">RESOLUCI\u00d3N N\u00ba 20\/14<\/span><\/strong><br \/>\n&nbsp;<br \/>\n<strong><span style=\"text-decoration: underline;\">ART\u00cdCULO 1\u00ba<\/span><\/strong>: Disp\u00f3ngase celebrar una Sesi\u00f3n Ordinaria del Honorable Concejo Deliberante de Tornquist en la localidad de Chasic\u00f3, en d\u00eda y horario a convenir del presente a\u00f1o.<br \/>\n&nbsp;<br \/>\n<strong><span style=\"text-decoration: underline;\">ART\u00cdCULO 2\u00ba<\/span><\/strong>: Consid\u00e9rese oportuno adoptar un sistema de Sesiones itinerantes, llegando as\u00ed a las dem\u00e1s localidades del Distrito a los fines de que todos los habitantes del mismo tengan la oportunidad de asistir, en la mayor\u00eda de los casos por primera vez, a una Sesi\u00f3n de este Honorable Cuerpo que componemos.<br \/>\n&nbsp;<br \/>\n<strong><span style=\"text-decoration: underline;\">ART\u00cdCULO 3\u00ba<\/span><\/strong>: Notif\u00edquese de la presente a las Delegaciones de Nueva Roma, Chasic\u00f3 y Pelicur\u00e1 para su toma de conocimiento. As\u00ed mismo, notif\u00edquese a los establecimientos educativos de las citadas localidades, como a las de Paraje Sauce Chico y Berraondo.<br \/>\n&nbsp;<br \/>\n<strong><span style=\"text-decoration: underline;\">ART\u00cdCULO 4\u00ba<\/span><\/strong>: D\u00e9se amplia difusi\u00f3n en los medios period\u00edsticos locales y regionales.<br \/>\n&nbsp;<br \/>\n<strong><span style=\"text-decoration: underline;\">ART\u00cdCULO 5\u00ba:<\/span><\/strong> Comun\u00edquese, Reg\u00edstrese y Cumplido: ARCH\u00cdVESE.-<br \/>\n&nbsp;<br \/>\n<strong>APROBADO POR UNANIMIDAD, EN LA SALA DE SESIONES DEL H.C.D DE TORNQUIST, A LOS SIETE D\u00cdAS DEL MES DE OCTUBRE DEL A\u00d1O DOS MIL CATORCE.-<\/strong><br \/>\n&nbsp;<br \/>\n&nbsp;<br \/>\n<strong> <\/strong><br \/>\n<strong> Nyez M. Valentina\u00a0\u00a0\u00a0\u00a0\u00a0\u00a0\u00a0\u00a0\u00a0\u00a0\u00a0\u00a0\u00a0\u00a0\u00a0\u00a0\u00a0\u00a0\u00a0\u00a0\u00a0\u00a0\u00a0\u00a0\u00a0\u00a0\u00a0\u00a0\u00a0\u00a0\u00a0\u00a0\u00a0\u00a0\u00a0\u00a0\u00a0\u00a0\u00a0\u00a0\u00a0\u00a0\u00a0\u00a0\u00a0\u00a0\u00a0 \u00a0\u00a0\u00a0\u00a0\u00a0\u00a0\u00a0\u00a0\u00a0\u00a0\u00a0\u00a0\u00a0\u00a0\u00a0\u00a0\u00a0\u00a0\u00a0Bordoni Sergio<\/strong><br \/>\n<strong> Secretaria\u00a0\u00a0\u00a0\u00a0\u00a0\u00a0\u00a0\u00a0\u00a0\u00a0\u00a0\u00a0\u00a0\u00a0\u00a0\u00a0\u00a0\u00a0\u00a0\u00a0\u00a0\u00a0\u00a0\u00a0\u00a0\u00a0\u00a0\u00a0\u00a0\u00a0\u00a0\u00a0\u00a0\u00a0\u00a0\u00a0\u00a0\u00a0\u00a0\u00a0\u00a0\u00a0\u00a0\u00a0\u00a0\u00a0\u00a0\u00a0\u00a0\u00a0\u00a0\u00a0\u00a0\u00a0\u00a0\u00a0\u00a0\u00a0\u00a0\u00a0\u00a0\u00a0\u00a0\u00a0\u00a0\u00a0\u00a0\u00a0\u00a0\u00a0\u00a0\u00a0\u00a0\u00a0\u00a0\u00a0\u00a0\u00a0\u00a0 Presidente <\/strong><br \/>\n<strong> H.C.D\u00a0\u00a0\u00a0\u00a0\u00a0\u00a0\u00a0\u00a0\u00a0\u00a0\u00a0\u00a0\u00a0\u00a0\u00a0\u00a0\u00a0\u00a0\u00a0\u00a0\u00a0\u00a0\u00a0\u00a0\u00a0\u00a0\u00a0\u00a0\u00a0\u00a0\u00a0\u00a0\u00a0\u00a0\u00a0\u00a0\u00a0\u00a0\u00a0\u00a0\u00a0\u00a0\u00a0\u00a0\u00a0\u00a0\u00a0\u00a0\u00a0\u00a0\u00a0\u00a0\u00a0\u00a0\u00a0\u00a0\u00a0\u00a0\u00a0\u00a0\u00a0\u00a0\u00a0\u00a0\u00a0\u00a0\u00a0\u00a0\u00a0\u00a0\u00a0\u00a0\u00a0\u00a0\u00a0\u00a0\u00a0\u00a0\u00a0\u00a0\u00a0\u00a0 \u00a0\u00a0\u00a0\u00a0\u00a0\u00a0H.C.D<\/strong><br \/>\n&nbsp;<br \/>\n&nbsp;<br \/>\n&nbsp;<br \/>\n&nbsp;<br \/>\n&nbsp;<br \/>\n<a rel=\"attachment wp-att-24441\" href=\"http:\/\/www.tvcnoticias.com.ar\/?attachment_id=24441\"><img loading=\"lazy\" decoding=\"async\" class=\"aligncenter size-medium wp-image-24441\" title=\"17-10-14 002arreg (Medium)\" src=\"http:\/\/www.tvcnoticias.com.ar\/wp-content\/uploads\/2014\/10\/17-10-14-002arreg-Medium1-450x337.jpg\" alt=\"\" width=\"450\" height=\"337\" \/><\/a><br \/>\n&nbsp;<\/p>\n","protected":false},"excerpt":{"rendered":"<p>VISTO: &nbsp; La necesidad de perfeccionar la sociabilizaci\u00f3n de la actividad del Honorable Concejo Deliberante, como as\u00ed tambi\u00e9n el acercamiento del mismo a las distintas localidades del Distrito de Tornquist. La distancia existente entre la localidad de Chasic\u00f3 y Tornquist, la cual es de 50 Kms (43 de ellos de camino de tierra) que la [&hellip;]<\/p>\n","protected":false},"author":1,"featured_media":0,"comment_status":"closed","ping_status":"open","sticky":false,"template":"","format":"standard","meta":{"footnotes":""},"categories":[51,52,53],"tags":[],"class_list":["post-24440","post","type-post","status-publish","format-standard","hentry","category-comunidad","category-destacadas","category-politica"],"yoast_head":"<!-- This site is optimized with the Yoast SEO plugin v19.7.1 - https:\/\/yoast.com\/wordpress\/plugins\/seo\/ -->\n<title>EL HCD. SESIONA EN LA LOCALIDAD DE CHASICO - CELTTV<\/title>\n<meta name=\"description\" content=\"Sitio web de noticias de la localidad de Tornquist, provincia de Buenos Aires, Rep\u00fablica Argentina. Contenido propio originado por periodistas de CELTTV, el canal de TV local de la Cooperativa El\u00e9ctrica de Tornquist. Turismo, Pol\u00edtica, Sociedad, Deporte, Cultura y todo el contenido de inter\u00e9s general que la gente del pueblo y la regi\u00f3n debe conocer.\" \/>\n<meta name=\"robots\" content=\"index, follow, max-snippet:-1, max-image-preview:large, max-video-preview:-1\" \/>\n<link rel=\"canonical\" href=\"https:\/\/www.celttv.com.ar\/index.php\/2014\/10\/20\/el-hcd-sesiona-en-la-localidad-de-chasico\/\" \/>\n<meta property=\"og:locale\" content=\"es_ES\" \/>\n<meta property=\"og:type\" content=\"article\" \/>\n<meta property=\"og:title\" content=\"EL HCD. SESIONA EN LA LOCALIDAD DE CHASICO - CELTTV\" \/>\n<meta property=\"og:description\" content=\"Sitio web de noticias de la localidad de Tornquist, provincia de Buenos Aires, Rep\u00fablica Argentina. Contenido propio originado por periodistas de CELTTV, el canal de TV local de la Cooperativa El\u00e9ctrica de Tornquist. Turismo, Pol\u00edtica, Sociedad, Deporte, Cultura y todo el contenido de inter\u00e9s general que la gente del pueblo y la regi\u00f3n debe conocer.\" \/>\n<meta property=\"og:url\" content=\"https:\/\/www.celttv.com.ar\/index.php\/2014\/10\/20\/el-hcd-sesiona-en-la-localidad-de-chasico\/\" \/>\n<meta property=\"og:site_name\" content=\"CELTTV\" \/>\n<meta property=\"article:publisher\" content=\"https:\/\/www.facebook.com\/celtTV\/\" \/>\n<meta property=\"article:published_time\" content=\"2014-10-20T14:59:26+00:00\" \/>\n<meta property=\"og:image\" content=\"http:\/\/www.tvcnoticias.com.ar\/wp-content\/uploads\/2014\/10\/17-10-14-002arreg-Medium1-450x337.jpg\" \/>\n<meta name=\"author\" content=\"ulises\" \/>\n<meta name=\"twitter:card\" content=\"summary_large_image\" \/>\n<meta name=\"twitter:label1\" content=\"Escrito por\" \/>\n\t<meta name=\"twitter:data1\" content=\"ulises\" \/>\n\t<meta name=\"twitter:label2\" content=\"Tiempo de lectura\" \/>\n\t<meta name=\"twitter:data2\" content=\"3 minutos\" \/>\n<script type=\"application\/ld+json\" class=\"yoast-schema-graph\">{\"@context\":\"https:\/\/schema.org\",\"@graph\":[{\"@type\":\"NewsArticle\",\"@id\":\"https:\/\/www.celttv.com.ar\/index.php\/2014\/10\/20\/el-hcd-sesiona-en-la-localidad-de-chasico\/#article\",\"isPartOf\":{\"@id\":\"https:\/\/www.celttv.com.ar\/index.php\/2014\/10\/20\/el-hcd-sesiona-en-la-localidad-de-chasico\/\"},\"author\":{\"name\":\"ulises\",\"@id\":\"https:\/\/www.celttv.com.ar\/#\/schema\/person\/6d99c072dba59953809c81446e9d0ace\"},\"headline\":\"EL HCD. SESIONA EN LA LOCALIDAD DE CHASICO\",\"datePublished\":\"2014-10-20T14:59:26+00:00\",\"dateModified\":\"2014-10-20T14:59:26+00:00\",\"mainEntityOfPage\":{\"@id\":\"https:\/\/www.celttv.com.ar\/index.php\/2014\/10\/20\/el-hcd-sesiona-en-la-localidad-de-chasico\/\"},\"wordCount\":532,\"publisher\":{\"@id\":\"https:\/\/www.celttv.com.ar\/#organization\"},\"articleSection\":[\"Comunidad\",\"Destacadas\",\"Pol\u00edtica\"],\"inLanguage\":\"es\"},{\"@type\":\"WebPage\",\"@id\":\"https:\/\/www.celttv.com.ar\/index.php\/2014\/10\/20\/el-hcd-sesiona-en-la-localidad-de-chasico\/\",\"url\":\"https:\/\/www.celttv.com.ar\/index.php\/2014\/10\/20\/el-hcd-sesiona-en-la-localidad-de-chasico\/\",\"name\":\"EL HCD. SESIONA EN LA LOCALIDAD DE CHASICO - CELTTV\",\"isPartOf\":{\"@id\":\"https:\/\/www.celttv.com.ar\/#website\"},\"datePublished\":\"2014-10-20T14:59:26+00:00\",\"dateModified\":\"2014-10-20T14:59:26+00:00\",\"description\":\"Sitio web de noticias de la localidad de Tornquist, provincia de Buenos Aires, Rep\u00fablica Argentina. Contenido propio originado por periodistas de CELTTV, el canal de TV local de la Cooperativa El\u00e9ctrica de Tornquist. Turismo, Pol\u00edtica, Sociedad, Deporte, Cultura y todo el contenido de inter\u00e9s general que la gente del pueblo y la regi\u00f3n debe conocer.\",\"breadcrumb\":{\"@id\":\"https:\/\/www.celttv.com.ar\/index.php\/2014\/10\/20\/el-hcd-sesiona-en-la-localidad-de-chasico\/#breadcrumb\"},\"inLanguage\":\"es\",\"potentialAction\":[{\"@type\":\"ReadAction\",\"target\":[\"https:\/\/www.celttv.com.ar\/index.php\/2014\/10\/20\/el-hcd-sesiona-en-la-localidad-de-chasico\/\"]}]},{\"@type\":\"BreadcrumbList\",\"@id\":\"https:\/\/www.celttv.com.ar\/index.php\/2014\/10\/20\/el-hcd-sesiona-en-la-localidad-de-chasico\/#breadcrumb\",\"itemListElement\":[{\"@type\":\"ListItem\",\"position\":1,\"name\":\"Inicio\",\"item\":\"https:\/\/www.celttv.com.ar\/\"},{\"@type\":\"ListItem\",\"position\":2,\"name\":\"EL HCD. SESIONA EN LA LOCALIDAD DE CHASICO\"}]},{\"@type\":\"WebSite\",\"@id\":\"https:\/\/www.celttv.com.ar\/#website\",\"url\":\"https:\/\/www.celttv.com.ar\/\",\"name\":\"CELTTV\",\"description\":\"Cooperativa El\u00e9ctrica de Tornquist\",\"publisher\":{\"@id\":\"https:\/\/www.celttv.com.ar\/#organization\"},\"potentialAction\":[{\"@type\":\"SearchAction\",\"target\":{\"@type\":\"EntryPoint\",\"urlTemplate\":\"https:\/\/www.celttv.com.ar\/?s={search_term_string}\"},\"query-input\":\"required name=search_term_string\"}],\"inLanguage\":\"es\"},{\"@type\":\"Organization\",\"@id\":\"https:\/\/www.celttv.com.ar\/#organization\",\"name\":\"CELTTV\",\"url\":\"https:\/\/www.celttv.com.ar\/\",\"sameAs\":[\"https:\/\/www.youtube.com\/channel\/UCz_oIt8Hig64Ub-EmcNPIhg\",\"https:\/\/www.facebook.com\/celtTV\/\"],\"logo\":{\"@type\":\"ImageObject\",\"inLanguage\":\"es\",\"@id\":\"https:\/\/www.celttv.com.ar\/#\/schema\/logo\/image\/\",\"url\":\"http:\/\/www.celttv.com.ar\/wp-content\/uploads\/2022\/08\/logo-1.png\",\"contentUrl\":\"http:\/\/www.celttv.com.ar\/wp-content\/uploads\/2022\/08\/logo-1.png\",\"width\":461,\"height\":159,\"caption\":\"CELTTV\"},\"image\":{\"@id\":\"https:\/\/www.celttv.com.ar\/#\/schema\/logo\/image\/\"}},{\"@type\":\"Person\",\"@id\":\"https:\/\/www.celttv.com.ar\/#\/schema\/person\/6d99c072dba59953809c81446e9d0ace\",\"name\":\"ulises\",\"image\":{\"@type\":\"ImageObject\",\"inLanguage\":\"es\",\"@id\":\"https:\/\/www.celttv.com.ar\/#\/schema\/person\/image\/\",\"url\":\"https:\/\/secure.gravatar.com\/avatar\/7f2c48bdc33b30088f941fb6082e555f2874c98e20cb159d7b92b50eadfce793?s=96&d=mm&r=g\",\"contentUrl\":\"https:\/\/secure.gravatar.com\/avatar\/7f2c48bdc33b30088f941fb6082e555f2874c98e20cb159d7b92b50eadfce793?s=96&d=mm&r=g\",\"caption\":\"ulises\"},\"sameAs\":[\"http:\/\/www.celttv.com.ar\"]}]}<\/script>\n<!-- \/ Yoast SEO plugin. -->","yoast_head_json":{"title":"EL HCD. SESIONA EN LA LOCALIDAD DE CHASICO - CELTTV","description":"Sitio web de noticias de la localidad de Tornquist, provincia de Buenos Aires, Rep\u00fablica Argentina. Contenido propio originado por periodistas de CELTTV, el canal de TV local de la Cooperativa El\u00e9ctrica de Tornquist. Turismo, Pol\u00edtica, Sociedad, Deporte, Cultura y todo el contenido de inter\u00e9s general que la gente del pueblo y la regi\u00f3n debe conocer.","robots":{"index":"index","follow":"follow","max-snippet":"max-snippet:-1","max-image-preview":"max-image-preview:large","max-video-preview":"max-video-preview:-1"},"canonical":"https:\/\/www.celttv.com.ar\/index.php\/2014\/10\/20\/el-hcd-sesiona-en-la-localidad-de-chasico\/","og_locale":"es_ES","og_type":"article","og_title":"EL HCD. SESIONA EN LA LOCALIDAD DE CHASICO - CELTTV","og_description":"Sitio web de noticias de la localidad de Tornquist, provincia de Buenos Aires, Rep\u00fablica Argentina. Contenido propio originado por periodistas de CELTTV, el canal de TV local de la Cooperativa El\u00e9ctrica de Tornquist. Turismo, Pol\u00edtica, Sociedad, Deporte, Cultura y todo el contenido de inter\u00e9s general que la gente del pueblo y la regi\u00f3n debe conocer.","og_url":"https:\/\/www.celttv.com.ar\/index.php\/2014\/10\/20\/el-hcd-sesiona-en-la-localidad-de-chasico\/","og_site_name":"CELTTV","article_publisher":"https:\/\/www.facebook.com\/celtTV\/","article_published_time":"2014-10-20T14:59:26+00:00","og_image":[{"url":"http:\/\/www.tvcnoticias.com.ar\/wp-content\/uploads\/2014\/10\/17-10-14-002arreg-Medium1-450x337.jpg"}],"author":"ulises","twitter_card":"summary_large_image","twitter_misc":{"Escrito por":"ulises","Tiempo de lectura":"3 minutos"},"schema":{"@context":"https:\/\/schema.org","@graph":[{"@type":"NewsArticle","@id":"https:\/\/www.celttv.com.ar\/index.php\/2014\/10\/20\/el-hcd-sesiona-en-la-localidad-de-chasico\/#article","isPartOf":{"@id":"https:\/\/www.celttv.com.ar\/index.php\/2014\/10\/20\/el-hcd-sesiona-en-la-localidad-de-chasico\/"},"author":{"name":"ulises","@id":"https:\/\/www.celttv.com.ar\/#\/schema\/person\/6d99c072dba59953809c81446e9d0ace"},"headline":"EL HCD. SESIONA EN LA LOCALIDAD DE CHASICO","datePublished":"2014-10-20T14:59:26+00:00","dateModified":"2014-10-20T14:59:26+00:00","mainEntityOfPage":{"@id":"https:\/\/www.celttv.com.ar\/index.php\/2014\/10\/20\/el-hcd-sesiona-en-la-localidad-de-chasico\/"},"wordCount":532,"publisher":{"@id":"https:\/\/www.celttv.com.ar\/#organization"},"articleSection":["Comunidad","Destacadas","Pol\u00edtica"],"inLanguage":"es"},{"@type":"WebPage","@id":"https:\/\/www.celttv.com.ar\/index.php\/2014\/10\/20\/el-hcd-sesiona-en-la-localidad-de-chasico\/","url":"https:\/\/www.celttv.com.ar\/index.php\/2014\/10\/20\/el-hcd-sesiona-en-la-localidad-de-chasico\/","name":"EL HCD. SESIONA EN LA LOCALIDAD DE CHASICO - CELTTV","isPartOf":{"@id":"https:\/\/www.celttv.com.ar\/#website"},"datePublished":"2014-10-20T14:59:26+00:00","dateModified":"2014-10-20T14:59:26+00:00","description":"Sitio web de noticias de la localidad de Tornquist, provincia de Buenos Aires, Rep\u00fablica Argentina. Contenido propio originado por periodistas de CELTTV, el canal de TV local de la Cooperativa El\u00e9ctrica de Tornquist. Turismo, Pol\u00edtica, Sociedad, Deporte, Cultura y todo el contenido de inter\u00e9s general que la gente del pueblo y la regi\u00f3n debe conocer.","breadcrumb":{"@id":"https:\/\/www.celttv.com.ar\/index.php\/2014\/10\/20\/el-hcd-sesiona-en-la-localidad-de-chasico\/#breadcrumb"},"inLanguage":"es","potentialAction":[{"@type":"ReadAction","target":["https:\/\/www.celttv.com.ar\/index.php\/2014\/10\/20\/el-hcd-sesiona-en-la-localidad-de-chasico\/"]}]},{"@type":"BreadcrumbList","@id":"https:\/\/www.celttv.com.ar\/index.php\/2014\/10\/20\/el-hcd-sesiona-en-la-localidad-de-chasico\/#breadcrumb","itemListElement":[{"@type":"ListItem","position":1,"name":"Inicio","item":"https:\/\/www.celttv.com.ar\/"},{"@type":"ListItem","position":2,"name":"EL HCD. SESIONA EN LA LOCALIDAD DE CHASICO"}]},{"@type":"WebSite","@id":"https:\/\/www.celttv.com.ar\/#website","url":"https:\/\/www.celttv.com.ar\/","name":"CELTTV","description":"Cooperativa El\u00e9ctrica de Tornquist","publisher":{"@id":"https:\/\/www.celttv.com.ar\/#organization"},"potentialAction":[{"@type":"SearchAction","target":{"@type":"EntryPoint","urlTemplate":"https:\/\/www.celttv.com.ar\/?s={search_term_string}"},"query-input":"required name=search_term_string"}],"inLanguage":"es"},{"@type":"Organization","@id":"https:\/\/www.celttv.com.ar\/#organization","name":"CELTTV","url":"https:\/\/www.celttv.com.ar\/","sameAs":["https:\/\/www.youtube.com\/channel\/UCz_oIt8Hig64Ub-EmcNPIhg","https:\/\/www.facebook.com\/celtTV\/"],"logo":{"@type":"ImageObject","inLanguage":"es","@id":"https:\/\/www.celttv.com.ar\/#\/schema\/logo\/image\/","url":"http:\/\/www.celttv.com.ar\/wp-content\/uploads\/2022\/08\/logo-1.png","contentUrl":"http:\/\/www.celttv.com.ar\/wp-content\/uploads\/2022\/08\/logo-1.png","width":461,"height":159,"caption":"CELTTV"},"image":{"@id":"https:\/\/www.celttv.com.ar\/#\/schema\/logo\/image\/"}},{"@type":"Person","@id":"https:\/\/www.celttv.com.ar\/#\/schema\/person\/6d99c072dba59953809c81446e9d0ace","name":"ulises","image":{"@type":"ImageObject","inLanguage":"es","@id":"https:\/\/www.celttv.com.ar\/#\/schema\/person\/image\/","url":"https:\/\/secure.gravatar.com\/avatar\/7f2c48bdc33b30088f941fb6082e555f2874c98e20cb159d7b92b50eadfce793?s=96&d=mm&r=g","contentUrl":"https:\/\/secure.gravatar.com\/avatar\/7f2c48bdc33b30088f941fb6082e555f2874c98e20cb159d7b92b50eadfce793?s=96&d=mm&r=g","caption":"ulises"},"sameAs":["http:\/\/www.celttv.com.ar"]}]}},"_links":{"self":[{"href":"https:\/\/www.celttv.com.ar\/index.php\/wp-json\/wp\/v2\/posts\/24440","targetHints":{"allow":["GET"]}}],"collection":[{"href":"https:\/\/www.celttv.com.ar\/index.php\/wp-json\/wp\/v2\/posts"}],"about":[{"href":"https:\/\/www.celttv.com.ar\/index.php\/wp-json\/wp\/v2\/types\/post"}],"author":[{"embeddable":true,"href":"https:\/\/www.celttv.com.ar\/index.php\/wp-json\/wp\/v2\/users\/1"}],"replies":[{"embeddable":true,"href":"https:\/\/www.celttv.com.ar\/index.php\/wp-json\/wp\/v2\/comments?post=24440"}],"version-history":[{"count":0,"href":"https:\/\/www.celttv.com.ar\/index.php\/wp-json\/wp\/v2\/posts\/24440\/revisions"}],"wp:attachment":[{"href":"https:\/\/www.celttv.com.ar\/index.php\/wp-json\/wp\/v2\/media?parent=24440"}],"wp:term":[{"taxonomy":"category","embeddable":true,"href":"https:\/\/www.celttv.com.ar\/index.php\/wp-json\/wp\/v2\/categories?post=24440"},{"taxonomy":"post_tag","embeddable":true,"href":"https:\/\/www.celttv.com.ar\/index.php\/wp-json\/wp\/v2\/tags?post=24440"}],"curies":[{"name":"wp","href":"https:\/\/api.w.org\/{rel}","templated":true}]}}