{"id":24445,"date":"2014-10-20T21:48:17","date_gmt":"2014-10-20T21:48:17","guid":{"rendered":"http:\/\/www.tvcnoticias.com.ar\/?p=24445"},"modified":"2014-10-20T21:48:17","modified_gmt":"2014-10-20T21:48:17","slug":"se-realiza-el-segundo-congreso-educativo-pcial-del-pro-en-la-ciudad-de-lanus","status":"publish","type":"post","link":"https:\/\/www.celttv.com.ar\/index.php\/2014\/10\/20\/se-realiza-el-segundo-congreso-educativo-pcial-del-pro-en-la-ciudad-de-lanus\/","title":{"rendered":"SE REALIZA EL SEGUNDO CONGRESO EDUCATIVO PCIAL. DEL PRO EN LA CIUDAD DE LANUS"},"content":{"rendered":"<p><a rel=\"attachment wp-att-24451\" href=\"http:\/\/www.tvcnoticias.com.ar\/?attachment_id=24451\"><img loading=\"lazy\" decoding=\"async\" class=\"aligncenter size-medium wp-image-24451\" title=\"segundo congreso educativo pcial pro (Medium)\" src=\"http:\/\/www.tvcnoticias.com.ar\/wp-content\/uploads\/2014\/10\/segundo-congreso-educativo-pcial-pro-Medium-450x333.jpg\" alt=\"\" width=\"450\" height=\"333\" \/><\/a><br \/>\nEl 1\u00b0 de noviembre de 9hs a 17hs se llevar\u00e1 a cabo el Segundo Congreso Educativo Pcial del Pro en la ciudad de Lan\u00fas.<br \/>\n<strong>Tem\u00e1ticas y Disertantes:<\/strong><br \/>\n<span style=\"text-decoration: underline;\">Nivel Inicial<\/span>:<br \/>\n\u201c Protagonismo docente, en el marco de las pol\u00edticas educativas\u201d<br \/>\nDisertante: Lic. Stella Maris Calvet<br \/>\n\u201cPrimeros pasos para el futuro\u201d<br \/>\nDisertante: Lic. Marcela Goenaga Directora General de Educaci\u00f3n Estatal Ministerio de Educaci\u00f3n CABA.<br \/>\n<span style=\"text-decoration: underline;\">Presenta: Prof<\/span>. ElisabetNori( Tornquist)<br \/>\n<span style=\"text-decoration: underline;\">Nivel Primario:<\/span><br \/>\n\u201cEnse\u00f1anza, organizaci\u00f3n social y pol\u00edtica, y democracia\u201d<br \/>\nDisertante: Magister Mar\u00eda Delia Traverso<br \/>\n\u201cGesti\u00f3n para el aprendizaje\u201d<br \/>\nDisertante: Prof Isabel Bonelli . Asesora en la Secretar\u00eda de Nivel Primario. Ministerio de Educaci\u00f3n CABA<br \/>\n<span style=\"text-decoration: underline;\">Presenta:<\/span>Prof Silvia Rodriguez( Mar del Plata)<br \/>\n<span style=\"text-decoration: underline;\">Nivel Secundario<\/span>:<br \/>\n\u201cEducaci\u00f3n Secundaria en la pcia de Buenos Aires. Una mirada sobre la realidad actual\u201d<br \/>\nDisertante: Prof. Elena Donosevich<br \/>\n\u201cEscuela Secundaria para el 2030\u201d<br \/>\nDisertante: Lic. Mercedes Miguel. Directora de Planeamiento Educativo. Ministerio de Educaci\u00f3n CABA<br \/>\n<span style=\"text-decoration: underline;\">Presenta:<\/span> Prof. Sandra In\u00e9s Fari\u00f1a ( Mor\u00f3n)<br \/>\n&nbsp;<br \/>\nConcurrir\u00e1n docentes de toda la provincia, Capital Federal y otros lugares de nuestro pa\u00eds. Es una oportunidad imperdible para no solo capacitarnos, sino tambi\u00e9n para intercambiar ideas y experiencias con otros colegas. Adem\u00e1s es total y absolutamente gratuito.<br \/>\nSobre el mediod\u00eda se servir\u00e1 un lunch totalmente sin cargo, como as\u00ed tambi\u00e9n dos coffee-break, uno a la ma\u00f1ana y otro por la tarde<br \/>\nProyectamos un gran cierre a cargo de Mauricio Macri<br \/>\nContaremos con un transporte gratuito para trasladar a los interesados correspondientes de nuestra regi\u00f3n. Todos aquellos que quieran asistir deben inscribirse al siguiente link:\u00a0<a href=\"http:\/\/goo.gl\/hsp2HH\" target=\"_blank\" rel=\"noopener\">http:\/\/goo.gl\/hsp2HH<\/a><br \/>\nPara m\u00e1s informaci\u00f3n pueden dirigirse al mail: rededucativaprosexta@hotmail.com.ar \u00a0o al cel: 2915771193<br \/>\n&nbsp;<br \/>\nElisabetNori<br \/>\nReferente Educativa Pro<br \/>\nSexta secci\u00f3n<br \/>\n&nbsp;<\/p>\n","protected":false},"excerpt":{"rendered":"<p>El 1\u00b0 de noviembre de 9hs a 17hs se llevar\u00e1 a cabo el Segundo Congreso Educativo Pcial del Pro en la ciudad de Lan\u00fas. Tem\u00e1ticas y Disertantes: Nivel Inicial: \u201c Protagonismo docente, en el marco de las pol\u00edticas educativas\u201d Disertante: Lic. Stella Maris Calvet \u201cPrimeros pasos para el futuro\u201d Disertante: Lic. Marcela Goenaga Directora General [&hellip;]<\/p>\n","protected":false},"author":1,"featured_media":0,"comment_status":"closed","ping_status":"open","sticky":false,"template":"","format":"standard","meta":{"footnotes":""},"categories":[51,52,53],"tags":[],"class_list":["post-24445","post","type-post","status-publish","format-standard","hentry","category-comunidad","category-destacadas","category-politica"],"yoast_head":"<!-- This site is optimized with the Yoast SEO plugin v19.7.1 - https:\/\/yoast.com\/wordpress\/plugins\/seo\/ -->\n<title>SE REALIZA EL SEGUNDO CONGRESO EDUCATIVO PCIAL. DEL PRO EN LA CIUDAD DE LANUS - CELTTV<\/title>\n<meta name=\"description\" content=\"Sitio web de noticias de la localidad de Tornquist, provincia de Buenos Aires, Rep\u00fablica Argentina. Contenido propio originado por periodistas de CELTTV, el canal de TV local de la Cooperativa El\u00e9ctrica de Tornquist. Turismo, Pol\u00edtica, Sociedad, Deporte, Cultura y todo el contenido de inter\u00e9s general que la gente del pueblo y la regi\u00f3n debe conocer.\" \/>\n<meta name=\"robots\" content=\"index, follow, max-snippet:-1, max-image-preview:large, max-video-preview:-1\" \/>\n<link rel=\"canonical\" href=\"https:\/\/www.celttv.com.ar\/index.php\/2014\/10\/20\/se-realiza-el-segundo-congreso-educativo-pcial-del-pro-en-la-ciudad-de-lanus\/\" \/>\n<meta property=\"og:locale\" content=\"es_ES\" \/>\n<meta property=\"og:type\" content=\"article\" \/>\n<meta property=\"og:title\" content=\"SE REALIZA EL SEGUNDO CONGRESO EDUCATIVO PCIAL. DEL PRO EN LA CIUDAD DE LANUS - CELTTV\" \/>\n<meta property=\"og:description\" content=\"Sitio web de noticias de la localidad de Tornquist, provincia de Buenos Aires, Rep\u00fablica Argentina. Contenido propio originado por periodistas de CELTTV, el canal de TV local de la Cooperativa El\u00e9ctrica de Tornquist. Turismo, Pol\u00edtica, Sociedad, Deporte, Cultura y todo el contenido de inter\u00e9s general que la gente del pueblo y la regi\u00f3n debe conocer.\" \/>\n<meta property=\"og:url\" content=\"https:\/\/www.celttv.com.ar\/index.php\/2014\/10\/20\/se-realiza-el-segundo-congreso-educativo-pcial-del-pro-en-la-ciudad-de-lanus\/\" \/>\n<meta property=\"og:site_name\" content=\"CELTTV\" \/>\n<meta property=\"article:publisher\" content=\"https:\/\/www.facebook.com\/celtTV\/\" \/>\n<meta property=\"article:published_time\" content=\"2014-10-20T21:48:17+00:00\" \/>\n<meta property=\"og:image\" content=\"http:\/\/www.tvcnoticias.com.ar\/wp-content\/uploads\/2014\/10\/segundo-congreso-educativo-pcial-pro-Medium-450x333.jpg\" \/>\n<meta name=\"author\" content=\"ulises\" \/>\n<meta name=\"twitter:card\" content=\"summary_large_image\" \/>\n<meta name=\"twitter:label1\" content=\"Escrito por\" \/>\n\t<meta name=\"twitter:data1\" content=\"ulises\" \/>\n\t<meta name=\"twitter:label2\" content=\"Tiempo de lectura\" \/>\n\t<meta name=\"twitter:data2\" content=\"2 minutos\" \/>\n<script type=\"application\/ld+json\" class=\"yoast-schema-graph\">{\"@context\":\"https:\/\/schema.org\",\"@graph\":[{\"@type\":\"NewsArticle\",\"@id\":\"https:\/\/www.celttv.com.ar\/index.php\/2014\/10\/20\/se-realiza-el-segundo-congreso-educativo-pcial-del-pro-en-la-ciudad-de-lanus\/#article\",\"isPartOf\":{\"@id\":\"https:\/\/www.celttv.com.ar\/index.php\/2014\/10\/20\/se-realiza-el-segundo-congreso-educativo-pcial-del-pro-en-la-ciudad-de-lanus\/\"},\"author\":{\"name\":\"ulises\",\"@id\":\"https:\/\/www.celttv.com.ar\/#\/schema\/person\/6d99c072dba59953809c81446e9d0ace\"},\"headline\":\"SE REALIZA EL SEGUNDO CONGRESO EDUCATIVO PCIAL. DEL PRO EN LA CIUDAD DE LANUS\",\"datePublished\":\"2014-10-20T21:48:17+00:00\",\"dateModified\":\"2014-10-20T21:48:17+00:00\",\"mainEntityOfPage\":{\"@id\":\"https:\/\/www.celttv.com.ar\/index.php\/2014\/10\/20\/se-realiza-el-segundo-congreso-educativo-pcial-del-pro-en-la-ciudad-de-lanus\/\"},\"wordCount\":315,\"publisher\":{\"@id\":\"https:\/\/www.celttv.com.ar\/#organization\"},\"articleSection\":[\"Comunidad\",\"Destacadas\",\"Pol\u00edtica\"],\"inLanguage\":\"es\"},{\"@type\":\"WebPage\",\"@id\":\"https:\/\/www.celttv.com.ar\/index.php\/2014\/10\/20\/se-realiza-el-segundo-congreso-educativo-pcial-del-pro-en-la-ciudad-de-lanus\/\",\"url\":\"https:\/\/www.celttv.com.ar\/index.php\/2014\/10\/20\/se-realiza-el-segundo-congreso-educativo-pcial-del-pro-en-la-ciudad-de-lanus\/\",\"name\":\"SE REALIZA EL SEGUNDO CONGRESO EDUCATIVO PCIAL. DEL PRO EN LA CIUDAD DE LANUS - CELTTV\",\"isPartOf\":{\"@id\":\"https:\/\/www.celttv.com.ar\/#website\"},\"datePublished\":\"2014-10-20T21:48:17+00:00\",\"dateModified\":\"2014-10-20T21:48:17+00:00\",\"description\":\"Sitio web de noticias de la localidad de Tornquist, provincia de Buenos Aires, Rep\u00fablica Argentina. Contenido propio originado por periodistas de CELTTV, el canal de TV local de la Cooperativa El\u00e9ctrica de Tornquist. Turismo, Pol\u00edtica, Sociedad, Deporte, Cultura y todo el contenido de inter\u00e9s general que la gente del pueblo y la regi\u00f3n debe conocer.\",\"breadcrumb\":{\"@id\":\"https:\/\/www.celttv.com.ar\/index.php\/2014\/10\/20\/se-realiza-el-segundo-congreso-educativo-pcial-del-pro-en-la-ciudad-de-lanus\/#breadcrumb\"},\"inLanguage\":\"es\",\"potentialAction\":[{\"@type\":\"ReadAction\",\"target\":[\"https:\/\/www.celttv.com.ar\/index.php\/2014\/10\/20\/se-realiza-el-segundo-congreso-educativo-pcial-del-pro-en-la-ciudad-de-lanus\/\"]}]},{\"@type\":\"BreadcrumbList\",\"@id\":\"https:\/\/www.celttv.com.ar\/index.php\/2014\/10\/20\/se-realiza-el-segundo-congreso-educativo-pcial-del-pro-en-la-ciudad-de-lanus\/#breadcrumb\",\"itemListElement\":[{\"@type\":\"ListItem\",\"position\":1,\"name\":\"Inicio\",\"item\":\"https:\/\/www.celttv.com.ar\/\"},{\"@type\":\"ListItem\",\"position\":2,\"name\":\"SE REALIZA EL SEGUNDO CONGRESO EDUCATIVO PCIAL. DEL PRO EN LA CIUDAD DE LANUS\"}]},{\"@type\":\"WebSite\",\"@id\":\"https:\/\/www.celttv.com.ar\/#website\",\"url\":\"https:\/\/www.celttv.com.ar\/\",\"name\":\"CELTTV\",\"description\":\"Cooperativa El\u00e9ctrica de Tornquist\",\"publisher\":{\"@id\":\"https:\/\/www.celttv.com.ar\/#organization\"},\"potentialAction\":[{\"@type\":\"SearchAction\",\"target\":{\"@type\":\"EntryPoint\",\"urlTemplate\":\"https:\/\/www.celttv.com.ar\/?s={search_term_string}\"},\"query-input\":\"required name=search_term_string\"}],\"inLanguage\":\"es\"},{\"@type\":\"Organization\",\"@id\":\"https:\/\/www.celttv.com.ar\/#organization\",\"name\":\"CELTTV\",\"url\":\"https:\/\/www.celttv.com.ar\/\",\"sameAs\":[\"https:\/\/www.youtube.com\/channel\/UCz_oIt8Hig64Ub-EmcNPIhg\",\"https:\/\/www.facebook.com\/celtTV\/\"],\"logo\":{\"@type\":\"ImageObject\",\"inLanguage\":\"es\",\"@id\":\"https:\/\/www.celttv.com.ar\/#\/schema\/logo\/image\/\",\"url\":\"http:\/\/www.celttv.com.ar\/wp-content\/uploads\/2022\/08\/logo-1.png\",\"contentUrl\":\"http:\/\/www.celttv.com.ar\/wp-content\/uploads\/2022\/08\/logo-1.png\",\"width\":461,\"height\":159,\"caption\":\"CELTTV\"},\"image\":{\"@id\":\"https:\/\/www.celttv.com.ar\/#\/schema\/logo\/image\/\"}},{\"@type\":\"Person\",\"@id\":\"https:\/\/www.celttv.com.ar\/#\/schema\/person\/6d99c072dba59953809c81446e9d0ace\",\"name\":\"ulises\",\"image\":{\"@type\":\"ImageObject\",\"inLanguage\":\"es\",\"@id\":\"https:\/\/www.celttv.com.ar\/#\/schema\/person\/image\/\",\"url\":\"https:\/\/secure.gravatar.com\/avatar\/7f2c48bdc33b30088f941fb6082e555f2874c98e20cb159d7b92b50eadfce793?s=96&d=mm&r=g\",\"contentUrl\":\"https:\/\/secure.gravatar.com\/avatar\/7f2c48bdc33b30088f941fb6082e555f2874c98e20cb159d7b92b50eadfce793?s=96&d=mm&r=g\",\"caption\":\"ulises\"},\"sameAs\":[\"http:\/\/www.celttv.com.ar\"]}]}<\/script>\n<!-- \/ Yoast SEO plugin. -->","yoast_head_json":{"title":"SE REALIZA EL SEGUNDO CONGRESO EDUCATIVO PCIAL. DEL PRO EN LA CIUDAD DE LANUS - CELTTV","description":"Sitio web de noticias de la localidad de Tornquist, provincia de Buenos Aires, Rep\u00fablica Argentina. Contenido propio originado por periodistas de CELTTV, el canal de TV local de la Cooperativa El\u00e9ctrica de Tornquist. Turismo, Pol\u00edtica, Sociedad, Deporte, Cultura y todo el contenido de inter\u00e9s general que la gente del pueblo y la regi\u00f3n debe conocer.","robots":{"index":"index","follow":"follow","max-snippet":"max-snippet:-1","max-image-preview":"max-image-preview:large","max-video-preview":"max-video-preview:-1"},"canonical":"https:\/\/www.celttv.com.ar\/index.php\/2014\/10\/20\/se-realiza-el-segundo-congreso-educativo-pcial-del-pro-en-la-ciudad-de-lanus\/","og_locale":"es_ES","og_type":"article","og_title":"SE REALIZA EL SEGUNDO CONGRESO EDUCATIVO PCIAL. DEL PRO EN LA CIUDAD DE LANUS - CELTTV","og_description":"Sitio web de noticias de la localidad de Tornquist, provincia de Buenos Aires, Rep\u00fablica Argentina. Contenido propio originado por periodistas de CELTTV, el canal de TV local de la Cooperativa El\u00e9ctrica de Tornquist. Turismo, Pol\u00edtica, Sociedad, Deporte, Cultura y todo el contenido de inter\u00e9s general que la gente del pueblo y la regi\u00f3n debe conocer.","og_url":"https:\/\/www.celttv.com.ar\/index.php\/2014\/10\/20\/se-realiza-el-segundo-congreso-educativo-pcial-del-pro-en-la-ciudad-de-lanus\/","og_site_name":"CELTTV","article_publisher":"https:\/\/www.facebook.com\/celtTV\/","article_published_time":"2014-10-20T21:48:17+00:00","og_image":[{"url":"http:\/\/www.tvcnoticias.com.ar\/wp-content\/uploads\/2014\/10\/segundo-congreso-educativo-pcial-pro-Medium-450x333.jpg"}],"author":"ulises","twitter_card":"summary_large_image","twitter_misc":{"Escrito por":"ulises","Tiempo de lectura":"2 minutos"},"schema":{"@context":"https:\/\/schema.org","@graph":[{"@type":"NewsArticle","@id":"https:\/\/www.celttv.com.ar\/index.php\/2014\/10\/20\/se-realiza-el-segundo-congreso-educativo-pcial-del-pro-en-la-ciudad-de-lanus\/#article","isPartOf":{"@id":"https:\/\/www.celttv.com.ar\/index.php\/2014\/10\/20\/se-realiza-el-segundo-congreso-educativo-pcial-del-pro-en-la-ciudad-de-lanus\/"},"author":{"name":"ulises","@id":"https:\/\/www.celttv.com.ar\/#\/schema\/person\/6d99c072dba59953809c81446e9d0ace"},"headline":"SE REALIZA EL SEGUNDO CONGRESO EDUCATIVO PCIAL. DEL PRO EN LA CIUDAD DE LANUS","datePublished":"2014-10-20T21:48:17+00:00","dateModified":"2014-10-20T21:48:17+00:00","mainEntityOfPage":{"@id":"https:\/\/www.celttv.com.ar\/index.php\/2014\/10\/20\/se-realiza-el-segundo-congreso-educativo-pcial-del-pro-en-la-ciudad-de-lanus\/"},"wordCount":315,"publisher":{"@id":"https:\/\/www.celttv.com.ar\/#organization"},"articleSection":["Comunidad","Destacadas","Pol\u00edtica"],"inLanguage":"es"},{"@type":"WebPage","@id":"https:\/\/www.celttv.com.ar\/index.php\/2014\/10\/20\/se-realiza-el-segundo-congreso-educativo-pcial-del-pro-en-la-ciudad-de-lanus\/","url":"https:\/\/www.celttv.com.ar\/index.php\/2014\/10\/20\/se-realiza-el-segundo-congreso-educativo-pcial-del-pro-en-la-ciudad-de-lanus\/","name":"SE REALIZA EL SEGUNDO CONGRESO EDUCATIVO PCIAL. DEL PRO EN LA CIUDAD DE LANUS - CELTTV","isPartOf":{"@id":"https:\/\/www.celttv.com.ar\/#website"},"datePublished":"2014-10-20T21:48:17+00:00","dateModified":"2014-10-20T21:48:17+00:00","description":"Sitio web de noticias de la localidad de Tornquist, provincia de Buenos Aires, Rep\u00fablica Argentina. Contenido propio originado por periodistas de CELTTV, el canal de TV local de la Cooperativa El\u00e9ctrica de Tornquist. Turismo, Pol\u00edtica, Sociedad, Deporte, Cultura y todo el contenido de inter\u00e9s general que la gente del pueblo y la regi\u00f3n debe conocer.","breadcrumb":{"@id":"https:\/\/www.celttv.com.ar\/index.php\/2014\/10\/20\/se-realiza-el-segundo-congreso-educativo-pcial-del-pro-en-la-ciudad-de-lanus\/#breadcrumb"},"inLanguage":"es","potentialAction":[{"@type":"ReadAction","target":["https:\/\/www.celttv.com.ar\/index.php\/2014\/10\/20\/se-realiza-el-segundo-congreso-educativo-pcial-del-pro-en-la-ciudad-de-lanus\/"]}]},{"@type":"BreadcrumbList","@id":"https:\/\/www.celttv.com.ar\/index.php\/2014\/10\/20\/se-realiza-el-segundo-congreso-educativo-pcial-del-pro-en-la-ciudad-de-lanus\/#breadcrumb","itemListElement":[{"@type":"ListItem","position":1,"name":"Inicio","item":"https:\/\/www.celttv.com.ar\/"},{"@type":"ListItem","position":2,"name":"SE REALIZA EL SEGUNDO CONGRESO EDUCATIVO PCIAL. DEL PRO EN LA CIUDAD DE LANUS"}]},{"@type":"WebSite","@id":"https:\/\/www.celttv.com.ar\/#website","url":"https:\/\/www.celttv.com.ar\/","name":"CELTTV","description":"Cooperativa El\u00e9ctrica de Tornquist","publisher":{"@id":"https:\/\/www.celttv.com.ar\/#organization"},"potentialAction":[{"@type":"SearchAction","target":{"@type":"EntryPoint","urlTemplate":"https:\/\/www.celttv.com.ar\/?s={search_term_string}"},"query-input":"required name=search_term_string"}],"inLanguage":"es"},{"@type":"Organization","@id":"https:\/\/www.celttv.com.ar\/#organization","name":"CELTTV","url":"https:\/\/www.celttv.com.ar\/","sameAs":["https:\/\/www.youtube.com\/channel\/UCz_oIt8Hig64Ub-EmcNPIhg","https:\/\/www.facebook.com\/celtTV\/"],"logo":{"@type":"ImageObject","inLanguage":"es","@id":"https:\/\/www.celttv.com.ar\/#\/schema\/logo\/image\/","url":"http:\/\/www.celttv.com.ar\/wp-content\/uploads\/2022\/08\/logo-1.png","contentUrl":"http:\/\/www.celttv.com.ar\/wp-content\/uploads\/2022\/08\/logo-1.png","width":461,"height":159,"caption":"CELTTV"},"image":{"@id":"https:\/\/www.celttv.com.ar\/#\/schema\/logo\/image\/"}},{"@type":"Person","@id":"https:\/\/www.celttv.com.ar\/#\/schema\/person\/6d99c072dba59953809c81446e9d0ace","name":"ulises","image":{"@type":"ImageObject","inLanguage":"es","@id":"https:\/\/www.celttv.com.ar\/#\/schema\/person\/image\/","url":"https:\/\/secure.gravatar.com\/avatar\/7f2c48bdc33b30088f941fb6082e555f2874c98e20cb159d7b92b50eadfce793?s=96&d=mm&r=g","contentUrl":"https:\/\/secure.gravatar.com\/avatar\/7f2c48bdc33b30088f941fb6082e555f2874c98e20cb159d7b92b50eadfce793?s=96&d=mm&r=g","caption":"ulises"},"sameAs":["http:\/\/www.celttv.com.ar"]}]}},"_links":{"self":[{"href":"https:\/\/www.celttv.com.ar\/index.php\/wp-json\/wp\/v2\/posts\/24445","targetHints":{"allow":["GET"]}}],"collection":[{"href":"https:\/\/www.celttv.com.ar\/index.php\/wp-json\/wp\/v2\/posts"}],"about":[{"href":"https:\/\/www.celttv.com.ar\/index.php\/wp-json\/wp\/v2\/types\/post"}],"author":[{"embeddable":true,"href":"https:\/\/www.celttv.com.ar\/index.php\/wp-json\/wp\/v2\/users\/1"}],"replies":[{"embeddable":true,"href":"https:\/\/www.celttv.com.ar\/index.php\/wp-json\/wp\/v2\/comments?post=24445"}],"version-history":[{"count":0,"href":"https:\/\/www.celttv.com.ar\/index.php\/wp-json\/wp\/v2\/posts\/24445\/revisions"}],"wp:attachment":[{"href":"https:\/\/www.celttv.com.ar\/index.php\/wp-json\/wp\/v2\/media?parent=24445"}],"wp:term":[{"taxonomy":"category","embeddable":true,"href":"https:\/\/www.celttv.com.ar\/index.php\/wp-json\/wp\/v2\/categories?post=24445"},{"taxonomy":"post_tag","embeddable":true,"href":"https:\/\/www.celttv.com.ar\/index.php\/wp-json\/wp\/v2\/tags?post=24445"}],"curies":[{"name":"wp","href":"https:\/\/api.w.org\/{rel}","templated":true}]}}