{"id":24474,"date":"2014-10-21T20:16:16","date_gmt":"2014-10-21T20:16:16","guid":{"rendered":"http:\/\/www.tvcnoticias.com.ar\/?p=24474"},"modified":"2014-10-21T20:16:16","modified_gmt":"2014-10-21T20:16:16","slug":"el-municipio-adquirio-una-nueva-enfardadora","status":"publish","type":"post","link":"https:\/\/www.celttv.com.ar\/index.php\/2014\/10\/21\/el-municipio-adquirio-una-nueva-enfardadora\/","title":{"rendered":"EL MUNICIPIO ADQUIRIO UNA NUEVA ENFARDADORA"},"content":{"rendered":"<p><a href=\"https:\/\/www.youtube.com\/watch?v=LeVpE1MLzJM\">httpv:\/\/www.youtube.com\/watch?v=LeVpE1MLzJM<\/a><br \/>\n<a href=\"https:\/\/www.youtube.com\/watch?v=lwqMWMyHAhc\">httpv:\/\/www.youtube.com\/watch?v=lwqMWMyHAhc<\/a><br \/>\n<a href=\"https:\/\/www.youtube.com\/watch?v=LeVpE1MLzJM\"><\/a>Continuando con la pol\u00edtica implementada para los residuos s\u00f3lidos en todo el distrito, la Secretar\u00eda de Producci\u00f3n y Medio Ambiente de la Municipalidad de Tornquist present\u00f3 una nueva compactadora\/enfardadora vertical, con una inversi\u00f3n del orden de los 70.000 pesos, la cuarta que se adquiere desde que se inici\u00f3 el programa de separaci\u00f3n en origen.<br \/>\nLa m\u00e1quina se suma a la adquisici\u00f3n de otros elementos realizada en los \u00faltimos meses, con el objetivo de dotar las futuras plantas de tratamiento que se prev\u00e9n construir.<br \/>\n\u201cNuestro intendente municipal, licenciado Gustavo Trankels, viene trabajando desde el primer momento en el cuidado del medio ambiente. En esta oportunidad estamos sumando la cuarta compactadora, que permitir\u00e1 realizar fardos de pl\u00e1stico, papel y cart\u00f3n para luego poder comercializarlos. Esto es una cadena, porque lo que se recauda de esa comercializaci\u00f3n, se invierte en nuevas compras\u201d, coment\u00f3 la jefa comunal interina, profesora Mar\u00eda Skolak.<br \/>\n\u201cEn el \u00faltimo tiempo, con fondos nacionales (provenientes de la Secretar\u00eda de Ambiente y Desarrollo Sustentable) tambi\u00e9n se adquiri\u00f3 una cinta transportadora y una enfardadora de rechazo, cuya inversi\u00f3n total estuvo en el orden de los 870 mil pesos. Este es un crecimiento muy importante y significa pensar en el medio ambiente y en el futuro. La pol\u00edtica que esta gesti\u00f3n viene llevando adelante desde hace unos cinco a\u00f1os ser\u00eda imposible sin la colaboraci\u00f3n de la comunidad y el aporte del Taller Protegido de Tornquist\u201d, a\u00f1adi\u00f3.<br \/>\nPor otra parte, el secretario de Producci\u00f3n y Medio Ambiente, Ricardo Valentini, destac\u00f3 los avances que se alcanzaron en nuestro distrito en los \u00faltimos a\u00f1os, a partir de la implementaci\u00f3n del programa de reciclado.<br \/>\n\u201cContinuamos invirtiendo en maquinaria para cuando tengamos la posibilidad de contar con la planta de residuos s\u00f3lidos. Tambi\u00e9n estamos analizando el destino de esta enfardadora, debido a que tenemos intenciones de enviar una a la localidad de Chasic\u00f3, para fortalecer el trabajo que se desarrolla en el oeste del distrito\u201d, se\u00f1al\u00f3.<br \/>\nAdem\u00e1s, Valentini destac\u00f3 la aceptaci\u00f3n que los vecinos al Programa Puntos Limpios, que ya cuenta con 60 dep\u00f3sitos de productos reciclables en todo el partido, cuya caracter\u00edstica m\u00e1s importante es que los mismos son de dise\u00f1o propio, lo que ha permitido su funcionalidad y armon\u00eda con el distrito.<br \/>\nEn este sentido, tambi\u00e9n destac\u00f3 el trabajo constantedel Taller Protegido de Tornquist y de la Planta de Reciclables de Saldungaray.<br \/>\n\u201cTodas estas acciones permitieron contener el crecimiento de los basurales a cielo abierto. A modo de ejemplo podemos mencionar que se recuperaron m\u00e1s de 240 toneladas de vidrio, equivalentes a 8 camiones, que fueron enviados a la provincia de Mendoza para su reciclaje, y que de otra manera hubiesen ido a parar a los mismos\u201d, resalt\u00f3.<br \/>\n&nbsp;<\/p>\n","protected":false},"excerpt":{"rendered":"<p>httpv:\/\/www.youtube.com\/watch?v=LeVpE1MLzJM httpv:\/\/www.youtube.com\/watch?v=lwqMWMyHAhc Continuando con la pol\u00edtica implementada para los residuos s\u00f3lidos en todo el distrito, la Secretar\u00eda de Producci\u00f3n y Medio Ambiente de la Municipalidad de Tornquist present\u00f3 una nueva compactadora\/enfardadora vertical, con una inversi\u00f3n del orden de los 70.000 pesos, la cuarta que se adquiere desde que se inici\u00f3 el programa de separaci\u00f3n en [&hellip;]<\/p>\n","protected":false},"author":1,"featured_media":0,"comment_status":"closed","ping_status":"open","sticky":false,"template":"","format":"standard","meta":{"footnotes":""},"categories":[51,52,53,64],"tags":[],"class_list":["post-24474","post","type-post","status-publish","format-standard","hentry","category-comunidad","category-destacadas","category-politica","category-videos-destacados"],"yoast_head":"<!-- This site is optimized with the Yoast SEO plugin v19.7.1 - https:\/\/yoast.com\/wordpress\/plugins\/seo\/ -->\n<title>EL MUNICIPIO ADQUIRIO UNA NUEVA ENFARDADORA - CELTTV<\/title>\n<meta name=\"description\" content=\"Sitio web de noticias de la localidad de Tornquist, provincia de Buenos Aires, Rep\u00fablica Argentina. Contenido propio originado por periodistas de CELTTV, el canal de TV local de la Cooperativa El\u00e9ctrica de Tornquist. Turismo, Pol\u00edtica, Sociedad, Deporte, Cultura y todo el contenido de inter\u00e9s general que la gente del pueblo y la regi\u00f3n debe conocer.\" \/>\n<meta name=\"robots\" content=\"index, follow, max-snippet:-1, max-image-preview:large, max-video-preview:-1\" \/>\n<link rel=\"canonical\" href=\"https:\/\/www.celttv.com.ar\/index.php\/2014\/10\/21\/el-municipio-adquirio-una-nueva-enfardadora\/\" \/>\n<meta property=\"og:locale\" content=\"es_ES\" \/>\n<meta property=\"og:type\" content=\"article\" \/>\n<meta property=\"og:title\" content=\"EL MUNICIPIO ADQUIRIO UNA NUEVA ENFARDADORA - CELTTV\" \/>\n<meta property=\"og:description\" content=\"Sitio web de noticias de la localidad de Tornquist, provincia de Buenos Aires, Rep\u00fablica Argentina. Contenido propio originado por periodistas de CELTTV, el canal de TV local de la Cooperativa El\u00e9ctrica de Tornquist. Turismo, Pol\u00edtica, Sociedad, Deporte, Cultura y todo el contenido de inter\u00e9s general que la gente del pueblo y la regi\u00f3n debe conocer.\" \/>\n<meta property=\"og:url\" content=\"https:\/\/www.celttv.com.ar\/index.php\/2014\/10\/21\/el-municipio-adquirio-una-nueva-enfardadora\/\" \/>\n<meta property=\"og:site_name\" content=\"CELTTV\" \/>\n<meta property=\"article:publisher\" content=\"https:\/\/www.facebook.com\/celtTV\/\" \/>\n<meta property=\"article:published_time\" content=\"2014-10-21T20:16:16+00:00\" \/>\n<meta name=\"author\" content=\"ulises\" \/>\n<meta name=\"twitter:card\" content=\"summary_large_image\" \/>\n<meta name=\"twitter:label1\" content=\"Escrito por\" \/>\n\t<meta name=\"twitter:data1\" content=\"ulises\" \/>\n\t<meta name=\"twitter:label2\" content=\"Tiempo de lectura\" \/>\n\t<meta name=\"twitter:data2\" content=\"2 minutos\" \/>\n<script type=\"application\/ld+json\" class=\"yoast-schema-graph\">{\"@context\":\"https:\/\/schema.org\",\"@graph\":[{\"@type\":\"NewsArticle\",\"@id\":\"https:\/\/www.celttv.com.ar\/index.php\/2014\/10\/21\/el-municipio-adquirio-una-nueva-enfardadora\/#article\",\"isPartOf\":{\"@id\":\"https:\/\/www.celttv.com.ar\/index.php\/2014\/10\/21\/el-municipio-adquirio-una-nueva-enfardadora\/\"},\"author\":{\"name\":\"ulises\",\"@id\":\"https:\/\/www.celttv.com.ar\/#\/schema\/person\/6d99c072dba59953809c81446e9d0ace\"},\"headline\":\"EL MUNICIPIO ADQUIRIO UNA NUEVA ENFARDADORA\",\"datePublished\":\"2014-10-21T20:16:16+00:00\",\"dateModified\":\"2014-10-21T20:16:16+00:00\",\"mainEntityOfPage\":{\"@id\":\"https:\/\/www.celttv.com.ar\/index.php\/2014\/10\/21\/el-municipio-adquirio-una-nueva-enfardadora\/\"},\"wordCount\":497,\"publisher\":{\"@id\":\"https:\/\/www.celttv.com.ar\/#organization\"},\"articleSection\":[\"Comunidad\",\"Destacadas\",\"Pol\u00edtica\",\"Videos Destacados\"],\"inLanguage\":\"es\"},{\"@type\":\"WebPage\",\"@id\":\"https:\/\/www.celttv.com.ar\/index.php\/2014\/10\/21\/el-municipio-adquirio-una-nueva-enfardadora\/\",\"url\":\"https:\/\/www.celttv.com.ar\/index.php\/2014\/10\/21\/el-municipio-adquirio-una-nueva-enfardadora\/\",\"name\":\"EL MUNICIPIO ADQUIRIO UNA NUEVA ENFARDADORA - CELTTV\",\"isPartOf\":{\"@id\":\"https:\/\/www.celttv.com.ar\/#website\"},\"datePublished\":\"2014-10-21T20:16:16+00:00\",\"dateModified\":\"2014-10-21T20:16:16+00:00\",\"description\":\"Sitio web de noticias de la localidad de Tornquist, provincia de Buenos Aires, Rep\u00fablica Argentina. Contenido propio originado por periodistas de CELTTV, el canal de TV local de la Cooperativa El\u00e9ctrica de Tornquist. Turismo, Pol\u00edtica, Sociedad, Deporte, Cultura y todo el contenido de inter\u00e9s general que la gente del pueblo y la regi\u00f3n debe conocer.\",\"breadcrumb\":{\"@id\":\"https:\/\/www.celttv.com.ar\/index.php\/2014\/10\/21\/el-municipio-adquirio-una-nueva-enfardadora\/#breadcrumb\"},\"inLanguage\":\"es\",\"potentialAction\":[{\"@type\":\"ReadAction\",\"target\":[\"https:\/\/www.celttv.com.ar\/index.php\/2014\/10\/21\/el-municipio-adquirio-una-nueva-enfardadora\/\"]}]},{\"@type\":\"BreadcrumbList\",\"@id\":\"https:\/\/www.celttv.com.ar\/index.php\/2014\/10\/21\/el-municipio-adquirio-una-nueva-enfardadora\/#breadcrumb\",\"itemListElement\":[{\"@type\":\"ListItem\",\"position\":1,\"name\":\"Inicio\",\"item\":\"https:\/\/www.celttv.com.ar\/\"},{\"@type\":\"ListItem\",\"position\":2,\"name\":\"EL MUNICIPIO ADQUIRIO UNA NUEVA ENFARDADORA\"}]},{\"@type\":\"WebSite\",\"@id\":\"https:\/\/www.celttv.com.ar\/#website\",\"url\":\"https:\/\/www.celttv.com.ar\/\",\"name\":\"CELTTV\",\"description\":\"Cooperativa El\u00e9ctrica de Tornquist\",\"publisher\":{\"@id\":\"https:\/\/www.celttv.com.ar\/#organization\"},\"potentialAction\":[{\"@type\":\"SearchAction\",\"target\":{\"@type\":\"EntryPoint\",\"urlTemplate\":\"https:\/\/www.celttv.com.ar\/?s={search_term_string}\"},\"query-input\":\"required name=search_term_string\"}],\"inLanguage\":\"es\"},{\"@type\":\"Organization\",\"@id\":\"https:\/\/www.celttv.com.ar\/#organization\",\"name\":\"CELTTV\",\"url\":\"https:\/\/www.celttv.com.ar\/\",\"sameAs\":[\"https:\/\/www.youtube.com\/channel\/UCz_oIt8Hig64Ub-EmcNPIhg\",\"https:\/\/www.facebook.com\/celtTV\/\"],\"logo\":{\"@type\":\"ImageObject\",\"inLanguage\":\"es\",\"@id\":\"https:\/\/www.celttv.com.ar\/#\/schema\/logo\/image\/\",\"url\":\"http:\/\/www.celttv.com.ar\/wp-content\/uploads\/2022\/08\/logo-1.png\",\"contentUrl\":\"http:\/\/www.celttv.com.ar\/wp-content\/uploads\/2022\/08\/logo-1.png\",\"width\":461,\"height\":159,\"caption\":\"CELTTV\"},\"image\":{\"@id\":\"https:\/\/www.celttv.com.ar\/#\/schema\/logo\/image\/\"}},{\"@type\":\"Person\",\"@id\":\"https:\/\/www.celttv.com.ar\/#\/schema\/person\/6d99c072dba59953809c81446e9d0ace\",\"name\":\"ulises\",\"image\":{\"@type\":\"ImageObject\",\"inLanguage\":\"es\",\"@id\":\"https:\/\/www.celttv.com.ar\/#\/schema\/person\/image\/\",\"url\":\"https:\/\/secure.gravatar.com\/avatar\/7f2c48bdc33b30088f941fb6082e555f2874c98e20cb159d7b92b50eadfce793?s=96&d=mm&r=g\",\"contentUrl\":\"https:\/\/secure.gravatar.com\/avatar\/7f2c48bdc33b30088f941fb6082e555f2874c98e20cb159d7b92b50eadfce793?s=96&d=mm&r=g\",\"caption\":\"ulises\"},\"sameAs\":[\"http:\/\/www.celttv.com.ar\"]}]}<\/script>\n<!-- \/ Yoast SEO plugin. -->","yoast_head_json":{"title":"EL MUNICIPIO ADQUIRIO UNA NUEVA ENFARDADORA - CELTTV","description":"Sitio web de noticias de la localidad de Tornquist, provincia de Buenos Aires, Rep\u00fablica Argentina. Contenido propio originado por periodistas de CELTTV, el canal de TV local de la Cooperativa El\u00e9ctrica de Tornquist. Turismo, Pol\u00edtica, Sociedad, Deporte, Cultura y todo el contenido de inter\u00e9s general que la gente del pueblo y la regi\u00f3n debe conocer.","robots":{"index":"index","follow":"follow","max-snippet":"max-snippet:-1","max-image-preview":"max-image-preview:large","max-video-preview":"max-video-preview:-1"},"canonical":"https:\/\/www.celttv.com.ar\/index.php\/2014\/10\/21\/el-municipio-adquirio-una-nueva-enfardadora\/","og_locale":"es_ES","og_type":"article","og_title":"EL MUNICIPIO ADQUIRIO UNA NUEVA ENFARDADORA - CELTTV","og_description":"Sitio web de noticias de la localidad de Tornquist, provincia de Buenos Aires, Rep\u00fablica Argentina. Contenido propio originado por periodistas de CELTTV, el canal de TV local de la Cooperativa El\u00e9ctrica de Tornquist. Turismo, Pol\u00edtica, Sociedad, Deporte, Cultura y todo el contenido de inter\u00e9s general que la gente del pueblo y la regi\u00f3n debe conocer.","og_url":"https:\/\/www.celttv.com.ar\/index.php\/2014\/10\/21\/el-municipio-adquirio-una-nueva-enfardadora\/","og_site_name":"CELTTV","article_publisher":"https:\/\/www.facebook.com\/celtTV\/","article_published_time":"2014-10-21T20:16:16+00:00","author":"ulises","twitter_card":"summary_large_image","twitter_misc":{"Escrito por":"ulises","Tiempo de lectura":"2 minutos"},"schema":{"@context":"https:\/\/schema.org","@graph":[{"@type":"NewsArticle","@id":"https:\/\/www.celttv.com.ar\/index.php\/2014\/10\/21\/el-municipio-adquirio-una-nueva-enfardadora\/#article","isPartOf":{"@id":"https:\/\/www.celttv.com.ar\/index.php\/2014\/10\/21\/el-municipio-adquirio-una-nueva-enfardadora\/"},"author":{"name":"ulises","@id":"https:\/\/www.celttv.com.ar\/#\/schema\/person\/6d99c072dba59953809c81446e9d0ace"},"headline":"EL MUNICIPIO ADQUIRIO UNA NUEVA ENFARDADORA","datePublished":"2014-10-21T20:16:16+00:00","dateModified":"2014-10-21T20:16:16+00:00","mainEntityOfPage":{"@id":"https:\/\/www.celttv.com.ar\/index.php\/2014\/10\/21\/el-municipio-adquirio-una-nueva-enfardadora\/"},"wordCount":497,"publisher":{"@id":"https:\/\/www.celttv.com.ar\/#organization"},"articleSection":["Comunidad","Destacadas","Pol\u00edtica","Videos Destacados"],"inLanguage":"es"},{"@type":"WebPage","@id":"https:\/\/www.celttv.com.ar\/index.php\/2014\/10\/21\/el-municipio-adquirio-una-nueva-enfardadora\/","url":"https:\/\/www.celttv.com.ar\/index.php\/2014\/10\/21\/el-municipio-adquirio-una-nueva-enfardadora\/","name":"EL MUNICIPIO ADQUIRIO UNA NUEVA ENFARDADORA - CELTTV","isPartOf":{"@id":"https:\/\/www.celttv.com.ar\/#website"},"datePublished":"2014-10-21T20:16:16+00:00","dateModified":"2014-10-21T20:16:16+00:00","description":"Sitio web de noticias de la localidad de Tornquist, provincia de Buenos Aires, Rep\u00fablica Argentina. Contenido propio originado por periodistas de CELTTV, el canal de TV local de la Cooperativa El\u00e9ctrica de Tornquist. Turismo, Pol\u00edtica, Sociedad, Deporte, Cultura y todo el contenido de inter\u00e9s general que la gente del pueblo y la regi\u00f3n debe conocer.","breadcrumb":{"@id":"https:\/\/www.celttv.com.ar\/index.php\/2014\/10\/21\/el-municipio-adquirio-una-nueva-enfardadora\/#breadcrumb"},"inLanguage":"es","potentialAction":[{"@type":"ReadAction","target":["https:\/\/www.celttv.com.ar\/index.php\/2014\/10\/21\/el-municipio-adquirio-una-nueva-enfardadora\/"]}]},{"@type":"BreadcrumbList","@id":"https:\/\/www.celttv.com.ar\/index.php\/2014\/10\/21\/el-municipio-adquirio-una-nueva-enfardadora\/#breadcrumb","itemListElement":[{"@type":"ListItem","position":1,"name":"Inicio","item":"https:\/\/www.celttv.com.ar\/"},{"@type":"ListItem","position":2,"name":"EL MUNICIPIO ADQUIRIO UNA NUEVA ENFARDADORA"}]},{"@type":"WebSite","@id":"https:\/\/www.celttv.com.ar\/#website","url":"https:\/\/www.celttv.com.ar\/","name":"CELTTV","description":"Cooperativa El\u00e9ctrica de Tornquist","publisher":{"@id":"https:\/\/www.celttv.com.ar\/#organization"},"potentialAction":[{"@type":"SearchAction","target":{"@type":"EntryPoint","urlTemplate":"https:\/\/www.celttv.com.ar\/?s={search_term_string}"},"query-input":"required name=search_term_string"}],"inLanguage":"es"},{"@type":"Organization","@id":"https:\/\/www.celttv.com.ar\/#organization","name":"CELTTV","url":"https:\/\/www.celttv.com.ar\/","sameAs":["https:\/\/www.youtube.com\/channel\/UCz_oIt8Hig64Ub-EmcNPIhg","https:\/\/www.facebook.com\/celtTV\/"],"logo":{"@type":"ImageObject","inLanguage":"es","@id":"https:\/\/www.celttv.com.ar\/#\/schema\/logo\/image\/","url":"http:\/\/www.celttv.com.ar\/wp-content\/uploads\/2022\/08\/logo-1.png","contentUrl":"http:\/\/www.celttv.com.ar\/wp-content\/uploads\/2022\/08\/logo-1.png","width":461,"height":159,"caption":"CELTTV"},"image":{"@id":"https:\/\/www.celttv.com.ar\/#\/schema\/logo\/image\/"}},{"@type":"Person","@id":"https:\/\/www.celttv.com.ar\/#\/schema\/person\/6d99c072dba59953809c81446e9d0ace","name":"ulises","image":{"@type":"ImageObject","inLanguage":"es","@id":"https:\/\/www.celttv.com.ar\/#\/schema\/person\/image\/","url":"https:\/\/secure.gravatar.com\/avatar\/7f2c48bdc33b30088f941fb6082e555f2874c98e20cb159d7b92b50eadfce793?s=96&d=mm&r=g","contentUrl":"https:\/\/secure.gravatar.com\/avatar\/7f2c48bdc33b30088f941fb6082e555f2874c98e20cb159d7b92b50eadfce793?s=96&d=mm&r=g","caption":"ulises"},"sameAs":["http:\/\/www.celttv.com.ar"]}]}},"_links":{"self":[{"href":"https:\/\/www.celttv.com.ar\/index.php\/wp-json\/wp\/v2\/posts\/24474","targetHints":{"allow":["GET"]}}],"collection":[{"href":"https:\/\/www.celttv.com.ar\/index.php\/wp-json\/wp\/v2\/posts"}],"about":[{"href":"https:\/\/www.celttv.com.ar\/index.php\/wp-json\/wp\/v2\/types\/post"}],"author":[{"embeddable":true,"href":"https:\/\/www.celttv.com.ar\/index.php\/wp-json\/wp\/v2\/users\/1"}],"replies":[{"embeddable":true,"href":"https:\/\/www.celttv.com.ar\/index.php\/wp-json\/wp\/v2\/comments?post=24474"}],"version-history":[{"count":0,"href":"https:\/\/www.celttv.com.ar\/index.php\/wp-json\/wp\/v2\/posts\/24474\/revisions"}],"wp:attachment":[{"href":"https:\/\/www.celttv.com.ar\/index.php\/wp-json\/wp\/v2\/media?parent=24474"}],"wp:term":[{"taxonomy":"category","embeddable":true,"href":"https:\/\/www.celttv.com.ar\/index.php\/wp-json\/wp\/v2\/categories?post=24474"},{"taxonomy":"post_tag","embeddable":true,"href":"https:\/\/www.celttv.com.ar\/index.php\/wp-json\/wp\/v2\/tags?post=24474"}],"curies":[{"name":"wp","href":"https:\/\/api.w.org\/{rel}","templated":true}]}}