{"id":24483,"date":"2014-10-21T21:00:53","date_gmt":"2014-10-21T21:00:53","guid":{"rendered":"http:\/\/www.tvcnoticias.com.ar\/?p=24483"},"modified":"2014-10-21T21:00:53","modified_gmt":"2014-10-21T21:00:53","slug":"todos-los-videos-del-17-de-octubre-en-el-local-partidario-del-pj","status":"publish","type":"post","link":"https:\/\/www.celttv.com.ar\/index.php\/2014\/10\/21\/todos-los-videos-del-17-de-octubre-en-el-local-partidario-del-pj\/","title":{"rendered":"TODOS LOS VIDEOS DEL &#8220;17 DE OCTUBRE&#8221; EN EL LOCAL PARTIDARIO DEL PJ."},"content":{"rendered":"<p><a href=\"https:\/\/www.youtube.com\/watch?v=Bw5UC1tAAf4\">httpv:\/\/www.youtube.com\/watch?v=Bw5UC1tAAf4<\/a><br \/>\n<a href=\"https:\/\/www.youtube.com\/my_videos?o=U\">httpv:\/\/www.youtube.com\/my_videos?o=U<\/a><br \/>\n<a href=\"https:\/\/www.youtube.com\/watch?v=SEVY3ycEuNY\">httpv:\/\/www.youtube.com\/watch?v=SEVY3ycEuNY<\/a><br \/>\n<a href=\"https:\/\/www.youtube.com\/watch?v=7qtFIQL95OA\">httpv:\/\/www.youtube.com\/watch?v=7qtFIQL95OA<\/a><br \/>\n<a href=\"https:\/\/www.youtube.com\/watch?v=qoZknjUTOyA\">httpv:\/\/www.youtube.com\/watch?v=qoZknjUTOyA<\/a><br \/>\n<a href=\"https:\/\/www.youtube.com\/watch?v=joHouBfUMog\">httpv:\/\/www.youtube.com\/watch?v=joHouBfUMog<\/a><br \/>\n<a href=\"https:\/\/www.youtube.com\/watch?v=Ok1h6MMhGHY\">httpv:\/\/www.youtube.com\/watch?v=Ok1h6MMhGHY<\/a><br \/>\n<a href=\"https:\/\/www.youtube.com\/watch?v=yNa0es1mD5w\">httpv:\/\/www.youtube.com\/watch?v=yNa0es1mD5w<\/a><br \/>\n<a href=\"https:\/\/www.youtube.com\/watch?v=k5qbAOi2aEE\">httpv:\/\/www.youtube.com\/watch?v=k5qbAOi2aEE<\/a><br \/>\n<a href=\"https:\/\/www.youtube.com\/watch?v=asSs726u3fg\">httpv:\/\/www.youtube.com\/watch?v=asSs726u3fg<\/a><br \/>\n<a href=\"https:\/\/www.youtube.com\/watch?v=dFfjvtvJim8\">httpv:\/\/www.youtube.com\/watch?v=dFfjvtvJim8<\/a><br \/>\n&nbsp;<br \/>\n<span style=\"font-family: Verdana, Arial, Helvetica, sans-serif; font-size: x-small;\">Como cada 17 de Octubre, este no fue la excepci\u00f3n para celebrar el D\u00eda de la Lealtad Justicialista en la Unidad B\u00e1sica donde se convocaron los militantes y afliados al partido para compartir el tradicional choripan peronista.<\/span><br \/>\n<span style=\"font-family: Verdana, Arial, Helvetica, sans-serif; font-size: x-small;\">Quiz\u00e1s fue diferente por la ausencia del Intendente Municipal por su estado de salud que le impide participar de estos encuentros tradicionales para el partido.<\/span><br \/>\n<span style=\"font-family: Verdana, Arial, Helvetica, sans-serif; font-size: x-small;\">El sal\u00f3n que luci\u00f3 colmado tuvo la alocuci\u00f3n de Lali Rosatelli que pidi\u00f3 un respaldo especial para\u00a0\u00a0Gustavo Trankels y rescat\u00f3 la importancia de la Unidad para el peronismo del distrito.<\/span><br \/>\n<span style=\"font-family: Verdana, Arial, Helvetica, sans-serif; font-size: x-small;\">Diego Gandini fue el hombre elegido para leer una carta escrita de pu\u00f1o y letra por el Intendente qui\u00e9n agradeci\u00f3 las muestras de apoyo recibido y destac\u00f3 al peronismo por encima de todos los partidos pol\u00edticos.<\/span><br \/>\n<span style=\"font-family: Verdana, Arial, Helvetica, sans-serif; font-size: x-small;\">Por otro lado Nadia Muscillo fue la encargada como militante de la Juventud Peronista de brindar tambi\u00e9n unas sentidas palabras en esta fecha recordando los 69 a\u00f1os de la lealtad Justicialista.<\/span><br \/>\n<span style=\"font-family: Verdana, Arial, Helvetica, sans-serif; font-size: x-small;\">Juan Carlos Gisler el Presidente del partido tambi\u00e9n se dirigi\u00f3 a los presentes para sintetizar el sentimiento del peronismo en este d\u00eda y destac\u00f3 el gesto de Roberto Delfino, militante del PJ y dijo entre l\u00e1grimas que a pesar de que se encuentra\u00a0\u00a0internado en el Hospital Municipal se hab\u00eda comunicado en este importante d\u00eda.<\/span><br \/>\n<span style=\"font-family: Verdana, Arial, Helvetica, sans-serif; font-size: x-small;\">Por otra parte tambi\u00e9n hubo palabras del joven Sebasti\u00e1n Ferrari\u00a0\u00a0que se refiri\u00f3 a la fecha y al significado del 17 de Octubre.<\/span><br \/>\n<span style=\"font-family: Verdana, Arial, Helvetica, sans-serif; font-size: x-small;\">La marcha peronista fue coreada con fervor por todos los presentes y luego se comparti\u00f3 el tradicional choripan del 17.2<\/span><br \/>\n&nbsp;<\/p>\n","protected":false},"excerpt":{"rendered":"<p>httpv:\/\/www.youtube.com\/watch?v=Bw5UC1tAAf4 httpv:\/\/www.youtube.com\/my_videos?o=U httpv:\/\/www.youtube.com\/watch?v=SEVY3ycEuNY httpv:\/\/www.youtube.com\/watch?v=7qtFIQL95OA httpv:\/\/www.youtube.com\/watch?v=qoZknjUTOyA httpv:\/\/www.youtube.com\/watch?v=joHouBfUMog httpv:\/\/www.youtube.com\/watch?v=Ok1h6MMhGHY httpv:\/\/www.youtube.com\/watch?v=yNa0es1mD5w httpv:\/\/www.youtube.com\/watch?v=k5qbAOi2aEE httpv:\/\/www.youtube.com\/watch?v=asSs726u3fg httpv:\/\/www.youtube.com\/watch?v=dFfjvtvJim8 &nbsp; Como cada 17 de Octubre, este no fue la excepci\u00f3n para celebrar el D\u00eda de la Lealtad Justicialista en la Unidad B\u00e1sica donde se convocaron los militantes y afliados al partido para compartir el tradicional choripan peronista. Quiz\u00e1s fue diferente por la ausencia [&hellip;]<\/p>\n","protected":false},"author":1,"featured_media":0,"comment_status":"closed","ping_status":"open","sticky":false,"template":"","format":"standard","meta":{"footnotes":""},"categories":[51,52,53,64],"tags":[],"class_list":["post-24483","post","type-post","status-publish","format-standard","hentry","category-comunidad","category-destacadas","category-politica","category-videos-destacados"],"yoast_head":"<!-- This site is optimized with the Yoast SEO plugin v19.7.1 - https:\/\/yoast.com\/wordpress\/plugins\/seo\/ -->\n<title>TODOS LOS VIDEOS DEL &quot;17 DE OCTUBRE&quot; EN EL LOCAL PARTIDARIO DEL PJ. - CELTTV<\/title>\n<meta name=\"description\" content=\"Sitio web de noticias de la localidad de Tornquist, provincia de Buenos Aires, Rep\u00fablica Argentina. Contenido propio originado por periodistas de CELTTV, el canal de TV local de la Cooperativa El\u00e9ctrica de Tornquist. Turismo, Pol\u00edtica, Sociedad, Deporte, Cultura y todo el contenido de inter\u00e9s general que la gente del pueblo y la regi\u00f3n debe conocer.\" \/>\n<meta name=\"robots\" content=\"index, follow, max-snippet:-1, max-image-preview:large, max-video-preview:-1\" \/>\n<link rel=\"canonical\" href=\"https:\/\/www.celttv.com.ar\/index.php\/2014\/10\/21\/todos-los-videos-del-17-de-octubre-en-el-local-partidario-del-pj\/\" \/>\n<meta property=\"og:locale\" content=\"es_ES\" \/>\n<meta property=\"og:type\" content=\"article\" \/>\n<meta property=\"og:title\" content=\"TODOS LOS VIDEOS DEL &quot;17 DE OCTUBRE&quot; EN EL LOCAL PARTIDARIO DEL PJ. - CELTTV\" \/>\n<meta property=\"og:description\" content=\"Sitio web de noticias de la localidad de Tornquist, provincia de Buenos Aires, Rep\u00fablica Argentina. Contenido propio originado por periodistas de CELTTV, el canal de TV local de la Cooperativa El\u00e9ctrica de Tornquist. Turismo, Pol\u00edtica, Sociedad, Deporte, Cultura y todo el contenido de inter\u00e9s general que la gente del pueblo y la regi\u00f3n debe conocer.\" \/>\n<meta property=\"og:url\" content=\"https:\/\/www.celttv.com.ar\/index.php\/2014\/10\/21\/todos-los-videos-del-17-de-octubre-en-el-local-partidario-del-pj\/\" \/>\n<meta property=\"og:site_name\" content=\"CELTTV\" \/>\n<meta property=\"article:publisher\" content=\"https:\/\/www.facebook.com\/celtTV\/\" \/>\n<meta property=\"article:published_time\" content=\"2014-10-21T21:00:53+00:00\" \/>\n<meta name=\"author\" content=\"ulises\" \/>\n<meta name=\"twitter:card\" content=\"summary_large_image\" \/>\n<meta name=\"twitter:label1\" content=\"Escrito por\" \/>\n\t<meta name=\"twitter:data1\" content=\"ulises\" \/>\n\t<meta name=\"twitter:label2\" content=\"Tiempo de lectura\" \/>\n\t<meta name=\"twitter:data2\" content=\"2 minutos\" \/>\n<script type=\"application\/ld+json\" class=\"yoast-schema-graph\">{\"@context\":\"https:\/\/schema.org\",\"@graph\":[{\"@type\":\"NewsArticle\",\"@id\":\"https:\/\/www.celttv.com.ar\/index.php\/2014\/10\/21\/todos-los-videos-del-17-de-octubre-en-el-local-partidario-del-pj\/#article\",\"isPartOf\":{\"@id\":\"https:\/\/www.celttv.com.ar\/index.php\/2014\/10\/21\/todos-los-videos-del-17-de-octubre-en-el-local-partidario-del-pj\/\"},\"author\":{\"name\":\"ulises\",\"@id\":\"https:\/\/www.celttv.com.ar\/#\/schema\/person\/6d99c072dba59953809c81446e9d0ace\"},\"headline\":\"TODOS LOS VIDEOS DEL &#8220;17 DE OCTUBRE&#8221; EN EL LOCAL PARTIDARIO DEL PJ.\",\"datePublished\":\"2014-10-21T21:00:53+00:00\",\"dateModified\":\"2014-10-21T21:00:53+00:00\",\"mainEntityOfPage\":{\"@id\":\"https:\/\/www.celttv.com.ar\/index.php\/2014\/10\/21\/todos-los-videos-del-17-de-octubre-en-el-local-partidario-del-pj\/\"},\"wordCount\":377,\"publisher\":{\"@id\":\"https:\/\/www.celttv.com.ar\/#organization\"},\"articleSection\":[\"Comunidad\",\"Destacadas\",\"Pol\u00edtica\",\"Videos Destacados\"],\"inLanguage\":\"es\"},{\"@type\":\"WebPage\",\"@id\":\"https:\/\/www.celttv.com.ar\/index.php\/2014\/10\/21\/todos-los-videos-del-17-de-octubre-en-el-local-partidario-del-pj\/\",\"url\":\"https:\/\/www.celttv.com.ar\/index.php\/2014\/10\/21\/todos-los-videos-del-17-de-octubre-en-el-local-partidario-del-pj\/\",\"name\":\"TODOS LOS VIDEOS DEL \\\"17 DE OCTUBRE\\\" EN EL LOCAL PARTIDARIO DEL PJ. - CELTTV\",\"isPartOf\":{\"@id\":\"https:\/\/www.celttv.com.ar\/#website\"},\"datePublished\":\"2014-10-21T21:00:53+00:00\",\"dateModified\":\"2014-10-21T21:00:53+00:00\",\"description\":\"Sitio web de noticias de la localidad de Tornquist, provincia de Buenos Aires, Rep\u00fablica Argentina. Contenido propio originado por periodistas de CELTTV, el canal de TV local de la Cooperativa El\u00e9ctrica de Tornquist. Turismo, Pol\u00edtica, Sociedad, Deporte, Cultura y todo el contenido de inter\u00e9s general que la gente del pueblo y la regi\u00f3n debe conocer.\",\"breadcrumb\":{\"@id\":\"https:\/\/www.celttv.com.ar\/index.php\/2014\/10\/21\/todos-los-videos-del-17-de-octubre-en-el-local-partidario-del-pj\/#breadcrumb\"},\"inLanguage\":\"es\",\"potentialAction\":[{\"@type\":\"ReadAction\",\"target\":[\"https:\/\/www.celttv.com.ar\/index.php\/2014\/10\/21\/todos-los-videos-del-17-de-octubre-en-el-local-partidario-del-pj\/\"]}]},{\"@type\":\"BreadcrumbList\",\"@id\":\"https:\/\/www.celttv.com.ar\/index.php\/2014\/10\/21\/todos-los-videos-del-17-de-octubre-en-el-local-partidario-del-pj\/#breadcrumb\",\"itemListElement\":[{\"@type\":\"ListItem\",\"position\":1,\"name\":\"Inicio\",\"item\":\"https:\/\/www.celttv.com.ar\/\"},{\"@type\":\"ListItem\",\"position\":2,\"name\":\"TODOS LOS VIDEOS DEL &#8220;17 DE OCTUBRE&#8221; EN EL LOCAL PARTIDARIO DEL PJ.\"}]},{\"@type\":\"WebSite\",\"@id\":\"https:\/\/www.celttv.com.ar\/#website\",\"url\":\"https:\/\/www.celttv.com.ar\/\",\"name\":\"CELTTV\",\"description\":\"Cooperativa El\u00e9ctrica de Tornquist\",\"publisher\":{\"@id\":\"https:\/\/www.celttv.com.ar\/#organization\"},\"potentialAction\":[{\"@type\":\"SearchAction\",\"target\":{\"@type\":\"EntryPoint\",\"urlTemplate\":\"https:\/\/www.celttv.com.ar\/?s={search_term_string}\"},\"query-input\":\"required name=search_term_string\"}],\"inLanguage\":\"es\"},{\"@type\":\"Organization\",\"@id\":\"https:\/\/www.celttv.com.ar\/#organization\",\"name\":\"CELTTV\",\"url\":\"https:\/\/www.celttv.com.ar\/\",\"sameAs\":[\"https:\/\/www.youtube.com\/channel\/UCz_oIt8Hig64Ub-EmcNPIhg\",\"https:\/\/www.facebook.com\/celtTV\/\"],\"logo\":{\"@type\":\"ImageObject\",\"inLanguage\":\"es\",\"@id\":\"https:\/\/www.celttv.com.ar\/#\/schema\/logo\/image\/\",\"url\":\"http:\/\/www.celttv.com.ar\/wp-content\/uploads\/2022\/08\/logo-1.png\",\"contentUrl\":\"http:\/\/www.celttv.com.ar\/wp-content\/uploads\/2022\/08\/logo-1.png\",\"width\":461,\"height\":159,\"caption\":\"CELTTV\"},\"image\":{\"@id\":\"https:\/\/www.celttv.com.ar\/#\/schema\/logo\/image\/\"}},{\"@type\":\"Person\",\"@id\":\"https:\/\/www.celttv.com.ar\/#\/schema\/person\/6d99c072dba59953809c81446e9d0ace\",\"name\":\"ulises\",\"image\":{\"@type\":\"ImageObject\",\"inLanguage\":\"es\",\"@id\":\"https:\/\/www.celttv.com.ar\/#\/schema\/person\/image\/\",\"url\":\"https:\/\/secure.gravatar.com\/avatar\/7f2c48bdc33b30088f941fb6082e555f2874c98e20cb159d7b92b50eadfce793?s=96&d=mm&r=g\",\"contentUrl\":\"https:\/\/secure.gravatar.com\/avatar\/7f2c48bdc33b30088f941fb6082e555f2874c98e20cb159d7b92b50eadfce793?s=96&d=mm&r=g\",\"caption\":\"ulises\"},\"sameAs\":[\"http:\/\/www.celttv.com.ar\"]}]}<\/script>\n<!-- \/ Yoast SEO plugin. -->","yoast_head_json":{"title":"TODOS LOS VIDEOS DEL \"17 DE OCTUBRE\" EN EL LOCAL PARTIDARIO DEL PJ. - CELTTV","description":"Sitio web de noticias de la localidad de Tornquist, provincia de Buenos Aires, Rep\u00fablica Argentina. Contenido propio originado por periodistas de CELTTV, el canal de TV local de la Cooperativa El\u00e9ctrica de Tornquist. Turismo, Pol\u00edtica, Sociedad, Deporte, Cultura y todo el contenido de inter\u00e9s general que la gente del pueblo y la regi\u00f3n debe conocer.","robots":{"index":"index","follow":"follow","max-snippet":"max-snippet:-1","max-image-preview":"max-image-preview:large","max-video-preview":"max-video-preview:-1"},"canonical":"https:\/\/www.celttv.com.ar\/index.php\/2014\/10\/21\/todos-los-videos-del-17-de-octubre-en-el-local-partidario-del-pj\/","og_locale":"es_ES","og_type":"article","og_title":"TODOS LOS VIDEOS DEL \"17 DE OCTUBRE\" EN EL LOCAL PARTIDARIO DEL PJ. - CELTTV","og_description":"Sitio web de noticias de la localidad de Tornquist, provincia de Buenos Aires, Rep\u00fablica Argentina. Contenido propio originado por periodistas de CELTTV, el canal de TV local de la Cooperativa El\u00e9ctrica de Tornquist. Turismo, Pol\u00edtica, Sociedad, Deporte, Cultura y todo el contenido de inter\u00e9s general que la gente del pueblo y la regi\u00f3n debe conocer.","og_url":"https:\/\/www.celttv.com.ar\/index.php\/2014\/10\/21\/todos-los-videos-del-17-de-octubre-en-el-local-partidario-del-pj\/","og_site_name":"CELTTV","article_publisher":"https:\/\/www.facebook.com\/celtTV\/","article_published_time":"2014-10-21T21:00:53+00:00","author":"ulises","twitter_card":"summary_large_image","twitter_misc":{"Escrito por":"ulises","Tiempo de lectura":"2 minutos"},"schema":{"@context":"https:\/\/schema.org","@graph":[{"@type":"NewsArticle","@id":"https:\/\/www.celttv.com.ar\/index.php\/2014\/10\/21\/todos-los-videos-del-17-de-octubre-en-el-local-partidario-del-pj\/#article","isPartOf":{"@id":"https:\/\/www.celttv.com.ar\/index.php\/2014\/10\/21\/todos-los-videos-del-17-de-octubre-en-el-local-partidario-del-pj\/"},"author":{"name":"ulises","@id":"https:\/\/www.celttv.com.ar\/#\/schema\/person\/6d99c072dba59953809c81446e9d0ace"},"headline":"TODOS LOS VIDEOS DEL &#8220;17 DE OCTUBRE&#8221; EN EL LOCAL PARTIDARIO DEL PJ.","datePublished":"2014-10-21T21:00:53+00:00","dateModified":"2014-10-21T21:00:53+00:00","mainEntityOfPage":{"@id":"https:\/\/www.celttv.com.ar\/index.php\/2014\/10\/21\/todos-los-videos-del-17-de-octubre-en-el-local-partidario-del-pj\/"},"wordCount":377,"publisher":{"@id":"https:\/\/www.celttv.com.ar\/#organization"},"articleSection":["Comunidad","Destacadas","Pol\u00edtica","Videos Destacados"],"inLanguage":"es"},{"@type":"WebPage","@id":"https:\/\/www.celttv.com.ar\/index.php\/2014\/10\/21\/todos-los-videos-del-17-de-octubre-en-el-local-partidario-del-pj\/","url":"https:\/\/www.celttv.com.ar\/index.php\/2014\/10\/21\/todos-los-videos-del-17-de-octubre-en-el-local-partidario-del-pj\/","name":"TODOS LOS VIDEOS DEL \"17 DE OCTUBRE\" EN EL LOCAL PARTIDARIO DEL PJ. - CELTTV","isPartOf":{"@id":"https:\/\/www.celttv.com.ar\/#website"},"datePublished":"2014-10-21T21:00:53+00:00","dateModified":"2014-10-21T21:00:53+00:00","description":"Sitio web de noticias de la localidad de Tornquist, provincia de Buenos Aires, Rep\u00fablica Argentina. Contenido propio originado por periodistas de CELTTV, el canal de TV local de la Cooperativa El\u00e9ctrica de Tornquist. Turismo, Pol\u00edtica, Sociedad, Deporte, Cultura y todo el contenido de inter\u00e9s general que la gente del pueblo y la regi\u00f3n debe conocer.","breadcrumb":{"@id":"https:\/\/www.celttv.com.ar\/index.php\/2014\/10\/21\/todos-los-videos-del-17-de-octubre-en-el-local-partidario-del-pj\/#breadcrumb"},"inLanguage":"es","potentialAction":[{"@type":"ReadAction","target":["https:\/\/www.celttv.com.ar\/index.php\/2014\/10\/21\/todos-los-videos-del-17-de-octubre-en-el-local-partidario-del-pj\/"]}]},{"@type":"BreadcrumbList","@id":"https:\/\/www.celttv.com.ar\/index.php\/2014\/10\/21\/todos-los-videos-del-17-de-octubre-en-el-local-partidario-del-pj\/#breadcrumb","itemListElement":[{"@type":"ListItem","position":1,"name":"Inicio","item":"https:\/\/www.celttv.com.ar\/"},{"@type":"ListItem","position":2,"name":"TODOS LOS VIDEOS DEL &#8220;17 DE OCTUBRE&#8221; EN EL LOCAL PARTIDARIO DEL PJ."}]},{"@type":"WebSite","@id":"https:\/\/www.celttv.com.ar\/#website","url":"https:\/\/www.celttv.com.ar\/","name":"CELTTV","description":"Cooperativa El\u00e9ctrica de Tornquist","publisher":{"@id":"https:\/\/www.celttv.com.ar\/#organization"},"potentialAction":[{"@type":"SearchAction","target":{"@type":"EntryPoint","urlTemplate":"https:\/\/www.celttv.com.ar\/?s={search_term_string}"},"query-input":"required name=search_term_string"}],"inLanguage":"es"},{"@type":"Organization","@id":"https:\/\/www.celttv.com.ar\/#organization","name":"CELTTV","url":"https:\/\/www.celttv.com.ar\/","sameAs":["https:\/\/www.youtube.com\/channel\/UCz_oIt8Hig64Ub-EmcNPIhg","https:\/\/www.facebook.com\/celtTV\/"],"logo":{"@type":"ImageObject","inLanguage":"es","@id":"https:\/\/www.celttv.com.ar\/#\/schema\/logo\/image\/","url":"http:\/\/www.celttv.com.ar\/wp-content\/uploads\/2022\/08\/logo-1.png","contentUrl":"http:\/\/www.celttv.com.ar\/wp-content\/uploads\/2022\/08\/logo-1.png","width":461,"height":159,"caption":"CELTTV"},"image":{"@id":"https:\/\/www.celttv.com.ar\/#\/schema\/logo\/image\/"}},{"@type":"Person","@id":"https:\/\/www.celttv.com.ar\/#\/schema\/person\/6d99c072dba59953809c81446e9d0ace","name":"ulises","image":{"@type":"ImageObject","inLanguage":"es","@id":"https:\/\/www.celttv.com.ar\/#\/schema\/person\/image\/","url":"https:\/\/secure.gravatar.com\/avatar\/7f2c48bdc33b30088f941fb6082e555f2874c98e20cb159d7b92b50eadfce793?s=96&d=mm&r=g","contentUrl":"https:\/\/secure.gravatar.com\/avatar\/7f2c48bdc33b30088f941fb6082e555f2874c98e20cb159d7b92b50eadfce793?s=96&d=mm&r=g","caption":"ulises"},"sameAs":["http:\/\/www.celttv.com.ar"]}]}},"_links":{"self":[{"href":"https:\/\/www.celttv.com.ar\/index.php\/wp-json\/wp\/v2\/posts\/24483","targetHints":{"allow":["GET"]}}],"collection":[{"href":"https:\/\/www.celttv.com.ar\/index.php\/wp-json\/wp\/v2\/posts"}],"about":[{"href":"https:\/\/www.celttv.com.ar\/index.php\/wp-json\/wp\/v2\/types\/post"}],"author":[{"embeddable":true,"href":"https:\/\/www.celttv.com.ar\/index.php\/wp-json\/wp\/v2\/users\/1"}],"replies":[{"embeddable":true,"href":"https:\/\/www.celttv.com.ar\/index.php\/wp-json\/wp\/v2\/comments?post=24483"}],"version-history":[{"count":0,"href":"https:\/\/www.celttv.com.ar\/index.php\/wp-json\/wp\/v2\/posts\/24483\/revisions"}],"wp:attachment":[{"href":"https:\/\/www.celttv.com.ar\/index.php\/wp-json\/wp\/v2\/media?parent=24483"}],"wp:term":[{"taxonomy":"category","embeddable":true,"href":"https:\/\/www.celttv.com.ar\/index.php\/wp-json\/wp\/v2\/categories?post=24483"},{"taxonomy":"post_tag","embeddable":true,"href":"https:\/\/www.celttv.com.ar\/index.php\/wp-json\/wp\/v2\/tags?post=24483"}],"curies":[{"name":"wp","href":"https:\/\/api.w.org\/{rel}","templated":true}]}}