{"id":24498,"date":"2014-10-22T18:17:22","date_gmt":"2014-10-22T18:17:22","guid":{"rendered":"http:\/\/www.tvcnoticias.com.ar\/?p=24498"},"modified":"2014-10-22T18:17:22","modified_gmt":"2014-10-22T18:17:22","slug":"aprueban-el-nombre-de-paseo-peatonal-gerardo-pedro-rattero-para-la-senda","status":"publish","type":"post","link":"https:\/\/www.celttv.com.ar\/index.php\/2014\/10\/22\/aprueban-el-nombre-de-paseo-peatonal-gerardo-pedro-rattero-para-la-senda\/","title":{"rendered":"APRUEBAN EL NOMBRE DE PASEO PEATONAL GERARDO PEDRO RATTERO PARA LA SENDA"},"content":{"rendered":"<p><a rel=\"attachment wp-att-24499\" href=\"http:\/\/www.tvcnoticias.com.ar\/?attachment_id=24499\"><img loading=\"lazy\" decoding=\"async\" class=\"aligncenter size-medium wp-image-24499\" title=\"P1070758 (768x1024) (Medium)\" src=\"http:\/\/www.tvcnoticias.com.ar\/wp-content\/uploads\/2014\/10\/P1070758-768x1024-Medium-e1414001829504-337x450.jpg\" alt=\"\" width=\"337\" height=\"450\" \/><\/a>El proyecto impulsado por el intendente municipal en uso de licencia, licenciado Gustavo Trankels, para denominar como \u201cPaseo Peatonal Gerardo Pedro Rattero\u201d al espacio recreativo que comunica al edificio del ex Hogar Ceferino Namuncur\u00e1 y la planta urbana de Tornquist, fue aprobado por unanimidad durante la \u00faltima sesi\u00f3n del Concejo Deliberante.<br \/>\nLa iniciativa pretende homenajear e inmortalizar el nombre de quien fuera intendente de nuestro distrito entre los a\u00f1os 1991 y 2005, y dejara una huella por su carisma y humildad.<br \/>\nPara reconocer la figura del tambi\u00e9n ex diputado provincial, se eligi\u00f3 una obra que incluye una senda peatonal, iluminaci\u00f3n acorde y construcciones complementarias, que modificar\u00e1n sensiblemente el acceso a la ciudad desde la ruta provincial 76 y conectar\u00e1n el ejido urbano con la Escuela de Educaci\u00f3n T\u00e9cnica Secundaria N\u00b0 1 y el Centro de Formaci\u00f3n Profesional N\u00b0 402.<br \/>\nLa aprobaci\u00f3n por parte del cuerpo deliberativo sucedi\u00f3 en v\u00edsperas del aniversario del natalicio de Gerardo Rattero, que es el 23 de octubre.<br \/>\nEntre los principales considerandos del proyecto que hab\u00eda presentado el jefe comunal en uso de licencia, se indicaba que Rattero \u201ca lo largo de su vida demostr\u00f3 honradamente su hombr\u00eda de bien, su amor por el pr\u00f3jimo y su gran pasi\u00f3n por esta tierra, a la que calific\u00f3 como \u2018el distrito m\u00e1s bonito de la Provincia de Buenos Aires\u2019\u201d y remarcaba que \u201ca pesar de su extensa trayectoria, su deseo fue que lo recuerden como una persona sencilla, que hizo lo imposible para solucionarle los problemas a la gente\u201d.<br \/>\nEl \u201cPaseo Peatonal Gerardo Pedro Rattero\u201d se encuentra en su \u00faltima etapa de construcci\u00f3n y su inauguraci\u00f3n est\u00e1 prevista para antes de fines de a\u00f1o.<br \/>\n&nbsp;<br \/>\n&nbsp;<\/p>\n","protected":false},"excerpt":{"rendered":"<p>El proyecto impulsado por el intendente municipal en uso de licencia, licenciado Gustavo Trankels, para denominar como \u201cPaseo Peatonal Gerardo Pedro Rattero\u201d al espacio recreativo que comunica al edificio del ex Hogar Ceferino Namuncur\u00e1 y la planta urbana de Tornquist, fue aprobado por unanimidad durante la \u00faltima sesi\u00f3n del Concejo Deliberante. La iniciativa pretende homenajear [&hellip;]<\/p>\n","protected":false},"author":1,"featured_media":0,"comment_status":"closed","ping_status":"open","sticky":false,"template":"","format":"standard","meta":{"footnotes":""},"categories":[51,52,53],"tags":[],"class_list":["post-24498","post","type-post","status-publish","format-standard","hentry","category-comunidad","category-destacadas","category-politica"],"yoast_head":"<!-- This site is optimized with the Yoast SEO plugin v19.7.1 - https:\/\/yoast.com\/wordpress\/plugins\/seo\/ -->\n<title>APRUEBAN EL NOMBRE DE PASEO PEATONAL GERARDO PEDRO RATTERO PARA LA SENDA - CELTTV<\/title>\n<meta name=\"description\" content=\"Sitio web de noticias de la localidad de Tornquist, provincia de Buenos Aires, Rep\u00fablica Argentina. Contenido propio originado por periodistas de CELTTV, el canal de TV local de la Cooperativa El\u00e9ctrica de Tornquist. Turismo, Pol\u00edtica, Sociedad, Deporte, Cultura y todo el contenido de inter\u00e9s general que la gente del pueblo y la regi\u00f3n debe conocer.\" \/>\n<meta name=\"robots\" content=\"index, follow, max-snippet:-1, max-image-preview:large, max-video-preview:-1\" \/>\n<link rel=\"canonical\" href=\"https:\/\/www.celttv.com.ar\/index.php\/2014\/10\/22\/aprueban-el-nombre-de-paseo-peatonal-gerardo-pedro-rattero-para-la-senda\/\" \/>\n<meta property=\"og:locale\" content=\"es_ES\" \/>\n<meta property=\"og:type\" content=\"article\" \/>\n<meta property=\"og:title\" content=\"APRUEBAN EL NOMBRE DE PASEO PEATONAL GERARDO PEDRO RATTERO PARA LA SENDA - CELTTV\" \/>\n<meta property=\"og:description\" content=\"Sitio web de noticias de la localidad de Tornquist, provincia de Buenos Aires, Rep\u00fablica Argentina. Contenido propio originado por periodistas de CELTTV, el canal de TV local de la Cooperativa El\u00e9ctrica de Tornquist. Turismo, Pol\u00edtica, Sociedad, Deporte, Cultura y todo el contenido de inter\u00e9s general que la gente del pueblo y la regi\u00f3n debe conocer.\" \/>\n<meta property=\"og:url\" content=\"https:\/\/www.celttv.com.ar\/index.php\/2014\/10\/22\/aprueban-el-nombre-de-paseo-peatonal-gerardo-pedro-rattero-para-la-senda\/\" \/>\n<meta property=\"og:site_name\" content=\"CELTTV\" \/>\n<meta property=\"article:publisher\" content=\"https:\/\/www.facebook.com\/celtTV\/\" \/>\n<meta property=\"article:published_time\" content=\"2014-10-22T18:17:22+00:00\" \/>\n<meta property=\"og:image\" content=\"http:\/\/www.tvcnoticias.com.ar\/wp-content\/uploads\/2014\/10\/P1070758-768x1024-Medium-e1414001829504-337x450.jpg\" \/>\n<meta name=\"author\" content=\"ulises\" \/>\n<meta name=\"twitter:card\" content=\"summary_large_image\" \/>\n<meta name=\"twitter:label1\" content=\"Escrito por\" \/>\n\t<meta name=\"twitter:data1\" content=\"ulises\" \/>\n\t<meta name=\"twitter:label2\" content=\"Tiempo de lectura\" \/>\n\t<meta name=\"twitter:data2\" content=\"1 minuto\" \/>\n<script type=\"application\/ld+json\" class=\"yoast-schema-graph\">{\"@context\":\"https:\/\/schema.org\",\"@graph\":[{\"@type\":\"NewsArticle\",\"@id\":\"https:\/\/www.celttv.com.ar\/index.php\/2014\/10\/22\/aprueban-el-nombre-de-paseo-peatonal-gerardo-pedro-rattero-para-la-senda\/#article\",\"isPartOf\":{\"@id\":\"https:\/\/www.celttv.com.ar\/index.php\/2014\/10\/22\/aprueban-el-nombre-de-paseo-peatonal-gerardo-pedro-rattero-para-la-senda\/\"},\"author\":{\"name\":\"ulises\",\"@id\":\"https:\/\/www.celttv.com.ar\/#\/schema\/person\/6d99c072dba59953809c81446e9d0ace\"},\"headline\":\"APRUEBAN EL NOMBRE DE PASEO PEATONAL GERARDO PEDRO RATTERO PARA LA SENDA\",\"datePublished\":\"2014-10-22T18:17:22+00:00\",\"dateModified\":\"2014-10-22T18:17:22+00:00\",\"mainEntityOfPage\":{\"@id\":\"https:\/\/www.celttv.com.ar\/index.php\/2014\/10\/22\/aprueban-el-nombre-de-paseo-peatonal-gerardo-pedro-rattero-para-la-senda\/\"},\"wordCount\":303,\"publisher\":{\"@id\":\"https:\/\/www.celttv.com.ar\/#organization\"},\"articleSection\":[\"Comunidad\",\"Destacadas\",\"Pol\u00edtica\"],\"inLanguage\":\"es\"},{\"@type\":\"WebPage\",\"@id\":\"https:\/\/www.celttv.com.ar\/index.php\/2014\/10\/22\/aprueban-el-nombre-de-paseo-peatonal-gerardo-pedro-rattero-para-la-senda\/\",\"url\":\"https:\/\/www.celttv.com.ar\/index.php\/2014\/10\/22\/aprueban-el-nombre-de-paseo-peatonal-gerardo-pedro-rattero-para-la-senda\/\",\"name\":\"APRUEBAN EL NOMBRE DE PASEO PEATONAL GERARDO PEDRO RATTERO PARA LA SENDA - CELTTV\",\"isPartOf\":{\"@id\":\"https:\/\/www.celttv.com.ar\/#website\"},\"datePublished\":\"2014-10-22T18:17:22+00:00\",\"dateModified\":\"2014-10-22T18:17:22+00:00\",\"description\":\"Sitio web de noticias de la localidad de Tornquist, provincia de Buenos Aires, Rep\u00fablica Argentina. Contenido propio originado por periodistas de CELTTV, el canal de TV local de la Cooperativa El\u00e9ctrica de Tornquist. Turismo, Pol\u00edtica, Sociedad, Deporte, Cultura y todo el contenido de inter\u00e9s general que la gente del pueblo y la regi\u00f3n debe conocer.\",\"breadcrumb\":{\"@id\":\"https:\/\/www.celttv.com.ar\/index.php\/2014\/10\/22\/aprueban-el-nombre-de-paseo-peatonal-gerardo-pedro-rattero-para-la-senda\/#breadcrumb\"},\"inLanguage\":\"es\",\"potentialAction\":[{\"@type\":\"ReadAction\",\"target\":[\"https:\/\/www.celttv.com.ar\/index.php\/2014\/10\/22\/aprueban-el-nombre-de-paseo-peatonal-gerardo-pedro-rattero-para-la-senda\/\"]}]},{\"@type\":\"BreadcrumbList\",\"@id\":\"https:\/\/www.celttv.com.ar\/index.php\/2014\/10\/22\/aprueban-el-nombre-de-paseo-peatonal-gerardo-pedro-rattero-para-la-senda\/#breadcrumb\",\"itemListElement\":[{\"@type\":\"ListItem\",\"position\":1,\"name\":\"Inicio\",\"item\":\"https:\/\/www.celttv.com.ar\/\"},{\"@type\":\"ListItem\",\"position\":2,\"name\":\"APRUEBAN EL NOMBRE DE PASEO PEATONAL GERARDO PEDRO RATTERO PARA LA SENDA\"}]},{\"@type\":\"WebSite\",\"@id\":\"https:\/\/www.celttv.com.ar\/#website\",\"url\":\"https:\/\/www.celttv.com.ar\/\",\"name\":\"CELTTV\",\"description\":\"Cooperativa El\u00e9ctrica de Tornquist\",\"publisher\":{\"@id\":\"https:\/\/www.celttv.com.ar\/#organization\"},\"potentialAction\":[{\"@type\":\"SearchAction\",\"target\":{\"@type\":\"EntryPoint\",\"urlTemplate\":\"https:\/\/www.celttv.com.ar\/?s={search_term_string}\"},\"query-input\":\"required name=search_term_string\"}],\"inLanguage\":\"es\"},{\"@type\":\"Organization\",\"@id\":\"https:\/\/www.celttv.com.ar\/#organization\",\"name\":\"CELTTV\",\"url\":\"https:\/\/www.celttv.com.ar\/\",\"sameAs\":[\"https:\/\/www.youtube.com\/channel\/UCz_oIt8Hig64Ub-EmcNPIhg\",\"https:\/\/www.facebook.com\/celtTV\/\"],\"logo\":{\"@type\":\"ImageObject\",\"inLanguage\":\"es\",\"@id\":\"https:\/\/www.celttv.com.ar\/#\/schema\/logo\/image\/\",\"url\":\"http:\/\/www.celttv.com.ar\/wp-content\/uploads\/2022\/08\/logo-1.png\",\"contentUrl\":\"http:\/\/www.celttv.com.ar\/wp-content\/uploads\/2022\/08\/logo-1.png\",\"width\":461,\"height\":159,\"caption\":\"CELTTV\"},\"image\":{\"@id\":\"https:\/\/www.celttv.com.ar\/#\/schema\/logo\/image\/\"}},{\"@type\":\"Person\",\"@id\":\"https:\/\/www.celttv.com.ar\/#\/schema\/person\/6d99c072dba59953809c81446e9d0ace\",\"name\":\"ulises\",\"image\":{\"@type\":\"ImageObject\",\"inLanguage\":\"es\",\"@id\":\"https:\/\/www.celttv.com.ar\/#\/schema\/person\/image\/\",\"url\":\"https:\/\/secure.gravatar.com\/avatar\/7f2c48bdc33b30088f941fb6082e555f2874c98e20cb159d7b92b50eadfce793?s=96&d=mm&r=g\",\"contentUrl\":\"https:\/\/secure.gravatar.com\/avatar\/7f2c48bdc33b30088f941fb6082e555f2874c98e20cb159d7b92b50eadfce793?s=96&d=mm&r=g\",\"caption\":\"ulises\"},\"sameAs\":[\"http:\/\/www.celttv.com.ar\"]}]}<\/script>\n<!-- \/ Yoast SEO plugin. -->","yoast_head_json":{"title":"APRUEBAN EL NOMBRE DE PASEO PEATONAL GERARDO PEDRO RATTERO PARA LA SENDA - CELTTV","description":"Sitio web de noticias de la localidad de Tornquist, provincia de Buenos Aires, Rep\u00fablica Argentina. Contenido propio originado por periodistas de CELTTV, el canal de TV local de la Cooperativa El\u00e9ctrica de Tornquist. Turismo, Pol\u00edtica, Sociedad, Deporte, Cultura y todo el contenido de inter\u00e9s general que la gente del pueblo y la regi\u00f3n debe conocer.","robots":{"index":"index","follow":"follow","max-snippet":"max-snippet:-1","max-image-preview":"max-image-preview:large","max-video-preview":"max-video-preview:-1"},"canonical":"https:\/\/www.celttv.com.ar\/index.php\/2014\/10\/22\/aprueban-el-nombre-de-paseo-peatonal-gerardo-pedro-rattero-para-la-senda\/","og_locale":"es_ES","og_type":"article","og_title":"APRUEBAN EL NOMBRE DE PASEO PEATONAL GERARDO PEDRO RATTERO PARA LA SENDA - CELTTV","og_description":"Sitio web de noticias de la localidad de Tornquist, provincia de Buenos Aires, Rep\u00fablica Argentina. Contenido propio originado por periodistas de CELTTV, el canal de TV local de la Cooperativa El\u00e9ctrica de Tornquist. Turismo, Pol\u00edtica, Sociedad, Deporte, Cultura y todo el contenido de inter\u00e9s general que la gente del pueblo y la regi\u00f3n debe conocer.","og_url":"https:\/\/www.celttv.com.ar\/index.php\/2014\/10\/22\/aprueban-el-nombre-de-paseo-peatonal-gerardo-pedro-rattero-para-la-senda\/","og_site_name":"CELTTV","article_publisher":"https:\/\/www.facebook.com\/celtTV\/","article_published_time":"2014-10-22T18:17:22+00:00","og_image":[{"url":"http:\/\/www.tvcnoticias.com.ar\/wp-content\/uploads\/2014\/10\/P1070758-768x1024-Medium-e1414001829504-337x450.jpg"}],"author":"ulises","twitter_card":"summary_large_image","twitter_misc":{"Escrito por":"ulises","Tiempo de lectura":"1 minuto"},"schema":{"@context":"https:\/\/schema.org","@graph":[{"@type":"NewsArticle","@id":"https:\/\/www.celttv.com.ar\/index.php\/2014\/10\/22\/aprueban-el-nombre-de-paseo-peatonal-gerardo-pedro-rattero-para-la-senda\/#article","isPartOf":{"@id":"https:\/\/www.celttv.com.ar\/index.php\/2014\/10\/22\/aprueban-el-nombre-de-paseo-peatonal-gerardo-pedro-rattero-para-la-senda\/"},"author":{"name":"ulises","@id":"https:\/\/www.celttv.com.ar\/#\/schema\/person\/6d99c072dba59953809c81446e9d0ace"},"headline":"APRUEBAN EL NOMBRE DE PASEO PEATONAL GERARDO PEDRO RATTERO PARA LA SENDA","datePublished":"2014-10-22T18:17:22+00:00","dateModified":"2014-10-22T18:17:22+00:00","mainEntityOfPage":{"@id":"https:\/\/www.celttv.com.ar\/index.php\/2014\/10\/22\/aprueban-el-nombre-de-paseo-peatonal-gerardo-pedro-rattero-para-la-senda\/"},"wordCount":303,"publisher":{"@id":"https:\/\/www.celttv.com.ar\/#organization"},"articleSection":["Comunidad","Destacadas","Pol\u00edtica"],"inLanguage":"es"},{"@type":"WebPage","@id":"https:\/\/www.celttv.com.ar\/index.php\/2014\/10\/22\/aprueban-el-nombre-de-paseo-peatonal-gerardo-pedro-rattero-para-la-senda\/","url":"https:\/\/www.celttv.com.ar\/index.php\/2014\/10\/22\/aprueban-el-nombre-de-paseo-peatonal-gerardo-pedro-rattero-para-la-senda\/","name":"APRUEBAN EL NOMBRE DE PASEO PEATONAL GERARDO PEDRO RATTERO PARA LA SENDA - CELTTV","isPartOf":{"@id":"https:\/\/www.celttv.com.ar\/#website"},"datePublished":"2014-10-22T18:17:22+00:00","dateModified":"2014-10-22T18:17:22+00:00","description":"Sitio web de noticias de la localidad de Tornquist, provincia de Buenos Aires, Rep\u00fablica Argentina. Contenido propio originado por periodistas de CELTTV, el canal de TV local de la Cooperativa El\u00e9ctrica de Tornquist. Turismo, Pol\u00edtica, Sociedad, Deporte, Cultura y todo el contenido de inter\u00e9s general que la gente del pueblo y la regi\u00f3n debe conocer.","breadcrumb":{"@id":"https:\/\/www.celttv.com.ar\/index.php\/2014\/10\/22\/aprueban-el-nombre-de-paseo-peatonal-gerardo-pedro-rattero-para-la-senda\/#breadcrumb"},"inLanguage":"es","potentialAction":[{"@type":"ReadAction","target":["https:\/\/www.celttv.com.ar\/index.php\/2014\/10\/22\/aprueban-el-nombre-de-paseo-peatonal-gerardo-pedro-rattero-para-la-senda\/"]}]},{"@type":"BreadcrumbList","@id":"https:\/\/www.celttv.com.ar\/index.php\/2014\/10\/22\/aprueban-el-nombre-de-paseo-peatonal-gerardo-pedro-rattero-para-la-senda\/#breadcrumb","itemListElement":[{"@type":"ListItem","position":1,"name":"Inicio","item":"https:\/\/www.celttv.com.ar\/"},{"@type":"ListItem","position":2,"name":"APRUEBAN EL NOMBRE DE PASEO PEATONAL GERARDO PEDRO RATTERO PARA LA SENDA"}]},{"@type":"WebSite","@id":"https:\/\/www.celttv.com.ar\/#website","url":"https:\/\/www.celttv.com.ar\/","name":"CELTTV","description":"Cooperativa El\u00e9ctrica de Tornquist","publisher":{"@id":"https:\/\/www.celttv.com.ar\/#organization"},"potentialAction":[{"@type":"SearchAction","target":{"@type":"EntryPoint","urlTemplate":"https:\/\/www.celttv.com.ar\/?s={search_term_string}"},"query-input":"required name=search_term_string"}],"inLanguage":"es"},{"@type":"Organization","@id":"https:\/\/www.celttv.com.ar\/#organization","name":"CELTTV","url":"https:\/\/www.celttv.com.ar\/","sameAs":["https:\/\/www.youtube.com\/channel\/UCz_oIt8Hig64Ub-EmcNPIhg","https:\/\/www.facebook.com\/celtTV\/"],"logo":{"@type":"ImageObject","inLanguage":"es","@id":"https:\/\/www.celttv.com.ar\/#\/schema\/logo\/image\/","url":"http:\/\/www.celttv.com.ar\/wp-content\/uploads\/2022\/08\/logo-1.png","contentUrl":"http:\/\/www.celttv.com.ar\/wp-content\/uploads\/2022\/08\/logo-1.png","width":461,"height":159,"caption":"CELTTV"},"image":{"@id":"https:\/\/www.celttv.com.ar\/#\/schema\/logo\/image\/"}},{"@type":"Person","@id":"https:\/\/www.celttv.com.ar\/#\/schema\/person\/6d99c072dba59953809c81446e9d0ace","name":"ulises","image":{"@type":"ImageObject","inLanguage":"es","@id":"https:\/\/www.celttv.com.ar\/#\/schema\/person\/image\/","url":"https:\/\/secure.gravatar.com\/avatar\/7f2c48bdc33b30088f941fb6082e555f2874c98e20cb159d7b92b50eadfce793?s=96&d=mm&r=g","contentUrl":"https:\/\/secure.gravatar.com\/avatar\/7f2c48bdc33b30088f941fb6082e555f2874c98e20cb159d7b92b50eadfce793?s=96&d=mm&r=g","caption":"ulises"},"sameAs":["http:\/\/www.celttv.com.ar"]}]}},"_links":{"self":[{"href":"https:\/\/www.celttv.com.ar\/index.php\/wp-json\/wp\/v2\/posts\/24498","targetHints":{"allow":["GET"]}}],"collection":[{"href":"https:\/\/www.celttv.com.ar\/index.php\/wp-json\/wp\/v2\/posts"}],"about":[{"href":"https:\/\/www.celttv.com.ar\/index.php\/wp-json\/wp\/v2\/types\/post"}],"author":[{"embeddable":true,"href":"https:\/\/www.celttv.com.ar\/index.php\/wp-json\/wp\/v2\/users\/1"}],"replies":[{"embeddable":true,"href":"https:\/\/www.celttv.com.ar\/index.php\/wp-json\/wp\/v2\/comments?post=24498"}],"version-history":[{"count":0,"href":"https:\/\/www.celttv.com.ar\/index.php\/wp-json\/wp\/v2\/posts\/24498\/revisions"}],"wp:attachment":[{"href":"https:\/\/www.celttv.com.ar\/index.php\/wp-json\/wp\/v2\/media?parent=24498"}],"wp:term":[{"taxonomy":"category","embeddable":true,"href":"https:\/\/www.celttv.com.ar\/index.php\/wp-json\/wp\/v2\/categories?post=24498"},{"taxonomy":"post_tag","embeddable":true,"href":"https:\/\/www.celttv.com.ar\/index.php\/wp-json\/wp\/v2\/tags?post=24498"}],"curies":[{"name":"wp","href":"https:\/\/api.w.org\/{rel}","templated":true}]}}