{"id":24543,"date":"2014-10-23T23:44:34","date_gmt":"2014-10-23T23:44:34","guid":{"rendered":"http:\/\/www.tvcnoticias.com.ar\/?p=24543"},"modified":"2014-10-23T23:44:34","modified_gmt":"2014-10-23T23:44:34","slug":"la-prevencion-de-incendios-en-la-agenda-de-trabajo-regional-opiniones","status":"publish","type":"post","link":"https:\/\/www.celttv.com.ar\/index.php\/2014\/10\/23\/la-prevencion-de-incendios-en-la-agenda-de-trabajo-regional-opiniones\/","title":{"rendered":"LA PREVENCION DE INCENDIOS EN LA AGENDA DE TRABAJO REGIONAL (opiniones)"},"content":{"rendered":"<p><a href=\"https:\/\/www.youtube.com\/watch?v=56QDGXlt0gs\">httpv:\/\/www.youtube.com\/watch?v=56QDGXlt0gs<\/a><br \/>\n<a href=\"https:\/\/www.youtube.com\/watch?v=1HCrut67SLU\">httpv:\/\/www.youtube.com\/watch?v=1HCrut67SLU<\/a><br \/>\n<a href=\"https:\/\/www.youtube.com\/watch?v=oa_BD36-Xxw\">httpv:\/\/www.youtube.com\/watch?v=oa_BD36-Xxw<\/a><br \/>\n<a href=\"https:\/\/www.youtube.com\/watch?v=nxz5nYPauno\">httpv:\/\/www.youtube.com\/watch?v=nxz5nYPauno<\/a><br \/>\n<a href=\"https:\/\/www.youtube.com\/watch?v=UDsLEuG-X2Y\">httpv:\/\/www.youtube.com\/watch?v=UDsLEuG-X2Y<\/a><br \/>\n<a href=\"https:\/\/www.youtube.com\/watch?v=56QDGXlt0gs\"><\/a>Con el objetivo de coordinar acciones y trabajar sobre la prevenci\u00f3n de incendios forestales ante la proximidad del verano, se realiz\u00f3 en la ma\u00f1ana de hoy una importante reuni\u00f3n en la Sala de Situaciones de la Municipalidad de Tornquist, que cont\u00f3 con la participaci\u00f3n de diferentes sectores involucrados en la tem\u00e1tica.<br \/>\nEl encuentro cont\u00f3 con la presencia de la intendenta interina, profesora Mar\u00eda Skolak; el coordinador de la Regi\u00f3n Pampeana del Servicio Nacional de Manejo del Fuego, Marcelo Mosiejchuk; el director de Operaciones de Defensa Civil de la Provincia de Buenos Aires, Leonardo Zaccagnini (CPE); el secretario de Seguridad de Coronel Su\u00e1rez, Gustavo Di Battista; y el responsable de Defensa Civil local, Rodrigo Fuhr.  Tambi\u00e9n participaron los jefes de los cuerpos de Bomberos Voluntarios de Tornquist (Mart\u00edn Haag), Villa Ventana (Osvaldo Manieri), Coronel Su\u00e1rez (Ra\u00fal Sonzini), Coronel Pringles (Miguel Bilbao) y Pig\u00fc\u00e9 (Javier Porta), e integrantes de los cuarteles de Sierra de la Ventana y Huanguel\u00e9n; el jefe de la agencia local del INTA, ingeniero Federico Labarthe; el delegado de Villa La Arcadia, H\u00e9ctor Girou; Frasia Painenahuel, de la Asociaci\u00f3n Rural de Tornquist; miembros de Defensa Civil de Coronel Su\u00e1rez y Coronel Pringles; y representantes de la Comisi\u00f3n Vial\u00a0 Municipal, entre otros.<br \/>\n\u201cLos saludo en nombre de nuestro intendente Gustavo Trankels, quien est\u00e1 muy agradecido de que se realice esta jornada en Tornquist. Quiero tambi\u00e9n agradecerle a Marcelo, Leo y los representantes de todos los distritos que est\u00e1n presentes. Es muy importante articular y trabajar sobre esta tem\u00e1tica.<br \/>\nNo me olvido de todas las horas que estuvieron, el esfuerzo y el acompa\u00f1amiento realizado durante el incendio ocurrido en el mes de enero, adem\u00e1s del trabajo que vienen realizando desde 2008\u201d, se\u00f1al\u00f3 Skolak.  Durante el transcurso de la reuni\u00f3n, se abordaron diferentes aspectos referidos a la coordinaci\u00f3n operativa y se repasaron las acciones desarrolladas durante el incendio ocurrido el \u00faltimo verano, con el objetivo de conocer los aciertos y las cuestiones que pueden mejorarse con vistas al futuro.<br \/>\n\u201cEstos no son siniestros f\u00e1ciles, debido a la vegetaci\u00f3n, la topograf\u00eda del lugar y el tipo de incendio que es muy especial, de comportamiento extremo, ya que se queman muchas hect\u00e1reas en muy poco tiempo. Estamos trabajando desde 2008 en esta zona y no por nada tenemos una base de aviones y dos camiones forestales en la regi\u00f3n. Siempre desde la Naci\u00f3n, a trav\u00e9s de la Provincia y el Municipio, se fue tratando de apoyar y darle un desarrollo a este sistema. Nos sumamos al trabajo de los bomberos, la Provincia y el Municipio.<br \/>\nCreo que manejamos con altura y profesionalismo este \u00faltimo incendio\u201d, asegur\u00f3 Mosiejchuk.  Adem\u00e1s, se ley\u00f3 un Proyecto de Ordenanza sobre el cual est\u00e1n trabajando los bloques de concejales del Frente para la Victoria y el Frente Renovador, junto con diversas entidades del distrito, en el que se obliga a realizar picadas y cortafuegos a los predios rurales del partido de Tornquist.<br \/>\n\u201cEl incendio mostr\u00f3 una modalidad de trabajo de equipo, reforzando la figura del jefe de incendio y todo el movimiento general, tanto municipal como provincial y nacional, de manera coordinada. Siempre hay cuestiones perfectibles, cosas que pueden salir mejor o peor, porque no se trata de una ciencia exacta. Desde hace varios a\u00f1os estamos reforzando la parte operativa, conformada por los bomberos voluntarios. Debemos ver la manera de seguir reforz\u00e1ndola para obtener mejores resultados\u201d, se\u00f1al\u00f3 Zaccagnini.<\/p>\n","protected":false},"excerpt":{"rendered":"<p>httpv:\/\/www.youtube.com\/watch?v=56QDGXlt0gs httpv:\/\/www.youtube.com\/watch?v=1HCrut67SLU httpv:\/\/www.youtube.com\/watch?v=oa_BD36-Xxw httpv:\/\/www.youtube.com\/watch?v=nxz5nYPauno httpv:\/\/www.youtube.com\/watch?v=UDsLEuG-X2Y Con el objetivo de coordinar acciones y trabajar sobre la prevenci\u00f3n de incendios forestales ante la proximidad del verano, se realiz\u00f3 en la ma\u00f1ana de hoy una importante reuni\u00f3n en la Sala de Situaciones de la Municipalidad de Tornquist, que cont\u00f3 con la participaci\u00f3n de diferentes sectores involucrados en la [&hellip;]<\/p>\n","protected":false},"author":1,"featured_media":0,"comment_status":"closed","ping_status":"open","sticky":false,"template":"","format":"standard","meta":{"footnotes":""},"categories":[51,52,53,64],"tags":[],"class_list":["post-24543","post","type-post","status-publish","format-standard","hentry","category-comunidad","category-destacadas","category-politica","category-videos-destacados"],"yoast_head":"<!-- This site is optimized with the Yoast SEO plugin v19.7.1 - https:\/\/yoast.com\/wordpress\/plugins\/seo\/ -->\n<title>LA PREVENCION DE INCENDIOS EN LA AGENDA DE TRABAJO REGIONAL (opiniones) - CELTTV<\/title>\n<meta name=\"description\" content=\"Sitio web de noticias de la localidad de Tornquist, provincia de Buenos Aires, Rep\u00fablica Argentina. Contenido propio originado por periodistas de CELTTV, el canal de TV local de la Cooperativa El\u00e9ctrica de Tornquist. Turismo, Pol\u00edtica, Sociedad, Deporte, Cultura y todo el contenido de inter\u00e9s general que la gente del pueblo y la regi\u00f3n debe conocer.\" \/>\n<meta name=\"robots\" content=\"index, follow, max-snippet:-1, max-image-preview:large, max-video-preview:-1\" \/>\n<link rel=\"canonical\" href=\"https:\/\/www.celttv.com.ar\/index.php\/2014\/10\/23\/la-prevencion-de-incendios-en-la-agenda-de-trabajo-regional-opiniones\/\" \/>\n<meta property=\"og:locale\" content=\"es_ES\" \/>\n<meta property=\"og:type\" content=\"article\" \/>\n<meta property=\"og:title\" content=\"LA PREVENCION DE INCENDIOS EN LA AGENDA DE TRABAJO REGIONAL (opiniones) - CELTTV\" \/>\n<meta property=\"og:description\" content=\"Sitio web de noticias de la localidad de Tornquist, provincia de Buenos Aires, Rep\u00fablica Argentina. Contenido propio originado por periodistas de CELTTV, el canal de TV local de la Cooperativa El\u00e9ctrica de Tornquist. Turismo, Pol\u00edtica, Sociedad, Deporte, Cultura y todo el contenido de inter\u00e9s general que la gente del pueblo y la regi\u00f3n debe conocer.\" \/>\n<meta property=\"og:url\" content=\"https:\/\/www.celttv.com.ar\/index.php\/2014\/10\/23\/la-prevencion-de-incendios-en-la-agenda-de-trabajo-regional-opiniones\/\" \/>\n<meta property=\"og:site_name\" content=\"CELTTV\" \/>\n<meta property=\"article:publisher\" content=\"https:\/\/www.facebook.com\/celtTV\/\" \/>\n<meta property=\"article:published_time\" content=\"2014-10-23T23:44:34+00:00\" \/>\n<meta name=\"author\" content=\"ulises\" \/>\n<meta name=\"twitter:card\" content=\"summary_large_image\" \/>\n<meta name=\"twitter:label1\" content=\"Escrito por\" \/>\n\t<meta name=\"twitter:data1\" content=\"ulises\" \/>\n\t<meta name=\"twitter:label2\" content=\"Tiempo de lectura\" \/>\n\t<meta name=\"twitter:data2\" content=\"3 minutos\" \/>\n<script type=\"application\/ld+json\" class=\"yoast-schema-graph\">{\"@context\":\"https:\/\/schema.org\",\"@graph\":[{\"@type\":\"NewsArticle\",\"@id\":\"https:\/\/www.celttv.com.ar\/index.php\/2014\/10\/23\/la-prevencion-de-incendios-en-la-agenda-de-trabajo-regional-opiniones\/#article\",\"isPartOf\":{\"@id\":\"https:\/\/www.celttv.com.ar\/index.php\/2014\/10\/23\/la-prevencion-de-incendios-en-la-agenda-de-trabajo-regional-opiniones\/\"},\"author\":{\"name\":\"ulises\",\"@id\":\"https:\/\/www.celttv.com.ar\/#\/schema\/person\/6d99c072dba59953809c81446e9d0ace\"},\"headline\":\"LA PREVENCION DE INCENDIOS EN LA AGENDA DE TRABAJO REGIONAL (opiniones)\",\"datePublished\":\"2014-10-23T23:44:34+00:00\",\"dateModified\":\"2014-10-23T23:44:34+00:00\",\"mainEntityOfPage\":{\"@id\":\"https:\/\/www.celttv.com.ar\/index.php\/2014\/10\/23\/la-prevencion-de-incendios-en-la-agenda-de-trabajo-regional-opiniones\/\"},\"wordCount\":645,\"publisher\":{\"@id\":\"https:\/\/www.celttv.com.ar\/#organization\"},\"articleSection\":[\"Comunidad\",\"Destacadas\",\"Pol\u00edtica\",\"Videos Destacados\"],\"inLanguage\":\"es\"},{\"@type\":\"WebPage\",\"@id\":\"https:\/\/www.celttv.com.ar\/index.php\/2014\/10\/23\/la-prevencion-de-incendios-en-la-agenda-de-trabajo-regional-opiniones\/\",\"url\":\"https:\/\/www.celttv.com.ar\/index.php\/2014\/10\/23\/la-prevencion-de-incendios-en-la-agenda-de-trabajo-regional-opiniones\/\",\"name\":\"LA PREVENCION DE INCENDIOS EN LA AGENDA DE TRABAJO REGIONAL (opiniones) - CELTTV\",\"isPartOf\":{\"@id\":\"https:\/\/www.celttv.com.ar\/#website\"},\"datePublished\":\"2014-10-23T23:44:34+00:00\",\"dateModified\":\"2014-10-23T23:44:34+00:00\",\"description\":\"Sitio web de noticias de la localidad de Tornquist, provincia de Buenos Aires, Rep\u00fablica Argentina. Contenido propio originado por periodistas de CELTTV, el canal de TV local de la Cooperativa El\u00e9ctrica de Tornquist. Turismo, Pol\u00edtica, Sociedad, Deporte, Cultura y todo el contenido de inter\u00e9s general que la gente del pueblo y la regi\u00f3n debe conocer.\",\"breadcrumb\":{\"@id\":\"https:\/\/www.celttv.com.ar\/index.php\/2014\/10\/23\/la-prevencion-de-incendios-en-la-agenda-de-trabajo-regional-opiniones\/#breadcrumb\"},\"inLanguage\":\"es\",\"potentialAction\":[{\"@type\":\"ReadAction\",\"target\":[\"https:\/\/www.celttv.com.ar\/index.php\/2014\/10\/23\/la-prevencion-de-incendios-en-la-agenda-de-trabajo-regional-opiniones\/\"]}]},{\"@type\":\"BreadcrumbList\",\"@id\":\"https:\/\/www.celttv.com.ar\/index.php\/2014\/10\/23\/la-prevencion-de-incendios-en-la-agenda-de-trabajo-regional-opiniones\/#breadcrumb\",\"itemListElement\":[{\"@type\":\"ListItem\",\"position\":1,\"name\":\"Inicio\",\"item\":\"https:\/\/www.celttv.com.ar\/\"},{\"@type\":\"ListItem\",\"position\":2,\"name\":\"LA PREVENCION DE INCENDIOS EN LA AGENDA DE TRABAJO REGIONAL (opiniones)\"}]},{\"@type\":\"WebSite\",\"@id\":\"https:\/\/www.celttv.com.ar\/#website\",\"url\":\"https:\/\/www.celttv.com.ar\/\",\"name\":\"CELTTV\",\"description\":\"Cooperativa El\u00e9ctrica de Tornquist\",\"publisher\":{\"@id\":\"https:\/\/www.celttv.com.ar\/#organization\"},\"potentialAction\":[{\"@type\":\"SearchAction\",\"target\":{\"@type\":\"EntryPoint\",\"urlTemplate\":\"https:\/\/www.celttv.com.ar\/?s={search_term_string}\"},\"query-input\":\"required name=search_term_string\"}],\"inLanguage\":\"es\"},{\"@type\":\"Organization\",\"@id\":\"https:\/\/www.celttv.com.ar\/#organization\",\"name\":\"CELTTV\",\"url\":\"https:\/\/www.celttv.com.ar\/\",\"sameAs\":[\"https:\/\/www.youtube.com\/channel\/UCz_oIt8Hig64Ub-EmcNPIhg\",\"https:\/\/www.facebook.com\/celtTV\/\"],\"logo\":{\"@type\":\"ImageObject\",\"inLanguage\":\"es\",\"@id\":\"https:\/\/www.celttv.com.ar\/#\/schema\/logo\/image\/\",\"url\":\"http:\/\/www.celttv.com.ar\/wp-content\/uploads\/2022\/08\/logo-1.png\",\"contentUrl\":\"http:\/\/www.celttv.com.ar\/wp-content\/uploads\/2022\/08\/logo-1.png\",\"width\":461,\"height\":159,\"caption\":\"CELTTV\"},\"image\":{\"@id\":\"https:\/\/www.celttv.com.ar\/#\/schema\/logo\/image\/\"}},{\"@type\":\"Person\",\"@id\":\"https:\/\/www.celttv.com.ar\/#\/schema\/person\/6d99c072dba59953809c81446e9d0ace\",\"name\":\"ulises\",\"image\":{\"@type\":\"ImageObject\",\"inLanguage\":\"es\",\"@id\":\"https:\/\/www.celttv.com.ar\/#\/schema\/person\/image\/\",\"url\":\"https:\/\/secure.gravatar.com\/avatar\/7f2c48bdc33b30088f941fb6082e555f2874c98e20cb159d7b92b50eadfce793?s=96&d=mm&r=g\",\"contentUrl\":\"https:\/\/secure.gravatar.com\/avatar\/7f2c48bdc33b30088f941fb6082e555f2874c98e20cb159d7b92b50eadfce793?s=96&d=mm&r=g\",\"caption\":\"ulises\"},\"sameAs\":[\"http:\/\/www.celttv.com.ar\"]}]}<\/script>\n<!-- \/ Yoast SEO plugin. -->","yoast_head_json":{"title":"LA PREVENCION DE INCENDIOS EN LA AGENDA DE TRABAJO REGIONAL (opiniones) - CELTTV","description":"Sitio web de noticias de la localidad de Tornquist, provincia de Buenos Aires, Rep\u00fablica Argentina. Contenido propio originado por periodistas de CELTTV, el canal de TV local de la Cooperativa El\u00e9ctrica de Tornquist. Turismo, Pol\u00edtica, Sociedad, Deporte, Cultura y todo el contenido de inter\u00e9s general que la gente del pueblo y la regi\u00f3n debe conocer.","robots":{"index":"index","follow":"follow","max-snippet":"max-snippet:-1","max-image-preview":"max-image-preview:large","max-video-preview":"max-video-preview:-1"},"canonical":"https:\/\/www.celttv.com.ar\/index.php\/2014\/10\/23\/la-prevencion-de-incendios-en-la-agenda-de-trabajo-regional-opiniones\/","og_locale":"es_ES","og_type":"article","og_title":"LA PREVENCION DE INCENDIOS EN LA AGENDA DE TRABAJO REGIONAL (opiniones) - CELTTV","og_description":"Sitio web de noticias de la localidad de Tornquist, provincia de Buenos Aires, Rep\u00fablica Argentina. Contenido propio originado por periodistas de CELTTV, el canal de TV local de la Cooperativa El\u00e9ctrica de Tornquist. Turismo, Pol\u00edtica, Sociedad, Deporte, Cultura y todo el contenido de inter\u00e9s general que la gente del pueblo y la regi\u00f3n debe conocer.","og_url":"https:\/\/www.celttv.com.ar\/index.php\/2014\/10\/23\/la-prevencion-de-incendios-en-la-agenda-de-trabajo-regional-opiniones\/","og_site_name":"CELTTV","article_publisher":"https:\/\/www.facebook.com\/celtTV\/","article_published_time":"2014-10-23T23:44:34+00:00","author":"ulises","twitter_card":"summary_large_image","twitter_misc":{"Escrito por":"ulises","Tiempo de lectura":"3 minutos"},"schema":{"@context":"https:\/\/schema.org","@graph":[{"@type":"NewsArticle","@id":"https:\/\/www.celttv.com.ar\/index.php\/2014\/10\/23\/la-prevencion-de-incendios-en-la-agenda-de-trabajo-regional-opiniones\/#article","isPartOf":{"@id":"https:\/\/www.celttv.com.ar\/index.php\/2014\/10\/23\/la-prevencion-de-incendios-en-la-agenda-de-trabajo-regional-opiniones\/"},"author":{"name":"ulises","@id":"https:\/\/www.celttv.com.ar\/#\/schema\/person\/6d99c072dba59953809c81446e9d0ace"},"headline":"LA PREVENCION DE INCENDIOS EN LA AGENDA DE TRABAJO REGIONAL (opiniones)","datePublished":"2014-10-23T23:44:34+00:00","dateModified":"2014-10-23T23:44:34+00:00","mainEntityOfPage":{"@id":"https:\/\/www.celttv.com.ar\/index.php\/2014\/10\/23\/la-prevencion-de-incendios-en-la-agenda-de-trabajo-regional-opiniones\/"},"wordCount":645,"publisher":{"@id":"https:\/\/www.celttv.com.ar\/#organization"},"articleSection":["Comunidad","Destacadas","Pol\u00edtica","Videos Destacados"],"inLanguage":"es"},{"@type":"WebPage","@id":"https:\/\/www.celttv.com.ar\/index.php\/2014\/10\/23\/la-prevencion-de-incendios-en-la-agenda-de-trabajo-regional-opiniones\/","url":"https:\/\/www.celttv.com.ar\/index.php\/2014\/10\/23\/la-prevencion-de-incendios-en-la-agenda-de-trabajo-regional-opiniones\/","name":"LA PREVENCION DE INCENDIOS EN LA AGENDA DE TRABAJO REGIONAL (opiniones) - CELTTV","isPartOf":{"@id":"https:\/\/www.celttv.com.ar\/#website"},"datePublished":"2014-10-23T23:44:34+00:00","dateModified":"2014-10-23T23:44:34+00:00","description":"Sitio web de noticias de la localidad de Tornquist, provincia de Buenos Aires, Rep\u00fablica Argentina. Contenido propio originado por periodistas de CELTTV, el canal de TV local de la Cooperativa El\u00e9ctrica de Tornquist. Turismo, Pol\u00edtica, Sociedad, Deporte, Cultura y todo el contenido de inter\u00e9s general que la gente del pueblo y la regi\u00f3n debe conocer.","breadcrumb":{"@id":"https:\/\/www.celttv.com.ar\/index.php\/2014\/10\/23\/la-prevencion-de-incendios-en-la-agenda-de-trabajo-regional-opiniones\/#breadcrumb"},"inLanguage":"es","potentialAction":[{"@type":"ReadAction","target":["https:\/\/www.celttv.com.ar\/index.php\/2014\/10\/23\/la-prevencion-de-incendios-en-la-agenda-de-trabajo-regional-opiniones\/"]}]},{"@type":"BreadcrumbList","@id":"https:\/\/www.celttv.com.ar\/index.php\/2014\/10\/23\/la-prevencion-de-incendios-en-la-agenda-de-trabajo-regional-opiniones\/#breadcrumb","itemListElement":[{"@type":"ListItem","position":1,"name":"Inicio","item":"https:\/\/www.celttv.com.ar\/"},{"@type":"ListItem","position":2,"name":"LA PREVENCION DE INCENDIOS EN LA AGENDA DE TRABAJO REGIONAL (opiniones)"}]},{"@type":"WebSite","@id":"https:\/\/www.celttv.com.ar\/#website","url":"https:\/\/www.celttv.com.ar\/","name":"CELTTV","description":"Cooperativa El\u00e9ctrica de Tornquist","publisher":{"@id":"https:\/\/www.celttv.com.ar\/#organization"},"potentialAction":[{"@type":"SearchAction","target":{"@type":"EntryPoint","urlTemplate":"https:\/\/www.celttv.com.ar\/?s={search_term_string}"},"query-input":"required name=search_term_string"}],"inLanguage":"es"},{"@type":"Organization","@id":"https:\/\/www.celttv.com.ar\/#organization","name":"CELTTV","url":"https:\/\/www.celttv.com.ar\/","sameAs":["https:\/\/www.youtube.com\/channel\/UCz_oIt8Hig64Ub-EmcNPIhg","https:\/\/www.facebook.com\/celtTV\/"],"logo":{"@type":"ImageObject","inLanguage":"es","@id":"https:\/\/www.celttv.com.ar\/#\/schema\/logo\/image\/","url":"http:\/\/www.celttv.com.ar\/wp-content\/uploads\/2022\/08\/logo-1.png","contentUrl":"http:\/\/www.celttv.com.ar\/wp-content\/uploads\/2022\/08\/logo-1.png","width":461,"height":159,"caption":"CELTTV"},"image":{"@id":"https:\/\/www.celttv.com.ar\/#\/schema\/logo\/image\/"}},{"@type":"Person","@id":"https:\/\/www.celttv.com.ar\/#\/schema\/person\/6d99c072dba59953809c81446e9d0ace","name":"ulises","image":{"@type":"ImageObject","inLanguage":"es","@id":"https:\/\/www.celttv.com.ar\/#\/schema\/person\/image\/","url":"https:\/\/secure.gravatar.com\/avatar\/7f2c48bdc33b30088f941fb6082e555f2874c98e20cb159d7b92b50eadfce793?s=96&d=mm&r=g","contentUrl":"https:\/\/secure.gravatar.com\/avatar\/7f2c48bdc33b30088f941fb6082e555f2874c98e20cb159d7b92b50eadfce793?s=96&d=mm&r=g","caption":"ulises"},"sameAs":["http:\/\/www.celttv.com.ar"]}]}},"_links":{"self":[{"href":"https:\/\/www.celttv.com.ar\/index.php\/wp-json\/wp\/v2\/posts\/24543","targetHints":{"allow":["GET"]}}],"collection":[{"href":"https:\/\/www.celttv.com.ar\/index.php\/wp-json\/wp\/v2\/posts"}],"about":[{"href":"https:\/\/www.celttv.com.ar\/index.php\/wp-json\/wp\/v2\/types\/post"}],"author":[{"embeddable":true,"href":"https:\/\/www.celttv.com.ar\/index.php\/wp-json\/wp\/v2\/users\/1"}],"replies":[{"embeddable":true,"href":"https:\/\/www.celttv.com.ar\/index.php\/wp-json\/wp\/v2\/comments?post=24543"}],"version-history":[{"count":0,"href":"https:\/\/www.celttv.com.ar\/index.php\/wp-json\/wp\/v2\/posts\/24543\/revisions"}],"wp:attachment":[{"href":"https:\/\/www.celttv.com.ar\/index.php\/wp-json\/wp\/v2\/media?parent=24543"}],"wp:term":[{"taxonomy":"category","embeddable":true,"href":"https:\/\/www.celttv.com.ar\/index.php\/wp-json\/wp\/v2\/categories?post=24543"},{"taxonomy":"post_tag","embeddable":true,"href":"https:\/\/www.celttv.com.ar\/index.php\/wp-json\/wp\/v2\/tags?post=24543"}],"curies":[{"name":"wp","href":"https:\/\/api.w.org\/{rel}","templated":true}]}}