{"id":24562,"date":"2014-10-24T18:12:26","date_gmt":"2014-10-24T18:12:26","guid":{"rendered":"http:\/\/www.tvcnoticias.com.ar\/?p=24562"},"modified":"2014-10-24T18:12:26","modified_gmt":"2014-10-24T18:12:26","slug":"sesiono-el-hcd-en-la-localidad-de-chasico-informe-videos-y-videoentrevistas","status":"publish","type":"post","link":"https:\/\/www.celttv.com.ar\/index.php\/2014\/10\/24\/sesiono-el-hcd-en-la-localidad-de-chasico-informe-videos-y-videoentrevistas\/","title":{"rendered":"SESIONO EL HCD. EN LA LOCALIDAD DE CHASICO (informe, videos y videoentrevistas)"},"content":{"rendered":"<p><a href=\"https:\/\/www.youtube.com\/watch?v=0HHSC-LoIx8\">httpv:\/\/www.youtube.com\/watch?v=0HHSC-LoIx8<\/a><br \/>\n<a href=\"https:\/\/www.youtube.com\/watch?v=q-f_YRA-2ko\">httpv:\/\/www.youtube.com\/watch?v=q-f_YRA-2ko<\/a><br \/>\n<a href=\"https:\/\/www.youtube.com\/watch?v=oY931RXv3BM\">httpv:\/\/www.youtube.com\/watch?v=oY931RXv3BM<\/a><br \/>\n<a href=\"https:\/\/www.youtube.com\/watch?v=cD0GqMaG0M8\">httpv:\/\/www.youtube.com\/watch?v=cD0GqMaG0M8<\/a><br \/>\n<a href=\"https:\/\/www.youtube.com\/watch?v=2fVIbhFSXnM\">httpv:\/\/www.youtube.com\/watch?v=2fVIbhFSXnM<\/a><br \/>\n<a href=\"https:\/\/www.youtube.com\/watch?v=A2_ChcPZEas\">httpv:\/\/www.youtube.com\/watch?v=A2_ChcPZEas<\/a><br \/>\n<a href=\"https:\/\/www.youtube.com\/watch?v=9mrpIfgC4lg\">httpv:\/\/www.youtube.com\/watch?v=9mrpIfgC4lg<\/a><br \/>\n<a href=\"https:\/\/www.youtube.com\/watch?v=OuX19fQQ9X8\">httpv:\/\/www.youtube.com\/watch?v=OuX19fQQ9X8<\/a><br \/>\n<a href=\"https:\/\/www.youtube.com\/watch?v=IJqDRMp_e_A\">httpv:\/\/www.youtube.com\/watch?v=IJqDRMp_e_A<\/a><br \/>\n<a href=\"https:\/\/www.youtube.com\/watch?v=kSknoD9DL8A\">httpv:\/\/www.youtube.com\/watch?v=kSknoD9DL8A<\/a><br \/>\n<strong><span style=\"text-decoration: underline;\">INFORME SESI\u00d3N ORDINARIA EN CHASIC\u00d3, DEL D\u00cdA 21-10-14<\/span><\/strong><br \/>\n<strong> <\/strong><br \/>\nTemas tratados:<br \/>\n&nbsp;<br \/>\n<strong><span style=\"text-decoration: underline;\">Comunicaciones Oficiales y Dict\u00e1menes de las Comisiones: <\/span><\/strong><br \/>\n<strong><span style=\"text-decoration: underline;\"> <\/span><\/strong><br \/>\n<strong><span style=\"text-decoration: underline;\">Departamento Ejecutivo Nota N\u00ba 093\/14:<\/span><\/strong> \u201cSolicita pr\u00f3rroga hasta el d\u00eda 10 de diciembre de 2014 para la elevaci\u00f3n del Proyecto de Ordenanza C\u00e1lculo de Recursos y Presupuesto de Gastos para el Ejercicio 2015\u201d.<br \/>\nSe aprueba por unanimidad la solicitud.<br \/>\n<strong> <\/strong><br \/>\n<strong><span style=\"text-decoration: underline;\">Expte. <\/span><\/strong><strong><span style=\"text-decoration: underline;\">N\u00ba 088\/04:<\/span><\/strong> \u201cD.E. \u2013 Gisler Juan Carlos, solicita renovaci\u00f3n Contrato de Concesi\u00f3n \u201cCantina y Balneario Municipal Parque Norte\u201d.<br \/>\nSe solicita tratamiento sobre Tablas.<br \/>\nSe aprueba por unanimidad la Ordenanza con el N\u00ba 2696\/14 por la que se refrenda lo actuado en el Decreto N\u00ba 1030\/14, emitido por el\u00a0 Departamento Ejecutivo Municipal con fecha 16 de Octubre de 2014.<br \/>\nMediante este Decreto de fecha 16 de octubre del corriente a\u00f1o, se procedi\u00f3 a aceptar la rescisi\u00f3n contractual presentada por el concesionario de la Cantina y el Balneario Municipal Parque Norte, ad refer\u00e9ndum del Honorable Concejo Deliberante.<br \/>\nLa fecha de entrega y toma de posesi\u00f3n y tenencia a este Municipio debe operar como \u00faltimo t\u00e9rmino el d\u00eda 21 de noviembre del corriente a\u00f1o.<br \/>\nA los fines antes mencionados se debe efectuar el inventario de dicha unidad fiscal y mensurar econ\u00f3micamente tanto las obras como as\u00ed mismo faltantes de obligaciones esenciales.<br \/>\nPor los tiempos administrativos demandados tanto por la confecci\u00f3n de pliegos como por los procedimientos licitatorios, y dada la proximidad de la temporada estival, es imperioso contar con un concesionario para la explotaci\u00f3n de la unidad Fiscal como excepci\u00f3n bajo permiso precario, hasta el fin de la temporada tur\u00edstica, por la que se llama a presentaci\u00f3n p\u00fablica de oferentes para la explotaci\u00f3n de esta unidad fiscal a instituciones de bien p\u00fablico de la localidad de Tornquist.<br \/>\nTodas las cuestiones antes mencionadas se encuentran contempladas por el acto administrativo mencionado ut supra, emitido por el Poder Ejecutivo en concordancia con el dictamen de la Asesor\u00eda Legal Municipal.<br \/>\n&nbsp;<br \/>\n<strong><span style=\"text-decoration: underline;\">Expte. <\/span><\/strong><strong><span style=\"text-decoration: underline;\">N\u00ba 061\/14:<\/span><\/strong> \u201cD.E. \u2013 Ajuste Escala Salarial Ejercicio 2014\u201d.<br \/>\nSe solicita tratamiento sobre Tablas.<br \/>\nSe aprueba por unanimidad la Ordenanza con el N\u00ba 2697\/14 por la que se otorga una bonificaci\u00f3n especial de car\u00e1cter remunerativa\u00a0 equivalente al 5% (cinco por ciento) del sueldo b\u00e1sico, para el mes de octubre de 2014, para todo el personal municipal.<br \/>\n&nbsp;<br \/>\n<strong><span style=\"text-decoration: underline;\">Expte. <\/span><\/strong><strong><span style=\"text-decoration: underline;\">N\u00ba 6638\/14:<\/span><\/strong> \u201cN.P. \u2013 Leguizam\u00f3n, Nelson Eduardo \u2013 Proyecto: Actividades acu\u00e1ticas y recreativas destinadas a personas de la 3\u00ba edad de los pueblos aleda\u00f1os a Sierra de la Ventana y de la ciudad de Tornquist, a llevar a cabo en el Centro Recreativo \u201cCo-Hue\u201d piletas municipales ubicada en Diego Meyer s\/n de Sierra de la Ventana\u201d.<br \/>\nPasa a las Comisiones de Asuntos Municipales, Salud P\u00fablica y Presupuesto y Hacienda.<br \/>\n&nbsp;<br \/>\n<strong><span style=\"text-decoration: underline;\">Expte. <\/span><\/strong><strong><span style=\"text-decoration: underline;\">N\u00ba 4114-305\/14:<\/span><\/strong> \u201c\u00c1rea Regularizaci\u00f3n Dominial \u2013 Adjudicatarios del Plan \u201c15 Viviendas por P.V.P.\u201d \u2013 11 Viviendas Mz. 89 b y 4 en terrenos propios \u2013 Localidad Saldungaray\u201d.<br \/>\nSeg\u00fan dictamen de la Comisi\u00f3n de OBRAS P\u00daBLICAS, se aprueba por unanimidad la Ordenanza con el N\u00ba 2694\/14 \u00a0por la que se deroga en todos sus t\u00e9rminos la Ordenanza N\u00ba 2481\/12. Aprueba las\u00a0bajas\u00a0producidas en el n\u00facleo habitacional que se indica, correspondiente a la Operatoria\u00a0\u00a0&#8220;Plan P.V.P. 15 Viviendas:<br \/>\n<strong> <\/strong><\/p>\n<table border=\"0\" cellspacing=\"0\" cellpadding=\"0\" width=\"535\">\n<tbody>\n<tr>\n<td width=\"45\" valign=\"top\">Circ<\/td>\n<td width=\"40\" valign=\"top\">Sec<\/td>\n<td width=\"44\" valign=\"top\">Mz<\/td>\n<td width=\"37\" valign=\"top\">Pla<\/td>\n<td width=\"59\" valign=\"top\">Pda<\/td>\n<td width=\"47\" valign=\"top\">Casa<\/td>\n<td width=\"133\" valign=\"top\">Domicilio<\/td>\n<td width=\"129\" valign=\"top\">Adjudicatario<\/td>\n<\/tr>\n<tr>\n<td width=\"45\" valign=\"top\">IX<\/td>\n<td width=\"40\" valign=\"top\">A<\/td>\n<td width=\"44\" valign=\"top\">89 B<\/td>\n<td width=\"37\" valign=\"top\">6<\/td>\n<td width=\"59\" valign=\"top\">16226<\/td>\n<td width=\"47\" valign=\"top\">5<\/td>\n<td width=\"133\" valign=\"top\">Victoria N\u00ba 765<\/td>\n<td width=\"129\" valign=\"top\">GOYCOCHEA, H\u00e9ctor<\/td>\n<\/tr>\n<tr>\n<td width=\"45\" valign=\"top\">IX<\/td>\n<td width=\"40\" valign=\"top\">A<\/td>\n<td width=\"44\" valign=\"top\">89 B<\/td>\n<td width=\"37\" valign=\"top\">10<\/td>\n<td width=\"59\" valign=\"top\">16230<\/td>\n<td width=\"47\" valign=\"top\">11<\/td>\n<td width=\"133\" valign=\"top\">Islas Malvinas N\u00ba 790<\/td>\n<td width=\"129\" valign=\"top\">VALENZUELA, Carlos<\/td>\n<\/tr>\n<tr>\n<td width=\"45\" valign=\"top\">IX<\/td>\n<td width=\"40\" valign=\"top\">A<\/td>\n<td width=\"44\" valign=\"top\">89 B<\/td>\n<td width=\"37\" valign=\"top\">11<\/td>\n<td width=\"59\" valign=\"top\">16231<\/td>\n<td width=\"47\" valign=\"top\">10<\/td>\n<td width=\"133\" valign=\"top\">Islas Malvinas N\u00ba 788<\/td>\n<td width=\"129\" valign=\"top\">BENITEZ, Andrea<\/td>\n<\/tr>\n<\/tbody>\n<\/table>\n<p>&nbsp;<br \/>\nSe asigna los adjudicatarios del Plan P.V.P. de quince (15) Viviendas ubicadas en la localidad de Saldungaray, Partido de Tornquist, cuya localizaci\u00f3n es once (11) viviendas en la Mz. 89B y cuatro (4) viviendas en terrenos propios.-<br \/>\n<span style=\"text-decoration: underline;\">A L T A S<\/span><br \/>\n&nbsp;<\/p>\n<table border=\"0\" cellspacing=\"0\" cellpadding=\"0\" width=\"640\">\n<tbody>\n<tr>\n<td width=\"45\" valign=\"top\">Circ<\/td>\n<td width=\"43\" valign=\"top\">Sec<\/td>\n<td width=\"52\" valign=\"top\">Mz<\/td>\n<td width=\"38\" valign=\"top\">Pla<\/td>\n<td width=\"73\" valign=\"top\">Pda<\/td>\n<td width=\"50\" valign=\"top\">Casa<\/td>\n<td width=\"142\" valign=\"top\">Domicilio<\/td>\n<td width=\"198\" valign=\"top\">Adjudicatario<\/td>\n<\/tr>\n<tr>\n<td width=\"45\" valign=\"top\">IX<\/td>\n<td width=\"43\" valign=\"top\">A<\/td>\n<td width=\"52\" valign=\"top\">89 B<\/td>\n<td width=\"38\" valign=\"top\">2<\/td>\n<td width=\"73\" valign=\"top\">16222<\/td>\n<td width=\"50\" valign=\"top\">1<\/td>\n<td width=\"142\" valign=\"top\">Victoria N\u00ba 721<\/td>\n<td width=\"198\" valign=\"top\">MONTIBELLER, Carlos Hugo<\/td>\n<\/tr>\n<tr>\n<td width=\"45\" valign=\"top\">IX<\/td>\n<td width=\"43\" valign=\"top\">A<\/td>\n<td width=\"52\" valign=\"top\">89 B<\/td>\n<td width=\"38\" valign=\"top\">3<\/td>\n<td width=\"73\" valign=\"top\">16223<\/td>\n<td width=\"50\" valign=\"top\">2<\/td>\n<td width=\"142\" valign=\"top\">Victoria N\u00ba 723<\/td>\n<td width=\"198\" valign=\"top\">CARDOSO, Teresa Elena<\/td>\n<\/tr>\n<tr>\n<td width=\"45\" valign=\"top\">IX<\/td>\n<td width=\"43\" valign=\"top\">A<\/td>\n<td width=\"52\" valign=\"top\">89 B<\/td>\n<td width=\"38\" valign=\"top\">4<\/td>\n<td width=\"73\" valign=\"top\">16224<\/td>\n<td width=\"50\" valign=\"top\">3<\/td>\n<td width=\"142\" valign=\"top\">Victoria N\u00ba 743<\/td>\n<td width=\"198\" valign=\"top\">PRADO, Zulma Beatriz<\/td>\n<\/tr>\n<tr>\n<td width=\"45\" valign=\"top\">IX<\/td>\n<td width=\"43\" valign=\"top\">A<\/td>\n<td width=\"52\" valign=\"top\">89 B<\/td>\n<td width=\"38\" valign=\"top\">5<\/td>\n<td width=\"73\" valign=\"top\">16225<\/td>\n<td width=\"50\" valign=\"top\">4<\/td>\n<td width=\"142\" valign=\"top\">Victoria N\u00ba 745<\/td>\n<td width=\"198\" valign=\"top\">CRISTENSSEN, Santo Miguel<\/td>\n<\/tr>\n<tr>\n<td width=\"45\" valign=\"top\">IX<\/td>\n<td width=\"43\" valign=\"top\">A<\/td>\n<td width=\"52\" valign=\"top\">89B<\/td>\n<td width=\"38\" valign=\"top\">6<\/td>\n<td width=\"73\" valign=\"top\">16226<\/td>\n<td width=\"50\" valign=\"top\">5<\/td>\n<td width=\"142\" valign=\"top\">Victoria N\u00ba 765<\/td>\n<td width=\"198\" valign=\"top\">MONACO, Betsab\u00e9 Marcela<\/td>\n<\/tr>\n<tr>\n<td width=\"45\" valign=\"top\">IX<\/td>\n<td width=\"43\" valign=\"top\">A<\/td>\n<td width=\"52\" valign=\"top\">89B<\/td>\n<td width=\"38\" valign=\"top\">7<\/td>\n<td width=\"73\" valign=\"top\">16227<\/td>\n<td width=\"50\" valign=\"top\">6<\/td>\n<td width=\"142\" valign=\"top\">Victoria N\u00ba 767<\/td>\n<td width=\"198\" valign=\"top\">ALFARAZ, Daniel<\/td>\n<\/tr>\n<tr>\n<td width=\"45\" valign=\"top\">IX<\/td>\n<td width=\"43\" valign=\"top\">A<\/td>\n<td width=\"52\" valign=\"top\">89B<\/td>\n<td width=\"38\" valign=\"top\">8<\/td>\n<td width=\"73\" valign=\"top\">16228<br \/>\n&nbsp;<\/td>\n<td width=\"50\" valign=\"top\">7<\/td>\n<td width=\"142\" valign=\"top\">Victoria N\u00ba 787<\/td>\n<td width=\"198\" valign=\"top\">GANDOLFI, Mabel Amelia<\/td>\n<\/tr>\n<tr>\n<td width=\"45\" valign=\"top\">IX<\/td>\n<td width=\"43\" valign=\"top\">A<\/td>\n<td width=\"52\" valign=\"top\">89B<\/td>\n<td width=\"38\" valign=\"top\">9<\/td>\n<td width=\"73\" valign=\"top\">16229<\/td>\n<td width=\"50\" valign=\"top\">8<\/td>\n<td width=\"142\" valign=\"top\">Victoria N\u00ba 789<\/td>\n<td width=\"198\" valign=\"top\">BLANCO, An\u00edbal<\/td>\n<\/tr>\n<tr>\n<td width=\"45\" valign=\"top\">IX<\/td>\n<td width=\"43\" valign=\"top\">A<\/td>\n<td width=\"52\" valign=\"top\">89B<\/td>\n<td width=\"38\" valign=\"top\">10<\/td>\n<td width=\"73\" valign=\"top\">16230<\/td>\n<td width=\"50\" valign=\"top\">11<\/td>\n<td width=\"142\" valign=\"top\">Islas Malvinas N\u00ba790<\/td>\n<td width=\"198\" valign=\"top\">MENDIETA, Graciela Edith<\/td>\n<\/tr>\n<tr>\n<td width=\"45\" valign=\"top\">IX<\/td>\n<td width=\"43\" valign=\"top\">A<\/td>\n<td width=\"52\" valign=\"top\">89B<\/td>\n<td width=\"38\" valign=\"top\">11<\/td>\n<td width=\"73\" valign=\"top\">16231<\/td>\n<td width=\"50\" valign=\"top\">10<\/td>\n<td width=\"142\" valign=\"top\">Islas Malvinas N\u00ba788<\/td>\n<td width=\"198\" valign=\"top\">BENITEZ, Cristian N\u00e9stor<\/td>\n<\/tr>\n<tr>\n<td width=\"45\" valign=\"top\">IX<\/td>\n<td width=\"43\" valign=\"top\">A<\/td>\n<td width=\"52\" valign=\"top\">89B<\/td>\n<td width=\"38\" valign=\"top\">12<\/td>\n<td width=\"73\" valign=\"top\">16232<\/td>\n<td width=\"50\" valign=\"top\">9<\/td>\n<td width=\"142\" valign=\"top\">Islas Malvinas N\u00ba 778<\/td>\n<td width=\"198\" valign=\"top\">ALONSO, Sergio Arnaldo<\/td>\n<\/tr>\n<tr>\n<td width=\"45\" valign=\"top\">IX<\/td>\n<td width=\"43\" valign=\"top\">A<\/td>\n<td width=\"52\" valign=\"top\">34<\/td>\n<td width=\"38\" valign=\"top\">7<\/td>\n<td width=\"73\" valign=\"top\">55<\/td>\n<td width=\"50\" valign=\"top\">12<\/td>\n<td width=\"142\" valign=\"top\">San Pedro N\u00ba 478<\/td>\n<td width=\"198\" valign=\"top\">IBARRA, Abel y VERGARA, Mar\u00eda Manuela<\/td>\n<\/tr>\n<tr>\n<td width=\"45\" valign=\"top\">IX<\/td>\n<td width=\"43\" valign=\"top\">A<\/td>\n<td width=\"52\" valign=\"top\">41<\/td>\n<td width=\"38\" valign=\"top\">10<\/td>\n<td width=\"73\" valign=\"top\">14646<\/td>\n<td width=\"50\" valign=\"top\">13<\/td>\n<td width=\"142\" valign=\"top\">Av. Juan Bautista Gil N\u00ba   210<\/td>\n<td width=\"198\" valign=\"top\">BELATE, Javier Hernando<\/td>\n<\/tr>\n<tr>\n<td width=\"45\" valign=\"top\">IX<\/td>\n<td width=\"43\" valign=\"top\">A<\/td>\n<td width=\"52\" valign=\"top\">71<\/td>\n<td width=\"38\" valign=\"top\">1a<\/td>\n<td width=\"73\" valign=\"top\">1258<\/td>\n<td width=\"50\" valign=\"top\">14<\/td>\n<td width=\"142\" valign=\"top\">Av. Juan Bautista Gil N\u00ba   502<\/td>\n<td width=\"198\" valign=\"top\">ETCHEBER, Daniel Domingo<\/td>\n<\/tr>\n<tr>\n<td width=\"45\" valign=\"top\">IX<\/td>\n<td width=\"43\" valign=\"top\">A<\/td>\n<td width=\"52\" valign=\"top\">88<\/td>\n<td width=\"38\" valign=\"top\">12<\/td>\n<td width=\"73\" valign=\"top\">1749<\/td>\n<td width=\"50\" valign=\"top\">15<\/td>\n<td width=\"142\" valign=\"top\">Roca N\u00ba 750<\/td>\n<td width=\"198\" valign=\"top\">PERRONE, Gustavo Miguel<\/td>\n<\/tr>\n<\/tbody>\n<\/table>\n<p>&nbsp;<br \/>\nSe declara de Inter\u00e9s Social\u00a0la escrituraci\u00f3n\u00a0 de los mencionados inmuebles a\u00a0cada familia beneficiaria, en los t\u00e9rminos del Art\u00edculo 4\u00ba inciso d) de la Ley N\u00ba 10.830, para proceder ante la Escriban\u00eda  General de Gobierno de la Provincia de Bs. Aires.-<br \/>\n&nbsp;<br \/>\n<strong><span style=\"text-decoration: underline;\">Expte. <\/span><\/strong><strong><span style=\"text-decoration: underline;\">N\u00ba 324\/14:<\/span><\/strong> \u201cD.E. \u2013 Nominaci\u00f3n espacio recreativo \u201cPaseo Peatonal Gerardo Pedro Rattero\u201d\u201d.<br \/>\nDe acuerdo al dictamen de las Comisiones de ASUNTOS MUNICIPALES Y OBRAS P\u00daBLICAS se aprueba por unanimidad la Ordenanza bajo el N\u00ba 2695\/14 por la que se denomina al Espacio Recreativo que comunica la planta urbana de la ciudad de Tornquist con el Establecimiento Educativo en el cual actualmente desarrollan sus actividades la Escuela T\u00e9cnica N\u00ba 1 y el Centro de Formaci\u00f3n Profesional N\u00ba 402, con el nombre de \u201cPaseo Peatonal Gerardo Pedro Rattero\u201d.<br \/>\n&nbsp;<br \/>\n<strong><span style=\"text-decoration: underline;\">Expte. <\/span><\/strong><strong><span style=\"text-decoration: underline;\">N\u00ba 6617\/14:<\/span><\/strong> \u201cBloque Frente Renovador \u2013 Pedido de Informe: Ref. medidores de agua en la ciudad de Tornquist\u201d.<br \/>\nSe aprueba por unanimidad el dictamen de la Comisi\u00f3n de OBRAS P\u00daBLICAS que \u00a0aconseja enviar el mismo al Archivo.<br \/>\n&nbsp;<br \/>\n<strong><span style=\"text-decoration: underline;\">Expte. <\/span><\/strong><strong><span style=\"text-decoration: underline;\">N\u00ba 6644\/14:<\/span><\/strong> \u201cN.P. \u2013 Asociaci\u00f3n de Fomento y Comunidad de Chasic\u00f3: Solicitan un patrullero en condiciones para la localidad\u201d.<br \/>\nSe aprueba por unanimidad el dictamen de la\u00a0  Comisi\u00f3n de ASUNTOS MUNICIPALES, que aconseja enviar copia de la\u00a0 respuesta solicitada a la Secretar\u00eda de Seguridad a la Asociaci\u00f3n de Fomento y comunidad de Chasic\u00f3 para su toma de conocimiento y evaluaci\u00f3n. Pasado este tr\u00e1mite el Expediente pasa al Archivo.<br \/>\n&nbsp;<br \/>\n<strong><span style=\"text-decoration: underline;\">Expte. <\/span><\/strong><strong><span style=\"text-decoration: underline;\">N\u00ba 6663\/14:<\/span><\/strong> \u201cN.P. \u2013 Biblioteca Popular Mariano Moreno: Manifiesta la situaci\u00f3n econ\u00f3mica que deben afrontar anualmente y solicitan alg\u00fan tipo de soluci\u00f3n por parte del Estado\u201d.<br \/>\nSe aprueba por unanimidad el dictamen de las Comisiones de ASUNTOS MUNICIPALES y PRESUPUESTO Y HACIENDA \u00a0que aconseja enviar el mismo al Departamento Ejecutivo para que analice y emita la respuesta correspondiente.<br \/>\n&nbsp;<br \/>\n<strong><span style=\"text-decoration: underline;\">Expte. <\/span><\/strong><strong><span style=\"text-decoration: underline;\">N\u00ba 6664\/14:<\/span><\/strong> \u201cBloque F.P.C. y S.: Solicita se realice consulta al Honorable Tribunal de Cuentas\u201d.<br \/>\nSe aprueba por unanimidad el dictamen de las Comisiones de ASUNTOS MUNICIPALES e INTERPRETACI\u00d3N Y REGLAMENTO que aconseja enviar la consulta realizada al Honorable Tribunal de Cuentas.-<br \/>\n&nbsp;<br \/>\n<strong><span style=\"text-decoration: underline;\">Expte. <\/span><\/strong><strong><span style=\"text-decoration: underline;\">N\u00ba 6666\/14:<\/span><\/strong> \u201cN.P. \u2013 Sindicato de Trabajadores Municipales de Tornquist: Solicita listado de los Agentes Municipales que est\u00e9n en situaci\u00f3n de tr\u00e1mite jubilatorio\u201d.<br \/>\nSe aprueba por unanimidad el dictamen de la Comisi\u00f3n de ASUNTOS MUNICIPALES que aconseja enviar el mismo para su respuesta al Departamento de Recursos Humanos.-<br \/>\n&nbsp;<br \/>\n<strong><span style=\"text-decoration: underline;\">Proyectos Presentados<\/span><\/strong><br \/>\n<strong><span style=\"text-decoration: underline;\"> <\/span><\/strong><br \/>\nSolicita la palabra el Concejal Ant\u00f3n V\u00edctor:<br \/>\n\u201cSi, quer\u00eda hacer\u00a0 menci\u00f3n al Expediente sesenta y seis cuarenta y cuatro del dos mil catorce, en donde la  Asociaci\u00f3n de Fomento y la Comunidad de Chasic\u00f3 solicitan un patrullero en condiciones para la localidad. Entiendo que este es un tema al que quer\u00eda hacer referencia porque estamos ahora con los vecinos presentes y entendemos por lo que hemos conversado con el Secretario de Seguridad que el m\u00f3vil se encuentra en condiciones y prontamente est\u00e1 para hacer ya la verificaci\u00f3n t\u00e9cnica, con lo cual entiendo de que esta solicitud de la Asociaci\u00f3n de Fomento en principio estar\u00eda solucionado el tema. Quer\u00eda hacer esa aclaraci\u00f3n nada m\u00e1s, por si hay alguna otra opini\u00f3n al respecto\u201d.<br \/>\n&nbsp;<br \/>\nConcejal Moroncini Gustavo:<br \/>\n\u201cSi, est\u00e1 bien, en este momento tal vez est\u00e9 en condiciones el veh\u00edculo, cuando nos enviaron la nota y la contestaci\u00f3n, porque lo que en realidad\u00a0 lo que a mi me llam\u00f3 la atenci\u00f3n fue la contestaci\u00f3n del Comisario Retamozo, que creo a mi entender un poco dura con el oficial de polic\u00eda de la localidad. Por eso pedimos en el dictamen que se le env\u00ede una nota, la misma contestaci\u00f3n, las copias de las fojas a la Sociedad de Fomento para que puedan analizar y evaluar la misma, m\u00e1s all\u00e1 de que el auto hoy,\u00a0 la camioneta est\u00e9 en condiciones. Nada m\u00e1s Presidente\u201d.<br \/>\n&nbsp;<br \/>\nConcejal Mar\u00eda Graciela Musso:<br \/>\n\u201cQuer\u00eda expresar que olvid\u00e9 comunicarle al Concejal Moroncini, porque estuvimos conversando precisamente respecto de los conceptos vertidos por el Comisario Retamozo. Consult\u00e1ndolo con la Secretar\u00eda de Seguridad se me comunic\u00f3 que Asuntos Internos de\u00a0 Polic\u00eda maneja estas situaciones con respecto a las entregas de los patrulleros, as\u00ed, o sea, es una cuesti\u00f3n de organizaci\u00f3n interna, m\u00e1s all\u00e1 de que comparto con el Concejal Moroncini, creo que todos quienes hemos le\u00eddo la nota resulta un poco dura respecto de quien es el responsable del patrullero, pero, bueno, es una cuesti\u00f3n de administraci\u00f3n, y que escapa a lo que podamos opinar o no respecto de lo que el Comisario expres\u00f3. Muchas gracias Sr. Presidente\u201d.<br \/>\n&nbsp;<br \/>\nConcejal Moroncini Gustavo:<br \/>\n\u201cSi, est\u00e1 bien, m\u00e1s all\u00e1 de las aclaraciones igual creo que es oportuno que la gente de la Sociedad de Fomento tenga la respuesta porque ellos son los que realmente conocen el estado y en las condiciones que se encontraba el m\u00f3vil al oficial de la polic\u00eda, as\u00ed que yo lo que creo que fue lo m\u00e1s acertado para dilucidar el tema y que quede claro, nada m\u00e1s, pasa por ah\u00ed. Muchas gracias\u201d.<br \/>\n&nbsp;<br \/>\n<strong><span style=\"text-decoration: underline;\">Bloque Frente para la Victoria: Proyecto de Ordenanza:<\/span><\/strong> Establecer\u00a0en el \u00e1mbito de la  Municipalidad de Tornquist la promoci\u00f3n de la \u201cParticipaci\u00f3n social para la lucha contra las adicciones\u201d, compromiso social\u00a0que deber\u00e1\u00a0convocar a todos los sectores p\u00fablicos y privados para promover la cooperaci\u00f3n y coordinaci\u00f3n de acciones dirigidas a\u00a0\u00a0la prevenci\u00f3n del\u00a0problema que implica el consumo de drogas en sus diferentes manifestaciones.<br \/>\nCrear en el \u00e1mbito de la Municipalidad de Tornquist, bajo la \u00f3rbita de la  Secretar\u00eda de Salud y Bromatolog\u00eda, el Foro Distrital de Participaci\u00f3n social para la lucha contra las adicciones<em>. <\/em><br \/>\nSi hay asentimiento en el cuerpo solicito formaci\u00f3n de Expediente y pase a Comisi\u00f3n.<br \/>\n&nbsp;<br \/>\n<strong><span style=\"text-decoration: underline;\">Bloques Frente Progresista C\u00edvico y Social, Uni\u00f3n C\u00edvica Radical, Coalici\u00f3n C\u00edvica y Frente Renovador: Proyecto de Resoluci\u00f3n:<\/span><\/strong> Dispone celebrar una Sesi\u00f3n Ordinaria del Honorable Concejo Deliberante de Tornquist en la localidad de Sierra de la Ventana, el d\u00eda lunes 3 de Noviembre del corriente a\u00f1o a las 20 hs. en instalaciones del Club Atl\u00e9tico Ventana.<br \/>\nSe solicita formaci\u00f3n de Expediente y tratamiento sobre Tablas.<br \/>\nSe aprueba por unanimidad la Resoluci\u00f3n N\u00ba 21\/14 por la que se establece realizar la Sesi\u00f3n Ordinaria de fecha 3 de noviembre en la localidad de Sierra de la Ventana.<br \/>\n&nbsp;<br \/>\n<strong><span style=\"text-decoration: underline;\">Bloques Frente Progresista C\u00edvico y Social, Uni\u00f3n C\u00edvica Radical, Coalici\u00f3n C\u00edvica y Frente Renovador: Minuta de Comunicaci\u00f3n:<\/span><\/strong> Solicita al Sr. Intendente Municipal a que arbitre los medios para que en el Presupuesto a presentarse para el ejercicio 2015 se contemple la compra de una ambulancia 0 km. para destinarla a la Unidad Sanitaria de la Localidad de Chasic\u00f3.<br \/>\nSi hay asentimiento en el cuerpo solicito formaci\u00f3n de Expediente y pase a Comisi\u00f3n.<br \/>\n&nbsp;<br \/>\nConcejal Ant\u00f3n V\u00edctor:<br \/>\n\u201cSi, respecto a este tema, m\u00e1s all\u00e1 de que consideramos viable el pase a Comisi\u00f3n de la Minuta de Comunicaci\u00f3n, nosotros hemos tomado contacto con integrantes del Departamento Ejecutivo, y sabemos que el Intendente viene gestionando este tema, y que est\u00e1 pronto a concretarse la posibilidad de tener una nueva ambulancia para la localidad de Chasic\u00f3, igual que como viene ocurriendo con las otras localidades, por lo cual solicitar\u00eda si por Secretar\u00eda se puede leer esta nota que ha elevado el Intendente Municipal al Ministerio de Desarrollo Social y por lo que sabemos del estado del Expediente que prontamente va a tener resoluci\u00f3n y vamos a poder contar con ese veh\u00edculo tan ansiado para los vecinos de Chasic\u00f3. Nada m\u00e1s Sr. Presidente\u201d.<br \/>\n&nbsp;<br \/>\nSe da lectura a la nota enviada por el Intendente Municipal al Ministerio de Desarrollo Social.<br \/>\n&nbsp;<br \/>\n<strong><span style=\"text-decoration: underline;\">Bloques Frente Progresista C\u00edvico y Social, Uni\u00f3n C\u00edvica Radical, y Coalici\u00f3n C\u00edvica: Minuta de Comunicaci\u00f3n:<\/span><\/strong> Solicita al Departamento Ejecutivo Municipal\u00a0\u00a0 que en forma\u00a0\u00a0 urgente arbitre los medios para que, revistiendo el car\u00e1cter de representante del Municipio de Tornquist, tome posesi\u00f3n de la fracci\u00f3n de campo perteneciente a la  Municipalidad de Tornquist, ubicada en cercan\u00eda de la localidad de Sierra de la Ventana y cuya Nomenclatura catastral es Circunscripci\u00f3n: 9. Parcela: 576 J. Partida 006220 \u2013 6,\u00a0 de 154 Has. de superficie.<br \/>\nSolicita a la Sra. Intendente Municipal Interina, Prof. Mar\u00eda Ofelia Skolak a que se constituya en el citado predio, con un\u00a0 Agrimensor que la asista al efecto, a los fines de proceder a la mensura y amojonamiento del lugar con el objeto de marcar los l\u00edmites del citado predio municipal.<br \/>\nSi hay asentimiento en el cuerpo solicito formaci\u00f3n de Expediente y pase a Comisi\u00f3n.<br \/>\n&nbsp;<br \/>\nConcejal Ant\u00f3n V\u00edctor:<br \/>\n\u201cSi, respecto a este tema recuerdo que hemos tenido una reuni\u00f3n hace aproximadamente un mes atr\u00e1s con el Asesor Letrado, quien nos explicaba sobre las, sobre los pormenores del tema, y que se iba a encargar. Bueno, en estos d\u00edas hablando con la Intendente Interina, ya se ha tomado contacto con Fiscal\u00eda de Estado, el Fiscal de Estado est\u00e1 interviniendo, y seguramente que cuando este Expediente vuelva, seguramente que luego de\u00a0 la Comisi\u00f3n pasar\u00e1 al Ejecutivo, y cuando este Expediente vuelva tendremos la respuesta del Fiscal de Estado, quien va a tomar intervenci\u00f3n en el tema, vuelvo a repetir, por comunicaciones que han tenido la Intendente  Interina y el Asesor Letrado con\u00a0 el mismo. Nada m\u00e1s Sr. Presidente\u201d.<br \/>\n&nbsp;<br \/>\nEl Presidente del Honorable Concejo Deliberante solicita al Vicepresidente Primero, Concejal Moroncini Gustavo que se haga cargo de la Presidencia, para poder hacer uso de la palabra desde la Banca.<br \/>\n&nbsp;<br \/>\nConcejal Bordoni Sergio:<br \/>\n\u201cSobre este tema quiero expresar mi, mi decisi\u00f3n, y que hemos tenido con todos los Bloques que conformamos esta Minuta de Comunicaci\u00f3n. Este s\u00e1bado anterior fuimos al predio, sobre todo porque habl\u00e1bamos exactamente de algo que no sab\u00edamos c\u00f3mo era, y realmente, la verdad es que cuando nos encontramos y que pudimos llegar porque fuimos a Sierras Grandes, otro tema que quiero tocar despu\u00e9s, pero que pudimos llegar gracias a que los due\u00f1os de Sierras Grandes, del establecimiento de Sierras Grandes pudieron hacer un juicio de posesi\u00f3n, no de posesi\u00f3n sino de servidumbre de paso para poder llegar hasta ah\u00ed, sino nosotros no ten\u00edamos forma de llegar porque est\u00e1 en un establecimiento privado esas ciento cincuenta y cuatro hect\u00e1reas. Hace nada m\u00e1s que diecinueve a\u00f1os que se vienen explotando esas ciento cincuenta y cuatro hect\u00e1reas y yo me acuerdo que ni bien asumimos como Concejales en una de las reuniones que se hicieron de trabajo en la localidad de Sierra de la Ventana mucha gente nos preguntaba por qu\u00e9 no se pod\u00eda hacer el camino de circunvalaci\u00f3n en Sierra de la  Ventana, teniendo tierras que eran nuestras y que el se\u00f1or que las estaba ocupando en este momento ten\u00eda, sobre todo en el Camino de las Carretas campo de su propiedad, por qu\u00e9 no hac\u00edamos un intercambio, una serie de cosas. Al preguntar a la Asesor\u00eda Legal nuestra se nos respond\u00eda que ten\u00eda un cuerpo de abogados muy importante, que era muy dif\u00edcil ganarle juicios a este se\u00f1or, y que tampoco se sab\u00eda si las tierras de las que estamos hablando eran o no de la Municipalidad de Tornquist, de hecho, nuestra Asesor\u00eda Legal, digo nuestra porque tambi\u00e9n es nuestra Asesor\u00eda Legal la que est\u00e1 en el Municipio de Tornquist, no pod\u00eda hacerse del Certificado de Dominio de estas tierras, cosa que en poco m\u00e1s de veinte o treinta d\u00edas que nosotros la pudimos pedir, nos hicimos de ese Certificado de Dominio como consta en la Minuta de Comunicaci\u00f3n, y figura exactamente que son de la Municipalidad de Tornquist. El pedido que nosotros hac\u00edamos, la verdad es que no nos interesaba si el cuerpo de abogados de este se\u00f1or era muy importante, de hecho perdi\u00f3 este cuerpo de abogados que seg\u00fan la Asesor\u00eda Legal nuestra, perdi\u00f3 un juicio por servidumbre de paso con los due\u00f1os de \u00a0Sierras Grandes. Pero nosotros, ni este gobierno ni los anteriores que pasaron hicieron absolutamente nada para recuperar esas tierras, y si \u00a0podemos \u00a0hilar finito, y cobrar un alquiler barato de lo que vale la hect\u00e1rea por a\u00f1o de esas ciento cincuenta y cuatro hect\u00e1reas, hoy ese se\u00f1or tendr\u00eda que abonarnos a nosotros alrededor de un mill\u00f3n y medio de pesos, un mill\u00f3n y medio de pesos hoy,\u00a0 a la fecha de hoy, que si lo hubi\u00e9ramos invertido en este municipio podr\u00edamos haber hecho un mont\u00f3n de cosas, y sin embargo las dejamos que las explotara un privado. Ahora, como sali\u00f3 el tema, yo no niego que hayan visto a la Fiscal\u00eda de Estado, pero tambi\u00e9n hab\u00edan prometido una reuni\u00f3n con los due\u00f1os que est\u00e1n ocupando hoy por hoy las tierras que son del Municipio de Tornquist, y hasta ahora no se hizo efectiva. Yo creo que hay cosas que no se pueden dejar pasar, hay cosas que son importantes y cuando uno habla de propiedad propia, uno con la propiedad propia puede hacer lo que quiere, pero con la propiedad que es p\u00fablica, y que es de todo el distrito, de todos los habitantes del distrito de Tornquist no se puede jugar con eso. Me parece que no hubo voluntad de ning\u00fan gobierno, no solamente de este, en recuperar esas tierras. Hace diecinueve a\u00f1os que son del Municipio de Tornquist, hubo unos a\u00f1os que las explot\u00f3 la Universidad de Sur, creo que fue del dos mil tres, o \u00a0dos mil cuatro al dos mil siete, que despu\u00e9s las devolvieron, pero despu\u00e9s no se hizo nada, y gracias a Dios, gracias a Dios que no tributan impuestos, porque sino el a\u00f1o que viene se cumplen los veinte a\u00f1os de posesi\u00f3n, hubi\u00e9ramos perdido esas tierras. Esto es importante que se tome posesi\u00f3n lo antes posible, porque es algo que gracias a Dios, como vuelvo a decir, no tributa impuestos, pero si pudieran demostrar que han hecho algo que todav\u00eda no han hecho nada solamente la han usurpado y la han\u00a0 explotado, estar\u00edamos en serios problemas, que en definitiva los podr\u00edamos despu\u00e9s llegar a ganar igual pero estar\u00edamos en problemas.\u00a0\u00a0\u00a0 Y uno, yo desde la Banca por ah\u00ed dec\u00eda, vamos a crear un cementerio que no tiene Sierra de la Ventana, o un basurero que no tiene Sierra de la Ventana, ser\u00eda una injusticia de parte m\u00eda haber pensado eso, porque la verdad, que es un lugar paradis\u00edaco, pero sin embargo no tenemos acceso al turismo, y ah\u00ed me voy a referir a Sierras Grandes tambi\u00e9n, porque en el dos mil trece con bombos y platillos se anunci\u00f3 que la reserva de Sierras Grandes iba tener acceso todo el p\u00fablico, que se iban a abrir las calles, \u00bfy saben qu\u00e9?, las calles que tienen, las calles para entrar ah\u00ed si no se entra en una camioneta cuatro por cuatro es muy dif\u00edcil que se pueda acceder. El turista com\u00fan no puede acceder, y cuando nos retir\u00e1bamos del campo la tranquera principal estaba cerrada con candado, o sea que se hubiera habido turismo en ese momento, realmente o tiene que romper el candado, o tiene que esperar a que vengan a abrirle la tranquera. Entonces, en cuanto al turismo,\u00a0 \u00a0tambi\u00e9n estamos en un serio problema, hoy por hoy si se logra entrar a Sierras Grandes es porque los due\u00f1os de Sierras Grandes han hecho un juicio y le han ganado la servidumbre de paso a estos due\u00f1os, pero desde lo que se prometi\u00f3 tanto del OPDS como del Municipio de Tornquist para Sierras Grandes no se ha cumplido nada, nada de lo que se le prometi\u00f3, y estuvieron con los due\u00f1os el otro d\u00eda, y sin embargo est\u00e1 como cuando empezaron, y le queda un a\u00f1o para que\u00a0 rescindan o no el contrato que firmaron con el OPDS y con el Municipio de Tornquist. Por eso yo digo, la verdad es que es un lugar paradis\u00edaco, tanto Sierras Grandes como la parte de sierra que nos toca a la Municipalidad de Tornquist donde hay grandes reservas arqueol\u00f3gicas, que yo no entiendo de arqueolog\u00eda pero la verdad es que son muy importantes. Entonces me parece que todo el Concejo, no solamente nosotros tenemos que hacer fuerza para que esto se tome posesi\u00f3n lo antes posible, porque hay que tomar una decisi\u00f3n de fondo urgente, m\u00e1s all\u00e1 que la Fiscal\u00eda de Estado despu\u00e9s tome cartas en el asunto, que es lo que le corresponde. Pero esto tiene que ser a m\u00e1s tardar de ac\u00e1 a quince d\u00edas. No puede dejarse pasar el tiempo, porque la verdad es que ser\u00eda una p\u00e9rdida irreparable y una irresponsabilidad total si dejamos que esas tierras pasen a ser privadas porque son nuestras. Nada m\u00e1s Sr. Presidente\u201d.<br \/>\n&nbsp;<br \/>\nConcejal Gabella Ezequiel:<br \/>\n\u201cLa verdad es que me encuentro un poco sorprendido con el efecto r\u00e1pido que tienen las Minutas de Comunicaci\u00f3n que a veces elaboramos, porque si mal no recuerdo, incluso hasta fui habitante de este pueblo Chasic\u00f3, durante cinco a\u00f1os, y es un reclamo que cuenta, me animar\u00eda a decir con m\u00e1s de veinte a\u00f1os el de contar con una ambulancia en perfectas condiciones para destinarla a este pueblo, y la verdad es que me asombra, pero no por eso no voy a decir que no me alegra much\u00edsimo la informaci\u00f3n que acaba de acercar el Concejal Ant\u00f3n, de que estar\u00edamos ante la posibilidad inminente de hacernos de una ambulancia cero kil\u00f3metro y con las caracter\u00edsticas que dio el Concejal para destinarla a Chasic\u00f3. Y en cuanto a este campo, a estas ciento cincuenta y cuatro hect\u00e1reas que el s\u00e1bado pasado tuvimos oportunidad de conocer con el Presidente del Concejo Deliberante, considero tambi\u00e9n que muchas veces no hay que mirar para atr\u00e1s, lo hecho, hecho est\u00e1, lo pasado ya est\u00e1 y hay que mirar para adelante, y ver que es lo que se puede hacer a partir de ahora con las ciento cincuenta y cuatro hect\u00e1reas, pero rescato las palabras del Concejal Bordoni, eso tiene sentido si estamos hablando de la propiedad de uno como individuo, si yo durante diecinueve a\u00f1os alguien utiliz\u00f3 un campo m\u00edo y la verdad es que yo no recib\u00ed ning\u00fan tipo de alquiler, bueno, me\u00a0 tengo que jorobar yo porque soy un particular y alguien usufructo eso; pero cuando los bienes son del estado primero y principal tiene que aparecer alguien Sr. Presidente, que es un responsable, \u00bfqui\u00e9n fue el responsable que durante todos estos a\u00f1os el Municipio tenga un perjuicio \u00a0econ\u00f3mico?, porque autom\u00e1ticamente, cuando nosotros hablamos de buscar responsables\u00a0 se nos acusa de que politizamos las situaciones. Obviamente, para eso estamos, ocupamos un cargo pol\u00edtico y por lo tanto se va a politizar lo que nosotros decimos, entonces me parece perfecto que en este momento tomara intervenci\u00f3n Fiscal\u00eda de Estado a\u00fan no entiendo para qu\u00e9, porque no hay ning\u00fan tipo de dudas de que la titularidad del predio corresponde a la  Municipalidad de Tornquist, algo que si nosotros como Concejales autores de la Minuta no nos preocup\u00e1bamos por hacernos del Certificado de Dominio, ni siquiera ten\u00edamos la certeza de que esas tierras eran municipales. Estaba en la nebulosa, todav\u00eda no se sab\u00eda si hab\u00edan pasado de la Provincia al Municipio. Nosotros como Concejales, que no ocupamos el cargo ejecutivo tuvimos que preocuparnos por hacernos del Certificado y reci\u00e9n ahora tenemos certeza de que son Municipales. Y por otro lado tal cual lo dec\u00eda Bordoni, los miles y en este caso supera el mill\u00f3n de pesos de perjuicio, \u00bfqui\u00e9n se va a hacer cargo de eso? Entonces dejemos de ver las cosas con tanta liviandad, est\u00e1 perfecto que empiecen a aparecer soluciones, pero que esto nos sirva de ejemplo para entender que tenemos que tener una mirada mucho m\u00e1s responsable como representantes\u00a0 del estado en el momento del manejo y administraci\u00f3n de los bienes p\u00fablicos. Nada m\u00e1s Sr. Presidente\u201d.<br \/>\n&nbsp;<br \/>\nConcejal Nielsen Adriana:<br \/>\n\u201cSimplemente quer\u00eda aclarar una cuesti\u00f3n. No es la celeridad que tuvo la minuta, en realidad si se pone\u00a0 atenci\u00f3n a la fecha de la nota, esta nota est\u00e1 realizada en el mes de mayo, o sea que lo que trajimos no es m\u00e1s que algo que ya obraba en el Ejecutivo, entonces no es porque justamente sali\u00f3 la Minuta que se trae esta respuesta, sino porque ya estaba pedido y ya estaba contemplado en el pedido anterior, porque se estaba pidiendo que se contemple para el pr\u00f3ximo presupuesto. Por eso se busc\u00f3 la nota, y en segundo lugar, estoy de acuerdo con estos reclamos que estamos haciendo acerca de las tierras porque todos estamos, creo que todos los que estamos ac\u00e1 presentes estamos por el mismo objetivo, \u00bfno?, que queremos que se recuperen las tierras de la mejor manera. Simplemente el Departamento Ejecutivo tendr\u00e1 que tomar los pasos m\u00e1s prudentes para ir avanzando en el tema. Quiz\u00e1s nosotros desde el lugar que estamos es muy f\u00e1cil y tenemos el compromiso este de tener que pedir que se haga, pero bueno, los tiempos, ello lo determinar\u00e1 el Ejecutivo. Nada m\u00e1s Sr. Presidente\u201d.<br \/>\n&nbsp;<br \/>\n<strong><span style=\"text-decoration: underline;\">Bloque Frente para la Victoria: Minuta de comunicaci\u00f3n: <\/span><\/strong>Solicitar a la empresa Ferro Expreso Pampeano,\u00a0 a la Direcci\u00f3n de\u00a0 Vialidad de la  Provincia de Buenos Aires y a la Direcci\u00f3n Nacional de Vialidad\u00a0\u00a0 que tomen intervenci\u00f3n en los Pasos a Nivel ubicados en Ruta Nacional 35 Km. 42 y Ruta Provincial 76 Km. en su intersecci\u00f3n con el ingreso al Balneario Municipal Parque Norte. Prever una se\u00f1alizaci\u00f3n de precauci\u00f3n para quienes transiten por los lugares mencionados en el exordio, hasta tanto se realicen las tareas de mantenimiento, con el fin de\u00a0 evitar accidentes y\/o roturas de veh\u00edculos.<br \/>\nSe solicita formaci\u00f3n de Expediente y pase a Comisi\u00f3n.<br \/>\n&nbsp;<br \/>\n<strong><span style=\"text-decoration: underline;\">Asuntos Particulares<\/span><\/strong><br \/>\n&nbsp;<br \/>\n<strong><span style=\"text-decoration: underline;\">N.P-. Castro Jos\u00e9 Manuel, Presidente Juventud Radical Tornquist:<\/span><\/strong> Invita al Honorable Concejo Deliberante\u00a0 a participar de la Mesa Multisectorial Distrital sobre prevenci\u00f3n de las adicciones para el d\u00eda 22 de octubre del presente a\u00f1o a partir de las 20 hs.<br \/>\n&nbsp;<br \/>\n<strong><span style=\"text-decoration: underline;\">N.P. Alumnos, ex alumnos y amigos del Hogar Agr\u00edcola \u201cPaula Albarrac\u00edn de Sarmiento\u201d de Sierra de la Ventana:<\/span><\/strong> Manifiestan su preocupaci\u00f3n ya que\u00a0 a dos meses y medio de vencer el contrato de locaci\u00f3n del inmueble donde funciona la instituci\u00f3n a\u00fan no se ha comenzado con la construcci\u00f3n de su sede. Solicitan explicaci\u00f3n en relaci\u00f3n al futuro del Hogar Agr\u00edcola.<br \/>\n&nbsp;<br \/>\nConcejal Nielsen Adriana:<br \/>\n\u201cYo quer\u00eda aclara que cuando esta nota se public\u00f3 en los medios todav\u00eda no hab\u00eda llegado al Ejecutivo, o sea no hab\u00eda tomado conocimiento en el Ejecutivo, y en ning\u00fan momento estuvo en peligro que se cierre el Hogar Agr\u00edcola, porque nuestro Intendente Gustavo Trankels siempre manifest\u00f3 que se van a hacer todos los esfuerzos para que esa Instituci\u00f3n siga funcionando, de hecho es el mismo Municipio el que paga el alquiler y paga todos los servicios, o sea que nunca los ha dejado a la deriva, y las obras se est\u00e1n por iniciar, justamente, y tengo entendido que no solo va a funcionar el Hogar Agr\u00edcola sino que se est\u00e1 tambi\u00e9n hablando de la formaci\u00f3n de la Casa de la Cultura en el mismo lugar. Nada m\u00e1s Sr. Presidente\u201d.<br \/>\nSe solicita formaci\u00f3n de Expediente y pase a Comisi\u00f3n.<br \/>\n&nbsp;<br \/>\n<strong><span style=\"text-decoration: underline;\">N.P- Alejandro Fag\u00fandez:<\/span><\/strong> Solicita que se tomen las medidas necesarias de manera urgente para solucionar en forma definitiva el estado de destrucci\u00f3n de la   Ruta N\u00ba 76 a la altura del paso a nivel de las v\u00edas del ferrocarril.<br \/>\nSe solicita que la nota se adjunte al Expediente que se forme con la Minuta de Comunicaci\u00f3n presentada anteriormente.<br \/>\n&nbsp;<br \/>\nHacen uso de la palabra lo Se\u00f1ores Concejales:<br \/>\n&nbsp;<br \/>\nConcejal Oviedo Julio:<br \/>\n\u201cSe\u00f1or Presidente, quer\u00eda referirme al acontecimiento que estamos viviendo hoy en la localidad de Chasic\u00f3, despu\u00e9s de muchos a\u00f1os el Concejo Deliberante vuelve a esta localidad, y celebro que esto est\u00e9 ocurriendo, como habitante de la localidad, como habitante del sudoeste. Agradecer a los que hicieron posible que hoy est\u00e9 el Concejo Deliberante, a la decisi\u00f3n de los Concejales en su momento tratar sobre Tablas para que este momento llegue m\u00e1s r\u00e1pido, a la voluntad de los Concejales como Gabella que tambi\u00e9n influy\u00f3 mucho para que, con esta presentaci\u00f3n de proyecto estemos hoy ac\u00e1, y podamos seguir en las distintas localidades del Distrito. Esto nos hace un poco m\u00e1s inclusivos dentro del Distrito, tener la posibilidad de que los doce Concejales est\u00e9n ac\u00e1 sesionando hoy tratando\u00a0 temas, diversos temas del Distrito, entonces me pone muy contento porque es un anhelo personal que tenemos desde hace a\u00f1os y la comunidad creo que lo va a disfrutar. Tenemos la posibilidad de vivir en democracia, y tenemos que defender este tipo de actos como lo que estamos celebrando hoy en Chasic\u00f3. Gracias\u201d.<br \/>\n&nbsp;<br \/>\nConcejal Gabella Ezequiel:<br \/>\n\u201cLa verdad es que agradezco mucho las palabras del Concejal Oviedo, que haga una menci\u00f3n incluso especial por mi nombre, y creo que eso deja de manifiesto no solo qu\u00e9 forma tengo en lo personal de ver la pol\u00edtica, sino que en eso coincidimos, quiz\u00e1 no podamos coincidir en cuanto a banderas pol\u00edticas, pero s\u00ed coincidimos en que cuando el objetivo en com\u00fan que es logra m\u00ednimamente \u00a0un desarrollo para las comunidades que nos vieron nacer y crecer tanto al Concejal Oviedo como a mi, todo es bienvenido, y en este caso creo que es una oportunidad en la cual se da algo justo, y un derecho me animar\u00eda a decir por parte de las comunidades del oeste del Distrito de tener el Honorable Concejo Deliberante sesionando en una de sus localidades, en este caso, en Chasic\u00f3. En lo personal agradezco much\u00edsimo a las personas que se acercaron al lugar, es muy importante para nosotros poder mostrar de cierta manera, cu\u00e1les son las tem\u00e1ticas que tocamos en cada una de las Sesiones. Pedir disculpas, y en esto quiz\u00e1s tomo m\u00e1s las palabras que oportunamente diera la Concejal  Musso con respecto a lo dif\u00edcil que puede llegar a resultar entender la primera parte de una Sesi\u00f3n porque es algo la verdad que muchas veces burocr\u00e1tico pero que se entienda que nosotros vinimos a Sesionar, y eso es parte de la Sesi\u00f3n, as\u00ed que tuvieron que ver algo que quiz\u00e1s no entend\u00edan del todo, pero bueno, as\u00ed funciona el Concejo Deliberante. Una l\u00e1stima que se hayan ido los chicos, pero entiendo que es por una cuesti\u00f3n de horario, hacerles llegar mi agradecimiento particularmente, especialmente a los chicos que se comprometieran y que vinieran hasta ac\u00e1. Aparte de esto, quer\u00eda hacer un an\u00e1lisis particular de un expediente que pareciera que vendr\u00eda a ponerle punto, no un punto final pero al menos un punto, quiz\u00e1s un punto seguido a una situaci\u00f3n controvertida, dif\u00edcil, por dem\u00e1s politizada, como fue la rescisi\u00f3n del Contrato de Concesi\u00f3n del Balneario Parque Norte. Creo que ac\u00e1 no hay una victoria para nadie, no hay vencedores, no hay vencidos, s\u00ed hay perjudicados. En este caso, traigo a colaci\u00f3n esto porque tiene mucho que ver con mi alocuci\u00f3n anterior, en la cual hablaba de la responsabilidad de los representantes, de los gobernantes que no comprometen su patrimonio particular, sino que comprometen el patrimonio del estado municipal, que eso es una responsabilidad mucho mayor que cuidar el propio patrimonio. Considero a t\u00edtulo personal que era innecesario llegar a las instancias que se llegaron para poder darle soluci\u00f3n a este problema. Considero como persona afecta al consenso y al di\u00e1logo que se podr\u00eda haber evitado llegar a una intimaci\u00f3n v\u00eda Carta Documento, por parte del Presidente del Concejo Deliberante al Intendente Municipal para que tome una resoluci\u00f3n que era su obligaci\u00f3n como representante del Municipio. Se tuvo que llegar a esa instancia y se tuvo que barajar la posibilidad incluso de realizar una denuncia penal, es m\u00e1s penoso todav\u00eda que se haya llegado a esa circunstancia, y creo que esto tiene que servirnos de experiencia, porque no solamente hay que hacer un an\u00e1lisis institucional de esto, de que consideramos que lo que\u00a0 se hizo fue lo que corresponde, sino que es inevitable realizar un an\u00e1lisis pol\u00edtico, y esto con m\u00e1s raz\u00f3n es a t\u00edtulo personal. Como radical que me siento que soy, muchas veces tuve que sufrir golpes, llam\u00e9moslo cargadas, chicanas, con respecto a actitudes que han tenido que tomar gobernantes de la Uni\u00f3n C\u00edvica Radical, ante situaciones en las cuales por falta de respaldo, por incapacidad, por dificultades externas, han tenido que tomar decisiones quiz\u00e1 no acertadas, o de las cuales muchas veces uno se tiene que hacer cargo, y que seguramente uno no se siente orgulloso. Pero en este caso, lo que pido, no a la Uni\u00f3n C\u00edvica Radical, sino lo que le pido al Partido Justicialista es que se haga cargo de la situaci\u00f3n a la que se tuvo que llegar en el caso de la concesi\u00f3n de Parque Norte, porque cada vez que se nos acusaba de que est\u00e1bamos ante una situaci\u00f3n totalmente politizada, nosotros dec\u00edamos, lo dijo en su momento incluso el Concejal Moroncini desde la Banca, por su puesto que es una situaci\u00f3n politizada, nuestra intenci\u00f3n de buscar la rescisi\u00f3n del contrato no era lo que estaba politizado partidariamente, lo que estaba politizado partidariamente era la defensa que tuvo el concesionario que es \u00fanico motivo que gener\u00f3 que se tuviera que llegar a la circunstancia que se lleg\u00f3. \u00bfPor qu\u00e9 dec\u00eda que esto es un punto pero no un punto aparte? Porque obviamente hay montones de situaciones que dilucidar todav\u00eda, hay que proceder a la cuantificaci\u00f3n, tener idea de cu\u00e1les son los montos de las obras que quedaron adeudadas, que no se le quedaron adeudadas al Intendente de turno, se le quedaron debiendo al Municipio de Tornquist. Cuando habl\u00e1bamos en oportunidad de presentar aquella Minuta de Comunicaci\u00f3n en diciembre pasado, habl\u00e1bamos de que la protecci\u00f3n, o mejor dicho la intenci\u00f3n que hab\u00eda con la rescisi\u00f3n es procurar que aquellos intendentes que sucesivamente fueran asumiendo el cargo en el Municipio de Tornquist se encontraran con un Parque Norte cada vez mejor, no para \u00e9l hacer uso como Intendente, sino para la comunidad de tornquist, principalmente para la ciudad de Tornquist pero por qu\u00e9 no de todo el Distrito. Hoy la historia no se cerr\u00f3 como quiz\u00e1s\u00a0 deber\u00eda haberse cerrado, esto fue una decisi\u00f3n anticipada en la cual no se cumplieron los plazos establecidos en el Contrato y el mensaje es tener la experiencia vivida con el caso de Parque Norte, de entender que no debemos mezclar las simpat\u00edas pol\u00edticas que podamos llegar a tener hacia determinados actores, sino que tenemos que entender de una vez por todas, que no se hace lo que nos parece, no se hace lo que nos conviene, sino que se hace lo que se debe. Nada m\u00e1s Se\u00f1or Presidente\u201d.<br \/>\n&nbsp;<br \/>\nConcejal Ant\u00f3n V\u00edctor:<br \/>\n\u201cBueno bien, evidentemente este es un tema que tal vez que hoy empieza a resolverse. Por ah\u00ed destacar o mencionar, para que los vecinos que nos acompa\u00f1an est\u00e9n sabiendo de que existe la posibilidad de que hoy rescindido el contrato\u00a0 con el concesionario, con el exconcesionario Juan Carlos Gisler se pueda tener a una, o algunas instituciones que est\u00e9n a cargo del Balneario Parque Norte por este verano hasta tanto se pueda realizar el nuevo llamado a licitaci\u00f3n que finalizar\u00e1 con el concesionario que vaya a estar por dos, cinco o diez a\u00f1os, seg\u00fan se haya, seg\u00fan se escriba en el pliego, \u00bfno es cierto? Tambi\u00e9n\u00a0 tenemos que tener en cuenta que ese es un lugar, Parque Norte, que no debemos perder de vista que quienes por ah\u00ed no tenemos la posibilidad de vacacionar en otros lugares, para los vecinos de Tornquist, de la ciudad cabecera y del Distrito, vamos a tener que tener en cuenta qu\u00e9 tipo de balneario queremos, pero fundamentalmente que todos, que todos puedan asistir. Respecto de la situaci\u00f3n y de la politizaci\u00f3n de este tema, por ah\u00ed prefiero dejarlo pasar, porque tambi\u00e9n en alg\u00fan punto, y desde algunos Concejales en su momento se puso en duda el problema de salud del Intendente, y que no estaba decidido, o que no quer\u00eda tomar esta decisi\u00f3n, cuando sabemos que hoy en Intendente Municipal tiene un problema de salud importante que no le permite estar en funciones, y como creo que tenemos que ser muy humanitarios en ese tema porque adem\u00e1s es una persona que tiene familia, entonces el Intendente en estos \u00faltimos siete a\u00f1os se ha tomado creo que doce o quince d\u00edas de licencia con lo cual deber\u00edamos pensar al menos antes de hacer ese tipo de aseveraciones. Quiero cerrar ese tema y ojal\u00e1 que podamos avanzar prontamente en una soluci\u00f3n para Parque Norte al menos de mi parte cerrarlo, agradecer el acompa\u00f1amiento de todos los concejales en la imposici\u00f3n de nombre a la bicisenda que est\u00e1 pronta a inaugurarse con el nombre de Gerardo Pedro Rattero. Gerardo es un compa\u00f1ero que se supo ganar el aprecio de los vecinos de Tornquist, que nos ha representado incluso a nivel provincial, que dec\u00eda que Tornquist es uno de los distritos m\u00e1s bonitos, o el distrito m\u00e1s bonito de la Provincia de Buenos Aires, con lo cual entendemos que merece el homenaje, y por eso agradecer el acompa\u00f1amiento de este Proyecto de Ordenanza que hemos presentado. Y por \u00faltimo, agradecerles a todos los vecinos que se han tomado la molestia de venir, de por ah\u00ed, como lo dec\u00eda el Concejal Gabella no entender la primer parte de la Sesi\u00f3n por una cuesti\u00f3n administrativa y burocr\u00e1tica, pero estar ac\u00e1 acompa\u00f1\u00e1ndonos, y bueno, que ojal\u00e1 pronto podamos estar nuevamente juntos. Muchas gracias Se\u00f1or Presidente\u201d.<br \/>\n&nbsp;<br \/>\nConcejal Kloster Noel\u00ed:<br \/>\n\u201cEn primer t\u00e9rmino quisiera agradecer la presencia de los habitantes de la zona, que nos han acompa\u00f1ado hoy, lamento que los alumnos se hayan retirado. Una Sesi\u00f3n del Concejo Deliberante no es divertido para nada, porque no venimos precisamente a divertirnos, porque creo que, y estoy convencida de ello, de que el hecho de tomar decisiones que hacen al bienestar de todos los habitantes del Distrito es una cosa seria. Y por otro lado, yo creo que deber\u00edamos empezar a acostumbrarnos a que se nos se\u00f1alen los errores que cometemos y no enojarnos por ello, como ha ocurrido \u00faltimamente con el tema de la rescisi\u00f3n del contrato de Parque Norte. Es la \u00fanica manera que tenemos de crecer, es la \u00fanica manera que tenemos de fortalecer esta democracia que tanto nos ha costado ganarla y que est\u00e1 dando sus primeros pasos. De manera que si no cumplimos con las normas es l\u00f3gico, y es lo que corresponde, que recibamos a cambio la sanci\u00f3n correspondiente. Gracias Se\u00f1or Presidente\u201d.<br \/>\n&nbsp;<br \/>\nConcejal Oviedo Julio:<br \/>\n\u201cSe\u00f1or Presidente, me quer\u00eda referir a la Minuta de Comunicaci\u00f3n que presentamos hoy desde el Bloque Frente Para la Victoria, con respecto\u00a0 a los pasos a nivel. Tenemos un problema en el paso a nivel de la  Ruta 35 en el kil\u00f3metro 42 donde \u00faltimamente han ocurrido varios accidentes, fue por eso la intenci\u00f3n de que pedimos un relevamiento del lugar, m\u00e1s all\u00e1 de la, que yo considero que hay una correcta se\u00f1alizaci\u00f3n, y que puede haber por ah\u00ed imprudencia de la gente, queremos que las empresas que est\u00e9n encargadas verifiquen el estado de ese paso a nivel, como tambi\u00e9n estamos pidiendo lo del paso a nivel de la  Ruta 76, m\u00e1s all\u00e1 de la informaci\u00f3n que tenemos de Vialidad Provincial que ya licit\u00f3 el bacheo de ese lugar. Y tambi\u00e9n tenemos informaci\u00f3n que en los pr\u00f3ximos d\u00edas la Intendente Interina se est\u00e1 reuniendo con autoridades de Vialidad Provincial, porque hemos llevado la inquietud de que, la posibilidad de que sea pintado el acceso de la localidad a Chasic\u00f3 desde la Ruta 35. As\u00ed que esperemos que pueda tener novedades positivas pronto. Muchas gracias\u201d.<br \/>\n&nbsp;<br \/>\nConcejal Moroncini Gustavo:<br \/>\n\u201cSi, tambi\u00e9n es para agradecerles a la gente de Chasic\u00f3 por el recibimiento, por venir a acompa\u00f1arnos, agradecer a los Concejales que estuvieron todos dispuestos para venir a celebrar la Sesi\u00f3n a la localidad de Chasic\u00f3, sudoeste como dijo el Concejal Oviedo, y bueno, felicitarlos y que sigan adelante. Muchas gracias\u201d.<br \/>\n&nbsp;<br \/>\n&nbsp;<br \/>\nHONORABLE CONCEJO DELIBERANTE<br \/>\n&nbsp;<br \/>\n&nbsp;<br \/>\n&nbsp;<\/p>\n","protected":false},"excerpt":{"rendered":"<p>httpv:\/\/www.youtube.com\/watch?v=0HHSC-LoIx8 httpv:\/\/www.youtube.com\/watch?v=q-f_YRA-2ko httpv:\/\/www.youtube.com\/watch?v=oY931RXv3BM httpv:\/\/www.youtube.com\/watch?v=cD0GqMaG0M8 httpv:\/\/www.youtube.com\/watch?v=2fVIbhFSXnM httpv:\/\/www.youtube.com\/watch?v=A2_ChcPZEas httpv:\/\/www.youtube.com\/watch?v=9mrpIfgC4lg httpv:\/\/www.youtube.com\/watch?v=OuX19fQQ9X8 httpv:\/\/www.youtube.com\/watch?v=IJqDRMp_e_A httpv:\/\/www.youtube.com\/watch?v=kSknoD9DL8A INFORME SESI\u00d3N ORDINARIA EN CHASIC\u00d3, DEL D\u00cdA 21-10-14 Temas tratados: &nbsp; Comunicaciones Oficiales y Dict\u00e1menes de las Comisiones: Departamento Ejecutivo Nota N\u00ba 093\/14: \u201cSolicita pr\u00f3rroga hasta el d\u00eda 10 de diciembre de 2014 para la elevaci\u00f3n del Proyecto de Ordenanza C\u00e1lculo de Recursos y Presupuesto [&hellip;]<\/p>\n","protected":false},"author":1,"featured_media":0,"comment_status":"closed","ping_status":"open","sticky":false,"template":"","format":"standard","meta":{"footnotes":""},"categories":[51,52,53,64],"tags":[],"class_list":["post-24562","post","type-post","status-publish","format-standard","hentry","category-comunidad","category-destacadas","category-politica","category-videos-destacados"],"yoast_head":"<!-- This site is optimized with the Yoast SEO plugin v19.7.1 - https:\/\/yoast.com\/wordpress\/plugins\/seo\/ -->\n<title>SESIONO EL HCD. EN LA LOCALIDAD DE CHASICO (informe, videos y videoentrevistas) - CELTTV<\/title>\n<meta name=\"description\" content=\"Sitio web de noticias de la localidad de Tornquist, provincia de Buenos Aires, Rep\u00fablica Argentina. Contenido propio originado por periodistas de CELTTV, el canal de TV local de la Cooperativa El\u00e9ctrica de Tornquist. Turismo, Pol\u00edtica, Sociedad, Deporte, Cultura y todo el contenido de inter\u00e9s general que la gente del pueblo y la regi\u00f3n debe conocer.\" \/>\n<meta name=\"robots\" content=\"index, follow, max-snippet:-1, max-image-preview:large, max-video-preview:-1\" \/>\n<link rel=\"canonical\" href=\"https:\/\/www.celttv.com.ar\/index.php\/2014\/10\/24\/sesiono-el-hcd-en-la-localidad-de-chasico-informe-videos-y-videoentrevistas\/\" \/>\n<meta property=\"og:locale\" content=\"es_ES\" \/>\n<meta property=\"og:type\" content=\"article\" \/>\n<meta property=\"og:title\" content=\"SESIONO EL HCD. EN LA LOCALIDAD DE CHASICO (informe, videos y videoentrevistas) - CELTTV\" \/>\n<meta property=\"og:description\" content=\"Sitio web de noticias de la localidad de Tornquist, provincia de Buenos Aires, Rep\u00fablica Argentina. Contenido propio originado por periodistas de CELTTV, el canal de TV local de la Cooperativa El\u00e9ctrica de Tornquist. Turismo, Pol\u00edtica, Sociedad, Deporte, Cultura y todo el contenido de inter\u00e9s general que la gente del pueblo y la regi\u00f3n debe conocer.\" \/>\n<meta property=\"og:url\" content=\"https:\/\/www.celttv.com.ar\/index.php\/2014\/10\/24\/sesiono-el-hcd-en-la-localidad-de-chasico-informe-videos-y-videoentrevistas\/\" \/>\n<meta property=\"og:site_name\" content=\"CELTTV\" \/>\n<meta property=\"article:publisher\" content=\"https:\/\/www.facebook.com\/celtTV\/\" \/>\n<meta property=\"article:published_time\" content=\"2014-10-24T18:12:26+00:00\" \/>\n<meta name=\"author\" content=\"ulises\" \/>\n<meta name=\"twitter:card\" content=\"summary_large_image\" \/>\n<meta name=\"twitter:label1\" content=\"Escrito por\" \/>\n\t<meta name=\"twitter:data1\" content=\"ulises\" \/>\n\t<meta name=\"twitter:label2\" content=\"Tiempo de lectura\" \/>\n\t<meta name=\"twitter:data2\" content=\"36 minutos\" \/>\n<script type=\"application\/ld+json\" class=\"yoast-schema-graph\">{\"@context\":\"https:\/\/schema.org\",\"@graph\":[{\"@type\":\"NewsArticle\",\"@id\":\"https:\/\/www.celttv.com.ar\/index.php\/2014\/10\/24\/sesiono-el-hcd-en-la-localidad-de-chasico-informe-videos-y-videoentrevistas\/#article\",\"isPartOf\":{\"@id\":\"https:\/\/www.celttv.com.ar\/index.php\/2014\/10\/24\/sesiono-el-hcd-en-la-localidad-de-chasico-informe-videos-y-videoentrevistas\/\"},\"author\":{\"name\":\"ulises\",\"@id\":\"https:\/\/www.celttv.com.ar\/#\/schema\/person\/6d99c072dba59953809c81446e9d0ace\"},\"headline\":\"SESIONO EL HCD. EN LA LOCALIDAD DE CHASICO (informe, videos y videoentrevistas)\",\"datePublished\":\"2014-10-24T18:12:26+00:00\",\"dateModified\":\"2014-10-24T18:12:26+00:00\",\"mainEntityOfPage\":{\"@id\":\"https:\/\/www.celttv.com.ar\/index.php\/2014\/10\/24\/sesiono-el-hcd-en-la-localidad-de-chasico-informe-videos-y-videoentrevistas\/\"},\"wordCount\":7214,\"publisher\":{\"@id\":\"https:\/\/www.celttv.com.ar\/#organization\"},\"articleSection\":[\"Comunidad\",\"Destacadas\",\"Pol\u00edtica\",\"Videos Destacados\"],\"inLanguage\":\"es\"},{\"@type\":\"WebPage\",\"@id\":\"https:\/\/www.celttv.com.ar\/index.php\/2014\/10\/24\/sesiono-el-hcd-en-la-localidad-de-chasico-informe-videos-y-videoentrevistas\/\",\"url\":\"https:\/\/www.celttv.com.ar\/index.php\/2014\/10\/24\/sesiono-el-hcd-en-la-localidad-de-chasico-informe-videos-y-videoentrevistas\/\",\"name\":\"SESIONO EL HCD. EN LA LOCALIDAD DE CHASICO (informe, videos y videoentrevistas) - CELTTV\",\"isPartOf\":{\"@id\":\"https:\/\/www.celttv.com.ar\/#website\"},\"datePublished\":\"2014-10-24T18:12:26+00:00\",\"dateModified\":\"2014-10-24T18:12:26+00:00\",\"description\":\"Sitio web de noticias de la localidad de Tornquist, provincia de Buenos Aires, Rep\u00fablica Argentina. Contenido propio originado por periodistas de CELTTV, el canal de TV local de la Cooperativa El\u00e9ctrica de Tornquist. Turismo, Pol\u00edtica, Sociedad, Deporte, Cultura y todo el contenido de inter\u00e9s general que la gente del pueblo y la regi\u00f3n debe conocer.\",\"breadcrumb\":{\"@id\":\"https:\/\/www.celttv.com.ar\/index.php\/2014\/10\/24\/sesiono-el-hcd-en-la-localidad-de-chasico-informe-videos-y-videoentrevistas\/#breadcrumb\"},\"inLanguage\":\"es\",\"potentialAction\":[{\"@type\":\"ReadAction\",\"target\":[\"https:\/\/www.celttv.com.ar\/index.php\/2014\/10\/24\/sesiono-el-hcd-en-la-localidad-de-chasico-informe-videos-y-videoentrevistas\/\"]}]},{\"@type\":\"BreadcrumbList\",\"@id\":\"https:\/\/www.celttv.com.ar\/index.php\/2014\/10\/24\/sesiono-el-hcd-en-la-localidad-de-chasico-informe-videos-y-videoentrevistas\/#breadcrumb\",\"itemListElement\":[{\"@type\":\"ListItem\",\"position\":1,\"name\":\"Inicio\",\"item\":\"https:\/\/www.celttv.com.ar\/\"},{\"@type\":\"ListItem\",\"position\":2,\"name\":\"SESIONO EL HCD. EN LA LOCALIDAD DE CHASICO (informe, videos y videoentrevistas)\"}]},{\"@type\":\"WebSite\",\"@id\":\"https:\/\/www.celttv.com.ar\/#website\",\"url\":\"https:\/\/www.celttv.com.ar\/\",\"name\":\"CELTTV\",\"description\":\"Cooperativa El\u00e9ctrica de Tornquist\",\"publisher\":{\"@id\":\"https:\/\/www.celttv.com.ar\/#organization\"},\"potentialAction\":[{\"@type\":\"SearchAction\",\"target\":{\"@type\":\"EntryPoint\",\"urlTemplate\":\"https:\/\/www.celttv.com.ar\/?s={search_term_string}\"},\"query-input\":\"required name=search_term_string\"}],\"inLanguage\":\"es\"},{\"@type\":\"Organization\",\"@id\":\"https:\/\/www.celttv.com.ar\/#organization\",\"name\":\"CELTTV\",\"url\":\"https:\/\/www.celttv.com.ar\/\",\"sameAs\":[\"https:\/\/www.youtube.com\/channel\/UCz_oIt8Hig64Ub-EmcNPIhg\",\"https:\/\/www.facebook.com\/celtTV\/\"],\"logo\":{\"@type\":\"ImageObject\",\"inLanguage\":\"es\",\"@id\":\"https:\/\/www.celttv.com.ar\/#\/schema\/logo\/image\/\",\"url\":\"http:\/\/www.celttv.com.ar\/wp-content\/uploads\/2022\/08\/logo-1.png\",\"contentUrl\":\"http:\/\/www.celttv.com.ar\/wp-content\/uploads\/2022\/08\/logo-1.png\",\"width\":461,\"height\":159,\"caption\":\"CELTTV\"},\"image\":{\"@id\":\"https:\/\/www.celttv.com.ar\/#\/schema\/logo\/image\/\"}},{\"@type\":\"Person\",\"@id\":\"https:\/\/www.celttv.com.ar\/#\/schema\/person\/6d99c072dba59953809c81446e9d0ace\",\"name\":\"ulises\",\"image\":{\"@type\":\"ImageObject\",\"inLanguage\":\"es\",\"@id\":\"https:\/\/www.celttv.com.ar\/#\/schema\/person\/image\/\",\"url\":\"https:\/\/secure.gravatar.com\/avatar\/7f2c48bdc33b30088f941fb6082e555f2874c98e20cb159d7b92b50eadfce793?s=96&d=mm&r=g\",\"contentUrl\":\"https:\/\/secure.gravatar.com\/avatar\/7f2c48bdc33b30088f941fb6082e555f2874c98e20cb159d7b92b50eadfce793?s=96&d=mm&r=g\",\"caption\":\"ulises\"},\"sameAs\":[\"http:\/\/www.celttv.com.ar\"]}]}<\/script>\n<!-- \/ Yoast SEO plugin. -->","yoast_head_json":{"title":"SESIONO EL HCD. EN LA LOCALIDAD DE CHASICO (informe, videos y videoentrevistas) - CELTTV","description":"Sitio web de noticias de la localidad de Tornquist, provincia de Buenos Aires, Rep\u00fablica Argentina. Contenido propio originado por periodistas de CELTTV, el canal de TV local de la Cooperativa El\u00e9ctrica de Tornquist. Turismo, Pol\u00edtica, Sociedad, Deporte, Cultura y todo el contenido de inter\u00e9s general que la gente del pueblo y la regi\u00f3n debe conocer.","robots":{"index":"index","follow":"follow","max-snippet":"max-snippet:-1","max-image-preview":"max-image-preview:large","max-video-preview":"max-video-preview:-1"},"canonical":"https:\/\/www.celttv.com.ar\/index.php\/2014\/10\/24\/sesiono-el-hcd-en-la-localidad-de-chasico-informe-videos-y-videoentrevistas\/","og_locale":"es_ES","og_type":"article","og_title":"SESIONO EL HCD. EN LA LOCALIDAD DE CHASICO (informe, videos y videoentrevistas) - CELTTV","og_description":"Sitio web de noticias de la localidad de Tornquist, provincia de Buenos Aires, Rep\u00fablica Argentina. Contenido propio originado por periodistas de CELTTV, el canal de TV local de la Cooperativa El\u00e9ctrica de Tornquist. Turismo, Pol\u00edtica, Sociedad, Deporte, Cultura y todo el contenido de inter\u00e9s general que la gente del pueblo y la regi\u00f3n debe conocer.","og_url":"https:\/\/www.celttv.com.ar\/index.php\/2014\/10\/24\/sesiono-el-hcd-en-la-localidad-de-chasico-informe-videos-y-videoentrevistas\/","og_site_name":"CELTTV","article_publisher":"https:\/\/www.facebook.com\/celtTV\/","article_published_time":"2014-10-24T18:12:26+00:00","author":"ulises","twitter_card":"summary_large_image","twitter_misc":{"Escrito por":"ulises","Tiempo de lectura":"36 minutos"},"schema":{"@context":"https:\/\/schema.org","@graph":[{"@type":"NewsArticle","@id":"https:\/\/www.celttv.com.ar\/index.php\/2014\/10\/24\/sesiono-el-hcd-en-la-localidad-de-chasico-informe-videos-y-videoentrevistas\/#article","isPartOf":{"@id":"https:\/\/www.celttv.com.ar\/index.php\/2014\/10\/24\/sesiono-el-hcd-en-la-localidad-de-chasico-informe-videos-y-videoentrevistas\/"},"author":{"name":"ulises","@id":"https:\/\/www.celttv.com.ar\/#\/schema\/person\/6d99c072dba59953809c81446e9d0ace"},"headline":"SESIONO EL HCD. EN LA LOCALIDAD DE CHASICO (informe, videos y videoentrevistas)","datePublished":"2014-10-24T18:12:26+00:00","dateModified":"2014-10-24T18:12:26+00:00","mainEntityOfPage":{"@id":"https:\/\/www.celttv.com.ar\/index.php\/2014\/10\/24\/sesiono-el-hcd-en-la-localidad-de-chasico-informe-videos-y-videoentrevistas\/"},"wordCount":7214,"publisher":{"@id":"https:\/\/www.celttv.com.ar\/#organization"},"articleSection":["Comunidad","Destacadas","Pol\u00edtica","Videos Destacados"],"inLanguage":"es"},{"@type":"WebPage","@id":"https:\/\/www.celttv.com.ar\/index.php\/2014\/10\/24\/sesiono-el-hcd-en-la-localidad-de-chasico-informe-videos-y-videoentrevistas\/","url":"https:\/\/www.celttv.com.ar\/index.php\/2014\/10\/24\/sesiono-el-hcd-en-la-localidad-de-chasico-informe-videos-y-videoentrevistas\/","name":"SESIONO EL HCD. EN LA LOCALIDAD DE CHASICO (informe, videos y videoentrevistas) - CELTTV","isPartOf":{"@id":"https:\/\/www.celttv.com.ar\/#website"},"datePublished":"2014-10-24T18:12:26+00:00","dateModified":"2014-10-24T18:12:26+00:00","description":"Sitio web de noticias de la localidad de Tornquist, provincia de Buenos Aires, Rep\u00fablica Argentina. Contenido propio originado por periodistas de CELTTV, el canal de TV local de la Cooperativa El\u00e9ctrica de Tornquist. Turismo, Pol\u00edtica, Sociedad, Deporte, Cultura y todo el contenido de inter\u00e9s general que la gente del pueblo y la regi\u00f3n debe conocer.","breadcrumb":{"@id":"https:\/\/www.celttv.com.ar\/index.php\/2014\/10\/24\/sesiono-el-hcd-en-la-localidad-de-chasico-informe-videos-y-videoentrevistas\/#breadcrumb"},"inLanguage":"es","potentialAction":[{"@type":"ReadAction","target":["https:\/\/www.celttv.com.ar\/index.php\/2014\/10\/24\/sesiono-el-hcd-en-la-localidad-de-chasico-informe-videos-y-videoentrevistas\/"]}]},{"@type":"BreadcrumbList","@id":"https:\/\/www.celttv.com.ar\/index.php\/2014\/10\/24\/sesiono-el-hcd-en-la-localidad-de-chasico-informe-videos-y-videoentrevistas\/#breadcrumb","itemListElement":[{"@type":"ListItem","position":1,"name":"Inicio","item":"https:\/\/www.celttv.com.ar\/"},{"@type":"ListItem","position":2,"name":"SESIONO EL HCD. EN LA LOCALIDAD DE CHASICO (informe, videos y videoentrevistas)"}]},{"@type":"WebSite","@id":"https:\/\/www.celttv.com.ar\/#website","url":"https:\/\/www.celttv.com.ar\/","name":"CELTTV","description":"Cooperativa El\u00e9ctrica de Tornquist","publisher":{"@id":"https:\/\/www.celttv.com.ar\/#organization"},"potentialAction":[{"@type":"SearchAction","target":{"@type":"EntryPoint","urlTemplate":"https:\/\/www.celttv.com.ar\/?s={search_term_string}"},"query-input":"required name=search_term_string"}],"inLanguage":"es"},{"@type":"Organization","@id":"https:\/\/www.celttv.com.ar\/#organization","name":"CELTTV","url":"https:\/\/www.celttv.com.ar\/","sameAs":["https:\/\/www.youtube.com\/channel\/UCz_oIt8Hig64Ub-EmcNPIhg","https:\/\/www.facebook.com\/celtTV\/"],"logo":{"@type":"ImageObject","inLanguage":"es","@id":"https:\/\/www.celttv.com.ar\/#\/schema\/logo\/image\/","url":"http:\/\/www.celttv.com.ar\/wp-content\/uploads\/2022\/08\/logo-1.png","contentUrl":"http:\/\/www.celttv.com.ar\/wp-content\/uploads\/2022\/08\/logo-1.png","width":461,"height":159,"caption":"CELTTV"},"image":{"@id":"https:\/\/www.celttv.com.ar\/#\/schema\/logo\/image\/"}},{"@type":"Person","@id":"https:\/\/www.celttv.com.ar\/#\/schema\/person\/6d99c072dba59953809c81446e9d0ace","name":"ulises","image":{"@type":"ImageObject","inLanguage":"es","@id":"https:\/\/www.celttv.com.ar\/#\/schema\/person\/image\/","url":"https:\/\/secure.gravatar.com\/avatar\/7f2c48bdc33b30088f941fb6082e555f2874c98e20cb159d7b92b50eadfce793?s=96&d=mm&r=g","contentUrl":"https:\/\/secure.gravatar.com\/avatar\/7f2c48bdc33b30088f941fb6082e555f2874c98e20cb159d7b92b50eadfce793?s=96&d=mm&r=g","caption":"ulises"},"sameAs":["http:\/\/www.celttv.com.ar"]}]}},"_links":{"self":[{"href":"https:\/\/www.celttv.com.ar\/index.php\/wp-json\/wp\/v2\/posts\/24562","targetHints":{"allow":["GET"]}}],"collection":[{"href":"https:\/\/www.celttv.com.ar\/index.php\/wp-json\/wp\/v2\/posts"}],"about":[{"href":"https:\/\/www.celttv.com.ar\/index.php\/wp-json\/wp\/v2\/types\/post"}],"author":[{"embeddable":true,"href":"https:\/\/www.celttv.com.ar\/index.php\/wp-json\/wp\/v2\/users\/1"}],"replies":[{"embeddable":true,"href":"https:\/\/www.celttv.com.ar\/index.php\/wp-json\/wp\/v2\/comments?post=24562"}],"version-history":[{"count":0,"href":"https:\/\/www.celttv.com.ar\/index.php\/wp-json\/wp\/v2\/posts\/24562\/revisions"}],"wp:attachment":[{"href":"https:\/\/www.celttv.com.ar\/index.php\/wp-json\/wp\/v2\/media?parent=24562"}],"wp:term":[{"taxonomy":"category","embeddable":true,"href":"https:\/\/www.celttv.com.ar\/index.php\/wp-json\/wp\/v2\/categories?post=24562"},{"taxonomy":"post_tag","embeddable":true,"href":"https:\/\/www.celttv.com.ar\/index.php\/wp-json\/wp\/v2\/tags?post=24562"}],"curies":[{"name":"wp","href":"https:\/\/api.w.org\/{rel}","templated":true}]}}