{"id":24663,"date":"2014-10-27T22:53:30","date_gmt":"2014-10-27T22:53:30","guid":{"rendered":"http:\/\/www.tvcnoticias.com.ar\/?p=24663"},"modified":"2014-10-27T22:53:30","modified_gmt":"2014-10-27T22:53:30","slug":"reiterado-reclamo-por-obras-en-el-sector-de-vias-notas-claudio-heredia-la-concejal-graciela-musso-y-el-jefe-de-bomberos-martin-haag","status":"publish","type":"post","link":"https:\/\/www.celttv.com.ar\/index.php\/2014\/10\/27\/reiterado-reclamo-por-obras-en-el-sector-de-vias-notas-claudio-heredia-la-concejal-graciela-musso-y-el-jefe-de-bomberos-martin-haag\/","title":{"rendered":"REITERADO RECLAMO POR OBRAS EN EL SECTOR DE VIAS (Notas Claudio Heredia, la concejal Graciela Musso y el Jefe de Bomberos Mart\u00edn Haag)"},"content":{"rendered":"<p><a href=\"https:\/\/www.youtube.com\/watch?v=H_cn-dYv-0w\">httpv:\/\/www.youtube.com\/watch?v=H_cn-dYv-0w<\/a><br \/>\n<a href=\"https:\/\/www.youtube.com\/watch?v=egBbkhoIxqY\">httpv:\/\/www.youtube.com\/watch?v=egBbkhoIxqY<\/a><br \/>\n<a href=\"https:\/\/www.youtube.com\/watch?v=f9Gk3LzRbUA\">httpv:\/\/www.youtube.com\/watch?v=f9Gk3LzRbUA<\/a><br \/>\nLa lluvia super\u00f3 los 140 mm. y la historia volvi\u00f3 a repetirse sobre las calles que desembocan en las v\u00edas del ferrocarril.<br \/>\nUn verdadero &#8220;r\u00edo&#8221; que pasaba frente a las viviendas de varios vecinos que siguen preocupados ya que no necesarios 140 mm. para que tengan que vivir otra situaci\u00f3n angustiante.<br \/>\n&#8220;A veces llueve mucho menos y ocurre lo mismo&#8221; nos decia Claudio Heredia, quien se ha ocupado, durante mucho tiempo, de enviar notas y testimonios fotogr\u00e1ficos y f\u00edlmicos a los medios y al propio municipio.<br \/>\nHeredia destac\u00f3 la predisposici\u00f3n del responsable de servicios urbanos del Municipio, Alberto Ullman, quien dispone la maquinaria para mantener limpio el lugar. &#8220;Pero necesitamos la obra que hace y que permita drenar el agua y estamos cansados de reclamar&#8221; sostiene Heredia no ocultando su malestar por esta repetida historia.<br \/>\nMientras dialog\u00e1bamos con el vecino Heredia, se acerc\u00f3 a lugar la concejal oficialista Mar\u00eda Graciela Musso expresando su solidaridad para con los vecinos que atravesaron por esta inc\u00f3moda situaci\u00f3n. &#8220;Habr\u00e1 que tomar la decisi\u00f3n de que Ferro Expreso Pampeano haga la obra que tiene que hacer. De alguna manera tendremos que intimar a la empresa, no puede ser que los vecinos tengan que atravesar por este tipo de situaci\u00f3n&#8221; se\u00f1al\u00f3.<br \/>\nRespecto a distintos sectores inundados en la ciudad, el Jefe de los Bomberos Voluntarios de Tornquist, Jorge Haag, brind\u00f3 un panorama de la actividad desarrollada por los servidores p\u00fablicos durante las primeras horas de la ma\u00f1ana.<br \/>\n&nbsp;<br \/>\n&nbsp;<\/p>\n","protected":false},"excerpt":{"rendered":"<p>httpv:\/\/www.youtube.com\/watch?v=H_cn-dYv-0w httpv:\/\/www.youtube.com\/watch?v=egBbkhoIxqY httpv:\/\/www.youtube.com\/watch?v=f9Gk3LzRbUA La lluvia super\u00f3 los 140 mm. y la historia volvi\u00f3 a repetirse sobre las calles que desembocan en las v\u00edas del ferrocarril. Un verdadero &#8220;r\u00edo&#8221; que pasaba frente a las viviendas de varios vecinos que siguen preocupados ya que no necesarios 140 mm. para que tengan que vivir otra situaci\u00f3n angustiante. &#8220;A [&hellip;]<\/p>\n","protected":false},"author":1,"featured_media":0,"comment_status":"closed","ping_status":"open","sticky":false,"template":"","format":"standard","meta":{"footnotes":""},"categories":[51,52,53,64],"tags":[],"class_list":["post-24663","post","type-post","status-publish","format-standard","hentry","category-comunidad","category-destacadas","category-politica","category-videos-destacados"],"yoast_head":"<!-- This site is optimized with the Yoast SEO plugin v19.7.1 - https:\/\/yoast.com\/wordpress\/plugins\/seo\/ -->\n<title>REITERADO RECLAMO POR OBRAS EN EL SECTOR DE VIAS (Notas Claudio Heredia, la concejal Graciela Musso y el Jefe de Bomberos Mart\u00edn Haag) - CELTTV<\/title>\n<meta name=\"description\" content=\"Sitio web de noticias de la localidad de Tornquist, provincia de Buenos Aires, Rep\u00fablica Argentina. Contenido propio originado por periodistas de CELTTV, el canal de TV local de la Cooperativa El\u00e9ctrica de Tornquist. Turismo, Pol\u00edtica, Sociedad, Deporte, Cultura y todo el contenido de inter\u00e9s general que la gente del pueblo y la regi\u00f3n debe conocer.\" \/>\n<meta name=\"robots\" content=\"index, follow, max-snippet:-1, max-image-preview:large, max-video-preview:-1\" \/>\n<link rel=\"canonical\" href=\"https:\/\/www.celttv.com.ar\/index.php\/2014\/10\/27\/reiterado-reclamo-por-obras-en-el-sector-de-vias-notas-claudio-heredia-la-concejal-graciela-musso-y-el-jefe-de-bomberos-martin-haag\/\" \/>\n<meta property=\"og:locale\" content=\"es_ES\" \/>\n<meta property=\"og:type\" content=\"article\" \/>\n<meta property=\"og:title\" content=\"REITERADO RECLAMO POR OBRAS EN EL SECTOR DE VIAS (Notas Claudio Heredia, la concejal Graciela Musso y el Jefe de Bomberos Mart\u00edn Haag) - CELTTV\" \/>\n<meta property=\"og:description\" content=\"Sitio web de noticias de la localidad de Tornquist, provincia de Buenos Aires, Rep\u00fablica Argentina. Contenido propio originado por periodistas de CELTTV, el canal de TV local de la Cooperativa El\u00e9ctrica de Tornquist. Turismo, Pol\u00edtica, Sociedad, Deporte, Cultura y todo el contenido de inter\u00e9s general que la gente del pueblo y la regi\u00f3n debe conocer.\" \/>\n<meta property=\"og:url\" content=\"https:\/\/www.celttv.com.ar\/index.php\/2014\/10\/27\/reiterado-reclamo-por-obras-en-el-sector-de-vias-notas-claudio-heredia-la-concejal-graciela-musso-y-el-jefe-de-bomberos-martin-haag\/\" \/>\n<meta property=\"og:site_name\" content=\"CELTTV\" \/>\n<meta property=\"article:publisher\" content=\"https:\/\/www.facebook.com\/celtTV\/\" \/>\n<meta property=\"article:published_time\" content=\"2014-10-27T22:53:30+00:00\" \/>\n<meta name=\"author\" content=\"ulises\" \/>\n<meta name=\"twitter:card\" content=\"summary_large_image\" \/>\n<meta name=\"twitter:label1\" content=\"Escrito por\" \/>\n\t<meta name=\"twitter:data1\" content=\"ulises\" \/>\n\t<meta name=\"twitter:label2\" content=\"Tiempo de lectura\" \/>\n\t<meta name=\"twitter:data2\" content=\"1 minuto\" \/>\n<script type=\"application\/ld+json\" class=\"yoast-schema-graph\">{\"@context\":\"https:\/\/schema.org\",\"@graph\":[{\"@type\":\"NewsArticle\",\"@id\":\"https:\/\/www.celttv.com.ar\/index.php\/2014\/10\/27\/reiterado-reclamo-por-obras-en-el-sector-de-vias-notas-claudio-heredia-la-concejal-graciela-musso-y-el-jefe-de-bomberos-martin-haag\/#article\",\"isPartOf\":{\"@id\":\"https:\/\/www.celttv.com.ar\/index.php\/2014\/10\/27\/reiterado-reclamo-por-obras-en-el-sector-de-vias-notas-claudio-heredia-la-concejal-graciela-musso-y-el-jefe-de-bomberos-martin-haag\/\"},\"author\":{\"name\":\"ulises\",\"@id\":\"https:\/\/www.celttv.com.ar\/#\/schema\/person\/6d99c072dba59953809c81446e9d0ace\"},\"headline\":\"REITERADO RECLAMO POR OBRAS EN EL SECTOR DE VIAS (Notas Claudio Heredia, la concejal Graciela Musso y el Jefe de Bomberos Mart\u00edn Haag)\",\"datePublished\":\"2014-10-27T22:53:30+00:00\",\"dateModified\":\"2014-10-27T22:53:30+00:00\",\"mainEntityOfPage\":{\"@id\":\"https:\/\/www.celttv.com.ar\/index.php\/2014\/10\/27\/reiterado-reclamo-por-obras-en-el-sector-de-vias-notas-claudio-heredia-la-concejal-graciela-musso-y-el-jefe-de-bomberos-martin-haag\/\"},\"wordCount\":305,\"publisher\":{\"@id\":\"https:\/\/www.celttv.com.ar\/#organization\"},\"articleSection\":[\"Comunidad\",\"Destacadas\",\"Pol\u00edtica\",\"Videos Destacados\"],\"inLanguage\":\"es\"},{\"@type\":\"WebPage\",\"@id\":\"https:\/\/www.celttv.com.ar\/index.php\/2014\/10\/27\/reiterado-reclamo-por-obras-en-el-sector-de-vias-notas-claudio-heredia-la-concejal-graciela-musso-y-el-jefe-de-bomberos-martin-haag\/\",\"url\":\"https:\/\/www.celttv.com.ar\/index.php\/2014\/10\/27\/reiterado-reclamo-por-obras-en-el-sector-de-vias-notas-claudio-heredia-la-concejal-graciela-musso-y-el-jefe-de-bomberos-martin-haag\/\",\"name\":\"REITERADO RECLAMO POR OBRAS EN EL SECTOR DE VIAS (Notas Claudio Heredia, la concejal Graciela Musso y el Jefe de Bomberos Mart\u00edn Haag) - CELTTV\",\"isPartOf\":{\"@id\":\"https:\/\/www.celttv.com.ar\/#website\"},\"datePublished\":\"2014-10-27T22:53:30+00:00\",\"dateModified\":\"2014-10-27T22:53:30+00:00\",\"description\":\"Sitio web de noticias de la localidad de Tornquist, provincia de Buenos Aires, Rep\u00fablica Argentina. Contenido propio originado por periodistas de CELTTV, el canal de TV local de la Cooperativa El\u00e9ctrica de Tornquist. Turismo, Pol\u00edtica, Sociedad, Deporte, Cultura y todo el contenido de inter\u00e9s general que la gente del pueblo y la regi\u00f3n debe conocer.\",\"breadcrumb\":{\"@id\":\"https:\/\/www.celttv.com.ar\/index.php\/2014\/10\/27\/reiterado-reclamo-por-obras-en-el-sector-de-vias-notas-claudio-heredia-la-concejal-graciela-musso-y-el-jefe-de-bomberos-martin-haag\/#breadcrumb\"},\"inLanguage\":\"es\",\"potentialAction\":[{\"@type\":\"ReadAction\",\"target\":[\"https:\/\/www.celttv.com.ar\/index.php\/2014\/10\/27\/reiterado-reclamo-por-obras-en-el-sector-de-vias-notas-claudio-heredia-la-concejal-graciela-musso-y-el-jefe-de-bomberos-martin-haag\/\"]}]},{\"@type\":\"BreadcrumbList\",\"@id\":\"https:\/\/www.celttv.com.ar\/index.php\/2014\/10\/27\/reiterado-reclamo-por-obras-en-el-sector-de-vias-notas-claudio-heredia-la-concejal-graciela-musso-y-el-jefe-de-bomberos-martin-haag\/#breadcrumb\",\"itemListElement\":[{\"@type\":\"ListItem\",\"position\":1,\"name\":\"Inicio\",\"item\":\"https:\/\/www.celttv.com.ar\/\"},{\"@type\":\"ListItem\",\"position\":2,\"name\":\"REITERADO RECLAMO POR OBRAS EN EL SECTOR DE VIAS (Notas Claudio Heredia, la concejal Graciela Musso y el Jefe de Bomberos Mart\u00edn Haag)\"}]},{\"@type\":\"WebSite\",\"@id\":\"https:\/\/www.celttv.com.ar\/#website\",\"url\":\"https:\/\/www.celttv.com.ar\/\",\"name\":\"CELTTV\",\"description\":\"Cooperativa El\u00e9ctrica de Tornquist\",\"publisher\":{\"@id\":\"https:\/\/www.celttv.com.ar\/#organization\"},\"potentialAction\":[{\"@type\":\"SearchAction\",\"target\":{\"@type\":\"EntryPoint\",\"urlTemplate\":\"https:\/\/www.celttv.com.ar\/?s={search_term_string}\"},\"query-input\":\"required name=search_term_string\"}],\"inLanguage\":\"es\"},{\"@type\":\"Organization\",\"@id\":\"https:\/\/www.celttv.com.ar\/#organization\",\"name\":\"CELTTV\",\"url\":\"https:\/\/www.celttv.com.ar\/\",\"sameAs\":[\"https:\/\/www.youtube.com\/channel\/UCz_oIt8Hig64Ub-EmcNPIhg\",\"https:\/\/www.facebook.com\/celtTV\/\"],\"logo\":{\"@type\":\"ImageObject\",\"inLanguage\":\"es\",\"@id\":\"https:\/\/www.celttv.com.ar\/#\/schema\/logo\/image\/\",\"url\":\"http:\/\/www.celttv.com.ar\/wp-content\/uploads\/2022\/08\/logo-1.png\",\"contentUrl\":\"http:\/\/www.celttv.com.ar\/wp-content\/uploads\/2022\/08\/logo-1.png\",\"width\":461,\"height\":159,\"caption\":\"CELTTV\"},\"image\":{\"@id\":\"https:\/\/www.celttv.com.ar\/#\/schema\/logo\/image\/\"}},{\"@type\":\"Person\",\"@id\":\"https:\/\/www.celttv.com.ar\/#\/schema\/person\/6d99c072dba59953809c81446e9d0ace\",\"name\":\"ulises\",\"image\":{\"@type\":\"ImageObject\",\"inLanguage\":\"es\",\"@id\":\"https:\/\/www.celttv.com.ar\/#\/schema\/person\/image\/\",\"url\":\"https:\/\/secure.gravatar.com\/avatar\/7f2c48bdc33b30088f941fb6082e555f2874c98e20cb159d7b92b50eadfce793?s=96&d=mm&r=g\",\"contentUrl\":\"https:\/\/secure.gravatar.com\/avatar\/7f2c48bdc33b30088f941fb6082e555f2874c98e20cb159d7b92b50eadfce793?s=96&d=mm&r=g\",\"caption\":\"ulises\"},\"sameAs\":[\"http:\/\/www.celttv.com.ar\"]}]}<\/script>\n<!-- \/ Yoast SEO plugin. -->","yoast_head_json":{"title":"REITERADO RECLAMO POR OBRAS EN EL SECTOR DE VIAS (Notas Claudio Heredia, la concejal Graciela Musso y el Jefe de Bomberos Mart\u00edn Haag) - CELTTV","description":"Sitio web de noticias de la localidad de Tornquist, provincia de Buenos Aires, Rep\u00fablica Argentina. Contenido propio originado por periodistas de CELTTV, el canal de TV local de la Cooperativa El\u00e9ctrica de Tornquist. Turismo, Pol\u00edtica, Sociedad, Deporte, Cultura y todo el contenido de inter\u00e9s general que la gente del pueblo y la regi\u00f3n debe conocer.","robots":{"index":"index","follow":"follow","max-snippet":"max-snippet:-1","max-image-preview":"max-image-preview:large","max-video-preview":"max-video-preview:-1"},"canonical":"https:\/\/www.celttv.com.ar\/index.php\/2014\/10\/27\/reiterado-reclamo-por-obras-en-el-sector-de-vias-notas-claudio-heredia-la-concejal-graciela-musso-y-el-jefe-de-bomberos-martin-haag\/","og_locale":"es_ES","og_type":"article","og_title":"REITERADO RECLAMO POR OBRAS EN EL SECTOR DE VIAS (Notas Claudio Heredia, la concejal Graciela Musso y el Jefe de Bomberos Mart\u00edn Haag) - CELTTV","og_description":"Sitio web de noticias de la localidad de Tornquist, provincia de Buenos Aires, Rep\u00fablica Argentina. Contenido propio originado por periodistas de CELTTV, el canal de TV local de la Cooperativa El\u00e9ctrica de Tornquist. Turismo, Pol\u00edtica, Sociedad, Deporte, Cultura y todo el contenido de inter\u00e9s general que la gente del pueblo y la regi\u00f3n debe conocer.","og_url":"https:\/\/www.celttv.com.ar\/index.php\/2014\/10\/27\/reiterado-reclamo-por-obras-en-el-sector-de-vias-notas-claudio-heredia-la-concejal-graciela-musso-y-el-jefe-de-bomberos-martin-haag\/","og_site_name":"CELTTV","article_publisher":"https:\/\/www.facebook.com\/celtTV\/","article_published_time":"2014-10-27T22:53:30+00:00","author":"ulises","twitter_card":"summary_large_image","twitter_misc":{"Escrito por":"ulises","Tiempo de lectura":"1 minuto"},"schema":{"@context":"https:\/\/schema.org","@graph":[{"@type":"NewsArticle","@id":"https:\/\/www.celttv.com.ar\/index.php\/2014\/10\/27\/reiterado-reclamo-por-obras-en-el-sector-de-vias-notas-claudio-heredia-la-concejal-graciela-musso-y-el-jefe-de-bomberos-martin-haag\/#article","isPartOf":{"@id":"https:\/\/www.celttv.com.ar\/index.php\/2014\/10\/27\/reiterado-reclamo-por-obras-en-el-sector-de-vias-notas-claudio-heredia-la-concejal-graciela-musso-y-el-jefe-de-bomberos-martin-haag\/"},"author":{"name":"ulises","@id":"https:\/\/www.celttv.com.ar\/#\/schema\/person\/6d99c072dba59953809c81446e9d0ace"},"headline":"REITERADO RECLAMO POR OBRAS EN EL SECTOR DE VIAS (Notas Claudio Heredia, la concejal Graciela Musso y el Jefe de Bomberos Mart\u00edn Haag)","datePublished":"2014-10-27T22:53:30+00:00","dateModified":"2014-10-27T22:53:30+00:00","mainEntityOfPage":{"@id":"https:\/\/www.celttv.com.ar\/index.php\/2014\/10\/27\/reiterado-reclamo-por-obras-en-el-sector-de-vias-notas-claudio-heredia-la-concejal-graciela-musso-y-el-jefe-de-bomberos-martin-haag\/"},"wordCount":305,"publisher":{"@id":"https:\/\/www.celttv.com.ar\/#organization"},"articleSection":["Comunidad","Destacadas","Pol\u00edtica","Videos Destacados"],"inLanguage":"es"},{"@type":"WebPage","@id":"https:\/\/www.celttv.com.ar\/index.php\/2014\/10\/27\/reiterado-reclamo-por-obras-en-el-sector-de-vias-notas-claudio-heredia-la-concejal-graciela-musso-y-el-jefe-de-bomberos-martin-haag\/","url":"https:\/\/www.celttv.com.ar\/index.php\/2014\/10\/27\/reiterado-reclamo-por-obras-en-el-sector-de-vias-notas-claudio-heredia-la-concejal-graciela-musso-y-el-jefe-de-bomberos-martin-haag\/","name":"REITERADO RECLAMO POR OBRAS EN EL SECTOR DE VIAS (Notas Claudio Heredia, la concejal Graciela Musso y el Jefe de Bomberos Mart\u00edn Haag) - CELTTV","isPartOf":{"@id":"https:\/\/www.celttv.com.ar\/#website"},"datePublished":"2014-10-27T22:53:30+00:00","dateModified":"2014-10-27T22:53:30+00:00","description":"Sitio web de noticias de la localidad de Tornquist, provincia de Buenos Aires, Rep\u00fablica Argentina. Contenido propio originado por periodistas de CELTTV, el canal de TV local de la Cooperativa El\u00e9ctrica de Tornquist. Turismo, Pol\u00edtica, Sociedad, Deporte, Cultura y todo el contenido de inter\u00e9s general que la gente del pueblo y la regi\u00f3n debe conocer.","breadcrumb":{"@id":"https:\/\/www.celttv.com.ar\/index.php\/2014\/10\/27\/reiterado-reclamo-por-obras-en-el-sector-de-vias-notas-claudio-heredia-la-concejal-graciela-musso-y-el-jefe-de-bomberos-martin-haag\/#breadcrumb"},"inLanguage":"es","potentialAction":[{"@type":"ReadAction","target":["https:\/\/www.celttv.com.ar\/index.php\/2014\/10\/27\/reiterado-reclamo-por-obras-en-el-sector-de-vias-notas-claudio-heredia-la-concejal-graciela-musso-y-el-jefe-de-bomberos-martin-haag\/"]}]},{"@type":"BreadcrumbList","@id":"https:\/\/www.celttv.com.ar\/index.php\/2014\/10\/27\/reiterado-reclamo-por-obras-en-el-sector-de-vias-notas-claudio-heredia-la-concejal-graciela-musso-y-el-jefe-de-bomberos-martin-haag\/#breadcrumb","itemListElement":[{"@type":"ListItem","position":1,"name":"Inicio","item":"https:\/\/www.celttv.com.ar\/"},{"@type":"ListItem","position":2,"name":"REITERADO RECLAMO POR OBRAS EN EL SECTOR DE VIAS (Notas Claudio Heredia, la concejal Graciela Musso y el Jefe de Bomberos Mart\u00edn Haag)"}]},{"@type":"WebSite","@id":"https:\/\/www.celttv.com.ar\/#website","url":"https:\/\/www.celttv.com.ar\/","name":"CELTTV","description":"Cooperativa El\u00e9ctrica de Tornquist","publisher":{"@id":"https:\/\/www.celttv.com.ar\/#organization"},"potentialAction":[{"@type":"SearchAction","target":{"@type":"EntryPoint","urlTemplate":"https:\/\/www.celttv.com.ar\/?s={search_term_string}"},"query-input":"required name=search_term_string"}],"inLanguage":"es"},{"@type":"Organization","@id":"https:\/\/www.celttv.com.ar\/#organization","name":"CELTTV","url":"https:\/\/www.celttv.com.ar\/","sameAs":["https:\/\/www.youtube.com\/channel\/UCz_oIt8Hig64Ub-EmcNPIhg","https:\/\/www.facebook.com\/celtTV\/"],"logo":{"@type":"ImageObject","inLanguage":"es","@id":"https:\/\/www.celttv.com.ar\/#\/schema\/logo\/image\/","url":"http:\/\/www.celttv.com.ar\/wp-content\/uploads\/2022\/08\/logo-1.png","contentUrl":"http:\/\/www.celttv.com.ar\/wp-content\/uploads\/2022\/08\/logo-1.png","width":461,"height":159,"caption":"CELTTV"},"image":{"@id":"https:\/\/www.celttv.com.ar\/#\/schema\/logo\/image\/"}},{"@type":"Person","@id":"https:\/\/www.celttv.com.ar\/#\/schema\/person\/6d99c072dba59953809c81446e9d0ace","name":"ulises","image":{"@type":"ImageObject","inLanguage":"es","@id":"https:\/\/www.celttv.com.ar\/#\/schema\/person\/image\/","url":"https:\/\/secure.gravatar.com\/avatar\/7f2c48bdc33b30088f941fb6082e555f2874c98e20cb159d7b92b50eadfce793?s=96&d=mm&r=g","contentUrl":"https:\/\/secure.gravatar.com\/avatar\/7f2c48bdc33b30088f941fb6082e555f2874c98e20cb159d7b92b50eadfce793?s=96&d=mm&r=g","caption":"ulises"},"sameAs":["http:\/\/www.celttv.com.ar"]}]}},"_links":{"self":[{"href":"https:\/\/www.celttv.com.ar\/index.php\/wp-json\/wp\/v2\/posts\/24663","targetHints":{"allow":["GET"]}}],"collection":[{"href":"https:\/\/www.celttv.com.ar\/index.php\/wp-json\/wp\/v2\/posts"}],"about":[{"href":"https:\/\/www.celttv.com.ar\/index.php\/wp-json\/wp\/v2\/types\/post"}],"author":[{"embeddable":true,"href":"https:\/\/www.celttv.com.ar\/index.php\/wp-json\/wp\/v2\/users\/1"}],"replies":[{"embeddable":true,"href":"https:\/\/www.celttv.com.ar\/index.php\/wp-json\/wp\/v2\/comments?post=24663"}],"version-history":[{"count":0,"href":"https:\/\/www.celttv.com.ar\/index.php\/wp-json\/wp\/v2\/posts\/24663\/revisions"}],"wp:attachment":[{"href":"https:\/\/www.celttv.com.ar\/index.php\/wp-json\/wp\/v2\/media?parent=24663"}],"wp:term":[{"taxonomy":"category","embeddable":true,"href":"https:\/\/www.celttv.com.ar\/index.php\/wp-json\/wp\/v2\/categories?post=24663"},{"taxonomy":"post_tag","embeddable":true,"href":"https:\/\/www.celttv.com.ar\/index.php\/wp-json\/wp\/v2\/tags?post=24663"}],"curies":[{"name":"wp","href":"https:\/\/api.w.org\/{rel}","templated":true}]}}