{"id":24669,"date":"2014-10-28T15:13:48","date_gmt":"2014-10-28T15:13:48","guid":{"rendered":"http:\/\/www.tvcnoticias.com.ar\/?p=24669"},"modified":"2014-10-28T15:13:48","modified_gmt":"2014-10-28T15:13:48","slug":"las-semifinales-de-inferiores-se-jugaran-en-las-dos-canchas-de-carhue","status":"publish","type":"post","link":"https:\/\/www.celttv.com.ar\/index.php\/2014\/10\/28\/las-semifinales-de-inferiores-se-jugaran-en-las-dos-canchas-de-carhue\/","title":{"rendered":"LAS SEMIFINALES DE INFERIORES SE JUGARAN EN LAS DOS CANCHAS DE CARHUE"},"content":{"rendered":"<p>Anticipos \u00a0de la reuni\u00f3n de la Liga realizada este lunes:<br \/>\n<a rel=\"attachment wp-att-24670\" href=\"http:\/\/www.tvcnoticias.com.ar\/?attachment_id=24670\"><img loading=\"lazy\" decoding=\"async\" class=\"aligncenter size-medium wp-image-24670\" title=\"1430 - ARCO Y PELOTA (Medium)\" src=\"http:\/\/www.tvcnoticias.com.ar\/wp-content\/uploads\/2014\/10\/1430-ARCO-Y-PELOTA-Medium4-450x261.jpg\" alt=\"\" width=\"450\" height=\"261\" \/><\/a>1) Las semifinales de inferiores se jugar\u00e1n en las canchas de los dos clubes de Carhu\u00e9.<br \/>\n2) Deportivo Sarmiento recibir\u00e1 a Club Atl\u00e9tico Carlos Casares, en la revancha de la cuarta ronda del Sub 13, el domingo a las 16:00.<br \/>\n3) A partir del pr\u00f3ximo domingo los partidos de Primera y Reserva de la Liga Regional de F\u00fatbol de Coronel Su\u00e1rez comenzar\u00e1n media hora m\u00e1s tarde, es decir 14:00 los preliminares y 16:00 los cotejos de fondo.<br \/>\n4) Racing vs. Deportivo Sarmiento, en Primera y Reserva, postergan su compromiso de la d\u00e9cima fecha del Clausura para la semana que viene. Confrontar\u00edan 48 horas despu\u00e9s de la presentaci\u00f3n de Deportivo por el Federal a las 15:30 en Reserva y a las 17:30 en Primera.<br \/>\n5) Todav\u00eda no est\u00e1 confirmado el d\u00eda y horario para el partido Bella Vista vs. Deportivo Sarmiento por el Federal &#8220;B&#8221;, pero probablemente se juegue el s\u00e1bado a la tarde.<br \/>\n6) Los clubes interesados en postularse para jugar la edici\u00f3n 2015 del Torneo del Interior tienen tiempo hasta el pr\u00f3ximo viernes 31. Despu\u00e9s de esa fecha el Consejo Fedel no recibir\u00e1 las inscripciones. La LRF de Coronel Su\u00e1rez tiene 3 plazas asignadas.<br \/>\n7) Con respecto a la suspensi\u00f3n del partido de Primera entre Automoto y Atl\u00e9tico Huanguel\u00e9n (falta jugar \u00edntegro el segundo tiempo) y tambi\u00e9n de varios cotejos de Reserva, se les pidi\u00f3 a los clubes acuerden d\u00eda, horario y lugar para disputarlos. En caso de que ello no ocurra, los programar\u00e1 el consejo directivo de la Liga.<br \/>\n&nbsp;<br \/>\n&nbsp;<br \/>\nAs\u00ed se jugar\u00e1n las semifinales de inferiores<br \/>\n&nbsp;<br \/>\n<strong>En cancha de Racing:<\/strong> Puan F. Club vs. Deportivo Sarmiento Verde en 8\u00aa, San Mart\u00edn de Carhu\u00e9 vs. Tiro Federal de Puan en 7\u00aa, San Mart\u00edn de Carhu\u00e9 vs. Club Sarmiento en 6\u00aa y Deportivo Sarmiento vs. Uni\u00f3n de Tornquist en 5\u00aa.<br \/>\n&nbsp;<br \/>\n<strong>En cancha de San Mart\u00edn de Carhu\u00e9<\/strong>: Boca Juniors vs. Atl\u00e9tico Huanguel\u00e9n en 8\u00aa, Racing Club vs. Blanco y Negro en 7\u00aa, Racing Club vs. Pe\u00f1arol de Pig\u00fc\u00e9 en 6\u00aa y Racing Club vs. Club Sarmiento en 5\u00aa.<br \/>\n&nbsp;<br \/>\nEl horario de comienzo de los partidos fue fijado a las 12:00 los de 8\u00aa (50 minutos), a las 13:30 los de 7\u00aa (60m.) a las 15:00 los de 6\u00aa (70m) y a las 17:00 los de 5\u00aa (80m). En caso de empate al cabo del tiempo reglamentario, se definir\u00e1 por penales.<br \/>\n&nbsp;<br \/>\n&nbsp;<\/p>\n","protected":false},"excerpt":{"rendered":"<p>Anticipos \u00a0de la reuni\u00f3n de la Liga realizada este lunes: 1) Las semifinales de inferiores se jugar\u00e1n en las canchas de los dos clubes de Carhu\u00e9. 2) Deportivo Sarmiento recibir\u00e1 a Club Atl\u00e9tico Carlos Casares, en la revancha de la cuarta ronda del Sub 13, el domingo a las 16:00. 3) A partir del pr\u00f3ximo [&hellip;]<\/p>\n","protected":false},"author":1,"featured_media":0,"comment_status":"closed","ping_status":"open","sticky":false,"template":"","format":"standard","meta":{"footnotes":""},"categories":[60,52],"tags":[],"class_list":["post-24669","post","type-post","status-publish","format-standard","hentry","category-deporte","category-destacadas"],"yoast_head":"<!-- This site is optimized with the Yoast SEO plugin v19.7.1 - https:\/\/yoast.com\/wordpress\/plugins\/seo\/ -->\n<title>LAS SEMIFINALES DE INFERIORES SE JUGARAN EN LAS DOS CANCHAS DE CARHUE - CELTTV<\/title>\n<meta name=\"description\" content=\"Sitio web de noticias de la localidad de Tornquist, provincia de Buenos Aires, Rep\u00fablica Argentina. Contenido propio originado por periodistas de CELTTV, el canal de TV local de la Cooperativa El\u00e9ctrica de Tornquist. Turismo, Pol\u00edtica, Sociedad, Deporte, Cultura y todo el contenido de inter\u00e9s general que la gente del pueblo y la regi\u00f3n debe conocer.\" \/>\n<meta name=\"robots\" content=\"index, follow, max-snippet:-1, max-image-preview:large, max-video-preview:-1\" \/>\n<link rel=\"canonical\" href=\"https:\/\/www.celttv.com.ar\/index.php\/2014\/10\/28\/las-semifinales-de-inferiores-se-jugaran-en-las-dos-canchas-de-carhue\/\" \/>\n<meta property=\"og:locale\" content=\"es_ES\" \/>\n<meta property=\"og:type\" content=\"article\" \/>\n<meta property=\"og:title\" content=\"LAS SEMIFINALES DE INFERIORES SE JUGARAN EN LAS DOS CANCHAS DE CARHUE - CELTTV\" \/>\n<meta property=\"og:description\" content=\"Sitio web de noticias de la localidad de Tornquist, provincia de Buenos Aires, Rep\u00fablica Argentina. Contenido propio originado por periodistas de CELTTV, el canal de TV local de la Cooperativa El\u00e9ctrica de Tornquist. Turismo, Pol\u00edtica, Sociedad, Deporte, Cultura y todo el contenido de inter\u00e9s general que la gente del pueblo y la regi\u00f3n debe conocer.\" \/>\n<meta property=\"og:url\" content=\"https:\/\/www.celttv.com.ar\/index.php\/2014\/10\/28\/las-semifinales-de-inferiores-se-jugaran-en-las-dos-canchas-de-carhue\/\" \/>\n<meta property=\"og:site_name\" content=\"CELTTV\" \/>\n<meta property=\"article:publisher\" content=\"https:\/\/www.facebook.com\/celtTV\/\" \/>\n<meta property=\"article:published_time\" content=\"2014-10-28T15:13:48+00:00\" \/>\n<meta property=\"og:image\" content=\"http:\/\/www.tvcnoticias.com.ar\/wp-content\/uploads\/2014\/10\/1430-ARCO-Y-PELOTA-Medium4-450x261.jpg\" \/>\n<meta name=\"author\" content=\"ulises\" \/>\n<meta name=\"twitter:card\" content=\"summary_large_image\" \/>\n<meta name=\"twitter:label1\" content=\"Escrito por\" \/>\n\t<meta name=\"twitter:data1\" content=\"ulises\" \/>\n\t<meta name=\"twitter:label2\" content=\"Tiempo de lectura\" \/>\n\t<meta name=\"twitter:data2\" content=\"2 minutos\" \/>\n<script type=\"application\/ld+json\" class=\"yoast-schema-graph\">{\"@context\":\"https:\/\/schema.org\",\"@graph\":[{\"@type\":\"NewsArticle\",\"@id\":\"https:\/\/www.celttv.com.ar\/index.php\/2014\/10\/28\/las-semifinales-de-inferiores-se-jugaran-en-las-dos-canchas-de-carhue\/#article\",\"isPartOf\":{\"@id\":\"https:\/\/www.celttv.com.ar\/index.php\/2014\/10\/28\/las-semifinales-de-inferiores-se-jugaran-en-las-dos-canchas-de-carhue\/\"},\"author\":{\"name\":\"ulises\",\"@id\":\"https:\/\/www.celttv.com.ar\/#\/schema\/person\/6d99c072dba59953809c81446e9d0ace\"},\"headline\":\"LAS SEMIFINALES DE INFERIORES SE JUGARAN EN LAS DOS CANCHAS DE CARHUE\",\"datePublished\":\"2014-10-28T15:13:48+00:00\",\"dateModified\":\"2014-10-28T15:13:48+00:00\",\"mainEntityOfPage\":{\"@id\":\"https:\/\/www.celttv.com.ar\/index.php\/2014\/10\/28\/las-semifinales-de-inferiores-se-jugaran-en-las-dos-canchas-de-carhue\/\"},\"wordCount\":417,\"publisher\":{\"@id\":\"https:\/\/www.celttv.com.ar\/#organization\"},\"articleSection\":[\"Deporte\",\"Destacadas\"],\"inLanguage\":\"es\"},{\"@type\":\"WebPage\",\"@id\":\"https:\/\/www.celttv.com.ar\/index.php\/2014\/10\/28\/las-semifinales-de-inferiores-se-jugaran-en-las-dos-canchas-de-carhue\/\",\"url\":\"https:\/\/www.celttv.com.ar\/index.php\/2014\/10\/28\/las-semifinales-de-inferiores-se-jugaran-en-las-dos-canchas-de-carhue\/\",\"name\":\"LAS SEMIFINALES DE INFERIORES SE JUGARAN EN LAS DOS CANCHAS DE CARHUE - CELTTV\",\"isPartOf\":{\"@id\":\"https:\/\/www.celttv.com.ar\/#website\"},\"datePublished\":\"2014-10-28T15:13:48+00:00\",\"dateModified\":\"2014-10-28T15:13:48+00:00\",\"description\":\"Sitio web de noticias de la localidad de Tornquist, provincia de Buenos Aires, Rep\u00fablica Argentina. Contenido propio originado por periodistas de CELTTV, el canal de TV local de la Cooperativa El\u00e9ctrica de Tornquist. Turismo, Pol\u00edtica, Sociedad, Deporte, Cultura y todo el contenido de inter\u00e9s general que la gente del pueblo y la regi\u00f3n debe conocer.\",\"breadcrumb\":{\"@id\":\"https:\/\/www.celttv.com.ar\/index.php\/2014\/10\/28\/las-semifinales-de-inferiores-se-jugaran-en-las-dos-canchas-de-carhue\/#breadcrumb\"},\"inLanguage\":\"es\",\"potentialAction\":[{\"@type\":\"ReadAction\",\"target\":[\"https:\/\/www.celttv.com.ar\/index.php\/2014\/10\/28\/las-semifinales-de-inferiores-se-jugaran-en-las-dos-canchas-de-carhue\/\"]}]},{\"@type\":\"BreadcrumbList\",\"@id\":\"https:\/\/www.celttv.com.ar\/index.php\/2014\/10\/28\/las-semifinales-de-inferiores-se-jugaran-en-las-dos-canchas-de-carhue\/#breadcrumb\",\"itemListElement\":[{\"@type\":\"ListItem\",\"position\":1,\"name\":\"Inicio\",\"item\":\"https:\/\/www.celttv.com.ar\/\"},{\"@type\":\"ListItem\",\"position\":2,\"name\":\"LAS SEMIFINALES DE INFERIORES SE JUGARAN EN LAS DOS CANCHAS DE CARHUE\"}]},{\"@type\":\"WebSite\",\"@id\":\"https:\/\/www.celttv.com.ar\/#website\",\"url\":\"https:\/\/www.celttv.com.ar\/\",\"name\":\"CELTTV\",\"description\":\"Cooperativa El\u00e9ctrica de Tornquist\",\"publisher\":{\"@id\":\"https:\/\/www.celttv.com.ar\/#organization\"},\"potentialAction\":[{\"@type\":\"SearchAction\",\"target\":{\"@type\":\"EntryPoint\",\"urlTemplate\":\"https:\/\/www.celttv.com.ar\/?s={search_term_string}\"},\"query-input\":\"required name=search_term_string\"}],\"inLanguage\":\"es\"},{\"@type\":\"Organization\",\"@id\":\"https:\/\/www.celttv.com.ar\/#organization\",\"name\":\"CELTTV\",\"url\":\"https:\/\/www.celttv.com.ar\/\",\"sameAs\":[\"https:\/\/www.youtube.com\/channel\/UCz_oIt8Hig64Ub-EmcNPIhg\",\"https:\/\/www.facebook.com\/celtTV\/\"],\"logo\":{\"@type\":\"ImageObject\",\"inLanguage\":\"es\",\"@id\":\"https:\/\/www.celttv.com.ar\/#\/schema\/logo\/image\/\",\"url\":\"http:\/\/www.celttv.com.ar\/wp-content\/uploads\/2022\/08\/logo-1.png\",\"contentUrl\":\"http:\/\/www.celttv.com.ar\/wp-content\/uploads\/2022\/08\/logo-1.png\",\"width\":461,\"height\":159,\"caption\":\"CELTTV\"},\"image\":{\"@id\":\"https:\/\/www.celttv.com.ar\/#\/schema\/logo\/image\/\"}},{\"@type\":\"Person\",\"@id\":\"https:\/\/www.celttv.com.ar\/#\/schema\/person\/6d99c072dba59953809c81446e9d0ace\",\"name\":\"ulises\",\"image\":{\"@type\":\"ImageObject\",\"inLanguage\":\"es\",\"@id\":\"https:\/\/www.celttv.com.ar\/#\/schema\/person\/image\/\",\"url\":\"https:\/\/secure.gravatar.com\/avatar\/7f2c48bdc33b30088f941fb6082e555f2874c98e20cb159d7b92b50eadfce793?s=96&d=mm&r=g\",\"contentUrl\":\"https:\/\/secure.gravatar.com\/avatar\/7f2c48bdc33b30088f941fb6082e555f2874c98e20cb159d7b92b50eadfce793?s=96&d=mm&r=g\",\"caption\":\"ulises\"},\"sameAs\":[\"http:\/\/www.celttv.com.ar\"]}]}<\/script>\n<!-- \/ Yoast SEO plugin. -->","yoast_head_json":{"title":"LAS SEMIFINALES DE INFERIORES SE JUGARAN EN LAS DOS CANCHAS DE CARHUE - CELTTV","description":"Sitio web de noticias de la localidad de Tornquist, provincia de Buenos Aires, Rep\u00fablica Argentina. Contenido propio originado por periodistas de CELTTV, el canal de TV local de la Cooperativa El\u00e9ctrica de Tornquist. Turismo, Pol\u00edtica, Sociedad, Deporte, Cultura y todo el contenido de inter\u00e9s general que la gente del pueblo y la regi\u00f3n debe conocer.","robots":{"index":"index","follow":"follow","max-snippet":"max-snippet:-1","max-image-preview":"max-image-preview:large","max-video-preview":"max-video-preview:-1"},"canonical":"https:\/\/www.celttv.com.ar\/index.php\/2014\/10\/28\/las-semifinales-de-inferiores-se-jugaran-en-las-dos-canchas-de-carhue\/","og_locale":"es_ES","og_type":"article","og_title":"LAS SEMIFINALES DE INFERIORES SE JUGARAN EN LAS DOS CANCHAS DE CARHUE - CELTTV","og_description":"Sitio web de noticias de la localidad de Tornquist, provincia de Buenos Aires, Rep\u00fablica Argentina. Contenido propio originado por periodistas de CELTTV, el canal de TV local de la Cooperativa El\u00e9ctrica de Tornquist. Turismo, Pol\u00edtica, Sociedad, Deporte, Cultura y todo el contenido de inter\u00e9s general que la gente del pueblo y la regi\u00f3n debe conocer.","og_url":"https:\/\/www.celttv.com.ar\/index.php\/2014\/10\/28\/las-semifinales-de-inferiores-se-jugaran-en-las-dos-canchas-de-carhue\/","og_site_name":"CELTTV","article_publisher":"https:\/\/www.facebook.com\/celtTV\/","article_published_time":"2014-10-28T15:13:48+00:00","og_image":[{"url":"http:\/\/www.tvcnoticias.com.ar\/wp-content\/uploads\/2014\/10\/1430-ARCO-Y-PELOTA-Medium4-450x261.jpg"}],"author":"ulises","twitter_card":"summary_large_image","twitter_misc":{"Escrito por":"ulises","Tiempo de lectura":"2 minutos"},"schema":{"@context":"https:\/\/schema.org","@graph":[{"@type":"NewsArticle","@id":"https:\/\/www.celttv.com.ar\/index.php\/2014\/10\/28\/las-semifinales-de-inferiores-se-jugaran-en-las-dos-canchas-de-carhue\/#article","isPartOf":{"@id":"https:\/\/www.celttv.com.ar\/index.php\/2014\/10\/28\/las-semifinales-de-inferiores-se-jugaran-en-las-dos-canchas-de-carhue\/"},"author":{"name":"ulises","@id":"https:\/\/www.celttv.com.ar\/#\/schema\/person\/6d99c072dba59953809c81446e9d0ace"},"headline":"LAS SEMIFINALES DE INFERIORES SE JUGARAN EN LAS DOS CANCHAS DE CARHUE","datePublished":"2014-10-28T15:13:48+00:00","dateModified":"2014-10-28T15:13:48+00:00","mainEntityOfPage":{"@id":"https:\/\/www.celttv.com.ar\/index.php\/2014\/10\/28\/las-semifinales-de-inferiores-se-jugaran-en-las-dos-canchas-de-carhue\/"},"wordCount":417,"publisher":{"@id":"https:\/\/www.celttv.com.ar\/#organization"},"articleSection":["Deporte","Destacadas"],"inLanguage":"es"},{"@type":"WebPage","@id":"https:\/\/www.celttv.com.ar\/index.php\/2014\/10\/28\/las-semifinales-de-inferiores-se-jugaran-en-las-dos-canchas-de-carhue\/","url":"https:\/\/www.celttv.com.ar\/index.php\/2014\/10\/28\/las-semifinales-de-inferiores-se-jugaran-en-las-dos-canchas-de-carhue\/","name":"LAS SEMIFINALES DE INFERIORES SE JUGARAN EN LAS DOS CANCHAS DE CARHUE - CELTTV","isPartOf":{"@id":"https:\/\/www.celttv.com.ar\/#website"},"datePublished":"2014-10-28T15:13:48+00:00","dateModified":"2014-10-28T15:13:48+00:00","description":"Sitio web de noticias de la localidad de Tornquist, provincia de Buenos Aires, Rep\u00fablica Argentina. Contenido propio originado por periodistas de CELTTV, el canal de TV local de la Cooperativa El\u00e9ctrica de Tornquist. Turismo, Pol\u00edtica, Sociedad, Deporte, Cultura y todo el contenido de inter\u00e9s general que la gente del pueblo y la regi\u00f3n debe conocer.","breadcrumb":{"@id":"https:\/\/www.celttv.com.ar\/index.php\/2014\/10\/28\/las-semifinales-de-inferiores-se-jugaran-en-las-dos-canchas-de-carhue\/#breadcrumb"},"inLanguage":"es","potentialAction":[{"@type":"ReadAction","target":["https:\/\/www.celttv.com.ar\/index.php\/2014\/10\/28\/las-semifinales-de-inferiores-se-jugaran-en-las-dos-canchas-de-carhue\/"]}]},{"@type":"BreadcrumbList","@id":"https:\/\/www.celttv.com.ar\/index.php\/2014\/10\/28\/las-semifinales-de-inferiores-se-jugaran-en-las-dos-canchas-de-carhue\/#breadcrumb","itemListElement":[{"@type":"ListItem","position":1,"name":"Inicio","item":"https:\/\/www.celttv.com.ar\/"},{"@type":"ListItem","position":2,"name":"LAS SEMIFINALES DE INFERIORES SE JUGARAN EN LAS DOS CANCHAS DE CARHUE"}]},{"@type":"WebSite","@id":"https:\/\/www.celttv.com.ar\/#website","url":"https:\/\/www.celttv.com.ar\/","name":"CELTTV","description":"Cooperativa El\u00e9ctrica de Tornquist","publisher":{"@id":"https:\/\/www.celttv.com.ar\/#organization"},"potentialAction":[{"@type":"SearchAction","target":{"@type":"EntryPoint","urlTemplate":"https:\/\/www.celttv.com.ar\/?s={search_term_string}"},"query-input":"required name=search_term_string"}],"inLanguage":"es"},{"@type":"Organization","@id":"https:\/\/www.celttv.com.ar\/#organization","name":"CELTTV","url":"https:\/\/www.celttv.com.ar\/","sameAs":["https:\/\/www.youtube.com\/channel\/UCz_oIt8Hig64Ub-EmcNPIhg","https:\/\/www.facebook.com\/celtTV\/"],"logo":{"@type":"ImageObject","inLanguage":"es","@id":"https:\/\/www.celttv.com.ar\/#\/schema\/logo\/image\/","url":"http:\/\/www.celttv.com.ar\/wp-content\/uploads\/2022\/08\/logo-1.png","contentUrl":"http:\/\/www.celttv.com.ar\/wp-content\/uploads\/2022\/08\/logo-1.png","width":461,"height":159,"caption":"CELTTV"},"image":{"@id":"https:\/\/www.celttv.com.ar\/#\/schema\/logo\/image\/"}},{"@type":"Person","@id":"https:\/\/www.celttv.com.ar\/#\/schema\/person\/6d99c072dba59953809c81446e9d0ace","name":"ulises","image":{"@type":"ImageObject","inLanguage":"es","@id":"https:\/\/www.celttv.com.ar\/#\/schema\/person\/image\/","url":"https:\/\/secure.gravatar.com\/avatar\/7f2c48bdc33b30088f941fb6082e555f2874c98e20cb159d7b92b50eadfce793?s=96&d=mm&r=g","contentUrl":"https:\/\/secure.gravatar.com\/avatar\/7f2c48bdc33b30088f941fb6082e555f2874c98e20cb159d7b92b50eadfce793?s=96&d=mm&r=g","caption":"ulises"},"sameAs":["http:\/\/www.celttv.com.ar"]}]}},"_links":{"self":[{"href":"https:\/\/www.celttv.com.ar\/index.php\/wp-json\/wp\/v2\/posts\/24669","targetHints":{"allow":["GET"]}}],"collection":[{"href":"https:\/\/www.celttv.com.ar\/index.php\/wp-json\/wp\/v2\/posts"}],"about":[{"href":"https:\/\/www.celttv.com.ar\/index.php\/wp-json\/wp\/v2\/types\/post"}],"author":[{"embeddable":true,"href":"https:\/\/www.celttv.com.ar\/index.php\/wp-json\/wp\/v2\/users\/1"}],"replies":[{"embeddable":true,"href":"https:\/\/www.celttv.com.ar\/index.php\/wp-json\/wp\/v2\/comments?post=24669"}],"version-history":[{"count":0,"href":"https:\/\/www.celttv.com.ar\/index.php\/wp-json\/wp\/v2\/posts\/24669\/revisions"}],"wp:attachment":[{"href":"https:\/\/www.celttv.com.ar\/index.php\/wp-json\/wp\/v2\/media?parent=24669"}],"wp:term":[{"taxonomy":"category","embeddable":true,"href":"https:\/\/www.celttv.com.ar\/index.php\/wp-json\/wp\/v2\/categories?post=24669"},{"taxonomy":"post_tag","embeddable":true,"href":"https:\/\/www.celttv.com.ar\/index.php\/wp-json\/wp\/v2\/tags?post=24669"}],"curies":[{"name":"wp","href":"https:\/\/api.w.org\/{rel}","templated":true}]}}