{"id":24765,"date":"2014-10-30T23:25:06","date_gmt":"2014-10-30T23:25:06","guid":{"rendered":"http:\/\/www.tvcnoticias.com.ar\/?p=24765"},"modified":"2014-10-30T23:25:06","modified_gmt":"2014-10-30T23:25:06","slug":"blanco-y-negro-la-gano-a-union-2-a-0-compacto-del-partido","status":"publish","type":"post","link":"https:\/\/www.celttv.com.ar\/index.php\/2014\/10\/30\/blanco-y-negro-la-gano-a-union-2-a-0-compacto-del-partido\/","title":{"rendered":"BLANCO Y NEGRO LA GANO A UNION 2 A 0 (compacto del partido)"},"content":{"rendered":"<p><a href=\"https:\/\/www.youtube.com\/watch?v=575yt-RnUGc\">httpv:\/\/www.youtube.com\/watch?v=575yt-RnUGc<\/a><br \/>\nCon un doblete de \u00c1lvarez, goleador y figura, Blanco y Negro le gan\u00f3 2 a 0 al d\u00e9bil Uni\u00f3n de Tornquist y lleg\u00f3 al segundo puesto de la zona B.<br \/>\nBlanco y Negro sigue creciendo. No solo en la tabla, sino tambi\u00e9n como equipo. El elenco albinegro afronta una etapa de transici\u00f3n que se ha estirado m\u00e1s de lo normal pero que de a poco va arrojando los ansiados buenos resultados.<br \/>\nSe nota el trabajo y el crecimiento. Tassara, este muy buen entrenador que lleg\u00f3 para ordenar al equipo tras el deplorable ciclo de Gurrieri, de a poco va logrando consolidar una buena base de juveniles que respaldados por algunos \u201chist\u00f3ricos\u201d que perduran est\u00e1n mostrando cosas interesantes.<br \/>\nSe ven reflejadas en la cancha las buenas intenciones. Las ganas de jugar y de mostrar un f\u00fatbol vistoso y efectivo, algo que le cost\u00f3 a Blanco y Negro en los \u00faltimos a\u00f1os.<br \/>\nEn ese sentido, han sido fundamentales los dos delanteros, Luciano Acosta y Mart\u00edn Alvarez. Son las grandes figuras del equipo.<br \/>\nPorque en el f\u00fatbol lo que valen son los goles. Se valoran las intenciones, se puede jugar mejor o peor, m\u00e1s lindo o m\u00e1s feo. Pero los goles son todo. El resultado lo es todo, le pese a quien le pese.<br \/>\nY Blanco y Negro tiene goles, nada m\u00e1s ni nada menos. Si no es Acosta es Alvarez. Ayer fue Mart\u00edn, este buen atacante que tras varios idas y vueltas en el f\u00fatbol liguista parece haber encontrado su lugar en este Blanco y Negro que celebra tenerlo.<br \/>\nAl ex Independiente se le abri\u00f3 el arco y en las \u00faltimas fechas anot\u00f3 goles muy importantes. Este domingo fueron dos para derrotar 2-0, con justicia y comodidad (aunque sufriendo m\u00e1s de la cuenta por no poder liquidarlo antes), a un desdibujado y muy endeble Uni\u00f3n de Tornquist, que casi no inquiet\u00f3.<br \/>\nEl partido fue de mediocre tirando a malo. Con la cancha muy r\u00e1pida por la lluvia aunque en excelente estado, cost\u00f3 jugar. Pero siempre fue Blanco y Negro el que m\u00e1s intent\u00f3.<br \/>\nEl local despleg\u00f3 buen juego en los primeros minutos y encontr\u00f3 el premio bastante r\u00e1pido. Blanco y Negro lleg\u00f3 por primera vez al \u00e1rea rival tocando en pared por la izquierda y con un centro de Diego Schwab que Alvarez resolvi\u00f3 con un remate muy alto por encima del arco.<br \/>\nEn el segundo ataque a fondo lleg\u00f3 el gol. Acosta apareci\u00f3 libre por la derecha del \u00e1rea y tir\u00f3 un centro letal para la entrada de Alvarez y Arata pero finalmente Mart\u00edn fue el que toc\u00f3 al gol ingresando por el \u00e1rea chica.<br \/>\nDespu\u00e9s del buen rato del albinegro el partido entr\u00f3 en una meseta porque el local ya no fue tan claro para atacar y Uni\u00f3n mostraba pocos argumentos para tratar de torcer la historia. Aunque un remate de Neudert desde afuera y una aparici\u00f3n solitaria de Schmidt por izquierda que termin\u00f3 en un tiro desviado inquietaron un poco a Arzer.<br \/>\nEl equipo de Tassara podr\u00eda haber ido a los vestuarios con una ventaja mayor, pero tras una buena jugada entre Acosta y Alebuena, con taco incluido del pig\u00fcense y remate de \u201cPancho\u201d que ataj\u00f3 el arquero, Alvarez err\u00f3 incre\u00edblemente rematando fuerte al cuerpo de Rubio.<br \/>\n<strong>Tard\u00f3 en liquidarlo<\/strong><br \/>\nUni\u00f3n se mantuvo con chances casi hasta el final del partido por el simple hecho de que Blanco y Negro tard\u00f3 en liquidarlo. Con la ventaja, el local fue el que sigui\u00f3 buscando en el segundo tiempo, aunque con poca claridad en los metros finales.<br \/>\nPasaba poco en el partido hasta que Ortega se patin\u00f3 en una salida y Sanabria perdi\u00f3 la chance inmejorable de empatarlo al rematar solo por encima del arco. As\u00ed estaba el partido, parec\u00eda c\u00f3modo el tr\u00e1mite para Blanco y Negro pero la ventaja era exigua y cualquier ataque de los verdes (ayer vestidos de negro) encend\u00eda la alarma.<br \/>\nUn disparo de Acosta alto y un centro interrumpido por una mano dentro del \u00e1rea no sancionada como penal por Taryano fueron algunos intentos del albinegro, que no pod\u00eda sellar el resultado.<br \/>\nEl gol tranquilizador finalmente iba a llegar. A falta de 4 minutos y tras desperdiciar otra oportunidad clar\u00edsima, Mart\u00edn Alvarez no se rindi\u00f3, pele\u00f3 la pelota con el arquero, que sali\u00f3 lejos y mal y la puso por arriba de todos para convertir un golazo y liquidar la historia.<br \/>\nBuen triunfo de Blanco y Negro, que va creciendo partido a partido y tambi\u00e9n acostumbr\u00e1ndose a figurar en la parte de arriba de las posiciones.<br \/>\n<em>Juani Mailland<\/em><br \/>\n<strong>BLANCO Y NEGRO 2<\/strong><\/p>\n<ul>\n<li>Emiliano Arzer<\/li>\n<li>Juan Cruz Shard<\/li>\n<li>Ramiro Chazarreta<\/li>\n<li>Maximiliano Ortega<\/li>\n<li>Diego Schwab<\/li>\n<li>Gonzalo Batto<\/li>\n<li>Mauro Vigas<\/li>\n<li>Braian Arata<\/li>\n<li>Juan Diego Alebuena<\/li>\n<li>Mart\u00edn Alvarez<\/li>\n<li>Luciano Acosta<\/li>\n<\/ul>\n<p>DT: Sergio Tassara<br \/>\nCambios: 68m Juan Opel por Batto; 78m Joaqu\u00edn Kraft por Vigas y 85m Santiago Mendoza por Alebuena<br \/>\nSuplentes: Germ\u00e1n Bidonde y Ulises Nozeres.<br \/>\n<strong>UNI\u00d3N (T) 0<\/strong><\/p>\n<ul>\n<li>Javier Rubio<\/li>\n<li>Sebasti\u00e1n Callava<\/li>\n<li>Alexis Espinoza<\/li>\n<li>Hern\u00e1n Delgado<\/li>\n<li>Leonel Moyano<\/li>\n<li>Maximiliano Banegas<\/li>\n<li>Facundo Mart\u00ednez<\/li>\n<li>Fernando Neudert<\/li>\n<li>Edgar Sanabria<\/li>\n<li>Ezequiel Schmidt<\/li>\n<li>Leandro Schwab<\/li>\n<\/ul>\n<p>DT: Miguel Idoeta.<br \/>\nCambios: 59m Mat\u00edas Fritz por Neudert; 65m Fernando Salazar por Schmidt y 70m Tom\u00e1s Terrugi por Mart\u00ednez.<br \/>\nSuplentes: Nicol\u00e1s y Emir Cleppe.<br \/>\nGOLES. Primer tiempo: 10m Mart\u00edn Alvarez (ByN). Segundo tiempo: 40m Mart\u00edn Alvarez (ByN).<br \/>\nEXPULSADO. Segundo tiempo: 31m Leandro Schwab (UT).<br \/>\n\u00c1RBITRO: Sergio Taryano (6) de la ARA<br \/>\nCANCHA: Parque Alberdi (ByN)<br \/>\nRESERVA: suspendida.<br \/>\n&nbsp;<\/p>\n","protected":false},"excerpt":{"rendered":"<p>httpv:\/\/www.youtube.com\/watch?v=575yt-RnUGc Con un doblete de \u00c1lvarez, goleador y figura, Blanco y Negro le gan\u00f3 2 a 0 al d\u00e9bil Uni\u00f3n de Tornquist y lleg\u00f3 al segundo puesto de la zona B. Blanco y Negro sigue creciendo. No solo en la tabla, sino tambi\u00e9n como equipo. El elenco albinegro afronta una etapa de transici\u00f3n que se [&hellip;]<\/p>\n","protected":false},"author":1,"featured_media":0,"comment_status":"closed","ping_status":"open","sticky":false,"template":"","format":"standard","meta":{"footnotes":""},"categories":[60,52,64],"tags":[],"class_list":["post-24765","post","type-post","status-publish","format-standard","hentry","category-deporte","category-destacadas","category-videos-destacados"],"yoast_head":"<!-- This site is optimized with the Yoast SEO plugin v19.7.1 - https:\/\/yoast.com\/wordpress\/plugins\/seo\/ -->\n<title>BLANCO Y NEGRO LA GANO A UNION 2 A 0 (compacto del partido) - CELTTV<\/title>\n<meta name=\"description\" content=\"Sitio web de noticias de la localidad de Tornquist, provincia de Buenos Aires, Rep\u00fablica Argentina. Contenido propio originado por periodistas de CELTTV, el canal de TV local de la Cooperativa El\u00e9ctrica de Tornquist. Turismo, Pol\u00edtica, Sociedad, Deporte, Cultura y todo el contenido de inter\u00e9s general que la gente del pueblo y la regi\u00f3n debe conocer.\" \/>\n<meta name=\"robots\" content=\"index, follow, max-snippet:-1, max-image-preview:large, max-video-preview:-1\" \/>\n<link rel=\"canonical\" href=\"https:\/\/www.celttv.com.ar\/index.php\/2014\/10\/30\/blanco-y-negro-la-gano-a-union-2-a-0-compacto-del-partido\/\" \/>\n<meta property=\"og:locale\" content=\"es_ES\" \/>\n<meta property=\"og:type\" content=\"article\" \/>\n<meta property=\"og:title\" content=\"BLANCO Y NEGRO LA GANO A UNION 2 A 0 (compacto del partido) - CELTTV\" \/>\n<meta property=\"og:description\" content=\"Sitio web de noticias de la localidad de Tornquist, provincia de Buenos Aires, Rep\u00fablica Argentina. Contenido propio originado por periodistas de CELTTV, el canal de TV local de la Cooperativa El\u00e9ctrica de Tornquist. Turismo, Pol\u00edtica, Sociedad, Deporte, Cultura y todo el contenido de inter\u00e9s general que la gente del pueblo y la regi\u00f3n debe conocer.\" \/>\n<meta property=\"og:url\" content=\"https:\/\/www.celttv.com.ar\/index.php\/2014\/10\/30\/blanco-y-negro-la-gano-a-union-2-a-0-compacto-del-partido\/\" \/>\n<meta property=\"og:site_name\" content=\"CELTTV\" \/>\n<meta property=\"article:publisher\" content=\"https:\/\/www.facebook.com\/celtTV\/\" \/>\n<meta property=\"article:published_time\" content=\"2014-10-30T23:25:06+00:00\" \/>\n<meta name=\"author\" content=\"ulises\" \/>\n<meta name=\"twitter:card\" content=\"summary_large_image\" \/>\n<meta name=\"twitter:label1\" content=\"Escrito por\" \/>\n\t<meta name=\"twitter:data1\" content=\"ulises\" \/>\n\t<meta name=\"twitter:label2\" content=\"Tiempo de lectura\" \/>\n\t<meta name=\"twitter:data2\" content=\"5 minutos\" \/>\n<script type=\"application\/ld+json\" class=\"yoast-schema-graph\">{\"@context\":\"https:\/\/schema.org\",\"@graph\":[{\"@type\":\"NewsArticle\",\"@id\":\"https:\/\/www.celttv.com.ar\/index.php\/2014\/10\/30\/blanco-y-negro-la-gano-a-union-2-a-0-compacto-del-partido\/#article\",\"isPartOf\":{\"@id\":\"https:\/\/www.celttv.com.ar\/index.php\/2014\/10\/30\/blanco-y-negro-la-gano-a-union-2-a-0-compacto-del-partido\/\"},\"author\":{\"name\":\"ulises\",\"@id\":\"https:\/\/www.celttv.com.ar\/#\/schema\/person\/6d99c072dba59953809c81446e9d0ace\"},\"headline\":\"BLANCO Y NEGRO LA GANO A UNION 2 A 0 (compacto del partido)\",\"datePublished\":\"2014-10-30T23:25:06+00:00\",\"dateModified\":\"2014-10-30T23:25:06+00:00\",\"mainEntityOfPage\":{\"@id\":\"https:\/\/www.celttv.com.ar\/index.php\/2014\/10\/30\/blanco-y-negro-la-gano-a-union-2-a-0-compacto-del-partido\/\"},\"wordCount\":953,\"publisher\":{\"@id\":\"https:\/\/www.celttv.com.ar\/#organization\"},\"articleSection\":[\"Deporte\",\"Destacadas\",\"Videos Destacados\"],\"inLanguage\":\"es\"},{\"@type\":\"WebPage\",\"@id\":\"https:\/\/www.celttv.com.ar\/index.php\/2014\/10\/30\/blanco-y-negro-la-gano-a-union-2-a-0-compacto-del-partido\/\",\"url\":\"https:\/\/www.celttv.com.ar\/index.php\/2014\/10\/30\/blanco-y-negro-la-gano-a-union-2-a-0-compacto-del-partido\/\",\"name\":\"BLANCO Y NEGRO LA GANO A UNION 2 A 0 (compacto del partido) - CELTTV\",\"isPartOf\":{\"@id\":\"https:\/\/www.celttv.com.ar\/#website\"},\"datePublished\":\"2014-10-30T23:25:06+00:00\",\"dateModified\":\"2014-10-30T23:25:06+00:00\",\"description\":\"Sitio web de noticias de la localidad de Tornquist, provincia de Buenos Aires, Rep\u00fablica Argentina. Contenido propio originado por periodistas de CELTTV, el canal de TV local de la Cooperativa El\u00e9ctrica de Tornquist. Turismo, Pol\u00edtica, Sociedad, Deporte, Cultura y todo el contenido de inter\u00e9s general que la gente del pueblo y la regi\u00f3n debe conocer.\",\"breadcrumb\":{\"@id\":\"https:\/\/www.celttv.com.ar\/index.php\/2014\/10\/30\/blanco-y-negro-la-gano-a-union-2-a-0-compacto-del-partido\/#breadcrumb\"},\"inLanguage\":\"es\",\"potentialAction\":[{\"@type\":\"ReadAction\",\"target\":[\"https:\/\/www.celttv.com.ar\/index.php\/2014\/10\/30\/blanco-y-negro-la-gano-a-union-2-a-0-compacto-del-partido\/\"]}]},{\"@type\":\"BreadcrumbList\",\"@id\":\"https:\/\/www.celttv.com.ar\/index.php\/2014\/10\/30\/blanco-y-negro-la-gano-a-union-2-a-0-compacto-del-partido\/#breadcrumb\",\"itemListElement\":[{\"@type\":\"ListItem\",\"position\":1,\"name\":\"Inicio\",\"item\":\"https:\/\/www.celttv.com.ar\/\"},{\"@type\":\"ListItem\",\"position\":2,\"name\":\"BLANCO Y NEGRO LA GANO A UNION 2 A 0 (compacto del partido)\"}]},{\"@type\":\"WebSite\",\"@id\":\"https:\/\/www.celttv.com.ar\/#website\",\"url\":\"https:\/\/www.celttv.com.ar\/\",\"name\":\"CELTTV\",\"description\":\"Cooperativa El\u00e9ctrica de Tornquist\",\"publisher\":{\"@id\":\"https:\/\/www.celttv.com.ar\/#organization\"},\"potentialAction\":[{\"@type\":\"SearchAction\",\"target\":{\"@type\":\"EntryPoint\",\"urlTemplate\":\"https:\/\/www.celttv.com.ar\/?s={search_term_string}\"},\"query-input\":\"required name=search_term_string\"}],\"inLanguage\":\"es\"},{\"@type\":\"Organization\",\"@id\":\"https:\/\/www.celttv.com.ar\/#organization\",\"name\":\"CELTTV\",\"url\":\"https:\/\/www.celttv.com.ar\/\",\"sameAs\":[\"https:\/\/www.youtube.com\/channel\/UCz_oIt8Hig64Ub-EmcNPIhg\",\"https:\/\/www.facebook.com\/celtTV\/\"],\"logo\":{\"@type\":\"ImageObject\",\"inLanguage\":\"es\",\"@id\":\"https:\/\/www.celttv.com.ar\/#\/schema\/logo\/image\/\",\"url\":\"http:\/\/www.celttv.com.ar\/wp-content\/uploads\/2022\/08\/logo-1.png\",\"contentUrl\":\"http:\/\/www.celttv.com.ar\/wp-content\/uploads\/2022\/08\/logo-1.png\",\"width\":461,\"height\":159,\"caption\":\"CELTTV\"},\"image\":{\"@id\":\"https:\/\/www.celttv.com.ar\/#\/schema\/logo\/image\/\"}},{\"@type\":\"Person\",\"@id\":\"https:\/\/www.celttv.com.ar\/#\/schema\/person\/6d99c072dba59953809c81446e9d0ace\",\"name\":\"ulises\",\"image\":{\"@type\":\"ImageObject\",\"inLanguage\":\"es\",\"@id\":\"https:\/\/www.celttv.com.ar\/#\/schema\/person\/image\/\",\"url\":\"https:\/\/secure.gravatar.com\/avatar\/7f2c48bdc33b30088f941fb6082e555f2874c98e20cb159d7b92b50eadfce793?s=96&d=mm&r=g\",\"contentUrl\":\"https:\/\/secure.gravatar.com\/avatar\/7f2c48bdc33b30088f941fb6082e555f2874c98e20cb159d7b92b50eadfce793?s=96&d=mm&r=g\",\"caption\":\"ulises\"},\"sameAs\":[\"http:\/\/www.celttv.com.ar\"]}]}<\/script>\n<!-- \/ Yoast SEO plugin. -->","yoast_head_json":{"title":"BLANCO Y NEGRO LA GANO A UNION 2 A 0 (compacto del partido) - CELTTV","description":"Sitio web de noticias de la localidad de Tornquist, provincia de Buenos Aires, Rep\u00fablica Argentina. Contenido propio originado por periodistas de CELTTV, el canal de TV local de la Cooperativa El\u00e9ctrica de Tornquist. Turismo, Pol\u00edtica, Sociedad, Deporte, Cultura y todo el contenido de inter\u00e9s general que la gente del pueblo y la regi\u00f3n debe conocer.","robots":{"index":"index","follow":"follow","max-snippet":"max-snippet:-1","max-image-preview":"max-image-preview:large","max-video-preview":"max-video-preview:-1"},"canonical":"https:\/\/www.celttv.com.ar\/index.php\/2014\/10\/30\/blanco-y-negro-la-gano-a-union-2-a-0-compacto-del-partido\/","og_locale":"es_ES","og_type":"article","og_title":"BLANCO Y NEGRO LA GANO A UNION 2 A 0 (compacto del partido) - CELTTV","og_description":"Sitio web de noticias de la localidad de Tornquist, provincia de Buenos Aires, Rep\u00fablica Argentina. Contenido propio originado por periodistas de CELTTV, el canal de TV local de la Cooperativa El\u00e9ctrica de Tornquist. Turismo, Pol\u00edtica, Sociedad, Deporte, Cultura y todo el contenido de inter\u00e9s general que la gente del pueblo y la regi\u00f3n debe conocer.","og_url":"https:\/\/www.celttv.com.ar\/index.php\/2014\/10\/30\/blanco-y-negro-la-gano-a-union-2-a-0-compacto-del-partido\/","og_site_name":"CELTTV","article_publisher":"https:\/\/www.facebook.com\/celtTV\/","article_published_time":"2014-10-30T23:25:06+00:00","author":"ulises","twitter_card":"summary_large_image","twitter_misc":{"Escrito por":"ulises","Tiempo de lectura":"5 minutos"},"schema":{"@context":"https:\/\/schema.org","@graph":[{"@type":"NewsArticle","@id":"https:\/\/www.celttv.com.ar\/index.php\/2014\/10\/30\/blanco-y-negro-la-gano-a-union-2-a-0-compacto-del-partido\/#article","isPartOf":{"@id":"https:\/\/www.celttv.com.ar\/index.php\/2014\/10\/30\/blanco-y-negro-la-gano-a-union-2-a-0-compacto-del-partido\/"},"author":{"name":"ulises","@id":"https:\/\/www.celttv.com.ar\/#\/schema\/person\/6d99c072dba59953809c81446e9d0ace"},"headline":"BLANCO Y NEGRO LA GANO A UNION 2 A 0 (compacto del partido)","datePublished":"2014-10-30T23:25:06+00:00","dateModified":"2014-10-30T23:25:06+00:00","mainEntityOfPage":{"@id":"https:\/\/www.celttv.com.ar\/index.php\/2014\/10\/30\/blanco-y-negro-la-gano-a-union-2-a-0-compacto-del-partido\/"},"wordCount":953,"publisher":{"@id":"https:\/\/www.celttv.com.ar\/#organization"},"articleSection":["Deporte","Destacadas","Videos Destacados"],"inLanguage":"es"},{"@type":"WebPage","@id":"https:\/\/www.celttv.com.ar\/index.php\/2014\/10\/30\/blanco-y-negro-la-gano-a-union-2-a-0-compacto-del-partido\/","url":"https:\/\/www.celttv.com.ar\/index.php\/2014\/10\/30\/blanco-y-negro-la-gano-a-union-2-a-0-compacto-del-partido\/","name":"BLANCO Y NEGRO LA GANO A UNION 2 A 0 (compacto del partido) - CELTTV","isPartOf":{"@id":"https:\/\/www.celttv.com.ar\/#website"},"datePublished":"2014-10-30T23:25:06+00:00","dateModified":"2014-10-30T23:25:06+00:00","description":"Sitio web de noticias de la localidad de Tornquist, provincia de Buenos Aires, Rep\u00fablica Argentina. Contenido propio originado por periodistas de CELTTV, el canal de TV local de la Cooperativa El\u00e9ctrica de Tornquist. Turismo, Pol\u00edtica, Sociedad, Deporte, Cultura y todo el contenido de inter\u00e9s general que la gente del pueblo y la regi\u00f3n debe conocer.","breadcrumb":{"@id":"https:\/\/www.celttv.com.ar\/index.php\/2014\/10\/30\/blanco-y-negro-la-gano-a-union-2-a-0-compacto-del-partido\/#breadcrumb"},"inLanguage":"es","potentialAction":[{"@type":"ReadAction","target":["https:\/\/www.celttv.com.ar\/index.php\/2014\/10\/30\/blanco-y-negro-la-gano-a-union-2-a-0-compacto-del-partido\/"]}]},{"@type":"BreadcrumbList","@id":"https:\/\/www.celttv.com.ar\/index.php\/2014\/10\/30\/blanco-y-negro-la-gano-a-union-2-a-0-compacto-del-partido\/#breadcrumb","itemListElement":[{"@type":"ListItem","position":1,"name":"Inicio","item":"https:\/\/www.celttv.com.ar\/"},{"@type":"ListItem","position":2,"name":"BLANCO Y NEGRO LA GANO A UNION 2 A 0 (compacto del partido)"}]},{"@type":"WebSite","@id":"https:\/\/www.celttv.com.ar\/#website","url":"https:\/\/www.celttv.com.ar\/","name":"CELTTV","description":"Cooperativa El\u00e9ctrica de Tornquist","publisher":{"@id":"https:\/\/www.celttv.com.ar\/#organization"},"potentialAction":[{"@type":"SearchAction","target":{"@type":"EntryPoint","urlTemplate":"https:\/\/www.celttv.com.ar\/?s={search_term_string}"},"query-input":"required name=search_term_string"}],"inLanguage":"es"},{"@type":"Organization","@id":"https:\/\/www.celttv.com.ar\/#organization","name":"CELTTV","url":"https:\/\/www.celttv.com.ar\/","sameAs":["https:\/\/www.youtube.com\/channel\/UCz_oIt8Hig64Ub-EmcNPIhg","https:\/\/www.facebook.com\/celtTV\/"],"logo":{"@type":"ImageObject","inLanguage":"es","@id":"https:\/\/www.celttv.com.ar\/#\/schema\/logo\/image\/","url":"http:\/\/www.celttv.com.ar\/wp-content\/uploads\/2022\/08\/logo-1.png","contentUrl":"http:\/\/www.celttv.com.ar\/wp-content\/uploads\/2022\/08\/logo-1.png","width":461,"height":159,"caption":"CELTTV"},"image":{"@id":"https:\/\/www.celttv.com.ar\/#\/schema\/logo\/image\/"}},{"@type":"Person","@id":"https:\/\/www.celttv.com.ar\/#\/schema\/person\/6d99c072dba59953809c81446e9d0ace","name":"ulises","image":{"@type":"ImageObject","inLanguage":"es","@id":"https:\/\/www.celttv.com.ar\/#\/schema\/person\/image\/","url":"https:\/\/secure.gravatar.com\/avatar\/7f2c48bdc33b30088f941fb6082e555f2874c98e20cb159d7b92b50eadfce793?s=96&d=mm&r=g","contentUrl":"https:\/\/secure.gravatar.com\/avatar\/7f2c48bdc33b30088f941fb6082e555f2874c98e20cb159d7b92b50eadfce793?s=96&d=mm&r=g","caption":"ulises"},"sameAs":["http:\/\/www.celttv.com.ar"]}]}},"_links":{"self":[{"href":"https:\/\/www.celttv.com.ar\/index.php\/wp-json\/wp\/v2\/posts\/24765","targetHints":{"allow":["GET"]}}],"collection":[{"href":"https:\/\/www.celttv.com.ar\/index.php\/wp-json\/wp\/v2\/posts"}],"about":[{"href":"https:\/\/www.celttv.com.ar\/index.php\/wp-json\/wp\/v2\/types\/post"}],"author":[{"embeddable":true,"href":"https:\/\/www.celttv.com.ar\/index.php\/wp-json\/wp\/v2\/users\/1"}],"replies":[{"embeddable":true,"href":"https:\/\/www.celttv.com.ar\/index.php\/wp-json\/wp\/v2\/comments?post=24765"}],"version-history":[{"count":0,"href":"https:\/\/www.celttv.com.ar\/index.php\/wp-json\/wp\/v2\/posts\/24765\/revisions"}],"wp:attachment":[{"href":"https:\/\/www.celttv.com.ar\/index.php\/wp-json\/wp\/v2\/media?parent=24765"}],"wp:term":[{"taxonomy":"category","embeddable":true,"href":"https:\/\/www.celttv.com.ar\/index.php\/wp-json\/wp\/v2\/categories?post=24765"},{"taxonomy":"post_tag","embeddable":true,"href":"https:\/\/www.celttv.com.ar\/index.php\/wp-json\/wp\/v2\/tags?post=24765"}],"curies":[{"name":"wp","href":"https:\/\/api.w.org\/{rel}","templated":true}]}}