{"id":24777,"date":"2014-11-05T01:52:13","date_gmt":"2014-11-05T01:52:13","guid":{"rendered":"http:\/\/www.tvcnoticias.com.ar\/?p=24777"},"modified":"2014-11-05T01:52:13","modified_gmt":"2014-11-05T01:52:13","slug":"tornquist-se-vistio-de-fiesta-en-el-dia-del-cambio-de-nombre-del-distrito-fotos-y-proximamente-videos","status":"publish","type":"post","link":"https:\/\/www.celttv.com.ar\/index.php\/2014\/11\/05\/tornquist-se-vistio-de-fiesta-en-el-dia-del-cambio-de-nombre-del-distrito-fotos-y-proximamente-videos\/","title":{"rendered":"TORNQUIST SE VISTI\u00d3 DE FIESTA EN EL DIA DEL CAMBIO DE NOMBRE DEL DISTRITO (fotos y pr\u00f3ximamente videos)"},"content":{"rendered":"<p><a rel=\"attachment wp-att-24832\" href=\"http:\/\/www.tvcnoticias.com.ar\/?attachment_id=24832\"><img loading=\"lazy\" decoding=\"async\" class=\"aligncenter size-medium wp-image-24832\" title=\"DSCN8559 (1024x768) (Small)\" src=\"http:\/\/www.tvcnoticias.com.ar\/wp-content\/uploads\/2014\/11\/DSCN8559-1024x768-Small-450x300.jpg\" alt=\"\" width=\"450\" height=\"300\" \/><\/a><br \/>\nCon la participaci\u00f3n de unas 50 instituciones pertenecientes a las distintas localidades, que animaron un colorido desfile, se llev\u00f3 a cabo hoy en la ciudad cabecera la celebraci\u00f3n por el 104\u00b0 aniversario del cambio de nombre del distrito, bajo la organizaci\u00f3n de la Secretar\u00eda de Turismo, Cultura y Deportes de la Municipalidad de Tornquist.<br \/>\nLos festejos comprendieron un acto protocolar, el mencionado desfile y una fiesta popular que tuvo como epicentro la Plaza Ernesto Tornquist, opciones que disfrutaron muchos vecinos del partido.<br \/>\nEl acto fue encabezado por la intendenta municipal interina, profesora Mar\u00eda Skolak, quien estuvo acompa\u00f1ada por integrantes del Departamento Ejecutivo, concejales, consejeros escolares, autoridades religiosas y educativas, representantes de instituciones y vecinos.<br \/>\n\u201cSe me vienen dos palabras a la mente: el pasado y el presente. Cuando pienso en el pasado me imagino una historia, acompa\u00f1ada por Ernesto Tornquist y los pioneros que fueron trabajando y aportando en el d\u00eda a d\u00eda para el crecimiento de esta hermosa tierra que habitamos. Cuando pienso en el presente, observo el entorno y veo con absoluta claridad muchas instituciones, que se encuentran comprometidas y ponen mucho esfuerzo en lo que hacen, con el acompa\u00f1amiento de los ciudadanos y de nuestro intendente municipal, Gustavo Trankels. El trabajo en conjunto permite alcanzar los objetivos que cada instituci\u00f3n se propone\u201d, expres\u00f3 Skolak.<br \/>\n\u201cEl futuro se lograr\u00e1 redoblando el esfuerzo, el compromiso y el empuje, pero sin olvidarnos de dos palabras importantes, que son la dignidad y el respeto, para poder seguir creciendo y lograr el distrito que todos merecemos, que es el sue\u00f1o tambi\u00e9n de nuestro intendente municipal, quien hoy no nos puede acompa\u00f1ar por su problema de salud, pero que est\u00e1 presente con su coraz\u00f3n, pensando en ustedes\u201d, a\u00f1adi\u00f3.<br \/>\nDurante el acto protocolar, que al igual que el desfile fue amenizado por la Banda del Regimiento de Infanter\u00eda Mecanizada N\u00b0 3 de Pig\u00fc\u00e9, el cantante local Jonathan Rond\u00e1n enton\u00f3 las estrofas del Himno Nacional, la Escuela Folkl\u00f3rica Municipal bail\u00f3 el Peric\u00f3n Nacional e integrantes de la Pe\u00f1a Huinca Malal de Saldungaray presentaron la original danza del caballo.<br \/>\nUna vez concluido ese tramo de la celebraci\u00f3n, se le dio paso al desfile, que cont\u00f3 con la participaci\u00f3n de establecimientos educativos, instituciones intermedias, bomberos voluntarios, integrantes de la Polic\u00eda Bonaerense y entidades tradicionalistas, todos acompa\u00f1ados de su respectiva rese\u00f1a hist\u00f3rica.<br \/>\nLa fiesta termin\u00f3 con los espect\u00e1culos que se presentaron en la plaza central. Actuaron los artistas del distrito Natalia y Ren\u00e9, Carlos Porsel, Jonathan Rond\u00e1n, Emilce Seghetta y Los Otros Soles, conformando una hermosa combinaci\u00f3n de canciones que le dieron el cierre ideal a un d\u00eda inolvidable.<br \/>\n&nbsp;<\/p>\n","protected":false},"excerpt":{"rendered":"<p>Con la participaci\u00f3n de unas 50 instituciones pertenecientes a las distintas localidades, que animaron un colorido desfile, se llev\u00f3 a cabo hoy en la ciudad cabecera la celebraci\u00f3n por el 104\u00b0 aniversario del cambio de nombre del distrito, bajo la organizaci\u00f3n de la Secretar\u00eda de Turismo, Cultura y Deportes de la Municipalidad de Tornquist. Los [&hellip;]<\/p>\n","protected":false},"author":1,"featured_media":0,"comment_status":"closed","ping_status":"open","sticky":false,"template":"","format":"standard","meta":{"footnotes":""},"categories":[51,52,56,53],"tags":[],"class_list":["post-24777","post","type-post","status-publish","format-standard","hentry","category-comunidad","category-destacadas","category-espectaculos","category-politica"],"yoast_head":"<!-- This site is optimized with the Yoast SEO plugin v19.7.1 - https:\/\/yoast.com\/wordpress\/plugins\/seo\/ -->\n<title>TORNQUIST SE VISTI\u00d3 DE FIESTA EN EL DIA DEL CAMBIO DE NOMBRE DEL DISTRITO (fotos y pr\u00f3ximamente videos) - CELTTV<\/title>\n<meta name=\"description\" content=\"Sitio web de noticias de la localidad de Tornquist, provincia de Buenos Aires, Rep\u00fablica Argentina. Contenido propio originado por periodistas de CELTTV, el canal de TV local de la Cooperativa El\u00e9ctrica de Tornquist. Turismo, Pol\u00edtica, Sociedad, Deporte, Cultura y todo el contenido de inter\u00e9s general que la gente del pueblo y la regi\u00f3n debe conocer.\" \/>\n<meta name=\"robots\" content=\"index, follow, max-snippet:-1, max-image-preview:large, max-video-preview:-1\" \/>\n<link rel=\"canonical\" href=\"https:\/\/www.celttv.com.ar\/index.php\/2014\/11\/05\/tornquist-se-vistio-de-fiesta-en-el-dia-del-cambio-de-nombre-del-distrito-fotos-y-proximamente-videos\/\" \/>\n<meta property=\"og:locale\" content=\"es_ES\" \/>\n<meta property=\"og:type\" content=\"article\" \/>\n<meta property=\"og:title\" content=\"TORNQUIST SE VISTI\u00d3 DE FIESTA EN EL DIA DEL CAMBIO DE NOMBRE DEL DISTRITO (fotos y pr\u00f3ximamente videos) - CELTTV\" \/>\n<meta property=\"og:description\" content=\"Sitio web de noticias de la localidad de Tornquist, provincia de Buenos Aires, Rep\u00fablica Argentina. Contenido propio originado por periodistas de CELTTV, el canal de TV local de la Cooperativa El\u00e9ctrica de Tornquist. Turismo, Pol\u00edtica, Sociedad, Deporte, Cultura y todo el contenido de inter\u00e9s general que la gente del pueblo y la regi\u00f3n debe conocer.\" \/>\n<meta property=\"og:url\" content=\"https:\/\/www.celttv.com.ar\/index.php\/2014\/11\/05\/tornquist-se-vistio-de-fiesta-en-el-dia-del-cambio-de-nombre-del-distrito-fotos-y-proximamente-videos\/\" \/>\n<meta property=\"og:site_name\" content=\"CELTTV\" \/>\n<meta property=\"article:publisher\" content=\"https:\/\/www.facebook.com\/celtTV\/\" \/>\n<meta property=\"article:published_time\" content=\"2014-11-05T01:52:13+00:00\" \/>\n<meta property=\"og:image\" content=\"http:\/\/www.tvcnoticias.com.ar\/wp-content\/uploads\/2014\/11\/DSCN8559-1024x768-Small-450x300.jpg\" \/>\n<meta name=\"author\" content=\"ulises\" \/>\n<meta name=\"twitter:card\" content=\"summary_large_image\" \/>\n<meta name=\"twitter:label1\" content=\"Escrito por\" \/>\n\t<meta name=\"twitter:data1\" content=\"ulises\" \/>\n\t<meta name=\"twitter:label2\" content=\"Tiempo de lectura\" \/>\n\t<meta name=\"twitter:data2\" content=\"2 minutos\" \/>\n<script type=\"application\/ld+json\" class=\"yoast-schema-graph\">{\"@context\":\"https:\/\/schema.org\",\"@graph\":[{\"@type\":\"NewsArticle\",\"@id\":\"https:\/\/www.celttv.com.ar\/index.php\/2014\/11\/05\/tornquist-se-vistio-de-fiesta-en-el-dia-del-cambio-de-nombre-del-distrito-fotos-y-proximamente-videos\/#article\",\"isPartOf\":{\"@id\":\"https:\/\/www.celttv.com.ar\/index.php\/2014\/11\/05\/tornquist-se-vistio-de-fiesta-en-el-dia-del-cambio-de-nombre-del-distrito-fotos-y-proximamente-videos\/\"},\"author\":{\"name\":\"ulises\",\"@id\":\"https:\/\/www.celttv.com.ar\/#\/schema\/person\/6d99c072dba59953809c81446e9d0ace\"},\"headline\":\"TORNQUIST SE VISTI\u00d3 DE FIESTA EN EL DIA DEL CAMBIO DE NOMBRE DEL DISTRITO (fotos y pr\u00f3ximamente videos)\",\"datePublished\":\"2014-11-05T01:52:13+00:00\",\"dateModified\":\"2014-11-05T01:52:13+00:00\",\"mainEntityOfPage\":{\"@id\":\"https:\/\/www.celttv.com.ar\/index.php\/2014\/11\/05\/tornquist-se-vistio-de-fiesta-en-el-dia-del-cambio-de-nombre-del-distrito-fotos-y-proximamente-videos\/\"},\"wordCount\":483,\"publisher\":{\"@id\":\"https:\/\/www.celttv.com.ar\/#organization\"},\"articleSection\":[\"Comunidad\",\"Destacadas\",\"Espect\u00e1culos\",\"Pol\u00edtica\"],\"inLanguage\":\"es\"},{\"@type\":\"WebPage\",\"@id\":\"https:\/\/www.celttv.com.ar\/index.php\/2014\/11\/05\/tornquist-se-vistio-de-fiesta-en-el-dia-del-cambio-de-nombre-del-distrito-fotos-y-proximamente-videos\/\",\"url\":\"https:\/\/www.celttv.com.ar\/index.php\/2014\/11\/05\/tornquist-se-vistio-de-fiesta-en-el-dia-del-cambio-de-nombre-del-distrito-fotos-y-proximamente-videos\/\",\"name\":\"TORNQUIST SE VISTI\u00d3 DE FIESTA EN EL DIA DEL CAMBIO DE NOMBRE DEL DISTRITO (fotos y pr\u00f3ximamente videos) - CELTTV\",\"isPartOf\":{\"@id\":\"https:\/\/www.celttv.com.ar\/#website\"},\"datePublished\":\"2014-11-05T01:52:13+00:00\",\"dateModified\":\"2014-11-05T01:52:13+00:00\",\"description\":\"Sitio web de noticias de la localidad de Tornquist, provincia de Buenos Aires, Rep\u00fablica Argentina. Contenido propio originado por periodistas de CELTTV, el canal de TV local de la Cooperativa El\u00e9ctrica de Tornquist. Turismo, Pol\u00edtica, Sociedad, Deporte, Cultura y todo el contenido de inter\u00e9s general que la gente del pueblo y la regi\u00f3n debe conocer.\",\"breadcrumb\":{\"@id\":\"https:\/\/www.celttv.com.ar\/index.php\/2014\/11\/05\/tornquist-se-vistio-de-fiesta-en-el-dia-del-cambio-de-nombre-del-distrito-fotos-y-proximamente-videos\/#breadcrumb\"},\"inLanguage\":\"es\",\"potentialAction\":[{\"@type\":\"ReadAction\",\"target\":[\"https:\/\/www.celttv.com.ar\/index.php\/2014\/11\/05\/tornquist-se-vistio-de-fiesta-en-el-dia-del-cambio-de-nombre-del-distrito-fotos-y-proximamente-videos\/\"]}]},{\"@type\":\"BreadcrumbList\",\"@id\":\"https:\/\/www.celttv.com.ar\/index.php\/2014\/11\/05\/tornquist-se-vistio-de-fiesta-en-el-dia-del-cambio-de-nombre-del-distrito-fotos-y-proximamente-videos\/#breadcrumb\",\"itemListElement\":[{\"@type\":\"ListItem\",\"position\":1,\"name\":\"Inicio\",\"item\":\"https:\/\/www.celttv.com.ar\/\"},{\"@type\":\"ListItem\",\"position\":2,\"name\":\"TORNQUIST SE VISTI\u00d3 DE FIESTA EN EL DIA DEL CAMBIO DE NOMBRE DEL DISTRITO (fotos y pr\u00f3ximamente videos)\"}]},{\"@type\":\"WebSite\",\"@id\":\"https:\/\/www.celttv.com.ar\/#website\",\"url\":\"https:\/\/www.celttv.com.ar\/\",\"name\":\"CELTTV\",\"description\":\"Cooperativa El\u00e9ctrica de Tornquist\",\"publisher\":{\"@id\":\"https:\/\/www.celttv.com.ar\/#organization\"},\"potentialAction\":[{\"@type\":\"SearchAction\",\"target\":{\"@type\":\"EntryPoint\",\"urlTemplate\":\"https:\/\/www.celttv.com.ar\/?s={search_term_string}\"},\"query-input\":\"required name=search_term_string\"}],\"inLanguage\":\"es\"},{\"@type\":\"Organization\",\"@id\":\"https:\/\/www.celttv.com.ar\/#organization\",\"name\":\"CELTTV\",\"url\":\"https:\/\/www.celttv.com.ar\/\",\"sameAs\":[\"https:\/\/www.youtube.com\/channel\/UCz_oIt8Hig64Ub-EmcNPIhg\",\"https:\/\/www.facebook.com\/celtTV\/\"],\"logo\":{\"@type\":\"ImageObject\",\"inLanguage\":\"es\",\"@id\":\"https:\/\/www.celttv.com.ar\/#\/schema\/logo\/image\/\",\"url\":\"http:\/\/www.celttv.com.ar\/wp-content\/uploads\/2022\/08\/logo-1.png\",\"contentUrl\":\"http:\/\/www.celttv.com.ar\/wp-content\/uploads\/2022\/08\/logo-1.png\",\"width\":461,\"height\":159,\"caption\":\"CELTTV\"},\"image\":{\"@id\":\"https:\/\/www.celttv.com.ar\/#\/schema\/logo\/image\/\"}},{\"@type\":\"Person\",\"@id\":\"https:\/\/www.celttv.com.ar\/#\/schema\/person\/6d99c072dba59953809c81446e9d0ace\",\"name\":\"ulises\",\"image\":{\"@type\":\"ImageObject\",\"inLanguage\":\"es\",\"@id\":\"https:\/\/www.celttv.com.ar\/#\/schema\/person\/image\/\",\"url\":\"https:\/\/secure.gravatar.com\/avatar\/7f2c48bdc33b30088f941fb6082e555f2874c98e20cb159d7b92b50eadfce793?s=96&d=mm&r=g\",\"contentUrl\":\"https:\/\/secure.gravatar.com\/avatar\/7f2c48bdc33b30088f941fb6082e555f2874c98e20cb159d7b92b50eadfce793?s=96&d=mm&r=g\",\"caption\":\"ulises\"},\"sameAs\":[\"http:\/\/www.celttv.com.ar\"]}]}<\/script>\n<!-- \/ Yoast SEO plugin. -->","yoast_head_json":{"title":"TORNQUIST SE VISTI\u00d3 DE FIESTA EN EL DIA DEL CAMBIO DE NOMBRE DEL DISTRITO (fotos y pr\u00f3ximamente videos) - CELTTV","description":"Sitio web de noticias de la localidad de Tornquist, provincia de Buenos Aires, Rep\u00fablica Argentina. Contenido propio originado por periodistas de CELTTV, el canal de TV local de la Cooperativa El\u00e9ctrica de Tornquist. Turismo, Pol\u00edtica, Sociedad, Deporte, Cultura y todo el contenido de inter\u00e9s general que la gente del pueblo y la regi\u00f3n debe conocer.","robots":{"index":"index","follow":"follow","max-snippet":"max-snippet:-1","max-image-preview":"max-image-preview:large","max-video-preview":"max-video-preview:-1"},"canonical":"https:\/\/www.celttv.com.ar\/index.php\/2014\/11\/05\/tornquist-se-vistio-de-fiesta-en-el-dia-del-cambio-de-nombre-del-distrito-fotos-y-proximamente-videos\/","og_locale":"es_ES","og_type":"article","og_title":"TORNQUIST SE VISTI\u00d3 DE FIESTA EN EL DIA DEL CAMBIO DE NOMBRE DEL DISTRITO (fotos y pr\u00f3ximamente videos) - CELTTV","og_description":"Sitio web de noticias de la localidad de Tornquist, provincia de Buenos Aires, Rep\u00fablica Argentina. Contenido propio originado por periodistas de CELTTV, el canal de TV local de la Cooperativa El\u00e9ctrica de Tornquist. Turismo, Pol\u00edtica, Sociedad, Deporte, Cultura y todo el contenido de inter\u00e9s general que la gente del pueblo y la regi\u00f3n debe conocer.","og_url":"https:\/\/www.celttv.com.ar\/index.php\/2014\/11\/05\/tornquist-se-vistio-de-fiesta-en-el-dia-del-cambio-de-nombre-del-distrito-fotos-y-proximamente-videos\/","og_site_name":"CELTTV","article_publisher":"https:\/\/www.facebook.com\/celtTV\/","article_published_time":"2014-11-05T01:52:13+00:00","og_image":[{"url":"http:\/\/www.tvcnoticias.com.ar\/wp-content\/uploads\/2014\/11\/DSCN8559-1024x768-Small-450x300.jpg"}],"author":"ulises","twitter_card":"summary_large_image","twitter_misc":{"Escrito por":"ulises","Tiempo de lectura":"2 minutos"},"schema":{"@context":"https:\/\/schema.org","@graph":[{"@type":"NewsArticle","@id":"https:\/\/www.celttv.com.ar\/index.php\/2014\/11\/05\/tornquist-se-vistio-de-fiesta-en-el-dia-del-cambio-de-nombre-del-distrito-fotos-y-proximamente-videos\/#article","isPartOf":{"@id":"https:\/\/www.celttv.com.ar\/index.php\/2014\/11\/05\/tornquist-se-vistio-de-fiesta-en-el-dia-del-cambio-de-nombre-del-distrito-fotos-y-proximamente-videos\/"},"author":{"name":"ulises","@id":"https:\/\/www.celttv.com.ar\/#\/schema\/person\/6d99c072dba59953809c81446e9d0ace"},"headline":"TORNQUIST SE VISTI\u00d3 DE FIESTA EN EL DIA DEL CAMBIO DE NOMBRE DEL DISTRITO (fotos y pr\u00f3ximamente videos)","datePublished":"2014-11-05T01:52:13+00:00","dateModified":"2014-11-05T01:52:13+00:00","mainEntityOfPage":{"@id":"https:\/\/www.celttv.com.ar\/index.php\/2014\/11\/05\/tornquist-se-vistio-de-fiesta-en-el-dia-del-cambio-de-nombre-del-distrito-fotos-y-proximamente-videos\/"},"wordCount":483,"publisher":{"@id":"https:\/\/www.celttv.com.ar\/#organization"},"articleSection":["Comunidad","Destacadas","Espect\u00e1culos","Pol\u00edtica"],"inLanguage":"es"},{"@type":"WebPage","@id":"https:\/\/www.celttv.com.ar\/index.php\/2014\/11\/05\/tornquist-se-vistio-de-fiesta-en-el-dia-del-cambio-de-nombre-del-distrito-fotos-y-proximamente-videos\/","url":"https:\/\/www.celttv.com.ar\/index.php\/2014\/11\/05\/tornquist-se-vistio-de-fiesta-en-el-dia-del-cambio-de-nombre-del-distrito-fotos-y-proximamente-videos\/","name":"TORNQUIST SE VISTI\u00d3 DE FIESTA EN EL DIA DEL CAMBIO DE NOMBRE DEL DISTRITO (fotos y pr\u00f3ximamente videos) - CELTTV","isPartOf":{"@id":"https:\/\/www.celttv.com.ar\/#website"},"datePublished":"2014-11-05T01:52:13+00:00","dateModified":"2014-11-05T01:52:13+00:00","description":"Sitio web de noticias de la localidad de Tornquist, provincia de Buenos Aires, Rep\u00fablica Argentina. Contenido propio originado por periodistas de CELTTV, el canal de TV local de la Cooperativa El\u00e9ctrica de Tornquist. Turismo, Pol\u00edtica, Sociedad, Deporte, Cultura y todo el contenido de inter\u00e9s general que la gente del pueblo y la regi\u00f3n debe conocer.","breadcrumb":{"@id":"https:\/\/www.celttv.com.ar\/index.php\/2014\/11\/05\/tornquist-se-vistio-de-fiesta-en-el-dia-del-cambio-de-nombre-del-distrito-fotos-y-proximamente-videos\/#breadcrumb"},"inLanguage":"es","potentialAction":[{"@type":"ReadAction","target":["https:\/\/www.celttv.com.ar\/index.php\/2014\/11\/05\/tornquist-se-vistio-de-fiesta-en-el-dia-del-cambio-de-nombre-del-distrito-fotos-y-proximamente-videos\/"]}]},{"@type":"BreadcrumbList","@id":"https:\/\/www.celttv.com.ar\/index.php\/2014\/11\/05\/tornquist-se-vistio-de-fiesta-en-el-dia-del-cambio-de-nombre-del-distrito-fotos-y-proximamente-videos\/#breadcrumb","itemListElement":[{"@type":"ListItem","position":1,"name":"Inicio","item":"https:\/\/www.celttv.com.ar\/"},{"@type":"ListItem","position":2,"name":"TORNQUIST SE VISTI\u00d3 DE FIESTA EN EL DIA DEL CAMBIO DE NOMBRE DEL DISTRITO (fotos y pr\u00f3ximamente videos)"}]},{"@type":"WebSite","@id":"https:\/\/www.celttv.com.ar\/#website","url":"https:\/\/www.celttv.com.ar\/","name":"CELTTV","description":"Cooperativa El\u00e9ctrica de Tornquist","publisher":{"@id":"https:\/\/www.celttv.com.ar\/#organization"},"potentialAction":[{"@type":"SearchAction","target":{"@type":"EntryPoint","urlTemplate":"https:\/\/www.celttv.com.ar\/?s={search_term_string}"},"query-input":"required name=search_term_string"}],"inLanguage":"es"},{"@type":"Organization","@id":"https:\/\/www.celttv.com.ar\/#organization","name":"CELTTV","url":"https:\/\/www.celttv.com.ar\/","sameAs":["https:\/\/www.youtube.com\/channel\/UCz_oIt8Hig64Ub-EmcNPIhg","https:\/\/www.facebook.com\/celtTV\/"],"logo":{"@type":"ImageObject","inLanguage":"es","@id":"https:\/\/www.celttv.com.ar\/#\/schema\/logo\/image\/","url":"http:\/\/www.celttv.com.ar\/wp-content\/uploads\/2022\/08\/logo-1.png","contentUrl":"http:\/\/www.celttv.com.ar\/wp-content\/uploads\/2022\/08\/logo-1.png","width":461,"height":159,"caption":"CELTTV"},"image":{"@id":"https:\/\/www.celttv.com.ar\/#\/schema\/logo\/image\/"}},{"@type":"Person","@id":"https:\/\/www.celttv.com.ar\/#\/schema\/person\/6d99c072dba59953809c81446e9d0ace","name":"ulises","image":{"@type":"ImageObject","inLanguage":"es","@id":"https:\/\/www.celttv.com.ar\/#\/schema\/person\/image\/","url":"https:\/\/secure.gravatar.com\/avatar\/7f2c48bdc33b30088f941fb6082e555f2874c98e20cb159d7b92b50eadfce793?s=96&d=mm&r=g","contentUrl":"https:\/\/secure.gravatar.com\/avatar\/7f2c48bdc33b30088f941fb6082e555f2874c98e20cb159d7b92b50eadfce793?s=96&d=mm&r=g","caption":"ulises"},"sameAs":["http:\/\/www.celttv.com.ar"]}]}},"_links":{"self":[{"href":"https:\/\/www.celttv.com.ar\/index.php\/wp-json\/wp\/v2\/posts\/24777","targetHints":{"allow":["GET"]}}],"collection":[{"href":"https:\/\/www.celttv.com.ar\/index.php\/wp-json\/wp\/v2\/posts"}],"about":[{"href":"https:\/\/www.celttv.com.ar\/index.php\/wp-json\/wp\/v2\/types\/post"}],"author":[{"embeddable":true,"href":"https:\/\/www.celttv.com.ar\/index.php\/wp-json\/wp\/v2\/users\/1"}],"replies":[{"embeddable":true,"href":"https:\/\/www.celttv.com.ar\/index.php\/wp-json\/wp\/v2\/comments?post=24777"}],"version-history":[{"count":0,"href":"https:\/\/www.celttv.com.ar\/index.php\/wp-json\/wp\/v2\/posts\/24777\/revisions"}],"wp:attachment":[{"href":"https:\/\/www.celttv.com.ar\/index.php\/wp-json\/wp\/v2\/media?parent=24777"}],"wp:term":[{"taxonomy":"category","embeddable":true,"href":"https:\/\/www.celttv.com.ar\/index.php\/wp-json\/wp\/v2\/categories?post=24777"},{"taxonomy":"post_tag","embeddable":true,"href":"https:\/\/www.celttv.com.ar\/index.php\/wp-json\/wp\/v2\/tags?post=24777"}],"curies":[{"name":"wp","href":"https:\/\/api.w.org\/{rel}","templated":true}]}}