{"id":24848,"date":"2014-11-07T18:59:05","date_gmt":"2014-11-07T18:59:05","guid":{"rendered":"http:\/\/www.tvcnoticias.com.ar\/?p=24848"},"modified":"2014-11-07T18:59:05","modified_gmt":"2014-11-07T18:59:05","slug":"sierra-de-la-ventana-y-tornquist-recibiran-viejas-joyas-del-automovilismo","status":"publish","type":"post","link":"https:\/\/www.celttv.com.ar\/index.php\/2014\/11\/07\/sierra-de-la-ventana-y-tornquist-recibiran-viejas-joyas-del-automovilismo\/","title":{"rendered":"SIERRA DE LA VENTANA Y TORNQUIST RECIBIRAN VIEJAS JOYAS DEL AUTOMOVILISMO"},"content":{"rendered":"<p><a rel=\"attachment wp-att-24849\" href=\"http:\/\/www.tvcnoticias.com.ar\/?attachment_id=24849\"><img loading=\"lazy\" decoding=\"async\" class=\"aligncenter size-medium wp-image-24849\" title=\"Gran premio (Medium)\" src=\"http:\/\/www.tvcnoticias.com.ar\/wp-content\/uploads\/2014\/11\/Gran-premio-Medium-330x450.jpg\" alt=\"\" width=\"330\" height=\"450\" \/><\/a>La Comarca Tur\u00edstica recibir\u00e1, la pr\u00f3xima semana, el IV Gran Premio Argentino de Baquets, Edici\u00f3n Transpatag\u00f3nica, que congrega autos cl\u00e1sicos y este a\u00f1o homenajear\u00e1 al qu\u00edntuple campe\u00f3n mundial Juan Manuel Fangio.<br \/>\nLas viejas joyas animar\u00e1n una prueba de regularidad que partir\u00e1 el domingo desde el Paseo Fangio de la Ciudad de Buenos Aires y, a trav\u00e9s de nuestra provincia, La Pampa, R\u00edo Negro y Neuqu\u00e9n, develar\u00e1 a sus participantes el interior profundo.<br \/>\nLa competencia arribar\u00e1 el lunes, alrededor de las 18 horas, a Sierra de la Ventana, donde se armar\u00e1 el parque cerrado, que permitir\u00e1 que los vecinos observen las antiguas m\u00e1quinas y puedan dialogar con los pilotos.<br \/>\nEl martes ser\u00e1 d\u00eda de descanso y el mi\u00e9rcoles, a partir de las 8 horas, estar\u00e1 frente a la Centro Cultural de la ciudad de Tornquist, donde se exhibir\u00e1n los veh\u00edculos para que puedan ser admirados por todos.<br \/>\nEl raid utilizar\u00e1 caminos interiores, fuera de las rutas tur\u00edsticas habituales, para poder apreciar la verdadera esencia de las mencionadas provincias, sus serran\u00edas, sus desiertos y la regi\u00f3n andina, conociendo paisajes y su gente, llegando a pueblos y ciudades usualmente no visitadas. La prueba finalizar\u00e1 el lunes 17 \u00a0en San Mart\u00edn de Los Andes.<br \/>\nEl evento fue declarado de inter\u00e9s nacional por el Ministerio de Turismo de la Naci\u00f3n, las Provincias de Buenos Aires, La Pampa, R\u00edo Negro y Neuqu\u00e9n, y el Ente Oficial Patagonia Turismo.<br \/>\n&nbsp;<\/p>\n","protected":false},"excerpt":{"rendered":"<p>La Comarca Tur\u00edstica recibir\u00e1, la pr\u00f3xima semana, el IV Gran Premio Argentino de Baquets, Edici\u00f3n Transpatag\u00f3nica, que congrega autos cl\u00e1sicos y este a\u00f1o homenajear\u00e1 al qu\u00edntuple campe\u00f3n mundial Juan Manuel Fangio. Las viejas joyas animar\u00e1n una prueba de regularidad que partir\u00e1 el domingo desde el Paseo Fangio de la Ciudad de Buenos Aires y, a [&hellip;]<\/p>\n","protected":false},"author":1,"featured_media":0,"comment_status":"closed","ping_status":"open","sticky":false,"template":"","format":"standard","meta":{"footnotes":""},"categories":[51,60,52,53],"tags":[],"class_list":["post-24848","post","type-post","status-publish","format-standard","hentry","category-comunidad","category-deporte","category-destacadas","category-politica"],"yoast_head":"<!-- This site is optimized with the Yoast SEO plugin v19.7.1 - https:\/\/yoast.com\/wordpress\/plugins\/seo\/ -->\n<title>SIERRA DE LA VENTANA Y TORNQUIST RECIBIRAN VIEJAS JOYAS DEL AUTOMOVILISMO - CELTTV<\/title>\n<meta name=\"description\" content=\"Sitio web de noticias de la localidad de Tornquist, provincia de Buenos Aires, Rep\u00fablica Argentina. Contenido propio originado por periodistas de CELTTV, el canal de TV local de la Cooperativa El\u00e9ctrica de Tornquist. Turismo, Pol\u00edtica, Sociedad, Deporte, Cultura y todo el contenido de inter\u00e9s general que la gente del pueblo y la regi\u00f3n debe conocer.\" \/>\n<meta name=\"robots\" content=\"index, follow, max-snippet:-1, max-image-preview:large, max-video-preview:-1\" \/>\n<link rel=\"canonical\" href=\"https:\/\/www.celttv.com.ar\/index.php\/2014\/11\/07\/sierra-de-la-ventana-y-tornquist-recibiran-viejas-joyas-del-automovilismo\/\" \/>\n<meta property=\"og:locale\" content=\"es_ES\" \/>\n<meta property=\"og:type\" content=\"article\" \/>\n<meta property=\"og:title\" content=\"SIERRA DE LA VENTANA Y TORNQUIST RECIBIRAN VIEJAS JOYAS DEL AUTOMOVILISMO - CELTTV\" \/>\n<meta property=\"og:description\" content=\"Sitio web de noticias de la localidad de Tornquist, provincia de Buenos Aires, Rep\u00fablica Argentina. Contenido propio originado por periodistas de CELTTV, el canal de TV local de la Cooperativa El\u00e9ctrica de Tornquist. Turismo, Pol\u00edtica, Sociedad, Deporte, Cultura y todo el contenido de inter\u00e9s general que la gente del pueblo y la regi\u00f3n debe conocer.\" \/>\n<meta property=\"og:url\" content=\"https:\/\/www.celttv.com.ar\/index.php\/2014\/11\/07\/sierra-de-la-ventana-y-tornquist-recibiran-viejas-joyas-del-automovilismo\/\" \/>\n<meta property=\"og:site_name\" content=\"CELTTV\" \/>\n<meta property=\"article:publisher\" content=\"https:\/\/www.facebook.com\/celtTV\/\" \/>\n<meta property=\"article:published_time\" content=\"2014-11-07T18:59:05+00:00\" \/>\n<meta property=\"og:image\" content=\"http:\/\/www.tvcnoticias.com.ar\/wp-content\/uploads\/2014\/11\/Gran-premio-Medium-330x450.jpg\" \/>\n<meta name=\"author\" content=\"ulises\" \/>\n<meta name=\"twitter:card\" content=\"summary_large_image\" \/>\n<meta name=\"twitter:label1\" content=\"Escrito por\" \/>\n\t<meta name=\"twitter:data1\" content=\"ulises\" \/>\n\t<meta name=\"twitter:label2\" content=\"Tiempo de lectura\" \/>\n\t<meta name=\"twitter:data2\" content=\"1 minuto\" \/>\n<script type=\"application\/ld+json\" class=\"yoast-schema-graph\">{\"@context\":\"https:\/\/schema.org\",\"@graph\":[{\"@type\":\"NewsArticle\",\"@id\":\"https:\/\/www.celttv.com.ar\/index.php\/2014\/11\/07\/sierra-de-la-ventana-y-tornquist-recibiran-viejas-joyas-del-automovilismo\/#article\",\"isPartOf\":{\"@id\":\"https:\/\/www.celttv.com.ar\/index.php\/2014\/11\/07\/sierra-de-la-ventana-y-tornquist-recibiran-viejas-joyas-del-automovilismo\/\"},\"author\":{\"name\":\"ulises\",\"@id\":\"https:\/\/www.celttv.com.ar\/#\/schema\/person\/6d99c072dba59953809c81446e9d0ace\"},\"headline\":\"SIERRA DE LA VENTANA Y TORNQUIST RECIBIRAN VIEJAS JOYAS DEL AUTOMOVILISMO\",\"datePublished\":\"2014-11-07T18:59:05+00:00\",\"dateModified\":\"2014-11-07T18:59:05+00:00\",\"mainEntityOfPage\":{\"@id\":\"https:\/\/www.celttv.com.ar\/index.php\/2014\/11\/07\/sierra-de-la-ventana-y-tornquist-recibiran-viejas-joyas-del-automovilismo\/\"},\"wordCount\":266,\"publisher\":{\"@id\":\"https:\/\/www.celttv.com.ar\/#organization\"},\"articleSection\":[\"Comunidad\",\"Deporte\",\"Destacadas\",\"Pol\u00edtica\"],\"inLanguage\":\"es\"},{\"@type\":\"WebPage\",\"@id\":\"https:\/\/www.celttv.com.ar\/index.php\/2014\/11\/07\/sierra-de-la-ventana-y-tornquist-recibiran-viejas-joyas-del-automovilismo\/\",\"url\":\"https:\/\/www.celttv.com.ar\/index.php\/2014\/11\/07\/sierra-de-la-ventana-y-tornquist-recibiran-viejas-joyas-del-automovilismo\/\",\"name\":\"SIERRA DE LA VENTANA Y TORNQUIST RECIBIRAN VIEJAS JOYAS DEL AUTOMOVILISMO - CELTTV\",\"isPartOf\":{\"@id\":\"https:\/\/www.celttv.com.ar\/#website\"},\"datePublished\":\"2014-11-07T18:59:05+00:00\",\"dateModified\":\"2014-11-07T18:59:05+00:00\",\"description\":\"Sitio web de noticias de la localidad de Tornquist, provincia de Buenos Aires, Rep\u00fablica Argentina. Contenido propio originado por periodistas de CELTTV, el canal de TV local de la Cooperativa El\u00e9ctrica de Tornquist. Turismo, Pol\u00edtica, Sociedad, Deporte, Cultura y todo el contenido de inter\u00e9s general que la gente del pueblo y la regi\u00f3n debe conocer.\",\"breadcrumb\":{\"@id\":\"https:\/\/www.celttv.com.ar\/index.php\/2014\/11\/07\/sierra-de-la-ventana-y-tornquist-recibiran-viejas-joyas-del-automovilismo\/#breadcrumb\"},\"inLanguage\":\"es\",\"potentialAction\":[{\"@type\":\"ReadAction\",\"target\":[\"https:\/\/www.celttv.com.ar\/index.php\/2014\/11\/07\/sierra-de-la-ventana-y-tornquist-recibiran-viejas-joyas-del-automovilismo\/\"]}]},{\"@type\":\"BreadcrumbList\",\"@id\":\"https:\/\/www.celttv.com.ar\/index.php\/2014\/11\/07\/sierra-de-la-ventana-y-tornquist-recibiran-viejas-joyas-del-automovilismo\/#breadcrumb\",\"itemListElement\":[{\"@type\":\"ListItem\",\"position\":1,\"name\":\"Inicio\",\"item\":\"https:\/\/www.celttv.com.ar\/\"},{\"@type\":\"ListItem\",\"position\":2,\"name\":\"SIERRA DE LA VENTANA Y TORNQUIST RECIBIRAN VIEJAS JOYAS DEL AUTOMOVILISMO\"}]},{\"@type\":\"WebSite\",\"@id\":\"https:\/\/www.celttv.com.ar\/#website\",\"url\":\"https:\/\/www.celttv.com.ar\/\",\"name\":\"CELTTV\",\"description\":\"Cooperativa El\u00e9ctrica de Tornquist\",\"publisher\":{\"@id\":\"https:\/\/www.celttv.com.ar\/#organization\"},\"potentialAction\":[{\"@type\":\"SearchAction\",\"target\":{\"@type\":\"EntryPoint\",\"urlTemplate\":\"https:\/\/www.celttv.com.ar\/?s={search_term_string}\"},\"query-input\":\"required name=search_term_string\"}],\"inLanguage\":\"es\"},{\"@type\":\"Organization\",\"@id\":\"https:\/\/www.celttv.com.ar\/#organization\",\"name\":\"CELTTV\",\"url\":\"https:\/\/www.celttv.com.ar\/\",\"sameAs\":[\"https:\/\/www.youtube.com\/channel\/UCz_oIt8Hig64Ub-EmcNPIhg\",\"https:\/\/www.facebook.com\/celtTV\/\"],\"logo\":{\"@type\":\"ImageObject\",\"inLanguage\":\"es\",\"@id\":\"https:\/\/www.celttv.com.ar\/#\/schema\/logo\/image\/\",\"url\":\"http:\/\/www.celttv.com.ar\/wp-content\/uploads\/2022\/08\/logo-1.png\",\"contentUrl\":\"http:\/\/www.celttv.com.ar\/wp-content\/uploads\/2022\/08\/logo-1.png\",\"width\":461,\"height\":159,\"caption\":\"CELTTV\"},\"image\":{\"@id\":\"https:\/\/www.celttv.com.ar\/#\/schema\/logo\/image\/\"}},{\"@type\":\"Person\",\"@id\":\"https:\/\/www.celttv.com.ar\/#\/schema\/person\/6d99c072dba59953809c81446e9d0ace\",\"name\":\"ulises\",\"image\":{\"@type\":\"ImageObject\",\"inLanguage\":\"es\",\"@id\":\"https:\/\/www.celttv.com.ar\/#\/schema\/person\/image\/\",\"url\":\"https:\/\/secure.gravatar.com\/avatar\/7f2c48bdc33b30088f941fb6082e555f2874c98e20cb159d7b92b50eadfce793?s=96&d=mm&r=g\",\"contentUrl\":\"https:\/\/secure.gravatar.com\/avatar\/7f2c48bdc33b30088f941fb6082e555f2874c98e20cb159d7b92b50eadfce793?s=96&d=mm&r=g\",\"caption\":\"ulises\"},\"sameAs\":[\"http:\/\/www.celttv.com.ar\"]}]}<\/script>\n<!-- \/ Yoast SEO plugin. -->","yoast_head_json":{"title":"SIERRA DE LA VENTANA Y TORNQUIST RECIBIRAN VIEJAS JOYAS DEL AUTOMOVILISMO - CELTTV","description":"Sitio web de noticias de la localidad de Tornquist, provincia de Buenos Aires, Rep\u00fablica Argentina. Contenido propio originado por periodistas de CELTTV, el canal de TV local de la Cooperativa El\u00e9ctrica de Tornquist. Turismo, Pol\u00edtica, Sociedad, Deporte, Cultura y todo el contenido de inter\u00e9s general que la gente del pueblo y la regi\u00f3n debe conocer.","robots":{"index":"index","follow":"follow","max-snippet":"max-snippet:-1","max-image-preview":"max-image-preview:large","max-video-preview":"max-video-preview:-1"},"canonical":"https:\/\/www.celttv.com.ar\/index.php\/2014\/11\/07\/sierra-de-la-ventana-y-tornquist-recibiran-viejas-joyas-del-automovilismo\/","og_locale":"es_ES","og_type":"article","og_title":"SIERRA DE LA VENTANA Y TORNQUIST RECIBIRAN VIEJAS JOYAS DEL AUTOMOVILISMO - CELTTV","og_description":"Sitio web de noticias de la localidad de Tornquist, provincia de Buenos Aires, Rep\u00fablica Argentina. Contenido propio originado por periodistas de CELTTV, el canal de TV local de la Cooperativa El\u00e9ctrica de Tornquist. Turismo, Pol\u00edtica, Sociedad, Deporte, Cultura y todo el contenido de inter\u00e9s general que la gente del pueblo y la regi\u00f3n debe conocer.","og_url":"https:\/\/www.celttv.com.ar\/index.php\/2014\/11\/07\/sierra-de-la-ventana-y-tornquist-recibiran-viejas-joyas-del-automovilismo\/","og_site_name":"CELTTV","article_publisher":"https:\/\/www.facebook.com\/celtTV\/","article_published_time":"2014-11-07T18:59:05+00:00","og_image":[{"url":"http:\/\/www.tvcnoticias.com.ar\/wp-content\/uploads\/2014\/11\/Gran-premio-Medium-330x450.jpg"}],"author":"ulises","twitter_card":"summary_large_image","twitter_misc":{"Escrito por":"ulises","Tiempo de lectura":"1 minuto"},"schema":{"@context":"https:\/\/schema.org","@graph":[{"@type":"NewsArticle","@id":"https:\/\/www.celttv.com.ar\/index.php\/2014\/11\/07\/sierra-de-la-ventana-y-tornquist-recibiran-viejas-joyas-del-automovilismo\/#article","isPartOf":{"@id":"https:\/\/www.celttv.com.ar\/index.php\/2014\/11\/07\/sierra-de-la-ventana-y-tornquist-recibiran-viejas-joyas-del-automovilismo\/"},"author":{"name":"ulises","@id":"https:\/\/www.celttv.com.ar\/#\/schema\/person\/6d99c072dba59953809c81446e9d0ace"},"headline":"SIERRA DE LA VENTANA Y TORNQUIST RECIBIRAN VIEJAS JOYAS DEL AUTOMOVILISMO","datePublished":"2014-11-07T18:59:05+00:00","dateModified":"2014-11-07T18:59:05+00:00","mainEntityOfPage":{"@id":"https:\/\/www.celttv.com.ar\/index.php\/2014\/11\/07\/sierra-de-la-ventana-y-tornquist-recibiran-viejas-joyas-del-automovilismo\/"},"wordCount":266,"publisher":{"@id":"https:\/\/www.celttv.com.ar\/#organization"},"articleSection":["Comunidad","Deporte","Destacadas","Pol\u00edtica"],"inLanguage":"es"},{"@type":"WebPage","@id":"https:\/\/www.celttv.com.ar\/index.php\/2014\/11\/07\/sierra-de-la-ventana-y-tornquist-recibiran-viejas-joyas-del-automovilismo\/","url":"https:\/\/www.celttv.com.ar\/index.php\/2014\/11\/07\/sierra-de-la-ventana-y-tornquist-recibiran-viejas-joyas-del-automovilismo\/","name":"SIERRA DE LA VENTANA Y TORNQUIST RECIBIRAN VIEJAS JOYAS DEL AUTOMOVILISMO - CELTTV","isPartOf":{"@id":"https:\/\/www.celttv.com.ar\/#website"},"datePublished":"2014-11-07T18:59:05+00:00","dateModified":"2014-11-07T18:59:05+00:00","description":"Sitio web de noticias de la localidad de Tornquist, provincia de Buenos Aires, Rep\u00fablica Argentina. Contenido propio originado por periodistas de CELTTV, el canal de TV local de la Cooperativa El\u00e9ctrica de Tornquist. Turismo, Pol\u00edtica, Sociedad, Deporte, Cultura y todo el contenido de inter\u00e9s general que la gente del pueblo y la regi\u00f3n debe conocer.","breadcrumb":{"@id":"https:\/\/www.celttv.com.ar\/index.php\/2014\/11\/07\/sierra-de-la-ventana-y-tornquist-recibiran-viejas-joyas-del-automovilismo\/#breadcrumb"},"inLanguage":"es","potentialAction":[{"@type":"ReadAction","target":["https:\/\/www.celttv.com.ar\/index.php\/2014\/11\/07\/sierra-de-la-ventana-y-tornquist-recibiran-viejas-joyas-del-automovilismo\/"]}]},{"@type":"BreadcrumbList","@id":"https:\/\/www.celttv.com.ar\/index.php\/2014\/11\/07\/sierra-de-la-ventana-y-tornquist-recibiran-viejas-joyas-del-automovilismo\/#breadcrumb","itemListElement":[{"@type":"ListItem","position":1,"name":"Inicio","item":"https:\/\/www.celttv.com.ar\/"},{"@type":"ListItem","position":2,"name":"SIERRA DE LA VENTANA Y TORNQUIST RECIBIRAN VIEJAS JOYAS DEL AUTOMOVILISMO"}]},{"@type":"WebSite","@id":"https:\/\/www.celttv.com.ar\/#website","url":"https:\/\/www.celttv.com.ar\/","name":"CELTTV","description":"Cooperativa El\u00e9ctrica de Tornquist","publisher":{"@id":"https:\/\/www.celttv.com.ar\/#organization"},"potentialAction":[{"@type":"SearchAction","target":{"@type":"EntryPoint","urlTemplate":"https:\/\/www.celttv.com.ar\/?s={search_term_string}"},"query-input":"required name=search_term_string"}],"inLanguage":"es"},{"@type":"Organization","@id":"https:\/\/www.celttv.com.ar\/#organization","name":"CELTTV","url":"https:\/\/www.celttv.com.ar\/","sameAs":["https:\/\/www.youtube.com\/channel\/UCz_oIt8Hig64Ub-EmcNPIhg","https:\/\/www.facebook.com\/celtTV\/"],"logo":{"@type":"ImageObject","inLanguage":"es","@id":"https:\/\/www.celttv.com.ar\/#\/schema\/logo\/image\/","url":"http:\/\/www.celttv.com.ar\/wp-content\/uploads\/2022\/08\/logo-1.png","contentUrl":"http:\/\/www.celttv.com.ar\/wp-content\/uploads\/2022\/08\/logo-1.png","width":461,"height":159,"caption":"CELTTV"},"image":{"@id":"https:\/\/www.celttv.com.ar\/#\/schema\/logo\/image\/"}},{"@type":"Person","@id":"https:\/\/www.celttv.com.ar\/#\/schema\/person\/6d99c072dba59953809c81446e9d0ace","name":"ulises","image":{"@type":"ImageObject","inLanguage":"es","@id":"https:\/\/www.celttv.com.ar\/#\/schema\/person\/image\/","url":"https:\/\/secure.gravatar.com\/avatar\/7f2c48bdc33b30088f941fb6082e555f2874c98e20cb159d7b92b50eadfce793?s=96&d=mm&r=g","contentUrl":"https:\/\/secure.gravatar.com\/avatar\/7f2c48bdc33b30088f941fb6082e555f2874c98e20cb159d7b92b50eadfce793?s=96&d=mm&r=g","caption":"ulises"},"sameAs":["http:\/\/www.celttv.com.ar"]}]}},"_links":{"self":[{"href":"https:\/\/www.celttv.com.ar\/index.php\/wp-json\/wp\/v2\/posts\/24848","targetHints":{"allow":["GET"]}}],"collection":[{"href":"https:\/\/www.celttv.com.ar\/index.php\/wp-json\/wp\/v2\/posts"}],"about":[{"href":"https:\/\/www.celttv.com.ar\/index.php\/wp-json\/wp\/v2\/types\/post"}],"author":[{"embeddable":true,"href":"https:\/\/www.celttv.com.ar\/index.php\/wp-json\/wp\/v2\/users\/1"}],"replies":[{"embeddable":true,"href":"https:\/\/www.celttv.com.ar\/index.php\/wp-json\/wp\/v2\/comments?post=24848"}],"version-history":[{"count":0,"href":"https:\/\/www.celttv.com.ar\/index.php\/wp-json\/wp\/v2\/posts\/24848\/revisions"}],"wp:attachment":[{"href":"https:\/\/www.celttv.com.ar\/index.php\/wp-json\/wp\/v2\/media?parent=24848"}],"wp:term":[{"taxonomy":"category","embeddable":true,"href":"https:\/\/www.celttv.com.ar\/index.php\/wp-json\/wp\/v2\/categories?post=24848"},{"taxonomy":"post_tag","embeddable":true,"href":"https:\/\/www.celttv.com.ar\/index.php\/wp-json\/wp\/v2\/tags?post=24848"}],"curies":[{"name":"wp","href":"https:\/\/api.w.org\/{rel}","templated":true}]}}