{"id":24856,"date":"2014-11-07T19:35:46","date_gmt":"2014-11-07T19:35:46","guid":{"rendered":"http:\/\/www.tvcnoticias.com.ar\/?p=24856"},"modified":"2014-11-07T19:35:46","modified_gmt":"2014-11-07T19:35:46","slug":"sesiono-el-hcd-en-sierra-de-la-ventana-informe-general","status":"publish","type":"post","link":"https:\/\/www.celttv.com.ar\/index.php\/2014\/11\/07\/sesiono-el-hcd-en-sierra-de-la-ventana-informe-general\/","title":{"rendered":"SESIONO EL HCD. EN SIERRA DE LA VENTANA (informe oficial)"},"content":{"rendered":"<p><a rel=\"attachment wp-att-24858\" href=\"http:\/\/www.tvcnoticias.com.ar\/?attachment_id=24858\"><img loading=\"lazy\" decoding=\"async\" class=\"aligncenter size-medium wp-image-24858\" title=\"DSC_0195arreg (Medium)\" src=\"http:\/\/www.tvcnoticias.com.ar\/wp-content\/uploads\/2014\/11\/DSC_0195arreg-Medium-450x299.jpg\" alt=\"\" width=\"450\" height=\"299\" \/><\/a><br \/>\n<strong><span style=\"text-decoration: underline;\">INFORMES SESI\u00d3N ORDINARIA DEL D\u00cdA 3 DE NOVIEMBRE EN LA LOCALIDAD DE SIERRA DE LA VENTANA<\/span><\/strong><br \/>\n&nbsp;<br \/>\n<strong><span style=\"text-decoration: underline;\">Comunicaciones Oficiales \u00a0Dict\u00e1menes de las Comisiones:<\/span><\/strong><br \/>\n<span style=\"text-decoration: underline;\"> <\/span><br \/>\n<strong><span style=\"text-decoration: underline;\">Expte. N\u00ba 136\/14<\/span><\/strong><span style=\"text-decoration: underline;\">:<\/span> \u201cD.E. \u2013 Solicitud de Exenci\u00f3n de Tasas Municipales \u2013 Cultos Religiosos del Distrito\u201d.<br \/>\nPasa a las Comisiones de Presupuesto y Hacienda y Asuntos \u00a0Municipales.<strong> <\/strong><br \/>\n&nbsp;<br \/>\n<strong><span style=\"text-decoration: underline;\">Expte. <\/span><\/strong><strong><span style=\"text-decoration: underline;\">N\u00ba 137\/04:<\/span><\/strong> \u201cD.E. \u2013 Solicitud de Exenci\u00f3n Tasas Municipales \u2013 Instituciones del Distrito\u201d.<br \/>\nPasa a las Comisiones de Presupuesto y Hacienda y Asuntos \u00a0Municipales.<strong> <\/strong><br \/>\n&nbsp;<br \/>\n<strong><span style=\"text-decoration: underline;\">Expte. <\/span><\/strong><strong><span style=\"text-decoration: underline;\">N\u00ba 139\/14<\/span><\/strong><span style=\"text-decoration: underline;\">:<\/span> \u201cD.E. \u2013 Solicitud de Exenci\u00f3n Tasas Municipales \u2013 Direcci\u00f3n General de Escuelas\u201d.<br \/>\nPasa a las Comisiones de Presupuesto y Hacienda y Asuntos \u00a0Municipales.<strong> <\/strong><br \/>\n&nbsp;<br \/>\n<strong><span style=\"text-decoration: underline;\">Expte. <\/span><\/strong><strong><span style=\"text-decoration: underline;\">N\u00ba 6632\/14:<\/span><\/strong><strong> \u201c<\/strong>Bloque F.P.V. \u2013 Proyecto de Ordenanza: Solicita adherir la Municipalidad de Tornquist a la Ley  Provincial N\u00ba 12276\/99 y su Decreto Reglamentario, a los fines de elaborar un anteproyecto denominado \u201cPlan Regulador de Arbolado P\u00fablico\u201d\u201d.<br \/>\nPasa a las Comisiones de Interpretaci\u00f3n y Reglamento, Ecolog\u00eda y Medio Ambiente, Asuntos Municipales y Obras P\u00fablicas.<br \/>\n<strong><span style=\"text-decoration: underline;\"> <\/span><\/strong><br \/>\n<strong><span style=\"text-decoration: underline;\">Expte. <\/span><\/strong><strong><span style=\"text-decoration: underline;\">N\u00ba 6659\/14:<\/span><\/strong> \u201cBloque Frente Renovador \u2013 Proyecto de Ordenanza: Destinar una de cada 10 viviendas construidas en el Distrito, por el Municipio o por cualquier Plan Provincial o Nacional a Bomberos Voluntarios\u201d.<br \/>\nPasa a las Comisiones de Obras P\u00fablicas y Asuntos Municipales.<br \/>\n&nbsp;<br \/>\n<strong><span style=\"text-decoration: underline;\">Expte. <\/span><\/strong><strong><span style=\"text-decoration: underline;\">N\u00ba 6648\/14:<\/span><\/strong> \u201cBloques F.P.C. y S., U.C.R. y C.C. \u2013 Minuta de Comunicaci\u00f3n: Solicita que se arbitren los medios para la construcci\u00f3n de dos pasos a niveles en la ciudad de Tornquist\u201d.<br \/>\nSeg\u00fan el dictamen de la Comisi\u00f3n de<strong> <\/strong>ASUNTOS MUNICIPALES Y OBRAS P\u00daBLICAS,<strong> <\/strong>se aprueba por unanimidad \u00a0enviar copia de la Minuta de Comunicaci\u00f3n a la Secretar\u00eda de Obras P\u00fablicas. Y hasta tanto se reciba respuesta que el Expediente \u00a0contin\u00fae en Comisi\u00f3n.-<br \/>\n&nbsp;<br \/>\n<strong><span style=\"text-decoration: underline;\">Expte. <\/span><\/strong><strong><span style=\"text-decoration: underline;\">N\u00ba 6665\/14:<\/span><\/strong> \u201cN.P. \u2013 Alejandro Aiello: Solicita autorizaci\u00f3n para realizar aumento de tarifa del transporte de l\u00ednea urbana Saldungaray-Tornquist\u201d.<br \/>\nSeg\u00fan el dictamen de la \u00a0Comisi\u00f3n de<strong> <\/strong>PRESUPUESTO Y HACIENDA<strong> <\/strong>se aprueba por unanimidad la Ordenanza bajo el N\u00ba 2698\/14 por la que se autoriza al prestatario del Servicio P\u00fablico de Pasajeros por Automotor de Jurisdicci\u00f3n Municipal, Sr. Alejandro Aiello, a cobrar las tarifas que a continuaci\u00f3n se detallan, a partir de la sanci\u00f3n de la presente Ordenanza:<br \/>\n&nbsp;<\/p>\n<table border=\"1\" cellspacing=\"0\" cellpadding=\"0\">\n<tbody>\n<tr>\n<td width=\"439\" valign=\"top\"><strong>TRAMO<\/strong><\/td>\n<td width=\"159\" valign=\"top\"><strong>TARIFA<\/strong><\/td>\n<\/tr>\n<tr>\n<td width=\"439\" valign=\"top\">SALDUNGARAY \u2013 TORNQUIST<\/td>\n<td width=\"159\" valign=\"top\">$ 32,00<\/td>\n<\/tr>\n<tr>\n<td width=\"439\" valign=\"top\">SIERRA DE LA VENTANA \u2013 TORNQUIST<\/td>\n<td width=\"159\" valign=\"top\">$ 31,00<\/td>\n<\/tr>\n<tr>\n<td width=\"439\" valign=\"top\">VILLA VENTANA \u2013 TORNQUIST<\/td>\n<td width=\"159\" valign=\"top\">$ 25,00<\/td>\n<\/tr>\n<tr>\n<td width=\"439\" valign=\"top\">PARAJE LA GRUTA \u2013 TORNQUIST<\/td>\n<td width=\"159\" valign=\"top\">$ 19,00<\/td>\n<\/tr>\n<tr>\n<td width=\"439\" valign=\"top\">SALDUNGARAY \u2013 SIERRA DE LA VENTANA<\/td>\n<td width=\"159\" valign=\"top\">$ 13,00<\/td>\n<\/tr>\n<tr>\n<td width=\"439\" valign=\"top\">SALDUNGARAY \u2013 VILLA VENTANA<\/td>\n<td width=\"159\" valign=\"top\">$ 20,00<\/td>\n<\/tr>\n<tr>\n<td width=\"439\" valign=\"top\">SALDUNGARAY \u2013 PARAJE LA GRUTA<\/td>\n<td width=\"159\" valign=\"top\">$ 29,00<\/td>\n<\/tr>\n<tr>\n<td width=\"439\" valign=\"top\">SIERRA DE LA VENTANA \u2013 VILLA VENTANA<\/td>\n<td width=\"159\" valign=\"top\">$ 19,00<\/td>\n<\/tr>\n<tr>\n<td width=\"439\" valign=\"top\">SIERRA DE LA VENTANA \u2013 PARAJE LA   GRUTA<\/td>\n<td width=\"159\" valign=\"top\">$ 27,00<\/td>\n<\/tr>\n<tr>\n<td width=\"439\" valign=\"top\">VILLA VENTANA \u2013 PARAJE LA GRUTA<\/td>\n<td width=\"159\" valign=\"top\">$ 19,00<\/td>\n<\/tr>\n<tr>\n<td width=\"439\" valign=\"top\">CERRO VENTANA \u2013 TORNQUIST<\/td>\n<td width=\"159\" valign=\"top\">$ 24,00<\/td>\n<\/tr>\n<tr>\n<td width=\"439\" valign=\"top\">CERRO VENTANA \u2013 SIERRA DE LA VENTANA<\/td>\n<td width=\"159\" valign=\"top\">$ 26,00<\/td>\n<\/tr>\n<tr>\n<td width=\"439\" valign=\"top\">SALDUNGARAY \u2013 CERRO VENTANA<\/td>\n<td width=\"159\" valign=\"top\">$ 28,00<\/td>\n<\/tr>\n<tr>\n<td width=\"439\" valign=\"top\">VILLA VENTANA \u2013 CERRO VENTANA<\/td>\n<td width=\"159\" valign=\"top\">$ 18,00<\/td>\n<\/tr>\n<tr>\n<td width=\"439\" valign=\"top\">CERRO VENTANA \u2013 PARAJE LA GRUTA<\/td>\n<td width=\"159\" valign=\"top\">$ 14,00<\/td>\n<\/tr>\n<\/tbody>\n<\/table>\n<p><strong><span style=\"text-decoration: underline;\"> <\/span><\/strong><br \/>\nSe establece \u00a0un descuento del 25% (veinticinco por ciento) para todos los rangos tarifarios, cuyos beneficiarios ser\u00e1n:<br \/>\n* Estudiantes de escuelas terciarias de Tornquist<br \/>\n* Docentes que regularmente viajan fuera de su localidad<br \/>\n* Carenciados solicitados por la Secretar\u00eda de Desarrollo Social y Derechos Humanos.<br \/>\nLos mismos deber\u00e1n acreditar fehacientemente tales condiciones<br \/>\n&nbsp;<br \/>\n<strong><span style=\"text-decoration: underline;\">Expte. <\/span><\/strong><strong><span style=\"text-decoration: underline;\">N\u00ba 6668\/14:<\/span><\/strong> \u201cBloques U.C.R. C.C., F.P.C. y S. y F.R \u2013 Minuta de Comunicaci\u00f3n: Solicita al Intendente Municipal arbitre los medios para la adquisici\u00f3n de una ambulancia para la Unidad Sanitaria de Chasic\u00f3\u201d.<br \/>\nSe aprueba por unanimidad el dictamen de las Comisiones de ASUNTOS MUNICIPALES, SALUD P\u00daBLICA Y PRESUPUESTO y HACIENDA que aconseja \u00a0enviar copia de la Minuta al Departamento Ejecutivo y a la Asociaci\u00f3n de Fomento y posteriormente enviar el Expediente al Archivo.-<br \/>\n&nbsp;<br \/>\n<strong><span style=\"text-decoration: underline;\">Expte. <\/span><\/strong><strong><span style=\"text-decoration: underline;\">N\u00ba 6669\/14<\/span><\/strong><span style=\"text-decoration: underline;\">:<\/span> \u201cBloque F.P.V. \u2013 Minuta de Comunicaci\u00f3n: Ref. estado de pasos a nivel ubicados en Ruta Nacional N\u00ba 35 Km 42 y Ruta Provincial N\u00ba 76 en su intersecci\u00f3n con el ingreso al Balneario Municipal Parque Norte\u201d.<br \/>\nSe aprueba por unanimidad el dictamen de las Comisiones de ASUNTOS MUNICIPALES, Y OBRAS P\u00daBLICAS que aconseja enviar copia de la Minuta de Comunicaci\u00f3n a la empresa Ferro Expreso Pampeano, a la Direcci\u00f3n de Vialidad de la Pcia. De Buenos Aires, a la Direcci\u00f3n Nacional de Vialidad y a la  Secretar\u00eda de Obras y Servicios P\u00fablicos para la toma de conocimiento de la misma y posteriormente enviar el Expediente al Archivo.-<br \/>\n<strong><span style=\"text-decoration: underline;\"> <\/span><\/strong><br \/>\n<strong><span style=\"text-decoration: underline;\">Expte. <\/span><\/strong><strong><span style=\"text-decoration: underline;\">N\u00ba 6670\/14:<\/span><\/strong> \u201cBloque F.P.V. \u2013 Proyecto de Ordenanza: Ref. Participaci\u00f3n social para la lucha contra las adicciones\u201d.<br \/>\nDe acuerdo al dictamen de las Comisiones de INTERPRETACI\u00d3N Y REGLAMENTO, SALUD P\u00daBLICA Y ASUNTOS MUNICIPALES, se aprueba por unanimidad la Ordenanza bajo el N\u00ba 2699\/14 por la que se establece<strong> <\/strong>en el \u00e1mbito de la Municipalidad de Tornquist la promoci\u00f3n de la <em>\u201cParticipaci\u00f3n social para la lucha contra las adicciones\u201d<\/em>, compromiso social\u00a0que deber\u00e1\u00a0convocar a todos los sectores p\u00fablicos y privados para promover la cooperaci\u00f3n y coordinaci\u00f3n de acciones dirigidas a\u00a0\u00a0la prevenci\u00f3n del\u00a0problema que implica el consumo de drogas en sus diferentes manifestaciones.<br \/>\nSe crea en el \u00e1mbito de la Municipalidad de Tornquist, bajo la \u00f3rbita de la  Secretar\u00eda de Salud y Bromatolog\u00eda, el Foro Distrital de Participaci\u00f3n social para la lucha contra las adicciones<em>. <\/em>El mismo ser\u00e1 convocado por la mencionada repartici\u00f3n de forma mensual y funcionar\u00e1 de manera itinerante en las diferentes localidades del distrito.\u00a0 Del Foro participar\u00e1n la propia Secretar\u00eda de Salud, la  Secretar\u00eda de Seguridad, la Secretar\u00eda de Desarrollo Social y Derechos Humanos, Servicio Local, el Honorable Concejo Deliberante, el CPA local, Jefatura Distrital y ser\u00e1n invitadas\u00a0 las Instituciones de la comunidad del distrito que integren la red de contenci\u00f3n social de ni\u00f1os y adolescentes. <em> <\/em><br \/>\n&nbsp;<br \/>\n<strong><span style=\"text-decoration: underline;\">Expte. <\/span><\/strong><strong><span style=\"text-decoration: underline;\">N\u00ba 6671\/14:<\/span><\/strong> \u201cBloque F.P.C. y S., U.C.R. y C.C. \u2013 Minuta de Comunicaci\u00f3n: Ref. fracci\u00f3n de campo (154 Has.) perteneciente a la  Municipalidad de Tornquist Ubicada en cercan\u00edas de la localidad de Sierra de la  Ventana\u201d.<br \/>\nSe aprueba por unanimidad el dictamen de las Comisiones de ASUNTOS MUNICIPALES, OBRAS P\u00daBLICAS Y PRESUPUESTO y HACIENDA que aconseja adjuntar al mismo el Expte. N\u00ba 6649\/14 por tratar la misma tem\u00e1tica. Adem\u00e1s aconsejan enviar copia al Departamento Ejecutivo y coordinar una reuni\u00f3n con el Asesor Legal del Municipio para el d\u00eda jueves 6 de noviembre.<br \/>\n&nbsp;<br \/>\n<strong><span style=\"text-decoration: underline;\">Expte. <\/span><\/strong><strong><span style=\"text-decoration: underline;\">N\u00ba 6672\/14:<\/span><\/strong> \u201cN.P. \u2013 Vecinos de Sierra de la  Ventana: Ref. preocupaci\u00f3n por la situaci\u00f3n en la que se encuentra el Hogar Agr\u00edcola \u201cPaula Albarrac\u00edn de Sarmiento\u201d ante la falta de una sede propia\u201d.<br \/>\nSe aprueba por unanimidad el dictamen de las Comisiones de ASUNTOS MUNICIPALES, Y OBRAS P\u00daBLICAS<strong> <\/strong>que aconseja enviar copia de la nota a la Secretar\u00eda de Gobierno y Hacienda para que se expida al respecto.-<br \/>\n&nbsp;<br \/>\n&nbsp;<br \/>\n&nbsp;<br \/>\n<strong><span style=\"text-decoration: underline;\">Proyectos Presentados<\/span><\/strong><br \/>\n<strong><span style=\"text-decoration: underline;\"> <\/span><\/strong><br \/>\n<strong><span style=\"text-decoration: underline;\">Bloques Frente para la Victoria \u00a0y Frente Renovador: Proyecto de Ordenanza<\/span><\/strong>&#8211; Medidas a tomar para \u00a0evitar la expansi\u00f3n de incendios en el distrito de Tornquist.<br \/>\nSe solicita formaci\u00f3n\u00a0 de Expediente y tratamiento sobre Tablas.<br \/>\nSe aprueba por unanimidad la Ordenanza con el N\u00ba 2700\/14 que consta de 14 art\u00edculos. El primero establece, seg\u00fan \u00a0las medidas de prevenci\u00f3n indicadas en la Ley 26815, Cap\u00edtulo IV, Art\u00edculo 18, \u201cSistema federal de manejo del fuego\u201d,\u00a0 que predios rurales que se encuentren dentro del Partido de Tornquist, realicen las picadas y\/o cortafuegos correspondientes.<br \/>\n&nbsp;<br \/>\nConcejal Ant\u00f3n V\u00edctor:<br \/>\n\u201cQuer\u00eda hacer referencia a este Proyecto de Ordenanza que acabamos de aprobar. Entiendo que es muy importante para cuidar la vida de los vecinos, acord\u00e1ndonos del \u00faltimo siniestro que tuvimos en diciembre y enero de este a\u00f1o. Adem\u00e1s, es una Ordenanza que se viene trabajando hace tiempo, que se ha logrado un consenso importante, se ha hecho un trabajo importante con la mesa agropecuaria, con los productores, con todos los Bloques de Concejales, y me parece la manera en la que tenemos que trabajar para que estos temas tan importantes, y que deben ser Pol\u00edticas de Estado sean planteados ante la comunidad. Lo importante la ayuda que le van a dar los cortafuegos a nuestros bomberos en caso de siniestro, y como dec\u00eda \u00bfno?, esto todo va en cuidar la vida de nuestros vecinos, as\u00ed que estoy muy feliz de haber podido aprobar esta Ordenanza que ha tenido la participaci\u00f3n de bomberos, de productores, de Concejales, del asesoramiento del Poder Ejecutivo Municipal, y adem\u00e1s, comunicarles a los vecinos que hoy nos acompa\u00f1an, que adem\u00e1s esta Ordenanza ha sido tomada por otros distritos de la regi\u00f3n que la van a tener como base para haces sus propias Ordenanza, lo cual tambi\u00e9n es importante. Nada m\u00e1s Sr. Presidente\u201d.<br \/>\n&nbsp;<br \/>\n<strong><span style=\"text-decoration: underline;\">Bloque Frente para la Victoria: Proyecto de Ordenanza<\/span><\/strong>&#8211; Derogar en todos sus t\u00e9rminos la Ord. N\u00ba 2475\/12 (uso bolsa camiseta) y propone nuevo proyecto.<br \/>\nSe solicita formaci\u00f3n de Expediente y pase a Comisi\u00f3n.<br \/>\n<strong><span style=\"text-decoration: underline;\"> <\/span><\/strong><br \/>\n<strong><span style=\"text-decoration: underline;\">Bloque Frente para la Victoria- Proyecto de Resoluci\u00f3n:<\/span><\/strong> Declarar de Inter\u00e9s Municipal la labor realizada por el \u201cGrupo Municipal de Teatro\u201d durante todos estos a\u00f1os en todas sus categor\u00edas.<br \/>\nSe solicita formaci\u00f3n de Expediente y pase a Comisi\u00f3n.<br \/>\n<strong> <\/strong><br \/>\n<strong><span style=\"text-decoration: underline;\">Bloques Frente Progresista C\u00edvico y Social, Uni\u00f3n C\u00edvica Radical y Coalici\u00f3n C\u00edvica: Proyecto de Resoluci\u00f3n:<\/span><\/strong><span style=\"text-decoration: underline;\"> <\/span>Declarar como \u201cJoven Destacado del Distrito\u201d al Sr. Franco Bolletta<br \/>\nSe solicita \u00a0formaci\u00f3n de Expediente y tratamiento sobre Tablas.<br \/>\nSe aprueba por unanimidad la Resoluci\u00f3n bajo el N\u00ba 23\/14 por la que se declara como \u201cJoven Destacado del Distrito\u201d al Sr. Franco Bolleta, por la actividad innovadora y amigable con el medio ambiente que lleva adelante este joven tornquistense en su empresa BOLTECO, basada en la fabricaci\u00f3n de chapas con materiales de descarte de la empresa Interpack S.A. Se le har\u00e1 entrega de un reconocimiento en\u00a0 Sesi\u00f3n Extraordinaria del Honorable Concejo Deliberante a celebrarse el d\u00eda 18 de Noviembre a las 19:30 hs. en su Sala de Sesiones.<br \/>\n<strong> <\/strong><br \/>\n<strong><span style=\"text-decoration: underline;\">Bloque Frente para la Victoria: Proyecto de Resoluci\u00f3n:<\/span><\/strong> Solicita a la empresa Ferro Expreso Pampeano SA se arbitren los medios necesarios a fin de dar soluci\u00f3n a los problemas causados por las lluvias en las primeras cuadras de las calles L\u00e1inez, Santiago Carbone, Libertad e Inmigrantes<br \/>\nSe solicita formaci\u00f3n de Expediente y pase a Comisi\u00f3n.<br \/>\n&nbsp;<br \/>\n<strong><span style=\"text-decoration: underline;\">Bloques Frente Progresista C\u00edvico y Social, Uni\u00f3n C\u00edvica Radical y Coalici\u00f3n C\u00edvica: Minuta de Comunicaci\u00f3n:<\/span><\/strong><span style=\"text-decoration: underline;\"> <\/span>Solicita al Secretario de turismo, Cultura y deportes Sr. Leandro Pascale que se informes sobre cu\u00e1l es el criterio aplicado para la actualizaci\u00f3n de las tarifas de las tarifas de la concesi\u00f3n de la Unidad Fiscal Tur\u00edstica \u201cLa Hoya\u201d de Sierra de la Ventana. Solicita adem\u00e1s, que se confeccione un cuadro tarifario para que sea evaluado y puesto a consideraci\u00f3n por el Honorable Concejo Deliberante, como sucede con la mayor\u00eda de los predios concesionados del Distrito.<br \/>\nSe solicita formaci\u00f3n de Expediente y tratamiento sobre Tablas.<br \/>\nSe forma el Expediente N\u00ba 6676\/14 y se aprueba por unanimidad la Minuta de Comunicaci\u00f3n.<br \/>\n&nbsp;<br \/>\n<strong><span style=\"text-decoration: underline;\">Bloques Frente Progresista C\u00edvico y Social, Uni\u00f3n C\u00edvica Radical y Coalici\u00f3n C\u00edvica: Minuta de Comunicaci\u00f3n: <\/span><\/strong>Solicita a la  Secretaria de Obras y Servicios P\u00fablicos,\u00a0 Arquitecta Anabella Madue\u00f1a, que se informe si se encuentra planificado la construcci\u00f3n de un puente ubicado sobre el Arroyo Belisario en el ingreso de la localidad de Villa Ventana.<br \/>\nSe solicita formaci\u00f3n de Expediente y pase a Comisi\u00f3n.<br \/>\n&nbsp;<br \/>\n<strong><span style=\"text-decoration: underline;\">Bloques Frente Progresista C\u00edvico y Social, Uni\u00f3n C\u00edvica Radical y Coalici\u00f3n C\u00edvica: Proyecto de Resoluci\u00f3n:<\/span><\/strong> Adherir a la  Declaraci\u00f3n 10\/13 del Honorable Concejo Deliberante de Coronel Su\u00e1rez en su totalidad, en la cual se declara de Inter\u00e9s Municipal el hallazgo de un cementerio de pueblos ind\u00edgenas en Villa La Arcadia.<br \/>\nSe solicita formaci\u00f3n de Expediente y pase a Comisi\u00f3n.<strong> <\/strong><br \/>\n<strong> <\/strong><br \/>\n<strong><span style=\"text-decoration: underline;\">Asuntos Particulares<\/span><\/strong><br \/>\n<strong><span style=\"text-decoration: underline;\"> <\/span><\/strong><br \/>\n<strong><span style=\"text-decoration: underline;\">N.P- Mariana Castricone, Concesionaria del Camping Municipal de Saldungaray:<\/span><\/strong> Solicita entrevista con Secretario de Seguridad y concejales, para manifestar su preocupaci\u00f3n por la seguridad del predio que se encuentra a su cargo.<br \/>\nDesde Presidencia se informa que se solicit\u00f3 a Obras P\u00fablicas copia del Expte. N\u00ba 208\/11 donde consta el contrato de Concesi\u00f3n de este predio,\u00a0 \u00a0para poder realizar la reuni\u00f3n con el Asesor Legal del Municipio.<br \/>\n<strong><span style=\"text-decoration: underline;\"> <\/span><\/strong><br \/>\n<strong><span style=\"text-decoration: underline;\">N.P- Alumnos de 3\u00ba A\u00f1o de la  Escuela Secundaria- Colegio Nuestra Se\u00f1ora de Luj\u00e1n:<\/span><\/strong> Solicita que se denomine al Paseo que se encuentra a la vera del acceso a la localidad de Tornquist desde la Ruta Nac. N\u00ba 33 con el nombre de \u201cPaseo de la Paz: Papa Francisco\u201d.<br \/>\nSe solicita formaci\u00f3n de Expediente y pase a Comisi\u00f3n.<br \/>\n&nbsp;<br \/>\n<strong><span style=\"text-decoration: underline;\">N.P- C\u00e1mara Regional de Comercio, Industria y Turismo Ernesto Tornquist:<\/span><\/strong> Solicita que se declare deInter\u00e9s Municipal la cabalgata tradicional \u201cSierras de Tornquist\u201d.<br \/>\nSe solicita formaci\u00f3n de Expediente y tratamiento sobre Tablas.<br \/>\nSe forma el Expediente N\u00ba 6677\/14, y se aprueba por unanimidad la Resoluci\u00f3n N\u00ba\u00a0 22\/14 por la que se declara de Inter\u00e9s Municipal la Cabalgata Tradicional \u201cSierras de Tornquist \u201c organizada por la C\u00e1mara Regional de Comercio, Industria y Turismo Ernesto Tornquist, a\u00a0 realizarse los d\u00edas\u00a0 8 y 9 de Noviembre de 2014.-<br \/>\n&nbsp;<br \/>\n<strong><span style=\"text-decoration: underline;\">N.P- Manuel Castro- Presidente de la  Juventud Radical Tornquist<\/span><\/strong>: Informa sobre Inquietud planteada por vecinos de la localidad de Sierra de la Ventana referida al \u00a0anfiteatro ubicado a \u00a0orillas del R\u00edo Sauce Grande.<br \/>\nSe solicita formaci\u00f3n de Expediente y pase a Comisi\u00f3n.<br \/>\n&nbsp;<br \/>\n<strong><span style=\"text-decoration: underline;\">N.P- Comisi\u00f3n Directiva de la Sociedad de Fomento de San Andr\u00e9s de la  Sierra:<\/span><\/strong> Env\u00eda n\u00f3mina de la nueva Comisi\u00f3n.<br \/>\nSe realizar\u00e1 una reuni\u00f3n entre el H.C.D, el Departamento Ejecutivo y esta comisi\u00f3n, para que se puedan abordar los temas de inter\u00e9s de San Andr\u00e9s de las Sierras.<br \/>\n&nbsp;<br \/>\n<strong><span style=\"text-decoration: underline;\">N.P- C\u00e1mara de Comercio, Turismo e Industria de Sierra de la Ventana y Villa La Arcadia: <\/span><\/strong>Informa de la creaci\u00f3n de la misma, y env\u00eda n\u00f3mina de la  Comisi\u00f3n.<br \/>\n&nbsp;<br \/>\n<strong><span style=\"text-decoration: underline;\">N.P- Dr. Gustavo D\u00edaz:<\/span><\/strong> Solicita hacer uso de la Banca Concejal N\u00ba 13 para realizar una exposici\u00f3n sobre la problem\u00e1tica de los adolescentes en nuestra regi\u00f3n.<br \/>\nSe solicita formaci\u00f3n de Expediente y tratamiento sobre Tablas.<br \/>\nSe forma el Expediente N\u00ba 6678\/14 y se aprueba por unanimidad otorgar el\u00a0 uso de la Banca de Concejal N\u00ba 13 en Sesi\u00f3n Extraordinaria para el d\u00eda 3 de noviembre a partir de las 22 hs.<br \/>\n&nbsp;<br \/>\n<strong><span style=\"text-decoration: underline;\">N.P. Dardo Fern\u00e1ndez- Centro Recreativo Co-Hue:<\/span><\/strong> Solicita aprobaci\u00f3n para nuevo cuadro tarifario a partir de la\u00a0 temporada\u00a0 estival a iniciarse.<br \/>\nSe solicita formaci\u00f3n de Expediente y pase a Comisi\u00f3n.<br \/>\n&nbsp;<br \/>\n<strong><span style=\"text-decoration: underline;\">N.P. Cuerpos de Bomberos Voluntarios de Tornquist, Villa Ventana y Sierra de la Ventana:<\/span><\/strong> Agradecen la sanci\u00f3n de la Ordenanza que favorece la adjudicaci\u00f3n de viviendas a los Bomberos Voluntarios del Distrito. Plantean tres inquietudes a tratar por el Concejo en beneficio de los Bomberos: Gastos de Carnet de Conductor, Exenci\u00f3n de Tasa Municipal para Bomberos que cumplan ciertos requisitos, y ayuda econ\u00f3mica mensual para asumir el costo de los Cuarteleros.<br \/>\nSe solicita formaci\u00f3n de Expediente y pase a Comisi\u00f3n.<br \/>\n&nbsp;<br \/>\nLos Concejales hacen uso de la palabra:<br \/>\n&nbsp;<br \/>\nConcejal Nielsen Adriana:<br \/>\n\u201cBueno, en primer t\u00e9rmino quer\u00eda agradecer a los vecinos que se han acercado esta noche con nosotros, y hacer extensivo el agradecimiento a este Cuerpo Deliberativo por haber hecho posible la Sesi\u00f3n en Sierra de la Ventana. En segundo lugar quer\u00eda comunicar que ya se encuentran en la localidad las unidades m\u00f3viles de documentaci\u00f3n que atender\u00e1n ma\u00f1ana y pasado en Sierra de la Ventana, y el d\u00eda seis en la localidad de Saldungaray. Tambi\u00e9n es oportuno saludar a toda la poblaci\u00f3n, ya que ma\u00f1ana se cumple el ciento cuatro aniversario de la conmemoraci\u00f3n del cambio de nombre del distrito, y los festejos ser\u00e1n en la ciudad cabecera. Entonces quer\u00eda hacer extensivo el saludo a toda la poblaci\u00f3n por este recordatorio. Nada m\u00e1s Sr. Presidente\u201d.<br \/>\n&nbsp;<br \/>\nPresidente del Honorable Concejo Deliberante, Concejal Bordoni Sergio:<br \/>\n\u201cEs importante Concejal Nielsen tambi\u00e9n, ya que hizo la menci\u00f3n que ma\u00f1ana y pasado van a estar haciendo los documentos, que el cami\u00f3n o la combi que venga se puede hacer todo el tr\u00e1mite, desde el sellado, no tienen que ir al banco, porque ma\u00f1ana no va a haber banco, ya que se puede realizar todo en la combi o cami\u00f3n que venga\u201d.<br \/>\n&nbsp;<br \/>\nConcejal Nielsen Adriana:<br \/>\n\u201cEl \u00fanico inconveniente que por ah\u00ed puede surgir es que los menores de edad necesitan la fotocopia del acta de nacimiento, y que no van a poder tenerlo ma\u00f1ana, pero s\u00ed el jueves cuando est\u00e9n en Saldungaray. Nada m\u00e1s Sr. Presidente\u201d.<br \/>\n&nbsp;<br \/>\nConcejal De Larena Sonia:<br \/>\n\u201cBueno, me adhiero a lo que dijo la Concejal Nielsen, y a parte tambi\u00e9n quer\u00eda avisar que el d\u00eda seis van a estar en Saldungaray la Unidad M\u00f3vil por los documentos. Sr. Presidente yo quer\u00eda, voy a leer en realidad un resumen de este a\u00f1o en\u00a0 que he integrado el Cuerpo y me pareci\u00f3 este el lugar donde est\u00e1n todos los vecinos, amigos con los que normalmente con muchos de ellos nos reunimos una vez al mes en Saldungaray. Nosotros en esas reuniones de pobladores con Concejales, son dos horas realmente enriquecedoras y productivas. De all\u00ed salen cosas que se pueden concretar r\u00e1pido y otras no. A mi esto me deja un aprendizaje, que no todo se puede hacer ya, porque me ayuda a ser un poco m\u00e1s serena. No ten\u00eda el \u00a0h\u00e1bito, pero no me resigno tampoco, a que no se puedan hacer algunas cosas. Hay mucho por hacer, y siempre vamos a lo m\u00e1s urgente y necesario, que es la base. Porque si no apuntalamos las bases, corremos riesgo de derrumbe. Las bases son las escuelas, pilar fundamental de la educaci\u00f3n, ayud\u00e9mosla junta a los Consejeros Escolares a que est\u00e9n bien. El siguiente escal\u00f3n, los j\u00f3venes, que tratemos de estar ah\u00ed con ellos, de darles armas a las familias para que sean sanos, estudiantes, trabajadores y buenas personas. Ac\u00e1 apuntemos a la seguridad en todas sus dimensiones. A crear espacios recreativos en tantos lugares libres que tenemos. D\u00e9mosle las armas para que transcurran los d\u00edas ocupados y no ociosos, lo que los lleva al derrumbe de sus vidas. Y luego, brindemos a los pobladores obras, infraestructura adecuada, para hacer crecer estas localidades que promocionamos por todos lados con carteler\u00eda y dem\u00e1s publicidades, de ser pueblo tur\u00edstico, comarca ecol\u00f3gica, saludable, visite cerros, lagunas, bodegas, tambos, parques, arroyos, etc, y a poco de estos lugares podemos llegar bien. Caminos y calles en malas condiciones, arroyos y espacios verdes sucios, carteler\u00eda insuficiente, los turistas quedan enamorados del paisaje, y desconformes con la atenci\u00f3n humana. En algo estamos fallando. Y un p\u00e1rrafo aparte ser\u00eda hablar de nuestras escuelas rurales y de los productores agropecuarios, que adem\u00e1s de todo lo que padecen, viven diariamente la penuria de salir y regresar al lugar. Pero bueno, no todo tampoco quiero resaltar que es tan malo. Tenemos la suerte de conocernos, de transitar c\u00f3modos, y de trabajar unidos en un \u00e1mbito que yo volver\u00eda a elegir. Mucha calidez humana hay, pero Tornquist est\u00e1 en deuda. Nada m\u00e1s Sr. Presidente, muchas gracias\u201d.<br \/>\n&nbsp;<br \/>\nConcejal Kloster Noel\u00ed:<br \/>\n\u201cEn primer t\u00e9rmino quer\u00eda agradecer la presencia de quienes nos acompa\u00f1an hoy en esta Sesi\u00f3n. Es nuestro compromiso como Concejales el poder llegar a todos los habitantes del distrito. Hoy lo estamos haciendo con Sierra de la Ventana, ya lo hemos hecho con Chasic\u00f3, tenemos vecinos de Villa Ventana, de Saldungaray. Es un ejercicio sano, de democracia este, de que si bien los pobladores o nuestros vecinos no pueden llegarse a la ciudad cabecera por distintos motivos para presenciar una sesi\u00f3n, y ver de qu\u00e9 manera trabajamos en el Concejo Deliberante, seamos nosotros quienes lleguemos a ellos, que creo que en definitiva eso es lo que corresponde. Coincido con la Concejal De Larena en que bueno, la edad nos est\u00e1 haciendo ver, sobre todo a mi, de que los tiempos que manejamos no son los mismos que manejan quienes nos dirigen. Tengan la plena seguridad de que quisi\u00e9ramos dar respuesta much\u00edsimo m\u00e1s r\u00e1pido de lo que las podemos dar, pero bueno, vuelvo a reiterar, la ansiedad la tenemos que ir dejando de lado, y tenemos que amoldarnos a estas circunstancias. El Frente Renovador ha recibido con mucho agrado el hecho de que se haya aprobado el Proyecto de Ordenanza para las viviendas de los Bomberos Voluntarios del Distrito de Tornquist. Realmente estamos felices de haber logrado esto. Y en segundo t\u00e9rmino, y particularmente, me siento profundamente agradecida con el Doctor Gustavo D\u00edaz, porque se est\u00e1 haciendo cargo tambi\u00e9n, se est\u00e1 acercando, est\u00e1 asumiendo junto a nosotros una realidad que nos pesa en el Distrito, que es la realidad de las adicciones. Cuando hablamos de adicciones no estamos hablando solamente\u00a0 o no nos estamos refiriendo solamente a las drogas, estamos hablando de todo tipo de adicciones. S\u00ed nos preocupa sobremanera dos adicciones, tanto el alcohol como la droga, sobre todo la droga,\u00a0 que se est\u00e1 llevando a muchos j\u00f3venes de nuestro distrito. Durante muchos a\u00f1os he batallado sobre este tema, y hablo en primera persona cosa que no me gusta, pero no me queda otra. He sentido que no me han acompa\u00f1ado, he sentido que los responsables de turno han mirado para el costado, han mirado para el otro lado, lamentablemente, y gracias a esa actitud ya hemos perdido a muchos j\u00f3venes de nuestro distrito. Cuando hablamos de que mueren en un accidente, o por cualquier otro motivo o a nivel nacional o provincial con respecto a los asaltos etc, etc, nos olvidamos que tambi\u00e9n cada d\u00eda mueren j\u00f3venes nuestros a causa sobre todo de la droga. No es tarde de todos modos para tomar cartas en el asunto, s\u00ed estamos a tiempo de que asumamos la responsabilidad, de que dejemos de mirar hacia otro lado, y basta de perder j\u00f3venes nuestros, porque cuando hablamos de desaparecidos no hablamos solamente de aquellos que mueren y van a un lugar, tambi\u00e9n desaparecidos de la vida real son todos aquellos j\u00f3venes que est\u00e1n inmersos en la droga. Por eso celebro profundamente que el doctor D\u00edaz hoy venga a hablarnos sobre un tema que a \u00e9l tambi\u00e9n le preocupa. Gracias Sr. Presidente\u201d.<br \/>\n&nbsp;<br \/>\nConcejal Ant\u00f3n V\u00edctor:<br \/>\n\u201cS\u00ed, comparto con Noel\u00ed, con la Concejal Kloster su benepl\u00e1cito por la inquietud del Doctor D\u00edaz. Y por ah\u00ed para contar un poquito de qu\u00e9 se trata el Proyecto de Ordenanza que hoy hemos aprobado por unanimidad, otro de los temas que tenemos que hacer una Pol\u00edtica de Estado, y que tambi\u00e9n hemos consensuado sobre el tema de la participaci\u00f3n social sobre el tema de las adicciones all\u00e1 por abril cuando el Intendente abr\u00eda las Sesiones de este Honorable Cuerpo, las Sesiones Ordinarias, hablaba de un pacto social contra las drogas, contra las adicciones, empezamos a trabajar y tambi\u00e9n nos encontramos hace un tiempo con los chicos de la Juventud Radical que tambi\u00e9n estaban preocupados en el tema, y quer\u00edan armar la Mesa Multisectorial. Hemos podido avanzar en una de las primeras reuniones, y hoy teniendo la Ordenanza luego de su promulgaci\u00f3n ya vamos a poder tener conformado el Foro de Participaci\u00f3n Social para la Lucha contra las Adicciones. Este foro implica atender\u00a0 todas las patas de la contenci\u00f3n de los ni\u00f1os y adolescentes, Secretar\u00eda de Seguridad, de Salud, de Desarrollo Social, CPA, Educaci\u00f3n, todos sentados en una misma mesa pensando en el futuro de nuestros j\u00f3venes y particularmente en aquellos que tienen alg\u00fan grado de compromiso con las adicciones, pero adem\u00e1s, tenemos que, y lo hemos conversado en reuniones de trabajo, que el desaf\u00edo m\u00e1s grande que tenemos es hacer que ese Foro no sean reuniones vac\u00edas, y que podamos lograr que sea integrado tambi\u00e9n por las familias, por los padres. Hemos participado en algunas reuniones que se han hecho, primero con alumnos y luego con adultos, y la verdad es que notamos que nuestros j\u00f3venes, nuestros adolescentes, nuestros hijos reclaman la participaci\u00f3n de las familias en este tema. Entonces queremos hacer de este Foro, y\u00a0 de este concurso que se va a armar, una herramienta para que tanto los chicos, los j\u00f3venes y los ni\u00f1os como los adultos podamos sentarnos en una misma mesa y podamos delinear c\u00f3mo hacemos para que nuestros chicos no caigan en este gran e importante flagelo que atraviesa a toda la sociedad, esto no es ni de Peronistas, ni de Radicales, ni de Automoto ni de Uni\u00f3n, ni del Club Ventana ni de Porte\u00f1o Saldungaray, ac\u00e1 tenemos que estar todos unidos trabajando en pos de dejarle un mejor futuro a nuestros j\u00f3venes. Nada m\u00e1s Sr. Presidente\u201d.<br \/>\n&nbsp;<br \/>\nConcejal Cardoso Dar\u00edo:<br \/>\n\u201cSi, yo quer\u00eda referirme a varios temas que tengo para tratar hoy. En realidad surgen de las reuniones que tenemos habitualmente con la comunidad, ya sea en la  Biblioteca de Saldungaray, o en las recorridas que hacemos en las distintas localidades. A veces surgen inquietudes que nosotros las presentamos generalmente como un Pedido de Informes, much\u00edsimas veces no suelen ser contestadas, la mayor\u00eda de las veces. Por eso quisiera hacer un reconto de lo que en realidad todav\u00eda nosotros hemos puesto sobre el tapete como quien dice, y no hemos tenido informaci\u00f3n al respecto. En lo que concierne a la localidad de Saldungaray, podemos estar hablando de la finalizaci\u00f3n de las obras del cementerio de Saldungaray, que si bien se tuvo alguna conversaci\u00f3n con la Secretaria de Obras P\u00fablicas Anabella Madue\u00f1a, todav\u00eda en este momento no tenemos a ciencia cierta cuando se van a finalizar esas obras. Con respecto a cosas que por ah\u00ed han ido surgiendo en este momento, que si bien todav\u00eda no han sido presentadas quisiera resaltar tambi\u00e9n correspondiente a Obras P\u00fablicas, quisiera saber o realmente que se trate en forma urgente despu\u00e9s de las lluvias que hemos tenido en la localidad, va, en todo el Distrito, c\u00f3mo se va a poner en condiciones lo que es el Dique de Sierra de la Ventana. Porque se est\u00e1 aproximando la \u00e9poca estival, las vacaciones, y no queremos que pase lo mismo que ha pasado otras veces, que no est\u00e1 en condiciones para recibir al turista. As\u00ed que me parece que ese ser\u00eda un tema importante para tratar con toda urgencia. Con respecto a otros temas que hemos tenido la posibilidad de charlar con vecinos tambi\u00e9n ser\u00eda importante, m\u00e1s que nada la se\u00f1alizaci\u00f3n y el mantenimiento en buenas condiciones del camino alternativo que hay entre la localidad de Saldungaray y Sierra de la Ventana, el camino de tierra que nosotros le llamamos. M\u00e1s que nada tambi\u00e9n por las condiciones en las que est\u00e1 la ruta. Ser\u00eda que, yo digo siempre que tenemos que estar esquivando asfalto, es un reclamo que se viene haciendo desde hace much\u00edsimo tiempo, que se viene prometiendo y realmente a ciencia cierta hoy no tenemos una contestaci\u00f3n. En la reuni\u00f3n que tuvimos la semana pasada en Villa Ventana con el Delegado y gente de la Sociedad de Fomento tambi\u00e9n surgi\u00f3 una inquietud y que surge en todas las localidades, y que es el mantenimiento de los espacios p\u00fablicos, de las calles, y no tener las herramientas necesarias para poder hacerlo. Por eso es que creo que ser\u00eda necesario un relevamiento de las herramientas que tenemos en cada una de las localidades, para que se pudiera saber a ciencia cierta qu\u00e9 est\u00e1 en condiciones de ser utilizado y que es lo que realmente se necesita, porque realmente se acerca la temporada estival y necesitamos tener todos los lugares en condiciones para recibir al turista. Yo quisiera mocionar que, de estos temas si se podr\u00eda por Secretar\u00eda enviar un comunicado con los \u00edtems que acabo de tratar para que se d\u00e9 pronta respuesta\u201d.<br \/>\n&nbsp;<br \/>\nConcejal Ant\u00f3n V\u00edctor:<br \/>\n\u201cQuer\u00eda saber, \u00bfuna nota, el Concejal Cardoso pide una nota? \u00bfy a qu\u00e9 secretar\u00eda?, \u00bfdirectamente a Secretar\u00eda de Obras P\u00fablicas?<br \/>\n&nbsp;<br \/>\nConcejal Cardoso Dar\u00edo:<br \/>\n\u201cSi quisiera que por Secretar\u00eda se enviara una nota a las distintas \u00e1reas para que nos den respuesta a los \u00edtems que trat\u00e9\u201d.<br \/>\n&nbsp;<br \/>\nSe aprueba por unanimidad la moci\u00f3n del Concejal Cardoso.<br \/>\n&nbsp;<br \/>\nConcejal Nielsen Adriana:<br \/>\n\u201cCon respecto a lo que estaba planteando el Concejal acerca de las condiciones del dique, fue una inquietud que tambi\u00e9n ten\u00edamos nosotros, y buscando la respuesta a esto, nos hemos comunicado con el Sr. Delegado, y la obra ya est\u00e1 presupuestada y se va a comenzar con el arreglo. O sea, si se hubiesen dirigido al Sr. Delegado ya tendr\u00edan una respuesta para saber que se est\u00e1 por arreglar el dique. Y con respecto, habl\u00e1bamos hoy del intercambio solidario entre distritos, este arreglo del dique tambi\u00e9n tendr\u00eda que haber estado en forma, tratado en forma conjunta con Villa Arcadia, o sea el Distrito de Coronel Su\u00e1rez. La verdad es que muy pocas veces el Distrito de Coronel Su\u00e1rez asume la responsabilidad tambi\u00e9n del mantenimiento del dique y tambi\u00e9n muy pocas veces se act\u00faa solidariamente, ya sea con las instituciones educativas, que asume y educa a todos los ni\u00f1os que pertenecen a ese Distrito en este, justamente en Sierra de la  Ventana, y por ah\u00ed podr\u00eda solicitar que desde este Concejo se trate de trabajar y de presentar alg\u00fan proyecto para que el Distrito de Coronel Su\u00e1rez asuma la responsabilidades o pueda trabajar en forma mancomunada con nuestro Distrito. Nada m\u00e1s Sr. Presidente\u201d.<br \/>\n&nbsp;<br \/>\nConcejal Etcheber Daniel:<br \/>\n\u201cBueno, no traje nada escrito y preparado, porque no cre\u00ed que los Concejales de mi pueblo iban a decir todo lo que hacen ellos. Quiere decir que yo no hago nada porque no presento, pero no se presentan proyectos porque nosotros lo hablamos personalmente. Lo del cementerio por ejemplo, jam\u00e1s dijeron, cuando se cay\u00f3 el pared\u00f3n, a quien fueron\u00a0 a ver, quien contrataron, c\u00f3mo se hizo, ya est\u00e1 hecho, no dijeron nada, y eso no se mand\u00f3 ninguna Minuta de Comunicaci\u00f3n. El arreglo de la Iglesia, no sali\u00f3 en ning\u00fan medio, Mar\u00eda Auxiliadora, el proyecto que se present\u00f3 en Mar\u00eda Auxiliadora, tampoco sale en ning\u00fan medio. Cuando se habla con el Delegado tambi\u00e9n por el tema del arreglo de las calles, no se presenta ninguna, porque se habla personalmente porque nosotros pertenecemos a lo mismo. Quiere decirse que tambi\u00e9n nos movemos, nosotros tambi\u00e9n con la Concejal Nielsen fuimos a la reuni\u00f3n a Villa Ventana, por el tema de las calles, todas la inquietudes, es decir, de Villa Ventana, tambi\u00e9n les llegaron al Intendente, no en forma escrita, sino en forma personal. Quiero decir con esto que tambi\u00e9n trabajamos, todos trabajamos. Todos hacemos algo por el Partido de Tornquist, por su puesto. NO lo hacemos escrito, en los medios, pero tambi\u00e9n nos preocupa el tema de la droga, el tema de los robos, el tema de las rutas. No es para tanto la Ruta  Saldungaray Sierra de la Ventana como para transitar el camino de tierra. (Risas del p\u00fablico, el Presidente solicita silencio). Y con respecto a eso, este esbozo de sonrisas, no comparto yo el Concejo Deliberante que est\u00e9 en las localidades, sino que tienen su Recinto, porque, para mi forma personal, se hace m\u00e1s pol\u00edtica que otra cosa. Gracias Sr. Presidente\u201d.<br \/>\n&nbsp;<br \/>\nConcejal Cardoso Dar\u00edo:<br \/>\n\u201cNo, creo que en ning\u00fan momento hablamos de que los dem\u00e1s Concejales no trabajaban. Eso no se dijo para nada. Lo que pasa es que realmente, s\u00ed es cierto, \u00a0que much\u00edsimas veces ustedes tienen acceso a informaci\u00f3n que desde los Bloques opositores no tenemos, entonces los Pedidos de Informes son ciertos, lo que no se responde tambi\u00e9n es cierto. El tema, quiz\u00e1 lo expres\u00e9 mal, el tema de la se\u00f1alizaci\u00f3n tambi\u00e9n de lo que es el camino de tierra entre Sierra de la Ventana y Saldungaray era tambi\u00e9n como una actividad recreativa tur\u00edstica ya que tenemos tambi\u00e9n tantos ciclistas en este momento. No era precisamente, lo que no podemos decir es que realmente\u00a0 la Ruta entre Sierra de la Ventana y Saldungaray est\u00e1 en buenas condiciones cuando la semana pasada despu\u00e9s de las lluvias, en un bache bastante profundo tres autos realmente se rompieron. Entonces, nosotros no dijimos que no se est\u00e1 trabajando en ning\u00fan lado, tenemos distintas formas de llegar, eso es distinto, ustedes saben perfectamente que quiz\u00e1s, al tener la afinidad que tienen con el Ejecutivo se comunican de otra forma. Nuestras formas son Pedidos de Informes, o Minutas de Comunicaci\u00f3n, que a veces no son respondidas, y eso tambi\u00e9n lo sabemos todos. No, en ning\u00fan momento ac\u00e1 se quiso decir de que desde el otro Bloque o que desde el Oficialismo no se trabaja, no fue esa la intenci\u00f3n. Simplemente, aclarar eso, creo que todos estamos trabajando en pos de un Distrito mejor, y tratar de mejorarlo sin distinci\u00f3n de partidos pol\u00edticos, cada uno a su forma trata de buscar lo mejor, creo que ese es el mensaje que nosotros tenemos que dejar como Concejo Deliberante. Simplemente eso, much\u00edsimas gracias\u201d.<br \/>\n&nbsp;<br \/>\nConcejal Moroncini Gustavo:<br \/>\n\u201cSi, en principio saludar a toda la gente de Sierra de la Ventana y agradecer el c\u00e1lido recibimiento que hemos tenido. Y decirles lo que creo de estas Sesiones de Concejo, creo que es una de las cosas m\u00e1s lindas que le puede pasar a una localidad, tener a los representantes del pueblo sentados en una mesa como los tenemos ac\u00e1, y ellos presentes viendo y pensando si estamos obrando bien o no estamos obrando bien, que son en definitiva los que tienen que decidir si estamos haciendo bien las cosas o no. Con respecto al mont\u00f3n de temas de hemos tratado hoy en el d\u00eda, quer\u00eda comentar el tema del Expediente 6671\/14 que habla de la fracci\u00f3n de campo, de las ciento cincuenta y cuatro hect\u00e1reas que son vecinas a la localidad de Sierra de la Ventana, y que entre las cosas que estamos, como dec\u00eda Sonia, luchando y peleando para que se logren y salgan adelante, esta es una de las cosas que m\u00e1s no interesa viendo la gran necesidad de tierras que necesitan en este momento los municipios para desarrollarse y crecer, y seguir en la senda como Sierra de la Ventana lo est\u00e1 haciendo en este momento. Estamos trabajando sobre ese tema, apuntando principalmente a que estas tierras que pertenecen a la Municipalidad de Tornquist se encuentran en este momento en posesi\u00f3n de gente que tiene campos linderos, y ya hace m\u00e1s de veinte a\u00f1os, o por lo menos es lo que nosotros tenemos, o diecinueve a\u00f1os, que tenemos conocimiento de que no se ha sacado ninguna rentabilidad sobre el tema, ni se ha podido hacer nada sobre ellas. Sabemos del lugar que es, que se ha hablado m\u00e1s de una vez sobre el tema, de las propiedades que tiene ese lugar, y lo que m\u00e1s nos interesa es poder recuperarlas para la Municipalidad, y ver qu\u00e9 es lo que podemos hacer con ellas en el futuro. Pero siempre pensando en que son cosas que no podemos perder nunca. Despu\u00e9s, con respecto a los proyectos presentados, uno sobre terrapl\u00e9n y alcantarillas, una Resoluci\u00f3n, donde se le env\u00eda a Ferro Expreso Pampeano una petici\u00f3n para ver c\u00f3mo se tendr\u00eda que solucionar el tema de las calles L\u00e1inez y Carbone en la localidad de Tornquist. Yo personalmente habl\u00e9 con el Director del \u00c1rea\u00a0 T\u00e9cnica de Ferro Expreso Pampeano,\u00a0 el se\u00f1or Romeo Calamante, y justamente a \u00e9l se le env\u00eda este Proyecto de Resoluci\u00f3n. Es totalmente inversa la situaci\u00f3n. Nosotros, yo habl\u00e9 personalmente con \u00e9l y me ubic\u00f3 bien en c\u00f3mo se tiene que trabajar el tema, y lo tenemos que hacer desde la Municipalidad, el ingeniero o persona que pueda firmar un proyecto de esos, sobre lo que se necesita, siendo en este caso una alcantarilla, con las medidas que correspondan, la autorizaci\u00f3n de hidr\u00e1ulica de la Provincia de Buenos Aires, y eso una vez que est\u00e9 todo conformado, reci\u00e9n ah\u00ed se presenta a Ferro Expreso Pampeano. Ellos particularmente no se pueden negar a una obra que hace falta o est\u00e1 perjudicando a vecinos de una localidad. Entonces lo que necesitan es que el proyecto vaya formado, particularmente es eso, nada m\u00e1s. Y con respecto a las deudas que dec\u00eda la amiga Sonia, seguimos en deuda, tenemos siempre cosas pendientes, pero hay un Proyecto presentado por los chicos de la Juventud, y que nos ha tocado ver al lado de las piletas y el anfiteatro, que es una pena que est\u00e9 abandonado hace veinte a\u00f1os una cosa como esa. Creo que Ventana se merece que esas cosas se pongan en funcionamiento y darle vida a esta localidad con un lugar para eventos, y cosas importantes. Nada m\u00e1s Sr. Presidente\u201d.<br \/>\n&nbsp;<br \/>\nConcejal Musso Mar\u00eda Graciela:<br \/>\n\u201cBueno, en principio agradecer a todos los vecinos de Sierra de la Ventana y la zona por hacerse presente a esta Sesi\u00f3n. Y expresar mi preocupaci\u00f3n respecto del Expediente al cual hizo alusi\u00f3n el Concejal Moroncini, de las ciento cincuenta y cuatro hect\u00e1reas que no son cualquier tipo de tierras, y que creo que de alguna manera este Honorable Cuerpo debemos hacer todos los esfuerzos posibles para que se puedan retomar, o pueda la Municipalidad en este caso tomar intervenci\u00f3n. Pero al respecto, quiero dar algunas informaciones que despu\u00e9s voy a mocionar que el Asesor Letrado por favor se acerque al Concejo Deliberante, situaci\u00f3n que se plante\u00f3 en uno de los expedientes el d\u00eda jueves con el horario a convenir. Quer\u00eda decirles a la comunidad de Sierra de la  Ventana y en realidad al Partido de Tornquist, porque estas tierras nos pertenecen, o nos deber\u00edan pertenecer. Mucho se habl\u00f3 de que nunca se hizo desde el Municipio ning\u00fan tipo de reclamo, al respecto quiero hacer alusi\u00f3n a las Ordenanzas 991 del a\u00f1o 94 y a la Ordenanza 915 del a\u00f1o 93, y a la Ordenanza 834 del a\u00f1o 93. Est\u00e1n a disposici\u00f3n para cualquiera que desee leerlas, pero voy a hacer lectura al Art\u00edculo primero de la Ordenanza 991\/94 a\u00a0 trav\u00e9s de la cual se genera un n\u00famero de Expediente respecto de la solicitud o digamos el inicio del tr\u00e1mite correspondiente. El art\u00edculo primero de esta Ordenanza, repito, del a\u00f1o 94 dice, decl\u00e1rese de Utilidad P\u00fablica sujeto a expropiaci\u00f3n a la franja de treinta metros de ancho y longitud coincidente con la traza de caminos marcados en el Instituto Geogr\u00e1fico Militar partiendo de un excedente fiscal 576, est\u00e1n todos los datos, partidas, superficies, cantidad de hect\u00e1reas afectadas a las parcelas. El art\u00edculo segundo dice \u201csolicitar al Departamento Ejecutivo, elevar la presente a la  Honorable Legislatura de la Provincia de Buenos Aires, a fin de que vea la posibilidad de concretar en la ley la solicitud de expropiaci\u00f3n. La misma hace referencia a lo que son exactamente la servidumbre de paso o el sector por el cual los propietarios del establecimiento Las Sierras tuvieron que gestionar para poder ingresar a dicho establecimiento, que, oh, sorpresa, me informan que la firma La Posta S.R.L. vende a los propietarios de Las Sierras ese campo sabiendo que no ten\u00edan ingreso al lugar. De cualquier manera todas estas cosas va a dar explicaciones el Asesor Legal, y tendr\u00e1n que hacerse cargo quienes comenzaron, digamos, esta situaci\u00f3n que llev\u00f3 despu\u00e9s a una toma de posesi\u00f3n que dir\u00e1 la  Fiscal\u00eda de Estado si est\u00e1, corresponde o no. A ra\u00edz de esta venta, sin ingreso al establecimiento rural, se procede en una instancia a ingresar al establecimiento, situaci\u00f3n que le gener\u00f3 al Municipio de Tornquist un Juicio Penal, que debi\u00f3 pagar, por ingreso y violaci\u00f3n a la propiedad. Podr\u00eda hablar bastante m\u00e1s, pero ser\u00eda a lo mejor demasiado cansador. Lo que s\u00ed quiero dejar en claro que el Municipio hizo los reclamos pertinentes, no es verdad que no se hizo nada, y en segundo lugar, comunicar que est\u00e1 a disposici\u00f3n el Sr. Fiscal Felice, Dr. Felice, a quien se le ha presentado toda la documentaci\u00f3n inclusive el Expediente que se conform\u00f3 en este Honorable Cuerpo y que est\u00e1 a disposici\u00f3n de cualquiera de los Concejales para que le hagan las preguntas pertinentes. Y como se que seguramente me van a decir \u201cnosotros queremos la respuesta de la palabra autorizada\u201d, es por eso que para dar por tierra algunas sospechas respecto si se estaban haciendo las investigaciones correspondientes y en la forma y con la seriedad que el caso lo requiere, es que voy a pedir que si algunos de los Concejales tiene alguna situaci\u00f3n en particular que denunciar, que lo haga y lo haga p\u00fablicamente. Y por \u00faltimo, como ya se lo expres\u00e9 Sr. Presidente, que por favor el d\u00eda jueves el se\u00f1or Carriquiry quiere hacerse presente con los Concejales de este Cuerpo para dar las explicaciones pertinentes respecto de este Expediente. Muchas gracias Sr. Presidente\u201d.<br \/>\n&nbsp;<br \/>\nConcejal Gabella Ezequiel:<br \/>\n\u201cEs un principio el objetivo de mi alocuci\u00f3n tiene un fin aclaratorio que creo que vale la pena manifestar, que es la utilizaci\u00f3n como sin\u00f3nimos de la Concejal Musso en lo referente a hablar de la expropiaci\u00f3n de una porci\u00f3n de campo a una servidumbre de paso, cuando son figuras legales totalmente distintas y con fines u objetivos totalmente distintos. Una servidumbre de paso es un permiso obligatorio de un propietario de un fundo o de un terreno le tiene que dar a otra persona porque no tiene otra alternativa para llegar a una propiedad que tiene encerrada. Y obligatoriamente, a trav\u00e9s de un proceso judicial que el actual titular de la firma Sierras Grandes le gan\u00f3 a la empresa que est\u00e1 haciendo este uso indebido de las ciento cincuenta hect\u00e1reas de la Municipalidad, logr\u00f3 la tan anhelada servidumbre de paso que hoy ya existe y el titular del campo que est\u00e1 haciendo uso de este predio Municipal no puede negarle el paso. Los antecedentes que hace menci\u00f3n la Concejal  Musso del a\u00f1o 93 si no 94 son principalmente dos Proyectos de Ordenanzas que tienen como objetivo la declaraci\u00f3n de Utilidad P\u00fablica de esa obra, que simplemente es expropiar, es decir, a pesar de ir en contra de la voluntad del titular, indemnizarlo econ\u00f3micamente, previo a eso tiene que existir la Ley que lo declare de Utilidad P\u00fablica, y de esa manera lograr un camino que acerque a la comunidad o en este caso el Municipio a ese terreno, que tiene esas tan mencionadas ciento cincuenta y cuatro hect\u00e1reas. T\u00e9cnicamente, legalmente y hasta aplicando el sentido com\u00fan, no tiene absolutamente nada que ver eso con tomar posesi\u00f3n del lugar, comportarse como due\u00f1o, que es lo que corresponde. Y Sr. Presidente, si necesitamos diecinueve a\u00f1os de evaluaci\u00f3n para tomar la decisi\u00f3n pol\u00edtica de que tenemos que tomar posesi\u00f3n de algo que nos pertenece, de algo que tiene un patrimonio arqueol\u00f3gico incalculable, de algo que tiene un valor econ\u00f3mico no menor a los tres\/cuatro millones de pesos, tenemos que pensarlo diecinueve a\u00f1os y durante diecinueve a\u00f1os un titular de un campo de m\u00e1s de dos mil hect\u00e1reas, que ni siquiera es un chacarero nativo del Distrito de Tornquist, est\u00e9 utilizando estas tierras para su provecho sin dejarle un peso a la  Municipalidad, la verdad Sr. Presidente, que me preocupa much\u00edsimo. Para la gente, muchas veces hablan que los tiempos de los pol\u00edticos son largos, pero esto escapa al sentido com\u00fan Sr. Presidente, y esta invitaci\u00f3n de la Concejal Musso a hacer denuncias, uno denuncia y recurre a la justicia cuando tiene una prueba clara y veraz, sino la verdad es un chusmer\u00edo de pueblo. Y creo que como espacio pol\u00edtico, cuando consideramos que era oportuno llegar a la instancia de hacer una denuncia, tomamos la decisi\u00f3n, o al menos la ten\u00edamos tomada. En este caso estamos recolectando pruebas, de algo que no nos corresponde Sr. Presidente, eso creo que tiene que quedar claro. El trabajo de investigaci\u00f3n, de prueba, de recolecci\u00f3n de pruebas para lograr y obtener de una vez por todas tomar posesi\u00f3n del predio no le corresponde a los Concejales, entonces lo digo, y no creo que esto se configure como una denuncia, es una verg\u00fcenza de que pasados diecinueve a\u00f1os y hayan pasado varios Intendentes y varios Asesores Legales nosotros simples Concejales hayamos obtenido un certificado de dominio de ese lugar, que es lo que determina espec\u00edficamente\u00a0 que pertenecen a la Municipalidad de Tornquist. Entonces, insisto, no es una denuncia, cuanto m\u00ednimo hay desprolijidades, hay desidia, hay una inacci\u00f3n que perjudica gravemente y notoriamente al Municipio de Tornquist. Nada m\u00e1s Sr. Presidente\u201d.<br \/>\n&nbsp;<br \/>\nConcejal Musso Mar\u00eda Graciela:<br \/>\n\u201cSin querer entrar en conversaciones est\u00e9riles, Concejal Gabella, muy linda su alocuci\u00f3n, muy interesante, pero yo le sugerir\u00eda que aguarde la respuesta del \u00e1rea Legal correspondiente, ya que puede llevarse m\u00e1s de una sorpresa. En mi alocuci\u00f3n fui clara y dije no voy a dar m\u00e1s explicaciones al respecto porque seguramente me dicen luego \u201cque venga el responsable del \u00e1rea porque la palabra de la Concejal no es palabra oficial\u201d, y me parece correcto. Insisto, el tema de veinte a\u00f1os sin hacer nada, habr\u00eda que ver, y respecto de lo que acaba de explicar de las Ordenanzas, se entiende perfectamente Concejal Gabella conversando conmigo me hizo, me asegur\u00f3 entendiendo lo que le\u00eda, que de alguna manera el Municipio de Tornquist con esa franja de\u00a0 veinte metros, o treinta, no recuerdo, estaba haci\u00e9ndose eco de que las tierras le pertenec\u00edan. Y yo le dir\u00eda, que si no es tarea de los Concejales recolectar pruebas, \u00bfpara qu\u00e9 las recolectan? A mi sinceramente me preocupa c\u00f3mo nos preocupa a todos que de alguna manera salga a la luz lo que ha sucedido con estas ciento cincuenta y cuatro hect\u00e1reas porque vuelvo a insistir, y coincido con el Concejal Gabella y coincidimos todos, que es un patrimonio que no podemos dejarlo pasar, pero respecto al certificado de dominio y a todas las pruebas que han recolectado, el titular de domino ac\u00e1 lo tengo, es la Municipalidad de Tornquist. De aqu\u00ed en m\u00e1s, vuelvo a repetir, creo que las instancias legales se dirimen en otras situaciones que tienen que ver con las Reuniones de Trabajo, o las investigaciones que al respecto est\u00e1 realizando la Asesor\u00eda Legal del Municipio. Muchas gracias Sr. Presidente\u201d.<br \/>\n&nbsp;<br \/>\nPresidente del Honorable Concejo Deliberante, Concejal Bordoni Sergio:<br \/>\n\u201cComo Presidente de este Cuerpo Deliberativo, quiero agradecer la presencia de todos, somos Concejales elegidos por el pueblo, hacemos pol\u00edtica, para eso nos eligi\u00f3 el pueblo. Y llegamos a una Banca haciendo pol\u00edtica, as\u00ed que quiero expresar mi desacuerdo con el Concejal Etcheber\u2026\u201d<br \/>\nPide la palabra el Concejal Ant\u00f3n.<br \/>\nPresidente del Honorable Concejo Deliberante, Concejal Bordoni Sergio:<br \/>\n\u201cDespu\u00e9s que termine mi alocuci\u00f3n le doy la palabra Sr. Concejal\u201d.<br \/>\nConcejal Ant\u00f3n V\u00edctor:<br \/>\n\u201cSolicitar\u00eda que haga uso de la Banca como corresponde\u201d.<br \/>\nPresidente del Honorable Concejo Deliberante, Concejal Bordoni Sergio:<br \/>\n\u201cSe\u00f1or Concejal, no estoy haciendo uso de un tema espec\u00edfico, sino estoy dando respuesta y despu\u00e9s le voy a dar los art\u00edculos por los cuales puedo hablar desde la Presidencia\u201d.<br \/>\nConcejal Ant\u00f3n V\u00edctor:<br \/>\n\u201cUsted est\u00e1 debatiendo con el Concejal Etcheber\u201d.<br \/>\nPresidente del Honorable Concejo Deliberante, Concejal Bordoni Sergio:<br \/>\n\u201cNo estoy haciendo alocuci\u00f3n de un tema, simplemente voy a explicar lo que no me gust\u00f3 que se diga, que se hace pol\u00edtica por venir ac\u00e1\u201d.<br \/>\nConcejal Ant\u00f3n V\u00edctor:<br \/>\n\u201cJustamente, usted tiene que hacer uso de la Banca\u201d<br \/>\nPresidente del Honorable Concejo Deliberante, Concejal Bordoni Sergio:<br \/>\n\u201cNo Se\u00f1or Concejal\u201d.<br \/>\nConcejal Ant\u00f3n V\u00edctor:<br \/>\n\u201cCorresponde por el Art\u00edculo 27\u00ba de la   Ley Org\u00e1nica de las Municipalidades\u201d.<br \/>\nPresidente del Honorable Concejo Deliberante, Concejal Bordoni Sergio:<br \/>\n\u201cBueno, d\u00e9jeme terminar de hablar y despu\u00e9s si quiere seguir hablando usted, puede seguir hablando. No estoy de acuerdo con sus declaraciones Sr. Concejal, porque somos\u00a0 Concejales, y tenemos la libertad de asistir o no a las Sesiones que convocamos. Tenemos un reemplazo en la lista de las cuales fuimos elegidos, as\u00ed que si no se quiere hacer presente en una Sesi\u00f3n que se convoca, esta en todo su derecho, no es obligaci\u00f3n, puede no asistir. Por eso me parece que fuero desafortunadas sus apreciaciones en cuanto al tema. Nosotros no hacemos pol\u00edtica viniendo a una localidad, sino que estamos en contacto con todas las localidades, y es eso lo que quiero dejar en claro, nada m\u00e1s, no quiero polemizar en el tema, pero, as\u00ed como fuimos a Chasic\u00f3, hoy estamos en Ventana, y podemos ir a distintas localidades y escuchar a la gente, y que la gente nos escuche. No toda la gente tiene la oportunidad de acercarse hasta Tornquist, y es bueno que nosotros lo hagamos, y nos acerquemos a las localidades. As\u00ed que nada m\u00e1s que eso, no era polemizar, solamente\u00a0 expresar mi desacuerdo. Nada m\u00e1s que eso, y gracias a todos por venir\u201d.<br \/>\n&nbsp;<br \/>\nConcejal Ant\u00f3n V\u00edctor:<br \/>\n\u201cEstoy de acuerdo con lo que dice, me parece bien que vengamos a las localidades, es interesante como nos ha ocurrido en Chasic\u00f3, pero tambi\u00e9n entiendo que respetando la   Ley Org\u00e1nica, y estando los vecinos presentes tambi\u00e9n, es importante que si usted va a debatir con un Concejal como lo ha hecho, porque le ha contestado algo que ha dicho el Concejal Etcheber, tome uso de la Banca como corresponde, usted est\u00e1 haciendo, est\u00e1 respondiendo a\u00a0 algo que dijo un Concejal, con lo cual corresponde que tome una Banca para hacer uso de la palabra, nada m\u00e1s que eso\u201d.<br \/>\n&nbsp;<br \/>\nPresidente del Honorable Concejo Deliberante, Concejal Bordoni Sergio:<br \/>\n\u201cLe vuelvo a repetir Concejal Ant\u00f3n, no estoy haciendo uso de la Banca para hablar de un tema espec\u00edfico, y le voy a demostrar con hechos de distintas Sesiones que ha habido, que no fueron de mi Presidencia, sino Presidencia Oficialista, la cual la  Presidente que ocupaba en ese momento la Presidencia hac\u00eda uso desde la Presidencia de la misma forma que lo hago yo. As\u00ed que tengo copias para demostrarle a usted que lo que estoy haciendo est\u00e1 bien. As\u00ed que por eso le digo, mientras yo no hablo de un tema espec\u00edfico, de un tema a tratar est\u00e1 todo bien, si yo quiero hablar de un tema como hice el otro d\u00eda en la localidad de Chasic\u00f3 de hablar de las ciento cincuenta y cuatro hect\u00e1reas lo hago, y pido hacerlo desde la   Banca. De lo dem\u00e1s me hago cargo y si no, haga la denuncia que tiene que hacer al Tribunal de Cuentas\u201d.<br \/>\n&nbsp;<br \/>\nConcejal Moroncini Gustavo:<br \/>\n\u201cNo, nada m\u00e1s que iba a decir que cuando el Presidente hace uso de la palabra como Presidente no precisa bajar a la Banca. Nada m\u00e1s Sr. Presidente\u201d.<br \/>\n&nbsp;<br \/>\n&nbsp;<br \/>\n&nbsp;<br \/>\n<strong><span style=\"text-decoration: underline;\"> <\/span><\/strong><br \/>\nHONORABLE CONCEJO DELIBERANTE<br \/>\n<strong><span style=\"text-decoration: underline;\"> <\/span><\/strong><br \/>\n&nbsp;<\/p>\n","protected":false},"excerpt":{"rendered":"<p>INFORMES SESI\u00d3N ORDINARIA DEL D\u00cdA 3 DE NOVIEMBRE EN LA LOCALIDAD DE SIERRA DE LA VENTANA &nbsp; Comunicaciones Oficiales \u00a0Dict\u00e1menes de las Comisiones: Expte. N\u00ba 136\/14: \u201cD.E. \u2013 Solicitud de Exenci\u00f3n de Tasas Municipales \u2013 Cultos Religiosos del Distrito\u201d. Pasa a las Comisiones de Presupuesto y Hacienda y Asuntos \u00a0Municipales. &nbsp; Expte. N\u00ba 137\/04: \u201cD.E. [&hellip;]<\/p>\n","protected":false},"author":1,"featured_media":0,"comment_status":"closed","ping_status":"open","sticky":false,"template":"","format":"standard","meta":{"footnotes":""},"categories":[51,52,53],"tags":[],"class_list":["post-24856","post","type-post","status-publish","format-standard","hentry","category-comunidad","category-destacadas","category-politica"],"yoast_head":"<!-- This site is optimized with the Yoast SEO plugin v19.7.1 - https:\/\/yoast.com\/wordpress\/plugins\/seo\/ -->\n<title>SESIONO EL HCD. EN SIERRA DE LA VENTANA (informe oficial) - CELTTV<\/title>\n<meta name=\"description\" content=\"Sitio web de noticias de la localidad de Tornquist, provincia de Buenos Aires, Rep\u00fablica Argentina. Contenido propio originado por periodistas de CELTTV, el canal de TV local de la Cooperativa El\u00e9ctrica de Tornquist. Turismo, Pol\u00edtica, Sociedad, Deporte, Cultura y todo el contenido de inter\u00e9s general que la gente del pueblo y la regi\u00f3n debe conocer.\" \/>\n<meta name=\"robots\" content=\"index, follow, max-snippet:-1, max-image-preview:large, max-video-preview:-1\" \/>\n<link rel=\"canonical\" href=\"https:\/\/www.celttv.com.ar\/index.php\/2014\/11\/07\/sesiono-el-hcd-en-sierra-de-la-ventana-informe-general\/\" \/>\n<meta property=\"og:locale\" content=\"es_ES\" \/>\n<meta property=\"og:type\" content=\"article\" \/>\n<meta property=\"og:title\" content=\"SESIONO EL HCD. EN SIERRA DE LA VENTANA (informe oficial) - CELTTV\" \/>\n<meta property=\"og:description\" content=\"Sitio web de noticias de la localidad de Tornquist, provincia de Buenos Aires, Rep\u00fablica Argentina. Contenido propio originado por periodistas de CELTTV, el canal de TV local de la Cooperativa El\u00e9ctrica de Tornquist. Turismo, Pol\u00edtica, Sociedad, Deporte, Cultura y todo el contenido de inter\u00e9s general que la gente del pueblo y la regi\u00f3n debe conocer.\" \/>\n<meta property=\"og:url\" content=\"https:\/\/www.celttv.com.ar\/index.php\/2014\/11\/07\/sesiono-el-hcd-en-sierra-de-la-ventana-informe-general\/\" \/>\n<meta property=\"og:site_name\" content=\"CELTTV\" \/>\n<meta property=\"article:publisher\" content=\"https:\/\/www.facebook.com\/celtTV\/\" \/>\n<meta property=\"article:published_time\" content=\"2014-11-07T19:35:46+00:00\" \/>\n<meta property=\"og:image\" content=\"http:\/\/www.tvcnoticias.com.ar\/wp-content\/uploads\/2014\/11\/DSC_0195arreg-Medium-450x299.jpg\" \/>\n<meta name=\"author\" content=\"ulises\" \/>\n<meta name=\"twitter:card\" content=\"summary_large_image\" \/>\n<meta name=\"twitter:label1\" content=\"Escrito por\" \/>\n\t<meta name=\"twitter:data1\" content=\"ulises\" \/>\n\t<meta name=\"twitter:label2\" content=\"Tiempo de lectura\" \/>\n\t<meta name=\"twitter:data2\" content=\"44 minutos\" \/>\n<script type=\"application\/ld+json\" class=\"yoast-schema-graph\">{\"@context\":\"https:\/\/schema.org\",\"@graph\":[{\"@type\":\"NewsArticle\",\"@id\":\"https:\/\/www.celttv.com.ar\/index.php\/2014\/11\/07\/sesiono-el-hcd-en-sierra-de-la-ventana-informe-general\/#article\",\"isPartOf\":{\"@id\":\"https:\/\/www.celttv.com.ar\/index.php\/2014\/11\/07\/sesiono-el-hcd-en-sierra-de-la-ventana-informe-general\/\"},\"author\":{\"name\":\"ulises\",\"@id\":\"https:\/\/www.celttv.com.ar\/#\/schema\/person\/6d99c072dba59953809c81446e9d0ace\"},\"headline\":\"SESIONO EL HCD. EN SIERRA DE LA VENTANA (informe oficial)\",\"datePublished\":\"2014-11-07T19:35:46+00:00\",\"dateModified\":\"2014-11-07T19:35:46+00:00\",\"mainEntityOfPage\":{\"@id\":\"https:\/\/www.celttv.com.ar\/index.php\/2014\/11\/07\/sesiono-el-hcd-en-sierra-de-la-ventana-informe-general\/\"},\"wordCount\":8796,\"publisher\":{\"@id\":\"https:\/\/www.celttv.com.ar\/#organization\"},\"articleSection\":[\"Comunidad\",\"Destacadas\",\"Pol\u00edtica\"],\"inLanguage\":\"es\"},{\"@type\":\"WebPage\",\"@id\":\"https:\/\/www.celttv.com.ar\/index.php\/2014\/11\/07\/sesiono-el-hcd-en-sierra-de-la-ventana-informe-general\/\",\"url\":\"https:\/\/www.celttv.com.ar\/index.php\/2014\/11\/07\/sesiono-el-hcd-en-sierra-de-la-ventana-informe-general\/\",\"name\":\"SESIONO EL HCD. EN SIERRA DE LA VENTANA (informe oficial) - CELTTV\",\"isPartOf\":{\"@id\":\"https:\/\/www.celttv.com.ar\/#website\"},\"datePublished\":\"2014-11-07T19:35:46+00:00\",\"dateModified\":\"2014-11-07T19:35:46+00:00\",\"description\":\"Sitio web de noticias de la localidad de Tornquist, provincia de Buenos Aires, Rep\u00fablica Argentina. Contenido propio originado por periodistas de CELTTV, el canal de TV local de la Cooperativa El\u00e9ctrica de Tornquist. Turismo, Pol\u00edtica, Sociedad, Deporte, Cultura y todo el contenido de inter\u00e9s general que la gente del pueblo y la regi\u00f3n debe conocer.\",\"breadcrumb\":{\"@id\":\"https:\/\/www.celttv.com.ar\/index.php\/2014\/11\/07\/sesiono-el-hcd-en-sierra-de-la-ventana-informe-general\/#breadcrumb\"},\"inLanguage\":\"es\",\"potentialAction\":[{\"@type\":\"ReadAction\",\"target\":[\"https:\/\/www.celttv.com.ar\/index.php\/2014\/11\/07\/sesiono-el-hcd-en-sierra-de-la-ventana-informe-general\/\"]}]},{\"@type\":\"BreadcrumbList\",\"@id\":\"https:\/\/www.celttv.com.ar\/index.php\/2014\/11\/07\/sesiono-el-hcd-en-sierra-de-la-ventana-informe-general\/#breadcrumb\",\"itemListElement\":[{\"@type\":\"ListItem\",\"position\":1,\"name\":\"Inicio\",\"item\":\"https:\/\/www.celttv.com.ar\/\"},{\"@type\":\"ListItem\",\"position\":2,\"name\":\"SESIONO EL HCD. EN SIERRA DE LA VENTANA (informe oficial)\"}]},{\"@type\":\"WebSite\",\"@id\":\"https:\/\/www.celttv.com.ar\/#website\",\"url\":\"https:\/\/www.celttv.com.ar\/\",\"name\":\"CELTTV\",\"description\":\"Cooperativa El\u00e9ctrica de Tornquist\",\"publisher\":{\"@id\":\"https:\/\/www.celttv.com.ar\/#organization\"},\"potentialAction\":[{\"@type\":\"SearchAction\",\"target\":{\"@type\":\"EntryPoint\",\"urlTemplate\":\"https:\/\/www.celttv.com.ar\/?s={search_term_string}\"},\"query-input\":\"required name=search_term_string\"}],\"inLanguage\":\"es\"},{\"@type\":\"Organization\",\"@id\":\"https:\/\/www.celttv.com.ar\/#organization\",\"name\":\"CELTTV\",\"url\":\"https:\/\/www.celttv.com.ar\/\",\"sameAs\":[\"https:\/\/www.youtube.com\/channel\/UCz_oIt8Hig64Ub-EmcNPIhg\",\"https:\/\/www.facebook.com\/celtTV\/\"],\"logo\":{\"@type\":\"ImageObject\",\"inLanguage\":\"es\",\"@id\":\"https:\/\/www.celttv.com.ar\/#\/schema\/logo\/image\/\",\"url\":\"http:\/\/www.celttv.com.ar\/wp-content\/uploads\/2022\/08\/logo-1.png\",\"contentUrl\":\"http:\/\/www.celttv.com.ar\/wp-content\/uploads\/2022\/08\/logo-1.png\",\"width\":461,\"height\":159,\"caption\":\"CELTTV\"},\"image\":{\"@id\":\"https:\/\/www.celttv.com.ar\/#\/schema\/logo\/image\/\"}},{\"@type\":\"Person\",\"@id\":\"https:\/\/www.celttv.com.ar\/#\/schema\/person\/6d99c072dba59953809c81446e9d0ace\",\"name\":\"ulises\",\"image\":{\"@type\":\"ImageObject\",\"inLanguage\":\"es\",\"@id\":\"https:\/\/www.celttv.com.ar\/#\/schema\/person\/image\/\",\"url\":\"https:\/\/secure.gravatar.com\/avatar\/7f2c48bdc33b30088f941fb6082e555f2874c98e20cb159d7b92b50eadfce793?s=96&d=mm&r=g\",\"contentUrl\":\"https:\/\/secure.gravatar.com\/avatar\/7f2c48bdc33b30088f941fb6082e555f2874c98e20cb159d7b92b50eadfce793?s=96&d=mm&r=g\",\"caption\":\"ulises\"},\"sameAs\":[\"http:\/\/www.celttv.com.ar\"]}]}<\/script>\n<!-- \/ Yoast SEO plugin. -->","yoast_head_json":{"title":"SESIONO EL HCD. EN SIERRA DE LA VENTANA (informe oficial) - CELTTV","description":"Sitio web de noticias de la localidad de Tornquist, provincia de Buenos Aires, Rep\u00fablica Argentina. Contenido propio originado por periodistas de CELTTV, el canal de TV local de la Cooperativa El\u00e9ctrica de Tornquist. Turismo, Pol\u00edtica, Sociedad, Deporte, Cultura y todo el contenido de inter\u00e9s general que la gente del pueblo y la regi\u00f3n debe conocer.","robots":{"index":"index","follow":"follow","max-snippet":"max-snippet:-1","max-image-preview":"max-image-preview:large","max-video-preview":"max-video-preview:-1"},"canonical":"https:\/\/www.celttv.com.ar\/index.php\/2014\/11\/07\/sesiono-el-hcd-en-sierra-de-la-ventana-informe-general\/","og_locale":"es_ES","og_type":"article","og_title":"SESIONO EL HCD. EN SIERRA DE LA VENTANA (informe oficial) - CELTTV","og_description":"Sitio web de noticias de la localidad de Tornquist, provincia de Buenos Aires, Rep\u00fablica Argentina. Contenido propio originado por periodistas de CELTTV, el canal de TV local de la Cooperativa El\u00e9ctrica de Tornquist. Turismo, Pol\u00edtica, Sociedad, Deporte, Cultura y todo el contenido de inter\u00e9s general que la gente del pueblo y la regi\u00f3n debe conocer.","og_url":"https:\/\/www.celttv.com.ar\/index.php\/2014\/11\/07\/sesiono-el-hcd-en-sierra-de-la-ventana-informe-general\/","og_site_name":"CELTTV","article_publisher":"https:\/\/www.facebook.com\/celtTV\/","article_published_time":"2014-11-07T19:35:46+00:00","og_image":[{"url":"http:\/\/www.tvcnoticias.com.ar\/wp-content\/uploads\/2014\/11\/DSC_0195arreg-Medium-450x299.jpg"}],"author":"ulises","twitter_card":"summary_large_image","twitter_misc":{"Escrito por":"ulises","Tiempo de lectura":"44 minutos"},"schema":{"@context":"https:\/\/schema.org","@graph":[{"@type":"NewsArticle","@id":"https:\/\/www.celttv.com.ar\/index.php\/2014\/11\/07\/sesiono-el-hcd-en-sierra-de-la-ventana-informe-general\/#article","isPartOf":{"@id":"https:\/\/www.celttv.com.ar\/index.php\/2014\/11\/07\/sesiono-el-hcd-en-sierra-de-la-ventana-informe-general\/"},"author":{"name":"ulises","@id":"https:\/\/www.celttv.com.ar\/#\/schema\/person\/6d99c072dba59953809c81446e9d0ace"},"headline":"SESIONO EL HCD. EN SIERRA DE LA VENTANA (informe oficial)","datePublished":"2014-11-07T19:35:46+00:00","dateModified":"2014-11-07T19:35:46+00:00","mainEntityOfPage":{"@id":"https:\/\/www.celttv.com.ar\/index.php\/2014\/11\/07\/sesiono-el-hcd-en-sierra-de-la-ventana-informe-general\/"},"wordCount":8796,"publisher":{"@id":"https:\/\/www.celttv.com.ar\/#organization"},"articleSection":["Comunidad","Destacadas","Pol\u00edtica"],"inLanguage":"es"},{"@type":"WebPage","@id":"https:\/\/www.celttv.com.ar\/index.php\/2014\/11\/07\/sesiono-el-hcd-en-sierra-de-la-ventana-informe-general\/","url":"https:\/\/www.celttv.com.ar\/index.php\/2014\/11\/07\/sesiono-el-hcd-en-sierra-de-la-ventana-informe-general\/","name":"SESIONO EL HCD. EN SIERRA DE LA VENTANA (informe oficial) - CELTTV","isPartOf":{"@id":"https:\/\/www.celttv.com.ar\/#website"},"datePublished":"2014-11-07T19:35:46+00:00","dateModified":"2014-11-07T19:35:46+00:00","description":"Sitio web de noticias de la localidad de Tornquist, provincia de Buenos Aires, Rep\u00fablica Argentina. Contenido propio originado por periodistas de CELTTV, el canal de TV local de la Cooperativa El\u00e9ctrica de Tornquist. Turismo, Pol\u00edtica, Sociedad, Deporte, Cultura y todo el contenido de inter\u00e9s general que la gente del pueblo y la regi\u00f3n debe conocer.","breadcrumb":{"@id":"https:\/\/www.celttv.com.ar\/index.php\/2014\/11\/07\/sesiono-el-hcd-en-sierra-de-la-ventana-informe-general\/#breadcrumb"},"inLanguage":"es","potentialAction":[{"@type":"ReadAction","target":["https:\/\/www.celttv.com.ar\/index.php\/2014\/11\/07\/sesiono-el-hcd-en-sierra-de-la-ventana-informe-general\/"]}]},{"@type":"BreadcrumbList","@id":"https:\/\/www.celttv.com.ar\/index.php\/2014\/11\/07\/sesiono-el-hcd-en-sierra-de-la-ventana-informe-general\/#breadcrumb","itemListElement":[{"@type":"ListItem","position":1,"name":"Inicio","item":"https:\/\/www.celttv.com.ar\/"},{"@type":"ListItem","position":2,"name":"SESIONO EL HCD. EN SIERRA DE LA VENTANA (informe oficial)"}]},{"@type":"WebSite","@id":"https:\/\/www.celttv.com.ar\/#website","url":"https:\/\/www.celttv.com.ar\/","name":"CELTTV","description":"Cooperativa El\u00e9ctrica de Tornquist","publisher":{"@id":"https:\/\/www.celttv.com.ar\/#organization"},"potentialAction":[{"@type":"SearchAction","target":{"@type":"EntryPoint","urlTemplate":"https:\/\/www.celttv.com.ar\/?s={search_term_string}"},"query-input":"required name=search_term_string"}],"inLanguage":"es"},{"@type":"Organization","@id":"https:\/\/www.celttv.com.ar\/#organization","name":"CELTTV","url":"https:\/\/www.celttv.com.ar\/","sameAs":["https:\/\/www.youtube.com\/channel\/UCz_oIt8Hig64Ub-EmcNPIhg","https:\/\/www.facebook.com\/celtTV\/"],"logo":{"@type":"ImageObject","inLanguage":"es","@id":"https:\/\/www.celttv.com.ar\/#\/schema\/logo\/image\/","url":"http:\/\/www.celttv.com.ar\/wp-content\/uploads\/2022\/08\/logo-1.png","contentUrl":"http:\/\/www.celttv.com.ar\/wp-content\/uploads\/2022\/08\/logo-1.png","width":461,"height":159,"caption":"CELTTV"},"image":{"@id":"https:\/\/www.celttv.com.ar\/#\/schema\/logo\/image\/"}},{"@type":"Person","@id":"https:\/\/www.celttv.com.ar\/#\/schema\/person\/6d99c072dba59953809c81446e9d0ace","name":"ulises","image":{"@type":"ImageObject","inLanguage":"es","@id":"https:\/\/www.celttv.com.ar\/#\/schema\/person\/image\/","url":"https:\/\/secure.gravatar.com\/avatar\/7f2c48bdc33b30088f941fb6082e555f2874c98e20cb159d7b92b50eadfce793?s=96&d=mm&r=g","contentUrl":"https:\/\/secure.gravatar.com\/avatar\/7f2c48bdc33b30088f941fb6082e555f2874c98e20cb159d7b92b50eadfce793?s=96&d=mm&r=g","caption":"ulises"},"sameAs":["http:\/\/www.celttv.com.ar"]}]}},"_links":{"self":[{"href":"https:\/\/www.celttv.com.ar\/index.php\/wp-json\/wp\/v2\/posts\/24856","targetHints":{"allow":["GET"]}}],"collection":[{"href":"https:\/\/www.celttv.com.ar\/index.php\/wp-json\/wp\/v2\/posts"}],"about":[{"href":"https:\/\/www.celttv.com.ar\/index.php\/wp-json\/wp\/v2\/types\/post"}],"author":[{"embeddable":true,"href":"https:\/\/www.celttv.com.ar\/index.php\/wp-json\/wp\/v2\/users\/1"}],"replies":[{"embeddable":true,"href":"https:\/\/www.celttv.com.ar\/index.php\/wp-json\/wp\/v2\/comments?post=24856"}],"version-history":[{"count":0,"href":"https:\/\/www.celttv.com.ar\/index.php\/wp-json\/wp\/v2\/posts\/24856\/revisions"}],"wp:attachment":[{"href":"https:\/\/www.celttv.com.ar\/index.php\/wp-json\/wp\/v2\/media?parent=24856"}],"wp:term":[{"taxonomy":"category","embeddable":true,"href":"https:\/\/www.celttv.com.ar\/index.php\/wp-json\/wp\/v2\/categories?post=24856"},{"taxonomy":"post_tag","embeddable":true,"href":"https:\/\/www.celttv.com.ar\/index.php\/wp-json\/wp\/v2\/tags?post=24856"}],"curies":[{"name":"wp","href":"https:\/\/api.w.org\/{rel}","templated":true}]}}