{"id":2486,"date":"2011-10-18T19:32:32","date_gmt":"2011-10-18T19:32:32","guid":{"rendered":"http:\/\/www.tvcnoticias.com.ar\/?p=2486"},"modified":"2011-10-18T19:32:32","modified_gmt":"2011-10-18T19:32:32","slug":"bomberos-voluntarios-emotiva-celebracion-de-las-bodas-de-oro-5-videos-testimonios-97-fotos","status":"publish","type":"post","link":"https:\/\/www.celttv.com.ar\/index.php\/2011\/10\/18\/bomberos-voluntarios-emotiva-celebracion-de-las-bodas-de-oro-5-videos-testimonios-97-fotos\/","title":{"rendered":"BOMBEROS VOLUNTARIOS: EMOTIVA CELEBRACION DE LAS BODAS DE ORO (5 videos, testimonios, 97 fotos)"},"content":{"rendered":"<p>El pasado s\u00e1bado los bomberos voluntarios de Tornquist celebraron sus 50 a\u00f1os de vida del cuartel, con un acto desarrollado frente a la sede de la instituci\u00f3n, seguido de un concurrido desfile del que participaron instituciones de la comunidad y entidades hermanas de Quilmes, Ingeniero White, La Boca, Bomberos Oficiales de Bah\u00eda Blanca, Ucacha de la provincia de C\u00f3rdoba, Bomplan entidad de la provincia de Corrientes que es apadrinada por los bomberos de Tornquist.y delegaciones de 28 cuarteles provenientes de una amplia zona de influencia que dijeron presente en la oportunidad.<br \/>\nSe descubri\u00f3 una placa recordatoria colocada en el Monumento al Bombero Voluntario y donada por el Municipio de Tornquist.<br \/>\n\u201cLa historia no es, ni hace nada. Quien es y hace es el hombre\u201d<br \/>\nLuego de esta introducci\u00f3n se procedi\u00f3 a descubrir en la Cuadra de Veh\u00edculos N\u00ba 1 \u201cJuan Carlos Adassus\u201d, el cuadro en reconocimiento al Cuerpo Activo, Escuadra de Reserva, Escuela de Cadetes y Honorable Comisi\u00f3n Directiva; que forman parte del Cincuentenario de la Instituci\u00f3n.<br \/>\nMas tarde se dio comienzo al desfile y el festejo tambi\u00e9n se prolong\u00f3 a las calles c\u00e9ntricas de la ciudad por donde transitaron los vehiculos que formaron parte del desfile.<br \/>\nEl acto central estuvo presisido por el Intendente Municipal Gustavo Trankels, el Presidente de la Asociaci\u00f3n H\u00e9ctor Di Nunzio, el padre Norberto Lopez y el Jefe del cuerpo Mart\u00edn Hagg. Tambi\u00e9n comparti\u00f3el palco oficial el presidente de la Federaci\u00f3n Centro Sur\u00a0 Esteban Furnari, el Jefe de Operaciones del Consejo Provincial de Emergencia Leonardo Zaccagnini, la presidente del HCD. Mar\u00eda Ofelia Skolak y el\u00a0 titular de la Polic\u00eda Comunal Comisario Inspector Marcelo Giordani<br \/>\nAutorizaci\u00f3n y Desfile<br \/>\nEl Oficial Primero de Reserva Activa Javier Scharff fue el encargado de pedir la autorizaci\u00f3n respectiva para dar comienzo al desfile que estuvo encabezado por entidades educativas, instituciones de la comunidad y las delegaciones visitantes. Por \u00faltimo hizo su paso la entidad anfitriona con todo su \u201cpotencial humano y t\u00e9cnico\u201d al tiempo que se escuchaba la sirena que habitualmente convoca al personal para las distintas salidas, solo que esta vez el motivo de su sonido era para adherirse al festejo de los 50 a\u00f1os del Cuerpo de Bomberos Voluntarios de Tornquist.<br \/>\nReconocimientos, sorpresas y la torta del Cicuentenario<br \/>\nEn el Gimnasio del Automoto Club Deportivo se cumpli\u00f3 otra etapa emotiva de lo programado por los Bomberos de Tornquist para festejar el Cincuentenario; fue el momento de la entrega de presentes de parte de entidades hermanas,\u00a0 que mediante plaquetas y distinto tipo de obsequios testimoniaron su adhesi\u00f3n a tan significativa fecha para la entidad local.<br \/>\n\u00a0Y lleg\u00f3 la hora de los reconocimientos para quienes pusieron su nombre para comenzar a dar vida a esta instituci\u00f3n , verdaderos pioneros de los bomberos de Tornquist (ver breve rese\u00f1a).<br \/>\n\u00a0Tambi\u00e9n, mediante un presente, fueron reconocidos los distintos presidentes que a lo largo de cincuenta a\u00f1os de historia hicieron grande a la instituci\u00f3n.<br \/>\nLos jefes que pasaron por el cuartel<br \/>\nSe realiz\u00f3 un reconocimiento a todos los Jefes del Cincuentenario, \u201clos cuales han tenido la dif\u00edcil tarea de dirigir el crecimiento de la Instituci\u00f3n, pero con el esfuerzo de todo los integrantes del Cuerpo Activo, han logrado cumplir con todos los objetivos y hacer de esta Instituci\u00f3n un ejemplo en la comunidad\u201d<br \/>\n\u00a0En sus distintos per\u00edodos asumieron esa responsabilidad:<br \/>\nDesde 1963\/hasta 1968: Norberto Bualo<br \/>\nDesde 1968\/hasta 1990: Hugo Denis Mutti<br \/>\nDesde 1990\/hasta 1998: Carlos Alberto Schaffner<br \/>\nDesde 1998\/hasta 2003: Javier Enrique Scharff<br \/>\nDesde 2003\/hasta 2007: Alberto Oscar Oll\u00e9<br \/>\nDesde 2007\/hasta la actualidad: H\u00e9ctor Mart\u00edn Haag<br \/>\nBreve Rese\u00f1a<br \/>\nLas gestiones comenzaron el 24 de agosto de 1961, cuando el entonces Sub-comisario Francisco Rambado reuni\u00f3 un grupo de vecinos para expresar la necesidad de contar con un Cuerpo de Bomberos, form\u00e1ndose entonces una Comisi\u00f3n Provisoria, la cual realizo reuniones en el Partido de Tornquist para informar sobre la inquietud de formar un Cuerpo de Bomberos Voluntarios. Tambi\u00e9n realizando visitas para asesorarse con otros cuerpos de Bomberos similares que funcionaban en la zona, tales como Bah\u00eda Blanca, Punta Alta, Ingeniero White y Pig\u00fce. Luego este grupo de personas que integraban la Comisi\u00f3n Provisoria, determino realizar una Asamblea General Extraordinaria, para la creaci\u00f3n del Cuerpo de Bomberos Voluntarios, realizando la convocatoria mediante circulares y publicaciones.<br \/>\nFue entonces que el d\u00eda 12 de Octubre de 1961 a las 10:30 horas en el Sal\u00f3n de la Sociedad Germ\u00e1nica, sita en la Calle Belgrano s\/n de la localidad de Tornquist, se re\u00fanen entre otras personas el Jefe de Cuerpo de los Bomberos de Bah\u00eda Blanca Sr. Enrique del R\u00edo, Sub-Comisario de la Comisaria Local Francisco Rambado, Secretario Municipal Sr. Rub\u00e9n Valucci, Comisario Inspector (Retirado) H\u00e9ctor Semper, Dr. Jos\u00e9 Rodr\u00edguez, Sub-Teniente Carlos Rocco, Sr. Juan Carlos Adassus, Sr. Anselmo Bustillo, Sr. Romulo Bruni, Sr. Ilvio Cavalli, \u2026\u2026..<br \/>\nQue luego de explicar el funcionamiento de un Cuerpo de Bomberos y la forma de conformarlo, se resuelve por medio de votaci\u00f3n designar la 1\u00ba Comisi\u00f3n Directiva, la cual quedo integrada por las siguientes personas: Juan Carlos Adassus, Ram\u00f3n Alduvino, Rub\u00e9n Valucci, Hugo Denis Mutti, Edgar German Garc\u00eda, Ilvio Cavalli, Luis Tarabelli, Mario Buschi, Anselmo Bustillo, Ernesto Gamero, Romulo Bruni, Alberto Jos\u00e9 scharff, H\u00e9ctor Semper, Dr. Jos\u00e9 M. Rodr\u00edguez, Erenaldo Milano, Armando Del Gobbo, Julio Prille y Feliciano Heiland.<br \/>\nFue entonces que el 12 de Octubre de 1961, cuando quedo conformada la Asociaci\u00f3n Cuerpo de Bomberos Voluntarios de Tornquist.<br \/>\nM\u00f3vil N\u00ba 3 \u2013 Monumento Hist\u00f3rico<br \/>\nLa Motobomba y su historia<br \/>\nAnte la necesidad de contar con una autobomba para las prestaciones de servicio, se comienza con las averiguaciones, recibiendo una nota ofreciendo una autobomba y una motobomba en venta en los Bomberos Voluntarios de Quilmes. Por lo cual se determina que viaje el Jefe de Cuerpo Sr. Norberto Bualo, conjuntamente con el Jefe de Cuerpo de los Bomberos de Ingeniero White Sr. Vidal, para revisar las unidades.<br \/>\nEl 08 de mayo de a\u00f1o 1964, la Comisi\u00f3n Directiva, determina aceptar la oferta de los Bomberos de Quilmes por la venta de una motobomba marca RENAULT \u2013 modelo 1928, en un precio de $ 60.000, recibiendo la misma el d\u00eda 18 de Agosto de 1964, siendo transportada por el Sr. Heriberto Caneva. Denomin\u00e1ndola como M\u00f3vil N\u00ba 3.<br \/>\nEl descubrimiento de la remosada motobomba estuvo a cargo de Roberto Brau, Integrante del Primer Cuerpo Activo, el Intendente Municipal Lic. Gustavo Trankels, Javier Del P\u00f3 Integrante del Cuerpo Activo Ayudante de Primera\u00a0 y la Presidente del Honorable Concejo Deliberante Mar\u00eda Ofelia Skolak<br \/>\nDeclaraci\u00f3n de Patrimonio Hist\u00f3rico Municipal<br \/>\nSeguidamente la Presidenta del Honorable Concejo Deliberante de Tornquist, entreg\u00f3 al Presidente y Jefe de Cuerpo, copia de la Ordenanza donde queda establecida la declaraci\u00f3n de Monumento Hist\u00f3rico de la mencionada motobomba.<br \/>\nReconocimientos de entidades hermanas<br \/>\nLos Bomberos Voluntarios de Tornquist entregaron un presente a sus similares de Ingeniero White y Quilmes, consideradas entidades hermanas que contribuyeron con su experiencia a la formaci\u00f3n del Cuerpo de Bomberos de Tornquist.<br \/>\nAsimismo se hizo entrega de un presente a los flamantes ahijados de la instituci\u00f3n local, los Bomberos Voluntarios de Bompland de la provincia de Corrientes.<br \/>\n\u00a0<a href=\"http:\/\/www.youtube.com\/watch?v=UQM9NnBO10A\">httpv:\/\/www.youtube.com\/watch?v=UQM9NnBO10A<\/a><br \/>\n<a href=\"http:\/\/www.youtube.com\/watch?v=Ige_V8OITO4\">httpv:\/\/www.youtube.com\/watch?v=Ige_V8OITO4<\/a><br \/>\n<a href=\"http:\/\/www.youtube.com\/watch?v=pgxSzN298Z8\">httpv:\/\/www.youtube.com\/watch?v=pgxSzN298Z8<\/a><br \/>\n<a href=\"http:\/\/www.youtube.com\/watch?v=aI6MjJYj1xw\">httpv:\/\/www.youtube.com\/watch?v=aI6MjJYj1xw<\/a><br \/>\nhttpv:\/\/www.youtube.com\/watch?v=i3QLWOYlSF<br \/>\n<\/p>\n","protected":false},"excerpt":{"rendered":"<p>El pasado s\u00e1bado los bomberos voluntarios de Tornquist celebraron sus 50 a\u00f1os de vida del cuartel, con un acto desarrollado frente a la sede de la instituci\u00f3n, seguido de un concurrido desfile del que participaron instituciones de la comunidad y entidades hermanas de Quilmes, Ingeniero White, La Boca, Bomberos Oficiales de Bah\u00eda Blanca, Ucacha de [&hellip;]<\/p>\n","protected":false},"author":1,"featured_media":0,"comment_status":"closed","ping_status":"open","sticky":false,"template":"","format":"standard","meta":{"footnotes":""},"categories":[51,52,64],"tags":[],"class_list":["post-2486","post","type-post","status-publish","format-standard","hentry","category-comunidad","category-destacadas","category-videos-destacados"],"yoast_head":"<!-- This site is optimized with the Yoast SEO plugin v19.7.1 - https:\/\/yoast.com\/wordpress\/plugins\/seo\/ -->\n<title>BOMBEROS VOLUNTARIOS: EMOTIVA CELEBRACION DE LAS BODAS DE ORO (5 videos, testimonios, 97 fotos) - CELTTV<\/title>\n<meta name=\"description\" content=\"Sitio web de noticias de la localidad de Tornquist, provincia de Buenos Aires, Rep\u00fablica Argentina. Contenido propio originado por periodistas de CELTTV, el canal de TV local de la Cooperativa El\u00e9ctrica de Tornquist. Turismo, Pol\u00edtica, Sociedad, Deporte, Cultura y todo el contenido de inter\u00e9s general que la gente del pueblo y la regi\u00f3n debe conocer.\" \/>\n<meta name=\"robots\" content=\"index, follow, max-snippet:-1, max-image-preview:large, max-video-preview:-1\" \/>\n<link rel=\"canonical\" href=\"https:\/\/www.celttv.com.ar\/index.php\/2011\/10\/18\/bomberos-voluntarios-emotiva-celebracion-de-las-bodas-de-oro-5-videos-testimonios-97-fotos\/\" \/>\n<meta property=\"og:locale\" content=\"es_ES\" \/>\n<meta property=\"og:type\" content=\"article\" \/>\n<meta property=\"og:title\" content=\"BOMBEROS VOLUNTARIOS: EMOTIVA CELEBRACION DE LAS BODAS DE ORO (5 videos, testimonios, 97 fotos) - CELTTV\" \/>\n<meta property=\"og:description\" content=\"Sitio web de noticias de la localidad de Tornquist, provincia de Buenos Aires, Rep\u00fablica Argentina. Contenido propio originado por periodistas de CELTTV, el canal de TV local de la Cooperativa El\u00e9ctrica de Tornquist. Turismo, Pol\u00edtica, Sociedad, Deporte, Cultura y todo el contenido de inter\u00e9s general que la gente del pueblo y la regi\u00f3n debe conocer.\" \/>\n<meta property=\"og:url\" content=\"https:\/\/www.celttv.com.ar\/index.php\/2011\/10\/18\/bomberos-voluntarios-emotiva-celebracion-de-las-bodas-de-oro-5-videos-testimonios-97-fotos\/\" \/>\n<meta property=\"og:site_name\" content=\"CELTTV\" \/>\n<meta property=\"article:publisher\" content=\"https:\/\/www.facebook.com\/celtTV\/\" \/>\n<meta property=\"article:published_time\" content=\"2011-10-18T19:32:32+00:00\" \/>\n<meta name=\"author\" content=\"ulises\" \/>\n<meta name=\"twitter:card\" content=\"summary_large_image\" \/>\n<meta name=\"twitter:label1\" content=\"Escrito por\" \/>\n\t<meta name=\"twitter:data1\" content=\"ulises\" \/>\n\t<meta name=\"twitter:label2\" content=\"Tiempo de lectura\" \/>\n\t<meta name=\"twitter:data2\" content=\"6 minutos\" \/>\n<script type=\"application\/ld+json\" class=\"yoast-schema-graph\">{\"@context\":\"https:\/\/schema.org\",\"@graph\":[{\"@type\":\"NewsArticle\",\"@id\":\"https:\/\/www.celttv.com.ar\/index.php\/2011\/10\/18\/bomberos-voluntarios-emotiva-celebracion-de-las-bodas-de-oro-5-videos-testimonios-97-fotos\/#article\",\"isPartOf\":{\"@id\":\"https:\/\/www.celttv.com.ar\/index.php\/2011\/10\/18\/bomberos-voluntarios-emotiva-celebracion-de-las-bodas-de-oro-5-videos-testimonios-97-fotos\/\"},\"author\":{\"name\":\"ulises\",\"@id\":\"https:\/\/www.celttv.com.ar\/#\/schema\/person\/6d99c072dba59953809c81446e9d0ace\"},\"headline\":\"BOMBEROS VOLUNTARIOS: EMOTIVA CELEBRACION DE LAS BODAS DE ORO (5 videos, testimonios, 97 fotos)\",\"datePublished\":\"2011-10-18T19:32:32+00:00\",\"dateModified\":\"2011-10-18T19:32:32+00:00\",\"mainEntityOfPage\":{\"@id\":\"https:\/\/www.celttv.com.ar\/index.php\/2011\/10\/18\/bomberos-voluntarios-emotiva-celebracion-de-las-bodas-de-oro-5-videos-testimonios-97-fotos\/\"},\"wordCount\":1268,\"publisher\":{\"@id\":\"https:\/\/www.celttv.com.ar\/#organization\"},\"articleSection\":[\"Comunidad\",\"Destacadas\",\"Videos Destacados\"],\"inLanguage\":\"es\"},{\"@type\":\"WebPage\",\"@id\":\"https:\/\/www.celttv.com.ar\/index.php\/2011\/10\/18\/bomberos-voluntarios-emotiva-celebracion-de-las-bodas-de-oro-5-videos-testimonios-97-fotos\/\",\"url\":\"https:\/\/www.celttv.com.ar\/index.php\/2011\/10\/18\/bomberos-voluntarios-emotiva-celebracion-de-las-bodas-de-oro-5-videos-testimonios-97-fotos\/\",\"name\":\"BOMBEROS VOLUNTARIOS: EMOTIVA CELEBRACION DE LAS BODAS DE ORO (5 videos, testimonios, 97 fotos) - CELTTV\",\"isPartOf\":{\"@id\":\"https:\/\/www.celttv.com.ar\/#website\"},\"datePublished\":\"2011-10-18T19:32:32+00:00\",\"dateModified\":\"2011-10-18T19:32:32+00:00\",\"description\":\"Sitio web de noticias de la localidad de Tornquist, provincia de Buenos Aires, Rep\u00fablica Argentina. Contenido propio originado por periodistas de CELTTV, el canal de TV local de la Cooperativa El\u00e9ctrica de Tornquist. Turismo, Pol\u00edtica, Sociedad, Deporte, Cultura y todo el contenido de inter\u00e9s general que la gente del pueblo y la regi\u00f3n debe conocer.\",\"breadcrumb\":{\"@id\":\"https:\/\/www.celttv.com.ar\/index.php\/2011\/10\/18\/bomberos-voluntarios-emotiva-celebracion-de-las-bodas-de-oro-5-videos-testimonios-97-fotos\/#breadcrumb\"},\"inLanguage\":\"es\",\"potentialAction\":[{\"@type\":\"ReadAction\",\"target\":[\"https:\/\/www.celttv.com.ar\/index.php\/2011\/10\/18\/bomberos-voluntarios-emotiva-celebracion-de-las-bodas-de-oro-5-videos-testimonios-97-fotos\/\"]}]},{\"@type\":\"BreadcrumbList\",\"@id\":\"https:\/\/www.celttv.com.ar\/index.php\/2011\/10\/18\/bomberos-voluntarios-emotiva-celebracion-de-las-bodas-de-oro-5-videos-testimonios-97-fotos\/#breadcrumb\",\"itemListElement\":[{\"@type\":\"ListItem\",\"position\":1,\"name\":\"Inicio\",\"item\":\"https:\/\/www.celttv.com.ar\/\"},{\"@type\":\"ListItem\",\"position\":2,\"name\":\"BOMBEROS VOLUNTARIOS: EMOTIVA CELEBRACION DE LAS BODAS DE ORO (5 videos, testimonios, 97 fotos)\"}]},{\"@type\":\"WebSite\",\"@id\":\"https:\/\/www.celttv.com.ar\/#website\",\"url\":\"https:\/\/www.celttv.com.ar\/\",\"name\":\"CELTTV\",\"description\":\"Cooperativa El\u00e9ctrica de Tornquist\",\"publisher\":{\"@id\":\"https:\/\/www.celttv.com.ar\/#organization\"},\"potentialAction\":[{\"@type\":\"SearchAction\",\"target\":{\"@type\":\"EntryPoint\",\"urlTemplate\":\"https:\/\/www.celttv.com.ar\/?s={search_term_string}\"},\"query-input\":\"required name=search_term_string\"}],\"inLanguage\":\"es\"},{\"@type\":\"Organization\",\"@id\":\"https:\/\/www.celttv.com.ar\/#organization\",\"name\":\"CELTTV\",\"url\":\"https:\/\/www.celttv.com.ar\/\",\"sameAs\":[\"https:\/\/www.youtube.com\/channel\/UCz_oIt8Hig64Ub-EmcNPIhg\",\"https:\/\/www.facebook.com\/celtTV\/\"],\"logo\":{\"@type\":\"ImageObject\",\"inLanguage\":\"es\",\"@id\":\"https:\/\/www.celttv.com.ar\/#\/schema\/logo\/image\/\",\"url\":\"http:\/\/www.celttv.com.ar\/wp-content\/uploads\/2022\/08\/logo-1.png\",\"contentUrl\":\"http:\/\/www.celttv.com.ar\/wp-content\/uploads\/2022\/08\/logo-1.png\",\"width\":461,\"height\":159,\"caption\":\"CELTTV\"},\"image\":{\"@id\":\"https:\/\/www.celttv.com.ar\/#\/schema\/logo\/image\/\"}},{\"@type\":\"Person\",\"@id\":\"https:\/\/www.celttv.com.ar\/#\/schema\/person\/6d99c072dba59953809c81446e9d0ace\",\"name\":\"ulises\",\"image\":{\"@type\":\"ImageObject\",\"inLanguage\":\"es\",\"@id\":\"https:\/\/www.celttv.com.ar\/#\/schema\/person\/image\/\",\"url\":\"https:\/\/secure.gravatar.com\/avatar\/7f2c48bdc33b30088f941fb6082e555f2874c98e20cb159d7b92b50eadfce793?s=96&d=mm&r=g\",\"contentUrl\":\"https:\/\/secure.gravatar.com\/avatar\/7f2c48bdc33b30088f941fb6082e555f2874c98e20cb159d7b92b50eadfce793?s=96&d=mm&r=g\",\"caption\":\"ulises\"},\"sameAs\":[\"http:\/\/www.celttv.com.ar\"]}]}<\/script>\n<!-- \/ Yoast SEO plugin. -->","yoast_head_json":{"title":"BOMBEROS VOLUNTARIOS: EMOTIVA CELEBRACION DE LAS BODAS DE ORO (5 videos, testimonios, 97 fotos) - CELTTV","description":"Sitio web de noticias de la localidad de Tornquist, provincia de Buenos Aires, Rep\u00fablica Argentina. Contenido propio originado por periodistas de CELTTV, el canal de TV local de la Cooperativa El\u00e9ctrica de Tornquist. Turismo, Pol\u00edtica, Sociedad, Deporte, Cultura y todo el contenido de inter\u00e9s general que la gente del pueblo y la regi\u00f3n debe conocer.","robots":{"index":"index","follow":"follow","max-snippet":"max-snippet:-1","max-image-preview":"max-image-preview:large","max-video-preview":"max-video-preview:-1"},"canonical":"https:\/\/www.celttv.com.ar\/index.php\/2011\/10\/18\/bomberos-voluntarios-emotiva-celebracion-de-las-bodas-de-oro-5-videos-testimonios-97-fotos\/","og_locale":"es_ES","og_type":"article","og_title":"BOMBEROS VOLUNTARIOS: EMOTIVA CELEBRACION DE LAS BODAS DE ORO (5 videos, testimonios, 97 fotos) - CELTTV","og_description":"Sitio web de noticias de la localidad de Tornquist, provincia de Buenos Aires, Rep\u00fablica Argentina. Contenido propio originado por periodistas de CELTTV, el canal de TV local de la Cooperativa El\u00e9ctrica de Tornquist. Turismo, Pol\u00edtica, Sociedad, Deporte, Cultura y todo el contenido de inter\u00e9s general que la gente del pueblo y la regi\u00f3n debe conocer.","og_url":"https:\/\/www.celttv.com.ar\/index.php\/2011\/10\/18\/bomberos-voluntarios-emotiva-celebracion-de-las-bodas-de-oro-5-videos-testimonios-97-fotos\/","og_site_name":"CELTTV","article_publisher":"https:\/\/www.facebook.com\/celtTV\/","article_published_time":"2011-10-18T19:32:32+00:00","author":"ulises","twitter_card":"summary_large_image","twitter_misc":{"Escrito por":"ulises","Tiempo de lectura":"6 minutos"},"schema":{"@context":"https:\/\/schema.org","@graph":[{"@type":"NewsArticle","@id":"https:\/\/www.celttv.com.ar\/index.php\/2011\/10\/18\/bomberos-voluntarios-emotiva-celebracion-de-las-bodas-de-oro-5-videos-testimonios-97-fotos\/#article","isPartOf":{"@id":"https:\/\/www.celttv.com.ar\/index.php\/2011\/10\/18\/bomberos-voluntarios-emotiva-celebracion-de-las-bodas-de-oro-5-videos-testimonios-97-fotos\/"},"author":{"name":"ulises","@id":"https:\/\/www.celttv.com.ar\/#\/schema\/person\/6d99c072dba59953809c81446e9d0ace"},"headline":"BOMBEROS VOLUNTARIOS: EMOTIVA CELEBRACION DE LAS BODAS DE ORO (5 videos, testimonios, 97 fotos)","datePublished":"2011-10-18T19:32:32+00:00","dateModified":"2011-10-18T19:32:32+00:00","mainEntityOfPage":{"@id":"https:\/\/www.celttv.com.ar\/index.php\/2011\/10\/18\/bomberos-voluntarios-emotiva-celebracion-de-las-bodas-de-oro-5-videos-testimonios-97-fotos\/"},"wordCount":1268,"publisher":{"@id":"https:\/\/www.celttv.com.ar\/#organization"},"articleSection":["Comunidad","Destacadas","Videos Destacados"],"inLanguage":"es"},{"@type":"WebPage","@id":"https:\/\/www.celttv.com.ar\/index.php\/2011\/10\/18\/bomberos-voluntarios-emotiva-celebracion-de-las-bodas-de-oro-5-videos-testimonios-97-fotos\/","url":"https:\/\/www.celttv.com.ar\/index.php\/2011\/10\/18\/bomberos-voluntarios-emotiva-celebracion-de-las-bodas-de-oro-5-videos-testimonios-97-fotos\/","name":"BOMBEROS VOLUNTARIOS: EMOTIVA CELEBRACION DE LAS BODAS DE ORO (5 videos, testimonios, 97 fotos) - CELTTV","isPartOf":{"@id":"https:\/\/www.celttv.com.ar\/#website"},"datePublished":"2011-10-18T19:32:32+00:00","dateModified":"2011-10-18T19:32:32+00:00","description":"Sitio web de noticias de la localidad de Tornquist, provincia de Buenos Aires, Rep\u00fablica Argentina. Contenido propio originado por periodistas de CELTTV, el canal de TV local de la Cooperativa El\u00e9ctrica de Tornquist. Turismo, Pol\u00edtica, Sociedad, Deporte, Cultura y todo el contenido de inter\u00e9s general que la gente del pueblo y la regi\u00f3n debe conocer.","breadcrumb":{"@id":"https:\/\/www.celttv.com.ar\/index.php\/2011\/10\/18\/bomberos-voluntarios-emotiva-celebracion-de-las-bodas-de-oro-5-videos-testimonios-97-fotos\/#breadcrumb"},"inLanguage":"es","potentialAction":[{"@type":"ReadAction","target":["https:\/\/www.celttv.com.ar\/index.php\/2011\/10\/18\/bomberos-voluntarios-emotiva-celebracion-de-las-bodas-de-oro-5-videos-testimonios-97-fotos\/"]}]},{"@type":"BreadcrumbList","@id":"https:\/\/www.celttv.com.ar\/index.php\/2011\/10\/18\/bomberos-voluntarios-emotiva-celebracion-de-las-bodas-de-oro-5-videos-testimonios-97-fotos\/#breadcrumb","itemListElement":[{"@type":"ListItem","position":1,"name":"Inicio","item":"https:\/\/www.celttv.com.ar\/"},{"@type":"ListItem","position":2,"name":"BOMBEROS VOLUNTARIOS: EMOTIVA CELEBRACION DE LAS BODAS DE ORO (5 videos, testimonios, 97 fotos)"}]},{"@type":"WebSite","@id":"https:\/\/www.celttv.com.ar\/#website","url":"https:\/\/www.celttv.com.ar\/","name":"CELTTV","description":"Cooperativa El\u00e9ctrica de Tornquist","publisher":{"@id":"https:\/\/www.celttv.com.ar\/#organization"},"potentialAction":[{"@type":"SearchAction","target":{"@type":"EntryPoint","urlTemplate":"https:\/\/www.celttv.com.ar\/?s={search_term_string}"},"query-input":"required name=search_term_string"}],"inLanguage":"es"},{"@type":"Organization","@id":"https:\/\/www.celttv.com.ar\/#organization","name":"CELTTV","url":"https:\/\/www.celttv.com.ar\/","sameAs":["https:\/\/www.youtube.com\/channel\/UCz_oIt8Hig64Ub-EmcNPIhg","https:\/\/www.facebook.com\/celtTV\/"],"logo":{"@type":"ImageObject","inLanguage":"es","@id":"https:\/\/www.celttv.com.ar\/#\/schema\/logo\/image\/","url":"http:\/\/www.celttv.com.ar\/wp-content\/uploads\/2022\/08\/logo-1.png","contentUrl":"http:\/\/www.celttv.com.ar\/wp-content\/uploads\/2022\/08\/logo-1.png","width":461,"height":159,"caption":"CELTTV"},"image":{"@id":"https:\/\/www.celttv.com.ar\/#\/schema\/logo\/image\/"}},{"@type":"Person","@id":"https:\/\/www.celttv.com.ar\/#\/schema\/person\/6d99c072dba59953809c81446e9d0ace","name":"ulises","image":{"@type":"ImageObject","inLanguage":"es","@id":"https:\/\/www.celttv.com.ar\/#\/schema\/person\/image\/","url":"https:\/\/secure.gravatar.com\/avatar\/7f2c48bdc33b30088f941fb6082e555f2874c98e20cb159d7b92b50eadfce793?s=96&d=mm&r=g","contentUrl":"https:\/\/secure.gravatar.com\/avatar\/7f2c48bdc33b30088f941fb6082e555f2874c98e20cb159d7b92b50eadfce793?s=96&d=mm&r=g","caption":"ulises"},"sameAs":["http:\/\/www.celttv.com.ar"]}]}},"_links":{"self":[{"href":"https:\/\/www.celttv.com.ar\/index.php\/wp-json\/wp\/v2\/posts\/2486","targetHints":{"allow":["GET"]}}],"collection":[{"href":"https:\/\/www.celttv.com.ar\/index.php\/wp-json\/wp\/v2\/posts"}],"about":[{"href":"https:\/\/www.celttv.com.ar\/index.php\/wp-json\/wp\/v2\/types\/post"}],"author":[{"embeddable":true,"href":"https:\/\/www.celttv.com.ar\/index.php\/wp-json\/wp\/v2\/users\/1"}],"replies":[{"embeddable":true,"href":"https:\/\/www.celttv.com.ar\/index.php\/wp-json\/wp\/v2\/comments?post=2486"}],"version-history":[{"count":0,"href":"https:\/\/www.celttv.com.ar\/index.php\/wp-json\/wp\/v2\/posts\/2486\/revisions"}],"wp:attachment":[{"href":"https:\/\/www.celttv.com.ar\/index.php\/wp-json\/wp\/v2\/media?parent=2486"}],"wp:term":[{"taxonomy":"category","embeddable":true,"href":"https:\/\/www.celttv.com.ar\/index.php\/wp-json\/wp\/v2\/categories?post=2486"},{"taxonomy":"post_tag","embeddable":true,"href":"https:\/\/www.celttv.com.ar\/index.php\/wp-json\/wp\/v2\/tags?post=2486"}],"curies":[{"name":"wp","href":"https:\/\/api.w.org\/{rel}","templated":true}]}}