{"id":24871,"date":"2014-11-07T19:40:38","date_gmt":"2014-11-07T19:40:38","guid":{"rendered":"http:\/\/www.tvcnoticias.com.ar\/?p=24871"},"modified":"2014-11-07T19:40:38","modified_gmt":"2014-11-07T19:40:38","slug":"la-asociacion-civil-ciudades-sin-bullying-llega-a-tornquist","status":"publish","type":"post","link":"https:\/\/www.celttv.com.ar\/index.php\/2014\/11\/07\/la-asociacion-civil-ciudades-sin-bullying-llega-a-tornquist\/","title":{"rendered":"LA ASOCIACI\u00d3N CIVIL &#8220;CIUDADES SIN BULLYING&#8221; LLEGA A TORNQUIST"},"content":{"rendered":"<p><strong>Este lunes 17 de noviembre<\/strong><br \/>\nOrganizado por la Municipalidad de Tornquist y la Jefatura Distrital de Educaci\u00f3n, el evento se desarrollar\u00e1 este jueves 13 de noviembre a las 14.00 horas\u00a0 en el Teatro Municipal \u201cRodolfo Funke\u201d de la ciudad bonaerense de Tornquist. El mismo ser\u00e1 con entrada libre y gratuita.<br \/>\nLa disertaci\u00f3n sobre la prevenci\u00f3n del Bullying, a cargo de la doctora en Psicolog\u00eda Guillermina Rizzo, estar\u00e1 dirigida a padres, docentes de todos los niveles, equipos de orientaci\u00f3n escolar, servicios locales, comisarias, dirigentes de grupos scouts, referentes religiosos, profesionales de entidades deportivas, estudiantes avanzados, servicios de salud, entre otros.<br \/>\nDurante la ma\u00f1ana, integrantes del equipo t\u00e9cnico de Ciudades Sin Bullying desarrollar\u00e1n un taller con adolescentes de todas las Escuelas Secundarias del distrito, quienes luego de la actividad asumir\u00e1n el compromiso de realizar acciones comunitarias y multiplicar la informaci\u00f3n en distintos \u00e1mbitos, a su vez recibir\u00e1n la bandera de la ONG.<br \/>\n&nbsp;<br \/>\n<strong>La ciudad se pone en acci\u00f3n<\/strong><br \/>\nCabe mencionar que los profesionales que conforman <strong>Ciudades Sin Bullying<\/strong>, bajo la coordinaci\u00f3n de la doctora Guillermina Rizzo, recorren distintas ciudades del pa\u00eds\u00a0 con el firme objetivo de abordar la tem\u00e1tica del Bullying en su totalidad, su funcionamiento en los diferentes \u00e1mbitos de la vida cotidiana, sus repercusiones en la comunidad y las posibles soluciones. Las instituciones que se comprometen a abordar la tem\u00e1tica reciben la bandera de Ciudades Sin Bullying<strong> <\/strong><br \/>\n<strong> <\/strong><br \/>\n<strong>Contacto<\/strong><br \/>\nPor consultas y mayor informaci\u00f3n sobre qui\u00e9nes somos, qu\u00e9 hacemos y nuestros objetivos, pueden contactarse con nosotros a trav\u00e9s de:<br \/>\n: \/CiudadesSinBullying<br \/>\n: @guillerrizo<br \/>\nTel\u00e9fono: 0221-154205006<br \/>\n&nbsp;<br \/>\nEl libro<em>&#8220;Violencia Escolar, Un Modelo Para Des-Armar&#8221;<\/em>, escrito por la Dra. Rizzo, que aborda con profundidad la tem\u00e1tica del Bullying, se encuentra disponible de forma gratuita en: <a href=\"http:\/\/www.guillerminarizzo.com\/libros\">www.guillerminarizzo.com\/libros<\/a> completando con sus datos el formulario de descarga.<br \/>\n<strong>Equipo de Ciudades Sin Bullying<\/strong>: Lic. Catalina Otero, Lic. Valeria Minor, -Psic\u00f3logas-. Lic. Carmen Pascual -Psicopedagoga-. Santiago Marangoni \u2013Actor-.<br \/>\n&nbsp;<br \/>\n&nbsp;<br \/>\n&nbsp;<br \/>\n&nbsp;<\/p>\n","protected":false},"excerpt":{"rendered":"<p>Este lunes 17 de noviembre Organizado por la Municipalidad de Tornquist y la Jefatura Distrital de Educaci\u00f3n, el evento se desarrollar\u00e1 este jueves 13 de noviembre a las 14.00 horas\u00a0 en el Teatro Municipal \u201cRodolfo Funke\u201d de la ciudad bonaerense de Tornquist. El mismo ser\u00e1 con entrada libre y gratuita. La disertaci\u00f3n sobre la prevenci\u00f3n [&hellip;]<\/p>\n","protected":false},"author":1,"featured_media":0,"comment_status":"closed","ping_status":"open","sticky":false,"template":"","format":"standard","meta":{"footnotes":""},"categories":[51,52,53],"tags":[],"class_list":["post-24871","post","type-post","status-publish","format-standard","hentry","category-comunidad","category-destacadas","category-politica"],"yoast_head":"<!-- This site is optimized with the Yoast SEO plugin v19.7.1 - https:\/\/yoast.com\/wordpress\/plugins\/seo\/ -->\n<title>LA ASOCIACI\u00d3N CIVIL &quot;CIUDADES SIN BULLYING&quot; LLEGA A TORNQUIST - CELTTV<\/title>\n<meta name=\"description\" content=\"Sitio web de noticias de la localidad de Tornquist, provincia de Buenos Aires, Rep\u00fablica Argentina. Contenido propio originado por periodistas de CELTTV, el canal de TV local de la Cooperativa El\u00e9ctrica de Tornquist. Turismo, Pol\u00edtica, Sociedad, Deporte, Cultura y todo el contenido de inter\u00e9s general que la gente del pueblo y la regi\u00f3n debe conocer.\" \/>\n<meta name=\"robots\" content=\"index, follow, max-snippet:-1, max-image-preview:large, max-video-preview:-1\" \/>\n<link rel=\"canonical\" href=\"https:\/\/www.celttv.com.ar\/index.php\/2014\/11\/07\/la-asociacion-civil-ciudades-sin-bullying-llega-a-tornquist\/\" \/>\n<meta property=\"og:locale\" content=\"es_ES\" \/>\n<meta property=\"og:type\" content=\"article\" \/>\n<meta property=\"og:title\" content=\"LA ASOCIACI\u00d3N CIVIL &quot;CIUDADES SIN BULLYING&quot; LLEGA A TORNQUIST - CELTTV\" \/>\n<meta property=\"og:description\" content=\"Sitio web de noticias de la localidad de Tornquist, provincia de Buenos Aires, Rep\u00fablica Argentina. Contenido propio originado por periodistas de CELTTV, el canal de TV local de la Cooperativa El\u00e9ctrica de Tornquist. Turismo, Pol\u00edtica, Sociedad, Deporte, Cultura y todo el contenido de inter\u00e9s general que la gente del pueblo y la regi\u00f3n debe conocer.\" \/>\n<meta property=\"og:url\" content=\"https:\/\/www.celttv.com.ar\/index.php\/2014\/11\/07\/la-asociacion-civil-ciudades-sin-bullying-llega-a-tornquist\/\" \/>\n<meta property=\"og:site_name\" content=\"CELTTV\" \/>\n<meta property=\"article:publisher\" content=\"https:\/\/www.facebook.com\/celtTV\/\" \/>\n<meta property=\"article:published_time\" content=\"2014-11-07T19:40:38+00:00\" \/>\n<meta name=\"author\" content=\"ulises\" \/>\n<meta name=\"twitter:card\" content=\"summary_large_image\" \/>\n<meta name=\"twitter:label1\" content=\"Escrito por\" \/>\n\t<meta name=\"twitter:data1\" content=\"ulises\" \/>\n\t<meta name=\"twitter:label2\" content=\"Tiempo de lectura\" \/>\n\t<meta name=\"twitter:data2\" content=\"2 minutos\" \/>\n<script type=\"application\/ld+json\" class=\"yoast-schema-graph\">{\"@context\":\"https:\/\/schema.org\",\"@graph\":[{\"@type\":\"NewsArticle\",\"@id\":\"https:\/\/www.celttv.com.ar\/index.php\/2014\/11\/07\/la-asociacion-civil-ciudades-sin-bullying-llega-a-tornquist\/#article\",\"isPartOf\":{\"@id\":\"https:\/\/www.celttv.com.ar\/index.php\/2014\/11\/07\/la-asociacion-civil-ciudades-sin-bullying-llega-a-tornquist\/\"},\"author\":{\"name\":\"ulises\",\"@id\":\"https:\/\/www.celttv.com.ar\/#\/schema\/person\/6d99c072dba59953809c81446e9d0ace\"},\"headline\":\"LA ASOCIACI\u00d3N CIVIL &#8220;CIUDADES SIN BULLYING&#8221; LLEGA A TORNQUIST\",\"datePublished\":\"2014-11-07T19:40:38+00:00\",\"dateModified\":\"2014-11-07T19:40:38+00:00\",\"mainEntityOfPage\":{\"@id\":\"https:\/\/www.celttv.com.ar\/index.php\/2014\/11\/07\/la-asociacion-civil-ciudades-sin-bullying-llega-a-tornquist\/\"},\"wordCount\":346,\"publisher\":{\"@id\":\"https:\/\/www.celttv.com.ar\/#organization\"},\"articleSection\":[\"Comunidad\",\"Destacadas\",\"Pol\u00edtica\"],\"inLanguage\":\"es\"},{\"@type\":\"WebPage\",\"@id\":\"https:\/\/www.celttv.com.ar\/index.php\/2014\/11\/07\/la-asociacion-civil-ciudades-sin-bullying-llega-a-tornquist\/\",\"url\":\"https:\/\/www.celttv.com.ar\/index.php\/2014\/11\/07\/la-asociacion-civil-ciudades-sin-bullying-llega-a-tornquist\/\",\"name\":\"LA ASOCIACI\u00d3N CIVIL \\\"CIUDADES SIN BULLYING\\\" LLEGA A TORNQUIST - CELTTV\",\"isPartOf\":{\"@id\":\"https:\/\/www.celttv.com.ar\/#website\"},\"datePublished\":\"2014-11-07T19:40:38+00:00\",\"dateModified\":\"2014-11-07T19:40:38+00:00\",\"description\":\"Sitio web de noticias de la localidad de Tornquist, provincia de Buenos Aires, Rep\u00fablica Argentina. Contenido propio originado por periodistas de CELTTV, el canal de TV local de la Cooperativa El\u00e9ctrica de Tornquist. Turismo, Pol\u00edtica, Sociedad, Deporte, Cultura y todo el contenido de inter\u00e9s general que la gente del pueblo y la regi\u00f3n debe conocer.\",\"breadcrumb\":{\"@id\":\"https:\/\/www.celttv.com.ar\/index.php\/2014\/11\/07\/la-asociacion-civil-ciudades-sin-bullying-llega-a-tornquist\/#breadcrumb\"},\"inLanguage\":\"es\",\"potentialAction\":[{\"@type\":\"ReadAction\",\"target\":[\"https:\/\/www.celttv.com.ar\/index.php\/2014\/11\/07\/la-asociacion-civil-ciudades-sin-bullying-llega-a-tornquist\/\"]}]},{\"@type\":\"BreadcrumbList\",\"@id\":\"https:\/\/www.celttv.com.ar\/index.php\/2014\/11\/07\/la-asociacion-civil-ciudades-sin-bullying-llega-a-tornquist\/#breadcrumb\",\"itemListElement\":[{\"@type\":\"ListItem\",\"position\":1,\"name\":\"Inicio\",\"item\":\"https:\/\/www.celttv.com.ar\/\"},{\"@type\":\"ListItem\",\"position\":2,\"name\":\"LA ASOCIACI\u00d3N CIVIL &#8220;CIUDADES SIN BULLYING&#8221; LLEGA A TORNQUIST\"}]},{\"@type\":\"WebSite\",\"@id\":\"https:\/\/www.celttv.com.ar\/#website\",\"url\":\"https:\/\/www.celttv.com.ar\/\",\"name\":\"CELTTV\",\"description\":\"Cooperativa El\u00e9ctrica de Tornquist\",\"publisher\":{\"@id\":\"https:\/\/www.celttv.com.ar\/#organization\"},\"potentialAction\":[{\"@type\":\"SearchAction\",\"target\":{\"@type\":\"EntryPoint\",\"urlTemplate\":\"https:\/\/www.celttv.com.ar\/?s={search_term_string}\"},\"query-input\":\"required name=search_term_string\"}],\"inLanguage\":\"es\"},{\"@type\":\"Organization\",\"@id\":\"https:\/\/www.celttv.com.ar\/#organization\",\"name\":\"CELTTV\",\"url\":\"https:\/\/www.celttv.com.ar\/\",\"sameAs\":[\"https:\/\/www.youtube.com\/channel\/UCz_oIt8Hig64Ub-EmcNPIhg\",\"https:\/\/www.facebook.com\/celtTV\/\"],\"logo\":{\"@type\":\"ImageObject\",\"inLanguage\":\"es\",\"@id\":\"https:\/\/www.celttv.com.ar\/#\/schema\/logo\/image\/\",\"url\":\"http:\/\/www.celttv.com.ar\/wp-content\/uploads\/2022\/08\/logo-1.png\",\"contentUrl\":\"http:\/\/www.celttv.com.ar\/wp-content\/uploads\/2022\/08\/logo-1.png\",\"width\":461,\"height\":159,\"caption\":\"CELTTV\"},\"image\":{\"@id\":\"https:\/\/www.celttv.com.ar\/#\/schema\/logo\/image\/\"}},{\"@type\":\"Person\",\"@id\":\"https:\/\/www.celttv.com.ar\/#\/schema\/person\/6d99c072dba59953809c81446e9d0ace\",\"name\":\"ulises\",\"image\":{\"@type\":\"ImageObject\",\"inLanguage\":\"es\",\"@id\":\"https:\/\/www.celttv.com.ar\/#\/schema\/person\/image\/\",\"url\":\"https:\/\/secure.gravatar.com\/avatar\/7f2c48bdc33b30088f941fb6082e555f2874c98e20cb159d7b92b50eadfce793?s=96&d=mm&r=g\",\"contentUrl\":\"https:\/\/secure.gravatar.com\/avatar\/7f2c48bdc33b30088f941fb6082e555f2874c98e20cb159d7b92b50eadfce793?s=96&d=mm&r=g\",\"caption\":\"ulises\"},\"sameAs\":[\"http:\/\/www.celttv.com.ar\"]}]}<\/script>\n<!-- \/ Yoast SEO plugin. -->","yoast_head_json":{"title":"LA ASOCIACI\u00d3N CIVIL \"CIUDADES SIN BULLYING\" LLEGA A TORNQUIST - CELTTV","description":"Sitio web de noticias de la localidad de Tornquist, provincia de Buenos Aires, Rep\u00fablica Argentina. Contenido propio originado por periodistas de CELTTV, el canal de TV local de la Cooperativa El\u00e9ctrica de Tornquist. Turismo, Pol\u00edtica, Sociedad, Deporte, Cultura y todo el contenido de inter\u00e9s general que la gente del pueblo y la regi\u00f3n debe conocer.","robots":{"index":"index","follow":"follow","max-snippet":"max-snippet:-1","max-image-preview":"max-image-preview:large","max-video-preview":"max-video-preview:-1"},"canonical":"https:\/\/www.celttv.com.ar\/index.php\/2014\/11\/07\/la-asociacion-civil-ciudades-sin-bullying-llega-a-tornquist\/","og_locale":"es_ES","og_type":"article","og_title":"LA ASOCIACI\u00d3N CIVIL \"CIUDADES SIN BULLYING\" LLEGA A TORNQUIST - CELTTV","og_description":"Sitio web de noticias de la localidad de Tornquist, provincia de Buenos Aires, Rep\u00fablica Argentina. Contenido propio originado por periodistas de CELTTV, el canal de TV local de la Cooperativa El\u00e9ctrica de Tornquist. Turismo, Pol\u00edtica, Sociedad, Deporte, Cultura y todo el contenido de inter\u00e9s general que la gente del pueblo y la regi\u00f3n debe conocer.","og_url":"https:\/\/www.celttv.com.ar\/index.php\/2014\/11\/07\/la-asociacion-civil-ciudades-sin-bullying-llega-a-tornquist\/","og_site_name":"CELTTV","article_publisher":"https:\/\/www.facebook.com\/celtTV\/","article_published_time":"2014-11-07T19:40:38+00:00","author":"ulises","twitter_card":"summary_large_image","twitter_misc":{"Escrito por":"ulises","Tiempo de lectura":"2 minutos"},"schema":{"@context":"https:\/\/schema.org","@graph":[{"@type":"NewsArticle","@id":"https:\/\/www.celttv.com.ar\/index.php\/2014\/11\/07\/la-asociacion-civil-ciudades-sin-bullying-llega-a-tornquist\/#article","isPartOf":{"@id":"https:\/\/www.celttv.com.ar\/index.php\/2014\/11\/07\/la-asociacion-civil-ciudades-sin-bullying-llega-a-tornquist\/"},"author":{"name":"ulises","@id":"https:\/\/www.celttv.com.ar\/#\/schema\/person\/6d99c072dba59953809c81446e9d0ace"},"headline":"LA ASOCIACI\u00d3N CIVIL &#8220;CIUDADES SIN BULLYING&#8221; LLEGA A TORNQUIST","datePublished":"2014-11-07T19:40:38+00:00","dateModified":"2014-11-07T19:40:38+00:00","mainEntityOfPage":{"@id":"https:\/\/www.celttv.com.ar\/index.php\/2014\/11\/07\/la-asociacion-civil-ciudades-sin-bullying-llega-a-tornquist\/"},"wordCount":346,"publisher":{"@id":"https:\/\/www.celttv.com.ar\/#organization"},"articleSection":["Comunidad","Destacadas","Pol\u00edtica"],"inLanguage":"es"},{"@type":"WebPage","@id":"https:\/\/www.celttv.com.ar\/index.php\/2014\/11\/07\/la-asociacion-civil-ciudades-sin-bullying-llega-a-tornquist\/","url":"https:\/\/www.celttv.com.ar\/index.php\/2014\/11\/07\/la-asociacion-civil-ciudades-sin-bullying-llega-a-tornquist\/","name":"LA ASOCIACI\u00d3N CIVIL \"CIUDADES SIN BULLYING\" LLEGA A TORNQUIST - CELTTV","isPartOf":{"@id":"https:\/\/www.celttv.com.ar\/#website"},"datePublished":"2014-11-07T19:40:38+00:00","dateModified":"2014-11-07T19:40:38+00:00","description":"Sitio web de noticias de la localidad de Tornquist, provincia de Buenos Aires, Rep\u00fablica Argentina. Contenido propio originado por periodistas de CELTTV, el canal de TV local de la Cooperativa El\u00e9ctrica de Tornquist. Turismo, Pol\u00edtica, Sociedad, Deporte, Cultura y todo el contenido de inter\u00e9s general que la gente del pueblo y la regi\u00f3n debe conocer.","breadcrumb":{"@id":"https:\/\/www.celttv.com.ar\/index.php\/2014\/11\/07\/la-asociacion-civil-ciudades-sin-bullying-llega-a-tornquist\/#breadcrumb"},"inLanguage":"es","potentialAction":[{"@type":"ReadAction","target":["https:\/\/www.celttv.com.ar\/index.php\/2014\/11\/07\/la-asociacion-civil-ciudades-sin-bullying-llega-a-tornquist\/"]}]},{"@type":"BreadcrumbList","@id":"https:\/\/www.celttv.com.ar\/index.php\/2014\/11\/07\/la-asociacion-civil-ciudades-sin-bullying-llega-a-tornquist\/#breadcrumb","itemListElement":[{"@type":"ListItem","position":1,"name":"Inicio","item":"https:\/\/www.celttv.com.ar\/"},{"@type":"ListItem","position":2,"name":"LA ASOCIACI\u00d3N CIVIL &#8220;CIUDADES SIN BULLYING&#8221; LLEGA A TORNQUIST"}]},{"@type":"WebSite","@id":"https:\/\/www.celttv.com.ar\/#website","url":"https:\/\/www.celttv.com.ar\/","name":"CELTTV","description":"Cooperativa El\u00e9ctrica de Tornquist","publisher":{"@id":"https:\/\/www.celttv.com.ar\/#organization"},"potentialAction":[{"@type":"SearchAction","target":{"@type":"EntryPoint","urlTemplate":"https:\/\/www.celttv.com.ar\/?s={search_term_string}"},"query-input":"required name=search_term_string"}],"inLanguage":"es"},{"@type":"Organization","@id":"https:\/\/www.celttv.com.ar\/#organization","name":"CELTTV","url":"https:\/\/www.celttv.com.ar\/","sameAs":["https:\/\/www.youtube.com\/channel\/UCz_oIt8Hig64Ub-EmcNPIhg","https:\/\/www.facebook.com\/celtTV\/"],"logo":{"@type":"ImageObject","inLanguage":"es","@id":"https:\/\/www.celttv.com.ar\/#\/schema\/logo\/image\/","url":"http:\/\/www.celttv.com.ar\/wp-content\/uploads\/2022\/08\/logo-1.png","contentUrl":"http:\/\/www.celttv.com.ar\/wp-content\/uploads\/2022\/08\/logo-1.png","width":461,"height":159,"caption":"CELTTV"},"image":{"@id":"https:\/\/www.celttv.com.ar\/#\/schema\/logo\/image\/"}},{"@type":"Person","@id":"https:\/\/www.celttv.com.ar\/#\/schema\/person\/6d99c072dba59953809c81446e9d0ace","name":"ulises","image":{"@type":"ImageObject","inLanguage":"es","@id":"https:\/\/www.celttv.com.ar\/#\/schema\/person\/image\/","url":"https:\/\/secure.gravatar.com\/avatar\/7f2c48bdc33b30088f941fb6082e555f2874c98e20cb159d7b92b50eadfce793?s=96&d=mm&r=g","contentUrl":"https:\/\/secure.gravatar.com\/avatar\/7f2c48bdc33b30088f941fb6082e555f2874c98e20cb159d7b92b50eadfce793?s=96&d=mm&r=g","caption":"ulises"},"sameAs":["http:\/\/www.celttv.com.ar"]}]}},"_links":{"self":[{"href":"https:\/\/www.celttv.com.ar\/index.php\/wp-json\/wp\/v2\/posts\/24871","targetHints":{"allow":["GET"]}}],"collection":[{"href":"https:\/\/www.celttv.com.ar\/index.php\/wp-json\/wp\/v2\/posts"}],"about":[{"href":"https:\/\/www.celttv.com.ar\/index.php\/wp-json\/wp\/v2\/types\/post"}],"author":[{"embeddable":true,"href":"https:\/\/www.celttv.com.ar\/index.php\/wp-json\/wp\/v2\/users\/1"}],"replies":[{"embeddable":true,"href":"https:\/\/www.celttv.com.ar\/index.php\/wp-json\/wp\/v2\/comments?post=24871"}],"version-history":[{"count":0,"href":"https:\/\/www.celttv.com.ar\/index.php\/wp-json\/wp\/v2\/posts\/24871\/revisions"}],"wp:attachment":[{"href":"https:\/\/www.celttv.com.ar\/index.php\/wp-json\/wp\/v2\/media?parent=24871"}],"wp:term":[{"taxonomy":"category","embeddable":true,"href":"https:\/\/www.celttv.com.ar\/index.php\/wp-json\/wp\/v2\/categories?post=24871"},{"taxonomy":"post_tag","embeddable":true,"href":"https:\/\/www.celttv.com.ar\/index.php\/wp-json\/wp\/v2\/tags?post=24871"}],"curies":[{"name":"wp","href":"https:\/\/api.w.org\/{rel}","templated":true}]}}