{"id":24928,"date":"2014-11-09T14:42:16","date_gmt":"2014-11-09T14:42:16","guid":{"rendered":"http:\/\/www.tvcnoticias.com.ar\/?p=24928"},"modified":"2014-11-09T14:42:16","modified_gmt":"2014-11-09T14:42:16","slug":"realizan-en-tornquist-la-campana-para-los-inundados-de-lujan","status":"publish","type":"post","link":"https:\/\/www.celttv.com.ar\/index.php\/2014\/11\/09\/realizan-en-tornquist-la-campana-para-los-inundados-de-lujan\/","title":{"rendered":"REALIZAN EN TORNQUIST LA CAMPA\u00d1A PARA LOS INUNDADOS DE LUJAN"},"content":{"rendered":"<p><a rel=\"attachment wp-att-24934\" href=\"http:\/\/www.tvcnoticias.com.ar\/?attachment_id=24934\"><img loading=\"lazy\" decoding=\"async\" class=\"aligncenter size-medium wp-image-24934\" title=\"lujanfotos (Medium)\" src=\"http:\/\/www.tvcnoticias.com.ar\/wp-content\/uploads\/2014\/11\/lujanfotos-Medium-450x300.jpg\" alt=\"\" width=\"450\" height=\"300\" \/><\/a><br \/>\nSe recibir\u00e1n durante los pr\u00f3ximos d\u00edas alimentos y art\u00edculos de limpieza como as\u00ed tambi\u00e9n agua mineral. Laura Sigismondi y Natalia Bordoni son las referentes y quienes decidieron esta iniciativa solidaria.<br \/>\nDurante el pasado s\u00e1bado en el domicilio de Natalia Bordoni se reciben donaciones para los vecinos inundados de Luj\u00e1n. La campa\u00f1a continuar\u00e1 durante toda la semana y se solicita la colaboraci\u00f3n de un transporte para llevar la mercader\u00eda.<br \/>\nALIMENTOS NO PERECEDEROS COMO: FIDEOS, ARROZ, POLENTA, SALSA, ENLATADOS, HARINA, Etc.<br \/>\n\u00b7\u00a0\u00a0\u00a0\u00a0\u00a0\u00a0\u00a0\u00a0\u00a0AGUA MINERAL<br \/>\n\u00b7\u00a0\u00a0\u00a0\u00a0\u00a0\u00a0\u00a0\u00a0\u00a0LECHE LARGA VIDA<br \/>\n\u00b7\u00a0 \u00a0 \u00a0 \u00a0 \u00a0ART\u00cdCULOS\u00a0DE HIGIENE PERSONAL COMO: PAPEL\u00a0HIGI\u00c9NICO, SCHAMPOO, JABON , ETC.<br \/>\n\u00b7\u00a0\u00a0\u00a0\u00a0\u00a0\u00a0\u00a0\u00a0\u00a0ALCOHOL<br \/>\n\u00b7\u00a0 \u00a0 \u00a0 \u00a0 \u00a0ALCOHOL\u00a0EN GEL<br \/>\n\u00b7\u00a0\u00a0\u00a0\u00a0\u00a0\u00a0\u00a0\u00a0\u00a0ART. DE LIMPIEZA COMO: LAVANDINA, DETERGENTE, TRAPOS DE PISO, TRAPOS\u00a0REJILLA\u00a0ETC.<br \/>\n\u00b7\u00a0\u00a0\u00a0\u00a0\u00a0\u00a0\u00a0\u00a0\u00a0PA\u00d1ALES<br \/>\n\u00b7\u00a0\u00a0\u00a0\u00a0\u00a0\u00a0\u00a0\u00a0\u00a0TOALLITAS\u00a0HIGI\u00c9NICAS\u00a0PARA BEBE<br \/>\n\u00b7\u00a0\u00a0\u00a0\u00a0\u00a0\u00a0\u00a0\u00a0\u00a0ROPA<br \/>\n\u00b7\u00a0\u00a0\u00a0\u00a0\u00a0\u00a0\u00a0\u00a0\u00a0FRAZADAS<br \/>\n\u00b7\u00a0\u00a0\u00a0\u00a0\u00a0\u00a0\u00a0\u00a0\u00a0COLCHONES.<br \/>\n&nbsp;<br \/>\nTAMBI\u00c9N\u00a0NECESITAMOS CONSEGUIR TRANSPORTE Y\u00a0DONACI\u00d3N\u00a0DE LITROS DE COMBUSTIBLE<br \/>\n&nbsp;<br \/>\nDESDE YA MUCHAS GRACIAS!!!<br \/>\nLAS DONACIONES SE PUEDEN ALCANZAR \u00a0A 9 DE JULIO 842 DURANTE ESTOS DIAS<br \/>\nY EL\u00a0S\u00c1BADO\u00a08 DE NOVIEMBRE DE 9 A 13 HS\u00a0\u00a0ESTAREMOS\u00a0TAMBI\u00c9N\u00a0RECIBIENDO DONACIONES<br \/>\nO \u00a0COMUNICARSE CON LOS CELULARES:<br \/>\n0291 155091077\u00a0 NATALIA BORDONI<br \/>\n0291 155323081 VANESA ANTINORI<br \/>\n0291 154638433\u00a0\u00a0NATALIA PILMATIRI<br \/>\n0291\u00a0 154123003 LAURA SIGISMONDI<br \/>\n[audio:http:\/\/www.tvcnoticias.com.ar\/wp-content\/uploads\/2014\/11\/Laura-Sigismondi-y-Natalia-Bordoni.mp3|titles=Laura Sigismondi y Natalia Bordoni]<br \/>\n&nbsp;<\/p>\n","protected":false},"excerpt":{"rendered":"<p>Se recibir\u00e1n durante los pr\u00f3ximos d\u00edas alimentos y art\u00edculos de limpieza como as\u00ed tambi\u00e9n agua mineral. Laura Sigismondi y Natalia Bordoni son las referentes y quienes decidieron esta iniciativa solidaria. Durante el pasado s\u00e1bado en el domicilio de Natalia Bordoni se reciben donaciones para los vecinos inundados de Luj\u00e1n. La campa\u00f1a continuar\u00e1 durante toda la [&hellip;]<\/p>\n","protected":false},"author":1,"featured_media":0,"comment_status":"closed","ping_status":"open","sticky":false,"template":"","format":"standard","meta":{"footnotes":""},"categories":[51,52],"tags":[],"class_list":["post-24928","post","type-post","status-publish","format-standard","hentry","category-comunidad","category-destacadas"],"yoast_head":"<!-- This site is optimized with the Yoast SEO plugin v19.7.1 - https:\/\/yoast.com\/wordpress\/plugins\/seo\/ -->\n<title>REALIZAN EN TORNQUIST LA CAMPA\u00d1A PARA LOS INUNDADOS DE LUJAN - CELTTV<\/title>\n<meta name=\"description\" content=\"Sitio web de noticias de la localidad de Tornquist, provincia de Buenos Aires, Rep\u00fablica Argentina. Contenido propio originado por periodistas de CELTTV, el canal de TV local de la Cooperativa El\u00e9ctrica de Tornquist. Turismo, Pol\u00edtica, Sociedad, Deporte, Cultura y todo el contenido de inter\u00e9s general que la gente del pueblo y la regi\u00f3n debe conocer.\" \/>\n<meta name=\"robots\" content=\"index, follow, max-snippet:-1, max-image-preview:large, max-video-preview:-1\" \/>\n<link rel=\"canonical\" href=\"https:\/\/www.celttv.com.ar\/index.php\/2014\/11\/09\/realizan-en-tornquist-la-campana-para-los-inundados-de-lujan\/\" \/>\n<meta property=\"og:locale\" content=\"es_ES\" \/>\n<meta property=\"og:type\" content=\"article\" \/>\n<meta property=\"og:title\" content=\"REALIZAN EN TORNQUIST LA CAMPA\u00d1A PARA LOS INUNDADOS DE LUJAN - CELTTV\" \/>\n<meta property=\"og:description\" content=\"Sitio web de noticias de la localidad de Tornquist, provincia de Buenos Aires, Rep\u00fablica Argentina. Contenido propio originado por periodistas de CELTTV, el canal de TV local de la Cooperativa El\u00e9ctrica de Tornquist. Turismo, Pol\u00edtica, Sociedad, Deporte, Cultura y todo el contenido de inter\u00e9s general que la gente del pueblo y la regi\u00f3n debe conocer.\" \/>\n<meta property=\"og:url\" content=\"https:\/\/www.celttv.com.ar\/index.php\/2014\/11\/09\/realizan-en-tornquist-la-campana-para-los-inundados-de-lujan\/\" \/>\n<meta property=\"og:site_name\" content=\"CELTTV\" \/>\n<meta property=\"article:publisher\" content=\"https:\/\/www.facebook.com\/celtTV\/\" \/>\n<meta property=\"article:published_time\" content=\"2014-11-09T14:42:16+00:00\" \/>\n<meta property=\"og:image\" content=\"http:\/\/www.tvcnoticias.com.ar\/wp-content\/uploads\/2014\/11\/lujanfotos-Medium-450x300.jpg\" \/>\n<meta name=\"author\" content=\"ulises\" \/>\n<meta name=\"twitter:card\" content=\"summary_large_image\" \/>\n<meta name=\"twitter:label1\" content=\"Escrito por\" \/>\n\t<meta name=\"twitter:data1\" content=\"ulises\" \/>\n\t<meta name=\"twitter:label2\" content=\"Tiempo de lectura\" \/>\n\t<meta name=\"twitter:data2\" content=\"1 minuto\" \/>\n<script type=\"application\/ld+json\" class=\"yoast-schema-graph\">{\"@context\":\"https:\/\/schema.org\",\"@graph\":[{\"@type\":\"NewsArticle\",\"@id\":\"https:\/\/www.celttv.com.ar\/index.php\/2014\/11\/09\/realizan-en-tornquist-la-campana-para-los-inundados-de-lujan\/#article\",\"isPartOf\":{\"@id\":\"https:\/\/www.celttv.com.ar\/index.php\/2014\/11\/09\/realizan-en-tornquist-la-campana-para-los-inundados-de-lujan\/\"},\"author\":{\"name\":\"ulises\",\"@id\":\"https:\/\/www.celttv.com.ar\/#\/schema\/person\/6d99c072dba59953809c81446e9d0ace\"},\"headline\":\"REALIZAN EN TORNQUIST LA CAMPA\u00d1A PARA LOS INUNDADOS DE LUJAN\",\"datePublished\":\"2014-11-09T14:42:16+00:00\",\"dateModified\":\"2014-11-09T14:42:16+00:00\",\"mainEntityOfPage\":{\"@id\":\"https:\/\/www.celttv.com.ar\/index.php\/2014\/11\/09\/realizan-en-tornquist-la-campana-para-los-inundados-de-lujan\/\"},\"wordCount\":220,\"publisher\":{\"@id\":\"https:\/\/www.celttv.com.ar\/#organization\"},\"articleSection\":[\"Comunidad\",\"Destacadas\"],\"inLanguage\":\"es\"},{\"@type\":\"WebPage\",\"@id\":\"https:\/\/www.celttv.com.ar\/index.php\/2014\/11\/09\/realizan-en-tornquist-la-campana-para-los-inundados-de-lujan\/\",\"url\":\"https:\/\/www.celttv.com.ar\/index.php\/2014\/11\/09\/realizan-en-tornquist-la-campana-para-los-inundados-de-lujan\/\",\"name\":\"REALIZAN EN TORNQUIST LA CAMPA\u00d1A PARA LOS INUNDADOS DE LUJAN - CELTTV\",\"isPartOf\":{\"@id\":\"https:\/\/www.celttv.com.ar\/#website\"},\"datePublished\":\"2014-11-09T14:42:16+00:00\",\"dateModified\":\"2014-11-09T14:42:16+00:00\",\"description\":\"Sitio web de noticias de la localidad de Tornquist, provincia de Buenos Aires, Rep\u00fablica Argentina. Contenido propio originado por periodistas de CELTTV, el canal de TV local de la Cooperativa El\u00e9ctrica de Tornquist. Turismo, Pol\u00edtica, Sociedad, Deporte, Cultura y todo el contenido de inter\u00e9s general que la gente del pueblo y la regi\u00f3n debe conocer.\",\"breadcrumb\":{\"@id\":\"https:\/\/www.celttv.com.ar\/index.php\/2014\/11\/09\/realizan-en-tornquist-la-campana-para-los-inundados-de-lujan\/#breadcrumb\"},\"inLanguage\":\"es\",\"potentialAction\":[{\"@type\":\"ReadAction\",\"target\":[\"https:\/\/www.celttv.com.ar\/index.php\/2014\/11\/09\/realizan-en-tornquist-la-campana-para-los-inundados-de-lujan\/\"]}]},{\"@type\":\"BreadcrumbList\",\"@id\":\"https:\/\/www.celttv.com.ar\/index.php\/2014\/11\/09\/realizan-en-tornquist-la-campana-para-los-inundados-de-lujan\/#breadcrumb\",\"itemListElement\":[{\"@type\":\"ListItem\",\"position\":1,\"name\":\"Inicio\",\"item\":\"https:\/\/www.celttv.com.ar\/\"},{\"@type\":\"ListItem\",\"position\":2,\"name\":\"REALIZAN EN TORNQUIST LA CAMPA\u00d1A PARA LOS INUNDADOS DE LUJAN\"}]},{\"@type\":\"WebSite\",\"@id\":\"https:\/\/www.celttv.com.ar\/#website\",\"url\":\"https:\/\/www.celttv.com.ar\/\",\"name\":\"CELTTV\",\"description\":\"Cooperativa El\u00e9ctrica de Tornquist\",\"publisher\":{\"@id\":\"https:\/\/www.celttv.com.ar\/#organization\"},\"potentialAction\":[{\"@type\":\"SearchAction\",\"target\":{\"@type\":\"EntryPoint\",\"urlTemplate\":\"https:\/\/www.celttv.com.ar\/?s={search_term_string}\"},\"query-input\":\"required name=search_term_string\"}],\"inLanguage\":\"es\"},{\"@type\":\"Organization\",\"@id\":\"https:\/\/www.celttv.com.ar\/#organization\",\"name\":\"CELTTV\",\"url\":\"https:\/\/www.celttv.com.ar\/\",\"sameAs\":[\"https:\/\/www.youtube.com\/channel\/UCz_oIt8Hig64Ub-EmcNPIhg\",\"https:\/\/www.facebook.com\/celtTV\/\"],\"logo\":{\"@type\":\"ImageObject\",\"inLanguage\":\"es\",\"@id\":\"https:\/\/www.celttv.com.ar\/#\/schema\/logo\/image\/\",\"url\":\"http:\/\/www.celttv.com.ar\/wp-content\/uploads\/2022\/08\/logo-1.png\",\"contentUrl\":\"http:\/\/www.celttv.com.ar\/wp-content\/uploads\/2022\/08\/logo-1.png\",\"width\":461,\"height\":159,\"caption\":\"CELTTV\"},\"image\":{\"@id\":\"https:\/\/www.celttv.com.ar\/#\/schema\/logo\/image\/\"}},{\"@type\":\"Person\",\"@id\":\"https:\/\/www.celttv.com.ar\/#\/schema\/person\/6d99c072dba59953809c81446e9d0ace\",\"name\":\"ulises\",\"image\":{\"@type\":\"ImageObject\",\"inLanguage\":\"es\",\"@id\":\"https:\/\/www.celttv.com.ar\/#\/schema\/person\/image\/\",\"url\":\"https:\/\/secure.gravatar.com\/avatar\/7f2c48bdc33b30088f941fb6082e555f2874c98e20cb159d7b92b50eadfce793?s=96&d=mm&r=g\",\"contentUrl\":\"https:\/\/secure.gravatar.com\/avatar\/7f2c48bdc33b30088f941fb6082e555f2874c98e20cb159d7b92b50eadfce793?s=96&d=mm&r=g\",\"caption\":\"ulises\"},\"sameAs\":[\"http:\/\/www.celttv.com.ar\"]}]}<\/script>\n<!-- \/ Yoast SEO plugin. -->","yoast_head_json":{"title":"REALIZAN EN TORNQUIST LA CAMPA\u00d1A PARA LOS INUNDADOS DE LUJAN - CELTTV","description":"Sitio web de noticias de la localidad de Tornquist, provincia de Buenos Aires, Rep\u00fablica Argentina. Contenido propio originado por periodistas de CELTTV, el canal de TV local de la Cooperativa El\u00e9ctrica de Tornquist. Turismo, Pol\u00edtica, Sociedad, Deporte, Cultura y todo el contenido de inter\u00e9s general que la gente del pueblo y la regi\u00f3n debe conocer.","robots":{"index":"index","follow":"follow","max-snippet":"max-snippet:-1","max-image-preview":"max-image-preview:large","max-video-preview":"max-video-preview:-1"},"canonical":"https:\/\/www.celttv.com.ar\/index.php\/2014\/11\/09\/realizan-en-tornquist-la-campana-para-los-inundados-de-lujan\/","og_locale":"es_ES","og_type":"article","og_title":"REALIZAN EN TORNQUIST LA CAMPA\u00d1A PARA LOS INUNDADOS DE LUJAN - CELTTV","og_description":"Sitio web de noticias de la localidad de Tornquist, provincia de Buenos Aires, Rep\u00fablica Argentina. Contenido propio originado por periodistas de CELTTV, el canal de TV local de la Cooperativa El\u00e9ctrica de Tornquist. Turismo, Pol\u00edtica, Sociedad, Deporte, Cultura y todo el contenido de inter\u00e9s general que la gente del pueblo y la regi\u00f3n debe conocer.","og_url":"https:\/\/www.celttv.com.ar\/index.php\/2014\/11\/09\/realizan-en-tornquist-la-campana-para-los-inundados-de-lujan\/","og_site_name":"CELTTV","article_publisher":"https:\/\/www.facebook.com\/celtTV\/","article_published_time":"2014-11-09T14:42:16+00:00","og_image":[{"url":"http:\/\/www.tvcnoticias.com.ar\/wp-content\/uploads\/2014\/11\/lujanfotos-Medium-450x300.jpg"}],"author":"ulises","twitter_card":"summary_large_image","twitter_misc":{"Escrito por":"ulises","Tiempo de lectura":"1 minuto"},"schema":{"@context":"https:\/\/schema.org","@graph":[{"@type":"NewsArticle","@id":"https:\/\/www.celttv.com.ar\/index.php\/2014\/11\/09\/realizan-en-tornquist-la-campana-para-los-inundados-de-lujan\/#article","isPartOf":{"@id":"https:\/\/www.celttv.com.ar\/index.php\/2014\/11\/09\/realizan-en-tornquist-la-campana-para-los-inundados-de-lujan\/"},"author":{"name":"ulises","@id":"https:\/\/www.celttv.com.ar\/#\/schema\/person\/6d99c072dba59953809c81446e9d0ace"},"headline":"REALIZAN EN TORNQUIST LA CAMPA\u00d1A PARA LOS INUNDADOS DE LUJAN","datePublished":"2014-11-09T14:42:16+00:00","dateModified":"2014-11-09T14:42:16+00:00","mainEntityOfPage":{"@id":"https:\/\/www.celttv.com.ar\/index.php\/2014\/11\/09\/realizan-en-tornquist-la-campana-para-los-inundados-de-lujan\/"},"wordCount":220,"publisher":{"@id":"https:\/\/www.celttv.com.ar\/#organization"},"articleSection":["Comunidad","Destacadas"],"inLanguage":"es"},{"@type":"WebPage","@id":"https:\/\/www.celttv.com.ar\/index.php\/2014\/11\/09\/realizan-en-tornquist-la-campana-para-los-inundados-de-lujan\/","url":"https:\/\/www.celttv.com.ar\/index.php\/2014\/11\/09\/realizan-en-tornquist-la-campana-para-los-inundados-de-lujan\/","name":"REALIZAN EN TORNQUIST LA CAMPA\u00d1A PARA LOS INUNDADOS DE LUJAN - CELTTV","isPartOf":{"@id":"https:\/\/www.celttv.com.ar\/#website"},"datePublished":"2014-11-09T14:42:16+00:00","dateModified":"2014-11-09T14:42:16+00:00","description":"Sitio web de noticias de la localidad de Tornquist, provincia de Buenos Aires, Rep\u00fablica Argentina. Contenido propio originado por periodistas de CELTTV, el canal de TV local de la Cooperativa El\u00e9ctrica de Tornquist. Turismo, Pol\u00edtica, Sociedad, Deporte, Cultura y todo el contenido de inter\u00e9s general que la gente del pueblo y la regi\u00f3n debe conocer.","breadcrumb":{"@id":"https:\/\/www.celttv.com.ar\/index.php\/2014\/11\/09\/realizan-en-tornquist-la-campana-para-los-inundados-de-lujan\/#breadcrumb"},"inLanguage":"es","potentialAction":[{"@type":"ReadAction","target":["https:\/\/www.celttv.com.ar\/index.php\/2014\/11\/09\/realizan-en-tornquist-la-campana-para-los-inundados-de-lujan\/"]}]},{"@type":"BreadcrumbList","@id":"https:\/\/www.celttv.com.ar\/index.php\/2014\/11\/09\/realizan-en-tornquist-la-campana-para-los-inundados-de-lujan\/#breadcrumb","itemListElement":[{"@type":"ListItem","position":1,"name":"Inicio","item":"https:\/\/www.celttv.com.ar\/"},{"@type":"ListItem","position":2,"name":"REALIZAN EN TORNQUIST LA CAMPA\u00d1A PARA LOS INUNDADOS DE LUJAN"}]},{"@type":"WebSite","@id":"https:\/\/www.celttv.com.ar\/#website","url":"https:\/\/www.celttv.com.ar\/","name":"CELTTV","description":"Cooperativa El\u00e9ctrica de Tornquist","publisher":{"@id":"https:\/\/www.celttv.com.ar\/#organization"},"potentialAction":[{"@type":"SearchAction","target":{"@type":"EntryPoint","urlTemplate":"https:\/\/www.celttv.com.ar\/?s={search_term_string}"},"query-input":"required name=search_term_string"}],"inLanguage":"es"},{"@type":"Organization","@id":"https:\/\/www.celttv.com.ar\/#organization","name":"CELTTV","url":"https:\/\/www.celttv.com.ar\/","sameAs":["https:\/\/www.youtube.com\/channel\/UCz_oIt8Hig64Ub-EmcNPIhg","https:\/\/www.facebook.com\/celtTV\/"],"logo":{"@type":"ImageObject","inLanguage":"es","@id":"https:\/\/www.celttv.com.ar\/#\/schema\/logo\/image\/","url":"http:\/\/www.celttv.com.ar\/wp-content\/uploads\/2022\/08\/logo-1.png","contentUrl":"http:\/\/www.celttv.com.ar\/wp-content\/uploads\/2022\/08\/logo-1.png","width":461,"height":159,"caption":"CELTTV"},"image":{"@id":"https:\/\/www.celttv.com.ar\/#\/schema\/logo\/image\/"}},{"@type":"Person","@id":"https:\/\/www.celttv.com.ar\/#\/schema\/person\/6d99c072dba59953809c81446e9d0ace","name":"ulises","image":{"@type":"ImageObject","inLanguage":"es","@id":"https:\/\/www.celttv.com.ar\/#\/schema\/person\/image\/","url":"https:\/\/secure.gravatar.com\/avatar\/7f2c48bdc33b30088f941fb6082e555f2874c98e20cb159d7b92b50eadfce793?s=96&d=mm&r=g","contentUrl":"https:\/\/secure.gravatar.com\/avatar\/7f2c48bdc33b30088f941fb6082e555f2874c98e20cb159d7b92b50eadfce793?s=96&d=mm&r=g","caption":"ulises"},"sameAs":["http:\/\/www.celttv.com.ar"]}]}},"_links":{"self":[{"href":"https:\/\/www.celttv.com.ar\/index.php\/wp-json\/wp\/v2\/posts\/24928","targetHints":{"allow":["GET"]}}],"collection":[{"href":"https:\/\/www.celttv.com.ar\/index.php\/wp-json\/wp\/v2\/posts"}],"about":[{"href":"https:\/\/www.celttv.com.ar\/index.php\/wp-json\/wp\/v2\/types\/post"}],"author":[{"embeddable":true,"href":"https:\/\/www.celttv.com.ar\/index.php\/wp-json\/wp\/v2\/users\/1"}],"replies":[{"embeddable":true,"href":"https:\/\/www.celttv.com.ar\/index.php\/wp-json\/wp\/v2\/comments?post=24928"}],"version-history":[{"count":0,"href":"https:\/\/www.celttv.com.ar\/index.php\/wp-json\/wp\/v2\/posts\/24928\/revisions"}],"wp:attachment":[{"href":"https:\/\/www.celttv.com.ar\/index.php\/wp-json\/wp\/v2\/media?parent=24928"}],"wp:term":[{"taxonomy":"category","embeddable":true,"href":"https:\/\/www.celttv.com.ar\/index.php\/wp-json\/wp\/v2\/categories?post=24928"},{"taxonomy":"post_tag","embeddable":true,"href":"https:\/\/www.celttv.com.ar\/index.php\/wp-json\/wp\/v2\/tags?post=24928"}],"curies":[{"name":"wp","href":"https:\/\/api.w.org\/{rel}","templated":true}]}}