{"id":25085,"date":"2014-11-14T23:37:59","date_gmt":"2014-11-14T23:37:59","guid":{"rendered":"http:\/\/www.tvcnoticias.com.ar\/?p=25085"},"modified":"2014-11-14T23:37:59","modified_gmt":"2014-11-14T23:37:59","slug":"villa-ventana-vecinos-expresaron-su-apoyo-a-quique-cabral-y-piden-que-lo-reincoporen-como-delegado","status":"publish","type":"post","link":"https:\/\/www.celttv.com.ar\/index.php\/2014\/11\/14\/villa-ventana-vecinos-expresaron-su-apoyo-a-quique-cabral-y-piden-que-lo-reincoporen-como-delegado\/","title":{"rendered":"VILLA VENTANA: VECINOS EXPRESARON SU APOYO A \u201cQUIQUE\u201d CABRAL Y PIDEN QUE LO REINCOPOREN COMO DELEGADO"},"content":{"rendered":"<p><img loading=\"lazy\" decoding=\"async\" class=\"aligncenter size-medium wp-image-25095\" title=\"IMG_0704 (Small)\" src=\"http:\/\/www.tvcnoticias.com.ar\/wp-content\/uploads\/2014\/11\/IMG_0704-Small-450x300.jpg\" alt=\"\" width=\"450\" height=\"300\" \/><br \/>\n<a href=\"https:\/\/www.youtube.com\/watch?v=0cUK4D4JnY4\">httpv:\/\/www.youtube.com\/watch?v=0cUK4D4JnY4<\/a><br \/>\n<a href=\"https:\/\/www.youtube.com\/watch?v=wffK9gdz2OQ\">httpv:\/\/www.youtube.com\/watch?v=wffK9gdz2OQ<\/a><br \/>\nLa Plaza Salerno fue escenario de una concurrida reuni\u00f3n de vecinos de la localidad de Villa Ventana que se auto convocaron expresando su disconformidad con la decisi\u00f3n de la Intendente Interina Maria Ofelia Skolak por el reciente despido del Delegado Municipal Enrique Cabral.<br \/>\nCon la firma de m\u00e1s de 90 vecinos se emiti\u00f3 un documento que ser\u00e1 entregado el pr\u00f3ximo lunes al Intendente Municipal, al Concejo Deliberante y a los medios de comunicaci\u00f3n.<br \/>\nMuchos de los vecinos presentes no ocultaron su bronca por la decisi\u00f3n adoptada por la autoridad municipal y valoraron el desempe\u00f1o del\u00a0 ex delegado municipal,no encontrando una explicaci\u00f3n y sinti\u00e9ndose sorprendidos por la decisi\u00f3n adoptada.<br \/>\nEl propio Cabral estuvo presente en la reuni\u00f3n y explic\u00f3 con lujo de detalles como se fueron desarrollando\u00a0 los acontecimientos y tambi\u00e9n dijo sentirse sorprendido por tal decisi\u00f3n.<br \/>\nEn el documento emitido por los vecinos de Villa Ventana, que ser\u00e1 entregado al Municipio, en el que se refieren a la \u201cDestituci\u00f3n de Enrique Cabral como Delegado Municipal y pedido de reincorporaci\u00f3n\u201d expresan textualmente:<br \/>\n\u201cLos abajo firmantes, vecinos de Villa Ventana, nos dirigimos a Ud. con el objetivo de manifestar nuestra disconformidad por el pedido por Decreto de nuestro delegado Municipal Enrique Cabral!<br \/>\n\u201cComo habitantes de este lugar, avalamos su gesti\u00f3n llevada a cabo en casi un a\u00f1o de trabajo. En primer lugar destacamos que propici\u00f3 la comunicaci\u00f3n, apertura y escucha a todas las inquietudes de los vecinos sin distinci\u00f3n de ninguna \u00edndole\u201d<br \/>\n\u201cAsimismo en relaci\u00f3n a las instituciones locales, ofici\u00f3 en m\u00e1s de una oportunidad de nexo entre el Ejecutivo Municipal y las mismas, Cuestiones \u00e9stas que aportaron un valorable intento de resolver problem\u00e1ticas y\u00a0 necesidades en beneficio de la comunidad\u00b7<br \/>\n\u201cComo contrapartida sentimos que no tuvo a su alcance todos los recursos necesarios tanto humanos como t\u00e9cnicos \u2013maquinarias, herramientas, presupuesto, m\u00e1s personal, etc-, para desarrollar sus objetivos con eficacia pese a su empe\u00f1o y voluntad\u201d<br \/>\n\u201cNos sentimos afectados adem\u00e1s por la forma en que se realiz\u00f3 este despido mediante un decreto, sin explicar motivos que ameriten tama\u00f1a decisi\u00f3n y comunic\u00e1ndoselo con presencia policial en su domicilio, seg\u00fan testimonios de la prensa local\u201d<br \/>\n\u201cNos causa estupor que se halla tratado de esta manera a un ciudadano que trabaja honestamente por su comunidad y que en su momento expuso su vida en defensa de la Soberan\u00eda Nacional en el conflicto b\u00e9lico de Malvinas.<br \/>\n\u201cPor lo anteriormente expuesto, solicitamos se revea la medida tomada y se lo reincorpore nuevamente como Delegado Municipal de Villa Ventana y se le otorguen todos los recursos necesarios para cumplir efectivamente tal labor\u201d<br \/>\nSeg\u00fan lo expresado por referentes del nutrido grupo de vecinos, se esperar\u00e1 una respuesta al respecto y no se descarta alguna otra concentraci\u00f3n en los pr\u00f3ximos d\u00edas.<br \/>\n&nbsp;<\/p>\n","protected":false},"excerpt":{"rendered":"<p>httpv:\/\/www.youtube.com\/watch?v=0cUK4D4JnY4 httpv:\/\/www.youtube.com\/watch?v=wffK9gdz2OQ La Plaza Salerno fue escenario de una concurrida reuni\u00f3n de vecinos de la localidad de Villa Ventana que se auto convocaron expresando su disconformidad con la decisi\u00f3n de la Intendente Interina Maria Ofelia Skolak por el reciente despido del Delegado Municipal Enrique Cabral. Con la firma de m\u00e1s de 90 vecinos se emiti\u00f3 [&hellip;]<\/p>\n","protected":false},"author":1,"featured_media":0,"comment_status":"closed","ping_status":"open","sticky":false,"template":"","format":"standard","meta":{"footnotes":""},"categories":[51,52,64],"tags":[],"class_list":["post-25085","post","type-post","status-publish","format-standard","hentry","category-comunidad","category-destacadas","category-videos-destacados"],"yoast_head":"<!-- This site is optimized with the Yoast SEO plugin v19.7.1 - https:\/\/yoast.com\/wordpress\/plugins\/seo\/ -->\n<title>VILLA VENTANA: VECINOS EXPRESARON SU APOYO A \u201cQUIQUE\u201d CABRAL Y PIDEN QUE LO REINCOPOREN COMO DELEGADO - CELTTV<\/title>\n<meta name=\"description\" content=\"Sitio web de noticias de la localidad de Tornquist, provincia de Buenos Aires, Rep\u00fablica Argentina. Contenido propio originado por periodistas de CELTTV, el canal de TV local de la Cooperativa El\u00e9ctrica de Tornquist. Turismo, Pol\u00edtica, Sociedad, Deporte, Cultura y todo el contenido de inter\u00e9s general que la gente del pueblo y la regi\u00f3n debe conocer.\" \/>\n<meta name=\"robots\" content=\"index, follow, max-snippet:-1, max-image-preview:large, max-video-preview:-1\" \/>\n<link rel=\"canonical\" href=\"https:\/\/www.celttv.com.ar\/index.php\/2014\/11\/14\/villa-ventana-vecinos-expresaron-su-apoyo-a-quique-cabral-y-piden-que-lo-reincoporen-como-delegado\/\" \/>\n<meta property=\"og:locale\" content=\"es_ES\" \/>\n<meta property=\"og:type\" content=\"article\" \/>\n<meta property=\"og:title\" content=\"VILLA VENTANA: VECINOS EXPRESARON SU APOYO A \u201cQUIQUE\u201d CABRAL Y PIDEN QUE LO REINCOPOREN COMO DELEGADO - CELTTV\" \/>\n<meta property=\"og:description\" content=\"Sitio web de noticias de la localidad de Tornquist, provincia de Buenos Aires, Rep\u00fablica Argentina. Contenido propio originado por periodistas de CELTTV, el canal de TV local de la Cooperativa El\u00e9ctrica de Tornquist. Turismo, Pol\u00edtica, Sociedad, Deporte, Cultura y todo el contenido de inter\u00e9s general que la gente del pueblo y la regi\u00f3n debe conocer.\" \/>\n<meta property=\"og:url\" content=\"https:\/\/www.celttv.com.ar\/index.php\/2014\/11\/14\/villa-ventana-vecinos-expresaron-su-apoyo-a-quique-cabral-y-piden-que-lo-reincoporen-como-delegado\/\" \/>\n<meta property=\"og:site_name\" content=\"CELTTV\" \/>\n<meta property=\"article:publisher\" content=\"https:\/\/www.facebook.com\/celtTV\/\" \/>\n<meta property=\"article:published_time\" content=\"2014-11-14T23:37:59+00:00\" \/>\n<meta property=\"og:image\" content=\"http:\/\/www.tvcnoticias.com.ar\/wp-content\/uploads\/2014\/11\/IMG_0704-Small-450x300.jpg\" \/>\n<meta name=\"author\" content=\"ulises\" \/>\n<meta name=\"twitter:card\" content=\"summary_large_image\" \/>\n<meta name=\"twitter:label1\" content=\"Escrito por\" \/>\n\t<meta name=\"twitter:data1\" content=\"ulises\" \/>\n\t<meta name=\"twitter:label2\" content=\"Tiempo de lectura\" \/>\n\t<meta name=\"twitter:data2\" content=\"3 minutos\" \/>\n<script type=\"application\/ld+json\" class=\"yoast-schema-graph\">{\"@context\":\"https:\/\/schema.org\",\"@graph\":[{\"@type\":\"NewsArticle\",\"@id\":\"https:\/\/www.celttv.com.ar\/index.php\/2014\/11\/14\/villa-ventana-vecinos-expresaron-su-apoyo-a-quique-cabral-y-piden-que-lo-reincoporen-como-delegado\/#article\",\"isPartOf\":{\"@id\":\"https:\/\/www.celttv.com.ar\/index.php\/2014\/11\/14\/villa-ventana-vecinos-expresaron-su-apoyo-a-quique-cabral-y-piden-que-lo-reincoporen-como-delegado\/\"},\"author\":{\"name\":\"ulises\",\"@id\":\"https:\/\/www.celttv.com.ar\/#\/schema\/person\/6d99c072dba59953809c81446e9d0ace\"},\"headline\":\"VILLA VENTANA: VECINOS EXPRESARON SU APOYO A \u201cQUIQUE\u201d CABRAL Y PIDEN QUE LO REINCOPOREN COMO DELEGADO\",\"datePublished\":\"2014-11-14T23:37:59+00:00\",\"dateModified\":\"2014-11-14T23:37:59+00:00\",\"mainEntityOfPage\":{\"@id\":\"https:\/\/www.celttv.com.ar\/index.php\/2014\/11\/14\/villa-ventana-vecinos-expresaron-su-apoyo-a-quique-cabral-y-piden-que-lo-reincoporen-como-delegado\/\"},\"wordCount\":526,\"publisher\":{\"@id\":\"https:\/\/www.celttv.com.ar\/#organization\"},\"articleSection\":[\"Comunidad\",\"Destacadas\",\"Videos Destacados\"],\"inLanguage\":\"es\"},{\"@type\":\"WebPage\",\"@id\":\"https:\/\/www.celttv.com.ar\/index.php\/2014\/11\/14\/villa-ventana-vecinos-expresaron-su-apoyo-a-quique-cabral-y-piden-que-lo-reincoporen-como-delegado\/\",\"url\":\"https:\/\/www.celttv.com.ar\/index.php\/2014\/11\/14\/villa-ventana-vecinos-expresaron-su-apoyo-a-quique-cabral-y-piden-que-lo-reincoporen-como-delegado\/\",\"name\":\"VILLA VENTANA: VECINOS EXPRESARON SU APOYO A \u201cQUIQUE\u201d CABRAL Y PIDEN QUE LO REINCOPOREN COMO DELEGADO - CELTTV\",\"isPartOf\":{\"@id\":\"https:\/\/www.celttv.com.ar\/#website\"},\"datePublished\":\"2014-11-14T23:37:59+00:00\",\"dateModified\":\"2014-11-14T23:37:59+00:00\",\"description\":\"Sitio web de noticias de la localidad de Tornquist, provincia de Buenos Aires, Rep\u00fablica Argentina. Contenido propio originado por periodistas de CELTTV, el canal de TV local de la Cooperativa El\u00e9ctrica de Tornquist. Turismo, Pol\u00edtica, Sociedad, Deporte, Cultura y todo el contenido de inter\u00e9s general que la gente del pueblo y la regi\u00f3n debe conocer.\",\"breadcrumb\":{\"@id\":\"https:\/\/www.celttv.com.ar\/index.php\/2014\/11\/14\/villa-ventana-vecinos-expresaron-su-apoyo-a-quique-cabral-y-piden-que-lo-reincoporen-como-delegado\/#breadcrumb\"},\"inLanguage\":\"es\",\"potentialAction\":[{\"@type\":\"ReadAction\",\"target\":[\"https:\/\/www.celttv.com.ar\/index.php\/2014\/11\/14\/villa-ventana-vecinos-expresaron-su-apoyo-a-quique-cabral-y-piden-que-lo-reincoporen-como-delegado\/\"]}]},{\"@type\":\"BreadcrumbList\",\"@id\":\"https:\/\/www.celttv.com.ar\/index.php\/2014\/11\/14\/villa-ventana-vecinos-expresaron-su-apoyo-a-quique-cabral-y-piden-que-lo-reincoporen-como-delegado\/#breadcrumb\",\"itemListElement\":[{\"@type\":\"ListItem\",\"position\":1,\"name\":\"Inicio\",\"item\":\"https:\/\/www.celttv.com.ar\/\"},{\"@type\":\"ListItem\",\"position\":2,\"name\":\"VILLA VENTANA: VECINOS EXPRESARON SU APOYO A \u201cQUIQUE\u201d CABRAL Y PIDEN QUE LO REINCOPOREN COMO DELEGADO\"}]},{\"@type\":\"WebSite\",\"@id\":\"https:\/\/www.celttv.com.ar\/#website\",\"url\":\"https:\/\/www.celttv.com.ar\/\",\"name\":\"CELTTV\",\"description\":\"Cooperativa El\u00e9ctrica de Tornquist\",\"publisher\":{\"@id\":\"https:\/\/www.celttv.com.ar\/#organization\"},\"potentialAction\":[{\"@type\":\"SearchAction\",\"target\":{\"@type\":\"EntryPoint\",\"urlTemplate\":\"https:\/\/www.celttv.com.ar\/?s={search_term_string}\"},\"query-input\":\"required name=search_term_string\"}],\"inLanguage\":\"es\"},{\"@type\":\"Organization\",\"@id\":\"https:\/\/www.celttv.com.ar\/#organization\",\"name\":\"CELTTV\",\"url\":\"https:\/\/www.celttv.com.ar\/\",\"sameAs\":[\"https:\/\/www.youtube.com\/channel\/UCz_oIt8Hig64Ub-EmcNPIhg\",\"https:\/\/www.facebook.com\/celtTV\/\"],\"logo\":{\"@type\":\"ImageObject\",\"inLanguage\":\"es\",\"@id\":\"https:\/\/www.celttv.com.ar\/#\/schema\/logo\/image\/\",\"url\":\"http:\/\/www.celttv.com.ar\/wp-content\/uploads\/2022\/08\/logo-1.png\",\"contentUrl\":\"http:\/\/www.celttv.com.ar\/wp-content\/uploads\/2022\/08\/logo-1.png\",\"width\":461,\"height\":159,\"caption\":\"CELTTV\"},\"image\":{\"@id\":\"https:\/\/www.celttv.com.ar\/#\/schema\/logo\/image\/\"}},{\"@type\":\"Person\",\"@id\":\"https:\/\/www.celttv.com.ar\/#\/schema\/person\/6d99c072dba59953809c81446e9d0ace\",\"name\":\"ulises\",\"image\":{\"@type\":\"ImageObject\",\"inLanguage\":\"es\",\"@id\":\"https:\/\/www.celttv.com.ar\/#\/schema\/person\/image\/\",\"url\":\"https:\/\/secure.gravatar.com\/avatar\/7f2c48bdc33b30088f941fb6082e555f2874c98e20cb159d7b92b50eadfce793?s=96&d=mm&r=g\",\"contentUrl\":\"https:\/\/secure.gravatar.com\/avatar\/7f2c48bdc33b30088f941fb6082e555f2874c98e20cb159d7b92b50eadfce793?s=96&d=mm&r=g\",\"caption\":\"ulises\"},\"sameAs\":[\"http:\/\/www.celttv.com.ar\"]}]}<\/script>\n<!-- \/ Yoast SEO plugin. -->","yoast_head_json":{"title":"VILLA VENTANA: VECINOS EXPRESARON SU APOYO A \u201cQUIQUE\u201d CABRAL Y PIDEN QUE LO REINCOPOREN COMO DELEGADO - CELTTV","description":"Sitio web de noticias de la localidad de Tornquist, provincia de Buenos Aires, Rep\u00fablica Argentina. Contenido propio originado por periodistas de CELTTV, el canal de TV local de la Cooperativa El\u00e9ctrica de Tornquist. Turismo, Pol\u00edtica, Sociedad, Deporte, Cultura y todo el contenido de inter\u00e9s general que la gente del pueblo y la regi\u00f3n debe conocer.","robots":{"index":"index","follow":"follow","max-snippet":"max-snippet:-1","max-image-preview":"max-image-preview:large","max-video-preview":"max-video-preview:-1"},"canonical":"https:\/\/www.celttv.com.ar\/index.php\/2014\/11\/14\/villa-ventana-vecinos-expresaron-su-apoyo-a-quique-cabral-y-piden-que-lo-reincoporen-como-delegado\/","og_locale":"es_ES","og_type":"article","og_title":"VILLA VENTANA: VECINOS EXPRESARON SU APOYO A \u201cQUIQUE\u201d CABRAL Y PIDEN QUE LO REINCOPOREN COMO DELEGADO - CELTTV","og_description":"Sitio web de noticias de la localidad de Tornquist, provincia de Buenos Aires, Rep\u00fablica Argentina. Contenido propio originado por periodistas de CELTTV, el canal de TV local de la Cooperativa El\u00e9ctrica de Tornquist. Turismo, Pol\u00edtica, Sociedad, Deporte, Cultura y todo el contenido de inter\u00e9s general que la gente del pueblo y la regi\u00f3n debe conocer.","og_url":"https:\/\/www.celttv.com.ar\/index.php\/2014\/11\/14\/villa-ventana-vecinos-expresaron-su-apoyo-a-quique-cabral-y-piden-que-lo-reincoporen-como-delegado\/","og_site_name":"CELTTV","article_publisher":"https:\/\/www.facebook.com\/celtTV\/","article_published_time":"2014-11-14T23:37:59+00:00","og_image":[{"url":"http:\/\/www.tvcnoticias.com.ar\/wp-content\/uploads\/2014\/11\/IMG_0704-Small-450x300.jpg"}],"author":"ulises","twitter_card":"summary_large_image","twitter_misc":{"Escrito por":"ulises","Tiempo de lectura":"3 minutos"},"schema":{"@context":"https:\/\/schema.org","@graph":[{"@type":"NewsArticle","@id":"https:\/\/www.celttv.com.ar\/index.php\/2014\/11\/14\/villa-ventana-vecinos-expresaron-su-apoyo-a-quique-cabral-y-piden-que-lo-reincoporen-como-delegado\/#article","isPartOf":{"@id":"https:\/\/www.celttv.com.ar\/index.php\/2014\/11\/14\/villa-ventana-vecinos-expresaron-su-apoyo-a-quique-cabral-y-piden-que-lo-reincoporen-como-delegado\/"},"author":{"name":"ulises","@id":"https:\/\/www.celttv.com.ar\/#\/schema\/person\/6d99c072dba59953809c81446e9d0ace"},"headline":"VILLA VENTANA: VECINOS EXPRESARON SU APOYO A \u201cQUIQUE\u201d CABRAL Y PIDEN QUE LO REINCOPOREN COMO DELEGADO","datePublished":"2014-11-14T23:37:59+00:00","dateModified":"2014-11-14T23:37:59+00:00","mainEntityOfPage":{"@id":"https:\/\/www.celttv.com.ar\/index.php\/2014\/11\/14\/villa-ventana-vecinos-expresaron-su-apoyo-a-quique-cabral-y-piden-que-lo-reincoporen-como-delegado\/"},"wordCount":526,"publisher":{"@id":"https:\/\/www.celttv.com.ar\/#organization"},"articleSection":["Comunidad","Destacadas","Videos Destacados"],"inLanguage":"es"},{"@type":"WebPage","@id":"https:\/\/www.celttv.com.ar\/index.php\/2014\/11\/14\/villa-ventana-vecinos-expresaron-su-apoyo-a-quique-cabral-y-piden-que-lo-reincoporen-como-delegado\/","url":"https:\/\/www.celttv.com.ar\/index.php\/2014\/11\/14\/villa-ventana-vecinos-expresaron-su-apoyo-a-quique-cabral-y-piden-que-lo-reincoporen-como-delegado\/","name":"VILLA VENTANA: VECINOS EXPRESARON SU APOYO A \u201cQUIQUE\u201d CABRAL Y PIDEN QUE LO REINCOPOREN COMO DELEGADO - CELTTV","isPartOf":{"@id":"https:\/\/www.celttv.com.ar\/#website"},"datePublished":"2014-11-14T23:37:59+00:00","dateModified":"2014-11-14T23:37:59+00:00","description":"Sitio web de noticias de la localidad de Tornquist, provincia de Buenos Aires, Rep\u00fablica Argentina. Contenido propio originado por periodistas de CELTTV, el canal de TV local de la Cooperativa El\u00e9ctrica de Tornquist. Turismo, Pol\u00edtica, Sociedad, Deporte, Cultura y todo el contenido de inter\u00e9s general que la gente del pueblo y la regi\u00f3n debe conocer.","breadcrumb":{"@id":"https:\/\/www.celttv.com.ar\/index.php\/2014\/11\/14\/villa-ventana-vecinos-expresaron-su-apoyo-a-quique-cabral-y-piden-que-lo-reincoporen-como-delegado\/#breadcrumb"},"inLanguage":"es","potentialAction":[{"@type":"ReadAction","target":["https:\/\/www.celttv.com.ar\/index.php\/2014\/11\/14\/villa-ventana-vecinos-expresaron-su-apoyo-a-quique-cabral-y-piden-que-lo-reincoporen-como-delegado\/"]}]},{"@type":"BreadcrumbList","@id":"https:\/\/www.celttv.com.ar\/index.php\/2014\/11\/14\/villa-ventana-vecinos-expresaron-su-apoyo-a-quique-cabral-y-piden-que-lo-reincoporen-como-delegado\/#breadcrumb","itemListElement":[{"@type":"ListItem","position":1,"name":"Inicio","item":"https:\/\/www.celttv.com.ar\/"},{"@type":"ListItem","position":2,"name":"VILLA VENTANA: VECINOS EXPRESARON SU APOYO A \u201cQUIQUE\u201d CABRAL Y PIDEN QUE LO REINCOPOREN COMO DELEGADO"}]},{"@type":"WebSite","@id":"https:\/\/www.celttv.com.ar\/#website","url":"https:\/\/www.celttv.com.ar\/","name":"CELTTV","description":"Cooperativa El\u00e9ctrica de Tornquist","publisher":{"@id":"https:\/\/www.celttv.com.ar\/#organization"},"potentialAction":[{"@type":"SearchAction","target":{"@type":"EntryPoint","urlTemplate":"https:\/\/www.celttv.com.ar\/?s={search_term_string}"},"query-input":"required name=search_term_string"}],"inLanguage":"es"},{"@type":"Organization","@id":"https:\/\/www.celttv.com.ar\/#organization","name":"CELTTV","url":"https:\/\/www.celttv.com.ar\/","sameAs":["https:\/\/www.youtube.com\/channel\/UCz_oIt8Hig64Ub-EmcNPIhg","https:\/\/www.facebook.com\/celtTV\/"],"logo":{"@type":"ImageObject","inLanguage":"es","@id":"https:\/\/www.celttv.com.ar\/#\/schema\/logo\/image\/","url":"http:\/\/www.celttv.com.ar\/wp-content\/uploads\/2022\/08\/logo-1.png","contentUrl":"http:\/\/www.celttv.com.ar\/wp-content\/uploads\/2022\/08\/logo-1.png","width":461,"height":159,"caption":"CELTTV"},"image":{"@id":"https:\/\/www.celttv.com.ar\/#\/schema\/logo\/image\/"}},{"@type":"Person","@id":"https:\/\/www.celttv.com.ar\/#\/schema\/person\/6d99c072dba59953809c81446e9d0ace","name":"ulises","image":{"@type":"ImageObject","inLanguage":"es","@id":"https:\/\/www.celttv.com.ar\/#\/schema\/person\/image\/","url":"https:\/\/secure.gravatar.com\/avatar\/7f2c48bdc33b30088f941fb6082e555f2874c98e20cb159d7b92b50eadfce793?s=96&d=mm&r=g","contentUrl":"https:\/\/secure.gravatar.com\/avatar\/7f2c48bdc33b30088f941fb6082e555f2874c98e20cb159d7b92b50eadfce793?s=96&d=mm&r=g","caption":"ulises"},"sameAs":["http:\/\/www.celttv.com.ar"]}]}},"_links":{"self":[{"href":"https:\/\/www.celttv.com.ar\/index.php\/wp-json\/wp\/v2\/posts\/25085","targetHints":{"allow":["GET"]}}],"collection":[{"href":"https:\/\/www.celttv.com.ar\/index.php\/wp-json\/wp\/v2\/posts"}],"about":[{"href":"https:\/\/www.celttv.com.ar\/index.php\/wp-json\/wp\/v2\/types\/post"}],"author":[{"embeddable":true,"href":"https:\/\/www.celttv.com.ar\/index.php\/wp-json\/wp\/v2\/users\/1"}],"replies":[{"embeddable":true,"href":"https:\/\/www.celttv.com.ar\/index.php\/wp-json\/wp\/v2\/comments?post=25085"}],"version-history":[{"count":0,"href":"https:\/\/www.celttv.com.ar\/index.php\/wp-json\/wp\/v2\/posts\/25085\/revisions"}],"wp:attachment":[{"href":"https:\/\/www.celttv.com.ar\/index.php\/wp-json\/wp\/v2\/media?parent=25085"}],"wp:term":[{"taxonomy":"category","embeddable":true,"href":"https:\/\/www.celttv.com.ar\/index.php\/wp-json\/wp\/v2\/categories?post=25085"},{"taxonomy":"post_tag","embeddable":true,"href":"https:\/\/www.celttv.com.ar\/index.php\/wp-json\/wp\/v2\/tags?post=25085"}],"curies":[{"name":"wp","href":"https:\/\/api.w.org\/{rel}","templated":true}]}}