{"id":25104,"date":"2014-11-15T17:42:08","date_gmt":"2014-11-15T17:42:08","guid":{"rendered":"http:\/\/www.tvcnoticias.com.ar\/?p=25104"},"modified":"2014-11-15T17:42:08","modified_gmt":"2014-11-15T17:42:08","slug":"el-radicalismo-presento-a-sus-nuevas-autoridades-partidarias","status":"publish","type":"post","link":"https:\/\/www.celttv.com.ar\/index.php\/2014\/11\/15\/el-radicalismo-presento-a-sus-nuevas-autoridades-partidarias\/","title":{"rendered":"EL RADICALISMO PRESENTO A SUS NUEVAS AUTORIDADES PARTIDARIAS"},"content":{"rendered":"<p><img loading=\"lazy\" decoding=\"async\" class=\"aligncenter size-medium wp-image-25123\" title=\"IMG_0724 (Small)\" src=\"http:\/\/www.tvcnoticias.com.ar\/wp-content\/uploads\/2014\/11\/IMG_0724-Small-450x300.jpg\" alt=\"\" width=\"450\" height=\"300\" \/><br \/>\nEste viernes,14 de Noviembre, \u00a0se realiz\u00f3 el acto de Asunci\u00f3n de Autoridades del Comit\u00e9 de la U.C.R. Tornquist.<\/p>\n<div>Estuvo presente el ex Intendente y actual pre candidato a jefe comunal \u00a0de Bahia Blanca Dr. Juan Carlos Cabir\u00f3n, \u00a0junto a otras autoridades sesionales.<\/div>\n<div><\/div>\n<div>Antes de las palabras de bienvenida se dio lectura a varios mensajes recibidos con motivo de la asunci\u00f3n de las nuevas autoridades partidarias.<\/div>\n<div><\/div>\n<div>Se escucharon conceptos de Fabio Martinez, presidente reelecto, Alberto Rubio, Vicepresidente, Silvia Pessolani, 1\u00ba vocal, integrantes de la Juventud Radical local y regional y los conceptos del reconocido dirigente Juan Carlos Cabir\u00f3n, invitando a la participaci\u00f3n de todos dentro del centenario partido.<\/div>\n<div>Uno a uno, se fue presentando a la totalidad de la lista de autoridades partidarias y tambi\u00e9n de la Juventud del radicalismo del distrito de Tornquist.<\/div>\n<div>La lista completa de las nuevas autoridades de la UCR., presentada anoche, es la siguiente:<\/div>\n<div><\/div>\n<div>\n<table border=\"0\" cellspacing=\"0\" cellpadding=\"0\" width=\"468\">\n<colgroup>\n<col width=\"239\"><\/col>\n<col width=\"229\"><\/col>\n<\/colgroup>\n<tbody>\n<tr height=\"25\">\n<td width=\"239\" height=\"25\">Cargo<\/td>\n<td width=\"229\">Nombre<\/td>\n<\/tr>\n<tr height=\"25\">\n<td height=\"25\">Presidente<\/td>\n<td>Mart\u00ednez Meier, Fabio<\/td>\n<\/tr>\n<tr height=\"25\">\n<td height=\"25\">Vicepresidente<\/td>\n<td>Rubio, Benito Alberto<\/td>\n<\/tr>\n<tr height=\"25\">\n<td height=\"25\">Secretaria General<\/td>\n<td>Nyez, Valentina<\/td>\n<\/tr>\n<tr height=\"25\">\n<td height=\"25\">Tesorera<\/td>\n<td>Donnari, Raquel<\/td>\n<\/tr>\n<tr height=\"25\">\n<td height=\"25\">1\u00ba Vocal<\/td>\n<td>Pessolani, Silvia<\/td>\n<\/tr>\n<tr height=\"25\">\n<td height=\"25\">2\u00ba Vocal<\/td>\n<td>Labarthe, Federico<\/td>\n<\/tr>\n<tr height=\"25\">\n<td height=\"25\">3\u00ba Vocal<\/td>\n<td>Alarc\u00f3n, Alfredo<\/td>\n<\/tr>\n<tr height=\"25\">\n<td height=\"25\">4\u00ba Vocal<\/td>\n<td>Beli, Leonardo<\/td>\n<\/tr>\n<tr height=\"25\">\n<td height=\"25\">5\u00ba Vocal<\/td>\n<td>Fenoglio, Susana<\/td>\n<\/tr>\n<tr height=\"25\">\n<td height=\"25\">6\u00ba Vocal<\/td>\n<td>Hoerr, Walter<\/td>\n<\/tr>\n<tr height=\"25\">\n<td height=\"25\">1\u00ba Vocal Suplente<\/td>\n<td>Laborde, Edgardo<\/td>\n<\/tr>\n<tr height=\"25\">\n<td height=\"25\">2\u00ba Vocal Suplente<\/td>\n<td>Hoffmman, Graciela<\/td>\n<\/tr>\n<tr height=\"25\">\n<td height=\"25\">3\u00ba Vocal Suplente<\/td>\n<td>Dec\u00e9sares, Jorgelina<\/td>\n<\/tr>\n<tr height=\"25\">\n<td height=\"25\">4\u00aa Vocal Suplente<\/td>\n<td>Keller, M\u00f3nica<\/td>\n<\/tr>\n<tr height=\"25\">\n<td height=\"25\">5\u00ba Vocal Suplente<\/td>\n<td>Echegu\u00eda, Juan Miguel<\/td>\n<\/tr>\n<tr height=\"25\">\n<td height=\"25\">6\u00ba Vocal Suplente<\/td>\n<td>Ichaso, Fabia<\/td>\n<\/tr>\n<tr height=\"25\">\n<td height=\"25\">Convencional Titular<\/td>\n<td>Ballesteros, Mar\u00eda Isabel<\/td>\n<\/tr>\n<tr height=\"25\">\n<td height=\"25\">Convencional Suplente<\/td>\n<td>Fern\u00e1ndez, Horacio<\/td>\n<\/tr>\n<tr height=\"25\">\n<td height=\"25\">Presidente Junta Electoral<\/td>\n<td>Verdinelli, Amelia<\/td>\n<\/tr>\n<tr height=\"25\">\n<td height=\"25\">Vicepresidente Junta Electoral<\/td>\n<td>Cassano, Carlos<\/td>\n<\/tr>\n<tr height=\"25\">\n<td height=\"25\">Secretario Junta Electoral<\/td>\n<td>Issaly, Francisco<\/td>\n<\/tr>\n<\/tbody>\n<\/table>\n<\/div>\n<p>&nbsp;<br \/>\n&nbsp;<\/p>\n","protected":false},"excerpt":{"rendered":"<p>Este viernes,14 de Noviembre, \u00a0se realiz\u00f3 el acto de Asunci\u00f3n de Autoridades del Comit\u00e9 de la U.C.R. Tornquist. Estuvo presente el ex Intendente y actual pre candidato a jefe comunal \u00a0de Bahia Blanca Dr. Juan Carlos Cabir\u00f3n, \u00a0junto a otras autoridades sesionales. Antes de las palabras de bienvenida se dio lectura a varios mensajes recibidos [&hellip;]<\/p>\n","protected":false},"author":1,"featured_media":0,"comment_status":"closed","ping_status":"open","sticky":false,"template":"","format":"standard","meta":{"footnotes":""},"categories":[51,52,61],"tags":[],"class_list":["post-25104","post","type-post","status-publish","format-standard","hentry","category-comunidad","category-destacadas","category-policiales"],"yoast_head":"<!-- This site is optimized with the Yoast SEO plugin v19.7.1 - https:\/\/yoast.com\/wordpress\/plugins\/seo\/ -->\n<title>EL RADICALISMO PRESENTO A SUS NUEVAS AUTORIDADES PARTIDARIAS - CELTTV<\/title>\n<meta name=\"description\" content=\"Sitio web de noticias de la localidad de Tornquist, provincia de Buenos Aires, Rep\u00fablica Argentina. Contenido propio originado por periodistas de CELTTV, el canal de TV local de la Cooperativa El\u00e9ctrica de Tornquist. Turismo, Pol\u00edtica, Sociedad, Deporte, Cultura y todo el contenido de inter\u00e9s general que la gente del pueblo y la regi\u00f3n debe conocer.\" \/>\n<meta name=\"robots\" content=\"index, follow, max-snippet:-1, max-image-preview:large, max-video-preview:-1\" \/>\n<link rel=\"canonical\" href=\"https:\/\/www.celttv.com.ar\/index.php\/2014\/11\/15\/el-radicalismo-presento-a-sus-nuevas-autoridades-partidarias\/\" \/>\n<meta property=\"og:locale\" content=\"es_ES\" \/>\n<meta property=\"og:type\" content=\"article\" \/>\n<meta property=\"og:title\" content=\"EL RADICALISMO PRESENTO A SUS NUEVAS AUTORIDADES PARTIDARIAS - CELTTV\" \/>\n<meta property=\"og:description\" content=\"Sitio web de noticias de la localidad de Tornquist, provincia de Buenos Aires, Rep\u00fablica Argentina. Contenido propio originado por periodistas de CELTTV, el canal de TV local de la Cooperativa El\u00e9ctrica de Tornquist. Turismo, Pol\u00edtica, Sociedad, Deporte, Cultura y todo el contenido de inter\u00e9s general que la gente del pueblo y la regi\u00f3n debe conocer.\" \/>\n<meta property=\"og:url\" content=\"https:\/\/www.celttv.com.ar\/index.php\/2014\/11\/15\/el-radicalismo-presento-a-sus-nuevas-autoridades-partidarias\/\" \/>\n<meta property=\"og:site_name\" content=\"CELTTV\" \/>\n<meta property=\"article:publisher\" content=\"https:\/\/www.facebook.com\/celtTV\/\" \/>\n<meta property=\"article:published_time\" content=\"2014-11-15T17:42:08+00:00\" \/>\n<meta property=\"og:image\" content=\"http:\/\/www.tvcnoticias.com.ar\/wp-content\/uploads\/2014\/11\/IMG_0724-Small-450x300.jpg\" \/>\n<meta name=\"author\" content=\"ulises\" \/>\n<meta name=\"twitter:card\" content=\"summary_large_image\" \/>\n<meta name=\"twitter:label1\" content=\"Escrito por\" \/>\n\t<meta name=\"twitter:data1\" content=\"ulises\" \/>\n\t<meta name=\"twitter:label2\" content=\"Tiempo de lectura\" \/>\n\t<meta name=\"twitter:data2\" content=\"1 minuto\" \/>\n<script type=\"application\/ld+json\" class=\"yoast-schema-graph\">{\"@context\":\"https:\/\/schema.org\",\"@graph\":[{\"@type\":\"NewsArticle\",\"@id\":\"https:\/\/www.celttv.com.ar\/index.php\/2014\/11\/15\/el-radicalismo-presento-a-sus-nuevas-autoridades-partidarias\/#article\",\"isPartOf\":{\"@id\":\"https:\/\/www.celttv.com.ar\/index.php\/2014\/11\/15\/el-radicalismo-presento-a-sus-nuevas-autoridades-partidarias\/\"},\"author\":{\"name\":\"ulises\",\"@id\":\"https:\/\/www.celttv.com.ar\/#\/schema\/person\/6d99c072dba59953809c81446e9d0ace\"},\"headline\":\"EL RADICALISMO PRESENTO A SUS NUEVAS AUTORIDADES PARTIDARIAS\",\"datePublished\":\"2014-11-15T17:42:08+00:00\",\"dateModified\":\"2014-11-15T17:42:08+00:00\",\"mainEntityOfPage\":{\"@id\":\"https:\/\/www.celttv.com.ar\/index.php\/2014\/11\/15\/el-radicalismo-presento-a-sus-nuevas-autoridades-partidarias\/\"},\"wordCount\":260,\"publisher\":{\"@id\":\"https:\/\/www.celttv.com.ar\/#organization\"},\"articleSection\":[\"Comunidad\",\"Destacadas\",\"Policiales\"],\"inLanguage\":\"es\"},{\"@type\":\"WebPage\",\"@id\":\"https:\/\/www.celttv.com.ar\/index.php\/2014\/11\/15\/el-radicalismo-presento-a-sus-nuevas-autoridades-partidarias\/\",\"url\":\"https:\/\/www.celttv.com.ar\/index.php\/2014\/11\/15\/el-radicalismo-presento-a-sus-nuevas-autoridades-partidarias\/\",\"name\":\"EL RADICALISMO PRESENTO A SUS NUEVAS AUTORIDADES PARTIDARIAS - CELTTV\",\"isPartOf\":{\"@id\":\"https:\/\/www.celttv.com.ar\/#website\"},\"datePublished\":\"2014-11-15T17:42:08+00:00\",\"dateModified\":\"2014-11-15T17:42:08+00:00\",\"description\":\"Sitio web de noticias de la localidad de Tornquist, provincia de Buenos Aires, Rep\u00fablica Argentina. Contenido propio originado por periodistas de CELTTV, el canal de TV local de la Cooperativa El\u00e9ctrica de Tornquist. Turismo, Pol\u00edtica, Sociedad, Deporte, Cultura y todo el contenido de inter\u00e9s general que la gente del pueblo y la regi\u00f3n debe conocer.\",\"breadcrumb\":{\"@id\":\"https:\/\/www.celttv.com.ar\/index.php\/2014\/11\/15\/el-radicalismo-presento-a-sus-nuevas-autoridades-partidarias\/#breadcrumb\"},\"inLanguage\":\"es\",\"potentialAction\":[{\"@type\":\"ReadAction\",\"target\":[\"https:\/\/www.celttv.com.ar\/index.php\/2014\/11\/15\/el-radicalismo-presento-a-sus-nuevas-autoridades-partidarias\/\"]}]},{\"@type\":\"BreadcrumbList\",\"@id\":\"https:\/\/www.celttv.com.ar\/index.php\/2014\/11\/15\/el-radicalismo-presento-a-sus-nuevas-autoridades-partidarias\/#breadcrumb\",\"itemListElement\":[{\"@type\":\"ListItem\",\"position\":1,\"name\":\"Inicio\",\"item\":\"https:\/\/www.celttv.com.ar\/\"},{\"@type\":\"ListItem\",\"position\":2,\"name\":\"EL RADICALISMO PRESENTO A SUS NUEVAS AUTORIDADES PARTIDARIAS\"}]},{\"@type\":\"WebSite\",\"@id\":\"https:\/\/www.celttv.com.ar\/#website\",\"url\":\"https:\/\/www.celttv.com.ar\/\",\"name\":\"CELTTV\",\"description\":\"Cooperativa El\u00e9ctrica de Tornquist\",\"publisher\":{\"@id\":\"https:\/\/www.celttv.com.ar\/#organization\"},\"potentialAction\":[{\"@type\":\"SearchAction\",\"target\":{\"@type\":\"EntryPoint\",\"urlTemplate\":\"https:\/\/www.celttv.com.ar\/?s={search_term_string}\"},\"query-input\":\"required name=search_term_string\"}],\"inLanguage\":\"es\"},{\"@type\":\"Organization\",\"@id\":\"https:\/\/www.celttv.com.ar\/#organization\",\"name\":\"CELTTV\",\"url\":\"https:\/\/www.celttv.com.ar\/\",\"sameAs\":[\"https:\/\/www.youtube.com\/channel\/UCz_oIt8Hig64Ub-EmcNPIhg\",\"https:\/\/www.facebook.com\/celtTV\/\"],\"logo\":{\"@type\":\"ImageObject\",\"inLanguage\":\"es\",\"@id\":\"https:\/\/www.celttv.com.ar\/#\/schema\/logo\/image\/\",\"url\":\"http:\/\/www.celttv.com.ar\/wp-content\/uploads\/2022\/08\/logo-1.png\",\"contentUrl\":\"http:\/\/www.celttv.com.ar\/wp-content\/uploads\/2022\/08\/logo-1.png\",\"width\":461,\"height\":159,\"caption\":\"CELTTV\"},\"image\":{\"@id\":\"https:\/\/www.celttv.com.ar\/#\/schema\/logo\/image\/\"}},{\"@type\":\"Person\",\"@id\":\"https:\/\/www.celttv.com.ar\/#\/schema\/person\/6d99c072dba59953809c81446e9d0ace\",\"name\":\"ulises\",\"image\":{\"@type\":\"ImageObject\",\"inLanguage\":\"es\",\"@id\":\"https:\/\/www.celttv.com.ar\/#\/schema\/person\/image\/\",\"url\":\"https:\/\/secure.gravatar.com\/avatar\/7f2c48bdc33b30088f941fb6082e555f2874c98e20cb159d7b92b50eadfce793?s=96&d=mm&r=g\",\"contentUrl\":\"https:\/\/secure.gravatar.com\/avatar\/7f2c48bdc33b30088f941fb6082e555f2874c98e20cb159d7b92b50eadfce793?s=96&d=mm&r=g\",\"caption\":\"ulises\"},\"sameAs\":[\"http:\/\/www.celttv.com.ar\"]}]}<\/script>\n<!-- \/ Yoast SEO plugin. -->","yoast_head_json":{"title":"EL RADICALISMO PRESENTO A SUS NUEVAS AUTORIDADES PARTIDARIAS - CELTTV","description":"Sitio web de noticias de la localidad de Tornquist, provincia de Buenos Aires, Rep\u00fablica Argentina. Contenido propio originado por periodistas de CELTTV, el canal de TV local de la Cooperativa El\u00e9ctrica de Tornquist. Turismo, Pol\u00edtica, Sociedad, Deporte, Cultura y todo el contenido de inter\u00e9s general que la gente del pueblo y la regi\u00f3n debe conocer.","robots":{"index":"index","follow":"follow","max-snippet":"max-snippet:-1","max-image-preview":"max-image-preview:large","max-video-preview":"max-video-preview:-1"},"canonical":"https:\/\/www.celttv.com.ar\/index.php\/2014\/11\/15\/el-radicalismo-presento-a-sus-nuevas-autoridades-partidarias\/","og_locale":"es_ES","og_type":"article","og_title":"EL RADICALISMO PRESENTO A SUS NUEVAS AUTORIDADES PARTIDARIAS - CELTTV","og_description":"Sitio web de noticias de la localidad de Tornquist, provincia de Buenos Aires, Rep\u00fablica Argentina. Contenido propio originado por periodistas de CELTTV, el canal de TV local de la Cooperativa El\u00e9ctrica de Tornquist. Turismo, Pol\u00edtica, Sociedad, Deporte, Cultura y todo el contenido de inter\u00e9s general que la gente del pueblo y la regi\u00f3n debe conocer.","og_url":"https:\/\/www.celttv.com.ar\/index.php\/2014\/11\/15\/el-radicalismo-presento-a-sus-nuevas-autoridades-partidarias\/","og_site_name":"CELTTV","article_publisher":"https:\/\/www.facebook.com\/celtTV\/","article_published_time":"2014-11-15T17:42:08+00:00","og_image":[{"url":"http:\/\/www.tvcnoticias.com.ar\/wp-content\/uploads\/2014\/11\/IMG_0724-Small-450x300.jpg"}],"author":"ulises","twitter_card":"summary_large_image","twitter_misc":{"Escrito por":"ulises","Tiempo de lectura":"1 minuto"},"schema":{"@context":"https:\/\/schema.org","@graph":[{"@type":"NewsArticle","@id":"https:\/\/www.celttv.com.ar\/index.php\/2014\/11\/15\/el-radicalismo-presento-a-sus-nuevas-autoridades-partidarias\/#article","isPartOf":{"@id":"https:\/\/www.celttv.com.ar\/index.php\/2014\/11\/15\/el-radicalismo-presento-a-sus-nuevas-autoridades-partidarias\/"},"author":{"name":"ulises","@id":"https:\/\/www.celttv.com.ar\/#\/schema\/person\/6d99c072dba59953809c81446e9d0ace"},"headline":"EL RADICALISMO PRESENTO A SUS NUEVAS AUTORIDADES PARTIDARIAS","datePublished":"2014-11-15T17:42:08+00:00","dateModified":"2014-11-15T17:42:08+00:00","mainEntityOfPage":{"@id":"https:\/\/www.celttv.com.ar\/index.php\/2014\/11\/15\/el-radicalismo-presento-a-sus-nuevas-autoridades-partidarias\/"},"wordCount":260,"publisher":{"@id":"https:\/\/www.celttv.com.ar\/#organization"},"articleSection":["Comunidad","Destacadas","Policiales"],"inLanguage":"es"},{"@type":"WebPage","@id":"https:\/\/www.celttv.com.ar\/index.php\/2014\/11\/15\/el-radicalismo-presento-a-sus-nuevas-autoridades-partidarias\/","url":"https:\/\/www.celttv.com.ar\/index.php\/2014\/11\/15\/el-radicalismo-presento-a-sus-nuevas-autoridades-partidarias\/","name":"EL RADICALISMO PRESENTO A SUS NUEVAS AUTORIDADES PARTIDARIAS - CELTTV","isPartOf":{"@id":"https:\/\/www.celttv.com.ar\/#website"},"datePublished":"2014-11-15T17:42:08+00:00","dateModified":"2014-11-15T17:42:08+00:00","description":"Sitio web de noticias de la localidad de Tornquist, provincia de Buenos Aires, Rep\u00fablica Argentina. Contenido propio originado por periodistas de CELTTV, el canal de TV local de la Cooperativa El\u00e9ctrica de Tornquist. Turismo, Pol\u00edtica, Sociedad, Deporte, Cultura y todo el contenido de inter\u00e9s general que la gente del pueblo y la regi\u00f3n debe conocer.","breadcrumb":{"@id":"https:\/\/www.celttv.com.ar\/index.php\/2014\/11\/15\/el-radicalismo-presento-a-sus-nuevas-autoridades-partidarias\/#breadcrumb"},"inLanguage":"es","potentialAction":[{"@type":"ReadAction","target":["https:\/\/www.celttv.com.ar\/index.php\/2014\/11\/15\/el-radicalismo-presento-a-sus-nuevas-autoridades-partidarias\/"]}]},{"@type":"BreadcrumbList","@id":"https:\/\/www.celttv.com.ar\/index.php\/2014\/11\/15\/el-radicalismo-presento-a-sus-nuevas-autoridades-partidarias\/#breadcrumb","itemListElement":[{"@type":"ListItem","position":1,"name":"Inicio","item":"https:\/\/www.celttv.com.ar\/"},{"@type":"ListItem","position":2,"name":"EL RADICALISMO PRESENTO A SUS NUEVAS AUTORIDADES PARTIDARIAS"}]},{"@type":"WebSite","@id":"https:\/\/www.celttv.com.ar\/#website","url":"https:\/\/www.celttv.com.ar\/","name":"CELTTV","description":"Cooperativa El\u00e9ctrica de Tornquist","publisher":{"@id":"https:\/\/www.celttv.com.ar\/#organization"},"potentialAction":[{"@type":"SearchAction","target":{"@type":"EntryPoint","urlTemplate":"https:\/\/www.celttv.com.ar\/?s={search_term_string}"},"query-input":"required name=search_term_string"}],"inLanguage":"es"},{"@type":"Organization","@id":"https:\/\/www.celttv.com.ar\/#organization","name":"CELTTV","url":"https:\/\/www.celttv.com.ar\/","sameAs":["https:\/\/www.youtube.com\/channel\/UCz_oIt8Hig64Ub-EmcNPIhg","https:\/\/www.facebook.com\/celtTV\/"],"logo":{"@type":"ImageObject","inLanguage":"es","@id":"https:\/\/www.celttv.com.ar\/#\/schema\/logo\/image\/","url":"http:\/\/www.celttv.com.ar\/wp-content\/uploads\/2022\/08\/logo-1.png","contentUrl":"http:\/\/www.celttv.com.ar\/wp-content\/uploads\/2022\/08\/logo-1.png","width":461,"height":159,"caption":"CELTTV"},"image":{"@id":"https:\/\/www.celttv.com.ar\/#\/schema\/logo\/image\/"}},{"@type":"Person","@id":"https:\/\/www.celttv.com.ar\/#\/schema\/person\/6d99c072dba59953809c81446e9d0ace","name":"ulises","image":{"@type":"ImageObject","inLanguage":"es","@id":"https:\/\/www.celttv.com.ar\/#\/schema\/person\/image\/","url":"https:\/\/secure.gravatar.com\/avatar\/7f2c48bdc33b30088f941fb6082e555f2874c98e20cb159d7b92b50eadfce793?s=96&d=mm&r=g","contentUrl":"https:\/\/secure.gravatar.com\/avatar\/7f2c48bdc33b30088f941fb6082e555f2874c98e20cb159d7b92b50eadfce793?s=96&d=mm&r=g","caption":"ulises"},"sameAs":["http:\/\/www.celttv.com.ar"]}]}},"_links":{"self":[{"href":"https:\/\/www.celttv.com.ar\/index.php\/wp-json\/wp\/v2\/posts\/25104","targetHints":{"allow":["GET"]}}],"collection":[{"href":"https:\/\/www.celttv.com.ar\/index.php\/wp-json\/wp\/v2\/posts"}],"about":[{"href":"https:\/\/www.celttv.com.ar\/index.php\/wp-json\/wp\/v2\/types\/post"}],"author":[{"embeddable":true,"href":"https:\/\/www.celttv.com.ar\/index.php\/wp-json\/wp\/v2\/users\/1"}],"replies":[{"embeddable":true,"href":"https:\/\/www.celttv.com.ar\/index.php\/wp-json\/wp\/v2\/comments?post=25104"}],"version-history":[{"count":0,"href":"https:\/\/www.celttv.com.ar\/index.php\/wp-json\/wp\/v2\/posts\/25104\/revisions"}],"wp:attachment":[{"href":"https:\/\/www.celttv.com.ar\/index.php\/wp-json\/wp\/v2\/media?parent=25104"}],"wp:term":[{"taxonomy":"category","embeddable":true,"href":"https:\/\/www.celttv.com.ar\/index.php\/wp-json\/wp\/v2\/categories?post=25104"},{"taxonomy":"post_tag","embeddable":true,"href":"https:\/\/www.celttv.com.ar\/index.php\/wp-json\/wp\/v2\/tags?post=25104"}],"curies":[{"name":"wp","href":"https:\/\/api.w.org\/{rel}","templated":true}]}}