{"id":25242,"date":"2014-11-21T13:32:24","date_gmt":"2014-11-21T13:32:24","guid":{"rendered":"http:\/\/www.tvcnoticias.com.ar\/?p=25242"},"modified":"2014-11-21T13:32:24","modified_gmt":"2014-11-21T13:32:24","slug":"el-hcd-reconocio-al-emprendedor-local-ing-franco-bolletta","status":"publish","type":"post","link":"https:\/\/www.celttv.com.ar\/index.php\/2014\/11\/21\/el-hcd-reconocio-al-emprendedor-local-ing-franco-bolletta\/","title":{"rendered":"EL HCD. RECONOCIO AL EMPRENDEDOR LOCAL Ing. FRANCO BOLLETTA"},"content":{"rendered":"<p><a href=\"https:\/\/www.youtube.com\/watch?v=ICwwuyYAJZk\">httpv:\/\/www.youtube.com\/watch?v=ICwwuyYAJZk<\/a><br \/>\n<a href=\"https:\/\/www.youtube.com\/watch?v=rVCIkROdQ1Q\">httpv:\/\/www.youtube.com\/watch?v=rVCIkROdQ1Q<\/a><br \/>\n<a href=\"https:\/\/www.youtube.com\/watch?v=rmpxD2kcBEE\">httpv:\/\/www.youtube.com\/watch?v=rmpxD2kcBEE<\/a><br \/>\n<a href=\"https:\/\/www.youtube.com\/watch?v=ZdbuL9cCWvw\">httpv:\/\/www.youtube.com\/watch?v=ZdbuL9cCWvw<\/a><br \/>\n<a href=\"https:\/\/www.youtube.com\/watch?v=lLvSVBXHmnU\">httpv:\/\/www.youtube.com\/watch?v=lLvSVBXHmnU<\/a><br \/>\n<a href=\"https:\/\/www.youtube.com\/watch?v=r59URAiBPC4\">httpv:\/\/www.youtube.com\/watch?v=r59URAiBPC4<\/a><br \/>\n<a href=\"https:\/\/www.youtube.com\/watch?v=xojxh40RAwI\">httpv:\/\/www.youtube.com\/watch?v=xojxh40RAwI<\/a><br \/>\n<a href=\"https:\/\/www.youtube.com\/watch?v=AtCWg9P11ew\">httpv:\/\/www.youtube.com\/watch?v=AtCWg9P11ew<\/a><br \/>\n<strong><span style=\"text-decoration: underline;\">SESI\u00d3N EXTRAORDINARIA DE FECHA 18 DE NOVIEMBRE DE 2014<\/span><\/strong><br \/>\n<strong><span style=\"text-decoration: underline;\"> <\/span><\/strong><br \/>\n<strong><span style=\"text-decoration: underline;\"> <\/span><\/strong><br \/>\nConvocados por Decreto N\u00ba 12\/14 dio comienzo la Sesi\u00f3n Extraordinaria por la que, de acuerdo a la  Resoluci\u00f3n N\u00ba 23\/14 se reconoci\u00f3\u00a0 al Ing. Franco Bolletta como Joven destacado del Distrito, por la actividad innovadora y amigable con el medio ambiente que lleva adelante este joven tornquistense en su empresa BOLTECO, basada en la fabricaci\u00f3n de chapas con materiales de descarte de la empresa Interpack S.A.<br \/>\nLos Concejales Mar\u00eda Esther Parmigiani (actualmente en uso de licencia) y Sergio\u00a0 Bordoni\u00a0\u00a0\u00a0\u00a0\u00a0\u00a0\u00a0\u00a0 hicieron entrega de una placa recordatoria.<br \/>\nLos Concejales Mar\u00eda Ofelia Skolak y Ezequiel Gabella le entregaron copia de la Resoluci\u00f3n N\u00ba 23\/14.<br \/>\nEl Director de Producci\u00f3n y Medio Ambiente Walter Taylor en representaci\u00f3n del Intendente Municipal hizo entrega de una placa.<br \/>\n&nbsp;<br \/>\nHace uso de la palabra el Ingeniero Franco Bolletta:<br \/>\n\u201cBuenas noches a todos. En primer lugar quiero agradecer profundamente esta menci\u00f3n. Ha sido \u00faltimamente muy movido todo mi tema respecto a lo que fue el JCI. En fin, no tengo m\u00e1s que palabras de agradecimiento, quiero aprovechar el momento para agradecer a mi familia, a mis amigos, y a toda la gente que me ha ayudado. Esto no ha sido m\u00e1s que molestar a gente, me cuesta por ah\u00ed en este momento hablar, porque veo familiares, amigos, vecinos, gente de aqu\u00ed del Municipio que me ha ayudado en todo lo que he necesitado y m\u00e1s tambi\u00e9n. En fin, no quiero perderme, ten\u00eda en mente otras cosas para decir, pero ahora no me vienen a la cabeza. Realmente quiero felicitar honestamente a toda la clase pol\u00edtica que tenemos hoy, que est\u00e1 cada vez m\u00e1s abocada a lo que es la protecci\u00f3n del medio ambiente. Es un camino muy largo y dif\u00edcil, y hay que buscarle la vuelta pero no hay que morir en el intento digamos. Hay mucho por hacer y hay muy buenas intenciones de todos lados. En fin, much\u00edsimas gracias por esto, y nada, much\u00edsimas gracias\u201d.<br \/>\n&nbsp;<br \/>\nPalabras de los Concejales:<br \/>\n&nbsp;<br \/>\nConcejal Gabella Ezequiel:<br \/>\n\u201cBueno, principalmente desde nuestro Bloque queremos felicitar al Ingeniero Franco Bolletta no por este reconocimiento, porque la verdad que de todo lo que ha recibido \u00faltimamente quiz\u00e1s este sea el m\u00e1s humilde, pero no por eso menos sentido al momento de la intenci\u00f3n que tuvimos de hacer este reconocimiento. Creo que cabe la menci\u00f3n de una persona que si bien, no es habitante de nuestro distrito es de una ciudad o de un pueblo vecino que fue quien tuvo la idea de postularte como joven sobresaliente, esa persona es Marisol Cleppe, de Dufaur, que tuvo en sus manos la oportunidad de entregar un merecido reconocimiento, ella realiz\u00f3 un trabajo de investigaci\u00f3n por as\u00ed decirlo de quien cre\u00eda ser merecedor de esta distinci\u00f3n, y creo que ha ca\u00eddo en muy buenas manos, y el resto\u00a0 fue todo m\u00e9rito tuyo. Y realizar una especie de comparaci\u00f3n de muchos j\u00f3venes que han tenido que emigrar de sus ciudades de origen por falta de oportunidades laborales, y que vos no est\u00e1s dentro de ese grupo sino que est\u00e1s en esa clase de personas que consideraron que val\u00eda la oportunidad de\u00a0 pelearla en el lugar que nos vio nacer. Lo digo y lo siento porque en lo personal tambi\u00e9n me ha tocado irme de mi pueblo y lo siento, y vos ten\u00e9s el orgullo y el privilegio de haberte podido desarrollar profesionalmente y en este caso comercialmente tambi\u00e9n en tu pueblo, y eso es doblemente distinguible. As\u00ed que reitero mi felicitaci\u00f3n, y espero que no queden ac\u00e1 los reconocimientos que recibas, sino que sigas cosechando lo que seguramente has sembrado durante todo este tiempo. Nada m\u00e1s Sr. Presidente\u201d.<br \/>\n&nbsp;<br \/>\nConcejal Ant\u00f3n V\u00edctor:<br \/>\n\u201cBueno, la verdad que es un placer tenerte ac\u00e1 Franco, es un orgullo poder hacer este reconocimiento. Conocemos de tu emprendimiento hace mucho tiempo. Siempre le has\u00a0 buscado la vuelta en todo, has tenido tes\u00f3n, esfuerzo, has sido perseverante, pero si hay algo que destacar en vos adem\u00e1s es tu humildad. En momentos muy complicados, viviste momentos muy complicados y dif\u00edciles cuando tuviste un principio de incendio en tu planta, y nunca bajaste los brazos, siempre fuiste por m\u00e1s. Estoy convencido que adem\u00e1s de lo que dec\u00eda el Concejal Gabella, que vos viniste a desarrollar tu actividad, y a desarrollarte profesionalmente a nuestro pueblo, a tu pueblo de origen, tambi\u00e9n ven\u00eds a darnos una mano y a generar puestos de trabajo, porque estoy seguro de que este es el primer escal\u00f3n para vos, que vas a llegar muy alto, y la verdad es que quiero agradecerte por eso, en nombre de todo el pueblo, felicitarte, y decirte que cuentes con nosotros para lo que necesites de ac\u00e1 para adelante, que en lo que te podamos ayudar ah\u00ed vamos a\u00a0 estar. Gracias Franco, muchas gracias\u201d.<br \/>\n&nbsp;<br \/>\nConcejal Musso Mar\u00eda Graciela:<br \/>\n\u201cBueno, en principio en nombre del Bloque felicitar al Ingeniero Franco Bolletta, t\u00edtulo que me cuesta bastante enunciar porque tuve la suerte, el orgullo de ser docente de ese alumno, que ya mostraba especial inter\u00e9s por todo aquello que en ese momento parec\u00eda ut\u00f3pico. Muy entusiasmado con todo lo que tuviera que ver con el ingreso al laboratorio del colegio, y especialmente con un talento muy particular para las ciencias exactas. Quiero decirte Franco que me alegra en particular que hayas tenido este reconocimiento, y me alegra profundamente por la comunidad de Tornquist tambi\u00e9n, pero no solamente por la calidad de lo que has presentado y de lo que seguramente ser\u00e1 en beneficio de toda la comunidad, sino particularmente por una virtud que hoy por hoy se est\u00e1 perdiendo, o por lo menos se demuestra bastante poco, y que lo acaba de decir mi compa\u00f1ero V\u00edctor, siempre fuiste humilde, y hoy lo demostr\u00e1s a\u00fan con m\u00e1s profundidad, pareciera que tus logros te han hecho cada vez m\u00e1s mantener esa personalidad que en realidad siempre tuviste, pero que algunos por all\u00ed en el recorrer de la vida por diferentes circunstancias cambian. Creo que Tornquist tiene que estar orgulloso de un joven emprendedor como Franco, y perm\u00edtanme decir, no est\u00e1 Marta Grassi ac\u00e1 pero, ya tengo unos cuantos a\u00f1os, que me siento realmente muy feliz de haber sido entre tantas, tu maestra. Felicitaciones Franco. Muchas gracias Sr. Presidente\u201d.<br \/>\n&nbsp;<br \/>\nConcejal Kloster Noel\u00ed:<br \/>\n\u201cDesde este Bloque no quiero ser redundante, simplemente es decir que veamos que con responsabilidad, con dedicaci\u00f3n, con esfuerzo, y con mucha humildad siempre se llega. Y Franco tiene la humildad propia de aquellos que son capaces. Aquellos que en un momento fueron capaces y despu\u00e9s por llegar perdieron la humildad, hace de cuenta que no han transitado absolutamente ning\u00fan camino, y que todo qued\u00f3 perdido. En nombre de toda la comunidad de Tornquist y en nombre sobre todo de aquellos j\u00f3venes que quiz\u00e1s quieran seguir tu ejemplo te agradezco enormemente, te felicito por todo los logros que has tenido y seguramente los que vas a tener y estoy plenamente segura de que Albana y Estefan\u00eda te van a acompa\u00f1ar siempre. Nada m\u00e1s Sr. Presidente\u201d.<br \/>\n&nbsp;<br \/>\nPresidente del Honorable Concejo Deliberante, Concejal Bordoni Sergio:<br \/>\n\u201cBueno Franco, en nombre de todo el Cuerpo Deliberativo, la verdad que, como dice la Concejal Kloster no es redundar en palabras, lo que has obtenido para Tornquist es muy importante, y eso no se logra solamente con la perseverancia, sino se logra con un acompa\u00f1amiento, de todo tipo, municipal, como vos lo dijiste, del pueblo, pero un valor impresionante que vos ten\u00e9s es el acompa\u00f1amiento de toda tu familia. Es un valor important\u00edsimo que hay que rescatar. Yo que conozco muy bien a tu familia y conozco como te fueron apuntalando y como te fueron educando para llegar a donde llegaste, eso es lo m\u00e1s importante que una persona puede tener, sentirse acompa\u00f1ado de la familia. Porque las cosas se logran no solamente por perseverancia sino por sentirse acompa\u00f1ado, y en momentos, cuando uno parece que flaquea, que ten\u00e9s cosas que te pasan, que te parece que se te termina el mundo, ten\u00e9s la familia tuya que te est\u00e1 respaldando y eso es important\u00edsimo. As\u00ed que tanto las felicitaciones son para vos como toda tu familia que te acompa\u00f1a. Franco, much\u00edsimas gracias por ser de Tornquist, gracias Franco\u201d.<br \/>\n&nbsp;<br \/>\nHONORABLE CONCEJO DELIBERANTE<br \/>\n&nbsp;<br \/>\n<a href=\"https:\/\/www.youtube.com\/watch?v=ICwwuyYAJZk\">watch?v=ICwwuyYAJZk<\/a><br \/>\n&nbsp;<\/p>\n","protected":false},"excerpt":{"rendered":"<p>httpv:\/\/www.youtube.com\/watch?v=ICwwuyYAJZk httpv:\/\/www.youtube.com\/watch?v=rVCIkROdQ1Q httpv:\/\/www.youtube.com\/watch?v=rmpxD2kcBEE httpv:\/\/www.youtube.com\/watch?v=ZdbuL9cCWvw httpv:\/\/www.youtube.com\/watch?v=lLvSVBXHmnU httpv:\/\/www.youtube.com\/watch?v=r59URAiBPC4 httpv:\/\/www.youtube.com\/watch?v=xojxh40RAwI httpv:\/\/www.youtube.com\/watch?v=AtCWg9P11ew SESI\u00d3N EXTRAORDINARIA DE FECHA 18 DE NOVIEMBRE DE 2014 Convocados por Decreto N\u00ba 12\/14 dio comienzo la Sesi\u00f3n Extraordinaria por la que, de acuerdo a la Resoluci\u00f3n N\u00ba 23\/14 se reconoci\u00f3\u00a0 al Ing. Franco Bolletta como Joven destacado del Distrito, por la actividad innovadora y amigable con [&hellip;]<\/p>\n","protected":false},"author":1,"featured_media":0,"comment_status":"closed","ping_status":"open","sticky":false,"template":"","format":"standard","meta":{"footnotes":""},"categories":[51,52,53,64],"tags":[],"class_list":["post-25242","post","type-post","status-publish","format-standard","hentry","category-comunidad","category-destacadas","category-politica","category-videos-destacados"],"yoast_head":"<!-- This site is optimized with the Yoast SEO plugin v19.7.1 - https:\/\/yoast.com\/wordpress\/plugins\/seo\/ -->\n<title>EL HCD. RECONOCIO AL EMPRENDEDOR LOCAL Ing. FRANCO BOLLETTA - CELTTV<\/title>\n<meta name=\"description\" content=\"Sitio web de noticias de la localidad de Tornquist, provincia de Buenos Aires, Rep\u00fablica Argentina. Contenido propio originado por periodistas de CELTTV, el canal de TV local de la Cooperativa El\u00e9ctrica de Tornquist. Turismo, Pol\u00edtica, Sociedad, Deporte, Cultura y todo el contenido de inter\u00e9s general que la gente del pueblo y la regi\u00f3n debe conocer.\" \/>\n<meta name=\"robots\" content=\"index, follow, max-snippet:-1, max-image-preview:large, max-video-preview:-1\" \/>\n<link rel=\"canonical\" href=\"https:\/\/www.celttv.com.ar\/index.php\/2014\/11\/21\/el-hcd-reconocio-al-emprendedor-local-ing-franco-bolletta\/\" \/>\n<meta property=\"og:locale\" content=\"es_ES\" \/>\n<meta property=\"og:type\" content=\"article\" \/>\n<meta property=\"og:title\" content=\"EL HCD. RECONOCIO AL EMPRENDEDOR LOCAL Ing. FRANCO BOLLETTA - CELTTV\" \/>\n<meta property=\"og:description\" content=\"Sitio web de noticias de la localidad de Tornquist, provincia de Buenos Aires, Rep\u00fablica Argentina. Contenido propio originado por periodistas de CELTTV, el canal de TV local de la Cooperativa El\u00e9ctrica de Tornquist. Turismo, Pol\u00edtica, Sociedad, Deporte, Cultura y todo el contenido de inter\u00e9s general que la gente del pueblo y la regi\u00f3n debe conocer.\" \/>\n<meta property=\"og:url\" content=\"https:\/\/www.celttv.com.ar\/index.php\/2014\/11\/21\/el-hcd-reconocio-al-emprendedor-local-ing-franco-bolletta\/\" \/>\n<meta property=\"og:site_name\" content=\"CELTTV\" \/>\n<meta property=\"article:publisher\" content=\"https:\/\/www.facebook.com\/celtTV\/\" \/>\n<meta property=\"article:published_time\" content=\"2014-11-21T13:32:24+00:00\" \/>\n<meta name=\"author\" content=\"ulises\" \/>\n<meta name=\"twitter:card\" content=\"summary_large_image\" \/>\n<meta name=\"twitter:label1\" content=\"Escrito por\" \/>\n\t<meta name=\"twitter:data1\" content=\"ulises\" \/>\n\t<meta name=\"twitter:label2\" content=\"Tiempo de lectura\" \/>\n\t<meta name=\"twitter:data2\" content=\"8 minutos\" \/>\n<script type=\"application\/ld+json\" class=\"yoast-schema-graph\">{\"@context\":\"https:\/\/schema.org\",\"@graph\":[{\"@type\":\"NewsArticle\",\"@id\":\"https:\/\/www.celttv.com.ar\/index.php\/2014\/11\/21\/el-hcd-reconocio-al-emprendedor-local-ing-franco-bolletta\/#article\",\"isPartOf\":{\"@id\":\"https:\/\/www.celttv.com.ar\/index.php\/2014\/11\/21\/el-hcd-reconocio-al-emprendedor-local-ing-franco-bolletta\/\"},\"author\":{\"name\":\"ulises\",\"@id\":\"https:\/\/www.celttv.com.ar\/#\/schema\/person\/6d99c072dba59953809c81446e9d0ace\"},\"headline\":\"EL HCD. RECONOCIO AL EMPRENDEDOR LOCAL Ing. FRANCO BOLLETTA\",\"datePublished\":\"2014-11-21T13:32:24+00:00\",\"dateModified\":\"2014-11-21T13:32:24+00:00\",\"mainEntityOfPage\":{\"@id\":\"https:\/\/www.celttv.com.ar\/index.php\/2014\/11\/21\/el-hcd-reconocio-al-emprendedor-local-ing-franco-bolletta\/\"},\"wordCount\":1527,\"publisher\":{\"@id\":\"https:\/\/www.celttv.com.ar\/#organization\"},\"articleSection\":[\"Comunidad\",\"Destacadas\",\"Pol\u00edtica\",\"Videos Destacados\"],\"inLanguage\":\"es\"},{\"@type\":\"WebPage\",\"@id\":\"https:\/\/www.celttv.com.ar\/index.php\/2014\/11\/21\/el-hcd-reconocio-al-emprendedor-local-ing-franco-bolletta\/\",\"url\":\"https:\/\/www.celttv.com.ar\/index.php\/2014\/11\/21\/el-hcd-reconocio-al-emprendedor-local-ing-franco-bolletta\/\",\"name\":\"EL HCD. RECONOCIO AL EMPRENDEDOR LOCAL Ing. FRANCO BOLLETTA - CELTTV\",\"isPartOf\":{\"@id\":\"https:\/\/www.celttv.com.ar\/#website\"},\"datePublished\":\"2014-11-21T13:32:24+00:00\",\"dateModified\":\"2014-11-21T13:32:24+00:00\",\"description\":\"Sitio web de noticias de la localidad de Tornquist, provincia de Buenos Aires, Rep\u00fablica Argentina. Contenido propio originado por periodistas de CELTTV, el canal de TV local de la Cooperativa El\u00e9ctrica de Tornquist. Turismo, Pol\u00edtica, Sociedad, Deporte, Cultura y todo el contenido de inter\u00e9s general que la gente del pueblo y la regi\u00f3n debe conocer.\",\"breadcrumb\":{\"@id\":\"https:\/\/www.celttv.com.ar\/index.php\/2014\/11\/21\/el-hcd-reconocio-al-emprendedor-local-ing-franco-bolletta\/#breadcrumb\"},\"inLanguage\":\"es\",\"potentialAction\":[{\"@type\":\"ReadAction\",\"target\":[\"https:\/\/www.celttv.com.ar\/index.php\/2014\/11\/21\/el-hcd-reconocio-al-emprendedor-local-ing-franco-bolletta\/\"]}]},{\"@type\":\"BreadcrumbList\",\"@id\":\"https:\/\/www.celttv.com.ar\/index.php\/2014\/11\/21\/el-hcd-reconocio-al-emprendedor-local-ing-franco-bolletta\/#breadcrumb\",\"itemListElement\":[{\"@type\":\"ListItem\",\"position\":1,\"name\":\"Inicio\",\"item\":\"https:\/\/www.celttv.com.ar\/\"},{\"@type\":\"ListItem\",\"position\":2,\"name\":\"EL HCD. RECONOCIO AL EMPRENDEDOR LOCAL Ing. FRANCO BOLLETTA\"}]},{\"@type\":\"WebSite\",\"@id\":\"https:\/\/www.celttv.com.ar\/#website\",\"url\":\"https:\/\/www.celttv.com.ar\/\",\"name\":\"CELTTV\",\"description\":\"Cooperativa El\u00e9ctrica de Tornquist\",\"publisher\":{\"@id\":\"https:\/\/www.celttv.com.ar\/#organization\"},\"potentialAction\":[{\"@type\":\"SearchAction\",\"target\":{\"@type\":\"EntryPoint\",\"urlTemplate\":\"https:\/\/www.celttv.com.ar\/?s={search_term_string}\"},\"query-input\":\"required name=search_term_string\"}],\"inLanguage\":\"es\"},{\"@type\":\"Organization\",\"@id\":\"https:\/\/www.celttv.com.ar\/#organization\",\"name\":\"CELTTV\",\"url\":\"https:\/\/www.celttv.com.ar\/\",\"sameAs\":[\"https:\/\/www.youtube.com\/channel\/UCz_oIt8Hig64Ub-EmcNPIhg\",\"https:\/\/www.facebook.com\/celtTV\/\"],\"logo\":{\"@type\":\"ImageObject\",\"inLanguage\":\"es\",\"@id\":\"https:\/\/www.celttv.com.ar\/#\/schema\/logo\/image\/\",\"url\":\"http:\/\/www.celttv.com.ar\/wp-content\/uploads\/2022\/08\/logo-1.png\",\"contentUrl\":\"http:\/\/www.celttv.com.ar\/wp-content\/uploads\/2022\/08\/logo-1.png\",\"width\":461,\"height\":159,\"caption\":\"CELTTV\"},\"image\":{\"@id\":\"https:\/\/www.celttv.com.ar\/#\/schema\/logo\/image\/\"}},{\"@type\":\"Person\",\"@id\":\"https:\/\/www.celttv.com.ar\/#\/schema\/person\/6d99c072dba59953809c81446e9d0ace\",\"name\":\"ulises\",\"image\":{\"@type\":\"ImageObject\",\"inLanguage\":\"es\",\"@id\":\"https:\/\/www.celttv.com.ar\/#\/schema\/person\/image\/\",\"url\":\"https:\/\/secure.gravatar.com\/avatar\/7f2c48bdc33b30088f941fb6082e555f2874c98e20cb159d7b92b50eadfce793?s=96&d=mm&r=g\",\"contentUrl\":\"https:\/\/secure.gravatar.com\/avatar\/7f2c48bdc33b30088f941fb6082e555f2874c98e20cb159d7b92b50eadfce793?s=96&d=mm&r=g\",\"caption\":\"ulises\"},\"sameAs\":[\"http:\/\/www.celttv.com.ar\"]}]}<\/script>\n<!-- \/ Yoast SEO plugin. -->","yoast_head_json":{"title":"EL HCD. RECONOCIO AL EMPRENDEDOR LOCAL Ing. FRANCO BOLLETTA - CELTTV","description":"Sitio web de noticias de la localidad de Tornquist, provincia de Buenos Aires, Rep\u00fablica Argentina. Contenido propio originado por periodistas de CELTTV, el canal de TV local de la Cooperativa El\u00e9ctrica de Tornquist. Turismo, Pol\u00edtica, Sociedad, Deporte, Cultura y todo el contenido de inter\u00e9s general que la gente del pueblo y la regi\u00f3n debe conocer.","robots":{"index":"index","follow":"follow","max-snippet":"max-snippet:-1","max-image-preview":"max-image-preview:large","max-video-preview":"max-video-preview:-1"},"canonical":"https:\/\/www.celttv.com.ar\/index.php\/2014\/11\/21\/el-hcd-reconocio-al-emprendedor-local-ing-franco-bolletta\/","og_locale":"es_ES","og_type":"article","og_title":"EL HCD. RECONOCIO AL EMPRENDEDOR LOCAL Ing. FRANCO BOLLETTA - CELTTV","og_description":"Sitio web de noticias de la localidad de Tornquist, provincia de Buenos Aires, Rep\u00fablica Argentina. Contenido propio originado por periodistas de CELTTV, el canal de TV local de la Cooperativa El\u00e9ctrica de Tornquist. Turismo, Pol\u00edtica, Sociedad, Deporte, Cultura y todo el contenido de inter\u00e9s general que la gente del pueblo y la regi\u00f3n debe conocer.","og_url":"https:\/\/www.celttv.com.ar\/index.php\/2014\/11\/21\/el-hcd-reconocio-al-emprendedor-local-ing-franco-bolletta\/","og_site_name":"CELTTV","article_publisher":"https:\/\/www.facebook.com\/celtTV\/","article_published_time":"2014-11-21T13:32:24+00:00","author":"ulises","twitter_card":"summary_large_image","twitter_misc":{"Escrito por":"ulises","Tiempo de lectura":"8 minutos"},"schema":{"@context":"https:\/\/schema.org","@graph":[{"@type":"NewsArticle","@id":"https:\/\/www.celttv.com.ar\/index.php\/2014\/11\/21\/el-hcd-reconocio-al-emprendedor-local-ing-franco-bolletta\/#article","isPartOf":{"@id":"https:\/\/www.celttv.com.ar\/index.php\/2014\/11\/21\/el-hcd-reconocio-al-emprendedor-local-ing-franco-bolletta\/"},"author":{"name":"ulises","@id":"https:\/\/www.celttv.com.ar\/#\/schema\/person\/6d99c072dba59953809c81446e9d0ace"},"headline":"EL HCD. RECONOCIO AL EMPRENDEDOR LOCAL Ing. FRANCO BOLLETTA","datePublished":"2014-11-21T13:32:24+00:00","dateModified":"2014-11-21T13:32:24+00:00","mainEntityOfPage":{"@id":"https:\/\/www.celttv.com.ar\/index.php\/2014\/11\/21\/el-hcd-reconocio-al-emprendedor-local-ing-franco-bolletta\/"},"wordCount":1527,"publisher":{"@id":"https:\/\/www.celttv.com.ar\/#organization"},"articleSection":["Comunidad","Destacadas","Pol\u00edtica","Videos Destacados"],"inLanguage":"es"},{"@type":"WebPage","@id":"https:\/\/www.celttv.com.ar\/index.php\/2014\/11\/21\/el-hcd-reconocio-al-emprendedor-local-ing-franco-bolletta\/","url":"https:\/\/www.celttv.com.ar\/index.php\/2014\/11\/21\/el-hcd-reconocio-al-emprendedor-local-ing-franco-bolletta\/","name":"EL HCD. RECONOCIO AL EMPRENDEDOR LOCAL Ing. FRANCO BOLLETTA - CELTTV","isPartOf":{"@id":"https:\/\/www.celttv.com.ar\/#website"},"datePublished":"2014-11-21T13:32:24+00:00","dateModified":"2014-11-21T13:32:24+00:00","description":"Sitio web de noticias de la localidad de Tornquist, provincia de Buenos Aires, Rep\u00fablica Argentina. Contenido propio originado por periodistas de CELTTV, el canal de TV local de la Cooperativa El\u00e9ctrica de Tornquist. Turismo, Pol\u00edtica, Sociedad, Deporte, Cultura y todo el contenido de inter\u00e9s general que la gente del pueblo y la regi\u00f3n debe conocer.","breadcrumb":{"@id":"https:\/\/www.celttv.com.ar\/index.php\/2014\/11\/21\/el-hcd-reconocio-al-emprendedor-local-ing-franco-bolletta\/#breadcrumb"},"inLanguage":"es","potentialAction":[{"@type":"ReadAction","target":["https:\/\/www.celttv.com.ar\/index.php\/2014\/11\/21\/el-hcd-reconocio-al-emprendedor-local-ing-franco-bolletta\/"]}]},{"@type":"BreadcrumbList","@id":"https:\/\/www.celttv.com.ar\/index.php\/2014\/11\/21\/el-hcd-reconocio-al-emprendedor-local-ing-franco-bolletta\/#breadcrumb","itemListElement":[{"@type":"ListItem","position":1,"name":"Inicio","item":"https:\/\/www.celttv.com.ar\/"},{"@type":"ListItem","position":2,"name":"EL HCD. RECONOCIO AL EMPRENDEDOR LOCAL Ing. FRANCO BOLLETTA"}]},{"@type":"WebSite","@id":"https:\/\/www.celttv.com.ar\/#website","url":"https:\/\/www.celttv.com.ar\/","name":"CELTTV","description":"Cooperativa El\u00e9ctrica de Tornquist","publisher":{"@id":"https:\/\/www.celttv.com.ar\/#organization"},"potentialAction":[{"@type":"SearchAction","target":{"@type":"EntryPoint","urlTemplate":"https:\/\/www.celttv.com.ar\/?s={search_term_string}"},"query-input":"required name=search_term_string"}],"inLanguage":"es"},{"@type":"Organization","@id":"https:\/\/www.celttv.com.ar\/#organization","name":"CELTTV","url":"https:\/\/www.celttv.com.ar\/","sameAs":["https:\/\/www.youtube.com\/channel\/UCz_oIt8Hig64Ub-EmcNPIhg","https:\/\/www.facebook.com\/celtTV\/"],"logo":{"@type":"ImageObject","inLanguage":"es","@id":"https:\/\/www.celttv.com.ar\/#\/schema\/logo\/image\/","url":"http:\/\/www.celttv.com.ar\/wp-content\/uploads\/2022\/08\/logo-1.png","contentUrl":"http:\/\/www.celttv.com.ar\/wp-content\/uploads\/2022\/08\/logo-1.png","width":461,"height":159,"caption":"CELTTV"},"image":{"@id":"https:\/\/www.celttv.com.ar\/#\/schema\/logo\/image\/"}},{"@type":"Person","@id":"https:\/\/www.celttv.com.ar\/#\/schema\/person\/6d99c072dba59953809c81446e9d0ace","name":"ulises","image":{"@type":"ImageObject","inLanguage":"es","@id":"https:\/\/www.celttv.com.ar\/#\/schema\/person\/image\/","url":"https:\/\/secure.gravatar.com\/avatar\/7f2c48bdc33b30088f941fb6082e555f2874c98e20cb159d7b92b50eadfce793?s=96&d=mm&r=g","contentUrl":"https:\/\/secure.gravatar.com\/avatar\/7f2c48bdc33b30088f941fb6082e555f2874c98e20cb159d7b92b50eadfce793?s=96&d=mm&r=g","caption":"ulises"},"sameAs":["http:\/\/www.celttv.com.ar"]}]}},"_links":{"self":[{"href":"https:\/\/www.celttv.com.ar\/index.php\/wp-json\/wp\/v2\/posts\/25242","targetHints":{"allow":["GET"]}}],"collection":[{"href":"https:\/\/www.celttv.com.ar\/index.php\/wp-json\/wp\/v2\/posts"}],"about":[{"href":"https:\/\/www.celttv.com.ar\/index.php\/wp-json\/wp\/v2\/types\/post"}],"author":[{"embeddable":true,"href":"https:\/\/www.celttv.com.ar\/index.php\/wp-json\/wp\/v2\/users\/1"}],"replies":[{"embeddable":true,"href":"https:\/\/www.celttv.com.ar\/index.php\/wp-json\/wp\/v2\/comments?post=25242"}],"version-history":[{"count":0,"href":"https:\/\/www.celttv.com.ar\/index.php\/wp-json\/wp\/v2\/posts\/25242\/revisions"}],"wp:attachment":[{"href":"https:\/\/www.celttv.com.ar\/index.php\/wp-json\/wp\/v2\/media?parent=25242"}],"wp:term":[{"taxonomy":"category","embeddable":true,"href":"https:\/\/www.celttv.com.ar\/index.php\/wp-json\/wp\/v2\/categories?post=25242"},{"taxonomy":"post_tag","embeddable":true,"href":"https:\/\/www.celttv.com.ar\/index.php\/wp-json\/wp\/v2\/tags?post=25242"}],"curies":[{"name":"wp","href":"https:\/\/api.w.org\/{rel}","templated":true}]}}