{"id":25290,"date":"2014-11-22T15:22:04","date_gmt":"2014-11-22T15:22:04","guid":{"rendered":"http:\/\/www.tvcnoticias.com.ar\/?p=25290"},"modified":"2014-11-22T15:22:04","modified_gmt":"2014-11-22T15:22:04","slug":"el-intendente-reconocio-a-las-gimnastas-carolina-rodriguez-y-giuliana-caporicci","status":"publish","type":"post","link":"https:\/\/www.celttv.com.ar\/index.php\/2014\/11\/22\/el-intendente-reconocio-a-las-gimnastas-carolina-rodriguez-y-giuliana-caporicci\/","title":{"rendered":"EL INTENDENTE RECONOCIO A LAS GIMNASTAS CAROLINA RODRIGUEZ Y GIULIANA CAPORICCI"},"content":{"rendered":"<p><a rel=\"attachment wp-att-25291\" href=\"http:\/\/www.tvcnoticias.com.ar\/?attachment_id=25291\"><img loading=\"lazy\" decoding=\"async\" class=\"aligncenter size-medium wp-image-25291\" title=\"DSCN9041 (1024x768) (Medium)\" src=\"http:\/\/www.tvcnoticias.com.ar\/wp-content\/uploads\/2014\/11\/DSCN9041-1024x768-Medium-450x337.jpg\" alt=\"\" width=\"450\" height=\"337\" \/><\/a>El intendente municipal, licenciado Gustavo Trankels, reconoci\u00f3 a las gimnastas Giuliana Caporicci y Carolina Rodr\u00edguez, y al entrenador Gustavo Graff, por la sobresaliente actuaci\u00f3n que ambas cumplieron en el Torneo Nacional de Nivel C2, que se disput\u00f3 en el Centro de Alto Rendimiento de la localidad de Yerba Buena, en la provincia de Tucum\u00e1n.<br \/>\nEl jefe comunal recibi\u00f3 a los mencionados en su despacho del Palacio Municipal y les entreg\u00f3 un presente que recuerda el paso de los representantes del Centro Gimn\u00e1stico Tornquist y la Direcci\u00f3n de Deportes comunal por el trascendente certamen.<br \/>\nDurante el encuentro, Trankels felicit\u00f3 a las gimnastas y su entrenador por los logros obtenidos durante los \u00faltimos a\u00f1os, el esfuerzo que realizan diariamente para prepararse de la mejor manera para competir en los torneo y la excelente manera de representar a todos los tornquistenses.<br \/>\n\u201cPara nuestra gesti\u00f3n de gobierno municipal es un orgullo y una alegr\u00eda apoyar el desarrollo deportivo y personal de los j\u00f3venes de nuestro distrito. Apostando al deporte estamos apostando a la formaci\u00f3n y el futuro de los chicos\u201d, reflexion\u00f3.<br \/>\n\u201cQuiero felicitar a Giuliana y Carolina por el desempe\u00f1o que tuvieron en el certamen nacional, a Gustavo Graff por ser el gu\u00eda en el trabajo diario, a los familiares de todos ellos y a quienes de una u otra manera colaboraron para que este sue\u00f1o pudiera ser posible\u201d, a\u00f1adi\u00f3.<br \/>\nVale recordar que Caporicci se consagr\u00f3 campeona en la disciplina paralela de la categor\u00eda Juvenil del mencionado campeonato, adem\u00e1s de finalizar sexta en viga y segunda en la competencia por equipos, representando a la Provincia de Buenos Aires.<br \/>\nCarolina Rodr\u00edguez, en tanto, se ubic\u00f3 18\u00b0 en la competencia individual de la categor\u00eda Mayor, adem\u00e1s de 16\u00b0 en paralela, 13\u00b0 en viga y 20\u00b0 en suelo.<br \/>\n&nbsp;<\/p>\n","protected":false},"excerpt":{"rendered":"<p>El intendente municipal, licenciado Gustavo Trankels, reconoci\u00f3 a las gimnastas Giuliana Caporicci y Carolina Rodr\u00edguez, y al entrenador Gustavo Graff, por la sobresaliente actuaci\u00f3n que ambas cumplieron en el Torneo Nacional de Nivel C2, que se disput\u00f3 en el Centro de Alto Rendimiento de la localidad de Yerba Buena, en la provincia de Tucum\u00e1n. El [&hellip;]<\/p>\n","protected":false},"author":1,"featured_media":0,"comment_status":"closed","ping_status":"open","sticky":false,"template":"","format":"standard","meta":{"footnotes":""},"categories":[60,52,53],"tags":[],"class_list":["post-25290","post","type-post","status-publish","format-standard","hentry","category-deporte","category-destacadas","category-politica"],"yoast_head":"<!-- This site is optimized with the Yoast SEO plugin v19.7.1 - https:\/\/yoast.com\/wordpress\/plugins\/seo\/ -->\n<title>EL INTENDENTE RECONOCIO A LAS GIMNASTAS CAROLINA RODRIGUEZ Y GIULIANA CAPORICCI - CELTTV<\/title>\n<meta name=\"description\" content=\"Sitio web de noticias de la localidad de Tornquist, provincia de Buenos Aires, Rep\u00fablica Argentina. Contenido propio originado por periodistas de CELTTV, el canal de TV local de la Cooperativa El\u00e9ctrica de Tornquist. Turismo, Pol\u00edtica, Sociedad, Deporte, Cultura y todo el contenido de inter\u00e9s general que la gente del pueblo y la regi\u00f3n debe conocer.\" \/>\n<meta name=\"robots\" content=\"index, follow, max-snippet:-1, max-image-preview:large, max-video-preview:-1\" \/>\n<link rel=\"canonical\" href=\"https:\/\/www.celttv.com.ar\/index.php\/2014\/11\/22\/el-intendente-reconocio-a-las-gimnastas-carolina-rodriguez-y-giuliana-caporicci\/\" \/>\n<meta property=\"og:locale\" content=\"es_ES\" \/>\n<meta property=\"og:type\" content=\"article\" \/>\n<meta property=\"og:title\" content=\"EL INTENDENTE RECONOCIO A LAS GIMNASTAS CAROLINA RODRIGUEZ Y GIULIANA CAPORICCI - CELTTV\" \/>\n<meta property=\"og:description\" content=\"Sitio web de noticias de la localidad de Tornquist, provincia de Buenos Aires, Rep\u00fablica Argentina. Contenido propio originado por periodistas de CELTTV, el canal de TV local de la Cooperativa El\u00e9ctrica de Tornquist. Turismo, Pol\u00edtica, Sociedad, Deporte, Cultura y todo el contenido de inter\u00e9s general que la gente del pueblo y la regi\u00f3n debe conocer.\" \/>\n<meta property=\"og:url\" content=\"https:\/\/www.celttv.com.ar\/index.php\/2014\/11\/22\/el-intendente-reconocio-a-las-gimnastas-carolina-rodriguez-y-giuliana-caporicci\/\" \/>\n<meta property=\"og:site_name\" content=\"CELTTV\" \/>\n<meta property=\"article:publisher\" content=\"https:\/\/www.facebook.com\/celtTV\/\" \/>\n<meta property=\"article:published_time\" content=\"2014-11-22T15:22:04+00:00\" \/>\n<meta property=\"og:image\" content=\"http:\/\/www.tvcnoticias.com.ar\/wp-content\/uploads\/2014\/11\/DSCN9041-1024x768-Medium-450x337.jpg\" \/>\n<meta name=\"author\" content=\"ulises\" \/>\n<meta name=\"twitter:card\" content=\"summary_large_image\" \/>\n<meta name=\"twitter:label1\" content=\"Escrito por\" \/>\n\t<meta name=\"twitter:data1\" content=\"ulises\" \/>\n\t<meta name=\"twitter:label2\" content=\"Tiempo de lectura\" \/>\n\t<meta name=\"twitter:data2\" content=\"2 minutos\" \/>\n<script type=\"application\/ld+json\" class=\"yoast-schema-graph\">{\"@context\":\"https:\/\/schema.org\",\"@graph\":[{\"@type\":\"NewsArticle\",\"@id\":\"https:\/\/www.celttv.com.ar\/index.php\/2014\/11\/22\/el-intendente-reconocio-a-las-gimnastas-carolina-rodriguez-y-giuliana-caporicci\/#article\",\"isPartOf\":{\"@id\":\"https:\/\/www.celttv.com.ar\/index.php\/2014\/11\/22\/el-intendente-reconocio-a-las-gimnastas-carolina-rodriguez-y-giuliana-caporicci\/\"},\"author\":{\"name\":\"ulises\",\"@id\":\"https:\/\/www.celttv.com.ar\/#\/schema\/person\/6d99c072dba59953809c81446e9d0ace\"},\"headline\":\"EL INTENDENTE RECONOCIO A LAS GIMNASTAS CAROLINA RODRIGUEZ Y GIULIANA CAPORICCI\",\"datePublished\":\"2014-11-22T15:22:04+00:00\",\"dateModified\":\"2014-11-22T15:22:04+00:00\",\"mainEntityOfPage\":{\"@id\":\"https:\/\/www.celttv.com.ar\/index.php\/2014\/11\/22\/el-intendente-reconocio-a-las-gimnastas-carolina-rodriguez-y-giuliana-caporicci\/\"},\"wordCount\":318,\"publisher\":{\"@id\":\"https:\/\/www.celttv.com.ar\/#organization\"},\"articleSection\":[\"Deporte\",\"Destacadas\",\"Pol\u00edtica\"],\"inLanguage\":\"es\"},{\"@type\":\"WebPage\",\"@id\":\"https:\/\/www.celttv.com.ar\/index.php\/2014\/11\/22\/el-intendente-reconocio-a-las-gimnastas-carolina-rodriguez-y-giuliana-caporicci\/\",\"url\":\"https:\/\/www.celttv.com.ar\/index.php\/2014\/11\/22\/el-intendente-reconocio-a-las-gimnastas-carolina-rodriguez-y-giuliana-caporicci\/\",\"name\":\"EL INTENDENTE RECONOCIO A LAS GIMNASTAS CAROLINA RODRIGUEZ Y GIULIANA CAPORICCI - CELTTV\",\"isPartOf\":{\"@id\":\"https:\/\/www.celttv.com.ar\/#website\"},\"datePublished\":\"2014-11-22T15:22:04+00:00\",\"dateModified\":\"2014-11-22T15:22:04+00:00\",\"description\":\"Sitio web de noticias de la localidad de Tornquist, provincia de Buenos Aires, Rep\u00fablica Argentina. Contenido propio originado por periodistas de CELTTV, el canal de TV local de la Cooperativa El\u00e9ctrica de Tornquist. Turismo, Pol\u00edtica, Sociedad, Deporte, Cultura y todo el contenido de inter\u00e9s general que la gente del pueblo y la regi\u00f3n debe conocer.\",\"breadcrumb\":{\"@id\":\"https:\/\/www.celttv.com.ar\/index.php\/2014\/11\/22\/el-intendente-reconocio-a-las-gimnastas-carolina-rodriguez-y-giuliana-caporicci\/#breadcrumb\"},\"inLanguage\":\"es\",\"potentialAction\":[{\"@type\":\"ReadAction\",\"target\":[\"https:\/\/www.celttv.com.ar\/index.php\/2014\/11\/22\/el-intendente-reconocio-a-las-gimnastas-carolina-rodriguez-y-giuliana-caporicci\/\"]}]},{\"@type\":\"BreadcrumbList\",\"@id\":\"https:\/\/www.celttv.com.ar\/index.php\/2014\/11\/22\/el-intendente-reconocio-a-las-gimnastas-carolina-rodriguez-y-giuliana-caporicci\/#breadcrumb\",\"itemListElement\":[{\"@type\":\"ListItem\",\"position\":1,\"name\":\"Inicio\",\"item\":\"https:\/\/www.celttv.com.ar\/\"},{\"@type\":\"ListItem\",\"position\":2,\"name\":\"EL INTENDENTE RECONOCIO A LAS GIMNASTAS CAROLINA RODRIGUEZ Y GIULIANA CAPORICCI\"}]},{\"@type\":\"WebSite\",\"@id\":\"https:\/\/www.celttv.com.ar\/#website\",\"url\":\"https:\/\/www.celttv.com.ar\/\",\"name\":\"CELTTV\",\"description\":\"Cooperativa El\u00e9ctrica de Tornquist\",\"publisher\":{\"@id\":\"https:\/\/www.celttv.com.ar\/#organization\"},\"potentialAction\":[{\"@type\":\"SearchAction\",\"target\":{\"@type\":\"EntryPoint\",\"urlTemplate\":\"https:\/\/www.celttv.com.ar\/?s={search_term_string}\"},\"query-input\":\"required name=search_term_string\"}],\"inLanguage\":\"es\"},{\"@type\":\"Organization\",\"@id\":\"https:\/\/www.celttv.com.ar\/#organization\",\"name\":\"CELTTV\",\"url\":\"https:\/\/www.celttv.com.ar\/\",\"sameAs\":[\"https:\/\/www.youtube.com\/channel\/UCz_oIt8Hig64Ub-EmcNPIhg\",\"https:\/\/www.facebook.com\/celtTV\/\"],\"logo\":{\"@type\":\"ImageObject\",\"inLanguage\":\"es\",\"@id\":\"https:\/\/www.celttv.com.ar\/#\/schema\/logo\/image\/\",\"url\":\"http:\/\/www.celttv.com.ar\/wp-content\/uploads\/2022\/08\/logo-1.png\",\"contentUrl\":\"http:\/\/www.celttv.com.ar\/wp-content\/uploads\/2022\/08\/logo-1.png\",\"width\":461,\"height\":159,\"caption\":\"CELTTV\"},\"image\":{\"@id\":\"https:\/\/www.celttv.com.ar\/#\/schema\/logo\/image\/\"}},{\"@type\":\"Person\",\"@id\":\"https:\/\/www.celttv.com.ar\/#\/schema\/person\/6d99c072dba59953809c81446e9d0ace\",\"name\":\"ulises\",\"image\":{\"@type\":\"ImageObject\",\"inLanguage\":\"es\",\"@id\":\"https:\/\/www.celttv.com.ar\/#\/schema\/person\/image\/\",\"url\":\"https:\/\/secure.gravatar.com\/avatar\/7f2c48bdc33b30088f941fb6082e555f2874c98e20cb159d7b92b50eadfce793?s=96&d=mm&r=g\",\"contentUrl\":\"https:\/\/secure.gravatar.com\/avatar\/7f2c48bdc33b30088f941fb6082e555f2874c98e20cb159d7b92b50eadfce793?s=96&d=mm&r=g\",\"caption\":\"ulises\"},\"sameAs\":[\"http:\/\/www.celttv.com.ar\"]}]}<\/script>\n<!-- \/ Yoast SEO plugin. -->","yoast_head_json":{"title":"EL INTENDENTE RECONOCIO A LAS GIMNASTAS CAROLINA RODRIGUEZ Y GIULIANA CAPORICCI - CELTTV","description":"Sitio web de noticias de la localidad de Tornquist, provincia de Buenos Aires, Rep\u00fablica Argentina. Contenido propio originado por periodistas de CELTTV, el canal de TV local de la Cooperativa El\u00e9ctrica de Tornquist. Turismo, Pol\u00edtica, Sociedad, Deporte, Cultura y todo el contenido de inter\u00e9s general que la gente del pueblo y la regi\u00f3n debe conocer.","robots":{"index":"index","follow":"follow","max-snippet":"max-snippet:-1","max-image-preview":"max-image-preview:large","max-video-preview":"max-video-preview:-1"},"canonical":"https:\/\/www.celttv.com.ar\/index.php\/2014\/11\/22\/el-intendente-reconocio-a-las-gimnastas-carolina-rodriguez-y-giuliana-caporicci\/","og_locale":"es_ES","og_type":"article","og_title":"EL INTENDENTE RECONOCIO A LAS GIMNASTAS CAROLINA RODRIGUEZ Y GIULIANA CAPORICCI - CELTTV","og_description":"Sitio web de noticias de la localidad de Tornquist, provincia de Buenos Aires, Rep\u00fablica Argentina. Contenido propio originado por periodistas de CELTTV, el canal de TV local de la Cooperativa El\u00e9ctrica de Tornquist. Turismo, Pol\u00edtica, Sociedad, Deporte, Cultura y todo el contenido de inter\u00e9s general que la gente del pueblo y la regi\u00f3n debe conocer.","og_url":"https:\/\/www.celttv.com.ar\/index.php\/2014\/11\/22\/el-intendente-reconocio-a-las-gimnastas-carolina-rodriguez-y-giuliana-caporicci\/","og_site_name":"CELTTV","article_publisher":"https:\/\/www.facebook.com\/celtTV\/","article_published_time":"2014-11-22T15:22:04+00:00","og_image":[{"url":"http:\/\/www.tvcnoticias.com.ar\/wp-content\/uploads\/2014\/11\/DSCN9041-1024x768-Medium-450x337.jpg"}],"author":"ulises","twitter_card":"summary_large_image","twitter_misc":{"Escrito por":"ulises","Tiempo de lectura":"2 minutos"},"schema":{"@context":"https:\/\/schema.org","@graph":[{"@type":"NewsArticle","@id":"https:\/\/www.celttv.com.ar\/index.php\/2014\/11\/22\/el-intendente-reconocio-a-las-gimnastas-carolina-rodriguez-y-giuliana-caporicci\/#article","isPartOf":{"@id":"https:\/\/www.celttv.com.ar\/index.php\/2014\/11\/22\/el-intendente-reconocio-a-las-gimnastas-carolina-rodriguez-y-giuliana-caporicci\/"},"author":{"name":"ulises","@id":"https:\/\/www.celttv.com.ar\/#\/schema\/person\/6d99c072dba59953809c81446e9d0ace"},"headline":"EL INTENDENTE RECONOCIO A LAS GIMNASTAS CAROLINA RODRIGUEZ Y GIULIANA CAPORICCI","datePublished":"2014-11-22T15:22:04+00:00","dateModified":"2014-11-22T15:22:04+00:00","mainEntityOfPage":{"@id":"https:\/\/www.celttv.com.ar\/index.php\/2014\/11\/22\/el-intendente-reconocio-a-las-gimnastas-carolina-rodriguez-y-giuliana-caporicci\/"},"wordCount":318,"publisher":{"@id":"https:\/\/www.celttv.com.ar\/#organization"},"articleSection":["Deporte","Destacadas","Pol\u00edtica"],"inLanguage":"es"},{"@type":"WebPage","@id":"https:\/\/www.celttv.com.ar\/index.php\/2014\/11\/22\/el-intendente-reconocio-a-las-gimnastas-carolina-rodriguez-y-giuliana-caporicci\/","url":"https:\/\/www.celttv.com.ar\/index.php\/2014\/11\/22\/el-intendente-reconocio-a-las-gimnastas-carolina-rodriguez-y-giuliana-caporicci\/","name":"EL INTENDENTE RECONOCIO A LAS GIMNASTAS CAROLINA RODRIGUEZ Y GIULIANA CAPORICCI - CELTTV","isPartOf":{"@id":"https:\/\/www.celttv.com.ar\/#website"},"datePublished":"2014-11-22T15:22:04+00:00","dateModified":"2014-11-22T15:22:04+00:00","description":"Sitio web de noticias de la localidad de Tornquist, provincia de Buenos Aires, Rep\u00fablica Argentina. Contenido propio originado por periodistas de CELTTV, el canal de TV local de la Cooperativa El\u00e9ctrica de Tornquist. Turismo, Pol\u00edtica, Sociedad, Deporte, Cultura y todo el contenido de inter\u00e9s general que la gente del pueblo y la regi\u00f3n debe conocer.","breadcrumb":{"@id":"https:\/\/www.celttv.com.ar\/index.php\/2014\/11\/22\/el-intendente-reconocio-a-las-gimnastas-carolina-rodriguez-y-giuliana-caporicci\/#breadcrumb"},"inLanguage":"es","potentialAction":[{"@type":"ReadAction","target":["https:\/\/www.celttv.com.ar\/index.php\/2014\/11\/22\/el-intendente-reconocio-a-las-gimnastas-carolina-rodriguez-y-giuliana-caporicci\/"]}]},{"@type":"BreadcrumbList","@id":"https:\/\/www.celttv.com.ar\/index.php\/2014\/11\/22\/el-intendente-reconocio-a-las-gimnastas-carolina-rodriguez-y-giuliana-caporicci\/#breadcrumb","itemListElement":[{"@type":"ListItem","position":1,"name":"Inicio","item":"https:\/\/www.celttv.com.ar\/"},{"@type":"ListItem","position":2,"name":"EL INTENDENTE RECONOCIO A LAS GIMNASTAS CAROLINA RODRIGUEZ Y GIULIANA CAPORICCI"}]},{"@type":"WebSite","@id":"https:\/\/www.celttv.com.ar\/#website","url":"https:\/\/www.celttv.com.ar\/","name":"CELTTV","description":"Cooperativa El\u00e9ctrica de Tornquist","publisher":{"@id":"https:\/\/www.celttv.com.ar\/#organization"},"potentialAction":[{"@type":"SearchAction","target":{"@type":"EntryPoint","urlTemplate":"https:\/\/www.celttv.com.ar\/?s={search_term_string}"},"query-input":"required name=search_term_string"}],"inLanguage":"es"},{"@type":"Organization","@id":"https:\/\/www.celttv.com.ar\/#organization","name":"CELTTV","url":"https:\/\/www.celttv.com.ar\/","sameAs":["https:\/\/www.youtube.com\/channel\/UCz_oIt8Hig64Ub-EmcNPIhg","https:\/\/www.facebook.com\/celtTV\/"],"logo":{"@type":"ImageObject","inLanguage":"es","@id":"https:\/\/www.celttv.com.ar\/#\/schema\/logo\/image\/","url":"http:\/\/www.celttv.com.ar\/wp-content\/uploads\/2022\/08\/logo-1.png","contentUrl":"http:\/\/www.celttv.com.ar\/wp-content\/uploads\/2022\/08\/logo-1.png","width":461,"height":159,"caption":"CELTTV"},"image":{"@id":"https:\/\/www.celttv.com.ar\/#\/schema\/logo\/image\/"}},{"@type":"Person","@id":"https:\/\/www.celttv.com.ar\/#\/schema\/person\/6d99c072dba59953809c81446e9d0ace","name":"ulises","image":{"@type":"ImageObject","inLanguage":"es","@id":"https:\/\/www.celttv.com.ar\/#\/schema\/person\/image\/","url":"https:\/\/secure.gravatar.com\/avatar\/7f2c48bdc33b30088f941fb6082e555f2874c98e20cb159d7b92b50eadfce793?s=96&d=mm&r=g","contentUrl":"https:\/\/secure.gravatar.com\/avatar\/7f2c48bdc33b30088f941fb6082e555f2874c98e20cb159d7b92b50eadfce793?s=96&d=mm&r=g","caption":"ulises"},"sameAs":["http:\/\/www.celttv.com.ar"]}]}},"_links":{"self":[{"href":"https:\/\/www.celttv.com.ar\/index.php\/wp-json\/wp\/v2\/posts\/25290","targetHints":{"allow":["GET"]}}],"collection":[{"href":"https:\/\/www.celttv.com.ar\/index.php\/wp-json\/wp\/v2\/posts"}],"about":[{"href":"https:\/\/www.celttv.com.ar\/index.php\/wp-json\/wp\/v2\/types\/post"}],"author":[{"embeddable":true,"href":"https:\/\/www.celttv.com.ar\/index.php\/wp-json\/wp\/v2\/users\/1"}],"replies":[{"embeddable":true,"href":"https:\/\/www.celttv.com.ar\/index.php\/wp-json\/wp\/v2\/comments?post=25290"}],"version-history":[{"count":0,"href":"https:\/\/www.celttv.com.ar\/index.php\/wp-json\/wp\/v2\/posts\/25290\/revisions"}],"wp:attachment":[{"href":"https:\/\/www.celttv.com.ar\/index.php\/wp-json\/wp\/v2\/media?parent=25290"}],"wp:term":[{"taxonomy":"category","embeddable":true,"href":"https:\/\/www.celttv.com.ar\/index.php\/wp-json\/wp\/v2\/categories?post=25290"},{"taxonomy":"post_tag","embeddable":true,"href":"https:\/\/www.celttv.com.ar\/index.php\/wp-json\/wp\/v2\/tags?post=25290"}],"curies":[{"name":"wp","href":"https:\/\/api.w.org\/{rel}","templated":true}]}}